{"id":51588,"date":"2017-08-29T20:38:09","date_gmt":"2017-08-29T17:38:09","guid":{"rendered":"https:\/\/urbeamea.ro\/albaiulia\/?p=51588"},"modified":"2017-08-29T22:57:53","modified_gmt":"2017-08-29T19:57:53","slug":"cultura-de-cannabis-descoperita-de-politisti","status":"publish","type":"post","link":"https:\/\/urbeamea.ro\/albaiulia\/cultura-de-cannabis-descoperita-de-politisti\/","title":{"rendered":"Cultur\u0103 de cannabis, descoperit\u0103 de poli\u021bisti"},"content":{"rendered":"<h4>Poli\u021bi\u0219tii specializa\u021bi \u00een combaterea criminalit\u0103\u021bii organizate din Teleorman \u0219i cei de la Direc\u021bia Opera\u021biuni Speciale, sub coordonarea procurorilor D.I.I.C.O.T., au ridicat 71 de plante de cannabis, cultivate \u00een ghivece. Un b\u0103rbat, de 34 de ani, din Bucure\u0219ti, a fost re\u021binut.<\/h4>\n<p>La data de 18 august a.c., poli\u021bi\u0219tii Serviciului de Combatere a Criminalit\u0103\u021bii Organizate Teleorman \u0219i ai Direc\u021bia Opera\u021biuni Speciale a Poli\u021biei Rom\u00e2ne, sub coordonarea procurorilor D.I.I.C.O.T. \u2013 B.T. Teleorman, au efectuat o perchezi\u021bie domiciliar\u0103 la locuin\u021ba unei femei, de 83 de ani, din comuna Cervenia, jude\u021bul Teleorman.<\/p>\n<p>Din cercet\u0103ri a reie\u0219it c\u0103, \u00een cursul lunii mai a.c., un b\u0103rbat, de 34 de ani, ar fi achizi\u021bionat semin\u021be de cannabis, pe care le-ar fi cultivat, f\u0103r\u0103 drept, la locuin\u021ba bunicii sale din comuna Cervenia, jude\u021bul Teleorman.<\/p>\n<p>\u00cen urma perchezi\u021biei ar fi fost descoperit\u0103 o cultur\u0103 outdoor de cannabis, cu 71 de plante, aflate \u00een diferite stadii de dezvoltare.<\/p>\n<p>Cercet\u0103rile sunt continuate \u00een cauz\u0103 pentru documentarea \u00eentregii activit\u0103\u021bi infrac\u021bionale.<\/p>\n<p>&nbsp;<\/p>\n","protected":false},"excerpt":{"rendered":"<p>Poli\u021bi\u0219tii specializa\u021bi \u00een combaterea criminalit\u0103\u021bii organizate din Teleorman \u0219i cei de la Direc\u021bia Opera\u021biuni Speciale, sub coordonarea procurorilor D.I.I.C.O.T., au ridicat 71 de plante de cannabis, cultivate \u00een ghivece. Un b\u0103rbat, de 34 de ani, din Bucure\u0219ti, a fost re\u021binut. La data de 18 august a.c., poli\u021bi\u0219tii Serviciului de Combatere a Criminalit\u0103\u021bii Organizate Teleorman \u0219i &hellip;<\/p>\n","protected":false},"author":24,"featured_media":51589,"comment_status":"open","ping_status":"open","sticky":false,"template":"","format":"standard","meta":{"inline_featured_image":false,"footnotes":""},"categories":[1],"tags":[12279,12281,12280,3767],"class_list":["post-51588","post","type-post","status-publish","format-standard","has-post-thumbnail","hentry","category-stiri-urbane","tag-canabis","tag-combaterea-criminalitatii-organizate","tag-perchezitie","tag-plante"],"yoast_head":"<!-- This site is optimized with the Yoast SEO plugin v27.4 - https:\/\/yoast.com\/product\/yoast-seo-wordpress\/ -->\n<title>Cultur\u0103 de cannabis, descoperit\u0103 de poli\u021bisti - Revista Urbea Mea - Revista de Alba<\/title>\n<meta name=\"description\" content=\"Poli\u021bi\u0219tii specializa\u021bi \u00een combaterea criminalit\u0103\u021bii organizate din Teleorman \u0219i cei de la Direc\u021bia Opera\u021biuni Speciale, sub coordonarea procurorilor\" \/>\n<meta name=\"robots\" content=\"index, follow, max-snippet:-1, max-image-preview:large, max-video-preview:-1\" \/>\n<link rel=\"canonical\" href=\"https:\/\/urbeamea.ro\/albaiulia\/cultura-de-cannabis-descoperita-de-politisti\/\" \/>\n<meta name=\"twitter:card\" content=\"summary_large_image\" \/>\n<meta name=\"twitter:title\" content=\"Cultur\u0103 de cannabis, descoperit\u0103 de poli\u021bisti - Revista Urbea Mea - Revista de Alba\" \/>\n<meta name=\"twitter:description\" content=\"Poli\u021bi\u0219tii specializa\u021bi \u00een combaterea criminalit\u0103\u021bii organizate din Teleorman \u0219i cei de la Direc\u021bia Opera\u021biuni Speciale, sub coordonarea procurorilor\" \/>\n<meta name=\"twitter:image\" content=\"https:\/\/urbeamea.ro\/albaiulia\/wp-content\/uploads\/2017\/08\/10846582_691185900996949_1553040762_n.jpg\" \/>\n<meta name=\"twitter:creator\" content=\"@urbeameaweb\" \/>\n<meta name=\"twitter:site\" content=\"@urbeameaweb\" \/>\n<script type=\"application\/ld+json\" class=\"yoast-schema-graph\">{\"@context\":\"https:\\\/\\\/schema.org\",\"@graph\":[{\"@type\":\"Article\",\"@id\":\"https:\\\/\\\/urbeamea.ro\\\/albaiulia\\\/cultura-de-cannabis-descoperita-de-politisti\\\/#article\",\"isPartOf\":{\"@id\":\"https:\\\/\\\/urbeamea.ro\\\/albaiulia\\\/cultura-de-cannabis-descoperita-de-politisti\\\/\"},\"author\":{\"name\":\"Berbece Ioana\",\"@id\":\"https:\\\/\\\/urbeamea.ro\\\/albaiulia\\\/#\\\/schema\\\/person\\\/082dc8da34e18378740990d31e301abe\"},\"headline\":\"Cultur\u0103 de cannabis, descoperit\u0103 de poli\u021bisti\",\"datePublished\":\"2017-08-29T17:38:09+00:00\",\"dateModified\":\"2017-08-29T19:57:53+00:00\",\"mainEntityOfPage\":{\"@id\":\"https:\\\/\\\/urbeamea.ro\\\/albaiulia\\\/cultura-de-cannabis-descoperita-de-politisti\\\/\"},\"wordCount\":202,\"commentCount\":0,\"image\":{\"@id\":\"https:\\\/\\\/urbeamea.ro\\\/albaiulia\\\/cultura-de-cannabis-descoperita-de-politisti\\\/#primaryimage\"},\"thumbnailUrl\":\"https:\\\/\\\/urbeamea.ro\\\/albaiulia\\\/wp-content\\\/uploads\\\/2017\\\/08\\\/10846582_691185900996949_1553040762_n.jpg\",\"keywords\":[\"canabis\",\"combaterea criminalit\u0103\u021bii organizate\",\"perchezitie\",\"plante\"],\"articleSection\":[\"\u015etiri Urbane\"],\"inLanguage\":\"ro-RO\",\"potentialAction\":[{\"@type\":\"CommentAction\",\"name\":\"Comment\",\"target\":[\"https:\\\/\\\/urbeamea.ro\\\/albaiulia\\\/cultura-de-cannabis-descoperita-de-politisti\\\/#respond\"]}]},{\"@type\":\"WebPage\",\"@id\":\"https:\\\/\\\/urbeamea.ro\\\/albaiulia\\\/cultura-de-cannabis-descoperita-de-politisti\\\/\",\"url\":\"https:\\\/\\\/urbeamea.ro\\\/albaiulia\\\/cultura-de-cannabis-descoperita-de-politisti\\\/\",\"name\":\"Cultur\u0103 de cannabis, descoperit\u0103 de poli\u021bisti - Revista Urbea Mea - Revista de Alba\",\"isPartOf\":{\"@id\":\"https:\\\/\\\/urbeamea.ro\\\/albaiulia\\\/#website\"},\"primaryImageOfPage\":{\"@id\":\"https:\\\/\\\/urbeamea.ro\\\/albaiulia\\\/cultura-de-cannabis-descoperita-de-politisti\\\/#primaryimage\"},\"image\":{\"@id\":\"https:\\\/\\\/urbeamea.ro\\\/albaiulia\\\/cultura-de-cannabis-descoperita-de-politisti\\\/#primaryimage\"},\"thumbnailUrl\":\"https:\\\/\\\/urbeamea.ro\\\/albaiulia\\\/wp-content\\\/uploads\\\/2017\\\/08\\\/10846582_691185900996949_1553040762_n.jpg\",\"datePublished\":\"2017-08-29T17:38:09+00:00\",\"dateModified\":\"2017-08-29T19:57:53+00:00\",\"author\":{\"@id\":\"https:\\\/\\\/urbeamea.ro\\\/albaiulia\\\/#\\\/schema\\\/person\\\/082dc8da34e18378740990d31e301abe\"},\"description\":\"Poli\u021bi\u0219tii specializa\u021bi \u00een combaterea criminalit\u0103\u021bii organizate din Teleorman \u0219i cei de la Direc\u021bia Opera\u021biuni Speciale, sub coordonarea procurorilor\",\"breadcrumb\":{\"@id\":\"https:\\\/\\\/urbeamea.ro\\\/albaiulia\\\/cultura-de-cannabis-descoperita-de-politisti\\\/#breadcrumb\"},\"inLanguage\":\"ro-RO\",\"potentialAction\":[{\"@type\":\"ReadAction\",\"target\":[\"https:\\\/\\\/urbeamea.ro\\\/albaiulia\\\/cultura-de-cannabis-descoperita-de-politisti\\\/\"]}]},{\"@type\":\"ImageObject\",\"inLanguage\":\"ro-RO\",\"@id\":\"https:\\\/\\\/urbeamea.ro\\\/albaiulia\\\/cultura-de-cannabis-descoperita-de-politisti\\\/#primaryimage\",\"url\":\"https:\\\/\\\/urbeamea.ro\\\/albaiulia\\\/wp-content\\\/uploads\\\/2017\\\/08\\\/10846582_691185900996949_1553040762_n.jpg\",\"contentUrl\":\"https:\\\/\\\/urbeamea.ro\\\/albaiulia\\\/wp-content\\\/uploads\\\/2017\\\/08\\\/10846582_691185900996949_1553040762_n.jpg\",\"width\":600,\"height\":450},{\"@type\":\"BreadcrumbList\",\"@id\":\"https:\\\/\\\/urbeamea.ro\\\/albaiulia\\\/cultura-de-cannabis-descoperita-de-politisti\\\/#breadcrumb\",\"itemListElement\":[{\"@type\":\"ListItem\",\"position\":1,\"name\":\"Prima pagin\u0103\",\"item\":\"https:\\\/\\\/urbeamea.ro\\\/albaiulia\\\/\"},{\"@type\":\"ListItem\",\"position\":2,\"name\":\"Cultur\u0103 de cannabis, descoperit\u0103 de poli\u021bisti\"}]},{\"@type\":\"WebSite\",\"@id\":\"https:\\\/\\\/urbeamea.ro\\\/albaiulia\\\/#website\",\"url\":\"https:\\\/\\\/urbeamea.ro\\\/albaiulia\\\/\",\"name\":\"Revista Urbea Mea, Stiri urbane\",\"description\":\"Evenimente \u0219i \u0219tiri din Alba Iulia, Sebe\u0219, Aiud, Blaj\",\"potentialAction\":[{\"@type\":\"SearchAction\",\"target\":{\"@type\":\"EntryPoint\",\"urlTemplate\":\"https:\\\/\\\/urbeamea.ro\\\/albaiulia\\\/?s={search_term_string}\"},\"query-input\":{\"@type\":\"PropertyValueSpecification\",\"valueRequired\":true,\"valueName\":\"search_term_string\"}}],\"inLanguage\":\"ro-RO\"},{\"@type\":\"Person\",\"@id\":\"https:\\\/\\\/urbeamea.ro\\\/albaiulia\\\/#\\\/schema\\\/person\\\/082dc8da34e18378740990d31e301abe\",\"name\":\"Berbece Ioana\",\"image\":{\"@type\":\"ImageObject\",\"inLanguage\":\"ro-RO\",\"@id\":\"https:\\\/\\\/secure.gravatar.com\\\/avatar\\\/fda18f6878c9dadc74d6733dfd5b1d2c705d3bd86a588ba29ae2bbcff6ff283b?s=96&d=mm&r=g\",\"url\":\"https:\\\/\\\/secure.gravatar.com\\\/avatar\\\/fda18f6878c9dadc74d6733dfd5b1d2c705d3bd86a588ba29ae2bbcff6ff283b?s=96&d=mm&r=g\",\"contentUrl\":\"https:\\\/\\\/secure.gravatar.com\\\/avatar\\\/fda18f6878c9dadc74d6733dfd5b1d2c705d3bd86a588ba29ae2bbcff6ff283b?s=96&d=mm&r=g\",\"caption\":\"Berbece Ioana\"},\"url\":\"https:\\\/\\\/urbeamea.ro\\\/albaiulia\\\/author\\\/ioana-berbece\\\/\"}]}<\/script>\n<!-- \/ Yoast SEO plugin. -->","yoast_head_json":{"title":"Cultur\u0103 de cannabis, descoperit\u0103 de poli\u021bisti - Revista Urbea Mea - Revista de Alba","description":"Poli\u021bi\u0219tii specializa\u021bi \u00een combaterea criminalit\u0103\u021bii organizate din Teleorman \u0219i cei de la Direc\u021bia Opera\u021biuni Speciale, sub coordonarea procurorilor","robots":{"index":"index","follow":"follow","max-snippet":"max-snippet:-1","max-image-preview":"max-image-preview:large","max-video-preview":"max-video-preview:-1"},"canonical":"https:\/\/urbeamea.ro\/albaiulia\/cultura-de-cannabis-descoperita-de-politisti\/","twitter_card":"summary_large_image","twitter_title":"Cultur\u0103 de cannabis, descoperit\u0103 de poli\u021bisti - Revista Urbea Mea - Revista de Alba","twitter_description":"Poli\u021bi\u0219tii specializa\u021bi \u00een combaterea criminalit\u0103\u021bii organizate din Teleorman \u0219i cei de la Direc\u021bia Opera\u021biuni Speciale, sub coordonarea procurorilor","twitter_image":"https:\/\/urbeamea.ro\/albaiulia\/wp-content\/uploads\/2017\/08\/10846582_691185900996949_1553040762_n.jpg","twitter_creator":"@urbeameaweb","twitter_site":"@urbeameaweb","schema":{"@context":"https:\/\/schema.org","@graph":[{"@type":"Article","@id":"https:\/\/urbeamea.ro\/albaiulia\/cultura-de-cannabis-descoperita-de-politisti\/#article","isPartOf":{"@id":"https:\/\/urbeamea.ro\/albaiulia\/cultura-de-cannabis-descoperita-de-politisti\/"},"author":{"name":"Berbece Ioana","@id":"https:\/\/urbeamea.ro\/albaiulia\/#\/schema\/person\/082dc8da34e18378740990d31e301abe"},"headline":"Cultur\u0103 de cannabis, descoperit\u0103 de poli\u021bisti","datePublished":"2017-08-29T17:38:09+00:00","dateModified":"2017-08-29T19:57:53+00:00","mainEntityOfPage":{"@id":"https:\/\/urbeamea.ro\/albaiulia\/cultura-de-cannabis-descoperita-de-politisti\/"},"wordCount":202,"commentCount":0,"image":{"@id":"https:\/\/urbeamea.ro\/albaiulia\/cultura-de-cannabis-descoperita-de-politisti\/#primaryimage"},"thumbnailUrl":"https:\/\/urbeamea.ro\/albaiulia\/wp-content\/uploads\/2017\/08\/10846582_691185900996949_1553040762_n.jpg","keywords":["canabis","combaterea criminalit\u0103\u021bii organizate","perchezitie","plante"],"articleSection":["\u015etiri Urbane"],"inLanguage":"ro-RO","potentialAction":[{"@type":"CommentAction","name":"Comment","target":["https:\/\/urbeamea.ro\/albaiulia\/cultura-de-cannabis-descoperita-de-politisti\/#respond"]}]},{"@type":"WebPage","@id":"https:\/\/urbeamea.ro\/albaiulia\/cultura-de-cannabis-descoperita-de-politisti\/","url":"https:\/\/urbeamea.ro\/albaiulia\/cultura-de-cannabis-descoperita-de-politisti\/","name":"Cultur\u0103 de cannabis, descoperit\u0103 de poli\u021bisti - Revista Urbea Mea - Revista de Alba","isPartOf":{"@id":"https:\/\/urbeamea.ro\/albaiulia\/#website"},"primaryImageOfPage":{"@id":"https:\/\/urbeamea.ro\/albaiulia\/cultura-de-cannabis-descoperita-de-politisti\/#primaryimage"},"image":{"@id":"https:\/\/urbeamea.ro\/albaiulia\/cultura-de-cannabis-descoperita-de-politisti\/#primaryimage"},"thumbnailUrl":"https:\/\/urbeamea.ro\/albaiulia\/wp-content\/uploads\/2017\/08\/10846582_691185900996949_1553040762_n.jpg","datePublished":"2017-08-29T17:38:09+00:00","dateModified":"2017-08-29T19:57:53+00:00","author":{"@id":"https:\/\/urbeamea.ro\/albaiulia\/#\/schema\/person\/082dc8da34e18378740990d31e301abe"},"description":"Poli\u021bi\u0219tii specializa\u021bi \u00een combaterea criminalit\u0103\u021bii organizate din Teleorman \u0219i cei de la Direc\u021bia Opera\u021biuni Speciale, sub coordonarea procurorilor","breadcrumb":{"@id":"https:\/\/urbeamea.ro\/albaiulia\/cultura-de-cannabis-descoperita-de-politisti\/#breadcrumb"},"inLanguage":"ro-RO","potentialAction":[{"@type":"ReadAction","target":["https:\/\/urbeamea.ro\/albaiulia\/cultura-de-cannabis-descoperita-de-politisti\/"]}]},{"@type":"ImageObject","inLanguage":"ro-RO","@id":"https:\/\/urbeamea.ro\/albaiulia\/cultura-de-cannabis-descoperita-de-politisti\/#primaryimage","url":"https:\/\/urbeamea.ro\/albaiulia\/wp-content\/uploads\/2017\/08\/10846582_691185900996949_1553040762_n.jpg","contentUrl":"https:\/\/urbeamea.ro\/albaiulia\/wp-content\/uploads\/2017\/08\/10846582_691185900996949_1553040762_n.jpg","width":600,"height":450},{"@type":"BreadcrumbList","@id":"https:\/\/urbeamea.ro\/albaiulia\/cultura-de-cannabis-descoperita-de-politisti\/#breadcrumb","itemListElement":[{"@type":"ListItem","position":1,"name":"Prima pagin\u0103","item":"https:\/\/urbeamea.ro\/albaiulia\/"},{"@type":"ListItem","position":2,"name":"Cultur\u0103 de cannabis, descoperit\u0103 de poli\u021bisti"}]},{"@type":"WebSite","@id":"https:\/\/urbeamea.ro\/albaiulia\/#website","url":"https:\/\/urbeamea.ro\/albaiulia\/","name":"Revista Urbea Mea, Stiri urbane","description":"Evenimente \u0219i \u0219tiri din Alba Iulia, Sebe\u0219, Aiud, Blaj","potentialAction":[{"@type":"SearchAction","target":{"@type":"EntryPoint","urlTemplate":"https:\/\/urbeamea.ro\/albaiulia\/?s={search_term_string}"},"query-input":{"@type":"PropertyValueSpecification","valueRequired":true,"valueName":"search_term_string"}}],"inLanguage":"ro-RO"},{"@type":"Person","@id":"https:\/\/urbeamea.ro\/albaiulia\/#\/schema\/person\/082dc8da34e18378740990d31e301abe","name":"Berbece Ioana","image":{"@type":"ImageObject","inLanguage":"ro-RO","@id":"https:\/\/secure.gravatar.com\/avatar\/fda18f6878c9dadc74d6733dfd5b1d2c705d3bd86a588ba29ae2bbcff6ff283b?s=96&d=mm&r=g","url":"https:\/\/secure.gravatar.com\/avatar\/fda18f6878c9dadc74d6733dfd5b1d2c705d3bd86a588ba29ae2bbcff6ff283b?s=96&d=mm&r=g","contentUrl":"https:\/\/secure.gravatar.com\/avatar\/fda18f6878c9dadc74d6733dfd5b1d2c705d3bd86a588ba29ae2bbcff6ff283b?s=96&d=mm&r=g","caption":"Berbece Ioana"},"url":"https:\/\/urbeamea.ro\/albaiulia\/author\/ioana-berbece\/"}]}},"_links":{"self":[{"href":"https:\/\/urbeamea.ro\/albaiulia\/wp-json\/wp\/v2\/posts\/51588","targetHints":{"allow":["GET"]}}],"collection":[{"href":"https:\/\/urbeamea.ro\/albaiulia\/wp-json\/wp\/v2\/posts"}],"about":[{"href":"https:\/\/urbeamea.ro\/albaiulia\/wp-json\/wp\/v2\/types\/post"}],"author":[{"embeddable":true,"href":"https:\/\/urbeamea.ro\/albaiulia\/wp-json\/wp\/v2\/users\/24"}],"replies":[{"embeddable":true,"href":"https:\/\/urbeamea.ro\/albaiulia\/wp-json\/wp\/v2\/comments?post=51588"}],"version-history":[{"count":0,"href":"https:\/\/urbeamea.ro\/albaiulia\/wp-json\/wp\/v2\/posts\/51588\/revisions"}],"wp:featuredmedia":[{"embeddable":true,"href":"https:\/\/urbeamea.ro\/albaiulia\/wp-json\/wp\/v2\/media\/51589"}],"wp:attachment":[{"href":"https:\/\/urbeamea.ro\/albaiulia\/wp-json\/wp\/v2\/media?parent=51588"}],"wp:term":[{"taxonomy":"category","embeddable":true,"href":"https:\/\/urbeamea.ro\/albaiulia\/wp-json\/wp\/v2\/categories?post=51588"},{"taxonomy":"post_tag","embeddable":true,"href":"https:\/\/urbeamea.ro\/albaiulia\/wp-json\/wp\/v2\/tags?post=51588"}],"curies":[{"name":"wp","href":"https:\/\/api.w.org\/{rel}","templated":true}]}}