{"id":51643,"date":"2017-08-30T16:41:49","date_gmt":"2017-08-30T13:41:49","guid":{"rendered":"https:\/\/urbeamea.ro\/albaiulia\/?p=51643"},"modified":"2017-08-30T15:52:09","modified_gmt":"2017-08-30T12:52:09","slug":"perchezitii-la-persoane-banuite-de-trafic-de-droguri-de-risc","status":"publish","type":"post","link":"https:\/\/urbeamea.ro\/albaiulia\/perchezitii-la-persoane-banuite-de-trafic-de-droguri-de-risc\/","title":{"rendered":"Perchezi\u0163ii la persoane banuite de trafic de droguri de risc"},"content":{"rendered":"<h4>Poli\u021bi\u0219tii specializa\u021bi \u00een combaterea criminalit\u0103\u021bii organizate din Buz\u0103u \u015fi Ploie\u015fti, sub coordonarea procurorilor D.I.I.C.O.T., au efectuat 6 perchezi\u021bii pe raza jude\u021bului Buz\u0103u, la locuin\u021bele mai multor membri ai unei grup\u0103ri specializate \u00een trafic de droguri de risc.<\/h4>\n<p>La data de 24 august a.c., poli\u021bi\u0219tii specializa\u021bi \u00een combaterea criminalit\u0103\u021bii organizate din Buz\u0103u \u015fi Ploie\u015fti, sub coordonarea procurorilor D.I.I.C.O.T. &#8211; Biroul Teritorial Buz\u0103u, au efectuat 6 perchezi\u021bii domiciliare pe raza municipiului R\u00e2mnicu S\u0103rat, la persoane cu v\u00e2rste cuprinse \u00eentre 21 \u015fi 38 de ani, b\u0103nuite de cultivarea \u0219i comercializarea plantelor de cannabis.<\/p>\n<p>Din cercet\u0103ri a reie\u0219it c\u0103, \u00een perioada decembrie 2015 &#8211; august 2017, cei \u00een cauz\u0103 ar fi procurat \u015fi cultivat mai multe plante de cannabis pe care le-ar fi valorificat \u015fi oferit spre v\u00e2nzare, pe raza jude\u0163ului Buz\u0103u.<\/p>\n<p>\u00cen urma perchezi\u021biilor au fost ridicate mai multe plante de cannabis, dou\u0103 grindere pentru tocat materia vegetal\u0103, dou\u0103 c\u00e2ntare electronice \u0219i 5 telefoane mobile.<\/p>\n<p>\u015ease persoane au fost conduse la audieri, la sediul D.I.I.C.O.T &#8211; Biroul Teritorial Buz\u0103u.<\/p>\n<p>Fa\u0163\u0103 de o persoan\u0103, \u00een v\u00e2rst\u0103 de 33 ani, instan\u0163a de judecat\u0103 a dispus m\u0103sura arestului la domiciliu pentru o perioad\u0103 de 30 de zile, iar fa\u0163\u0103 de alte dou\u0103 a fost dispus\u0103 m\u0103sura controlului judiciar.<\/p>\n<p>Activita\u021bile s-au desf\u0103\u0219urat \u00een cadrul unui dosar penal instrumentat de poli\u021bi\u0219ti din cadrul S.C.C.O. Buz\u0103u, sub supravegherea procurorului de caz din cadrul D.I.I.C.O.T \u2013 Biroul Teritorial Buz\u0103u.<\/p>\n<p>La ac\u021biune au participat jandarmi din cadrul I.J.J. Buz\u0103u.<\/p>\n","protected":false},"excerpt":{"rendered":"<p>Poli\u021bi\u0219tii specializa\u021bi \u00een combaterea criminalit\u0103\u021bii organizate din Buz\u0103u \u015fi Ploie\u015fti, sub coordonarea procurorilor D.I.I.C.O.T., au efectuat 6 perchezi\u021bii pe raza jude\u021bului Buz\u0103u, la locuin\u021bele mai multor membri ai unei grup\u0103ri specializate \u00een trafic de droguri de risc. La data de 24 august a.c., poli\u021bi\u0219tii specializa\u021bi \u00een combaterea criminalit\u0103\u021bii organizate din Buz\u0103u \u015fi Ploie\u015fti, sub coordonarea &hellip;<\/p>\n","protected":false},"author":24,"featured_media":51644,"comment_status":"open","ping_status":"open","sticky":false,"template":"","format":"standard","meta":{"inline_featured_image":false,"footnotes":""},"categories":[1],"tags":[6197,12295,12296,2333,12280],"class_list":["post-51643","post","type-post","status-publish","format-standard","has-post-thumbnail","hentry","category-stiri-urbane","tag-audieri","tag-biroul-teritorial-buzau","tag-d-i-i-c-o-t","tag-droguri","tag-perchezitie"],"yoast_head":"<!-- This site is optimized with the Yoast SEO plugin v27.4 - https:\/\/yoast.com\/product\/yoast-seo-wordpress\/ -->\n<title>Perchezi\u0163ii la persoane banuite de trafic de droguri de risc - Revista Urbea Mea - Revista de Alba<\/title>\n<meta name=\"description\" content=\"Poli\u021bi\u0219tii specializa\u021bi \u00een combaterea criminalit\u0103\u021bii organizate din Buz\u0103u \u015fi Ploie\u015fti, sub coordonarea procurorilor D.I.I.C.O.T., au efectuat 6\" \/>\n<meta name=\"robots\" content=\"index, follow, max-snippet:-1, max-image-preview:large, max-video-preview:-1\" \/>\n<link rel=\"canonical\" href=\"https:\/\/urbeamea.ro\/albaiulia\/perchezitii-la-persoane-banuite-de-trafic-de-droguri-de-risc\/\" \/>\n<meta name=\"twitter:card\" content=\"summary_large_image\" \/>\n<meta name=\"twitter:title\" content=\"Perchezi\u0163ii la persoane banuite de trafic de droguri de risc - Revista Urbea Mea - Revista de Alba\" \/>\n<meta name=\"twitter:description\" content=\"Poli\u021bi\u0219tii specializa\u021bi \u00een combaterea criminalit\u0103\u021bii organizate din Buz\u0103u \u015fi Ploie\u015fti, sub coordonarea procurorilor D.I.I.C.O.T., au efectuat 6\" \/>\n<meta name=\"twitter:image\" content=\"https:\/\/urbeamea.ro\/albaiulia\/wp-content\/uploads\/2017\/08\/perchezitii_traf_grog.jpg\" \/>\n<meta name=\"twitter:creator\" content=\"@urbeameaweb\" \/>\n<meta name=\"twitter:site\" content=\"@urbeameaweb\" \/>\n<script type=\"application\/ld+json\" class=\"yoast-schema-graph\">{\"@context\":\"https:\\\/\\\/schema.org\",\"@graph\":[{\"@type\":\"Article\",\"@id\":\"https:\\\/\\\/urbeamea.ro\\\/albaiulia\\\/perchezitii-la-persoane-banuite-de-trafic-de-droguri-de-risc\\\/#article\",\"isPartOf\":{\"@id\":\"https:\\\/\\\/urbeamea.ro\\\/albaiulia\\\/perchezitii-la-persoane-banuite-de-trafic-de-droguri-de-risc\\\/\"},\"author\":{\"name\":\"Berbece Ioana\",\"@id\":\"https:\\\/\\\/urbeamea.ro\\\/albaiulia\\\/#\\\/schema\\\/person\\\/082dc8da34e18378740990d31e301abe\"},\"headline\":\"Perchezi\u0163ii la persoane banuite de trafic de droguri de risc\",\"datePublished\":\"2017-08-30T13:41:49+00:00\",\"mainEntityOfPage\":{\"@id\":\"https:\\\/\\\/urbeamea.ro\\\/albaiulia\\\/perchezitii-la-persoane-banuite-de-trafic-de-droguri-de-risc\\\/\"},\"wordCount\":307,\"commentCount\":0,\"image\":{\"@id\":\"https:\\\/\\\/urbeamea.ro\\\/albaiulia\\\/perchezitii-la-persoane-banuite-de-trafic-de-droguri-de-risc\\\/#primaryimage\"},\"thumbnailUrl\":\"https:\\\/\\\/urbeamea.ro\\\/albaiulia\\\/wp-content\\\/uploads\\\/2017\\\/08\\\/perchezitii_traf_grog.jpg\",\"keywords\":[\"audieri\",\"Biroul Teritorial Buz\u0103u\",\"D.I.I.C.O.T.\",\"droguri\",\"perchezitie\"],\"articleSection\":[\"\u015etiri Urbane\"],\"inLanguage\":\"ro-RO\",\"potentialAction\":[{\"@type\":\"CommentAction\",\"name\":\"Comment\",\"target\":[\"https:\\\/\\\/urbeamea.ro\\\/albaiulia\\\/perchezitii-la-persoane-banuite-de-trafic-de-droguri-de-risc\\\/#respond\"]}]},{\"@type\":\"WebPage\",\"@id\":\"https:\\\/\\\/urbeamea.ro\\\/albaiulia\\\/perchezitii-la-persoane-banuite-de-trafic-de-droguri-de-risc\\\/\",\"url\":\"https:\\\/\\\/urbeamea.ro\\\/albaiulia\\\/perchezitii-la-persoane-banuite-de-trafic-de-droguri-de-risc\\\/\",\"name\":\"Perchezi\u0163ii la persoane banuite de trafic de droguri de risc - Revista Urbea Mea - Revista de Alba\",\"isPartOf\":{\"@id\":\"https:\\\/\\\/urbeamea.ro\\\/albaiulia\\\/#website\"},\"primaryImageOfPage\":{\"@id\":\"https:\\\/\\\/urbeamea.ro\\\/albaiulia\\\/perchezitii-la-persoane-banuite-de-trafic-de-droguri-de-risc\\\/#primaryimage\"},\"image\":{\"@id\":\"https:\\\/\\\/urbeamea.ro\\\/albaiulia\\\/perchezitii-la-persoane-banuite-de-trafic-de-droguri-de-risc\\\/#primaryimage\"},\"thumbnailUrl\":\"https:\\\/\\\/urbeamea.ro\\\/albaiulia\\\/wp-content\\\/uploads\\\/2017\\\/08\\\/perchezitii_traf_grog.jpg\",\"datePublished\":\"2017-08-30T13:41:49+00:00\",\"author\":{\"@id\":\"https:\\\/\\\/urbeamea.ro\\\/albaiulia\\\/#\\\/schema\\\/person\\\/082dc8da34e18378740990d31e301abe\"},\"description\":\"Poli\u021bi\u0219tii specializa\u021bi \u00een combaterea criminalit\u0103\u021bii organizate din Buz\u0103u \u015fi Ploie\u015fti, sub coordonarea procurorilor D.I.I.C.O.T., au efectuat 6\",\"breadcrumb\":{\"@id\":\"https:\\\/\\\/urbeamea.ro\\\/albaiulia\\\/perchezitii-la-persoane-banuite-de-trafic-de-droguri-de-risc\\\/#breadcrumb\"},\"inLanguage\":\"ro-RO\",\"potentialAction\":[{\"@type\":\"ReadAction\",\"target\":[\"https:\\\/\\\/urbeamea.ro\\\/albaiulia\\\/perchezitii-la-persoane-banuite-de-trafic-de-droguri-de-risc\\\/\"]}]},{\"@type\":\"ImageObject\",\"inLanguage\":\"ro-RO\",\"@id\":\"https:\\\/\\\/urbeamea.ro\\\/albaiulia\\\/perchezitii-la-persoane-banuite-de-trafic-de-droguri-de-risc\\\/#primaryimage\",\"url\":\"https:\\\/\\\/urbeamea.ro\\\/albaiulia\\\/wp-content\\\/uploads\\\/2017\\\/08\\\/perchezitii_traf_grog.jpg\",\"contentUrl\":\"https:\\\/\\\/urbeamea.ro\\\/albaiulia\\\/wp-content\\\/uploads\\\/2017\\\/08\\\/perchezitii_traf_grog.jpg\",\"width\":646,\"height\":404},{\"@type\":\"BreadcrumbList\",\"@id\":\"https:\\\/\\\/urbeamea.ro\\\/albaiulia\\\/perchezitii-la-persoane-banuite-de-trafic-de-droguri-de-risc\\\/#breadcrumb\",\"itemListElement\":[{\"@type\":\"ListItem\",\"position\":1,\"name\":\"Prima pagin\u0103\",\"item\":\"https:\\\/\\\/urbeamea.ro\\\/albaiulia\\\/\"},{\"@type\":\"ListItem\",\"position\":2,\"name\":\"Perchezi\u0163ii la persoane banuite de trafic de droguri de risc\"}]},{\"@type\":\"WebSite\",\"@id\":\"https:\\\/\\\/urbeamea.ro\\\/albaiulia\\\/#website\",\"url\":\"https:\\\/\\\/urbeamea.ro\\\/albaiulia\\\/\",\"name\":\"Revista Urbea Mea, Stiri urbane\",\"description\":\"Evenimente \u0219i \u0219tiri din Alba Iulia, Sebe\u0219, Aiud, Blaj\",\"potentialAction\":[{\"@type\":\"SearchAction\",\"target\":{\"@type\":\"EntryPoint\",\"urlTemplate\":\"https:\\\/\\\/urbeamea.ro\\\/albaiulia\\\/?s={search_term_string}\"},\"query-input\":{\"@type\":\"PropertyValueSpecification\",\"valueRequired\":true,\"valueName\":\"search_term_string\"}}],\"inLanguage\":\"ro-RO\"},{\"@type\":\"Person\",\"@id\":\"https:\\\/\\\/urbeamea.ro\\\/albaiulia\\\/#\\\/schema\\\/person\\\/082dc8da34e18378740990d31e301abe\",\"name\":\"Berbece Ioana\",\"image\":{\"@type\":\"ImageObject\",\"inLanguage\":\"ro-RO\",\"@id\":\"https:\\\/\\\/secure.gravatar.com\\\/avatar\\\/fda18f6878c9dadc74d6733dfd5b1d2c705d3bd86a588ba29ae2bbcff6ff283b?s=96&d=mm&r=g\",\"url\":\"https:\\\/\\\/secure.gravatar.com\\\/avatar\\\/fda18f6878c9dadc74d6733dfd5b1d2c705d3bd86a588ba29ae2bbcff6ff283b?s=96&d=mm&r=g\",\"contentUrl\":\"https:\\\/\\\/secure.gravatar.com\\\/avatar\\\/fda18f6878c9dadc74d6733dfd5b1d2c705d3bd86a588ba29ae2bbcff6ff283b?s=96&d=mm&r=g\",\"caption\":\"Berbece Ioana\"},\"url\":\"https:\\\/\\\/urbeamea.ro\\\/albaiulia\\\/author\\\/ioana-berbece\\\/\"}]}<\/script>\n<!-- \/ Yoast SEO plugin. -->","yoast_head_json":{"title":"Perchezi\u0163ii la persoane banuite de trafic de droguri de risc - Revista Urbea Mea - Revista de Alba","description":"Poli\u021bi\u0219tii specializa\u021bi \u00een combaterea criminalit\u0103\u021bii organizate din Buz\u0103u \u015fi Ploie\u015fti, sub coordonarea procurorilor D.I.I.C.O.T., au efectuat 6","robots":{"index":"index","follow":"follow","max-snippet":"max-snippet:-1","max-image-preview":"max-image-preview:large","max-video-preview":"max-video-preview:-1"},"canonical":"https:\/\/urbeamea.ro\/albaiulia\/perchezitii-la-persoane-banuite-de-trafic-de-droguri-de-risc\/","twitter_card":"summary_large_image","twitter_title":"Perchezi\u0163ii la persoane banuite de trafic de droguri de risc - Revista Urbea Mea - Revista de Alba","twitter_description":"Poli\u021bi\u0219tii specializa\u021bi \u00een combaterea criminalit\u0103\u021bii organizate din Buz\u0103u \u015fi Ploie\u015fti, sub coordonarea procurorilor D.I.I.C.O.T., au efectuat 6","twitter_image":"https:\/\/urbeamea.ro\/albaiulia\/wp-content\/uploads\/2017\/08\/perchezitii_traf_grog.jpg","twitter_creator":"@urbeameaweb","twitter_site":"@urbeameaweb","schema":{"@context":"https:\/\/schema.org","@graph":[{"@type":"Article","@id":"https:\/\/urbeamea.ro\/albaiulia\/perchezitii-la-persoane-banuite-de-trafic-de-droguri-de-risc\/#article","isPartOf":{"@id":"https:\/\/urbeamea.ro\/albaiulia\/perchezitii-la-persoane-banuite-de-trafic-de-droguri-de-risc\/"},"author":{"name":"Berbece Ioana","@id":"https:\/\/urbeamea.ro\/albaiulia\/#\/schema\/person\/082dc8da34e18378740990d31e301abe"},"headline":"Perchezi\u0163ii la persoane banuite de trafic de droguri de risc","datePublished":"2017-08-30T13:41:49+00:00","mainEntityOfPage":{"@id":"https:\/\/urbeamea.ro\/albaiulia\/perchezitii-la-persoane-banuite-de-trafic-de-droguri-de-risc\/"},"wordCount":307,"commentCount":0,"image":{"@id":"https:\/\/urbeamea.ro\/albaiulia\/perchezitii-la-persoane-banuite-de-trafic-de-droguri-de-risc\/#primaryimage"},"thumbnailUrl":"https:\/\/urbeamea.ro\/albaiulia\/wp-content\/uploads\/2017\/08\/perchezitii_traf_grog.jpg","keywords":["audieri","Biroul Teritorial Buz\u0103u","D.I.I.C.O.T.","droguri","perchezitie"],"articleSection":["\u015etiri Urbane"],"inLanguage":"ro-RO","potentialAction":[{"@type":"CommentAction","name":"Comment","target":["https:\/\/urbeamea.ro\/albaiulia\/perchezitii-la-persoane-banuite-de-trafic-de-droguri-de-risc\/#respond"]}]},{"@type":"WebPage","@id":"https:\/\/urbeamea.ro\/albaiulia\/perchezitii-la-persoane-banuite-de-trafic-de-droguri-de-risc\/","url":"https:\/\/urbeamea.ro\/albaiulia\/perchezitii-la-persoane-banuite-de-trafic-de-droguri-de-risc\/","name":"Perchezi\u0163ii la persoane banuite de trafic de droguri de risc - Revista Urbea Mea - Revista de Alba","isPartOf":{"@id":"https:\/\/urbeamea.ro\/albaiulia\/#website"},"primaryImageOfPage":{"@id":"https:\/\/urbeamea.ro\/albaiulia\/perchezitii-la-persoane-banuite-de-trafic-de-droguri-de-risc\/#primaryimage"},"image":{"@id":"https:\/\/urbeamea.ro\/albaiulia\/perchezitii-la-persoane-banuite-de-trafic-de-droguri-de-risc\/#primaryimage"},"thumbnailUrl":"https:\/\/urbeamea.ro\/albaiulia\/wp-content\/uploads\/2017\/08\/perchezitii_traf_grog.jpg","datePublished":"2017-08-30T13:41:49+00:00","author":{"@id":"https:\/\/urbeamea.ro\/albaiulia\/#\/schema\/person\/082dc8da34e18378740990d31e301abe"},"description":"Poli\u021bi\u0219tii specializa\u021bi \u00een combaterea criminalit\u0103\u021bii organizate din Buz\u0103u \u015fi Ploie\u015fti, sub coordonarea procurorilor D.I.I.C.O.T., au efectuat 6","breadcrumb":{"@id":"https:\/\/urbeamea.ro\/albaiulia\/perchezitii-la-persoane-banuite-de-trafic-de-droguri-de-risc\/#breadcrumb"},"inLanguage":"ro-RO","potentialAction":[{"@type":"ReadAction","target":["https:\/\/urbeamea.ro\/albaiulia\/perchezitii-la-persoane-banuite-de-trafic-de-droguri-de-risc\/"]}]},{"@type":"ImageObject","inLanguage":"ro-RO","@id":"https:\/\/urbeamea.ro\/albaiulia\/perchezitii-la-persoane-banuite-de-trafic-de-droguri-de-risc\/#primaryimage","url":"https:\/\/urbeamea.ro\/albaiulia\/wp-content\/uploads\/2017\/08\/perchezitii_traf_grog.jpg","contentUrl":"https:\/\/urbeamea.ro\/albaiulia\/wp-content\/uploads\/2017\/08\/perchezitii_traf_grog.jpg","width":646,"height":404},{"@type":"BreadcrumbList","@id":"https:\/\/urbeamea.ro\/albaiulia\/perchezitii-la-persoane-banuite-de-trafic-de-droguri-de-risc\/#breadcrumb","itemListElement":[{"@type":"ListItem","position":1,"name":"Prima pagin\u0103","item":"https:\/\/urbeamea.ro\/albaiulia\/"},{"@type":"ListItem","position":2,"name":"Perchezi\u0163ii la persoane banuite de trafic de droguri de risc"}]},{"@type":"WebSite","@id":"https:\/\/urbeamea.ro\/albaiulia\/#website","url":"https:\/\/urbeamea.ro\/albaiulia\/","name":"Revista Urbea Mea, Stiri urbane","description":"Evenimente \u0219i \u0219tiri din Alba Iulia, Sebe\u0219, Aiud, Blaj","potentialAction":[{"@type":"SearchAction","target":{"@type":"EntryPoint","urlTemplate":"https:\/\/urbeamea.ro\/albaiulia\/?s={search_term_string}"},"query-input":{"@type":"PropertyValueSpecification","valueRequired":true,"valueName":"search_term_string"}}],"inLanguage":"ro-RO"},{"@type":"Person","@id":"https:\/\/urbeamea.ro\/albaiulia\/#\/schema\/person\/082dc8da34e18378740990d31e301abe","name":"Berbece Ioana","image":{"@type":"ImageObject","inLanguage":"ro-RO","@id":"https:\/\/secure.gravatar.com\/avatar\/fda18f6878c9dadc74d6733dfd5b1d2c705d3bd86a588ba29ae2bbcff6ff283b?s=96&d=mm&r=g","url":"https:\/\/secure.gravatar.com\/avatar\/fda18f6878c9dadc74d6733dfd5b1d2c705d3bd86a588ba29ae2bbcff6ff283b?s=96&d=mm&r=g","contentUrl":"https:\/\/secure.gravatar.com\/avatar\/fda18f6878c9dadc74d6733dfd5b1d2c705d3bd86a588ba29ae2bbcff6ff283b?s=96&d=mm&r=g","caption":"Berbece Ioana"},"url":"https:\/\/urbeamea.ro\/albaiulia\/author\/ioana-berbece\/"}]}},"_links":{"self":[{"href":"https:\/\/urbeamea.ro\/albaiulia\/wp-json\/wp\/v2\/posts\/51643","targetHints":{"allow":["GET"]}}],"collection":[{"href":"https:\/\/urbeamea.ro\/albaiulia\/wp-json\/wp\/v2\/posts"}],"about":[{"href":"https:\/\/urbeamea.ro\/albaiulia\/wp-json\/wp\/v2\/types\/post"}],"author":[{"embeddable":true,"href":"https:\/\/urbeamea.ro\/albaiulia\/wp-json\/wp\/v2\/users\/24"}],"replies":[{"embeddable":true,"href":"https:\/\/urbeamea.ro\/albaiulia\/wp-json\/wp\/v2\/comments?post=51643"}],"version-history":[{"count":0,"href":"https:\/\/urbeamea.ro\/albaiulia\/wp-json\/wp\/v2\/posts\/51643\/revisions"}],"wp:featuredmedia":[{"embeddable":true,"href":"https:\/\/urbeamea.ro\/albaiulia\/wp-json\/wp\/v2\/media\/51644"}],"wp:attachment":[{"href":"https:\/\/urbeamea.ro\/albaiulia\/wp-json\/wp\/v2\/media?parent=51643"}],"wp:term":[{"taxonomy":"category","embeddable":true,"href":"https:\/\/urbeamea.ro\/albaiulia\/wp-json\/wp\/v2\/categories?post=51643"},{"taxonomy":"post_tag","embeddable":true,"href":"https:\/\/urbeamea.ro\/albaiulia\/wp-json\/wp\/v2\/tags?post=51643"}],"curies":[{"name":"wp","href":"https:\/\/api.w.org\/{rel}","templated":true}]}}