{"id":52235,"date":"2017-09-14T14:55:19","date_gmt":"2017-09-14T11:55:19","guid":{"rendered":"https:\/\/urbeamea.ro\/albaiulia\/?p=52235"},"modified":"2017-09-14T14:55:19","modified_gmt":"2017-09-14T11:55:19","slug":"foto-amenzi-de-peste-26-000-de-lei-dupa-controale-ale-politiei-alba-si-garzii-forestiere-pentru-combaterea-delictelor-silvice","status":"publish","type":"post","link":"https:\/\/urbeamea.ro\/albaiulia\/foto-amenzi-de-peste-26-000-de-lei-dupa-controale-ale-politiei-alba-si-garzii-forestiere-pentru-combaterea-delictelor-silvice\/","title":{"rendered":"FOTO: Amenzi de peste 26.000 de lei dup\u0103 controale ale Poli\u0163iei Alba \u015fi G\u0103rzii Forestiere, pentru combaterea delictelor silvice"},"content":{"rendered":"<p><strong>Poli\u0163i\u015ftii din Alba, sprijini\u0163i de jandarmi, lucr\u0103tori ai G\u0103rzii Forestiere \u015fi ai Direc\u0163iei Silvice au desf\u0103\u015furat o ac\u0163iune cu efective m\u0103rite ce a avut ca scop prevenirea \u015fi combaterea delictelor \u00een domeniul silvic. Au fost efectuate 32 de controale, \u00een fondul forestier \u015fi locuri de depozitare \u015fi au fost controlate 140 de autovehicule. Poli\u0163i\u015ftii au constatat 7 infrac\u021biuni \u015fi 113 abateri de natur\u0103 contraven\u0163ional\u0103 \u015fi au confiscat 36 de metri cubi de material lemons, transmite IPJ Alba.<\/strong><\/p>\n<p>Miercuri, 13 septembrie, Serviciul de Ordine Public\u0103 din cadrul Inspectoratului de Poli\u0163ie Jude\u0163ean Alba a organizat o ac\u0163iune cu efective m\u0103rite ce a avut ca scop prevenirea \u015fi combaterea delictelor silvice.<\/p>\n<p>La ac\u021biune au participat 66 de poli\u0163i\u015fti din structurile de ordine public\u0103, poli\u0163ie rutier\u0103 \u015fi de investigare a criminalit\u0103\u0163ii economice, care au fost sprijini\u0163i de jandarmi din cadrul Inspectoratului Jude\u0163ean de Jandarmi Alba \u015fi de speciali\u015fti din cadrul G\u0103rzii Forestiere \u015fi ai Direc\u0163iei Silvice.<\/p>\n<p>Au fost efectuate 5 controale la societ\u0103\u0163i comerciale \u015fi \u00een fondul forestier \u015fi au fost instituite 18 filtre rutiere \u00een cadrul c\u0103rora au fost verificate 143 de mijloace de transport.<\/p>\n<p>Cu ocazia verific\u0103rilor efectuate, au fost constatate 7 infrac\u0163iuni, din care 4 de t\u0103iere ilegal\u0103 de arbori \u015fi au fost aplicate 113 sanc\u0163iuni contraven\u0163ionale, \u00een valoare de 26.205 lei. Totodat\u0103, a fost confiscat\u0103 cantitatea de 36 de metri cubi de material lemnos ce a fost l\u0103sat\u0103 \u00een custodia unor ocoale silvice.<\/p>\n<p>Ac\u0163iunile de prevenire \u015fi combatere a delictelor silvice vor continua.<\/p>\n<div id='gallery-1' class='gallery galleryid-52235 gallery-columns-3 gallery-size-thumbnail'><figure class='gallery-item'>\n\t\t\t<div class='gallery-icon landscape'>\n\t\t\t\t<a href='https:\/\/urbeamea.ro\/albaiulia\/wp-content\/uploads\/2017\/09\/tir-lemn-transport-1-politia.jpg'><img decoding=\"async\" width=\"150\" height=\"100\" src=\"data:image\/png;base64,iVBORw0KGgoAAAANSUhEUgAAAYYAAADcAQMAAABOLJSDAAAAA1BMVEUAAACnej3aAAAAAXRSTlMAQObYZgAAACJJREFUaIHtwTEBAAAAwqD1T20ND6AAAAAAAAAAAAAA4N8AKvgAAUFIrrEAAAAASUVORK5CYII=\" class=\"attachment-thumbnail size-thumbnail lazy-img\" alt=\"\" srcset=\"https:\/\/urbeamea.ro\/albaiulia\/wp-content\/uploads\/2017\/09\/tir-lemn-transport-1-politia-150x100.jpg 150w, https:\/\/urbeamea.ro\/albaiulia\/wp-content\/uploads\/2017\/09\/tir-lemn-transport-1-politia-640x427.jpg 640w, https:\/\/urbeamea.ro\/albaiulia\/wp-content\/uploads\/2017\/09\/tir-lemn-transport-1-politia-768x512.jpg 768w, https:\/\/urbeamea.ro\/albaiulia\/wp-content\/uploads\/2017\/09\/tir-lemn-transport-1-politia.jpg 1024w\" sizes=\"auto, (max-width: 150px) 100vw, 150px\" data-src=\"https:\/\/urbeamea.ro\/albaiulia\/wp-content\/uploads\/2017\/09\/tir-lemn-transport-1-politia-150x100.jpg\" loading=\"lazy\" \/><\/a>\n\t\t\t<\/div><\/figure><figure class='gallery-item'>\n\t\t\t<div class='gallery-icon portrait'>\n\t\t\t\t<a href='https:\/\/urbeamea.ro\/albaiulia\/wp-content\/uploads\/2017\/09\/tir-lemn-transport-politia-2.jpg'><img decoding=\"async\" width=\"121\" height=\"150\" src=\"data:image\/png;base64,iVBORw0KGgoAAAANSUhEUgAAAYYAAADcAQMAAABOLJSDAAAAA1BMVEUAAACnej3aAAAAAXRSTlMAQObYZgAAACJJREFUaIHtwTEBAAAAwqD1T20ND6AAAAAAAAAAAAAA4N8AKvgAAUFIrrEAAAAASUVORK5CYII=\" class=\"attachment-thumbnail size-thumbnail lazy-img\" alt=\"\" srcset=\"https:\/\/urbeamea.ro\/albaiulia\/wp-content\/uploads\/2017\/09\/tir-lemn-transport-politia-2-121x150.jpg 121w, https:\/\/urbeamea.ro\/albaiulia\/wp-content\/uploads\/2017\/09\/tir-lemn-transport-politia-2-514x640.jpg 514w, https:\/\/urbeamea.ro\/albaiulia\/wp-content\/uploads\/2017\/09\/tir-lemn-transport-politia-2.jpg 768w\" sizes=\"auto, (max-width: 121px) 100vw, 121px\" data-src=\"https:\/\/urbeamea.ro\/albaiulia\/wp-content\/uploads\/2017\/09\/tir-lemn-transport-politia-2-121x150.jpg\" loading=\"lazy\" \/><\/a>\n\t\t\t<\/div><\/figure><figure class='gallery-item'>\n\t\t\t<div class='gallery-icon landscape'>\n\t\t\t\t<a href='https:\/\/urbeamea.ro\/albaiulia\/wp-content\/uploads\/2017\/09\/tir-lemn-transport-politia-3.jpg'><img decoding=\"async\" width=\"150\" height=\"113\" src=\"data:image\/png;base64,iVBORw0KGgoAAAANSUhEUgAAAYYAAADcAQMAAABOLJSDAAAAA1BMVEUAAACnej3aAAAAAXRSTlMAQObYZgAAACJJREFUaIHtwTEBAAAAwqD1T20ND6AAAAAAAAAAAAAA4N8AKvgAAUFIrrEAAAAASUVORK5CYII=\" class=\"attachment-thumbnail size-thumbnail lazy-img\" alt=\"\" srcset=\"https:\/\/urbeamea.ro\/albaiulia\/wp-content\/uploads\/2017\/09\/tir-lemn-transport-politia-3-150x113.jpg 150w, https:\/\/urbeamea.ro\/albaiulia\/wp-content\/uploads\/2017\/09\/tir-lemn-transport-politia-3-640x480.jpg 640w, https:\/\/urbeamea.ro\/albaiulia\/wp-content\/uploads\/2017\/09\/tir-lemn-transport-politia-3-768x576.jpg 768w, https:\/\/urbeamea.ro\/albaiulia\/wp-content\/uploads\/2017\/09\/tir-lemn-transport-politia-3.jpg 1024w\" sizes=\"auto, (max-width: 150px) 100vw, 150px\" data-src=\"https:\/\/urbeamea.ro\/albaiulia\/wp-content\/uploads\/2017\/09\/tir-lemn-transport-politia-3-150x113.jpg\" loading=\"lazy\" \/><\/a>\n\t\t\t<\/div><\/figure><figure class='gallery-item'>\n\t\t\t<div class='gallery-icon portrait'>\n\t\t\t\t<a href='https:\/\/urbeamea.ro\/albaiulia\/wp-content\/uploads\/2017\/09\/tir-lemn-transport-politia-4.jpg'><img decoding=\"async\" width=\"115\" height=\"150\" src=\"data:image\/png;base64,iVBORw0KGgoAAAANSUhEUgAAAYYAAADcAQMAAABOLJSDAAAAA1BMVEUAAACnej3aAAAAAXRSTlMAQObYZgAAACJJREFUaIHtwTEBAAAAwqD1T20ND6AAAAAAAAAAAAAA4N8AKvgAAUFIrrEAAAAASUVORK5CYII=\" class=\"attachment-thumbnail size-thumbnail lazy-img\" alt=\"\" srcset=\"https:\/\/urbeamea.ro\/albaiulia\/wp-content\/uploads\/2017\/09\/tir-lemn-transport-politia-4-115x150.jpg 115w, https:\/\/urbeamea.ro\/albaiulia\/wp-content\/uploads\/2017\/09\/tir-lemn-transport-politia-4-491x640.jpg 491w, https:\/\/urbeamea.ro\/albaiulia\/wp-content\/uploads\/2017\/09\/tir-lemn-transport-politia-4.jpg 768w\" sizes=\"auto, (max-width: 115px) 100vw, 115px\" data-src=\"https:\/\/urbeamea.ro\/albaiulia\/wp-content\/uploads\/2017\/09\/tir-lemn-transport-politia-4-115x150.jpg\" loading=\"lazy\" \/><\/a>\n\t\t\t<\/div><\/figure><figure class='gallery-item'>\n\t\t\t<div class='gallery-icon portrait'>\n\t\t\t\t<a href='https:\/\/urbeamea.ro\/albaiulia\/wp-content\/uploads\/2017\/09\/tir-lemn-transport-politia-5.jpg'><img decoding=\"async\" width=\"113\" height=\"150\" src=\"data:image\/png;base64,iVBORw0KGgoAAAANSUhEUgAAAYYAAADcAQMAAABOLJSDAAAAA1BMVEUAAACnej3aAAAAAXRSTlMAQObYZgAAACJJREFUaIHtwTEBAAAAwqD1T20ND6AAAAAAAAAAAAAA4N8AKvgAAUFIrrEAAAAASUVORK5CYII=\" class=\"attachment-thumbnail size-thumbnail lazy-img\" alt=\"\" srcset=\"https:\/\/urbeamea.ro\/albaiulia\/wp-content\/uploads\/2017\/09\/tir-lemn-transport-politia-5-113x150.jpg 113w, https:\/\/urbeamea.ro\/albaiulia\/wp-content\/uploads\/2017\/09\/tir-lemn-transport-politia-5-483x640.jpg 483w, https:\/\/urbeamea.ro\/albaiulia\/wp-content\/uploads\/2017\/09\/tir-lemn-transport-politia-5.jpg 768w\" sizes=\"auto, (max-width: 113px) 100vw, 113px\" data-src=\"https:\/\/urbeamea.ro\/albaiulia\/wp-content\/uploads\/2017\/09\/tir-lemn-transport-politia-5-113x150.jpg\" loading=\"lazy\" \/><\/a>\n\t\t\t<\/div><\/figure><figure class='gallery-item'>\n\t\t\t<div class='gallery-icon landscape'>\n\t\t\t\t<a href='https:\/\/urbeamea.ro\/albaiulia\/wp-content\/uploads\/2017\/09\/tir-lemn-transport-politia-6.jpg'><img decoding=\"async\" width=\"150\" height=\"113\" src=\"data:image\/png;base64,iVBORw0KGgoAAAANSUhEUgAAAYYAAADcAQMAAABOLJSDAAAAA1BMVEUAAACnej3aAAAAAXRSTlMAQObYZgAAACJJREFUaIHtwTEBAAAAwqD1T20ND6AAAAAAAAAAAAAA4N8AKvgAAUFIrrEAAAAASUVORK5CYII=\" class=\"attachment-thumbnail size-thumbnail lazy-img\" alt=\"\" srcset=\"https:\/\/urbeamea.ro\/albaiulia\/wp-content\/uploads\/2017\/09\/tir-lemn-transport-politia-6-150x113.jpg 150w, https:\/\/urbeamea.ro\/albaiulia\/wp-content\/uploads\/2017\/09\/tir-lemn-transport-politia-6-640x480.jpg 640w, https:\/\/urbeamea.ro\/albaiulia\/wp-content\/uploads\/2017\/09\/tir-lemn-transport-politia-6-768x576.jpg 768w, https:\/\/urbeamea.ro\/albaiulia\/wp-content\/uploads\/2017\/09\/tir-lemn-transport-politia-6.jpg 1024w\" sizes=\"auto, (max-width: 150px) 100vw, 150px\" data-src=\"https:\/\/urbeamea.ro\/albaiulia\/wp-content\/uploads\/2017\/09\/tir-lemn-transport-politia-6-150x113.jpg\" loading=\"lazy\" \/><\/a>\n\t\t\t<\/div><\/figure><figure class='gallery-item'>\n\t\t\t<div class='gallery-icon portrait'>\n\t\t\t\t<a href='https:\/\/urbeamea.ro\/albaiulia\/wp-content\/uploads\/2017\/09\/tir-lemn-transport-politia-7.jpg'><img decoding=\"async\" width=\"137\" height=\"150\" src=\"data:image\/png;base64,iVBORw0KGgoAAAANSUhEUgAAAYYAAADcAQMAAABOLJSDAAAAA1BMVEUAAACnej3aAAAAAXRSTlMAQObYZgAAACJJREFUaIHtwTEBAAAAwqD1T20ND6AAAAAAAAAAAAAA4N8AKvgAAUFIrrEAAAAASUVORK5CYII=\" class=\"attachment-thumbnail size-thumbnail lazy-img\" alt=\"\" srcset=\"https:\/\/urbeamea.ro\/albaiulia\/wp-content\/uploads\/2017\/09\/tir-lemn-transport-politia-7-137x150.jpg 137w, https:\/\/urbeamea.ro\/albaiulia\/wp-content\/uploads\/2017\/09\/tir-lemn-transport-politia-7-583x640.jpg 583w, https:\/\/urbeamea.ro\/albaiulia\/wp-content\/uploads\/2017\/09\/tir-lemn-transport-politia-7.jpg 768w\" sizes=\"auto, (max-width: 137px) 100vw, 137px\" data-src=\"https:\/\/urbeamea.ro\/albaiulia\/wp-content\/uploads\/2017\/09\/tir-lemn-transport-politia-7-137x150.jpg\" loading=\"lazy\" \/><\/a>\n\t\t\t<\/div><\/figure>\n\t\t<\/div>\n\n","protected":false},"excerpt":{"rendered":"<p>Poli\u0163i\u015ftii din Alba, sprijini\u0163i de jandarmi, lucr\u0103tori ai G\u0103rzii Forestiere \u015fi ai Direc\u0163iei Silvice au desf\u0103\u015furat o ac\u0163iune cu efective m\u0103rite ce a avut ca scop prevenirea \u015fi combaterea delictelor \u00een domeniul silvic. Au fost efectuate 32 de controale, \u00een fondul forestier \u015fi locuri de depozitare \u015fi au fost controlate 140 de autovehicule. Poli\u0163i\u015ftii au &hellip;<\/p>\n","protected":false},"author":17,"featured_media":52241,"comment_status":"open","ping_status":"open","sticky":false,"template":"","format":"standard","meta":{"inline_featured_image":false,"footnotes":""},"categories":[2034],"tags":[666,307,2292,9157,8643,12402,3316,458,308,76],"class_list":["post-52235","post","type-post","status-publish","format-standard","has-post-thumbnail","hentry","category-social","tag-actiune","tag-alba","tag-amenzi","tag-combatere","tag-delicte-silvice","tag-directia-silvica","tag-garda-forestiera","tag-politisti","tag-stiri","tag-urbea-mea"],"yoast_head":"<!-- This site is optimized with the Yoast SEO plugin v28.3 - https:\/\/yoast.com\/product\/yoast-seo-wordpress\/ -->\n<title>FOTO: Amenzi de peste 26.000 de lei dup\u0103 controale ale Poli\u0163iei Alba \u015fi G\u0103rzii Forestiere, pentru combaterea delictelor silvice - Revista Urbea Mea - Revista de Alba<\/title>\n<meta name=\"description\" content=\"Poli\u0163i\u015ftii din Alba, sprijini\u0163i de jandarmi, lucr\u0103tori ai G\u0103rzii Forestiere \u015fi ai Direc\u0163iei Silvice au desf\u0103\u015furat o ac\u0163iune cu efective m\u0103rite ce a avut\" \/>\n<meta name=\"robots\" content=\"index, follow, max-snippet:-1, max-image-preview:large, max-video-preview:-1\" \/>\n<link rel=\"canonical\" href=\"https:\/\/urbeamea.ro\/albaiulia\/foto-amenzi-de-peste-26-000-de-lei-dupa-controale-ale-politiei-alba-si-garzii-forestiere-pentru-combaterea-delictelor-silvice\/\" \/>\n<meta name=\"twitter:card\" content=\"summary_large_image\" \/>\n<meta name=\"twitter:title\" content=\"FOTO: Amenzi de peste 26.000 de lei dup\u0103 controale ale Poli\u0163iei Alba \u015fi G\u0103rzii Forestiere, pentru combaterea delictelor silvice - Revista Urbea Mea - Revista de Alba\" \/>\n<meta name=\"twitter:description\" content=\"Poli\u0163i\u015ftii din Alba, sprijini\u0163i de jandarmi, lucr\u0103tori ai G\u0103rzii Forestiere \u015fi ai Direc\u0163iei Silvice au desf\u0103\u015furat o ac\u0163iune cu efective m\u0103rite ce a avut\" \/>\n<meta name=\"twitter:image\" content=\"https:\/\/urbeamea.ro\/albaiulia\/wp-content\/uploads\/2017\/09\/tir-lemn-transport-politia-6.jpg\" \/>\n<meta name=\"twitter:creator\" content=\"@urbeameaweb\" \/>\n<meta name=\"twitter:site\" content=\"@urbeameaweb\" \/>\n<script type=\"application\/ld+json\" class=\"yoast-schema-graph\">{\"@context\":\"https:\\\/\\\/schema.org\",\"@graph\":[{\"@type\":\"Article\",\"@id\":\"https:\\\/\\\/urbeamea.ro\\\/albaiulia\\\/foto-amenzi-de-peste-26-000-de-lei-dupa-controale-ale-politiei-alba-si-garzii-forestiere-pentru-combaterea-delictelor-silvice\\\/#article\",\"isPartOf\":{\"@id\":\"https:\\\/\\\/urbeamea.ro\\\/albaiulia\\\/foto-amenzi-de-peste-26-000-de-lei-dupa-controale-ale-politiei-alba-si-garzii-forestiere-pentru-combaterea-delictelor-silvice\\\/\"},\"author\":{\"name\":\"Cristina Ganga\",\"@id\":\"https:\\\/\\\/urbeamea.ro\\\/albaiulia\\\/#\\\/schema\\\/person\\\/9700d21fae21c4f038b0b56f4506264a\"},\"headline\":\"FOTO: Amenzi de peste 26.000 de lei dup\u0103 controale ale Poli\u0163iei Alba \u015fi G\u0103rzii Forestiere, pentru combaterea delictelor silvice\",\"datePublished\":\"2017-09-14T11:55:19+00:00\",\"mainEntityOfPage\":{\"@id\":\"https:\\\/\\\/urbeamea.ro\\\/albaiulia\\\/foto-amenzi-de-peste-26-000-de-lei-dupa-controale-ale-politiei-alba-si-garzii-forestiere-pentru-combaterea-delictelor-silvice\\\/\"},\"wordCount\":288,\"commentCount\":0,\"image\":{\"@id\":\"https:\\\/\\\/urbeamea.ro\\\/albaiulia\\\/foto-amenzi-de-peste-26-000-de-lei-dupa-controale-ale-politiei-alba-si-garzii-forestiere-pentru-combaterea-delictelor-silvice\\\/#primaryimage\"},\"thumbnailUrl\":\"https:\\\/\\\/urbeamea.ro\\\/albaiulia\\\/wp-content\\\/uploads\\\/2017\\\/09\\\/tir-lemn-transport-politia-6.jpg\",\"keywords\":[\"actiune\",\"alba\",\"amenzi\",\"combatere\",\"delicte silvice\",\"directia silvica\",\"garda forestiera\",\"politisti\",\"stiri\",\"Urbea Mea\"],\"articleSection\":[\"Social\"],\"inLanguage\":\"ro-RO\",\"potentialAction\":[{\"@type\":\"CommentAction\",\"name\":\"Comment\",\"target\":[\"https:\\\/\\\/urbeamea.ro\\\/albaiulia\\\/foto-amenzi-de-peste-26-000-de-lei-dupa-controale-ale-politiei-alba-si-garzii-forestiere-pentru-combaterea-delictelor-silvice\\\/#respond\"]}]},{\"@type\":\"WebPage\",\"@id\":\"https:\\\/\\\/urbeamea.ro\\\/albaiulia\\\/foto-amenzi-de-peste-26-000-de-lei-dupa-controale-ale-politiei-alba-si-garzii-forestiere-pentru-combaterea-delictelor-silvice\\\/\",\"url\":\"https:\\\/\\\/urbeamea.ro\\\/albaiulia\\\/foto-amenzi-de-peste-26-000-de-lei-dupa-controale-ale-politiei-alba-si-garzii-forestiere-pentru-combaterea-delictelor-silvice\\\/\",\"name\":\"FOTO: Amenzi de peste 26.000 de lei dup\u0103 controale ale Poli\u0163iei Alba \u015fi G\u0103rzii Forestiere, pentru combaterea delictelor silvice - Revista Urbea Mea - Revista de Alba\",\"isPartOf\":{\"@id\":\"https:\\\/\\\/urbeamea.ro\\\/albaiulia\\\/#website\"},\"primaryImageOfPage\":{\"@id\":\"https:\\\/\\\/urbeamea.ro\\\/albaiulia\\\/foto-amenzi-de-peste-26-000-de-lei-dupa-controale-ale-politiei-alba-si-garzii-forestiere-pentru-combaterea-delictelor-silvice\\\/#primaryimage\"},\"image\":{\"@id\":\"https:\\\/\\\/urbeamea.ro\\\/albaiulia\\\/foto-amenzi-de-peste-26-000-de-lei-dupa-controale-ale-politiei-alba-si-garzii-forestiere-pentru-combaterea-delictelor-silvice\\\/#primaryimage\"},\"thumbnailUrl\":\"https:\\\/\\\/urbeamea.ro\\\/albaiulia\\\/wp-content\\\/uploads\\\/2017\\\/09\\\/tir-lemn-transport-politia-6.jpg\",\"datePublished\":\"2017-09-14T11:55:19+00:00\",\"author\":{\"@id\":\"https:\\\/\\\/urbeamea.ro\\\/albaiulia\\\/#\\\/schema\\\/person\\\/9700d21fae21c4f038b0b56f4506264a\"},\"description\":\"Poli\u0163i\u015ftii din Alba, sprijini\u0163i de jandarmi, lucr\u0103tori ai G\u0103rzii Forestiere \u015fi ai Direc\u0163iei Silvice au desf\u0103\u015furat o ac\u0163iune cu efective m\u0103rite ce a avut\",\"breadcrumb\":{\"@id\":\"https:\\\/\\\/urbeamea.ro\\\/albaiulia\\\/foto-amenzi-de-peste-26-000-de-lei-dupa-controale-ale-politiei-alba-si-garzii-forestiere-pentru-combaterea-delictelor-silvice\\\/#breadcrumb\"},\"inLanguage\":\"ro-RO\",\"potentialAction\":[{\"@type\":\"ReadAction\",\"target\":[\"https:\\\/\\\/urbeamea.ro\\\/albaiulia\\\/foto-amenzi-de-peste-26-000-de-lei-dupa-controale-ale-politiei-alba-si-garzii-forestiere-pentru-combaterea-delictelor-silvice\\\/\"]}]},{\"@type\":\"ImageObject\",\"inLanguage\":\"ro-RO\",\"@id\":\"https:\\\/\\\/urbeamea.ro\\\/albaiulia\\\/foto-amenzi-de-peste-26-000-de-lei-dupa-controale-ale-politiei-alba-si-garzii-forestiere-pentru-combaterea-delictelor-silvice\\\/#primaryimage\",\"url\":\"https:\\\/\\\/urbeamea.ro\\\/albaiulia\\\/wp-content\\\/uploads\\\/2017\\\/09\\\/tir-lemn-transport-politia-6.jpg\",\"contentUrl\":\"https:\\\/\\\/urbeamea.ro\\\/albaiulia\\\/wp-content\\\/uploads\\\/2017\\\/09\\\/tir-lemn-transport-politia-6.jpg\",\"width\":1024,\"height\":768},{\"@type\":\"BreadcrumbList\",\"@id\":\"https:\\\/\\\/urbeamea.ro\\\/albaiulia\\\/foto-amenzi-de-peste-26-000-de-lei-dupa-controale-ale-politiei-alba-si-garzii-forestiere-pentru-combaterea-delictelor-silvice\\\/#breadcrumb\",\"itemListElement\":[{\"@type\":\"ListItem\",\"position\":1,\"name\":\"Prima pagin\u0103\",\"item\":\"https:\\\/\\\/urbeamea.ro\\\/albaiulia\\\/\"},{\"@type\":\"ListItem\",\"position\":2,\"name\":\"FOTO: Amenzi de peste 26.000 de lei dup\u0103 controale ale Poli\u0163iei Alba \u015fi G\u0103rzii Forestiere, pentru combaterea delictelor silvice\"}]},{\"@type\":\"WebSite\",\"@id\":\"https:\\\/\\\/urbeamea.ro\\\/albaiulia\\\/#website\",\"url\":\"https:\\\/\\\/urbeamea.ro\\\/albaiulia\\\/\",\"name\":\"Revista Urbea Mea, Stiri urbane\",\"description\":\"Evenimente \u0219i \u0219tiri din Alba Iulia, Sebe\u0219, Aiud, Blaj\",\"potentialAction\":[{\"@type\":\"SearchAction\",\"target\":{\"@type\":\"EntryPoint\",\"urlTemplate\":\"https:\\\/\\\/urbeamea.ro\\\/albaiulia\\\/?s={search_term_string}\"},\"query-input\":{\"@type\":\"PropertyValueSpecification\",\"valueRequired\":true,\"valueName\":\"search_term_string\"}}],\"inLanguage\":\"ro-RO\"},{\"@type\":\"Person\",\"@id\":\"https:\\\/\\\/urbeamea.ro\\\/albaiulia\\\/#\\\/schema\\\/person\\\/9700d21fae21c4f038b0b56f4506264a\",\"name\":\"Cristina Ganga\",\"image\":{\"@type\":\"ImageObject\",\"inLanguage\":\"ro-RO\",\"@id\":\"https:\\\/\\\/secure.gravatar.com\\\/avatar\\\/5a67661041f057b4a8ccaf26f5a8e86e2689372006d01faf3dd9eeb10b654bb4?s=96&d=mm&r=g\",\"url\":\"https:\\\/\\\/secure.gravatar.com\\\/avatar\\\/5a67661041f057b4a8ccaf26f5a8e86e2689372006d01faf3dd9eeb10b654bb4?s=96&d=mm&r=g\",\"contentUrl\":\"https:\\\/\\\/secure.gravatar.com\\\/avatar\\\/5a67661041f057b4a8ccaf26f5a8e86e2689372006d01faf3dd9eeb10b654bb4?s=96&d=mm&r=g\",\"caption\":\"Cristina Ganga\"},\"description\":\"Jurnalist\",\"sameAs\":[\"https:\\\/\\\/www.facebook.com\\\/cristina.nicola.587\"],\"url\":\"https:\\\/\\\/urbeamea.ro\\\/albaiulia\\\/author\\\/cristina-nicola\\\/\"}]}<\/script>\n<!-- \/ Yoast SEO plugin. -->","yoast_head_json":{"title":"FOTO: Amenzi de peste 26.000 de lei dup\u0103 controale ale Poli\u0163iei Alba \u015fi G\u0103rzii Forestiere, pentru combaterea delictelor silvice - Revista Urbea Mea - Revista de Alba","description":"Poli\u0163i\u015ftii din Alba, sprijini\u0163i de jandarmi, lucr\u0103tori ai G\u0103rzii Forestiere \u015fi ai Direc\u0163iei Silvice au desf\u0103\u015furat o ac\u0163iune cu efective m\u0103rite ce a avut","robots":{"index":"index","follow":"follow","max-snippet":"max-snippet:-1","max-image-preview":"max-image-preview:large","max-video-preview":"max-video-preview:-1"},"canonical":"https:\/\/urbeamea.ro\/albaiulia\/foto-amenzi-de-peste-26-000-de-lei-dupa-controale-ale-politiei-alba-si-garzii-forestiere-pentru-combaterea-delictelor-silvice\/","twitter_card":"summary_large_image","twitter_title":"FOTO: Amenzi de peste 26.000 de lei dup\u0103 controale ale Poli\u0163iei Alba \u015fi G\u0103rzii Forestiere, pentru combaterea delictelor silvice - Revista Urbea Mea - Revista de Alba","twitter_description":"Poli\u0163i\u015ftii din Alba, sprijini\u0163i de jandarmi, lucr\u0103tori ai G\u0103rzii Forestiere \u015fi ai Direc\u0163iei Silvice au desf\u0103\u015furat o ac\u0163iune cu efective m\u0103rite ce a avut","twitter_image":"https:\/\/urbeamea.ro\/albaiulia\/wp-content\/uploads\/2017\/09\/tir-lemn-transport-politia-6.jpg","twitter_creator":"@urbeameaweb","twitter_site":"@urbeameaweb","schema":{"@context":"https:\/\/schema.org","@graph":[{"@type":"Article","@id":"https:\/\/urbeamea.ro\/albaiulia\/foto-amenzi-de-peste-26-000-de-lei-dupa-controale-ale-politiei-alba-si-garzii-forestiere-pentru-combaterea-delictelor-silvice\/#article","isPartOf":{"@id":"https:\/\/urbeamea.ro\/albaiulia\/foto-amenzi-de-peste-26-000-de-lei-dupa-controale-ale-politiei-alba-si-garzii-forestiere-pentru-combaterea-delictelor-silvice\/"},"author":{"name":"Cristina Ganga","@id":"https:\/\/urbeamea.ro\/albaiulia\/#\/schema\/person\/9700d21fae21c4f038b0b56f4506264a"},"headline":"FOTO: Amenzi de peste 26.000 de lei dup\u0103 controale ale Poli\u0163iei Alba \u015fi G\u0103rzii Forestiere, pentru combaterea delictelor silvice","datePublished":"2017-09-14T11:55:19+00:00","mainEntityOfPage":{"@id":"https:\/\/urbeamea.ro\/albaiulia\/foto-amenzi-de-peste-26-000-de-lei-dupa-controale-ale-politiei-alba-si-garzii-forestiere-pentru-combaterea-delictelor-silvice\/"},"wordCount":288,"commentCount":0,"image":{"@id":"https:\/\/urbeamea.ro\/albaiulia\/foto-amenzi-de-peste-26-000-de-lei-dupa-controale-ale-politiei-alba-si-garzii-forestiere-pentru-combaterea-delictelor-silvice\/#primaryimage"},"thumbnailUrl":"https:\/\/urbeamea.ro\/albaiulia\/wp-content\/uploads\/2017\/09\/tir-lemn-transport-politia-6.jpg","keywords":["actiune","alba","amenzi","combatere","delicte silvice","directia silvica","garda forestiera","politisti","stiri","Urbea Mea"],"articleSection":["Social"],"inLanguage":"ro-RO","potentialAction":[{"@type":"CommentAction","name":"Comment","target":["https:\/\/urbeamea.ro\/albaiulia\/foto-amenzi-de-peste-26-000-de-lei-dupa-controale-ale-politiei-alba-si-garzii-forestiere-pentru-combaterea-delictelor-silvice\/#respond"]}]},{"@type":"WebPage","@id":"https:\/\/urbeamea.ro\/albaiulia\/foto-amenzi-de-peste-26-000-de-lei-dupa-controale-ale-politiei-alba-si-garzii-forestiere-pentru-combaterea-delictelor-silvice\/","url":"https:\/\/urbeamea.ro\/albaiulia\/foto-amenzi-de-peste-26-000-de-lei-dupa-controale-ale-politiei-alba-si-garzii-forestiere-pentru-combaterea-delictelor-silvice\/","name":"FOTO: Amenzi de peste 26.000 de lei dup\u0103 controale ale Poli\u0163iei Alba \u015fi G\u0103rzii Forestiere, pentru combaterea delictelor silvice - Revista Urbea Mea - Revista de Alba","isPartOf":{"@id":"https:\/\/urbeamea.ro\/albaiulia\/#website"},"primaryImageOfPage":{"@id":"https:\/\/urbeamea.ro\/albaiulia\/foto-amenzi-de-peste-26-000-de-lei-dupa-controale-ale-politiei-alba-si-garzii-forestiere-pentru-combaterea-delictelor-silvice\/#primaryimage"},"image":{"@id":"https:\/\/urbeamea.ro\/albaiulia\/foto-amenzi-de-peste-26-000-de-lei-dupa-controale-ale-politiei-alba-si-garzii-forestiere-pentru-combaterea-delictelor-silvice\/#primaryimage"},"thumbnailUrl":"https:\/\/urbeamea.ro\/albaiulia\/wp-content\/uploads\/2017\/09\/tir-lemn-transport-politia-6.jpg","datePublished":"2017-09-14T11:55:19+00:00","author":{"@id":"https:\/\/urbeamea.ro\/albaiulia\/#\/schema\/person\/9700d21fae21c4f038b0b56f4506264a"},"description":"Poli\u0163i\u015ftii din Alba, sprijini\u0163i de jandarmi, lucr\u0103tori ai G\u0103rzii Forestiere \u015fi ai Direc\u0163iei Silvice au desf\u0103\u015furat o ac\u0163iune cu efective m\u0103rite ce a avut","breadcrumb":{"@id":"https:\/\/urbeamea.ro\/albaiulia\/foto-amenzi-de-peste-26-000-de-lei-dupa-controale-ale-politiei-alba-si-garzii-forestiere-pentru-combaterea-delictelor-silvice\/#breadcrumb"},"inLanguage":"ro-RO","potentialAction":[{"@type":"ReadAction","target":["https:\/\/urbeamea.ro\/albaiulia\/foto-amenzi-de-peste-26-000-de-lei-dupa-controale-ale-politiei-alba-si-garzii-forestiere-pentru-combaterea-delictelor-silvice\/"]}]},{"@type":"ImageObject","inLanguage":"ro-RO","@id":"https:\/\/urbeamea.ro\/albaiulia\/foto-amenzi-de-peste-26-000-de-lei-dupa-controale-ale-politiei-alba-si-garzii-forestiere-pentru-combaterea-delictelor-silvice\/#primaryimage","url":"https:\/\/urbeamea.ro\/albaiulia\/wp-content\/uploads\/2017\/09\/tir-lemn-transport-politia-6.jpg","contentUrl":"https:\/\/urbeamea.ro\/albaiulia\/wp-content\/uploads\/2017\/09\/tir-lemn-transport-politia-6.jpg","width":1024,"height":768},{"@type":"BreadcrumbList","@id":"https:\/\/urbeamea.ro\/albaiulia\/foto-amenzi-de-peste-26-000-de-lei-dupa-controale-ale-politiei-alba-si-garzii-forestiere-pentru-combaterea-delictelor-silvice\/#breadcrumb","itemListElement":[{"@type":"ListItem","position":1,"name":"Prima pagin\u0103","item":"https:\/\/urbeamea.ro\/albaiulia\/"},{"@type":"ListItem","position":2,"name":"FOTO: Amenzi de peste 26.000 de lei dup\u0103 controale ale Poli\u0163iei Alba \u015fi G\u0103rzii Forestiere, pentru combaterea delictelor silvice"}]},{"@type":"WebSite","@id":"https:\/\/urbeamea.ro\/albaiulia\/#website","url":"https:\/\/urbeamea.ro\/albaiulia\/","name":"Revista Urbea Mea, Stiri urbane","description":"Evenimente \u0219i \u0219tiri din Alba Iulia, Sebe\u0219, Aiud, Blaj","potentialAction":[{"@type":"SearchAction","target":{"@type":"EntryPoint","urlTemplate":"https:\/\/urbeamea.ro\/albaiulia\/?s={search_term_string}"},"query-input":{"@type":"PropertyValueSpecification","valueRequired":true,"valueName":"search_term_string"}}],"inLanguage":"ro-RO"},{"@type":"Person","@id":"https:\/\/urbeamea.ro\/albaiulia\/#\/schema\/person\/9700d21fae21c4f038b0b56f4506264a","name":"Cristina Ganga","image":{"@type":"ImageObject","inLanguage":"ro-RO","@id":"https:\/\/secure.gravatar.com\/avatar\/5a67661041f057b4a8ccaf26f5a8e86e2689372006d01faf3dd9eeb10b654bb4?s=96&d=mm&r=g","url":"https:\/\/secure.gravatar.com\/avatar\/5a67661041f057b4a8ccaf26f5a8e86e2689372006d01faf3dd9eeb10b654bb4?s=96&d=mm&r=g","contentUrl":"https:\/\/secure.gravatar.com\/avatar\/5a67661041f057b4a8ccaf26f5a8e86e2689372006d01faf3dd9eeb10b654bb4?s=96&d=mm&r=g","caption":"Cristina Ganga"},"description":"Jurnalist","sameAs":["https:\/\/www.facebook.com\/cristina.nicola.587"],"url":"https:\/\/urbeamea.ro\/albaiulia\/author\/cristina-nicola\/"}]}},"_links":{"self":[{"href":"https:\/\/urbeamea.ro\/albaiulia\/wp-json\/wp\/v2\/posts\/52235","targetHints":{"allow":["GET"]}}],"collection":[{"href":"https:\/\/urbeamea.ro\/albaiulia\/wp-json\/wp\/v2\/posts"}],"about":[{"href":"https:\/\/urbeamea.ro\/albaiulia\/wp-json\/wp\/v2\/types\/post"}],"author":[{"embeddable":true,"href":"https:\/\/urbeamea.ro\/albaiulia\/wp-json\/wp\/v2\/users\/17"}],"replies":[{"embeddable":true,"href":"https:\/\/urbeamea.ro\/albaiulia\/wp-json\/wp\/v2\/comments?post=52235"}],"version-history":[{"count":0,"href":"https:\/\/urbeamea.ro\/albaiulia\/wp-json\/wp\/v2\/posts\/52235\/revisions"}],"wp:featuredmedia":[{"embeddable":true,"href":"https:\/\/urbeamea.ro\/albaiulia\/wp-json\/wp\/v2\/media\/52241"}],"wp:attachment":[{"href":"https:\/\/urbeamea.ro\/albaiulia\/wp-json\/wp\/v2\/media?parent=52235"}],"wp:term":[{"taxonomy":"category","embeddable":true,"href":"https:\/\/urbeamea.ro\/albaiulia\/wp-json\/wp\/v2\/categories?post=52235"},{"taxonomy":"post_tag","embeddable":true,"href":"https:\/\/urbeamea.ro\/albaiulia\/wp-json\/wp\/v2\/tags?post=52235"}],"curies":[{"name":"wp","href":"https:\/\/api.w.org\/{rel}","templated":true}]}}