{"id":52471,"date":"2017-09-19T15:01:55","date_gmt":"2017-09-19T12:01:55","guid":{"rendered":"https:\/\/urbeamea.ro\/albaiulia\/?p=52471"},"modified":"2017-09-19T15:01:55","modified_gmt":"2017-09-19T12:01:55","slug":"apel-pentru-voluntari-din-partea-asociatiei-forum-apulum-cu-ocazia-orgazarii-evenimentului-la-caponiera-din-spatele-palatului-apor","status":"publish","type":"post","link":"https:\/\/urbeamea.ro\/albaiulia\/apel-pentru-voluntari-din-partea-asociatiei-forum-apulum-cu-ocazia-orgazarii-evenimentului-la-caponiera-din-spatele-palatului-apor\/","title":{"rendered":"\u201dApel pentru voluntari\u201d din partea Asocia\u021biei Forum Apulum, cu ocazia orgaz\u0103rii evenimentului la caponiera din spatele Palatului Apor"},"content":{"rendered":"<p><strong>Asocia\u021bia Forum Apulum Alba Iulia lanseaz\u0103 un \u201dApel pentru voluntari\u201d, eveniment ce va avea loc mar\u021bi, 19 septembrie, \u00eencep\u00e2nd cu ora 18.30. Simpatizan\u021bii \u0219i poten\u021bialii voluntari sunt a\u0219tepta\u021bi la o discu\u021bie cu reprezentan\u021bii asocia\u021biei la locul deja consacrat pentru evenimentele marca Forum Apulum: caponiera din spatele Palatului Apor.<\/strong><\/p>\n<p>Forum Apulum este un grup de oameni foarte diferi\u021bi, dar care au decis s\u0103 \u00ee\u0219i ocupe din timpul liber pentru a inspira, mobiliza \u0219i implica cet\u0103\u021benii \u00een procesul de \u00eembun\u0103t\u0103\u021bire a comunit\u0103\u021bii. Sunt oameni cu idei, planuri mari, inspira\u021bie c\u00e2t cuprinde \u0219i dornici de munc\u0103.<\/p>\n<p>Dovad\u0103 a acestor afirma\u021bii stau evenimentele organizate p\u00e2n\u0103 \u00een prezent: conferin\u021bele Fake News \u0219i Partidul de vrea tuns, Sunday Sundown &#8211; Picnic \u00een Cetate, proiec\u021bia documentarului \u201d\u021aara Moart\u0103\u201d, etc. \u00cen continuare, proiectul \u201dForum Apulum\u201d are nevoie de c\u00e2t mai mul\u021bi oameni faini, dornici de a face ora\u0219ul, jude\u021bul sau \u021bara mai bune \u0219i mai prietenoase cu locuitorii lor.<\/p>\n<p>Vezi \u015fi: <a href=\"https:\/\/urbeamea.ro\/albaiulia\/duminica-proiectia-filmului-tara-moarta-o-istorie-incomoda-a-romaniei-in-timpul-celui-de-al-doilea-razboi-mondial-la-alba-iulia\/\">Duminic\u0103: Proiec\u0163ia filmului &#8222;\u0162ara Moart\u0103&#8221;, o istorie incomod\u0103 a Rom\u00e2niei \u00een timpul celui de-al doilea R\u0103zboi Mondial, la Alba Iulia<\/a><\/p>\n","protected":false},"excerpt":{"rendered":"<p>Asocia\u021bia Forum Apulum Alba Iulia lanseaz\u0103 un \u201dApel pentru voluntari\u201d, eveniment ce va avea loc mar\u021bi, 19 septembrie, \u00eencep\u00e2nd cu ora 18.30. Simpatizan\u021bii \u0219i poten\u021bialii voluntari sunt a\u0219tepta\u021bi la o discu\u021bie cu reprezentan\u021bii asocia\u021biei la locul deja consacrat pentru evenimentele marca Forum Apulum: caponiera din spatele Palatului Apor. Forum Apulum este un grup de oameni &hellip;<\/p>\n","protected":false},"author":17,"featured_media":52472,"comment_status":"open","ping_status":"open","sticky":false,"template":"","format":"standard","meta":{"inline_featured_image":false,"footnotes":""},"categories":[2034],"tags":[31,12435,12434,5381,369,7585,308,76],"class_list":["post-52471","post","type-post","status-publish","format-standard","has-post-thumbnail","hentry","category-social","tag-alba-iulia","tag-apel-pentru-voluntari","tag-asociatia-forum-apulum","tag-caponiera","tag-eveniment","tag-palatul-apor","tag-stiri","tag-urbea-mea"],"yoast_head":"<!-- This site is optimized with the Yoast SEO plugin v28.3 - https:\/\/yoast.com\/product\/yoast-seo-wordpress\/ -->\n<title>\u201dApel pentru voluntari\u201d din partea Asocia\u021biei Forum Apulum, cu ocazia orgaz\u0103rii evenimentului la caponiera din spatele Palatului Apor - Revista Urbea Mea - Revista de Alba<\/title>\n<meta name=\"description\" content=\"Asocia\u021bia Forum Apulum Alba Iulia lanseaz\u0103 un \u201dApel pentru voluntari\u201d, eveniment ce va avea loc mar\u021bi, 19 septembrie, \u00eencep\u00e2nd cu ora 18.30. Simpatizan\u021bii\" \/>\n<meta name=\"robots\" content=\"index, follow, max-snippet:-1, max-image-preview:large, max-video-preview:-1\" \/>\n<link rel=\"canonical\" href=\"https:\/\/urbeamea.ro\/albaiulia\/apel-pentru-voluntari-din-partea-asociatiei-forum-apulum-cu-ocazia-orgazarii-evenimentului-la-caponiera-din-spatele-palatului-apor\/\" \/>\n<meta name=\"twitter:card\" content=\"summary_large_image\" \/>\n<meta name=\"twitter:title\" content=\"\u201dApel pentru voluntari\u201d din partea Asocia\u021biei Forum Apulum, cu ocazia orgaz\u0103rii evenimentului la caponiera din spatele Palatului Apor - Revista Urbea Mea - Revista de Alba\" \/>\n<meta name=\"twitter:description\" content=\"Asocia\u021bia Forum Apulum Alba Iulia lanseaz\u0103 un \u201dApel pentru voluntari\u201d, eveniment ce va avea loc mar\u021bi, 19 septembrie, \u00eencep\u00e2nd cu ora 18.30. Simpatizan\u021bii\" \/>\n<meta name=\"twitter:image\" content=\"https:\/\/urbeamea.ro\/albaiulia\/wp-content\/uploads\/2017\/09\/echipa-forum-apulum.jpg\" \/>\n<meta name=\"twitter:creator\" content=\"@urbeameaweb\" \/>\n<meta name=\"twitter:site\" content=\"@urbeameaweb\" \/>\n<script type=\"application\/ld+json\" class=\"yoast-schema-graph\">{\"@context\":\"https:\\\/\\\/schema.org\",\"@graph\":[{\"@type\":\"Article\",\"@id\":\"https:\\\/\\\/urbeamea.ro\\\/albaiulia\\\/apel-pentru-voluntari-din-partea-asociatiei-forum-apulum-cu-ocazia-orgazarii-evenimentului-la-caponiera-din-spatele-palatului-apor\\\/#article\",\"isPartOf\":{\"@id\":\"https:\\\/\\\/urbeamea.ro\\\/albaiulia\\\/apel-pentru-voluntari-din-partea-asociatiei-forum-apulum-cu-ocazia-orgazarii-evenimentului-la-caponiera-din-spatele-palatului-apor\\\/\"},\"author\":{\"name\":\"Cristina Ganga\",\"@id\":\"https:\\\/\\\/urbeamea.ro\\\/albaiulia\\\/#\\\/schema\\\/person\\\/9700d21fae21c4f038b0b56f4506264a\"},\"headline\":\"\u201dApel pentru voluntari\u201d din partea Asocia\u021biei Forum Apulum, cu ocazia orgaz\u0103rii evenimentului la caponiera din spatele Palatului Apor\",\"datePublished\":\"2017-09-19T12:01:55+00:00\",\"mainEntityOfPage\":{\"@id\":\"https:\\\/\\\/urbeamea.ro\\\/albaiulia\\\/apel-pentru-voluntari-din-partea-asociatiei-forum-apulum-cu-ocazia-orgazarii-evenimentului-la-caponiera-din-spatele-palatului-apor\\\/\"},\"wordCount\":219,\"commentCount\":0,\"image\":{\"@id\":\"https:\\\/\\\/urbeamea.ro\\\/albaiulia\\\/apel-pentru-voluntari-din-partea-asociatiei-forum-apulum-cu-ocazia-orgazarii-evenimentului-la-caponiera-din-spatele-palatului-apor\\\/#primaryimage\"},\"thumbnailUrl\":\"https:\\\/\\\/urbeamea.ro\\\/albaiulia\\\/wp-content\\\/uploads\\\/2017\\\/09\\\/echipa-forum-apulum.jpg\",\"keywords\":[\"Alba Iulia\",\"apel pentru voluntari\",\"asociatia Forum Apulum\",\"caponiera\",\"eveniment\",\"palatul apor\",\"stiri\",\"Urbea Mea\"],\"articleSection\":[\"Social\"],\"inLanguage\":\"ro-RO\",\"potentialAction\":[{\"@type\":\"CommentAction\",\"name\":\"Comment\",\"target\":[\"https:\\\/\\\/urbeamea.ro\\\/albaiulia\\\/apel-pentru-voluntari-din-partea-asociatiei-forum-apulum-cu-ocazia-orgazarii-evenimentului-la-caponiera-din-spatele-palatului-apor\\\/#respond\"]}]},{\"@type\":\"WebPage\",\"@id\":\"https:\\\/\\\/urbeamea.ro\\\/albaiulia\\\/apel-pentru-voluntari-din-partea-asociatiei-forum-apulum-cu-ocazia-orgazarii-evenimentului-la-caponiera-din-spatele-palatului-apor\\\/\",\"url\":\"https:\\\/\\\/urbeamea.ro\\\/albaiulia\\\/apel-pentru-voluntari-din-partea-asociatiei-forum-apulum-cu-ocazia-orgazarii-evenimentului-la-caponiera-din-spatele-palatului-apor\\\/\",\"name\":\"\u201dApel pentru voluntari\u201d din partea Asocia\u021biei Forum Apulum, cu ocazia orgaz\u0103rii evenimentului la caponiera din spatele Palatului Apor - Revista Urbea Mea - Revista de Alba\",\"isPartOf\":{\"@id\":\"https:\\\/\\\/urbeamea.ro\\\/albaiulia\\\/#website\"},\"primaryImageOfPage\":{\"@id\":\"https:\\\/\\\/urbeamea.ro\\\/albaiulia\\\/apel-pentru-voluntari-din-partea-asociatiei-forum-apulum-cu-ocazia-orgazarii-evenimentului-la-caponiera-din-spatele-palatului-apor\\\/#primaryimage\"},\"image\":{\"@id\":\"https:\\\/\\\/urbeamea.ro\\\/albaiulia\\\/apel-pentru-voluntari-din-partea-asociatiei-forum-apulum-cu-ocazia-orgazarii-evenimentului-la-caponiera-din-spatele-palatului-apor\\\/#primaryimage\"},\"thumbnailUrl\":\"https:\\\/\\\/urbeamea.ro\\\/albaiulia\\\/wp-content\\\/uploads\\\/2017\\\/09\\\/echipa-forum-apulum.jpg\",\"datePublished\":\"2017-09-19T12:01:55+00:00\",\"author\":{\"@id\":\"https:\\\/\\\/urbeamea.ro\\\/albaiulia\\\/#\\\/schema\\\/person\\\/9700d21fae21c4f038b0b56f4506264a\"},\"description\":\"Asocia\u021bia Forum Apulum Alba Iulia lanseaz\u0103 un \u201dApel pentru voluntari\u201d, eveniment ce va avea loc mar\u021bi, 19 septembrie, \u00eencep\u00e2nd cu ora 18.30. Simpatizan\u021bii\",\"breadcrumb\":{\"@id\":\"https:\\\/\\\/urbeamea.ro\\\/albaiulia\\\/apel-pentru-voluntari-din-partea-asociatiei-forum-apulum-cu-ocazia-orgazarii-evenimentului-la-caponiera-din-spatele-palatului-apor\\\/#breadcrumb\"},\"inLanguage\":\"ro-RO\",\"potentialAction\":[{\"@type\":\"ReadAction\",\"target\":[\"https:\\\/\\\/urbeamea.ro\\\/albaiulia\\\/apel-pentru-voluntari-din-partea-asociatiei-forum-apulum-cu-ocazia-orgazarii-evenimentului-la-caponiera-din-spatele-palatului-apor\\\/\"]}]},{\"@type\":\"ImageObject\",\"inLanguage\":\"ro-RO\",\"@id\":\"https:\\\/\\\/urbeamea.ro\\\/albaiulia\\\/apel-pentru-voluntari-din-partea-asociatiei-forum-apulum-cu-ocazia-orgazarii-evenimentului-la-caponiera-din-spatele-palatului-apor\\\/#primaryimage\",\"url\":\"https:\\\/\\\/urbeamea.ro\\\/albaiulia\\\/wp-content\\\/uploads\\\/2017\\\/09\\\/echipa-forum-apulum.jpg\",\"contentUrl\":\"https:\\\/\\\/urbeamea.ro\\\/albaiulia\\\/wp-content\\\/uploads\\\/2017\\\/09\\\/echipa-forum-apulum.jpg\",\"width\":1200,\"height\":800},{\"@type\":\"BreadcrumbList\",\"@id\":\"https:\\\/\\\/urbeamea.ro\\\/albaiulia\\\/apel-pentru-voluntari-din-partea-asociatiei-forum-apulum-cu-ocazia-orgazarii-evenimentului-la-caponiera-din-spatele-palatului-apor\\\/#breadcrumb\",\"itemListElement\":[{\"@type\":\"ListItem\",\"position\":1,\"name\":\"Prima pagin\u0103\",\"item\":\"https:\\\/\\\/urbeamea.ro\\\/albaiulia\\\/\"},{\"@type\":\"ListItem\",\"position\":2,\"name\":\"\u201dApel pentru voluntari\u201d din partea Asocia\u021biei Forum Apulum, cu ocazia orgaz\u0103rii evenimentului la caponiera din spatele Palatului Apor\"}]},{\"@type\":\"WebSite\",\"@id\":\"https:\\\/\\\/urbeamea.ro\\\/albaiulia\\\/#website\",\"url\":\"https:\\\/\\\/urbeamea.ro\\\/albaiulia\\\/\",\"name\":\"Revista Urbea Mea, Stiri urbane\",\"description\":\"Evenimente \u0219i \u0219tiri din Alba Iulia, Sebe\u0219, Aiud, Blaj\",\"potentialAction\":[{\"@type\":\"SearchAction\",\"target\":{\"@type\":\"EntryPoint\",\"urlTemplate\":\"https:\\\/\\\/urbeamea.ro\\\/albaiulia\\\/?s={search_term_string}\"},\"query-input\":{\"@type\":\"PropertyValueSpecification\",\"valueRequired\":true,\"valueName\":\"search_term_string\"}}],\"inLanguage\":\"ro-RO\"},{\"@type\":\"Person\",\"@id\":\"https:\\\/\\\/urbeamea.ro\\\/albaiulia\\\/#\\\/schema\\\/person\\\/9700d21fae21c4f038b0b56f4506264a\",\"name\":\"Cristina Ganga\",\"image\":{\"@type\":\"ImageObject\",\"inLanguage\":\"ro-RO\",\"@id\":\"https:\\\/\\\/secure.gravatar.com\\\/avatar\\\/5a67661041f057b4a8ccaf26f5a8e86e2689372006d01faf3dd9eeb10b654bb4?s=96&d=mm&r=g\",\"url\":\"https:\\\/\\\/secure.gravatar.com\\\/avatar\\\/5a67661041f057b4a8ccaf26f5a8e86e2689372006d01faf3dd9eeb10b654bb4?s=96&d=mm&r=g\",\"contentUrl\":\"https:\\\/\\\/secure.gravatar.com\\\/avatar\\\/5a67661041f057b4a8ccaf26f5a8e86e2689372006d01faf3dd9eeb10b654bb4?s=96&d=mm&r=g\",\"caption\":\"Cristina Ganga\"},\"description\":\"Jurnalist\",\"sameAs\":[\"https:\\\/\\\/www.facebook.com\\\/cristina.nicola.587\"],\"url\":\"https:\\\/\\\/urbeamea.ro\\\/albaiulia\\\/author\\\/cristina-nicola\\\/\"}]}<\/script>\n<!-- \/ Yoast SEO plugin. -->","yoast_head_json":{"title":"\u201dApel pentru voluntari\u201d din partea Asocia\u021biei Forum Apulum, cu ocazia orgaz\u0103rii evenimentului la caponiera din spatele Palatului Apor - Revista Urbea Mea - Revista de Alba","description":"Asocia\u021bia Forum Apulum Alba Iulia lanseaz\u0103 un \u201dApel pentru voluntari\u201d, eveniment ce va avea loc mar\u021bi, 19 septembrie, \u00eencep\u00e2nd cu ora 18.30. Simpatizan\u021bii","robots":{"index":"index","follow":"follow","max-snippet":"max-snippet:-1","max-image-preview":"max-image-preview:large","max-video-preview":"max-video-preview:-1"},"canonical":"https:\/\/urbeamea.ro\/albaiulia\/apel-pentru-voluntari-din-partea-asociatiei-forum-apulum-cu-ocazia-orgazarii-evenimentului-la-caponiera-din-spatele-palatului-apor\/","twitter_card":"summary_large_image","twitter_title":"\u201dApel pentru voluntari\u201d din partea Asocia\u021biei Forum Apulum, cu ocazia orgaz\u0103rii evenimentului la caponiera din spatele Palatului Apor - Revista Urbea Mea - Revista de Alba","twitter_description":"Asocia\u021bia Forum Apulum Alba Iulia lanseaz\u0103 un \u201dApel pentru voluntari\u201d, eveniment ce va avea loc mar\u021bi, 19 septembrie, \u00eencep\u00e2nd cu ora 18.30. Simpatizan\u021bii","twitter_image":"https:\/\/urbeamea.ro\/albaiulia\/wp-content\/uploads\/2017\/09\/echipa-forum-apulum.jpg","twitter_creator":"@urbeameaweb","twitter_site":"@urbeameaweb","schema":{"@context":"https:\/\/schema.org","@graph":[{"@type":"Article","@id":"https:\/\/urbeamea.ro\/albaiulia\/apel-pentru-voluntari-din-partea-asociatiei-forum-apulum-cu-ocazia-orgazarii-evenimentului-la-caponiera-din-spatele-palatului-apor\/#article","isPartOf":{"@id":"https:\/\/urbeamea.ro\/albaiulia\/apel-pentru-voluntari-din-partea-asociatiei-forum-apulum-cu-ocazia-orgazarii-evenimentului-la-caponiera-din-spatele-palatului-apor\/"},"author":{"name":"Cristina Ganga","@id":"https:\/\/urbeamea.ro\/albaiulia\/#\/schema\/person\/9700d21fae21c4f038b0b56f4506264a"},"headline":"\u201dApel pentru voluntari\u201d din partea Asocia\u021biei Forum Apulum, cu ocazia orgaz\u0103rii evenimentului la caponiera din spatele Palatului Apor","datePublished":"2017-09-19T12:01:55+00:00","mainEntityOfPage":{"@id":"https:\/\/urbeamea.ro\/albaiulia\/apel-pentru-voluntari-din-partea-asociatiei-forum-apulum-cu-ocazia-orgazarii-evenimentului-la-caponiera-din-spatele-palatului-apor\/"},"wordCount":219,"commentCount":0,"image":{"@id":"https:\/\/urbeamea.ro\/albaiulia\/apel-pentru-voluntari-din-partea-asociatiei-forum-apulum-cu-ocazia-orgazarii-evenimentului-la-caponiera-din-spatele-palatului-apor\/#primaryimage"},"thumbnailUrl":"https:\/\/urbeamea.ro\/albaiulia\/wp-content\/uploads\/2017\/09\/echipa-forum-apulum.jpg","keywords":["Alba Iulia","apel pentru voluntari","asociatia Forum Apulum","caponiera","eveniment","palatul apor","stiri","Urbea Mea"],"articleSection":["Social"],"inLanguage":"ro-RO","potentialAction":[{"@type":"CommentAction","name":"Comment","target":["https:\/\/urbeamea.ro\/albaiulia\/apel-pentru-voluntari-din-partea-asociatiei-forum-apulum-cu-ocazia-orgazarii-evenimentului-la-caponiera-din-spatele-palatului-apor\/#respond"]}]},{"@type":"WebPage","@id":"https:\/\/urbeamea.ro\/albaiulia\/apel-pentru-voluntari-din-partea-asociatiei-forum-apulum-cu-ocazia-orgazarii-evenimentului-la-caponiera-din-spatele-palatului-apor\/","url":"https:\/\/urbeamea.ro\/albaiulia\/apel-pentru-voluntari-din-partea-asociatiei-forum-apulum-cu-ocazia-orgazarii-evenimentului-la-caponiera-din-spatele-palatului-apor\/","name":"\u201dApel pentru voluntari\u201d din partea Asocia\u021biei Forum Apulum, cu ocazia orgaz\u0103rii evenimentului la caponiera din spatele Palatului Apor - Revista Urbea Mea - Revista de Alba","isPartOf":{"@id":"https:\/\/urbeamea.ro\/albaiulia\/#website"},"primaryImageOfPage":{"@id":"https:\/\/urbeamea.ro\/albaiulia\/apel-pentru-voluntari-din-partea-asociatiei-forum-apulum-cu-ocazia-orgazarii-evenimentului-la-caponiera-din-spatele-palatului-apor\/#primaryimage"},"image":{"@id":"https:\/\/urbeamea.ro\/albaiulia\/apel-pentru-voluntari-din-partea-asociatiei-forum-apulum-cu-ocazia-orgazarii-evenimentului-la-caponiera-din-spatele-palatului-apor\/#primaryimage"},"thumbnailUrl":"https:\/\/urbeamea.ro\/albaiulia\/wp-content\/uploads\/2017\/09\/echipa-forum-apulum.jpg","datePublished":"2017-09-19T12:01:55+00:00","author":{"@id":"https:\/\/urbeamea.ro\/albaiulia\/#\/schema\/person\/9700d21fae21c4f038b0b56f4506264a"},"description":"Asocia\u021bia Forum Apulum Alba Iulia lanseaz\u0103 un \u201dApel pentru voluntari\u201d, eveniment ce va avea loc mar\u021bi, 19 septembrie, \u00eencep\u00e2nd cu ora 18.30. Simpatizan\u021bii","breadcrumb":{"@id":"https:\/\/urbeamea.ro\/albaiulia\/apel-pentru-voluntari-din-partea-asociatiei-forum-apulum-cu-ocazia-orgazarii-evenimentului-la-caponiera-din-spatele-palatului-apor\/#breadcrumb"},"inLanguage":"ro-RO","potentialAction":[{"@type":"ReadAction","target":["https:\/\/urbeamea.ro\/albaiulia\/apel-pentru-voluntari-din-partea-asociatiei-forum-apulum-cu-ocazia-orgazarii-evenimentului-la-caponiera-din-spatele-palatului-apor\/"]}]},{"@type":"ImageObject","inLanguage":"ro-RO","@id":"https:\/\/urbeamea.ro\/albaiulia\/apel-pentru-voluntari-din-partea-asociatiei-forum-apulum-cu-ocazia-orgazarii-evenimentului-la-caponiera-din-spatele-palatului-apor\/#primaryimage","url":"https:\/\/urbeamea.ro\/albaiulia\/wp-content\/uploads\/2017\/09\/echipa-forum-apulum.jpg","contentUrl":"https:\/\/urbeamea.ro\/albaiulia\/wp-content\/uploads\/2017\/09\/echipa-forum-apulum.jpg","width":1200,"height":800},{"@type":"BreadcrumbList","@id":"https:\/\/urbeamea.ro\/albaiulia\/apel-pentru-voluntari-din-partea-asociatiei-forum-apulum-cu-ocazia-orgazarii-evenimentului-la-caponiera-din-spatele-palatului-apor\/#breadcrumb","itemListElement":[{"@type":"ListItem","position":1,"name":"Prima pagin\u0103","item":"https:\/\/urbeamea.ro\/albaiulia\/"},{"@type":"ListItem","position":2,"name":"\u201dApel pentru voluntari\u201d din partea Asocia\u021biei Forum Apulum, cu ocazia orgaz\u0103rii evenimentului la caponiera din spatele Palatului Apor"}]},{"@type":"WebSite","@id":"https:\/\/urbeamea.ro\/albaiulia\/#website","url":"https:\/\/urbeamea.ro\/albaiulia\/","name":"Revista Urbea Mea, Stiri urbane","description":"Evenimente \u0219i \u0219tiri din Alba Iulia, Sebe\u0219, Aiud, Blaj","potentialAction":[{"@type":"SearchAction","target":{"@type":"EntryPoint","urlTemplate":"https:\/\/urbeamea.ro\/albaiulia\/?s={search_term_string}"},"query-input":{"@type":"PropertyValueSpecification","valueRequired":true,"valueName":"search_term_string"}}],"inLanguage":"ro-RO"},{"@type":"Person","@id":"https:\/\/urbeamea.ro\/albaiulia\/#\/schema\/person\/9700d21fae21c4f038b0b56f4506264a","name":"Cristina Ganga","image":{"@type":"ImageObject","inLanguage":"ro-RO","@id":"https:\/\/secure.gravatar.com\/avatar\/5a67661041f057b4a8ccaf26f5a8e86e2689372006d01faf3dd9eeb10b654bb4?s=96&d=mm&r=g","url":"https:\/\/secure.gravatar.com\/avatar\/5a67661041f057b4a8ccaf26f5a8e86e2689372006d01faf3dd9eeb10b654bb4?s=96&d=mm&r=g","contentUrl":"https:\/\/secure.gravatar.com\/avatar\/5a67661041f057b4a8ccaf26f5a8e86e2689372006d01faf3dd9eeb10b654bb4?s=96&d=mm&r=g","caption":"Cristina Ganga"},"description":"Jurnalist","sameAs":["https:\/\/www.facebook.com\/cristina.nicola.587"],"url":"https:\/\/urbeamea.ro\/albaiulia\/author\/cristina-nicola\/"}]}},"_links":{"self":[{"href":"https:\/\/urbeamea.ro\/albaiulia\/wp-json\/wp\/v2\/posts\/52471","targetHints":{"allow":["GET"]}}],"collection":[{"href":"https:\/\/urbeamea.ro\/albaiulia\/wp-json\/wp\/v2\/posts"}],"about":[{"href":"https:\/\/urbeamea.ro\/albaiulia\/wp-json\/wp\/v2\/types\/post"}],"author":[{"embeddable":true,"href":"https:\/\/urbeamea.ro\/albaiulia\/wp-json\/wp\/v2\/users\/17"}],"replies":[{"embeddable":true,"href":"https:\/\/urbeamea.ro\/albaiulia\/wp-json\/wp\/v2\/comments?post=52471"}],"version-history":[{"count":0,"href":"https:\/\/urbeamea.ro\/albaiulia\/wp-json\/wp\/v2\/posts\/52471\/revisions"}],"wp:featuredmedia":[{"embeddable":true,"href":"https:\/\/urbeamea.ro\/albaiulia\/wp-json\/wp\/v2\/media\/52472"}],"wp:attachment":[{"href":"https:\/\/urbeamea.ro\/albaiulia\/wp-json\/wp\/v2\/media?parent=52471"}],"wp:term":[{"taxonomy":"category","embeddable":true,"href":"https:\/\/urbeamea.ro\/albaiulia\/wp-json\/wp\/v2\/categories?post=52471"},{"taxonomy":"post_tag","embeddable":true,"href":"https:\/\/urbeamea.ro\/albaiulia\/wp-json\/wp\/v2\/tags?post=52471"}],"curies":[{"name":"wp","href":"https:\/\/api.w.org\/{rel}","templated":true}]}}