{"id":52511,"date":"2017-09-20T11:35:00","date_gmt":"2017-09-20T08:35:00","guid":{"rendered":"https:\/\/urbeamea.ro\/albaiulia\/?p=52511"},"modified":"2017-10-08T23:42:32","modified_gmt":"2017-10-08T20:42:32","slug":"spune-mi-ce-culoare-au-sosetele-tale-ca-sa-ti-spun-ce-personalitate-ai","status":"publish","type":"post","link":"https:\/\/urbeamea.ro\/albaiulia\/spune-mi-ce-culoare-au-sosetele-tale-ca-sa-ti-spun-ce-personalitate-ai\/","title":{"rendered":"(P) Spune-mi ce culoare au \u0219osetele tale ca s\u0103-\u021bi spun ce personalitate ai!"},"content":{"rendered":"<p><strong>Ce preferi, culorile vesele ale prim\u0103verii sau melancolia \u0219i mirajul unei ierni bogate? P\u0103rerile sunt \u00eemp\u0103r\u021bite, preferin\u021bele la fel. Dar, pentru orice preferin\u021b\u0103 exist\u0103 \u0219i-o pereche de \u0219osete. \u015etiai?<\/strong><\/p>\n<p>Colorate, clasice, mai lungi, mai scurte, mai pufoase, mai de var\u0103 sau chiar mai de sear\u0103. Vorbim despre puzderia de culori, m\u0103rimi \u0219i forme ale \u0219osetelor Ciserom. C\u0103ci nu degeaba au cucerit milioane de clien\u0163i din lumea-ntreag\u0103. Cei de la Ciserom nu se dezic, livreaz\u0103 de peste 90 ani ciorapi pentru cei mici, pentru cei mari \u0219i chiar pentru cei mai preten\u021bio\u0219i.<\/p>\n<p>Au apus vremurile \u00een care purtam \u0219osete din necesitate &#8211; ast\u0103zi ciorapii ne sunt accesoriul care ne accentueaz\u0103 personalitatea sau care ne condimenteaz\u0103 \u021binuta. Mai mult, dup\u0103 cum titreaz\u0103 unele cotidiene britanice, doar cei cu min\u021bi sclipitoare vor avea curajul s\u0103 se afi\u0219eze cu o pereche de \u0219osete &#8230; altfel. Cum altfel? P\u0103i, \u00een cazul \u00een care nu ai aflat \u00eenc\u0103, po\u021bi s\u0103 \u00eencalci c\u00e2teodat\u0103 regula \u0219osetele \u201acumin\u021bi\u2019. \u0218i nu e musai s\u0103 fii vedet\u0103 pe Broadway sau la Hollywood.<br \/>\nDac\u0103 le asortezi unor bretele haioase, o pereche de \u0219osete lungi \u0219i colorate ar putea s\u0103 spun\u0103 despre tine c\u0103 nu-\u021bi plac barierele conven\u021bionalului.<\/p>\n<p>Dac\u0103 le vrei doar \u00een alb \u0219i negru, nu e bai, g\u0103se\u0219ti la Ciserom de toate. \u00cens\u0103 e lesne s\u0103 ghicim c\u0103 e\u0219ti o persoan\u0103 ordonat\u0103, organizat\u0103 \u0219i care \u00eenc\u0103 se delecteaz\u0103 cu regulile elegan\u021bei clasice.<\/p>\n<p>Iar dac\u0103 indiferent c\u00e2t de cald e afar\u0103, nu te dezlipe\u0219ti de \u0219osetele tale, bine faci! E o dovad\u0103 a bunelor maniere faptul c\u0103 nu por\u021bi pantofi f\u0103r\u0103 \u0219osete. Asta spune despre tine c\u0103 e\u0219ti o persoan\u0103 responsabil\u0103 \u0219i de cuv\u00e2nt.<br \/>\nDac\u0103 e\u0219ti genul de persoan\u0103 care are un sertar plin cu \u0219osete, albe, negre, colorate, dungate sau cu alte modele mai pline de veselie, te-am putea caracteriza ca fiind o persoan\u0103 curioas\u0103, mereu dornic\u0103 de noi aventuri \u0219i care nu se mul\u021bume\u0219te cu pu\u021bin.<\/p>\n<p>\u0218i nici nu trebuie s\u0103 te mul\u021bume\u0219ti cu pu\u021bin. Dac\u0103 Ciserom a rezistat timp de 90 de ani \u0219i a reu\u0219it s\u0103 pun\u0103 \u0219osete de cea mai bun\u0103 calitate \u00een picioarele americanilor, francezilor, britanicilor, irandezilor \u0219i a germanilor, tu de ce n-ai purta cu m\u00e2ndrie un brand 100% rom\u00e2nesc?<\/p>\n<p>\u021aine minte: ciorapii nu mai sunt doar un simplu accesoriu. Te reprezint\u0103, te \u00eenc\u00e2nt\u0103 \u0219i, de ce nu, \u00ee\u021bi coloreaz\u0103 zilele mohor\u00e2te \u00een ce culoare vrei tu.<\/p>\n","protected":false},"excerpt":{"rendered":"<p>Ce preferi, culorile vesele ale prim\u0103verii sau melancolia \u0219i mirajul unei ierni bogate? P\u0103rerile sunt \u00eemp\u0103r\u021bite, preferin\u021bele la fel. Dar, pentru orice preferin\u021b\u0103 exist\u0103 \u0219i-o pereche de \u0219osete. \u015etiai? Colorate, clasice, mai lungi, mai scurte, mai pufoase, mai de var\u0103 sau chiar mai de sear\u0103. Vorbim despre puzderia de culori, m\u0103rimi \u0219i forme ale \u0219osetelor &hellip;<\/p>\n","protected":false},"author":17,"featured_media":52512,"comment_status":"open","ping_status":"open","sticky":false,"template":"","format":"standard","meta":{"inline_featured_image":false,"footnotes":""},"categories":[25],"tags":[307,12447,12450,12449,12451,12452,12453,1192,12448,308,76],"class_list":["post-52511","post","type-post","status-publish","format-standard","has-post-thumbnail","hentry","category-lifestyle-fashion","tag-alba","tag-ciseros","tag-clasice","tag-colorate","tag-mai-lungi","tag-mai-scurte","tag-persoana-responsabila-si-de-cuvant","tag-personalitate","tag-sosete","tag-stiri","tag-urbea-mea"],"yoast_head":"<!-- This site is optimized with the Yoast SEO plugin v27.4 - https:\/\/yoast.com\/product\/yoast-seo-wordpress\/ -->\n<title>(P) Spune-mi ce culoare au \u0219osetele tale ca s\u0103-\u021bi spun ce personalitate ai! - Revista Urbea Mea - Revista de Alba<\/title>\n<meta name=\"description\" content=\"Ce preferi, culorile vesele ale prim\u0103verii sau melancolia \u0219i mirajul unei ierni bogate? P\u0103rerile sunt \u00eemp\u0103r\u021bite, preferin\u021bele la fel. Dar, pentru orice\" \/>\n<meta name=\"robots\" content=\"index, follow, max-snippet:-1, max-image-preview:large, max-video-preview:-1\" \/>\n<link rel=\"canonical\" href=\"https:\/\/urbeamea.ro\/albaiulia\/spune-mi-ce-culoare-au-sosetele-tale-ca-sa-ti-spun-ce-personalitate-ai\/\" \/>\n<meta name=\"twitter:card\" content=\"summary_large_image\" \/>\n<meta name=\"twitter:title\" content=\"(P) Spune-mi ce culoare au \u0219osetele tale ca s\u0103-\u021bi spun ce personalitate ai! - Revista Urbea Mea - Revista de Alba\" \/>\n<meta name=\"twitter:description\" content=\"Ce preferi, culorile vesele ale prim\u0103verii sau melancolia \u0219i mirajul unei ierni bogate? P\u0103rerile sunt \u00eemp\u0103r\u021bite, preferin\u021bele la fel. Dar, pentru orice\" \/>\n<meta name=\"twitter:image\" content=\"https:\/\/urbeamea.ro\/albaiulia\/wp-content\/uploads\/2017\/09\/sosetele-exploratorilor.jpg\" \/>\n<meta name=\"twitter:creator\" content=\"@urbeameaweb\" \/>\n<meta name=\"twitter:site\" content=\"@urbeameaweb\" \/>\n<script type=\"application\/ld+json\" class=\"yoast-schema-graph\">{\"@context\":\"https:\\\/\\\/schema.org\",\"@graph\":[{\"@type\":\"Article\",\"@id\":\"https:\\\/\\\/urbeamea.ro\\\/albaiulia\\\/spune-mi-ce-culoare-au-sosetele-tale-ca-sa-ti-spun-ce-personalitate-ai\\\/#article\",\"isPartOf\":{\"@id\":\"https:\\\/\\\/urbeamea.ro\\\/albaiulia\\\/spune-mi-ce-culoare-au-sosetele-tale-ca-sa-ti-spun-ce-personalitate-ai\\\/\"},\"author\":{\"name\":\"Cristina Ganga\",\"@id\":\"https:\\\/\\\/urbeamea.ro\\\/albaiulia\\\/#\\\/schema\\\/person\\\/9700d21fae21c4f038b0b56f4506264a\"},\"headline\":\"(P) Spune-mi ce culoare au \u0219osetele tale ca s\u0103-\u021bi spun ce personalitate ai!\",\"datePublished\":\"2017-09-20T08:35:00+00:00\",\"dateModified\":\"2017-10-08T20:42:32+00:00\",\"mainEntityOfPage\":{\"@id\":\"https:\\\/\\\/urbeamea.ro\\\/albaiulia\\\/spune-mi-ce-culoare-au-sosetele-tale-ca-sa-ti-spun-ce-personalitate-ai\\\/\"},\"wordCount\":444,\"commentCount\":0,\"image\":{\"@id\":\"https:\\\/\\\/urbeamea.ro\\\/albaiulia\\\/spune-mi-ce-culoare-au-sosetele-tale-ca-sa-ti-spun-ce-personalitate-ai\\\/#primaryimage\"},\"thumbnailUrl\":\"https:\\\/\\\/urbeamea.ro\\\/albaiulia\\\/wp-content\\\/uploads\\\/2017\\\/09\\\/sosetele-exploratorilor.jpg\",\"keywords\":[\"alba\",\"ciseros\",\"clasice\",\"colorate\",\"mai lungi\",\"mai scurte\",\"persoana responsabila si de cuvant\",\"personalitate\",\"sosete\",\"stiri\",\"Urbea Mea\"],\"articleSection\":[\"Lifestyle &amp; Fashion\"],\"inLanguage\":\"ro-RO\",\"potentialAction\":[{\"@type\":\"CommentAction\",\"name\":\"Comment\",\"target\":[\"https:\\\/\\\/urbeamea.ro\\\/albaiulia\\\/spune-mi-ce-culoare-au-sosetele-tale-ca-sa-ti-spun-ce-personalitate-ai\\\/#respond\"]}]},{\"@type\":\"WebPage\",\"@id\":\"https:\\\/\\\/urbeamea.ro\\\/albaiulia\\\/spune-mi-ce-culoare-au-sosetele-tale-ca-sa-ti-spun-ce-personalitate-ai\\\/\",\"url\":\"https:\\\/\\\/urbeamea.ro\\\/albaiulia\\\/spune-mi-ce-culoare-au-sosetele-tale-ca-sa-ti-spun-ce-personalitate-ai\\\/\",\"name\":\"(P) Spune-mi ce culoare au \u0219osetele tale ca s\u0103-\u021bi spun ce personalitate ai! - Revista Urbea Mea - Revista de Alba\",\"isPartOf\":{\"@id\":\"https:\\\/\\\/urbeamea.ro\\\/albaiulia\\\/#website\"},\"primaryImageOfPage\":{\"@id\":\"https:\\\/\\\/urbeamea.ro\\\/albaiulia\\\/spune-mi-ce-culoare-au-sosetele-tale-ca-sa-ti-spun-ce-personalitate-ai\\\/#primaryimage\"},\"image\":{\"@id\":\"https:\\\/\\\/urbeamea.ro\\\/albaiulia\\\/spune-mi-ce-culoare-au-sosetele-tale-ca-sa-ti-spun-ce-personalitate-ai\\\/#primaryimage\"},\"thumbnailUrl\":\"https:\\\/\\\/urbeamea.ro\\\/albaiulia\\\/wp-content\\\/uploads\\\/2017\\\/09\\\/sosetele-exploratorilor.jpg\",\"datePublished\":\"2017-09-20T08:35:00+00:00\",\"dateModified\":\"2017-10-08T20:42:32+00:00\",\"author\":{\"@id\":\"https:\\\/\\\/urbeamea.ro\\\/albaiulia\\\/#\\\/schema\\\/person\\\/9700d21fae21c4f038b0b56f4506264a\"},\"description\":\"Ce preferi, culorile vesele ale prim\u0103verii sau melancolia \u0219i mirajul unei ierni bogate? P\u0103rerile sunt \u00eemp\u0103r\u021bite, preferin\u021bele la fel. Dar, pentru orice\",\"breadcrumb\":{\"@id\":\"https:\\\/\\\/urbeamea.ro\\\/albaiulia\\\/spune-mi-ce-culoare-au-sosetele-tale-ca-sa-ti-spun-ce-personalitate-ai\\\/#breadcrumb\"},\"inLanguage\":\"ro-RO\",\"potentialAction\":[{\"@type\":\"ReadAction\",\"target\":[\"https:\\\/\\\/urbeamea.ro\\\/albaiulia\\\/spune-mi-ce-culoare-au-sosetele-tale-ca-sa-ti-spun-ce-personalitate-ai\\\/\"]}]},{\"@type\":\"ImageObject\",\"inLanguage\":\"ro-RO\",\"@id\":\"https:\\\/\\\/urbeamea.ro\\\/albaiulia\\\/spune-mi-ce-culoare-au-sosetele-tale-ca-sa-ti-spun-ce-personalitate-ai\\\/#primaryimage\",\"url\":\"https:\\\/\\\/urbeamea.ro\\\/albaiulia\\\/wp-content\\\/uploads\\\/2017\\\/09\\\/sosetele-exploratorilor.jpg\",\"contentUrl\":\"https:\\\/\\\/urbeamea.ro\\\/albaiulia\\\/wp-content\\\/uploads\\\/2017\\\/09\\\/sosetele-exploratorilor.jpg\",\"width\":800,\"height\":600},{\"@type\":\"BreadcrumbList\",\"@id\":\"https:\\\/\\\/urbeamea.ro\\\/albaiulia\\\/spune-mi-ce-culoare-au-sosetele-tale-ca-sa-ti-spun-ce-personalitate-ai\\\/#breadcrumb\",\"itemListElement\":[{\"@type\":\"ListItem\",\"position\":1,\"name\":\"Prima pagin\u0103\",\"item\":\"https:\\\/\\\/urbeamea.ro\\\/albaiulia\\\/\"},{\"@type\":\"ListItem\",\"position\":2,\"name\":\"(P) Spune-mi ce culoare au \u0219osetele tale ca s\u0103-\u021bi spun ce personalitate ai!\"}]},{\"@type\":\"WebSite\",\"@id\":\"https:\\\/\\\/urbeamea.ro\\\/albaiulia\\\/#website\",\"url\":\"https:\\\/\\\/urbeamea.ro\\\/albaiulia\\\/\",\"name\":\"Revista Urbea Mea, Stiri urbane\",\"description\":\"Evenimente \u0219i \u0219tiri din Alba Iulia, Sebe\u0219, Aiud, Blaj\",\"potentialAction\":[{\"@type\":\"SearchAction\",\"target\":{\"@type\":\"EntryPoint\",\"urlTemplate\":\"https:\\\/\\\/urbeamea.ro\\\/albaiulia\\\/?s={search_term_string}\"},\"query-input\":{\"@type\":\"PropertyValueSpecification\",\"valueRequired\":true,\"valueName\":\"search_term_string\"}}],\"inLanguage\":\"ro-RO\"},{\"@type\":\"Person\",\"@id\":\"https:\\\/\\\/urbeamea.ro\\\/albaiulia\\\/#\\\/schema\\\/person\\\/9700d21fae21c4f038b0b56f4506264a\",\"name\":\"Cristina Ganga\",\"image\":{\"@type\":\"ImageObject\",\"inLanguage\":\"ro-RO\",\"@id\":\"https:\\\/\\\/secure.gravatar.com\\\/avatar\\\/5a67661041f057b4a8ccaf26f5a8e86e2689372006d01faf3dd9eeb10b654bb4?s=96&d=mm&r=g\",\"url\":\"https:\\\/\\\/secure.gravatar.com\\\/avatar\\\/5a67661041f057b4a8ccaf26f5a8e86e2689372006d01faf3dd9eeb10b654bb4?s=96&d=mm&r=g\",\"contentUrl\":\"https:\\\/\\\/secure.gravatar.com\\\/avatar\\\/5a67661041f057b4a8ccaf26f5a8e86e2689372006d01faf3dd9eeb10b654bb4?s=96&d=mm&r=g\",\"caption\":\"Cristina Ganga\"},\"description\":\"Jurnalist\",\"sameAs\":[\"https:\\\/\\\/www.facebook.com\\\/cristina.nicola.587\"],\"url\":\"https:\\\/\\\/urbeamea.ro\\\/albaiulia\\\/author\\\/cristina-nicola\\\/\"}]}<\/script>\n<!-- \/ Yoast SEO plugin. -->","yoast_head_json":{"title":"(P) Spune-mi ce culoare au \u0219osetele tale ca s\u0103-\u021bi spun ce personalitate ai! - Revista Urbea Mea - Revista de Alba","description":"Ce preferi, culorile vesele ale prim\u0103verii sau melancolia \u0219i mirajul unei ierni bogate? P\u0103rerile sunt \u00eemp\u0103r\u021bite, preferin\u021bele la fel. Dar, pentru orice","robots":{"index":"index","follow":"follow","max-snippet":"max-snippet:-1","max-image-preview":"max-image-preview:large","max-video-preview":"max-video-preview:-1"},"canonical":"https:\/\/urbeamea.ro\/albaiulia\/spune-mi-ce-culoare-au-sosetele-tale-ca-sa-ti-spun-ce-personalitate-ai\/","twitter_card":"summary_large_image","twitter_title":"(P) Spune-mi ce culoare au \u0219osetele tale ca s\u0103-\u021bi spun ce personalitate ai! - Revista Urbea Mea - Revista de Alba","twitter_description":"Ce preferi, culorile vesele ale prim\u0103verii sau melancolia \u0219i mirajul unei ierni bogate? P\u0103rerile sunt \u00eemp\u0103r\u021bite, preferin\u021bele la fel. Dar, pentru orice","twitter_image":"https:\/\/urbeamea.ro\/albaiulia\/wp-content\/uploads\/2017\/09\/sosetele-exploratorilor.jpg","twitter_creator":"@urbeameaweb","twitter_site":"@urbeameaweb","schema":{"@context":"https:\/\/schema.org","@graph":[{"@type":"Article","@id":"https:\/\/urbeamea.ro\/albaiulia\/spune-mi-ce-culoare-au-sosetele-tale-ca-sa-ti-spun-ce-personalitate-ai\/#article","isPartOf":{"@id":"https:\/\/urbeamea.ro\/albaiulia\/spune-mi-ce-culoare-au-sosetele-tale-ca-sa-ti-spun-ce-personalitate-ai\/"},"author":{"name":"Cristina Ganga","@id":"https:\/\/urbeamea.ro\/albaiulia\/#\/schema\/person\/9700d21fae21c4f038b0b56f4506264a"},"headline":"(P) Spune-mi ce culoare au \u0219osetele tale ca s\u0103-\u021bi spun ce personalitate ai!","datePublished":"2017-09-20T08:35:00+00:00","dateModified":"2017-10-08T20:42:32+00:00","mainEntityOfPage":{"@id":"https:\/\/urbeamea.ro\/albaiulia\/spune-mi-ce-culoare-au-sosetele-tale-ca-sa-ti-spun-ce-personalitate-ai\/"},"wordCount":444,"commentCount":0,"image":{"@id":"https:\/\/urbeamea.ro\/albaiulia\/spune-mi-ce-culoare-au-sosetele-tale-ca-sa-ti-spun-ce-personalitate-ai\/#primaryimage"},"thumbnailUrl":"https:\/\/urbeamea.ro\/albaiulia\/wp-content\/uploads\/2017\/09\/sosetele-exploratorilor.jpg","keywords":["alba","ciseros","clasice","colorate","mai lungi","mai scurte","persoana responsabila si de cuvant","personalitate","sosete","stiri","Urbea Mea"],"articleSection":["Lifestyle &amp; Fashion"],"inLanguage":"ro-RO","potentialAction":[{"@type":"CommentAction","name":"Comment","target":["https:\/\/urbeamea.ro\/albaiulia\/spune-mi-ce-culoare-au-sosetele-tale-ca-sa-ti-spun-ce-personalitate-ai\/#respond"]}]},{"@type":"WebPage","@id":"https:\/\/urbeamea.ro\/albaiulia\/spune-mi-ce-culoare-au-sosetele-tale-ca-sa-ti-spun-ce-personalitate-ai\/","url":"https:\/\/urbeamea.ro\/albaiulia\/spune-mi-ce-culoare-au-sosetele-tale-ca-sa-ti-spun-ce-personalitate-ai\/","name":"(P) Spune-mi ce culoare au \u0219osetele tale ca s\u0103-\u021bi spun ce personalitate ai! - Revista Urbea Mea - Revista de Alba","isPartOf":{"@id":"https:\/\/urbeamea.ro\/albaiulia\/#website"},"primaryImageOfPage":{"@id":"https:\/\/urbeamea.ro\/albaiulia\/spune-mi-ce-culoare-au-sosetele-tale-ca-sa-ti-spun-ce-personalitate-ai\/#primaryimage"},"image":{"@id":"https:\/\/urbeamea.ro\/albaiulia\/spune-mi-ce-culoare-au-sosetele-tale-ca-sa-ti-spun-ce-personalitate-ai\/#primaryimage"},"thumbnailUrl":"https:\/\/urbeamea.ro\/albaiulia\/wp-content\/uploads\/2017\/09\/sosetele-exploratorilor.jpg","datePublished":"2017-09-20T08:35:00+00:00","dateModified":"2017-10-08T20:42:32+00:00","author":{"@id":"https:\/\/urbeamea.ro\/albaiulia\/#\/schema\/person\/9700d21fae21c4f038b0b56f4506264a"},"description":"Ce preferi, culorile vesele ale prim\u0103verii sau melancolia \u0219i mirajul unei ierni bogate? P\u0103rerile sunt \u00eemp\u0103r\u021bite, preferin\u021bele la fel. Dar, pentru orice","breadcrumb":{"@id":"https:\/\/urbeamea.ro\/albaiulia\/spune-mi-ce-culoare-au-sosetele-tale-ca-sa-ti-spun-ce-personalitate-ai\/#breadcrumb"},"inLanguage":"ro-RO","potentialAction":[{"@type":"ReadAction","target":["https:\/\/urbeamea.ro\/albaiulia\/spune-mi-ce-culoare-au-sosetele-tale-ca-sa-ti-spun-ce-personalitate-ai\/"]}]},{"@type":"ImageObject","inLanguage":"ro-RO","@id":"https:\/\/urbeamea.ro\/albaiulia\/spune-mi-ce-culoare-au-sosetele-tale-ca-sa-ti-spun-ce-personalitate-ai\/#primaryimage","url":"https:\/\/urbeamea.ro\/albaiulia\/wp-content\/uploads\/2017\/09\/sosetele-exploratorilor.jpg","contentUrl":"https:\/\/urbeamea.ro\/albaiulia\/wp-content\/uploads\/2017\/09\/sosetele-exploratorilor.jpg","width":800,"height":600},{"@type":"BreadcrumbList","@id":"https:\/\/urbeamea.ro\/albaiulia\/spune-mi-ce-culoare-au-sosetele-tale-ca-sa-ti-spun-ce-personalitate-ai\/#breadcrumb","itemListElement":[{"@type":"ListItem","position":1,"name":"Prima pagin\u0103","item":"https:\/\/urbeamea.ro\/albaiulia\/"},{"@type":"ListItem","position":2,"name":"(P) Spune-mi ce culoare au \u0219osetele tale ca s\u0103-\u021bi spun ce personalitate ai!"}]},{"@type":"WebSite","@id":"https:\/\/urbeamea.ro\/albaiulia\/#website","url":"https:\/\/urbeamea.ro\/albaiulia\/","name":"Revista Urbea Mea, Stiri urbane","description":"Evenimente \u0219i \u0219tiri din Alba Iulia, Sebe\u0219, Aiud, Blaj","potentialAction":[{"@type":"SearchAction","target":{"@type":"EntryPoint","urlTemplate":"https:\/\/urbeamea.ro\/albaiulia\/?s={search_term_string}"},"query-input":{"@type":"PropertyValueSpecification","valueRequired":true,"valueName":"search_term_string"}}],"inLanguage":"ro-RO"},{"@type":"Person","@id":"https:\/\/urbeamea.ro\/albaiulia\/#\/schema\/person\/9700d21fae21c4f038b0b56f4506264a","name":"Cristina Ganga","image":{"@type":"ImageObject","inLanguage":"ro-RO","@id":"https:\/\/secure.gravatar.com\/avatar\/5a67661041f057b4a8ccaf26f5a8e86e2689372006d01faf3dd9eeb10b654bb4?s=96&d=mm&r=g","url":"https:\/\/secure.gravatar.com\/avatar\/5a67661041f057b4a8ccaf26f5a8e86e2689372006d01faf3dd9eeb10b654bb4?s=96&d=mm&r=g","contentUrl":"https:\/\/secure.gravatar.com\/avatar\/5a67661041f057b4a8ccaf26f5a8e86e2689372006d01faf3dd9eeb10b654bb4?s=96&d=mm&r=g","caption":"Cristina Ganga"},"description":"Jurnalist","sameAs":["https:\/\/www.facebook.com\/cristina.nicola.587"],"url":"https:\/\/urbeamea.ro\/albaiulia\/author\/cristina-nicola\/"}]}},"_links":{"self":[{"href":"https:\/\/urbeamea.ro\/albaiulia\/wp-json\/wp\/v2\/posts\/52511","targetHints":{"allow":["GET"]}}],"collection":[{"href":"https:\/\/urbeamea.ro\/albaiulia\/wp-json\/wp\/v2\/posts"}],"about":[{"href":"https:\/\/urbeamea.ro\/albaiulia\/wp-json\/wp\/v2\/types\/post"}],"author":[{"embeddable":true,"href":"https:\/\/urbeamea.ro\/albaiulia\/wp-json\/wp\/v2\/users\/17"}],"replies":[{"embeddable":true,"href":"https:\/\/urbeamea.ro\/albaiulia\/wp-json\/wp\/v2\/comments?post=52511"}],"version-history":[{"count":0,"href":"https:\/\/urbeamea.ro\/albaiulia\/wp-json\/wp\/v2\/posts\/52511\/revisions"}],"wp:featuredmedia":[{"embeddable":true,"href":"https:\/\/urbeamea.ro\/albaiulia\/wp-json\/wp\/v2\/media\/52512"}],"wp:attachment":[{"href":"https:\/\/urbeamea.ro\/albaiulia\/wp-json\/wp\/v2\/media?parent=52511"}],"wp:term":[{"taxonomy":"category","embeddable":true,"href":"https:\/\/urbeamea.ro\/albaiulia\/wp-json\/wp\/v2\/categories?post=52511"},{"taxonomy":"post_tag","embeddable":true,"href":"https:\/\/urbeamea.ro\/albaiulia\/wp-json\/wp\/v2\/tags?post=52511"}],"curies":[{"name":"wp","href":"https:\/\/api.w.org\/{rel}","templated":true}]}}