{"id":52804,"date":"2017-09-21T18:08:46","date_gmt":"2017-09-21T15:08:46","guid":{"rendered":"https:\/\/urbeamea.ro\/albaiulia\/?p=52804"},"modified":"2017-09-21T18:13:00","modified_gmt":"2017-09-21T15:13:00","slug":"28-septembrie-violonistii-cheama-intariri-pentru-a-vii-a-editie-a-duelului-viorilor","status":"publish","type":"post","link":"https:\/\/urbeamea.ro\/albaiulia\/28-septembrie-violonistii-cheama-intariri-pentru-a-vii-a-editie-a-duelului-viorilor\/","title":{"rendered":"28 septembrie: Violoni\u0219tii cheam\u0103 \u00eent\u0103riri pentru a VII-a edi\u021bie a Duelului Viorilor"},"content":{"rendered":"<p><strong>Dac\u0103 Festivalul Enescu a fost evenimentul muzical al toamnei care a oferit melomanilor prilejul de a asista la o parad\u0103 a marilor orchestre \u0219i marilor soli\u0219ti ai lumii, o continuare fireasc\u0103 este un proiect muzical parc\u0103 desprins pu\u021bin din el, c\u0103ci \u00eel va avea printre protagoni\u0219ti pe concert-maestrul celebrei orchestre Royal Concertgebouw Amsterdam, care a fost programat\u0103 \u00een ultimele dou\u0103 seri pe scena festivalului: violonistul Liviu Prunaru.<\/strong><\/p>\n<p>Artistul rom\u00e2n are chiar rolul important de solist al acestei orchestre \u00een ultima sear\u0103 de festival, c\u00e2nd va interpreta Caprice Roumain pentru vioar\u0103 \u0219i orchestr\u0103&#8221; de George Enescu, lucrare pe care are bucuria de a o prezenta \u0219i publicului olandez \u00een cadrul altor dou\u0103 concerte cu prestigioasa orchestr\u0103, cu doar c\u00e2teva zile \u00eenainte de sosirea la Bucure\u0219ti.<\/p>\n<p>Liviu Prunaru \u00ee\u0219i va \u00eencruci\u0219a arcu\u0219ul cu violonistul Gabriel Croitoru. Turneul Interna\u021bional &#8222;DUELUL VIORILOR&#8221;, un proiect Radio Rom\u00e2nia, edi\u021bia a VII-a, va avea loc \u00een perioada 27 septembrie \u2014 1 octombrie 2017, \u00een 4 ora\u0219e din Rom\u00e2nia. Arbitrul \u00eentrecerii muzicale este pianistul Horia Mihail.<\/p>\n<p>Dup\u0103 \u0219apte ani, de\u0219i ideea de duel s-a transformat \u00eentr-o \u00eentrecere amiabil\u0103 pentru cucerirea publicului, totu\u0219i \u00eentrebarea r\u0103m\u00e2ne: Stradivarius sau Guarneri?. C\u00e2\u0219tig\u0103torul nu a putut fi niciodat\u0103 stabilit, a\u0219a c\u0103 anul acesta cei doi violoni\u0219ti au chemat \u00eent\u0103riri.<\/p>\n<p>Lui Liviu Prunaru i se va al\u0103tura so\u021bia sa, violonista Valentina Svyatlovskaya-Prunaru, care este membr\u0103 de asemenea a celebrului ansamblu Royal Concertgebouw Orchestra Amsterdam. Este o muzician\u0103 cu o bogat\u0103 activitate concertistic\u0103 fie \u00een variant\u0103 solo, fie \u00een duo cu Liviu Prunaru. Este de\u021bin\u0103toare a unui bogat palmares competi\u021bional.<\/p>\n<p>Gabriel Croitoru mizeaz\u0103 pe genera\u021bia t\u00e2n\u0103r\u0103, invit\u00e2nd-o pe scen\u0103 pe fiica sa care \u00eei este \u0219i student\u0103. Talentul Siminei Croitoru a fost r\u0103spl\u0103tit cu numeroase premii ob\u021binute \u00een concursuri na\u021bionale \u0219i interna\u021bionale, iar activitatea sa artistic\u0103 este deja foarte dens\u0103, cuprinz\u00e2nd concerte sus\u021binute al\u0103turi de numeroase orchestre.<\/p>\n<p>Ca \u00eentotdeauna vedetele, \u00een ceea ce prive\u0219te instrumentele, vor fi viorile Stradivarius &#8216;Pachoud&#8217;, pe care c\u00e2nt\u0103 Liviu Prunaru, dar \u0219i Guarneri del Gesu ?&#8217;Catedrala&#8221;, pe care c\u00e2nt\u0103 Gabriel Croitoru (care este pus\u0103 la dispozi\u021bie de Muzeul Na\u021bional George Enescu, \u00een patrimoniul c\u0103ruia se afl\u0103), viori care poart\u0103 cu ele, la r\u00e2ndul lor, pove\u0219ti excep\u021bionale care pot fi descoperite pe site-ul www.duelulviorilor.ro.<\/p>\n<p><img loading=\"lazy\" decoding=\"async\" class=\"alignnone size-medium wp-image-52807\" src=\"https:\/\/urbeamea.ro\/albaiulia\/wp-content\/uploads\/2017\/09\/Valentina_MG_0251-427x640.jpeg\" alt=\"\" width=\"427\" height=\"640\" srcset=\"https:\/\/urbeamea.ro\/albaiulia\/wp-content\/uploads\/2017\/09\/Valentina_MG_0251-427x640.jpeg 427w, https:\/\/urbeamea.ro\/albaiulia\/wp-content\/uploads\/2017\/09\/Valentina_MG_0251-100x150.jpeg 100w, https:\/\/urbeamea.ro\/albaiulia\/wp-content\/uploads\/2017\/09\/Valentina_MG_0251.jpeg 534w\" sizes=\"auto, (max-width: 427px) 100vw, 427px\" \/><\/p>\n<p><strong>PROGRAM RECITAL:<\/strong><\/p>\n<p>Gabriel Croitoru \u0219i Horia Mihail<\/p>\n<p>Fr. Kreisler: Rondino pe o tem\u0103 de Beethoven<\/p>\n<ol>\n<li>Mendelssohn: On wings of song<\/li>\n<li>Poldini: Doll waltz<\/li>\n<\/ol>\n<p>Simina Croitoru \u0219i Horia Mihail<\/p>\n<p>Fr. Kreisler: Liebesleid<\/p>\n<ol>\n<li>de Sarasate: Melodii l\u0103ut\u0103re\u0219ti<\/li>\n<\/ol>\n<p>Valentina Svyatlovskaya-Prunaru \u0219i Horia Mihail<\/p>\n<ol>\n<li>de Sarasate: Introducere \u0219i Rondo Capriccioso<\/li>\n<\/ol>\n<p>Fr. Kreisler: Preludiu \u0219i Allegro<\/p>\n<p>Liviu Prunaru \u0219i Horia Mihail<\/p>\n<ol>\n<li>Wieniawski: Souvenir de Moscou, op. 6<\/li>\n<li>Brahms: Scherzo \u00een do minor din Sonata FAE<\/li>\n<\/ol>\n<p>* * *<\/p>\n<p>Gabriel Croitoru \u0219i Simina Croitoru<\/p>\n<ol>\n<li>Spohr: Grand Duo Concertante, op. 67 nr. 2 \u00een re major<\/li>\n<\/ol>\n<p>Liviu Prunaru \u0219i Valentina Svyatlovskaya-Prunaru<\/p>\n<p>Ch.-A. de Beriot: Duo concertante op. 57, nr. 1<\/p>\n<p>Liviu Prunaru \u0219i Gabriel Croitoru<\/p>\n<ol>\n<li>Halvorsen: Capriciu pentru dou\u0103 viori, pe teme norvegiene<\/li>\n<\/ol>\n<p>Valentina Svyatlovskaya Prunaru \u2014 Liviu Prunaru \u2014 Simina Croitoru \u2014 Gabriel Croitoru<\/p>\n<p>Ch. Dancla: Varia\u021biuni pe o tem\u0103 de Mozart \u2014 Ah, vous dirai-je, maman\u2014pentru patru viori \u0219i pian<\/p>\n<p><strong>ITINERAR:<\/strong><\/p>\n<p>Deva, 27 septembrie, Sala Pro Arte<\/p>\n<p><strong>Alba Iulia, 28 septembrie, Casa de Cultur\u0103<\/strong><\/p>\n<p>Arad, 29 septembrie, Teatrul Clasic &#8221;Ioan Slavici&#8221;<\/p>\n<p>Bucure\u0219ti, 1 octombrie, Sala Radio<\/p>\n<p>Un proiect: Radio Rom\u00e2nia<\/p>\n<p>Coproduc\u0103tori : Radio Rom\u00e2nia Cultural, Radio Rom\u00e2nia Regional \u0219i TVR 3<\/p>\n<p>Eveniment co-finan\u021bat de Uniunea de Crea\u021bie Interpretativ\u0103 a Muzicienilor din Rom\u00e2nia (UCIMR)<\/p>\n<p>Sponsor : JTI<\/p>\n<p>Parteneri : Accendo, Muzeul Na\u021bional George Enescu, Senia Music, Arena Comunications<\/p>\n<p>Parteneri media: Orchestrele \u0219i Corurile Radio, Radio Rom\u00e2nia Actualit\u0103\u021bi, Radio Rom\u00e2nia Muzical, Radio Rom\u00e2nia Regional, Radio Rom\u00e2nia Interna\u021bional, Rom\u00e2nia TV, Ca\u021bavencii, Zile \u0219i Nop\u021bi, Observator Cultural, Agen\u021bia de carte, Liternet, Actualitatea Muzical\u0103, mediaTRUST<\/p>\n<p>Parteneri culturali: Asocia\u021bia Cultural\u0103 &#8216;DevArt&#8217;, Colegiul Na\u021bional Decebal Deva, Municipiul Alba Iulia, Centrul Municipal de Cultur\u0103 Arad, Teatrul Clasic Ioan Slavici Arad, Filarmonica de Stat Arad.<\/p>\n","protected":false},"excerpt":{"rendered":"<p>Dac\u0103 Festivalul Enescu a fost evenimentul muzical al toamnei care a oferit melomanilor prilejul de a asista la o parad\u0103 a marilor orchestre \u0219i marilor soli\u0219ti ai lumii, o continuare fireasc\u0103 este un proiect muzical parc\u0103 desprins pu\u021bin din el, c\u0103ci \u00eel va avea printre protagoni\u0219ti pe concert-maestrul celebrei orchestre Royal Concertgebouw Amsterdam, care a &hellip;<\/p>\n","protected":false},"author":17,"featured_media":33591,"comment_status":"open","ping_status":"open","sticky":false,"template":"","format":"standard","meta":{"inline_featured_image":false,"footnotes":""},"categories":[4],"tags":[31,468,7824,7321,5010,12470,308,76,12471],"class_list":["post-52804","post","type-post","status-publish","format-standard","has-post-thumbnail","hentry","category-eveniment","tag-alba-iulia","tag-casa-de-cultura-a-sindicatelor","tag-duelul-viorilor","tag-gabriel-croitoru","tag-horia-mihail","tag-simina-croitoru","tag-stiri","tag-urbea-mea","tag-valentina-svyatlovskaya-prunaru"],"yoast_head":"<!-- This site is optimized with the Yoast SEO plugin v27.4 - https:\/\/yoast.com\/product\/yoast-seo-wordpress\/ -->\n<title>28 septembrie: Violoni\u0219tii cheam\u0103 \u00eent\u0103riri pentru a VII-a edi\u021bie a Duelului Viorilor - Revista Urbea Mea - Revista de Alba<\/title>\n<meta name=\"description\" content=\"Dac\u0103 Festivalul Enescu a fost evenimentul muzical al toamnei care a oferit melomanilor prilejul de a asista la o parad\u0103 a marilor orchestre \u0219i marilor\" \/>\n<meta name=\"robots\" content=\"index, follow, max-snippet:-1, max-image-preview:large, max-video-preview:-1\" \/>\n<link rel=\"canonical\" href=\"https:\/\/urbeamea.ro\/albaiulia\/28-septembrie-violonistii-cheama-intariri-pentru-a-vii-a-editie-a-duelului-viorilor\/\" \/>\n<meta name=\"twitter:card\" content=\"summary_large_image\" \/>\n<meta name=\"twitter:title\" content=\"28 septembrie: Violoni\u0219tii cheam\u0103 \u00eent\u0103riri pentru a VII-a edi\u021bie a Duelului Viorilor - Revista Urbea Mea - Revista de Alba\" \/>\n<meta name=\"twitter:description\" content=\"Dac\u0103 Festivalul Enescu a fost evenimentul muzical al toamnei care a oferit melomanilor prilejul de a asista la o parad\u0103 a marilor orchestre \u0219i marilor\" \/>\n<meta name=\"twitter:image\" content=\"https:\/\/urbeamea.ro\/albaiulia\/wp-content\/uploads\/2016\/10\/DSC_0037-4.jpg\" \/>\n<meta name=\"twitter:creator\" content=\"@urbeameaweb\" \/>\n<meta name=\"twitter:site\" content=\"@urbeameaweb\" \/>\n<script type=\"application\/ld+json\" class=\"yoast-schema-graph\">{\"@context\":\"https:\\\/\\\/schema.org\",\"@graph\":[{\"@type\":\"Article\",\"@id\":\"https:\\\/\\\/urbeamea.ro\\\/albaiulia\\\/28-septembrie-violonistii-cheama-intariri-pentru-a-vii-a-editie-a-duelului-viorilor\\\/#article\",\"isPartOf\":{\"@id\":\"https:\\\/\\\/urbeamea.ro\\\/albaiulia\\\/28-septembrie-violonistii-cheama-intariri-pentru-a-vii-a-editie-a-duelului-viorilor\\\/\"},\"author\":{\"name\":\"Cristina Ganga\",\"@id\":\"https:\\\/\\\/urbeamea.ro\\\/albaiulia\\\/#\\\/schema\\\/person\\\/9700d21fae21c4f038b0b56f4506264a\"},\"headline\":\"28 septembrie: Violoni\u0219tii cheam\u0103 \u00eent\u0103riri pentru a VII-a edi\u021bie a Duelului Viorilor\",\"datePublished\":\"2017-09-21T15:08:46+00:00\",\"dateModified\":\"2017-09-21T15:13:00+00:00\",\"mainEntityOfPage\":{\"@id\":\"https:\\\/\\\/urbeamea.ro\\\/albaiulia\\\/28-septembrie-violonistii-cheama-intariri-pentru-a-vii-a-editie-a-duelului-viorilor\\\/\"},\"wordCount\":702,\"commentCount\":0,\"image\":{\"@id\":\"https:\\\/\\\/urbeamea.ro\\\/albaiulia\\\/28-septembrie-violonistii-cheama-intariri-pentru-a-vii-a-editie-a-duelului-viorilor\\\/#primaryimage\"},\"thumbnailUrl\":\"https:\\\/\\\/urbeamea.ro\\\/albaiulia\\\/wp-content\\\/uploads\\\/2016\\\/10\\\/DSC_0037-4.jpg\",\"keywords\":[\"Alba Iulia\",\"casa de cultura a sindicatelor\",\"duelul viorilor\",\"gabriel croitoru\",\"horia mihail\",\"simina croitoru\",\"stiri\",\"Urbea Mea\",\"Valentina Svyatlovskaya-Prunaru\"],\"articleSection\":[\"Evenimente\"],\"inLanguage\":\"ro-RO\",\"potentialAction\":[{\"@type\":\"CommentAction\",\"name\":\"Comment\",\"target\":[\"https:\\\/\\\/urbeamea.ro\\\/albaiulia\\\/28-septembrie-violonistii-cheama-intariri-pentru-a-vii-a-editie-a-duelului-viorilor\\\/#respond\"]}]},{\"@type\":\"WebPage\",\"@id\":\"https:\\\/\\\/urbeamea.ro\\\/albaiulia\\\/28-septembrie-violonistii-cheama-intariri-pentru-a-vii-a-editie-a-duelului-viorilor\\\/\",\"url\":\"https:\\\/\\\/urbeamea.ro\\\/albaiulia\\\/28-septembrie-violonistii-cheama-intariri-pentru-a-vii-a-editie-a-duelului-viorilor\\\/\",\"name\":\"28 septembrie: Violoni\u0219tii cheam\u0103 \u00eent\u0103riri pentru a VII-a edi\u021bie a Duelului Viorilor - Revista Urbea Mea - Revista de Alba\",\"isPartOf\":{\"@id\":\"https:\\\/\\\/urbeamea.ro\\\/albaiulia\\\/#website\"},\"primaryImageOfPage\":{\"@id\":\"https:\\\/\\\/urbeamea.ro\\\/albaiulia\\\/28-septembrie-violonistii-cheama-intariri-pentru-a-vii-a-editie-a-duelului-viorilor\\\/#primaryimage\"},\"image\":{\"@id\":\"https:\\\/\\\/urbeamea.ro\\\/albaiulia\\\/28-septembrie-violonistii-cheama-intariri-pentru-a-vii-a-editie-a-duelului-viorilor\\\/#primaryimage\"},\"thumbnailUrl\":\"https:\\\/\\\/urbeamea.ro\\\/albaiulia\\\/wp-content\\\/uploads\\\/2016\\\/10\\\/DSC_0037-4.jpg\",\"datePublished\":\"2017-09-21T15:08:46+00:00\",\"dateModified\":\"2017-09-21T15:13:00+00:00\",\"author\":{\"@id\":\"https:\\\/\\\/urbeamea.ro\\\/albaiulia\\\/#\\\/schema\\\/person\\\/9700d21fae21c4f038b0b56f4506264a\"},\"description\":\"Dac\u0103 Festivalul Enescu a fost evenimentul muzical al toamnei care a oferit melomanilor prilejul de a asista la o parad\u0103 a marilor orchestre \u0219i marilor\",\"breadcrumb\":{\"@id\":\"https:\\\/\\\/urbeamea.ro\\\/albaiulia\\\/28-septembrie-violonistii-cheama-intariri-pentru-a-vii-a-editie-a-duelului-viorilor\\\/#breadcrumb\"},\"inLanguage\":\"ro-RO\",\"potentialAction\":[{\"@type\":\"ReadAction\",\"target\":[\"https:\\\/\\\/urbeamea.ro\\\/albaiulia\\\/28-septembrie-violonistii-cheama-intariri-pentru-a-vii-a-editie-a-duelului-viorilor\\\/\"]}]},{\"@type\":\"ImageObject\",\"inLanguage\":\"ro-RO\",\"@id\":\"https:\\\/\\\/urbeamea.ro\\\/albaiulia\\\/28-septembrie-violonistii-cheama-intariri-pentru-a-vii-a-editie-a-duelului-viorilor\\\/#primaryimage\",\"url\":\"https:\\\/\\\/urbeamea.ro\\\/albaiulia\\\/wp-content\\\/uploads\\\/2016\\\/10\\\/DSC_0037-4.jpg\",\"contentUrl\":\"https:\\\/\\\/urbeamea.ro\\\/albaiulia\\\/wp-content\\\/uploads\\\/2016\\\/10\\\/DSC_0037-4.jpg\",\"width\":1280,\"height\":853},{\"@type\":\"BreadcrumbList\",\"@id\":\"https:\\\/\\\/urbeamea.ro\\\/albaiulia\\\/28-septembrie-violonistii-cheama-intariri-pentru-a-vii-a-editie-a-duelului-viorilor\\\/#breadcrumb\",\"itemListElement\":[{\"@type\":\"ListItem\",\"position\":1,\"name\":\"Prima pagin\u0103\",\"item\":\"https:\\\/\\\/urbeamea.ro\\\/albaiulia\\\/\"},{\"@type\":\"ListItem\",\"position\":2,\"name\":\"28 septembrie: Violoni\u0219tii cheam\u0103 \u00eent\u0103riri pentru a VII-a edi\u021bie a Duelului Viorilor\"}]},{\"@type\":\"WebSite\",\"@id\":\"https:\\\/\\\/urbeamea.ro\\\/albaiulia\\\/#website\",\"url\":\"https:\\\/\\\/urbeamea.ro\\\/albaiulia\\\/\",\"name\":\"Revista Urbea Mea, Stiri urbane\",\"description\":\"Evenimente \u0219i \u0219tiri din Alba Iulia, Sebe\u0219, Aiud, Blaj\",\"potentialAction\":[{\"@type\":\"SearchAction\",\"target\":{\"@type\":\"EntryPoint\",\"urlTemplate\":\"https:\\\/\\\/urbeamea.ro\\\/albaiulia\\\/?s={search_term_string}\"},\"query-input\":{\"@type\":\"PropertyValueSpecification\",\"valueRequired\":true,\"valueName\":\"search_term_string\"}}],\"inLanguage\":\"ro-RO\"},{\"@type\":\"Person\",\"@id\":\"https:\\\/\\\/urbeamea.ro\\\/albaiulia\\\/#\\\/schema\\\/person\\\/9700d21fae21c4f038b0b56f4506264a\",\"name\":\"Cristina Ganga\",\"image\":{\"@type\":\"ImageObject\",\"inLanguage\":\"ro-RO\",\"@id\":\"https:\\\/\\\/secure.gravatar.com\\\/avatar\\\/5a67661041f057b4a8ccaf26f5a8e86e2689372006d01faf3dd9eeb10b654bb4?s=96&d=mm&r=g\",\"url\":\"https:\\\/\\\/secure.gravatar.com\\\/avatar\\\/5a67661041f057b4a8ccaf26f5a8e86e2689372006d01faf3dd9eeb10b654bb4?s=96&d=mm&r=g\",\"contentUrl\":\"https:\\\/\\\/secure.gravatar.com\\\/avatar\\\/5a67661041f057b4a8ccaf26f5a8e86e2689372006d01faf3dd9eeb10b654bb4?s=96&d=mm&r=g\",\"caption\":\"Cristina Ganga\"},\"description\":\"Jurnalist\",\"sameAs\":[\"https:\\\/\\\/www.facebook.com\\\/cristina.nicola.587\"],\"url\":\"https:\\\/\\\/urbeamea.ro\\\/albaiulia\\\/author\\\/cristina-nicola\\\/\"}]}<\/script>\n<!-- \/ Yoast SEO plugin. -->","yoast_head_json":{"title":"28 septembrie: Violoni\u0219tii cheam\u0103 \u00eent\u0103riri pentru a VII-a edi\u021bie a Duelului Viorilor - Revista Urbea Mea - Revista de Alba","description":"Dac\u0103 Festivalul Enescu a fost evenimentul muzical al toamnei care a oferit melomanilor prilejul de a asista la o parad\u0103 a marilor orchestre \u0219i marilor","robots":{"index":"index","follow":"follow","max-snippet":"max-snippet:-1","max-image-preview":"max-image-preview:large","max-video-preview":"max-video-preview:-1"},"canonical":"https:\/\/urbeamea.ro\/albaiulia\/28-septembrie-violonistii-cheama-intariri-pentru-a-vii-a-editie-a-duelului-viorilor\/","twitter_card":"summary_large_image","twitter_title":"28 septembrie: Violoni\u0219tii cheam\u0103 \u00eent\u0103riri pentru a VII-a edi\u021bie a Duelului Viorilor - Revista Urbea Mea - Revista de Alba","twitter_description":"Dac\u0103 Festivalul Enescu a fost evenimentul muzical al toamnei care a oferit melomanilor prilejul de a asista la o parad\u0103 a marilor orchestre \u0219i marilor","twitter_image":"https:\/\/urbeamea.ro\/albaiulia\/wp-content\/uploads\/2016\/10\/DSC_0037-4.jpg","twitter_creator":"@urbeameaweb","twitter_site":"@urbeameaweb","schema":{"@context":"https:\/\/schema.org","@graph":[{"@type":"Article","@id":"https:\/\/urbeamea.ro\/albaiulia\/28-septembrie-violonistii-cheama-intariri-pentru-a-vii-a-editie-a-duelului-viorilor\/#article","isPartOf":{"@id":"https:\/\/urbeamea.ro\/albaiulia\/28-septembrie-violonistii-cheama-intariri-pentru-a-vii-a-editie-a-duelului-viorilor\/"},"author":{"name":"Cristina Ganga","@id":"https:\/\/urbeamea.ro\/albaiulia\/#\/schema\/person\/9700d21fae21c4f038b0b56f4506264a"},"headline":"28 septembrie: Violoni\u0219tii cheam\u0103 \u00eent\u0103riri pentru a VII-a edi\u021bie a Duelului Viorilor","datePublished":"2017-09-21T15:08:46+00:00","dateModified":"2017-09-21T15:13:00+00:00","mainEntityOfPage":{"@id":"https:\/\/urbeamea.ro\/albaiulia\/28-septembrie-violonistii-cheama-intariri-pentru-a-vii-a-editie-a-duelului-viorilor\/"},"wordCount":702,"commentCount":0,"image":{"@id":"https:\/\/urbeamea.ro\/albaiulia\/28-septembrie-violonistii-cheama-intariri-pentru-a-vii-a-editie-a-duelului-viorilor\/#primaryimage"},"thumbnailUrl":"https:\/\/urbeamea.ro\/albaiulia\/wp-content\/uploads\/2016\/10\/DSC_0037-4.jpg","keywords":["Alba Iulia","casa de cultura a sindicatelor","duelul viorilor","gabriel croitoru","horia mihail","simina croitoru","stiri","Urbea Mea","Valentina Svyatlovskaya-Prunaru"],"articleSection":["Evenimente"],"inLanguage":"ro-RO","potentialAction":[{"@type":"CommentAction","name":"Comment","target":["https:\/\/urbeamea.ro\/albaiulia\/28-septembrie-violonistii-cheama-intariri-pentru-a-vii-a-editie-a-duelului-viorilor\/#respond"]}]},{"@type":"WebPage","@id":"https:\/\/urbeamea.ro\/albaiulia\/28-septembrie-violonistii-cheama-intariri-pentru-a-vii-a-editie-a-duelului-viorilor\/","url":"https:\/\/urbeamea.ro\/albaiulia\/28-septembrie-violonistii-cheama-intariri-pentru-a-vii-a-editie-a-duelului-viorilor\/","name":"28 septembrie: Violoni\u0219tii cheam\u0103 \u00eent\u0103riri pentru a VII-a edi\u021bie a Duelului Viorilor - Revista Urbea Mea - Revista de Alba","isPartOf":{"@id":"https:\/\/urbeamea.ro\/albaiulia\/#website"},"primaryImageOfPage":{"@id":"https:\/\/urbeamea.ro\/albaiulia\/28-septembrie-violonistii-cheama-intariri-pentru-a-vii-a-editie-a-duelului-viorilor\/#primaryimage"},"image":{"@id":"https:\/\/urbeamea.ro\/albaiulia\/28-septembrie-violonistii-cheama-intariri-pentru-a-vii-a-editie-a-duelului-viorilor\/#primaryimage"},"thumbnailUrl":"https:\/\/urbeamea.ro\/albaiulia\/wp-content\/uploads\/2016\/10\/DSC_0037-4.jpg","datePublished":"2017-09-21T15:08:46+00:00","dateModified":"2017-09-21T15:13:00+00:00","author":{"@id":"https:\/\/urbeamea.ro\/albaiulia\/#\/schema\/person\/9700d21fae21c4f038b0b56f4506264a"},"description":"Dac\u0103 Festivalul Enescu a fost evenimentul muzical al toamnei care a oferit melomanilor prilejul de a asista la o parad\u0103 a marilor orchestre \u0219i marilor","breadcrumb":{"@id":"https:\/\/urbeamea.ro\/albaiulia\/28-septembrie-violonistii-cheama-intariri-pentru-a-vii-a-editie-a-duelului-viorilor\/#breadcrumb"},"inLanguage":"ro-RO","potentialAction":[{"@type":"ReadAction","target":["https:\/\/urbeamea.ro\/albaiulia\/28-septembrie-violonistii-cheama-intariri-pentru-a-vii-a-editie-a-duelului-viorilor\/"]}]},{"@type":"ImageObject","inLanguage":"ro-RO","@id":"https:\/\/urbeamea.ro\/albaiulia\/28-septembrie-violonistii-cheama-intariri-pentru-a-vii-a-editie-a-duelului-viorilor\/#primaryimage","url":"https:\/\/urbeamea.ro\/albaiulia\/wp-content\/uploads\/2016\/10\/DSC_0037-4.jpg","contentUrl":"https:\/\/urbeamea.ro\/albaiulia\/wp-content\/uploads\/2016\/10\/DSC_0037-4.jpg","width":1280,"height":853},{"@type":"BreadcrumbList","@id":"https:\/\/urbeamea.ro\/albaiulia\/28-septembrie-violonistii-cheama-intariri-pentru-a-vii-a-editie-a-duelului-viorilor\/#breadcrumb","itemListElement":[{"@type":"ListItem","position":1,"name":"Prima pagin\u0103","item":"https:\/\/urbeamea.ro\/albaiulia\/"},{"@type":"ListItem","position":2,"name":"28 septembrie: Violoni\u0219tii cheam\u0103 \u00eent\u0103riri pentru a VII-a edi\u021bie a Duelului Viorilor"}]},{"@type":"WebSite","@id":"https:\/\/urbeamea.ro\/albaiulia\/#website","url":"https:\/\/urbeamea.ro\/albaiulia\/","name":"Revista Urbea Mea, Stiri urbane","description":"Evenimente \u0219i \u0219tiri din Alba Iulia, Sebe\u0219, Aiud, Blaj","potentialAction":[{"@type":"SearchAction","target":{"@type":"EntryPoint","urlTemplate":"https:\/\/urbeamea.ro\/albaiulia\/?s={search_term_string}"},"query-input":{"@type":"PropertyValueSpecification","valueRequired":true,"valueName":"search_term_string"}}],"inLanguage":"ro-RO"},{"@type":"Person","@id":"https:\/\/urbeamea.ro\/albaiulia\/#\/schema\/person\/9700d21fae21c4f038b0b56f4506264a","name":"Cristina Ganga","image":{"@type":"ImageObject","inLanguage":"ro-RO","@id":"https:\/\/secure.gravatar.com\/avatar\/5a67661041f057b4a8ccaf26f5a8e86e2689372006d01faf3dd9eeb10b654bb4?s=96&d=mm&r=g","url":"https:\/\/secure.gravatar.com\/avatar\/5a67661041f057b4a8ccaf26f5a8e86e2689372006d01faf3dd9eeb10b654bb4?s=96&d=mm&r=g","contentUrl":"https:\/\/secure.gravatar.com\/avatar\/5a67661041f057b4a8ccaf26f5a8e86e2689372006d01faf3dd9eeb10b654bb4?s=96&d=mm&r=g","caption":"Cristina Ganga"},"description":"Jurnalist","sameAs":["https:\/\/www.facebook.com\/cristina.nicola.587"],"url":"https:\/\/urbeamea.ro\/albaiulia\/author\/cristina-nicola\/"}]}},"_links":{"self":[{"href":"https:\/\/urbeamea.ro\/albaiulia\/wp-json\/wp\/v2\/posts\/52804","targetHints":{"allow":["GET"]}}],"collection":[{"href":"https:\/\/urbeamea.ro\/albaiulia\/wp-json\/wp\/v2\/posts"}],"about":[{"href":"https:\/\/urbeamea.ro\/albaiulia\/wp-json\/wp\/v2\/types\/post"}],"author":[{"embeddable":true,"href":"https:\/\/urbeamea.ro\/albaiulia\/wp-json\/wp\/v2\/users\/17"}],"replies":[{"embeddable":true,"href":"https:\/\/urbeamea.ro\/albaiulia\/wp-json\/wp\/v2\/comments?post=52804"}],"version-history":[{"count":0,"href":"https:\/\/urbeamea.ro\/albaiulia\/wp-json\/wp\/v2\/posts\/52804\/revisions"}],"wp:featuredmedia":[{"embeddable":true,"href":"https:\/\/urbeamea.ro\/albaiulia\/wp-json\/wp\/v2\/media\/33591"}],"wp:attachment":[{"href":"https:\/\/urbeamea.ro\/albaiulia\/wp-json\/wp\/v2\/media?parent=52804"}],"wp:term":[{"taxonomy":"category","embeddable":true,"href":"https:\/\/urbeamea.ro\/albaiulia\/wp-json\/wp\/v2\/categories?post=52804"},{"taxonomy":"post_tag","embeddable":true,"href":"https:\/\/urbeamea.ro\/albaiulia\/wp-json\/wp\/v2\/tags?post=52804"}],"curies":[{"name":"wp","href":"https:\/\/api.w.org\/{rel}","templated":true}]}}