{"id":52821,"date":"2017-09-22T13:52:35","date_gmt":"2017-09-22T10:52:35","guid":{"rendered":"https:\/\/urbeamea.ro\/albaiulia\/?p=52821"},"modified":"2017-09-22T13:52:35","modified_gmt":"2017-09-22T10:52:35","slug":"marti-sedinta-la-consiliul-local-alba-iulia-28-de-proiecte-pe-ordinea-de-zi","status":"publish","type":"post","link":"https:\/\/urbeamea.ro\/albaiulia\/marti-sedinta-la-consiliul-local-alba-iulia-28-de-proiecte-pe-ordinea-de-zi\/","title":{"rendered":"MAR\u0162I: \u015eedin\u0163\u0103 la Consiliul Local Alba Iulia. 28 de proiecte pe ordinea de zi"},"content":{"rendered":"<p><strong>Consilierii locali se reunesc, mar\u0163i, 26 septembrie, de la ora 13.00, \u00een \u015fedin\u0163\u0103 ordinar\u0103, cu 28 de proiecte pe ordinea de zi. Vor avea de aprobat bani pentru ziua Educa\u0163iei \u015fi alte evenimente la Alba Iulia, \u00eemprumut prin obliga\u0163iuni municipale, modific\u0103rile propuse la regulamentul de parc\u0103ri, nou protocol pentru Smart City \u015fi altele.<\/strong><\/p>\n<p><strong>Proiectul ordinii de zi:<\/strong><\/p>\n<p>1.Alocarea sumei de p\u00e2n\u0103 la 20.000 lei din bugetul local pe anul 2017 pentru organizarea evenimentului \u201dZiua Mondiala a Educa\u021biei \u2013 5 octombrie \u201d<\/p>\n<p>2.Rectificarea bugetului general de venituri \u0219i cheltuieli al municipiului Alba Iulia pe anul 201<\/p>\n<p>3. Contractarea unei finan\u021b\u0103ri rambursabile prin emisiune de obliga\u021biuni municipale pentru realizarea obiectivelor de investi\u021bii de interes public local<\/p>\n<p>4. Modificarea Hot\u0103r\u00e2rii nr. 224\/2017 a Consiliului local al municipiului Alba Iulia<\/p>\n<p>5. Planul de ocupare a func\u021biilor publice din cadrul aparatului de specialitate al primarului municipiului Alba Iulia \u0219i din cadrul serviciilor publice aflate \u00een subordinea Consiliului local al municipiului Alba Iulia, pe anul 2018<\/p>\n<p>6. Aprobarea unui protocol de cooperare \u00eentre Municipiul Alba Iulia \u0219i Vegacomp Consulting S.R.L. Bucuresti \u00een cadrul proiectului pilot \u201dAlba Iulia Smart City 2018\u201d<\/p>\n<p>7. Alocarea unor sume de bani pentru evenimente cultural-educative<\/p>\n<p>8. Acordarea unor beneficii de asisten\u021b\u0103 sociale, pentru pensionari \u0219i alte persoane din municipiul Alba Iulia<\/p>\n<p>9. Aprobarea cuantumului cotiza\u021biei pentru Asocia\u021bia de Dezvoltare Intercomunitar\u0103 Salubris Alba<\/p>\n<p>10. \u00censu\u0219irea investi\u021biilor realizate din fonduri IID \u0219i darea \u00een concesiune c\u0103tre SC APA CTTA SA \u2013 Alba \u2013 operatorul re\u021belelor de ap\u0103 \u0219i canalizare din municipiul Alba Iulia<\/p>\n<p>11. Executarea lucr\u0103rilor de construc\u021bii privind \u201dSta\u021bie de pompare, conduct\u0103 de refulare \u0219i re\u021bea de canalizare ape uzate, Comuna Ighiu, jude\u021bul Alba\u201d<\/p>\n<p>12. Aprobarea unor documenta\u021bii de urbanism din muncipiul Alba Iulia<\/p>\n<p>Art.1: Indreapt\u0103 eroare material\u0103 la Planul Urbanistic Zonal \u201eConstruc\u0163ie locuin\u0163e individuale \u015fi colective, Alba Iulia, str. Nazareth Illit, FN, solicitant Karl Ruhm, aprobat prin HCL NR. 326\/28.11.2016, Art.10, \u00een sensul corect\u0103rii traseului str. Radna\u201d.<\/p>\n<p>Art.2: Avizeaz\u0103 Planul Urbanistic Zonal \u201eConstruire 2 tronsoane locuin\u0163e colective P+2, Alba Iulia \u2013 Mice\u015fti, str. Nazareth Illit, NR.38A, solicitant Ple\u015fa Claudia Andreea.<\/p>\n<p>Art.3: Aprob\u0103 Planul Urbanistic Detaliu \u201eSchimb de destina\u0163ie din centrala termic\u0103 \u00een spa\u0163ii de cazare, amenaj\u0103ri acces \u015fi parc\u0103ri, Alba Iulia, str. Gemina nr. 3A, solicitant Hermes BM prin Burian Mariana\u201d.<\/p>\n<p>Art.4: Aprob\u0103 Planul Urbanistic Detaliu \u201eExtindere locuin\u0163\u0103 unifamilial\u0103, Alba Iulia, str. Aron Pumnul, nr. 8, solicitant L\u0103ncr\u0103njan Franchini Gheorghe Corneliu\u201d.<\/p>\n<p>Art.5: Aprob\u0103 Planul Urbanistic Detaliu \u201eSchimb de destina\u0163ie din locuin\u0163\u0103 \u00een clinic\u0103 stomatologic\u0103 cu extindere pe orizontal\u0103 \u015fi construire laborator tehnic\u0103 dentar\u0103, Alba Iulia, str. Mihai Eminescu, nr. 17, solicitant SC Creative Dental Vision SRL prin Seisanu Camil\u201d.<\/p>\n<p>Art.6: Aprob\u0103 Planul Urbanistic Zonal \u201eModificare profil strada Fra\u0163ii Jderi, Alba Iulia, str. Fra\u0163ii Jderi, solicitant Anghel Nicolae Colea, Anghel Silvia, Bobariu Felicia, Goia Livia Rozalia\u201d.<\/p>\n<p>Art.7: Aprob\u0103 Planul Urbanistic Zonal \u201eConstruire halp industrial\u0103, Alba Iulia, Oarda de Jos, str. Biruin\u0163ei, nr. 46, solicitant SC Elit Cugir SRL\u201d.<\/p>\n<p>Art.8: Revoc\u0103 Art.11 al HCL NR. 188\/26.05.2017 Planul Urbanistic Detaliu \u201eConstruire spa\u0163iu comercial \u015fi locuin\u0163a unifamilial\u0103, Alba Iulia, str. Take Ionescu, nr. 19, solicitant Moghiroiu Marcel\u201d.<\/p>\n<p>13. Aprobarea \u00eencheierii unui act adi\u021bional la contractul de concesiune nr.101.856\/2015 \u00eencheiat \u00eentre municipiul Alba Iulia \u0219i Perfect Food Services S.R.L.<\/p>\n<p>14. Aprobarea concesion\u0103rii prin negociere direct\u0103 a unui imobil (teren) situat \u00een Alba Iulia, B-dul Revolu\u021biei 1989, nr.14, bl.B2, ap.1<\/p>\n<p>15. Aprobarea achizi\u021bion\u0103rii unui imobil (construc\u0163ie) situat \u00een municipiul Alba Iulia, str.Avram Iancu, nr.7A \u0219i a bunurilor mobile din dotarea acestuia<\/p>\n<p>16. Modificarea Regulamentului de organizare \u015fi func\u0163ionare a parc\u0103rilor publice de re\u015fedin\u0163\u0103 aflate pe raza municipiului Alba Iulia<\/p>\n<p>17. Aprobarea taxelor de utilizare temporar\u0103 a locurilor publice \u00een perioada 1 decembrie 2017-1 februarie 2018 pentru amplasarea PARCULUI S\u0102RB\u0102TORILOR DE IARN\u0102 \u00een municipiul Alba Iulia<\/p>\n<p>18. Aprobarea prelungirii termenului contractului de \u00eenchiriere nr.64.600\/2013 \u00eencheiat \u00eentre Consiliul Local al municipiului Alba Iulia \u015fi M\u0103rginean Daniel Florin<\/p>\n<p>19. Aprobarea Regulamentului de func\u021bionare \u0219i a tarifului de intrare \u00een PATINOARUL din Parcul s\u0103rb\u0103torilor de iarn\u0103 din municipiul Alba Iulia<\/p>\n<p>20. Aprobarea modific\u0103rii tarifelor aprobate prin Anexa 2 la HCL nr.156\/2011, pentru serviciile funebre prestate \u00een Cimitirului Municipal Alba Iulia<\/p>\n<p>21. Aprobarea v\u00e2nz\u0103rii prin licita\u0163ie public\u0103 a unui imobil (teren) situat \u00een Alba Iulia, Bdul Republicii<\/p>\n<p>22. Aprobarea v\u00e2nz\u0103rii prin licita\u0163ie public\u0103 a unui imobil (teren) situat \u00een Alba Iulia, str. Br\u00e2ndu\u0219ei, FN<\/p>\n<p>23. Aprobarea v\u00e2nz\u0103rii prin negociere direct\u0103 a unui imobil (teren) situat \u00een Alba Iulia, str.Miron Costin, nr.1B<\/p>\n<p>24. Propunerea de atribuire \u00een proprietatea solicitan\u021bilor proprietari ai apartamentelor terenul aferent locuin\u021bei \u00een cot\u0103 indiviz\u0103 de\u021binut\u0103 din construc\u021bii<\/p>\n<p>25. Acceptarea dona\u021biei f\u0103cute municipiului Alba Iulia a unui imobil (drum) situat \u00een Alba Iulia, strada Orizont 16<\/p>\n<p>26. Transmiterea \u00een folosin\u021b\u0103 gratuit\u0103, pe perioada realiz\u0103rii investi\u021biei, a unui imobil (teren) situat \u00een Alba Iulia, strada Lalelelor, FN, \u00een favoarea Agen\u021biei Na\u021bionale pentru Locuin\u021be<\/p>\n<p>27. \u00censu\u0219irea documenta\u021biei tehnice de actualizare informa\u021bii cadastrale \u2013 \u00eenscriere construc\u021bii edificate pe imobilul (teren) situat \u00een Alba Iulia, strada Mitropolit Simion \u0218tefan, nr. 4<\/p>\n<p>28. Expertiza tehnica extrajudiciara \u00eentocmita \u00een Dosar nr. 5201\/176\/2017 aflat pe rol la Judecatoria Alba Iulia<\/p>\n","protected":false},"excerpt":{"rendered":"<p>Consilierii locali se reunesc, mar\u0163i, 26 septembrie, de la ora 13.00, \u00een \u015fedin\u0163\u0103 ordinar\u0103, cu 28 de proiecte pe ordinea de zi. Vor avea de aprobat bani pentru ziua Educa\u0163iei \u015fi alte evenimente la Alba Iulia, \u00eemprumut prin obliga\u0163iuni municipale, modific\u0103rile propuse la regulamentul de parc\u0103ri, nou protocol pentru Smart City \u015fi altele. Proiectul ordinii &hellip;<\/p>\n","protected":false},"author":17,"featured_media":4293,"comment_status":"open","ping_status":"open","sticky":false,"template":"","format":"standard","meta":{"inline_featured_image":false,"footnotes":""},"categories":[2035],"tags":[31,2096,2132,625,3243,308,76],"class_list":["post-52821","post","type-post","status-publish","format-standard","has-post-thumbnail","hentry","category-administratie","tag-alba-iulia","tag-consilieri-locali","tag-ordinea-de-zi","tag-proiecte","tag-sedinta-ordinara","tag-stiri","tag-urbea-mea"],"yoast_head":"<!-- This site is optimized with the Yoast SEO plugin v28.3 - https:\/\/yoast.com\/product\/yoast-seo-wordpress\/ -->\n<title>MAR\u0162I: \u015eedin\u0163\u0103 la Consiliul Local Alba Iulia. 28 de proiecte pe ordinea de zi - Revista Urbea Mea - Revista de Alba<\/title>\n<meta name=\"description\" content=\"Consilierii locali se reunesc, mar\u0163i, 26 septembrie, de la ora 13.00, \u00een \u015fedin\u0163\u0103 ordinar\u0103, cu 28 de proiecte pe ordinea de zi. Vor avea de aprobat bani\" \/>\n<meta name=\"robots\" content=\"index, follow, max-snippet:-1, max-image-preview:large, max-video-preview:-1\" \/>\n<link rel=\"canonical\" href=\"https:\/\/urbeamea.ro\/albaiulia\/marti-sedinta-la-consiliul-local-alba-iulia-28-de-proiecte-pe-ordinea-de-zi\/\" \/>\n<meta name=\"twitter:card\" content=\"summary_large_image\" \/>\n<meta name=\"twitter:title\" content=\"MAR\u0162I: \u015eedin\u0163\u0103 la Consiliul Local Alba Iulia. 28 de proiecte pe ordinea de zi - Revista Urbea Mea - Revista de Alba\" \/>\n<meta name=\"twitter:description\" content=\"Consilierii locali se reunesc, mar\u0163i, 26 septembrie, de la ora 13.00, \u00een \u015fedin\u0163\u0103 ordinar\u0103, cu 28 de proiecte pe ordinea de zi. Vor avea de aprobat bani\" \/>\n<meta name=\"twitter:image\" content=\"https:\/\/urbeamea.ro\/albaiulia\/wp-content\/uploads\/2015\/05\/Primaria-Alba-Iulia.jpg\" \/>\n<meta name=\"twitter:creator\" content=\"@urbeameaweb\" \/>\n<meta name=\"twitter:site\" content=\"@urbeameaweb\" \/>\n<script type=\"application\/ld+json\" class=\"yoast-schema-graph\">{\"@context\":\"https:\\\/\\\/schema.org\",\"@graph\":[{\"@type\":\"Article\",\"@id\":\"https:\\\/\\\/urbeamea.ro\\\/albaiulia\\\/marti-sedinta-la-consiliul-local-alba-iulia-28-de-proiecte-pe-ordinea-de-zi\\\/#article\",\"isPartOf\":{\"@id\":\"https:\\\/\\\/urbeamea.ro\\\/albaiulia\\\/marti-sedinta-la-consiliul-local-alba-iulia-28-de-proiecte-pe-ordinea-de-zi\\\/\"},\"author\":{\"name\":\"Cristina Ganga\",\"@id\":\"https:\\\/\\\/urbeamea.ro\\\/albaiulia\\\/#\\\/schema\\\/person\\\/9700d21fae21c4f038b0b56f4506264a\"},\"headline\":\"MAR\u0162I: \u015eedin\u0163\u0103 la Consiliul Local Alba Iulia. 28 de proiecte pe ordinea de zi\",\"datePublished\":\"2017-09-22T10:52:35+00:00\",\"mainEntityOfPage\":{\"@id\":\"https:\\\/\\\/urbeamea.ro\\\/albaiulia\\\/marti-sedinta-la-consiliul-local-alba-iulia-28-de-proiecte-pe-ordinea-de-zi\\\/\"},\"wordCount\":874,\"commentCount\":0,\"image\":{\"@id\":\"https:\\\/\\\/urbeamea.ro\\\/albaiulia\\\/marti-sedinta-la-consiliul-local-alba-iulia-28-de-proiecte-pe-ordinea-de-zi\\\/#primaryimage\"},\"thumbnailUrl\":\"https:\\\/\\\/urbeamea.ro\\\/albaiulia\\\/wp-content\\\/uploads\\\/2015\\\/05\\\/Primaria-Alba-Iulia.jpg\",\"keywords\":[\"Alba Iulia\",\"consilieri locali\",\"ordinea de zi\",\"proiecte\",\"sedinta ordinara\",\"stiri\",\"Urbea Mea\"],\"articleSection\":[\"Administra\u021bie\"],\"inLanguage\":\"ro-RO\",\"potentialAction\":[{\"@type\":\"CommentAction\",\"name\":\"Comment\",\"target\":[\"https:\\\/\\\/urbeamea.ro\\\/albaiulia\\\/marti-sedinta-la-consiliul-local-alba-iulia-28-de-proiecte-pe-ordinea-de-zi\\\/#respond\"]}]},{\"@type\":\"WebPage\",\"@id\":\"https:\\\/\\\/urbeamea.ro\\\/albaiulia\\\/marti-sedinta-la-consiliul-local-alba-iulia-28-de-proiecte-pe-ordinea-de-zi\\\/\",\"url\":\"https:\\\/\\\/urbeamea.ro\\\/albaiulia\\\/marti-sedinta-la-consiliul-local-alba-iulia-28-de-proiecte-pe-ordinea-de-zi\\\/\",\"name\":\"MAR\u0162I: \u015eedin\u0163\u0103 la Consiliul Local Alba Iulia. 28 de proiecte pe ordinea de zi - Revista Urbea Mea - Revista de Alba\",\"isPartOf\":{\"@id\":\"https:\\\/\\\/urbeamea.ro\\\/albaiulia\\\/#website\"},\"primaryImageOfPage\":{\"@id\":\"https:\\\/\\\/urbeamea.ro\\\/albaiulia\\\/marti-sedinta-la-consiliul-local-alba-iulia-28-de-proiecte-pe-ordinea-de-zi\\\/#primaryimage\"},\"image\":{\"@id\":\"https:\\\/\\\/urbeamea.ro\\\/albaiulia\\\/marti-sedinta-la-consiliul-local-alba-iulia-28-de-proiecte-pe-ordinea-de-zi\\\/#primaryimage\"},\"thumbnailUrl\":\"https:\\\/\\\/urbeamea.ro\\\/albaiulia\\\/wp-content\\\/uploads\\\/2015\\\/05\\\/Primaria-Alba-Iulia.jpg\",\"datePublished\":\"2017-09-22T10:52:35+00:00\",\"author\":{\"@id\":\"https:\\\/\\\/urbeamea.ro\\\/albaiulia\\\/#\\\/schema\\\/person\\\/9700d21fae21c4f038b0b56f4506264a\"},\"description\":\"Consilierii locali se reunesc, mar\u0163i, 26 septembrie, de la ora 13.00, \u00een \u015fedin\u0163\u0103 ordinar\u0103, cu 28 de proiecte pe ordinea de zi. Vor avea de aprobat bani\",\"breadcrumb\":{\"@id\":\"https:\\\/\\\/urbeamea.ro\\\/albaiulia\\\/marti-sedinta-la-consiliul-local-alba-iulia-28-de-proiecte-pe-ordinea-de-zi\\\/#breadcrumb\"},\"inLanguage\":\"ro-RO\",\"potentialAction\":[{\"@type\":\"ReadAction\",\"target\":[\"https:\\\/\\\/urbeamea.ro\\\/albaiulia\\\/marti-sedinta-la-consiliul-local-alba-iulia-28-de-proiecte-pe-ordinea-de-zi\\\/\"]}]},{\"@type\":\"ImageObject\",\"inLanguage\":\"ro-RO\",\"@id\":\"https:\\\/\\\/urbeamea.ro\\\/albaiulia\\\/marti-sedinta-la-consiliul-local-alba-iulia-28-de-proiecte-pe-ordinea-de-zi\\\/#primaryimage\",\"url\":\"https:\\\/\\\/urbeamea.ro\\\/albaiulia\\\/wp-content\\\/uploads\\\/2015\\\/05\\\/Primaria-Alba-Iulia.jpg\",\"contentUrl\":\"https:\\\/\\\/urbeamea.ro\\\/albaiulia\\\/wp-content\\\/uploads\\\/2015\\\/05\\\/Primaria-Alba-Iulia.jpg\",\"width\":770,\"height\":434},{\"@type\":\"BreadcrumbList\",\"@id\":\"https:\\\/\\\/urbeamea.ro\\\/albaiulia\\\/marti-sedinta-la-consiliul-local-alba-iulia-28-de-proiecte-pe-ordinea-de-zi\\\/#breadcrumb\",\"itemListElement\":[{\"@type\":\"ListItem\",\"position\":1,\"name\":\"Prima pagin\u0103\",\"item\":\"https:\\\/\\\/urbeamea.ro\\\/albaiulia\\\/\"},{\"@type\":\"ListItem\",\"position\":2,\"name\":\"MAR\u0162I: \u015eedin\u0163\u0103 la Consiliul Local Alba Iulia. 28 de proiecte pe ordinea de zi\"}]},{\"@type\":\"WebSite\",\"@id\":\"https:\\\/\\\/urbeamea.ro\\\/albaiulia\\\/#website\",\"url\":\"https:\\\/\\\/urbeamea.ro\\\/albaiulia\\\/\",\"name\":\"Revista Urbea Mea, Stiri urbane\",\"description\":\"Evenimente \u0219i \u0219tiri din Alba Iulia, Sebe\u0219, Aiud, Blaj\",\"potentialAction\":[{\"@type\":\"SearchAction\",\"target\":{\"@type\":\"EntryPoint\",\"urlTemplate\":\"https:\\\/\\\/urbeamea.ro\\\/albaiulia\\\/?s={search_term_string}\"},\"query-input\":{\"@type\":\"PropertyValueSpecification\",\"valueRequired\":true,\"valueName\":\"search_term_string\"}}],\"inLanguage\":\"ro-RO\"},{\"@type\":\"Person\",\"@id\":\"https:\\\/\\\/urbeamea.ro\\\/albaiulia\\\/#\\\/schema\\\/person\\\/9700d21fae21c4f038b0b56f4506264a\",\"name\":\"Cristina Ganga\",\"image\":{\"@type\":\"ImageObject\",\"inLanguage\":\"ro-RO\",\"@id\":\"https:\\\/\\\/secure.gravatar.com\\\/avatar\\\/5a67661041f057b4a8ccaf26f5a8e86e2689372006d01faf3dd9eeb10b654bb4?s=96&d=mm&r=g\",\"url\":\"https:\\\/\\\/secure.gravatar.com\\\/avatar\\\/5a67661041f057b4a8ccaf26f5a8e86e2689372006d01faf3dd9eeb10b654bb4?s=96&d=mm&r=g\",\"contentUrl\":\"https:\\\/\\\/secure.gravatar.com\\\/avatar\\\/5a67661041f057b4a8ccaf26f5a8e86e2689372006d01faf3dd9eeb10b654bb4?s=96&d=mm&r=g\",\"caption\":\"Cristina Ganga\"},\"description\":\"Jurnalist\",\"sameAs\":[\"https:\\\/\\\/www.facebook.com\\\/cristina.nicola.587\"],\"url\":\"https:\\\/\\\/urbeamea.ro\\\/albaiulia\\\/author\\\/cristina-nicola\\\/\"}]}<\/script>\n<!-- \/ Yoast SEO plugin. -->","yoast_head_json":{"title":"MAR\u0162I: \u015eedin\u0163\u0103 la Consiliul Local Alba Iulia. 28 de proiecte pe ordinea de zi - Revista Urbea Mea - Revista de Alba","description":"Consilierii locali se reunesc, mar\u0163i, 26 septembrie, de la ora 13.00, \u00een \u015fedin\u0163\u0103 ordinar\u0103, cu 28 de proiecte pe ordinea de zi. Vor avea de aprobat bani","robots":{"index":"index","follow":"follow","max-snippet":"max-snippet:-1","max-image-preview":"max-image-preview:large","max-video-preview":"max-video-preview:-1"},"canonical":"https:\/\/urbeamea.ro\/albaiulia\/marti-sedinta-la-consiliul-local-alba-iulia-28-de-proiecte-pe-ordinea-de-zi\/","twitter_card":"summary_large_image","twitter_title":"MAR\u0162I: \u015eedin\u0163\u0103 la Consiliul Local Alba Iulia. 28 de proiecte pe ordinea de zi - Revista Urbea Mea - Revista de Alba","twitter_description":"Consilierii locali se reunesc, mar\u0163i, 26 septembrie, de la ora 13.00, \u00een \u015fedin\u0163\u0103 ordinar\u0103, cu 28 de proiecte pe ordinea de zi. Vor avea de aprobat bani","twitter_image":"https:\/\/urbeamea.ro\/albaiulia\/wp-content\/uploads\/2015\/05\/Primaria-Alba-Iulia.jpg","twitter_creator":"@urbeameaweb","twitter_site":"@urbeameaweb","schema":{"@context":"https:\/\/schema.org","@graph":[{"@type":"Article","@id":"https:\/\/urbeamea.ro\/albaiulia\/marti-sedinta-la-consiliul-local-alba-iulia-28-de-proiecte-pe-ordinea-de-zi\/#article","isPartOf":{"@id":"https:\/\/urbeamea.ro\/albaiulia\/marti-sedinta-la-consiliul-local-alba-iulia-28-de-proiecte-pe-ordinea-de-zi\/"},"author":{"name":"Cristina Ganga","@id":"https:\/\/urbeamea.ro\/albaiulia\/#\/schema\/person\/9700d21fae21c4f038b0b56f4506264a"},"headline":"MAR\u0162I: \u015eedin\u0163\u0103 la Consiliul Local Alba Iulia. 28 de proiecte pe ordinea de zi","datePublished":"2017-09-22T10:52:35+00:00","mainEntityOfPage":{"@id":"https:\/\/urbeamea.ro\/albaiulia\/marti-sedinta-la-consiliul-local-alba-iulia-28-de-proiecte-pe-ordinea-de-zi\/"},"wordCount":874,"commentCount":0,"image":{"@id":"https:\/\/urbeamea.ro\/albaiulia\/marti-sedinta-la-consiliul-local-alba-iulia-28-de-proiecte-pe-ordinea-de-zi\/#primaryimage"},"thumbnailUrl":"https:\/\/urbeamea.ro\/albaiulia\/wp-content\/uploads\/2015\/05\/Primaria-Alba-Iulia.jpg","keywords":["Alba Iulia","consilieri locali","ordinea de zi","proiecte","sedinta ordinara","stiri","Urbea Mea"],"articleSection":["Administra\u021bie"],"inLanguage":"ro-RO","potentialAction":[{"@type":"CommentAction","name":"Comment","target":["https:\/\/urbeamea.ro\/albaiulia\/marti-sedinta-la-consiliul-local-alba-iulia-28-de-proiecte-pe-ordinea-de-zi\/#respond"]}]},{"@type":"WebPage","@id":"https:\/\/urbeamea.ro\/albaiulia\/marti-sedinta-la-consiliul-local-alba-iulia-28-de-proiecte-pe-ordinea-de-zi\/","url":"https:\/\/urbeamea.ro\/albaiulia\/marti-sedinta-la-consiliul-local-alba-iulia-28-de-proiecte-pe-ordinea-de-zi\/","name":"MAR\u0162I: \u015eedin\u0163\u0103 la Consiliul Local Alba Iulia. 28 de proiecte pe ordinea de zi - Revista Urbea Mea - Revista de Alba","isPartOf":{"@id":"https:\/\/urbeamea.ro\/albaiulia\/#website"},"primaryImageOfPage":{"@id":"https:\/\/urbeamea.ro\/albaiulia\/marti-sedinta-la-consiliul-local-alba-iulia-28-de-proiecte-pe-ordinea-de-zi\/#primaryimage"},"image":{"@id":"https:\/\/urbeamea.ro\/albaiulia\/marti-sedinta-la-consiliul-local-alba-iulia-28-de-proiecte-pe-ordinea-de-zi\/#primaryimage"},"thumbnailUrl":"https:\/\/urbeamea.ro\/albaiulia\/wp-content\/uploads\/2015\/05\/Primaria-Alba-Iulia.jpg","datePublished":"2017-09-22T10:52:35+00:00","author":{"@id":"https:\/\/urbeamea.ro\/albaiulia\/#\/schema\/person\/9700d21fae21c4f038b0b56f4506264a"},"description":"Consilierii locali se reunesc, mar\u0163i, 26 septembrie, de la ora 13.00, \u00een \u015fedin\u0163\u0103 ordinar\u0103, cu 28 de proiecte pe ordinea de zi. Vor avea de aprobat bani","breadcrumb":{"@id":"https:\/\/urbeamea.ro\/albaiulia\/marti-sedinta-la-consiliul-local-alba-iulia-28-de-proiecte-pe-ordinea-de-zi\/#breadcrumb"},"inLanguage":"ro-RO","potentialAction":[{"@type":"ReadAction","target":["https:\/\/urbeamea.ro\/albaiulia\/marti-sedinta-la-consiliul-local-alba-iulia-28-de-proiecte-pe-ordinea-de-zi\/"]}]},{"@type":"ImageObject","inLanguage":"ro-RO","@id":"https:\/\/urbeamea.ro\/albaiulia\/marti-sedinta-la-consiliul-local-alba-iulia-28-de-proiecte-pe-ordinea-de-zi\/#primaryimage","url":"https:\/\/urbeamea.ro\/albaiulia\/wp-content\/uploads\/2015\/05\/Primaria-Alba-Iulia.jpg","contentUrl":"https:\/\/urbeamea.ro\/albaiulia\/wp-content\/uploads\/2015\/05\/Primaria-Alba-Iulia.jpg","width":770,"height":434},{"@type":"BreadcrumbList","@id":"https:\/\/urbeamea.ro\/albaiulia\/marti-sedinta-la-consiliul-local-alba-iulia-28-de-proiecte-pe-ordinea-de-zi\/#breadcrumb","itemListElement":[{"@type":"ListItem","position":1,"name":"Prima pagin\u0103","item":"https:\/\/urbeamea.ro\/albaiulia\/"},{"@type":"ListItem","position":2,"name":"MAR\u0162I: \u015eedin\u0163\u0103 la Consiliul Local Alba Iulia. 28 de proiecte pe ordinea de zi"}]},{"@type":"WebSite","@id":"https:\/\/urbeamea.ro\/albaiulia\/#website","url":"https:\/\/urbeamea.ro\/albaiulia\/","name":"Revista Urbea Mea, Stiri urbane","description":"Evenimente \u0219i \u0219tiri din Alba Iulia, Sebe\u0219, Aiud, Blaj","potentialAction":[{"@type":"SearchAction","target":{"@type":"EntryPoint","urlTemplate":"https:\/\/urbeamea.ro\/albaiulia\/?s={search_term_string}"},"query-input":{"@type":"PropertyValueSpecification","valueRequired":true,"valueName":"search_term_string"}}],"inLanguage":"ro-RO"},{"@type":"Person","@id":"https:\/\/urbeamea.ro\/albaiulia\/#\/schema\/person\/9700d21fae21c4f038b0b56f4506264a","name":"Cristina Ganga","image":{"@type":"ImageObject","inLanguage":"ro-RO","@id":"https:\/\/secure.gravatar.com\/avatar\/5a67661041f057b4a8ccaf26f5a8e86e2689372006d01faf3dd9eeb10b654bb4?s=96&d=mm&r=g","url":"https:\/\/secure.gravatar.com\/avatar\/5a67661041f057b4a8ccaf26f5a8e86e2689372006d01faf3dd9eeb10b654bb4?s=96&d=mm&r=g","contentUrl":"https:\/\/secure.gravatar.com\/avatar\/5a67661041f057b4a8ccaf26f5a8e86e2689372006d01faf3dd9eeb10b654bb4?s=96&d=mm&r=g","caption":"Cristina Ganga"},"description":"Jurnalist","sameAs":["https:\/\/www.facebook.com\/cristina.nicola.587"],"url":"https:\/\/urbeamea.ro\/albaiulia\/author\/cristina-nicola\/"}]}},"_links":{"self":[{"href":"https:\/\/urbeamea.ro\/albaiulia\/wp-json\/wp\/v2\/posts\/52821","targetHints":{"allow":["GET"]}}],"collection":[{"href":"https:\/\/urbeamea.ro\/albaiulia\/wp-json\/wp\/v2\/posts"}],"about":[{"href":"https:\/\/urbeamea.ro\/albaiulia\/wp-json\/wp\/v2\/types\/post"}],"author":[{"embeddable":true,"href":"https:\/\/urbeamea.ro\/albaiulia\/wp-json\/wp\/v2\/users\/17"}],"replies":[{"embeddable":true,"href":"https:\/\/urbeamea.ro\/albaiulia\/wp-json\/wp\/v2\/comments?post=52821"}],"version-history":[{"count":0,"href":"https:\/\/urbeamea.ro\/albaiulia\/wp-json\/wp\/v2\/posts\/52821\/revisions"}],"wp:featuredmedia":[{"embeddable":true,"href":"https:\/\/urbeamea.ro\/albaiulia\/wp-json\/wp\/v2\/media\/4293"}],"wp:attachment":[{"href":"https:\/\/urbeamea.ro\/albaiulia\/wp-json\/wp\/v2\/media?parent=52821"}],"wp:term":[{"taxonomy":"category","embeddable":true,"href":"https:\/\/urbeamea.ro\/albaiulia\/wp-json\/wp\/v2\/categories?post=52821"},{"taxonomy":"post_tag","embeddable":true,"href":"https:\/\/urbeamea.ro\/albaiulia\/wp-json\/wp\/v2\/tags?post=52821"}],"curies":[{"name":"wp","href":"https:\/\/api.w.org\/{rel}","templated":true}]}}