{"id":53056,"date":"2017-09-25T15:31:02","date_gmt":"2017-09-25T12:31:02","guid":{"rendered":"https:\/\/urbeamea.ro\/albaiulia\/?p=53056"},"modified":"2017-09-25T15:31:02","modified_gmt":"2017-09-25T12:31:02","slug":"25-30-septembrie-saptamana-energiei-durabile-in-judetul-alba-programul-evenimentelor","status":"publish","type":"post","link":"https:\/\/urbeamea.ro\/albaiulia\/25-30-septembrie-saptamana-energiei-durabile-in-judetul-alba-programul-evenimentelor\/","title":{"rendered":"25-30 septembrie:  \u201cS\u0103pt\u0103m\u00e2na energiei durabile \u00een jude\u021bul Alba\u201d. Programul evenimentelor"},"content":{"rendered":"<p><strong>\u00cen perioada 25-30 septembrie, Agen\u021bia Local\u0103 a Energiei Alba cu sprijinul\u00a0 Consiliului Jude\u021bean Alba, organizeaz\u0103 \u201cS\u0103pt\u0103m\u00e2na energiei durabile \u00een jude\u021bul Alba\u201d dedicat\u0103 promov\u0103rii energiei \u0219i mobilit\u0103\u021bii urbane durabile \u00een jude\u021bul nostru. <\/strong><\/p>\n<p>\u00cen cadrul acestei s\u0103pt\u0103m\u00e2ni vor avea loc o serie de evenimente dup\u0103 cum urmeaz\u0103\u00a0:<\/p>\n<ol>\n<li><strong>Miercuri 27.09.2017 (10.00 \u2013 13.00)<\/strong>: la Alba Iulia, cl\u0103direa direc\u021biei programe a Prim\u0103riei Alba Iulia, va avea loc<strong> Workshopul \u201e\u00cen sprijinul autorit\u0103\u021bilor locale implicate \u00een planificarea energetic\u0103 durabil\u0103\u201d <\/strong>organizat de Agen\u021bia Local\u0103 a Energiei Alba \u0219i av\u00e2nd ca principal partener Prim\u0103ria Municipiului Alba Iulia; particip\u0103 autorit\u0103\u021bi locale-semnatare CoM, coordonatori teritoriali ai CoM, institu\u021bii locale, companii din domeniu. \u00cen cadrul evenimentului vor fi prezentate teme de interes ca: elaborarea planurilor pentru energie durabil\u0103 \u2013 probleme si tendin\u021be, surse posibile de finan\u021bare a m\u0103surilor de eficien\u021b\u0103 energetic\u0103 promovate de autorit\u0103\u021bile locale, studii de caz privind integrarea planific\u0103rii energetice si a planific\u0103rii mobilit\u0103\u021bii urbane in cadrul strategiilor integrate de dezvoltare durabil\u0103, implementarea sistemului de management energetic la nivel municipal, solu\u021bii inovative pentru cre\u0219terea eficien\u021bei energetice \u0219i utilizarea surselor locale de energie regenerabil\u0103 \u00een cl\u0103diri.<\/li>\n<li><strong>Vineri 29.09.2017<\/strong><strong>(10.00 \u2013 13.00)<\/strong>: la Casa de Cultur\u0103 din Sebe\u0219 se va desf\u0103\u0219ura<strong> \u201eEnergy Info Day Sebe\u0219<\/strong>\u201d \u2013 eveniment organizat de Agen\u021bia Local\u0103 a Energiei Alba \u0219i Prim\u0103ria Municipiului Sebe\u0219. Evenimentul este dedicat prezent\u0103rii publice a Planului de Ac\u021biune pentru Energie Durabil\u0103 \u2013 PAED Sebe\u0219. \u00cen cadrul \u00eent\u00e2lnirii vor fi discutate teme de interes precum: integrarea planific\u0103rii energetice durabile \u00een cadrul Strategiei Integrate de Dezvoltare Durabil\u0103 a Municipiului Sebe\u0219, principalele pachete de ac\u021biuni din cadrul PAED Sebe\u0219, posibile surse de finan\u021bare ale acestor ac\u021biuni prin programe de finan\u021bare european\u0103, solu\u021bii inovative pentru cre\u0219terea eficien\u021bei energetice \u0219i utilizarea surselor locale de energie regenerabil\u0103 \u00een cl\u0103diri. Particip\u0103 autorit\u0103\u021bi locale-semnatare CoM, institu\u021bii locale, coordonatori teritoriali ai CoM, companii din domeniu.<\/li>\n<li><strong>S\u00e2mb\u0103t\u0103 30.09.2017<\/strong><strong>(09.00 \u2013 14.00)<\/strong>: la Baza Sportiv\u0103 Constructorul din P\u00e2cli\u0219a se va desf\u0103\u0219ura<strong> \u201eCupa Eco Bike Tenis \u2013 edi\u021bia a II-a<\/strong>\u201d \u2013 eveniment organizat de Agen\u021bia Local\u0103 a Energiei Alba, Clubul Sportiv Constructorul Alba Iulia \u0219i Prim\u0103ria Municipiului Alba Iulia. Evenimentul vizeaz\u0103 participarea elevilor de nivel primar \u0219i gimnazial din cadrul \u0219colilor generale din jude\u021bul Alba la un concurs de tenis pentru bicicli\u0219ti. Vor participa elevi \u00eentre 7 \u0219i 15 ani, condi\u021bia obligatorie pentru a fi \u00eenscris \u00een concurs fiind ca deplasarea p\u00e2n\u0103 la baza sportiv\u0103 s\u0103 se realizeze cu bicicleta. Se vor acorda premii elevilor c\u00e2\u0219tig\u0103tori const\u00e2nd \u00een rachete de tenis, caschete de protec\u021bie pentru bicicli\u0219ti precum \u0219i seturi de mingi de tenis. Partenerii evenimentului sunt: Consiliul Jude\u021bean Alba \u0219i Agen\u021bia pentru Protec\u021bia Mediului Alba.<\/li>\n<\/ol>\n","protected":false},"excerpt":{"rendered":"<p>\u00cen perioada 25-30 septembrie, Agen\u021bia Local\u0103 a Energiei Alba cu sprijinul\u00a0 Consiliului Jude\u021bean Alba, organizeaz\u0103 \u201cS\u0103pt\u0103m\u00e2na energiei durabile \u00een jude\u021bul Alba\u201d dedicat\u0103 promov\u0103rii energiei \u0219i mobilit\u0103\u021bii urbane durabile \u00een jude\u021bul nostru. \u00cen cadrul acestei s\u0103pt\u0103m\u00e2ni vor avea loc o serie de evenimente dup\u0103 cum urmeaz\u0103\u00a0: Miercuri 27.09.2017 (10.00 \u2013 13.00): la Alba Iulia, cl\u0103direa direc\u021biei &hellip;<\/p>\n","protected":false},"author":17,"featured_media":53057,"comment_status":"open","ping_status":"open","sticky":false,"template":"","format":"standard","meta":{"inline_featured_image":false,"footnotes":""},"categories":[2034],"tags":[31,7033,12515,12516,7394,1223,308,2419,76,4385],"class_list":["post-53056","post","type-post","status-publish","format-standard","has-post-thumbnail","hentry","category-social","tag-alba-iulia","tag-alea","tag-cupa-eco-bike","tag-energy-info-day","tag-saptamana-energiei-durabile","tag-sebes","tag-stiri","tag-teius","tag-urbea-mea","tag-workshop"],"yoast_head":"<!-- This site is optimized with the Yoast SEO plugin v27.4 - https:\/\/yoast.com\/product\/yoast-seo-wordpress\/ -->\n<title>25-30 septembrie: \u201cS\u0103pt\u0103m\u00e2na energiei durabile \u00een jude\u021bul Alba\u201d. Programul evenimentelor - Revista Urbea Mea - Revista de Alba<\/title>\n<meta name=\"description\" content=\"\u00cen perioada 25-30 septembrie, Agen\u021bia Local\u0103 a Energiei Alba cu sprijinul\u00a0 Consiliului Jude\u021bean Alba, organizeaz\u0103 \u201cS\u0103pt\u0103m\u00e2na energiei durabile \u00een jude\u021bul\" \/>\n<meta name=\"robots\" content=\"index, follow, max-snippet:-1, max-image-preview:large, max-video-preview:-1\" \/>\n<link rel=\"canonical\" href=\"https:\/\/urbeamea.ro\/albaiulia\/25-30-septembrie-saptamana-energiei-durabile-in-judetul-alba-programul-evenimentelor\/\" \/>\n<meta name=\"twitter:card\" content=\"summary_large_image\" \/>\n<meta name=\"twitter:title\" content=\"25-30 septembrie: \u201cS\u0103pt\u0103m\u00e2na energiei durabile \u00een jude\u021bul Alba\u201d. Programul evenimentelor - Revista Urbea Mea - Revista de Alba\" \/>\n<meta name=\"twitter:description\" content=\"\u00cen perioada 25-30 septembrie, Agen\u021bia Local\u0103 a Energiei Alba cu sprijinul\u00a0 Consiliului Jude\u021bean Alba, organizeaz\u0103 \u201cS\u0103pt\u0103m\u00e2na energiei durabile \u00een jude\u021bul\" \/>\n<meta name=\"twitter:image\" content=\"https:\/\/urbeamea.ro\/albaiulia\/wp-content\/uploads\/2017\/09\/energie-durabila-alea.jpg\" \/>\n<meta name=\"twitter:creator\" content=\"@urbeameaweb\" \/>\n<meta name=\"twitter:site\" content=\"@urbeameaweb\" \/>\n<script type=\"application\/ld+json\" class=\"yoast-schema-graph\">{\"@context\":\"https:\\\/\\\/schema.org\",\"@graph\":[{\"@type\":\"Article\",\"@id\":\"https:\\\/\\\/urbeamea.ro\\\/albaiulia\\\/25-30-septembrie-saptamana-energiei-durabile-in-judetul-alba-programul-evenimentelor\\\/#article\",\"isPartOf\":{\"@id\":\"https:\\\/\\\/urbeamea.ro\\\/albaiulia\\\/25-30-septembrie-saptamana-energiei-durabile-in-judetul-alba-programul-evenimentelor\\\/\"},\"author\":{\"name\":\"Cristina Ganga\",\"@id\":\"https:\\\/\\\/urbeamea.ro\\\/albaiulia\\\/#\\\/schema\\\/person\\\/9700d21fae21c4f038b0b56f4506264a\"},\"headline\":\"25-30 septembrie: \u201cS\u0103pt\u0103m\u00e2na energiei durabile \u00een jude\u021bul Alba\u201d. Programul evenimentelor\",\"datePublished\":\"2017-09-25T12:31:02+00:00\",\"mainEntityOfPage\":{\"@id\":\"https:\\\/\\\/urbeamea.ro\\\/albaiulia\\\/25-30-septembrie-saptamana-energiei-durabile-in-judetul-alba-programul-evenimentelor\\\/\"},\"wordCount\":485,\"commentCount\":0,\"image\":{\"@id\":\"https:\\\/\\\/urbeamea.ro\\\/albaiulia\\\/25-30-septembrie-saptamana-energiei-durabile-in-judetul-alba-programul-evenimentelor\\\/#primaryimage\"},\"thumbnailUrl\":\"https:\\\/\\\/urbeamea.ro\\\/albaiulia\\\/wp-content\\\/uploads\\\/2017\\\/09\\\/energie-durabila-alea.jpg\",\"keywords\":[\"Alba Iulia\",\"ALEA\",\"Cupa Eco Bike\",\"Energy Info Day\",\"saptamana energiei durabile\",\"sebes\",\"stiri\",\"teius\",\"Urbea Mea\",\"workshop\"],\"articleSection\":[\"Social\"],\"inLanguage\":\"ro-RO\",\"potentialAction\":[{\"@type\":\"CommentAction\",\"name\":\"Comment\",\"target\":[\"https:\\\/\\\/urbeamea.ro\\\/albaiulia\\\/25-30-septembrie-saptamana-energiei-durabile-in-judetul-alba-programul-evenimentelor\\\/#respond\"]}]},{\"@type\":\"WebPage\",\"@id\":\"https:\\\/\\\/urbeamea.ro\\\/albaiulia\\\/25-30-septembrie-saptamana-energiei-durabile-in-judetul-alba-programul-evenimentelor\\\/\",\"url\":\"https:\\\/\\\/urbeamea.ro\\\/albaiulia\\\/25-30-septembrie-saptamana-energiei-durabile-in-judetul-alba-programul-evenimentelor\\\/\",\"name\":\"25-30 septembrie: \u201cS\u0103pt\u0103m\u00e2na energiei durabile \u00een jude\u021bul Alba\u201d. Programul evenimentelor - Revista Urbea Mea - Revista de Alba\",\"isPartOf\":{\"@id\":\"https:\\\/\\\/urbeamea.ro\\\/albaiulia\\\/#website\"},\"primaryImageOfPage\":{\"@id\":\"https:\\\/\\\/urbeamea.ro\\\/albaiulia\\\/25-30-septembrie-saptamana-energiei-durabile-in-judetul-alba-programul-evenimentelor\\\/#primaryimage\"},\"image\":{\"@id\":\"https:\\\/\\\/urbeamea.ro\\\/albaiulia\\\/25-30-septembrie-saptamana-energiei-durabile-in-judetul-alba-programul-evenimentelor\\\/#primaryimage\"},\"thumbnailUrl\":\"https:\\\/\\\/urbeamea.ro\\\/albaiulia\\\/wp-content\\\/uploads\\\/2017\\\/09\\\/energie-durabila-alea.jpg\",\"datePublished\":\"2017-09-25T12:31:02+00:00\",\"author\":{\"@id\":\"https:\\\/\\\/urbeamea.ro\\\/albaiulia\\\/#\\\/schema\\\/person\\\/9700d21fae21c4f038b0b56f4506264a\"},\"description\":\"\u00cen perioada 25-30 septembrie, Agen\u021bia Local\u0103 a Energiei Alba cu sprijinul\u00a0 Consiliului Jude\u021bean Alba, organizeaz\u0103 \u201cS\u0103pt\u0103m\u00e2na energiei durabile \u00een jude\u021bul\",\"breadcrumb\":{\"@id\":\"https:\\\/\\\/urbeamea.ro\\\/albaiulia\\\/25-30-septembrie-saptamana-energiei-durabile-in-judetul-alba-programul-evenimentelor\\\/#breadcrumb\"},\"inLanguage\":\"ro-RO\",\"potentialAction\":[{\"@type\":\"ReadAction\",\"target\":[\"https:\\\/\\\/urbeamea.ro\\\/albaiulia\\\/25-30-septembrie-saptamana-energiei-durabile-in-judetul-alba-programul-evenimentelor\\\/\"]}]},{\"@type\":\"ImageObject\",\"inLanguage\":\"ro-RO\",\"@id\":\"https:\\\/\\\/urbeamea.ro\\\/albaiulia\\\/25-30-septembrie-saptamana-energiei-durabile-in-judetul-alba-programul-evenimentelor\\\/#primaryimage\",\"url\":\"https:\\\/\\\/urbeamea.ro\\\/albaiulia\\\/wp-content\\\/uploads\\\/2017\\\/09\\\/energie-durabila-alea.jpg\",\"contentUrl\":\"https:\\\/\\\/urbeamea.ro\\\/albaiulia\\\/wp-content\\\/uploads\\\/2017\\\/09\\\/energie-durabila-alea.jpg\",\"width\":790,\"height\":400},{\"@type\":\"BreadcrumbList\",\"@id\":\"https:\\\/\\\/urbeamea.ro\\\/albaiulia\\\/25-30-septembrie-saptamana-energiei-durabile-in-judetul-alba-programul-evenimentelor\\\/#breadcrumb\",\"itemListElement\":[{\"@type\":\"ListItem\",\"position\":1,\"name\":\"Prima pagin\u0103\",\"item\":\"https:\\\/\\\/urbeamea.ro\\\/albaiulia\\\/\"},{\"@type\":\"ListItem\",\"position\":2,\"name\":\"25-30 septembrie: \u201cS\u0103pt\u0103m\u00e2na energiei durabile \u00een jude\u021bul Alba\u201d. Programul evenimentelor\"}]},{\"@type\":\"WebSite\",\"@id\":\"https:\\\/\\\/urbeamea.ro\\\/albaiulia\\\/#website\",\"url\":\"https:\\\/\\\/urbeamea.ro\\\/albaiulia\\\/\",\"name\":\"Revista Urbea Mea, Stiri urbane\",\"description\":\"Evenimente \u0219i \u0219tiri din Alba Iulia, Sebe\u0219, Aiud, Blaj\",\"potentialAction\":[{\"@type\":\"SearchAction\",\"target\":{\"@type\":\"EntryPoint\",\"urlTemplate\":\"https:\\\/\\\/urbeamea.ro\\\/albaiulia\\\/?s={search_term_string}\"},\"query-input\":{\"@type\":\"PropertyValueSpecification\",\"valueRequired\":true,\"valueName\":\"search_term_string\"}}],\"inLanguage\":\"ro-RO\"},{\"@type\":\"Person\",\"@id\":\"https:\\\/\\\/urbeamea.ro\\\/albaiulia\\\/#\\\/schema\\\/person\\\/9700d21fae21c4f038b0b56f4506264a\",\"name\":\"Cristina Ganga\",\"image\":{\"@type\":\"ImageObject\",\"inLanguage\":\"ro-RO\",\"@id\":\"https:\\\/\\\/secure.gravatar.com\\\/avatar\\\/5a67661041f057b4a8ccaf26f5a8e86e2689372006d01faf3dd9eeb10b654bb4?s=96&d=mm&r=g\",\"url\":\"https:\\\/\\\/secure.gravatar.com\\\/avatar\\\/5a67661041f057b4a8ccaf26f5a8e86e2689372006d01faf3dd9eeb10b654bb4?s=96&d=mm&r=g\",\"contentUrl\":\"https:\\\/\\\/secure.gravatar.com\\\/avatar\\\/5a67661041f057b4a8ccaf26f5a8e86e2689372006d01faf3dd9eeb10b654bb4?s=96&d=mm&r=g\",\"caption\":\"Cristina Ganga\"},\"description\":\"Jurnalist\",\"sameAs\":[\"https:\\\/\\\/www.facebook.com\\\/cristina.nicola.587\"],\"url\":\"https:\\\/\\\/urbeamea.ro\\\/albaiulia\\\/author\\\/cristina-nicola\\\/\"}]}<\/script>\n<!-- \/ Yoast SEO plugin. -->","yoast_head_json":{"title":"25-30 septembrie: \u201cS\u0103pt\u0103m\u00e2na energiei durabile \u00een jude\u021bul Alba\u201d. Programul evenimentelor - Revista Urbea Mea - Revista de Alba","description":"\u00cen perioada 25-30 septembrie, Agen\u021bia Local\u0103 a Energiei Alba cu sprijinul\u00a0 Consiliului Jude\u021bean Alba, organizeaz\u0103 \u201cS\u0103pt\u0103m\u00e2na energiei durabile \u00een jude\u021bul","robots":{"index":"index","follow":"follow","max-snippet":"max-snippet:-1","max-image-preview":"max-image-preview:large","max-video-preview":"max-video-preview:-1"},"canonical":"https:\/\/urbeamea.ro\/albaiulia\/25-30-septembrie-saptamana-energiei-durabile-in-judetul-alba-programul-evenimentelor\/","twitter_card":"summary_large_image","twitter_title":"25-30 septembrie: \u201cS\u0103pt\u0103m\u00e2na energiei durabile \u00een jude\u021bul Alba\u201d. Programul evenimentelor - Revista Urbea Mea - Revista de Alba","twitter_description":"\u00cen perioada 25-30 septembrie, Agen\u021bia Local\u0103 a Energiei Alba cu sprijinul\u00a0 Consiliului Jude\u021bean Alba, organizeaz\u0103 \u201cS\u0103pt\u0103m\u00e2na energiei durabile \u00een jude\u021bul","twitter_image":"https:\/\/urbeamea.ro\/albaiulia\/wp-content\/uploads\/2017\/09\/energie-durabila-alea.jpg","twitter_creator":"@urbeameaweb","twitter_site":"@urbeameaweb","schema":{"@context":"https:\/\/schema.org","@graph":[{"@type":"Article","@id":"https:\/\/urbeamea.ro\/albaiulia\/25-30-septembrie-saptamana-energiei-durabile-in-judetul-alba-programul-evenimentelor\/#article","isPartOf":{"@id":"https:\/\/urbeamea.ro\/albaiulia\/25-30-septembrie-saptamana-energiei-durabile-in-judetul-alba-programul-evenimentelor\/"},"author":{"name":"Cristina Ganga","@id":"https:\/\/urbeamea.ro\/albaiulia\/#\/schema\/person\/9700d21fae21c4f038b0b56f4506264a"},"headline":"25-30 septembrie: \u201cS\u0103pt\u0103m\u00e2na energiei durabile \u00een jude\u021bul Alba\u201d. Programul evenimentelor","datePublished":"2017-09-25T12:31:02+00:00","mainEntityOfPage":{"@id":"https:\/\/urbeamea.ro\/albaiulia\/25-30-septembrie-saptamana-energiei-durabile-in-judetul-alba-programul-evenimentelor\/"},"wordCount":485,"commentCount":0,"image":{"@id":"https:\/\/urbeamea.ro\/albaiulia\/25-30-septembrie-saptamana-energiei-durabile-in-judetul-alba-programul-evenimentelor\/#primaryimage"},"thumbnailUrl":"https:\/\/urbeamea.ro\/albaiulia\/wp-content\/uploads\/2017\/09\/energie-durabila-alea.jpg","keywords":["Alba Iulia","ALEA","Cupa Eco Bike","Energy Info Day","saptamana energiei durabile","sebes","stiri","teius","Urbea Mea","workshop"],"articleSection":["Social"],"inLanguage":"ro-RO","potentialAction":[{"@type":"CommentAction","name":"Comment","target":["https:\/\/urbeamea.ro\/albaiulia\/25-30-septembrie-saptamana-energiei-durabile-in-judetul-alba-programul-evenimentelor\/#respond"]}]},{"@type":"WebPage","@id":"https:\/\/urbeamea.ro\/albaiulia\/25-30-septembrie-saptamana-energiei-durabile-in-judetul-alba-programul-evenimentelor\/","url":"https:\/\/urbeamea.ro\/albaiulia\/25-30-septembrie-saptamana-energiei-durabile-in-judetul-alba-programul-evenimentelor\/","name":"25-30 septembrie: \u201cS\u0103pt\u0103m\u00e2na energiei durabile \u00een jude\u021bul Alba\u201d. Programul evenimentelor - Revista Urbea Mea - Revista de Alba","isPartOf":{"@id":"https:\/\/urbeamea.ro\/albaiulia\/#website"},"primaryImageOfPage":{"@id":"https:\/\/urbeamea.ro\/albaiulia\/25-30-septembrie-saptamana-energiei-durabile-in-judetul-alba-programul-evenimentelor\/#primaryimage"},"image":{"@id":"https:\/\/urbeamea.ro\/albaiulia\/25-30-septembrie-saptamana-energiei-durabile-in-judetul-alba-programul-evenimentelor\/#primaryimage"},"thumbnailUrl":"https:\/\/urbeamea.ro\/albaiulia\/wp-content\/uploads\/2017\/09\/energie-durabila-alea.jpg","datePublished":"2017-09-25T12:31:02+00:00","author":{"@id":"https:\/\/urbeamea.ro\/albaiulia\/#\/schema\/person\/9700d21fae21c4f038b0b56f4506264a"},"description":"\u00cen perioada 25-30 septembrie, Agen\u021bia Local\u0103 a Energiei Alba cu sprijinul\u00a0 Consiliului Jude\u021bean Alba, organizeaz\u0103 \u201cS\u0103pt\u0103m\u00e2na energiei durabile \u00een jude\u021bul","breadcrumb":{"@id":"https:\/\/urbeamea.ro\/albaiulia\/25-30-septembrie-saptamana-energiei-durabile-in-judetul-alba-programul-evenimentelor\/#breadcrumb"},"inLanguage":"ro-RO","potentialAction":[{"@type":"ReadAction","target":["https:\/\/urbeamea.ro\/albaiulia\/25-30-septembrie-saptamana-energiei-durabile-in-judetul-alba-programul-evenimentelor\/"]}]},{"@type":"ImageObject","inLanguage":"ro-RO","@id":"https:\/\/urbeamea.ro\/albaiulia\/25-30-septembrie-saptamana-energiei-durabile-in-judetul-alba-programul-evenimentelor\/#primaryimage","url":"https:\/\/urbeamea.ro\/albaiulia\/wp-content\/uploads\/2017\/09\/energie-durabila-alea.jpg","contentUrl":"https:\/\/urbeamea.ro\/albaiulia\/wp-content\/uploads\/2017\/09\/energie-durabila-alea.jpg","width":790,"height":400},{"@type":"BreadcrumbList","@id":"https:\/\/urbeamea.ro\/albaiulia\/25-30-septembrie-saptamana-energiei-durabile-in-judetul-alba-programul-evenimentelor\/#breadcrumb","itemListElement":[{"@type":"ListItem","position":1,"name":"Prima pagin\u0103","item":"https:\/\/urbeamea.ro\/albaiulia\/"},{"@type":"ListItem","position":2,"name":"25-30 septembrie: \u201cS\u0103pt\u0103m\u00e2na energiei durabile \u00een jude\u021bul Alba\u201d. Programul evenimentelor"}]},{"@type":"WebSite","@id":"https:\/\/urbeamea.ro\/albaiulia\/#website","url":"https:\/\/urbeamea.ro\/albaiulia\/","name":"Revista Urbea Mea, Stiri urbane","description":"Evenimente \u0219i \u0219tiri din Alba Iulia, Sebe\u0219, Aiud, Blaj","potentialAction":[{"@type":"SearchAction","target":{"@type":"EntryPoint","urlTemplate":"https:\/\/urbeamea.ro\/albaiulia\/?s={search_term_string}"},"query-input":{"@type":"PropertyValueSpecification","valueRequired":true,"valueName":"search_term_string"}}],"inLanguage":"ro-RO"},{"@type":"Person","@id":"https:\/\/urbeamea.ro\/albaiulia\/#\/schema\/person\/9700d21fae21c4f038b0b56f4506264a","name":"Cristina Ganga","image":{"@type":"ImageObject","inLanguage":"ro-RO","@id":"https:\/\/secure.gravatar.com\/avatar\/5a67661041f057b4a8ccaf26f5a8e86e2689372006d01faf3dd9eeb10b654bb4?s=96&d=mm&r=g","url":"https:\/\/secure.gravatar.com\/avatar\/5a67661041f057b4a8ccaf26f5a8e86e2689372006d01faf3dd9eeb10b654bb4?s=96&d=mm&r=g","contentUrl":"https:\/\/secure.gravatar.com\/avatar\/5a67661041f057b4a8ccaf26f5a8e86e2689372006d01faf3dd9eeb10b654bb4?s=96&d=mm&r=g","caption":"Cristina Ganga"},"description":"Jurnalist","sameAs":["https:\/\/www.facebook.com\/cristina.nicola.587"],"url":"https:\/\/urbeamea.ro\/albaiulia\/author\/cristina-nicola\/"}]}},"_links":{"self":[{"href":"https:\/\/urbeamea.ro\/albaiulia\/wp-json\/wp\/v2\/posts\/53056","targetHints":{"allow":["GET"]}}],"collection":[{"href":"https:\/\/urbeamea.ro\/albaiulia\/wp-json\/wp\/v2\/posts"}],"about":[{"href":"https:\/\/urbeamea.ro\/albaiulia\/wp-json\/wp\/v2\/types\/post"}],"author":[{"embeddable":true,"href":"https:\/\/urbeamea.ro\/albaiulia\/wp-json\/wp\/v2\/users\/17"}],"replies":[{"embeddable":true,"href":"https:\/\/urbeamea.ro\/albaiulia\/wp-json\/wp\/v2\/comments?post=53056"}],"version-history":[{"count":0,"href":"https:\/\/urbeamea.ro\/albaiulia\/wp-json\/wp\/v2\/posts\/53056\/revisions"}],"wp:featuredmedia":[{"embeddable":true,"href":"https:\/\/urbeamea.ro\/albaiulia\/wp-json\/wp\/v2\/media\/53057"}],"wp:attachment":[{"href":"https:\/\/urbeamea.ro\/albaiulia\/wp-json\/wp\/v2\/media?parent=53056"}],"wp:term":[{"taxonomy":"category","embeddable":true,"href":"https:\/\/urbeamea.ro\/albaiulia\/wp-json\/wp\/v2\/categories?post=53056"},{"taxonomy":"post_tag","embeddable":true,"href":"https:\/\/urbeamea.ro\/albaiulia\/wp-json\/wp\/v2\/tags?post=53056"}],"curies":[{"name":"wp","href":"https:\/\/api.w.org\/{rel}","templated":true}]}}