{"id":53065,"date":"2017-09-26T19:03:27","date_gmt":"2017-09-26T16:03:27","guid":{"rendered":"https:\/\/urbeamea.ro\/albaiulia\/?p=53065"},"modified":"2017-09-26T19:03:27","modified_gmt":"2017-09-26T16:03:27","slug":"vineri-spectacolul-mica-vrajitoare-premiera-prezentata-de-teatrul-de-papusi-prichindel-din-alba-iulia","status":"publish","type":"post","link":"https:\/\/urbeamea.ro\/albaiulia\/vineri-spectacolul-mica-vrajitoare-premiera-prezentata-de-teatrul-de-papusi-prichindel-din-alba-iulia\/","title":{"rendered":"Vineri: Spectacolul \u201eMica Vr\u0103jitoare\u201d, premiera prezentat\u0103 de Teatrul de P\u0103pu\u0219i \u201ePrichindel\u201d din Alba Iulia"},"content":{"rendered":"<p align=\"JUSTIFY\"><strong><span lang=\"ro-RO\">Teatrul de P\u0103pu\u0219i \u201e<\/span><span lang=\"ro-RO\">Prichindel\u201d din Alba Iulia<\/span><span lang=\"ro-RO\"> v\u0103 invit\u0103 vineri, 29 septembrie, de la ora 11:30, la sediul teatrului, la premiera spectacolului <\/span><span lang=\"ro-RO\">Mica Vr\u0103jitoare<\/span><span lang=\"ro-RO\">, adaptare dup\u0103 o poveste semnat\u0103 de <\/span><span lang=\"ro-RO\">Otfried Preussler, \u00een regia lui Todor Valov.<\/span><\/strong><\/p>\n<p align=\"JUSTIFY\">Mica vr\u0103jitoare este o poveste fantastic\u0103 \u0219i amuzant\u0103 despre calea spre maturizare. Fiecare etap\u0103 e plin\u0103 de greut\u0103\u021bi \u0219i \u00eencerc\u0103ri. Dar nimic nu este greu dac\u0103 ai un scop nobil, un prieten adev\u0103rat, tenacitate \u0219i curaj.<\/p>\n<p align=\"JUSTIFY\"><em><span lang=\"ro-RO\">\u201eA\u0219adar, dac\u0103 vre\u021bi s\u0103 afla\u021bi de ce nu mai exist\u0103 vr\u0103jitoare rele, dac\u0103 vre\u021bi s\u0103 descoperi\u021bi cum se \u00eenva\u021b\u0103 la \u0219coala vr\u0103jitoarelor (vede\u021bi, dragi copii \u0219i p\u0103rin\u021bi, chiar \u0219i vr\u0103jitoarele au nevoie de \u00eenv\u0103\u021b\u0103tur\u0103!) nu trebuie dec\u00e2t s\u0103 ne onora\u021bi cu prezen\u021ba voastr\u0103.<\/span><\/em><\/p>\n<p align=\"JUSTIFY\"><span lang=\"ro-RO\"><em>Apropo, \u0219ti\u021bi c\u00e2\u021bi ani are Mica vr\u0103jitoare? \u2026 mai bine afla\u021bi venind la spectacol. Echipa teatrului v\u0103 a\u0219teapt\u0103 cu drag, cu z\u00e2mbete \u0219i cu bra\u021bele deschise<\/em>\u201d, au transmis reprezentan\u021bii teatrului.<br \/>\n<\/span><\/p>\n<p align=\"JUSTIFY\"><span lang=\"ro-RO\">Echipa spectacolului: regia artistic\u0103 \u2013 <\/span><span lang=\"ro-RO\">Todor Valov, scenografia \u2013 Hristina Nedeva, dramatizarea \u2013 Emiliya Ivanova-Malenova, muzica \u2013 Plamen Mirchev, traducere dramatizare \u2013 Raluca Tulbure.<\/span><\/p>\n<p align=\"JUSTIFY\"><span lang=\"ro-RO\">Distribu\u021bia: Viorica Boda, Piekny Ghiciuc, Teodora Popa, Irina Melnic, Ramona Mincu Benchea, M\u0103d\u0103lin Costea, C\u0103t\u0103lina Mih\u0103il\u0103, Rare\u0219 Bogdan Porca, regia tehnic\u0103 \u2013 Elena Madaras, lumini \u2013 Ovidiu T\u0103m\u0103\u015fan, C\u0103lin Popa, sunet \u2013 Florin Andrea, ma\u0219ini\u0219ti \u2013 R\u0103zvan Laszlo, Horia Oarga, croitorie \u2013 Mirela T\u0103m\u0103\u015fan, t\u00e2mpl\u0103rie \u2013 Marin Goia.<\/span><\/p>\n","protected":false},"excerpt":{"rendered":"<p>Teatrul de P\u0103pu\u0219i \u201ePrichindel\u201d din Alba Iulia v\u0103 invit\u0103 vineri, 29 septembrie, de la ora 11:30, la sediul teatrului, la premiera spectacolului Mica Vr\u0103jitoare, adaptare dup\u0103 o poveste semnat\u0103 de Otfried Preussler, \u00een regia lui Todor Valov. Mica vr\u0103jitoare este o poveste fantastic\u0103 \u0219i amuzant\u0103 despre calea spre maturizare. Fiecare etap\u0103 e plin\u0103 de greut\u0103\u021bi &hellip;<\/p>\n","protected":false},"author":17,"featured_media":53066,"comment_status":"open","ping_status":"open","sticky":false,"template":"","format":"standard","meta":{"inline_featured_image":false,"footnotes":""},"categories":[2038],"tags":[31,11717,12524,1711,2778,360,308,909,3301,76],"class_list":["post-53065","post","type-post","status-publish","format-standard","has-post-thumbnail","hentry","category-cultura","tag-alba-iulia","tag-mica-vrajitoare","tag-otfried-preussler","tag-premiera","tag-regie","tag-spectacol","tag-stiri","tag-teatrul-de-papusi-prichindel","tag-todor-valov","tag-urbea-mea"],"yoast_head":"<!-- This site is optimized with the Yoast SEO plugin v28.3 - https:\/\/yoast.com\/product\/yoast-seo-wordpress\/ -->\n<title>Vineri: Spectacolul \u201eMica Vr\u0103jitoare\u201d, premiera prezentat\u0103 de Teatrul de P\u0103pu\u0219i \u201ePrichindel\u201d din Alba Iulia - Revista Urbea Mea - Revista de Alba<\/title>\n<meta name=\"description\" content=\"Teatrul de P\u0103pu\u0219i \u201ePrichindel\u201d din Alba Iulia v\u0103 invit\u0103 vineri, 29 septembrie, de la ora 11:30, la sediul teatrului, la premiera spectacolului Mica\" \/>\n<meta name=\"robots\" content=\"index, follow, max-snippet:-1, max-image-preview:large, max-video-preview:-1\" \/>\n<link rel=\"canonical\" href=\"https:\/\/urbeamea.ro\/albaiulia\/vineri-spectacolul-mica-vrajitoare-premiera-prezentata-de-teatrul-de-papusi-prichindel-din-alba-iulia\/\" \/>\n<meta name=\"twitter:card\" content=\"summary_large_image\" \/>\n<meta name=\"twitter:title\" content=\"Vineri: Spectacolul \u201eMica Vr\u0103jitoare\u201d, premiera prezentat\u0103 de Teatrul de P\u0103pu\u0219i \u201ePrichindel\u201d din Alba Iulia - Revista Urbea Mea - Revista de Alba\" \/>\n<meta name=\"twitter:description\" content=\"Teatrul de P\u0103pu\u0219i \u201ePrichindel\u201d din Alba Iulia v\u0103 invit\u0103 vineri, 29 septembrie, de la ora 11:30, la sediul teatrului, la premiera spectacolului Mica\" \/>\n<meta name=\"twitter:image\" content=\"https:\/\/urbeamea.ro\/albaiulia\/wp-content\/uploads\/2017\/09\/22053220_1493273587414885_268308849_n.jpg\" \/>\n<meta name=\"twitter:creator\" content=\"@urbeameaweb\" \/>\n<meta name=\"twitter:site\" content=\"@urbeameaweb\" \/>\n<script type=\"application\/ld+json\" class=\"yoast-schema-graph\">{\"@context\":\"https:\\\/\\\/schema.org\",\"@graph\":[{\"@type\":\"Article\",\"@id\":\"https:\\\/\\\/urbeamea.ro\\\/albaiulia\\\/vineri-spectacolul-mica-vrajitoare-premiera-prezentata-de-teatrul-de-papusi-prichindel-din-alba-iulia\\\/#article\",\"isPartOf\":{\"@id\":\"https:\\\/\\\/urbeamea.ro\\\/albaiulia\\\/vineri-spectacolul-mica-vrajitoare-premiera-prezentata-de-teatrul-de-papusi-prichindel-din-alba-iulia\\\/\"},\"author\":{\"name\":\"Cristina Ganga\",\"@id\":\"https:\\\/\\\/urbeamea.ro\\\/albaiulia\\\/#\\\/schema\\\/person\\\/9700d21fae21c4f038b0b56f4506264a\"},\"headline\":\"Vineri: Spectacolul \u201eMica Vr\u0103jitoare\u201d, premiera prezentat\u0103 de Teatrul de P\u0103pu\u0219i \u201ePrichindel\u201d din Alba Iulia\",\"datePublished\":\"2017-09-26T16:03:27+00:00\",\"mainEntityOfPage\":{\"@id\":\"https:\\\/\\\/urbeamea.ro\\\/albaiulia\\\/vineri-spectacolul-mica-vrajitoare-premiera-prezentata-de-teatrul-de-papusi-prichindel-din-alba-iulia\\\/\"},\"wordCount\":267,\"commentCount\":0,\"image\":{\"@id\":\"https:\\\/\\\/urbeamea.ro\\\/albaiulia\\\/vineri-spectacolul-mica-vrajitoare-premiera-prezentata-de-teatrul-de-papusi-prichindel-din-alba-iulia\\\/#primaryimage\"},\"thumbnailUrl\":\"https:\\\/\\\/urbeamea.ro\\\/albaiulia\\\/wp-content\\\/uploads\\\/2017\\\/09\\\/22053220_1493273587414885_268308849_n.jpg\",\"keywords\":[\"Alba Iulia\",\"mica vrajitoare\",\"Otfried Preussler\",\"premiera\",\"regie\",\"spectacol\",\"stiri\",\"Teatrul de p\u0103pu\u0219i \u201ePrichindel\u201d\",\"Todor Valov\",\"Urbea Mea\"],\"articleSection\":[\"Cultur\u0103\"],\"inLanguage\":\"ro-RO\",\"potentialAction\":[{\"@type\":\"CommentAction\",\"name\":\"Comment\",\"target\":[\"https:\\\/\\\/urbeamea.ro\\\/albaiulia\\\/vineri-spectacolul-mica-vrajitoare-premiera-prezentata-de-teatrul-de-papusi-prichindel-din-alba-iulia\\\/#respond\"]}]},{\"@type\":\"WebPage\",\"@id\":\"https:\\\/\\\/urbeamea.ro\\\/albaiulia\\\/vineri-spectacolul-mica-vrajitoare-premiera-prezentata-de-teatrul-de-papusi-prichindel-din-alba-iulia\\\/\",\"url\":\"https:\\\/\\\/urbeamea.ro\\\/albaiulia\\\/vineri-spectacolul-mica-vrajitoare-premiera-prezentata-de-teatrul-de-papusi-prichindel-din-alba-iulia\\\/\",\"name\":\"Vineri: Spectacolul \u201eMica Vr\u0103jitoare\u201d, premiera prezentat\u0103 de Teatrul de P\u0103pu\u0219i \u201ePrichindel\u201d din Alba Iulia - Revista Urbea Mea - Revista de Alba\",\"isPartOf\":{\"@id\":\"https:\\\/\\\/urbeamea.ro\\\/albaiulia\\\/#website\"},\"primaryImageOfPage\":{\"@id\":\"https:\\\/\\\/urbeamea.ro\\\/albaiulia\\\/vineri-spectacolul-mica-vrajitoare-premiera-prezentata-de-teatrul-de-papusi-prichindel-din-alba-iulia\\\/#primaryimage\"},\"image\":{\"@id\":\"https:\\\/\\\/urbeamea.ro\\\/albaiulia\\\/vineri-spectacolul-mica-vrajitoare-premiera-prezentata-de-teatrul-de-papusi-prichindel-din-alba-iulia\\\/#primaryimage\"},\"thumbnailUrl\":\"https:\\\/\\\/urbeamea.ro\\\/albaiulia\\\/wp-content\\\/uploads\\\/2017\\\/09\\\/22053220_1493273587414885_268308849_n.jpg\",\"datePublished\":\"2017-09-26T16:03:27+00:00\",\"author\":{\"@id\":\"https:\\\/\\\/urbeamea.ro\\\/albaiulia\\\/#\\\/schema\\\/person\\\/9700d21fae21c4f038b0b56f4506264a\"},\"description\":\"Teatrul de P\u0103pu\u0219i \u201ePrichindel\u201d din Alba Iulia v\u0103 invit\u0103 vineri, 29 septembrie, de la ora 11:30, la sediul teatrului, la premiera spectacolului Mica\",\"breadcrumb\":{\"@id\":\"https:\\\/\\\/urbeamea.ro\\\/albaiulia\\\/vineri-spectacolul-mica-vrajitoare-premiera-prezentata-de-teatrul-de-papusi-prichindel-din-alba-iulia\\\/#breadcrumb\"},\"inLanguage\":\"ro-RO\",\"potentialAction\":[{\"@type\":\"ReadAction\",\"target\":[\"https:\\\/\\\/urbeamea.ro\\\/albaiulia\\\/vineri-spectacolul-mica-vrajitoare-premiera-prezentata-de-teatrul-de-papusi-prichindel-din-alba-iulia\\\/\"]}]},{\"@type\":\"ImageObject\",\"inLanguage\":\"ro-RO\",\"@id\":\"https:\\\/\\\/urbeamea.ro\\\/albaiulia\\\/vineri-spectacolul-mica-vrajitoare-premiera-prezentata-de-teatrul-de-papusi-prichindel-din-alba-iulia\\\/#primaryimage\",\"url\":\"https:\\\/\\\/urbeamea.ro\\\/albaiulia\\\/wp-content\\\/uploads\\\/2017\\\/09\\\/22053220_1493273587414885_268308849_n.jpg\",\"contentUrl\":\"https:\\\/\\\/urbeamea.ro\\\/albaiulia\\\/wp-content\\\/uploads\\\/2017\\\/09\\\/22053220_1493273587414885_268308849_n.jpg\",\"width\":960,\"height\":640},{\"@type\":\"BreadcrumbList\",\"@id\":\"https:\\\/\\\/urbeamea.ro\\\/albaiulia\\\/vineri-spectacolul-mica-vrajitoare-premiera-prezentata-de-teatrul-de-papusi-prichindel-din-alba-iulia\\\/#breadcrumb\",\"itemListElement\":[{\"@type\":\"ListItem\",\"position\":1,\"name\":\"Prima pagin\u0103\",\"item\":\"https:\\\/\\\/urbeamea.ro\\\/albaiulia\\\/\"},{\"@type\":\"ListItem\",\"position\":2,\"name\":\"Vineri: Spectacolul \u201eMica Vr\u0103jitoare\u201d, premiera prezentat\u0103 de Teatrul de P\u0103pu\u0219i \u201ePrichindel\u201d din Alba Iulia\"}]},{\"@type\":\"WebSite\",\"@id\":\"https:\\\/\\\/urbeamea.ro\\\/albaiulia\\\/#website\",\"url\":\"https:\\\/\\\/urbeamea.ro\\\/albaiulia\\\/\",\"name\":\"Revista Urbea Mea, Stiri urbane\",\"description\":\"Evenimente \u0219i \u0219tiri din Alba Iulia, Sebe\u0219, Aiud, Blaj\",\"potentialAction\":[{\"@type\":\"SearchAction\",\"target\":{\"@type\":\"EntryPoint\",\"urlTemplate\":\"https:\\\/\\\/urbeamea.ro\\\/albaiulia\\\/?s={search_term_string}\"},\"query-input\":{\"@type\":\"PropertyValueSpecification\",\"valueRequired\":true,\"valueName\":\"search_term_string\"}}],\"inLanguage\":\"ro-RO\"},{\"@type\":\"Person\",\"@id\":\"https:\\\/\\\/urbeamea.ro\\\/albaiulia\\\/#\\\/schema\\\/person\\\/9700d21fae21c4f038b0b56f4506264a\",\"name\":\"Cristina Ganga\",\"image\":{\"@type\":\"ImageObject\",\"inLanguage\":\"ro-RO\",\"@id\":\"https:\\\/\\\/secure.gravatar.com\\\/avatar\\\/5a67661041f057b4a8ccaf26f5a8e86e2689372006d01faf3dd9eeb10b654bb4?s=96&d=mm&r=g\",\"url\":\"https:\\\/\\\/secure.gravatar.com\\\/avatar\\\/5a67661041f057b4a8ccaf26f5a8e86e2689372006d01faf3dd9eeb10b654bb4?s=96&d=mm&r=g\",\"contentUrl\":\"https:\\\/\\\/secure.gravatar.com\\\/avatar\\\/5a67661041f057b4a8ccaf26f5a8e86e2689372006d01faf3dd9eeb10b654bb4?s=96&d=mm&r=g\",\"caption\":\"Cristina Ganga\"},\"description\":\"Jurnalist\",\"sameAs\":[\"https:\\\/\\\/www.facebook.com\\\/cristina.nicola.587\"],\"url\":\"https:\\\/\\\/urbeamea.ro\\\/albaiulia\\\/author\\\/cristina-nicola\\\/\"}]}<\/script>\n<!-- \/ Yoast SEO plugin. -->","yoast_head_json":{"title":"Vineri: Spectacolul \u201eMica Vr\u0103jitoare\u201d, premiera prezentat\u0103 de Teatrul de P\u0103pu\u0219i \u201ePrichindel\u201d din Alba Iulia - Revista Urbea Mea - Revista de Alba","description":"Teatrul de P\u0103pu\u0219i \u201ePrichindel\u201d din Alba Iulia v\u0103 invit\u0103 vineri, 29 septembrie, de la ora 11:30, la sediul teatrului, la premiera spectacolului Mica","robots":{"index":"index","follow":"follow","max-snippet":"max-snippet:-1","max-image-preview":"max-image-preview:large","max-video-preview":"max-video-preview:-1"},"canonical":"https:\/\/urbeamea.ro\/albaiulia\/vineri-spectacolul-mica-vrajitoare-premiera-prezentata-de-teatrul-de-papusi-prichindel-din-alba-iulia\/","twitter_card":"summary_large_image","twitter_title":"Vineri: Spectacolul \u201eMica Vr\u0103jitoare\u201d, premiera prezentat\u0103 de Teatrul de P\u0103pu\u0219i \u201ePrichindel\u201d din Alba Iulia - Revista Urbea Mea - Revista de Alba","twitter_description":"Teatrul de P\u0103pu\u0219i \u201ePrichindel\u201d din Alba Iulia v\u0103 invit\u0103 vineri, 29 septembrie, de la ora 11:30, la sediul teatrului, la premiera spectacolului Mica","twitter_image":"https:\/\/urbeamea.ro\/albaiulia\/wp-content\/uploads\/2017\/09\/22053220_1493273587414885_268308849_n.jpg","twitter_creator":"@urbeameaweb","twitter_site":"@urbeameaweb","schema":{"@context":"https:\/\/schema.org","@graph":[{"@type":"Article","@id":"https:\/\/urbeamea.ro\/albaiulia\/vineri-spectacolul-mica-vrajitoare-premiera-prezentata-de-teatrul-de-papusi-prichindel-din-alba-iulia\/#article","isPartOf":{"@id":"https:\/\/urbeamea.ro\/albaiulia\/vineri-spectacolul-mica-vrajitoare-premiera-prezentata-de-teatrul-de-papusi-prichindel-din-alba-iulia\/"},"author":{"name":"Cristina Ganga","@id":"https:\/\/urbeamea.ro\/albaiulia\/#\/schema\/person\/9700d21fae21c4f038b0b56f4506264a"},"headline":"Vineri: Spectacolul \u201eMica Vr\u0103jitoare\u201d, premiera prezentat\u0103 de Teatrul de P\u0103pu\u0219i \u201ePrichindel\u201d din Alba Iulia","datePublished":"2017-09-26T16:03:27+00:00","mainEntityOfPage":{"@id":"https:\/\/urbeamea.ro\/albaiulia\/vineri-spectacolul-mica-vrajitoare-premiera-prezentata-de-teatrul-de-papusi-prichindel-din-alba-iulia\/"},"wordCount":267,"commentCount":0,"image":{"@id":"https:\/\/urbeamea.ro\/albaiulia\/vineri-spectacolul-mica-vrajitoare-premiera-prezentata-de-teatrul-de-papusi-prichindel-din-alba-iulia\/#primaryimage"},"thumbnailUrl":"https:\/\/urbeamea.ro\/albaiulia\/wp-content\/uploads\/2017\/09\/22053220_1493273587414885_268308849_n.jpg","keywords":["Alba Iulia","mica vrajitoare","Otfried Preussler","premiera","regie","spectacol","stiri","Teatrul de p\u0103pu\u0219i \u201ePrichindel\u201d","Todor Valov","Urbea Mea"],"articleSection":["Cultur\u0103"],"inLanguage":"ro-RO","potentialAction":[{"@type":"CommentAction","name":"Comment","target":["https:\/\/urbeamea.ro\/albaiulia\/vineri-spectacolul-mica-vrajitoare-premiera-prezentata-de-teatrul-de-papusi-prichindel-din-alba-iulia\/#respond"]}]},{"@type":"WebPage","@id":"https:\/\/urbeamea.ro\/albaiulia\/vineri-spectacolul-mica-vrajitoare-premiera-prezentata-de-teatrul-de-papusi-prichindel-din-alba-iulia\/","url":"https:\/\/urbeamea.ro\/albaiulia\/vineri-spectacolul-mica-vrajitoare-premiera-prezentata-de-teatrul-de-papusi-prichindel-din-alba-iulia\/","name":"Vineri: Spectacolul \u201eMica Vr\u0103jitoare\u201d, premiera prezentat\u0103 de Teatrul de P\u0103pu\u0219i \u201ePrichindel\u201d din Alba Iulia - Revista Urbea Mea - Revista de Alba","isPartOf":{"@id":"https:\/\/urbeamea.ro\/albaiulia\/#website"},"primaryImageOfPage":{"@id":"https:\/\/urbeamea.ro\/albaiulia\/vineri-spectacolul-mica-vrajitoare-premiera-prezentata-de-teatrul-de-papusi-prichindel-din-alba-iulia\/#primaryimage"},"image":{"@id":"https:\/\/urbeamea.ro\/albaiulia\/vineri-spectacolul-mica-vrajitoare-premiera-prezentata-de-teatrul-de-papusi-prichindel-din-alba-iulia\/#primaryimage"},"thumbnailUrl":"https:\/\/urbeamea.ro\/albaiulia\/wp-content\/uploads\/2017\/09\/22053220_1493273587414885_268308849_n.jpg","datePublished":"2017-09-26T16:03:27+00:00","author":{"@id":"https:\/\/urbeamea.ro\/albaiulia\/#\/schema\/person\/9700d21fae21c4f038b0b56f4506264a"},"description":"Teatrul de P\u0103pu\u0219i \u201ePrichindel\u201d din Alba Iulia v\u0103 invit\u0103 vineri, 29 septembrie, de la ora 11:30, la sediul teatrului, la premiera spectacolului Mica","breadcrumb":{"@id":"https:\/\/urbeamea.ro\/albaiulia\/vineri-spectacolul-mica-vrajitoare-premiera-prezentata-de-teatrul-de-papusi-prichindel-din-alba-iulia\/#breadcrumb"},"inLanguage":"ro-RO","potentialAction":[{"@type":"ReadAction","target":["https:\/\/urbeamea.ro\/albaiulia\/vineri-spectacolul-mica-vrajitoare-premiera-prezentata-de-teatrul-de-papusi-prichindel-din-alba-iulia\/"]}]},{"@type":"ImageObject","inLanguage":"ro-RO","@id":"https:\/\/urbeamea.ro\/albaiulia\/vineri-spectacolul-mica-vrajitoare-premiera-prezentata-de-teatrul-de-papusi-prichindel-din-alba-iulia\/#primaryimage","url":"https:\/\/urbeamea.ro\/albaiulia\/wp-content\/uploads\/2017\/09\/22053220_1493273587414885_268308849_n.jpg","contentUrl":"https:\/\/urbeamea.ro\/albaiulia\/wp-content\/uploads\/2017\/09\/22053220_1493273587414885_268308849_n.jpg","width":960,"height":640},{"@type":"BreadcrumbList","@id":"https:\/\/urbeamea.ro\/albaiulia\/vineri-spectacolul-mica-vrajitoare-premiera-prezentata-de-teatrul-de-papusi-prichindel-din-alba-iulia\/#breadcrumb","itemListElement":[{"@type":"ListItem","position":1,"name":"Prima pagin\u0103","item":"https:\/\/urbeamea.ro\/albaiulia\/"},{"@type":"ListItem","position":2,"name":"Vineri: Spectacolul \u201eMica Vr\u0103jitoare\u201d, premiera prezentat\u0103 de Teatrul de P\u0103pu\u0219i \u201ePrichindel\u201d din Alba Iulia"}]},{"@type":"WebSite","@id":"https:\/\/urbeamea.ro\/albaiulia\/#website","url":"https:\/\/urbeamea.ro\/albaiulia\/","name":"Revista Urbea Mea, Stiri urbane","description":"Evenimente \u0219i \u0219tiri din Alba Iulia, Sebe\u0219, Aiud, Blaj","potentialAction":[{"@type":"SearchAction","target":{"@type":"EntryPoint","urlTemplate":"https:\/\/urbeamea.ro\/albaiulia\/?s={search_term_string}"},"query-input":{"@type":"PropertyValueSpecification","valueRequired":true,"valueName":"search_term_string"}}],"inLanguage":"ro-RO"},{"@type":"Person","@id":"https:\/\/urbeamea.ro\/albaiulia\/#\/schema\/person\/9700d21fae21c4f038b0b56f4506264a","name":"Cristina Ganga","image":{"@type":"ImageObject","inLanguage":"ro-RO","@id":"https:\/\/secure.gravatar.com\/avatar\/5a67661041f057b4a8ccaf26f5a8e86e2689372006d01faf3dd9eeb10b654bb4?s=96&d=mm&r=g","url":"https:\/\/secure.gravatar.com\/avatar\/5a67661041f057b4a8ccaf26f5a8e86e2689372006d01faf3dd9eeb10b654bb4?s=96&d=mm&r=g","contentUrl":"https:\/\/secure.gravatar.com\/avatar\/5a67661041f057b4a8ccaf26f5a8e86e2689372006d01faf3dd9eeb10b654bb4?s=96&d=mm&r=g","caption":"Cristina Ganga"},"description":"Jurnalist","sameAs":["https:\/\/www.facebook.com\/cristina.nicola.587"],"url":"https:\/\/urbeamea.ro\/albaiulia\/author\/cristina-nicola\/"}]}},"_links":{"self":[{"href":"https:\/\/urbeamea.ro\/albaiulia\/wp-json\/wp\/v2\/posts\/53065","targetHints":{"allow":["GET"]}}],"collection":[{"href":"https:\/\/urbeamea.ro\/albaiulia\/wp-json\/wp\/v2\/posts"}],"about":[{"href":"https:\/\/urbeamea.ro\/albaiulia\/wp-json\/wp\/v2\/types\/post"}],"author":[{"embeddable":true,"href":"https:\/\/urbeamea.ro\/albaiulia\/wp-json\/wp\/v2\/users\/17"}],"replies":[{"embeddable":true,"href":"https:\/\/urbeamea.ro\/albaiulia\/wp-json\/wp\/v2\/comments?post=53065"}],"version-history":[{"count":0,"href":"https:\/\/urbeamea.ro\/albaiulia\/wp-json\/wp\/v2\/posts\/53065\/revisions"}],"wp:featuredmedia":[{"embeddable":true,"href":"https:\/\/urbeamea.ro\/albaiulia\/wp-json\/wp\/v2\/media\/53066"}],"wp:attachment":[{"href":"https:\/\/urbeamea.ro\/albaiulia\/wp-json\/wp\/v2\/media?parent=53065"}],"wp:term":[{"taxonomy":"category","embeddable":true,"href":"https:\/\/urbeamea.ro\/albaiulia\/wp-json\/wp\/v2\/categories?post=53065"},{"taxonomy":"post_tag","embeddable":true,"href":"https:\/\/urbeamea.ro\/albaiulia\/wp-json\/wp\/v2\/tags?post=53065"}],"curies":[{"name":"wp","href":"https:\/\/api.w.org\/{rel}","templated":true}]}}