{"id":53151,"date":"2017-09-28T14:56:27","date_gmt":"2017-09-28T11:56:27","guid":{"rendered":"https:\/\/urbeamea.ro\/albaiulia\/?p=53151"},"modified":"2017-09-28T14:56:27","modified_gmt":"2017-09-28T11:56:27","slug":"foto-razie-efectuata-de-politisti-la-cugir-amenzi-de-aproape-30-000-de-lei-si-mai-multi-autori-de-infractiuni-indentificati","status":"publish","type":"post","link":"https:\/\/urbeamea.ro\/albaiulia\/foto-razie-efectuata-de-politisti-la-cugir-amenzi-de-aproape-30-000-de-lei-si-mai-multi-autori-de-infractiuni-indentificati\/","title":{"rendered":"FOTO: Razie efectuat\u0103 de poli\u0163i\u015fti, la Cugir. Amenzi de aproape 30.000 de lei \u015fi mai mul\u0163i autori de infrac\u0163iuni, indentifica\u0163i"},"content":{"rendered":"<p><strong>Seria ac\u0163iunilor cu efective suplimentare, organizate de IPJ Alba, ce au ca scop cre\u015fterea siguran\u0163ei cet\u0103\u0163enilor, a continuat la Cugir. Miercuri, 27 septembrie, poli\u0163i\u015ftii au aplicat 73 de sanc\u0163iuni contraven\u0163ionale \u015fi au identificat 7 autori de infrac\u021biuni. Dou\u0103 persoane au fost re\u0163inute.<\/strong><\/p>\n<p>Potrivit IPJ Alba, Serviciul de Ordine Public\u0103 din cadrul Inspectoratului de Poli\u0163ie Jude\u0163ean Alba, \u00eempreun\u0103 cu Poli\u0163ia Ora\u015fului Cugir, a organizat, pe raza ora\u015fului Cugir, o ac\u0163iune cu efective m\u0103rite la care au participat 46 de poli\u0163i\u015fti din structurile de poli\u0163ie rutier\u0103, ordine public\u0103, investiga\u0163ii criminale, investigare a fraudelor \u015fi ai Serviciului pentru Ac\u0163iuni Speciale.<\/p>\n<p>Ac\u0163iunea a avut ca scop men\u0163inerea climatului de ordine \u015fi siguran\u0163\u0103 public\u0103, prevenirea \u015fi combaterea infrac\u0163iunilor de natur\u0103 judiciar\u0103, prevenirea accidentelor rutiere precum \u015fi prevenirea \u0219i combaterea ilegalit\u0103\u021bilor \u00een domeniul silvic \u015fi economico-financiar.<\/p>\n<p>Au fost efectuate 11 controale la societ\u0103\u0163i comerciale \u015fi la obiective asigurate cu paz\u0103, au fost efectuate controale la depozite de material lemnos \u015fi s-a ac\u0163ionat \u00een filtre rutiere, pentru verificarea modului \u00een care este respectat\u0103 legisla\u0163ia privind circula\u0163ia pe drumurile publice.<\/p>\n<p>Au fost constatate dou\u0103 infrac\u021biuni, \u015fi au fost identificate 7 persoane b\u0103nuite de comiterea de infrac\u021biuni.<\/p>\n<p>Totodat\u0103, au fost aplicate 54 de sanc\u021biuni contraven\u0163ionale, \u00een valoare de 29.610 lei, din care 6 la Legea 61 din 1991 republicat\u0103 pentru sanc\u0163ionarea faptelor de \u00eenc\u0103lcare a normelor de convie\u0163uire social\u0103 \u015fi a lini\u015ftii publice, 3 la Legea 333\/2003 privind paza bunurilor, 54 la O.U.G. 195\/2002 privind circula\u0163ia pe drumurile publice, iar restul la alte acte normative.<\/p>\n<p>Din cele 54 de sanc\u0163iuni la regimul rutier, 42 au fost aplicate pentru dep\u0103\u015firea limitei legale de vitez\u0103. Poli\u0163i\u015ftii au re\u0163inut un permise de conducere \u015fi au retras un certificat de \u00eenmatriculare.<\/p>\n<p>La ac\u0163iune, au participat \u015fi jandarmi din cadrul Inspectoratului Jude\u0163ean de Jandarmi Alba, poli\u0163i\u015fti locali \u015fi lucr\u0103tori ai G\u0103rzii Forestiere Alba \u015fi ai Ocolului Silvic Cugir.<\/p>\n<p>Persoanele re\u0163inute de poli\u0163ie sunt doi tineri, unul de 27 de ani \u015fi cel\u0103lalt de 21 de ani, care vor fi prezenta\u0163i Parchetului de pe l\u00e2ng\u0103 Judec\u0103toria Alba Iulia, pentru dispunerea m\u0103surilor legale. Al\u0103turi de al\u0163i doi b\u0103rba\u0163i din Cugir, au provocat scandal \u00eentr-o benzin\u0103rie din ora\u015f, pe 1 septembrie, \u015fi l-au agresat pe un b\u0103rbat de 41 de ani.<\/p>\n<div id='gallery-1' class='gallery galleryid-53151 gallery-columns-3 gallery-size-thumbnail'><figure class='gallery-item'>\n\t\t\t<div class='gallery-icon portrait'>\n\t\t\t\t<a href='https:\/\/urbeamea.ro\/albaiulia\/wp-content\/uploads\/2017\/09\/22092854_1647332428670708_1786789589_o.jpg'><img decoding=\"async\" width=\"113\" height=\"150\" src=\"data:image\/png;base64,iVBORw0KGgoAAAANSUhEUgAAAYYAAADcAQMAAABOLJSDAAAAA1BMVEUAAACnej3aAAAAAXRSTlMAQObYZgAAACJJREFUaIHtwTEBAAAAwqD1T20ND6AAAAAAAAAAAAAA4N8AKvgAAUFIrrEAAAAASUVORK5CYII=\" class=\"attachment-thumbnail size-thumbnail lazy-img\" alt=\"\" srcset=\"https:\/\/urbeamea.ro\/albaiulia\/wp-content\/uploads\/2017\/09\/22092854_1647332428670708_1786789589_o-113x150.jpg 113w, https:\/\/urbeamea.ro\/albaiulia\/wp-content\/uploads\/2017\/09\/22092854_1647332428670708_1786789589_o-480x640.jpg 480w, https:\/\/urbeamea.ro\/albaiulia\/wp-content\/uploads\/2017\/09\/22092854_1647332428670708_1786789589_o-768x1024.jpg 768w, https:\/\/urbeamea.ro\/albaiulia\/wp-content\/uploads\/2017\/09\/22092854_1647332428670708_1786789589_o.jpg 900w\" sizes=\"auto, (max-width: 113px) 100vw, 113px\" data-src=\"https:\/\/urbeamea.ro\/albaiulia\/wp-content\/uploads\/2017\/09\/22092854_1647332428670708_1786789589_o-113x150.jpg\" loading=\"lazy\" \/><\/a>\n\t\t\t<\/div><\/figure><figure class='gallery-item'>\n\t\t\t<div class='gallery-icon portrait'>\n\t\t\t\t<a href='https:\/\/urbeamea.ro\/albaiulia\/wp-content\/uploads\/2017\/09\/22117980_1647332482004036_1028145513_o.jpg'><img decoding=\"async\" width=\"113\" height=\"150\" src=\"data:image\/png;base64,iVBORw0KGgoAAAANSUhEUgAAAYYAAADcAQMAAABOLJSDAAAAA1BMVEUAAACnej3aAAAAAXRSTlMAQObYZgAAACJJREFUaIHtwTEBAAAAwqD1T20ND6AAAAAAAAAAAAAA4N8AKvgAAUFIrrEAAAAASUVORK5CYII=\" class=\"attachment-thumbnail size-thumbnail lazy-img\" alt=\"\" srcset=\"https:\/\/urbeamea.ro\/albaiulia\/wp-content\/uploads\/2017\/09\/22117980_1647332482004036_1028145513_o-113x150.jpg 113w, https:\/\/urbeamea.ro\/albaiulia\/wp-content\/uploads\/2017\/09\/22117980_1647332482004036_1028145513_o-480x640.jpg 480w, https:\/\/urbeamea.ro\/albaiulia\/wp-content\/uploads\/2017\/09\/22117980_1647332482004036_1028145513_o-768x1024.jpg 768w, https:\/\/urbeamea.ro\/albaiulia\/wp-content\/uploads\/2017\/09\/22117980_1647332482004036_1028145513_o.jpg 900w\" sizes=\"auto, (max-width: 113px) 100vw, 113px\" data-src=\"https:\/\/urbeamea.ro\/albaiulia\/wp-content\/uploads\/2017\/09\/22117980_1647332482004036_1028145513_o-113x150.jpg\" loading=\"lazy\" \/><\/a>\n\t\t\t<\/div><\/figure><figure class='gallery-item'>\n\t\t\t<div class='gallery-icon landscape'>\n\t\t\t\t<a href='https:\/\/urbeamea.ro\/albaiulia\/wp-content\/uploads\/2017\/09\/22119812_1647332558670695_1670210386_o.jpg'><img decoding=\"async\" width=\"150\" height=\"84\" src=\"data:image\/png;base64,iVBORw0KGgoAAAANSUhEUgAAAYYAAADcAQMAAABOLJSDAAAAA1BMVEUAAACnej3aAAAAAXRSTlMAQObYZgAAACJJREFUaIHtwTEBAAAAwqD1T20ND6AAAAAAAAAAAAAA4N8AKvgAAUFIrrEAAAAASUVORK5CYII=\" class=\"attachment-thumbnail size-thumbnail lazy-img\" alt=\"\" srcset=\"https:\/\/urbeamea.ro\/albaiulia\/wp-content\/uploads\/2017\/09\/22119812_1647332558670695_1670210386_o-150x84.jpg 150w, https:\/\/urbeamea.ro\/albaiulia\/wp-content\/uploads\/2017\/09\/22119812_1647332558670695_1670210386_o-640x360.jpg 640w, https:\/\/urbeamea.ro\/albaiulia\/wp-content\/uploads\/2017\/09\/22119812_1647332558670695_1670210386_o-768x432.jpg 768w, https:\/\/urbeamea.ro\/albaiulia\/wp-content\/uploads\/2017\/09\/22119812_1647332558670695_1670210386_o.jpg 1280w, https:\/\/urbeamea.ro\/albaiulia\/wp-content\/uploads\/2017\/09\/22119812_1647332558670695_1670210386_o-819x452.jpg 819w\" sizes=\"auto, (max-width: 150px) 100vw, 150px\" data-src=\"https:\/\/urbeamea.ro\/albaiulia\/wp-content\/uploads\/2017\/09\/22119812_1647332558670695_1670210386_o-150x84.jpg\" loading=\"lazy\" \/><\/a>\n\t\t\t<\/div><\/figure><figure class='gallery-item'>\n\t\t\t<div class='gallery-icon landscape'>\n\t\t\t\t<a href='https:\/\/urbeamea.ro\/albaiulia\/wp-content\/uploads\/2017\/09\/22140288_1647332902003994_818812687_o.jpg'><img decoding=\"async\" width=\"150\" height=\"84\" src=\"data:image\/png;base64,iVBORw0KGgoAAAANSUhEUgAAAYYAAADcAQMAAABOLJSDAAAAA1BMVEUAAACnej3aAAAAAXRSTlMAQObYZgAAACJJREFUaIHtwTEBAAAAwqD1T20ND6AAAAAAAAAAAAAA4N8AKvgAAUFIrrEAAAAASUVORK5CYII=\" class=\"attachment-thumbnail size-thumbnail lazy-img\" alt=\"\" srcset=\"https:\/\/urbeamea.ro\/albaiulia\/wp-content\/uploads\/2017\/09\/22140288_1647332902003994_818812687_o-150x84.jpg 150w, https:\/\/urbeamea.ro\/albaiulia\/wp-content\/uploads\/2017\/09\/22140288_1647332902003994_818812687_o-640x360.jpg 640w, https:\/\/urbeamea.ro\/albaiulia\/wp-content\/uploads\/2017\/09\/22140288_1647332902003994_818812687_o-768x432.jpg 768w, https:\/\/urbeamea.ro\/albaiulia\/wp-content\/uploads\/2017\/09\/22140288_1647332902003994_818812687_o.jpg 1280w, https:\/\/urbeamea.ro\/albaiulia\/wp-content\/uploads\/2017\/09\/22140288_1647332902003994_818812687_o-819x452.jpg 819w\" sizes=\"auto, (max-width: 150px) 100vw, 150px\" data-src=\"https:\/\/urbeamea.ro\/albaiulia\/wp-content\/uploads\/2017\/09\/22140288_1647332902003994_818812687_o-150x84.jpg\" loading=\"lazy\" \/><\/a>\n\t\t\t<\/div><\/figure>\n\t\t<\/div>\n\n","protected":false},"excerpt":{"rendered":"<p>Seria ac\u0163iunilor cu efective suplimentare, organizate de IPJ Alba, ce au ca scop cre\u015fterea siguran\u0163ei cet\u0103\u0163enilor, a continuat la Cugir. Miercuri, 27 septembrie, poli\u0163i\u015ftii au aplicat 73 de sanc\u0163iuni contraven\u0163ionale \u015fi au identificat 7 autori de infrac\u021biuni. Dou\u0103 persoane au fost re\u0163inute. Potrivit IPJ Alba, Serviciul de Ordine Public\u0103 din cadrul Inspectoratului de Poli\u0163ie Jude\u0163ean &hellip;<\/p>\n","protected":false},"author":17,"featured_media":53155,"comment_status":"open","ping_status":"open","sticky":false,"template":"","format":"standard","meta":{"inline_featured_image":false,"footnotes":""},"categories":[2034],"tags":[307,2292,1424,2417,458,9191,3190,308,76],"class_list":["post-53151","post","type-post","status-publish","format-standard","has-post-thumbnail","hentry","category-social","tag-alba","tag-amenzi","tag-cugir","tag-infractiuni","tag-politisti","tag-razie","tag-sanctiuni-contraventionale","tag-stiri","tag-urbea-mea"],"yoast_head":"<!-- This site is optimized with the Yoast SEO plugin v28.3 - https:\/\/yoast.com\/product\/yoast-seo-wordpress\/ -->\n<title>FOTO: Razie efectuat\u0103 de poli\u0163i\u015fti, la Cugir. Amenzi de aproape 30.000 de lei \u015fi mai mul\u0163i autori de infrac\u0163iuni, indentifica\u0163i - Revista Urbea Mea - Revista de Alba<\/title>\n<meta name=\"description\" content=\"Seria ac\u0163iunilor cu efective suplimentare, organizate de IPJ Alba, ce au ca scop cre\u015fterea siguran\u0163ei cet\u0103\u0163enilor, a continuat la Cugir. Miercuri, 27\" \/>\n<meta name=\"robots\" content=\"index, follow, max-snippet:-1, max-image-preview:large, max-video-preview:-1\" \/>\n<link rel=\"canonical\" href=\"https:\/\/urbeamea.ro\/albaiulia\/foto-razie-efectuata-de-politisti-la-cugir-amenzi-de-aproape-30-000-de-lei-si-mai-multi-autori-de-infractiuni-indentificati\/\" \/>\n<meta name=\"twitter:card\" content=\"summary_large_image\" \/>\n<meta name=\"twitter:title\" content=\"FOTO: Razie efectuat\u0103 de poli\u0163i\u015fti, la Cugir. Amenzi de aproape 30.000 de lei \u015fi mai mul\u0163i autori de infrac\u0163iuni, indentifica\u0163i - Revista Urbea Mea - Revista de Alba\" \/>\n<meta name=\"twitter:description\" content=\"Seria ac\u0163iunilor cu efective suplimentare, organizate de IPJ Alba, ce au ca scop cre\u015fterea siguran\u0163ei cet\u0103\u0163enilor, a continuat la Cugir. Miercuri, 27\" \/>\n<meta name=\"twitter:image\" content=\"https:\/\/urbeamea.ro\/albaiulia\/wp-content\/uploads\/2017\/09\/22140288_1647332902003994_818812687_o.jpg\" \/>\n<meta name=\"twitter:creator\" content=\"@urbeameaweb\" \/>\n<meta name=\"twitter:site\" content=\"@urbeameaweb\" \/>\n<script type=\"application\/ld+json\" class=\"yoast-schema-graph\">{\"@context\":\"https:\\\/\\\/schema.org\",\"@graph\":[{\"@type\":\"Article\",\"@id\":\"https:\\\/\\\/urbeamea.ro\\\/albaiulia\\\/foto-razie-efectuata-de-politisti-la-cugir-amenzi-de-aproape-30-000-de-lei-si-mai-multi-autori-de-infractiuni-indentificati\\\/#article\",\"isPartOf\":{\"@id\":\"https:\\\/\\\/urbeamea.ro\\\/albaiulia\\\/foto-razie-efectuata-de-politisti-la-cugir-amenzi-de-aproape-30-000-de-lei-si-mai-multi-autori-de-infractiuni-indentificati\\\/\"},\"author\":{\"name\":\"Cristina Ganga\",\"@id\":\"https:\\\/\\\/urbeamea.ro\\\/albaiulia\\\/#\\\/schema\\\/person\\\/9700d21fae21c4f038b0b56f4506264a\"},\"headline\":\"FOTO: Razie efectuat\u0103 de poli\u0163i\u015fti, la Cugir. Amenzi de aproape 30.000 de lei \u015fi mai mul\u0163i autori de infrac\u0163iuni, indentifica\u0163i\",\"datePublished\":\"2017-09-28T11:56:27+00:00\",\"mainEntityOfPage\":{\"@id\":\"https:\\\/\\\/urbeamea.ro\\\/albaiulia\\\/foto-razie-efectuata-de-politisti-la-cugir-amenzi-de-aproape-30-000-de-lei-si-mai-multi-autori-de-infractiuni-indentificati\\\/\"},\"wordCount\":437,\"commentCount\":0,\"image\":{\"@id\":\"https:\\\/\\\/urbeamea.ro\\\/albaiulia\\\/foto-razie-efectuata-de-politisti-la-cugir-amenzi-de-aproape-30-000-de-lei-si-mai-multi-autori-de-infractiuni-indentificati\\\/#primaryimage\"},\"thumbnailUrl\":\"https:\\\/\\\/urbeamea.ro\\\/albaiulia\\\/wp-content\\\/uploads\\\/2017\\\/09\\\/22140288_1647332902003994_818812687_o.jpg\",\"keywords\":[\"alba\",\"amenzi\",\"cugir\",\"infractiuni\",\"politisti\",\"razie\",\"sanctiuni contraventionale\",\"stiri\",\"Urbea Mea\"],\"articleSection\":[\"Social\"],\"inLanguage\":\"ro-RO\",\"potentialAction\":[{\"@type\":\"CommentAction\",\"name\":\"Comment\",\"target\":[\"https:\\\/\\\/urbeamea.ro\\\/albaiulia\\\/foto-razie-efectuata-de-politisti-la-cugir-amenzi-de-aproape-30-000-de-lei-si-mai-multi-autori-de-infractiuni-indentificati\\\/#respond\"]}]},{\"@type\":\"WebPage\",\"@id\":\"https:\\\/\\\/urbeamea.ro\\\/albaiulia\\\/foto-razie-efectuata-de-politisti-la-cugir-amenzi-de-aproape-30-000-de-lei-si-mai-multi-autori-de-infractiuni-indentificati\\\/\",\"url\":\"https:\\\/\\\/urbeamea.ro\\\/albaiulia\\\/foto-razie-efectuata-de-politisti-la-cugir-amenzi-de-aproape-30-000-de-lei-si-mai-multi-autori-de-infractiuni-indentificati\\\/\",\"name\":\"FOTO: Razie efectuat\u0103 de poli\u0163i\u015fti, la Cugir. Amenzi de aproape 30.000 de lei \u015fi mai mul\u0163i autori de infrac\u0163iuni, indentifica\u0163i - Revista Urbea Mea - Revista de Alba\",\"isPartOf\":{\"@id\":\"https:\\\/\\\/urbeamea.ro\\\/albaiulia\\\/#website\"},\"primaryImageOfPage\":{\"@id\":\"https:\\\/\\\/urbeamea.ro\\\/albaiulia\\\/foto-razie-efectuata-de-politisti-la-cugir-amenzi-de-aproape-30-000-de-lei-si-mai-multi-autori-de-infractiuni-indentificati\\\/#primaryimage\"},\"image\":{\"@id\":\"https:\\\/\\\/urbeamea.ro\\\/albaiulia\\\/foto-razie-efectuata-de-politisti-la-cugir-amenzi-de-aproape-30-000-de-lei-si-mai-multi-autori-de-infractiuni-indentificati\\\/#primaryimage\"},\"thumbnailUrl\":\"https:\\\/\\\/urbeamea.ro\\\/albaiulia\\\/wp-content\\\/uploads\\\/2017\\\/09\\\/22140288_1647332902003994_818812687_o.jpg\",\"datePublished\":\"2017-09-28T11:56:27+00:00\",\"author\":{\"@id\":\"https:\\\/\\\/urbeamea.ro\\\/albaiulia\\\/#\\\/schema\\\/person\\\/9700d21fae21c4f038b0b56f4506264a\"},\"description\":\"Seria ac\u0163iunilor cu efective suplimentare, organizate de IPJ Alba, ce au ca scop cre\u015fterea siguran\u0163ei cet\u0103\u0163enilor, a continuat la Cugir. Miercuri, 27\",\"breadcrumb\":{\"@id\":\"https:\\\/\\\/urbeamea.ro\\\/albaiulia\\\/foto-razie-efectuata-de-politisti-la-cugir-amenzi-de-aproape-30-000-de-lei-si-mai-multi-autori-de-infractiuni-indentificati\\\/#breadcrumb\"},\"inLanguage\":\"ro-RO\",\"potentialAction\":[{\"@type\":\"ReadAction\",\"target\":[\"https:\\\/\\\/urbeamea.ro\\\/albaiulia\\\/foto-razie-efectuata-de-politisti-la-cugir-amenzi-de-aproape-30-000-de-lei-si-mai-multi-autori-de-infractiuni-indentificati\\\/\"]}]},{\"@type\":\"ImageObject\",\"inLanguage\":\"ro-RO\",\"@id\":\"https:\\\/\\\/urbeamea.ro\\\/albaiulia\\\/foto-razie-efectuata-de-politisti-la-cugir-amenzi-de-aproape-30-000-de-lei-si-mai-multi-autori-de-infractiuni-indentificati\\\/#primaryimage\",\"url\":\"https:\\\/\\\/urbeamea.ro\\\/albaiulia\\\/wp-content\\\/uploads\\\/2017\\\/09\\\/22140288_1647332902003994_818812687_o.jpg\",\"contentUrl\":\"https:\\\/\\\/urbeamea.ro\\\/albaiulia\\\/wp-content\\\/uploads\\\/2017\\\/09\\\/22140288_1647332902003994_818812687_o.jpg\",\"width\":1280,\"height\":720},{\"@type\":\"BreadcrumbList\",\"@id\":\"https:\\\/\\\/urbeamea.ro\\\/albaiulia\\\/foto-razie-efectuata-de-politisti-la-cugir-amenzi-de-aproape-30-000-de-lei-si-mai-multi-autori-de-infractiuni-indentificati\\\/#breadcrumb\",\"itemListElement\":[{\"@type\":\"ListItem\",\"position\":1,\"name\":\"Prima pagin\u0103\",\"item\":\"https:\\\/\\\/urbeamea.ro\\\/albaiulia\\\/\"},{\"@type\":\"ListItem\",\"position\":2,\"name\":\"FOTO: Razie efectuat\u0103 de poli\u0163i\u015fti, la Cugir. Amenzi de aproape 30.000 de lei \u015fi mai mul\u0163i autori de infrac\u0163iuni, indentifica\u0163i\"}]},{\"@type\":\"WebSite\",\"@id\":\"https:\\\/\\\/urbeamea.ro\\\/albaiulia\\\/#website\",\"url\":\"https:\\\/\\\/urbeamea.ro\\\/albaiulia\\\/\",\"name\":\"Revista Urbea Mea, Stiri urbane\",\"description\":\"Evenimente \u0219i \u0219tiri din Alba Iulia, Sebe\u0219, Aiud, Blaj\",\"potentialAction\":[{\"@type\":\"SearchAction\",\"target\":{\"@type\":\"EntryPoint\",\"urlTemplate\":\"https:\\\/\\\/urbeamea.ro\\\/albaiulia\\\/?s={search_term_string}\"},\"query-input\":{\"@type\":\"PropertyValueSpecification\",\"valueRequired\":true,\"valueName\":\"search_term_string\"}}],\"inLanguage\":\"ro-RO\"},{\"@type\":\"Person\",\"@id\":\"https:\\\/\\\/urbeamea.ro\\\/albaiulia\\\/#\\\/schema\\\/person\\\/9700d21fae21c4f038b0b56f4506264a\",\"name\":\"Cristina Ganga\",\"image\":{\"@type\":\"ImageObject\",\"inLanguage\":\"ro-RO\",\"@id\":\"https:\\\/\\\/secure.gravatar.com\\\/avatar\\\/5a67661041f057b4a8ccaf26f5a8e86e2689372006d01faf3dd9eeb10b654bb4?s=96&d=mm&r=g\",\"url\":\"https:\\\/\\\/secure.gravatar.com\\\/avatar\\\/5a67661041f057b4a8ccaf26f5a8e86e2689372006d01faf3dd9eeb10b654bb4?s=96&d=mm&r=g\",\"contentUrl\":\"https:\\\/\\\/secure.gravatar.com\\\/avatar\\\/5a67661041f057b4a8ccaf26f5a8e86e2689372006d01faf3dd9eeb10b654bb4?s=96&d=mm&r=g\",\"caption\":\"Cristina Ganga\"},\"description\":\"Jurnalist\",\"sameAs\":[\"https:\\\/\\\/www.facebook.com\\\/cristina.nicola.587\"],\"url\":\"https:\\\/\\\/urbeamea.ro\\\/albaiulia\\\/author\\\/cristina-nicola\\\/\"}]}<\/script>\n<!-- \/ Yoast SEO plugin. -->","yoast_head_json":{"title":"FOTO: Razie efectuat\u0103 de poli\u0163i\u015fti, la Cugir. Amenzi de aproape 30.000 de lei \u015fi mai mul\u0163i autori de infrac\u0163iuni, indentifica\u0163i - Revista Urbea Mea - Revista de Alba","description":"Seria ac\u0163iunilor cu efective suplimentare, organizate de IPJ Alba, ce au ca scop cre\u015fterea siguran\u0163ei cet\u0103\u0163enilor, a continuat la Cugir. Miercuri, 27","robots":{"index":"index","follow":"follow","max-snippet":"max-snippet:-1","max-image-preview":"max-image-preview:large","max-video-preview":"max-video-preview:-1"},"canonical":"https:\/\/urbeamea.ro\/albaiulia\/foto-razie-efectuata-de-politisti-la-cugir-amenzi-de-aproape-30-000-de-lei-si-mai-multi-autori-de-infractiuni-indentificati\/","twitter_card":"summary_large_image","twitter_title":"FOTO: Razie efectuat\u0103 de poli\u0163i\u015fti, la Cugir. Amenzi de aproape 30.000 de lei \u015fi mai mul\u0163i autori de infrac\u0163iuni, indentifica\u0163i - Revista Urbea Mea - Revista de Alba","twitter_description":"Seria ac\u0163iunilor cu efective suplimentare, organizate de IPJ Alba, ce au ca scop cre\u015fterea siguran\u0163ei cet\u0103\u0163enilor, a continuat la Cugir. Miercuri, 27","twitter_image":"https:\/\/urbeamea.ro\/albaiulia\/wp-content\/uploads\/2017\/09\/22140288_1647332902003994_818812687_o.jpg","twitter_creator":"@urbeameaweb","twitter_site":"@urbeameaweb","schema":{"@context":"https:\/\/schema.org","@graph":[{"@type":"Article","@id":"https:\/\/urbeamea.ro\/albaiulia\/foto-razie-efectuata-de-politisti-la-cugir-amenzi-de-aproape-30-000-de-lei-si-mai-multi-autori-de-infractiuni-indentificati\/#article","isPartOf":{"@id":"https:\/\/urbeamea.ro\/albaiulia\/foto-razie-efectuata-de-politisti-la-cugir-amenzi-de-aproape-30-000-de-lei-si-mai-multi-autori-de-infractiuni-indentificati\/"},"author":{"name":"Cristina Ganga","@id":"https:\/\/urbeamea.ro\/albaiulia\/#\/schema\/person\/9700d21fae21c4f038b0b56f4506264a"},"headline":"FOTO: Razie efectuat\u0103 de poli\u0163i\u015fti, la Cugir. Amenzi de aproape 30.000 de lei \u015fi mai mul\u0163i autori de infrac\u0163iuni, indentifica\u0163i","datePublished":"2017-09-28T11:56:27+00:00","mainEntityOfPage":{"@id":"https:\/\/urbeamea.ro\/albaiulia\/foto-razie-efectuata-de-politisti-la-cugir-amenzi-de-aproape-30-000-de-lei-si-mai-multi-autori-de-infractiuni-indentificati\/"},"wordCount":437,"commentCount":0,"image":{"@id":"https:\/\/urbeamea.ro\/albaiulia\/foto-razie-efectuata-de-politisti-la-cugir-amenzi-de-aproape-30-000-de-lei-si-mai-multi-autori-de-infractiuni-indentificati\/#primaryimage"},"thumbnailUrl":"https:\/\/urbeamea.ro\/albaiulia\/wp-content\/uploads\/2017\/09\/22140288_1647332902003994_818812687_o.jpg","keywords":["alba","amenzi","cugir","infractiuni","politisti","razie","sanctiuni contraventionale","stiri","Urbea Mea"],"articleSection":["Social"],"inLanguage":"ro-RO","potentialAction":[{"@type":"CommentAction","name":"Comment","target":["https:\/\/urbeamea.ro\/albaiulia\/foto-razie-efectuata-de-politisti-la-cugir-amenzi-de-aproape-30-000-de-lei-si-mai-multi-autori-de-infractiuni-indentificati\/#respond"]}]},{"@type":"WebPage","@id":"https:\/\/urbeamea.ro\/albaiulia\/foto-razie-efectuata-de-politisti-la-cugir-amenzi-de-aproape-30-000-de-lei-si-mai-multi-autori-de-infractiuni-indentificati\/","url":"https:\/\/urbeamea.ro\/albaiulia\/foto-razie-efectuata-de-politisti-la-cugir-amenzi-de-aproape-30-000-de-lei-si-mai-multi-autori-de-infractiuni-indentificati\/","name":"FOTO: Razie efectuat\u0103 de poli\u0163i\u015fti, la Cugir. Amenzi de aproape 30.000 de lei \u015fi mai mul\u0163i autori de infrac\u0163iuni, indentifica\u0163i - Revista Urbea Mea - Revista de Alba","isPartOf":{"@id":"https:\/\/urbeamea.ro\/albaiulia\/#website"},"primaryImageOfPage":{"@id":"https:\/\/urbeamea.ro\/albaiulia\/foto-razie-efectuata-de-politisti-la-cugir-amenzi-de-aproape-30-000-de-lei-si-mai-multi-autori-de-infractiuni-indentificati\/#primaryimage"},"image":{"@id":"https:\/\/urbeamea.ro\/albaiulia\/foto-razie-efectuata-de-politisti-la-cugir-amenzi-de-aproape-30-000-de-lei-si-mai-multi-autori-de-infractiuni-indentificati\/#primaryimage"},"thumbnailUrl":"https:\/\/urbeamea.ro\/albaiulia\/wp-content\/uploads\/2017\/09\/22140288_1647332902003994_818812687_o.jpg","datePublished":"2017-09-28T11:56:27+00:00","author":{"@id":"https:\/\/urbeamea.ro\/albaiulia\/#\/schema\/person\/9700d21fae21c4f038b0b56f4506264a"},"description":"Seria ac\u0163iunilor cu efective suplimentare, organizate de IPJ Alba, ce au ca scop cre\u015fterea siguran\u0163ei cet\u0103\u0163enilor, a continuat la Cugir. Miercuri, 27","breadcrumb":{"@id":"https:\/\/urbeamea.ro\/albaiulia\/foto-razie-efectuata-de-politisti-la-cugir-amenzi-de-aproape-30-000-de-lei-si-mai-multi-autori-de-infractiuni-indentificati\/#breadcrumb"},"inLanguage":"ro-RO","potentialAction":[{"@type":"ReadAction","target":["https:\/\/urbeamea.ro\/albaiulia\/foto-razie-efectuata-de-politisti-la-cugir-amenzi-de-aproape-30-000-de-lei-si-mai-multi-autori-de-infractiuni-indentificati\/"]}]},{"@type":"ImageObject","inLanguage":"ro-RO","@id":"https:\/\/urbeamea.ro\/albaiulia\/foto-razie-efectuata-de-politisti-la-cugir-amenzi-de-aproape-30-000-de-lei-si-mai-multi-autori-de-infractiuni-indentificati\/#primaryimage","url":"https:\/\/urbeamea.ro\/albaiulia\/wp-content\/uploads\/2017\/09\/22140288_1647332902003994_818812687_o.jpg","contentUrl":"https:\/\/urbeamea.ro\/albaiulia\/wp-content\/uploads\/2017\/09\/22140288_1647332902003994_818812687_o.jpg","width":1280,"height":720},{"@type":"BreadcrumbList","@id":"https:\/\/urbeamea.ro\/albaiulia\/foto-razie-efectuata-de-politisti-la-cugir-amenzi-de-aproape-30-000-de-lei-si-mai-multi-autori-de-infractiuni-indentificati\/#breadcrumb","itemListElement":[{"@type":"ListItem","position":1,"name":"Prima pagin\u0103","item":"https:\/\/urbeamea.ro\/albaiulia\/"},{"@type":"ListItem","position":2,"name":"FOTO: Razie efectuat\u0103 de poli\u0163i\u015fti, la Cugir. Amenzi de aproape 30.000 de lei \u015fi mai mul\u0163i autori de infrac\u0163iuni, indentifica\u0163i"}]},{"@type":"WebSite","@id":"https:\/\/urbeamea.ro\/albaiulia\/#website","url":"https:\/\/urbeamea.ro\/albaiulia\/","name":"Revista Urbea Mea, Stiri urbane","description":"Evenimente \u0219i \u0219tiri din Alba Iulia, Sebe\u0219, Aiud, Blaj","potentialAction":[{"@type":"SearchAction","target":{"@type":"EntryPoint","urlTemplate":"https:\/\/urbeamea.ro\/albaiulia\/?s={search_term_string}"},"query-input":{"@type":"PropertyValueSpecification","valueRequired":true,"valueName":"search_term_string"}}],"inLanguage":"ro-RO"},{"@type":"Person","@id":"https:\/\/urbeamea.ro\/albaiulia\/#\/schema\/person\/9700d21fae21c4f038b0b56f4506264a","name":"Cristina Ganga","image":{"@type":"ImageObject","inLanguage":"ro-RO","@id":"https:\/\/secure.gravatar.com\/avatar\/5a67661041f057b4a8ccaf26f5a8e86e2689372006d01faf3dd9eeb10b654bb4?s=96&d=mm&r=g","url":"https:\/\/secure.gravatar.com\/avatar\/5a67661041f057b4a8ccaf26f5a8e86e2689372006d01faf3dd9eeb10b654bb4?s=96&d=mm&r=g","contentUrl":"https:\/\/secure.gravatar.com\/avatar\/5a67661041f057b4a8ccaf26f5a8e86e2689372006d01faf3dd9eeb10b654bb4?s=96&d=mm&r=g","caption":"Cristina Ganga"},"description":"Jurnalist","sameAs":["https:\/\/www.facebook.com\/cristina.nicola.587"],"url":"https:\/\/urbeamea.ro\/albaiulia\/author\/cristina-nicola\/"}]}},"_links":{"self":[{"href":"https:\/\/urbeamea.ro\/albaiulia\/wp-json\/wp\/v2\/posts\/53151","targetHints":{"allow":["GET"]}}],"collection":[{"href":"https:\/\/urbeamea.ro\/albaiulia\/wp-json\/wp\/v2\/posts"}],"about":[{"href":"https:\/\/urbeamea.ro\/albaiulia\/wp-json\/wp\/v2\/types\/post"}],"author":[{"embeddable":true,"href":"https:\/\/urbeamea.ro\/albaiulia\/wp-json\/wp\/v2\/users\/17"}],"replies":[{"embeddable":true,"href":"https:\/\/urbeamea.ro\/albaiulia\/wp-json\/wp\/v2\/comments?post=53151"}],"version-history":[{"count":0,"href":"https:\/\/urbeamea.ro\/albaiulia\/wp-json\/wp\/v2\/posts\/53151\/revisions"}],"wp:featuredmedia":[{"embeddable":true,"href":"https:\/\/urbeamea.ro\/albaiulia\/wp-json\/wp\/v2\/media\/53155"}],"wp:attachment":[{"href":"https:\/\/urbeamea.ro\/albaiulia\/wp-json\/wp\/v2\/media?parent=53151"}],"wp:term":[{"taxonomy":"category","embeddable":true,"href":"https:\/\/urbeamea.ro\/albaiulia\/wp-json\/wp\/v2\/categories?post=53151"},{"taxonomy":"post_tag","embeddable":true,"href":"https:\/\/urbeamea.ro\/albaiulia\/wp-json\/wp\/v2\/tags?post=53151"}],"curies":[{"name":"wp","href":"https:\/\/api.w.org\/{rel}","templated":true}]}}