{"id":53163,"date":"2017-09-28T18:15:43","date_gmt":"2017-09-28T15:15:43","guid":{"rendered":"https:\/\/urbeamea.ro\/albaiulia\/?p=53163"},"modified":"2017-09-28T18:15:43","modified_gmt":"2017-09-28T15:15:43","slug":"isu-alba-anunta-ca-sambata-expira-termenul-pentru-obtinerea-autorizatiei-de-securitate-la-incendiu","status":"publish","type":"post","link":"https:\/\/urbeamea.ro\/albaiulia\/isu-alba-anunta-ca-sambata-expira-termenul-pentru-obtinerea-autorizatiei-de-securitate-la-incendiu\/","title":{"rendered":"ISU Alba anun\u0163\u0103 c\u0103 s\u00e2mb\u0103t\u0103 expir\u0103 termenul pentru ob\u021binerea autoriza\u021biei de securitate la incendiu"},"content":{"rendered":"<p align=\"JUSTIFY\"><strong>\u00cencep\u00e2nd cu data de 1 octombrie 2017, beneficiarii sau proprietarii construc\u021biilor care au obliga\u021bia ob\u021binerii acestui act administrativ sunt pasibili de sanc\u0163ionare contraven\u021bional\u0103, pentru nede\u021binerea acestuia, au transmis reprezentan\u021bii ISU Alba. <\/strong><\/p>\n<p align=\"JUSTIFY\"><span lang=\"ro-RO\"><strong>\u00cen primele opt luni ale anului, la nivelul jude\u021bului au fost emise 58 avize de securitate la incendiu \u0219i 18 autoriza\u021bii de securitate la incendiu. De asemenea, \u00een perioada men\u021bionat\u0103, inspectorii de prevenire au derulat 302 ac\u021biuni de \u00eendrumare \u0219i control, pe timpul c\u0103rora au aplicat 161 amenzi \u00een cuantum de 200.100 lei.<\/strong> <\/span><\/p>\n<p align=\"JUSTIFY\"><span lang=\"ro-RO\">Conform prevederilor legale, punerea \u00een func\u0163iune, f\u0103r\u0103 ob\u0163inerea autoriza\u0163iei de securitate la incendiu, a construc\u0163iilor \u015fi amenaj\u0103rilor noi ori a celor existente la care s-au executat lucr\u0103ri de modificare\/schimbare de destina\u0163ie, atrage dup\u0103 sine aplicarea sanc\u021biunilor contraven\u021bionale, cu amenzi cuprinse \u00eentre 20.000 \u2013 50.000 lei. Categoriile de construc\u0163ii \u015fi amenaj\u0103ri care se supun aviz\u0103rii \u015fi\/sau autoriz\u0103rii privind securitatea la incendiu sunt men\u021bionate \u00een HG 571\/2016.<br \/>\n<\/span><\/p>\n<p lang=\"ro-RO\" align=\"JUSTIFY\">ISU reafirm\u0103 disponibilitatea pentru solu\u021bionarea situa\u021biilor obiectivelor care func\u021bioneaz\u0103 f\u0103r\u0103 autoriza\u021bie de securitate la incendiu \u0219i intrarea \u00een legalitate, prin certificarea \u00eendeplinirii m\u0103surilor de securitate la incendiu \u0219i eliberarea actului administrativ.<\/p>\n<p align=\"JUSTIFY\">Totodat\u0103, reprezentan\u021bii ISU Alba au transmis c\u0103 obliga\u021bia solicit\u0103rii \u0219i ob\u021binerii autoriza\u021biei de securitate la incendiu revine, potrivit legii, beneficiarilor\/investitorilor construc\u021biilor. <span lang=\"ro-RO\">De asemenea, documenta\u021bia tehnic\u0103, \u00een baza c\u0103reia se emite autoriza\u021bia de securitate la incendiu, trebuie \u00eentocmit\u0103, conform prevederilor legale, de c\u0103tre <\/span><span lang=\"ro-RO\">proiectan\u021bi<\/span><span lang=\"ro-RO\"> \u0219i certificat\u0103 de c\u0103tre verificatorii de proiecte, atesta\u021bi. ISU Alba reaminte\u0219te faptul c\u0103 pentru ob\u021binerea acestui act administrativ, institu\u021bia <\/span><span lang=\"ro-RO\">nu<\/span><span lang=\"ro-RO\"> percepe taxe. <\/span><\/p>\n<p align=\"JUSTIFY\"><span lang=\"ro-RO\">\u00cen cazul \u00een care este constatat\u0103 \u00eenc\u0103lcarea grav\u0103 a cerin\u0163ei de securitate la incendiu, inspectoratele pentru situa\u021bii de urgen\u021b\u0103 pot decide oprirea func\u0163ion\u0103rii ori utiliz\u0103rii construc\u0163iilor sau amenaj\u0103rilor, sanc\u021biune care nu este condi\u021bionat\u0103 de existen\u021ba autoriza\u021biei de securitate la incendiu. Criteriile pentru aplicarea m\u0103surii complementare de oprire a func\u021bionarii ori utiliz\u0103rii sunt reglementate \u00een HG 915\/2015.<\/span><\/p>\n<p align=\"JUSTIFY\"><span lang=\"ro-RO\">\u00cen primele opt luni ale anului 2017, s-au depus eforturi sus\u021binute pentru solu\u021bionarea celor 254 solicit\u0103ri \u00een vederea emiterii avizelor \u0219i autoriza\u0163iilor de securitate la incendiu.<\/span><\/p>\n<p align=\"JUSTIFY\"><span lang=\"ro-RO\">\u00cen urma verific\u0103rii documenta\u021biilor tehnice \u0219i a lucr\u0103rilor din teren, la nivelul jude\u021bului Alba au fost emise 58 avize de securitate la incendiu \u0219i 18 autoriza\u021bii de securitate la incendiu. <\/span><\/p>\n<p align=\"JUSTIFY\"><span lang=\"ro-RO\"><em>\u00cen perioada 1 ianuarie \u2013 31 august, inspectorii de prevenire au derulat 302 ac\u021biuni de \u00eendrumare \u0219i control, pe timpul c\u0103rora au aplicat 161 amenzi \u00een cuantum de 200.100 lei.<\/em> <\/span><\/p>\n<p align=\"JUSTIFY\"><span lang=\"ro-RO\">Pentru a veni \u00een sprijinul beneficiarilor, personalul specializat a acordat asisten\u0163\u0103 tehnic\u0103 de specialitate \u00een 235 cazuri, persoanele responsabile primind \u00eendrumare asupra aspectelor ce trebuie \u00eendeplinite pentru a intra \u00een legalitate.<\/span><\/p>\n<p align=\"JUSTIFY\"><span lang=\"ro-RO\">Totodat\u0103, I.G.S.U. a elaborat o platform\u0103 on-line, sub forma unui ghid practic, prin intermediul c\u0103reia, persoanele interesate pot verifica necesitatea ob\u021binerii actelor administrative, respectiv documentele necesare pentru eliberarea acestora.<\/span><\/p>\n","protected":false},"excerpt":{"rendered":"<p>\u00cencep\u00e2nd cu data de 1 octombrie 2017, beneficiarii sau proprietarii construc\u021biilor care au obliga\u021bia ob\u021binerii acestui act administrativ sunt pasibili de sanc\u0163ionare contraven\u021bional\u0103, pentru nede\u021binerea acestuia, au transmis reprezentan\u021bii ISU Alba. \u00cen primele opt luni ale anului, la nivelul jude\u021bului au fost emise 58 avize de securitate la incendiu \u0219i 18 autoriza\u021bii de securitate la &hellip;<\/p>\n","protected":false},"author":17,"featured_media":36873,"comment_status":"open","ping_status":"open","sticky":false,"template":"","format":"standard","meta":{"inline_featured_image":false,"footnotes":""},"categories":[2034],"tags":[5969,12554,2732,2560,12555,308,5806,76],"class_list":["post-53163","post","type-post","status-publish","format-standard","has-post-thumbnail","hentry","category-social","tag-autorizatie-de-securitate","tag-expira","tag-incendiu","tag-isu-alba","tag-obtinere","tag-stiri","tag-termen","tag-urbea-mea"],"yoast_head":"<!-- This site is optimized with the Yoast SEO plugin v28.3 - https:\/\/yoast.com\/product\/yoast-seo-wordpress\/ -->\n<title>ISU Alba anun\u0163\u0103 c\u0103 s\u00e2mb\u0103t\u0103 expir\u0103 termenul pentru ob\u021binerea autoriza\u021biei de securitate la incendiu - Revista Urbea Mea - Revista de Alba<\/title>\n<meta name=\"description\" content=\"\u00cencep\u00e2nd cu data de 1 octombrie 2017, beneficiarii sau proprietarii construc\u021biilor care au obliga\u021bia ob\u021binerii acestui act administrativ sunt pasibili de\" \/>\n<meta name=\"robots\" content=\"index, follow, max-snippet:-1, max-image-preview:large, max-video-preview:-1\" \/>\n<link rel=\"canonical\" href=\"https:\/\/urbeamea.ro\/albaiulia\/isu-alba-anunta-ca-sambata-expira-termenul-pentru-obtinerea-autorizatiei-de-securitate-la-incendiu\/\" \/>\n<meta name=\"twitter:card\" content=\"summary_large_image\" \/>\n<meta name=\"twitter:title\" content=\"ISU Alba anun\u0163\u0103 c\u0103 s\u00e2mb\u0103t\u0103 expir\u0103 termenul pentru ob\u021binerea autoriza\u021biei de securitate la incendiu - Revista Urbea Mea - Revista de Alba\" \/>\n<meta name=\"twitter:description\" content=\"\u00cencep\u00e2nd cu data de 1 octombrie 2017, beneficiarii sau proprietarii construc\u021biilor care au obliga\u021bia ob\u021binerii acestui act administrativ sunt pasibili de\" \/>\n<meta name=\"twitter:image\" content=\"https:\/\/urbeamea.ro\/albaiulia\/wp-content\/uploads\/2016\/12\/ISU.jpg\" \/>\n<meta name=\"twitter:creator\" content=\"@urbeameaweb\" \/>\n<meta name=\"twitter:site\" content=\"@urbeameaweb\" \/>\n<script type=\"application\/ld+json\" class=\"yoast-schema-graph\">{\"@context\":\"https:\\\/\\\/schema.org\",\"@graph\":[{\"@type\":\"Article\",\"@id\":\"https:\\\/\\\/urbeamea.ro\\\/albaiulia\\\/isu-alba-anunta-ca-sambata-expira-termenul-pentru-obtinerea-autorizatiei-de-securitate-la-incendiu\\\/#article\",\"isPartOf\":{\"@id\":\"https:\\\/\\\/urbeamea.ro\\\/albaiulia\\\/isu-alba-anunta-ca-sambata-expira-termenul-pentru-obtinerea-autorizatiei-de-securitate-la-incendiu\\\/\"},\"author\":{\"name\":\"Cristina Ganga\",\"@id\":\"https:\\\/\\\/urbeamea.ro\\\/albaiulia\\\/#\\\/schema\\\/person\\\/9700d21fae21c4f038b0b56f4506264a\"},\"headline\":\"ISU Alba anun\u0163\u0103 c\u0103 s\u00e2mb\u0103t\u0103 expir\u0103 termenul pentru ob\u021binerea autoriza\u021biei de securitate la incendiu\",\"datePublished\":\"2017-09-28T15:15:43+00:00\",\"mainEntityOfPage\":{\"@id\":\"https:\\\/\\\/urbeamea.ro\\\/albaiulia\\\/isu-alba-anunta-ca-sambata-expira-termenul-pentru-obtinerea-autorizatiei-de-securitate-la-incendiu\\\/\"},\"wordCount\":526,\"commentCount\":0,\"image\":{\"@id\":\"https:\\\/\\\/urbeamea.ro\\\/albaiulia\\\/isu-alba-anunta-ca-sambata-expira-termenul-pentru-obtinerea-autorizatiei-de-securitate-la-incendiu\\\/#primaryimage\"},\"thumbnailUrl\":\"https:\\\/\\\/urbeamea.ro\\\/albaiulia\\\/wp-content\\\/uploads\\\/2016\\\/12\\\/ISU.jpg\",\"keywords\":[\"autorizatie de securitate\",\"expira\",\"incendiu\",\"ISU Alba\",\"obtinere\",\"stiri\",\"termen\",\"Urbea Mea\"],\"articleSection\":[\"Social\"],\"inLanguage\":\"ro-RO\",\"potentialAction\":[{\"@type\":\"CommentAction\",\"name\":\"Comment\",\"target\":[\"https:\\\/\\\/urbeamea.ro\\\/albaiulia\\\/isu-alba-anunta-ca-sambata-expira-termenul-pentru-obtinerea-autorizatiei-de-securitate-la-incendiu\\\/#respond\"]}]},{\"@type\":\"WebPage\",\"@id\":\"https:\\\/\\\/urbeamea.ro\\\/albaiulia\\\/isu-alba-anunta-ca-sambata-expira-termenul-pentru-obtinerea-autorizatiei-de-securitate-la-incendiu\\\/\",\"url\":\"https:\\\/\\\/urbeamea.ro\\\/albaiulia\\\/isu-alba-anunta-ca-sambata-expira-termenul-pentru-obtinerea-autorizatiei-de-securitate-la-incendiu\\\/\",\"name\":\"ISU Alba anun\u0163\u0103 c\u0103 s\u00e2mb\u0103t\u0103 expir\u0103 termenul pentru ob\u021binerea autoriza\u021biei de securitate la incendiu - Revista Urbea Mea - Revista de Alba\",\"isPartOf\":{\"@id\":\"https:\\\/\\\/urbeamea.ro\\\/albaiulia\\\/#website\"},\"primaryImageOfPage\":{\"@id\":\"https:\\\/\\\/urbeamea.ro\\\/albaiulia\\\/isu-alba-anunta-ca-sambata-expira-termenul-pentru-obtinerea-autorizatiei-de-securitate-la-incendiu\\\/#primaryimage\"},\"image\":{\"@id\":\"https:\\\/\\\/urbeamea.ro\\\/albaiulia\\\/isu-alba-anunta-ca-sambata-expira-termenul-pentru-obtinerea-autorizatiei-de-securitate-la-incendiu\\\/#primaryimage\"},\"thumbnailUrl\":\"https:\\\/\\\/urbeamea.ro\\\/albaiulia\\\/wp-content\\\/uploads\\\/2016\\\/12\\\/ISU.jpg\",\"datePublished\":\"2017-09-28T15:15:43+00:00\",\"author\":{\"@id\":\"https:\\\/\\\/urbeamea.ro\\\/albaiulia\\\/#\\\/schema\\\/person\\\/9700d21fae21c4f038b0b56f4506264a\"},\"description\":\"\u00cencep\u00e2nd cu data de 1 octombrie 2017, beneficiarii sau proprietarii construc\u021biilor care au obliga\u021bia ob\u021binerii acestui act administrativ sunt pasibili de\",\"breadcrumb\":{\"@id\":\"https:\\\/\\\/urbeamea.ro\\\/albaiulia\\\/isu-alba-anunta-ca-sambata-expira-termenul-pentru-obtinerea-autorizatiei-de-securitate-la-incendiu\\\/#breadcrumb\"},\"inLanguage\":\"ro-RO\",\"potentialAction\":[{\"@type\":\"ReadAction\",\"target\":[\"https:\\\/\\\/urbeamea.ro\\\/albaiulia\\\/isu-alba-anunta-ca-sambata-expira-termenul-pentru-obtinerea-autorizatiei-de-securitate-la-incendiu\\\/\"]}]},{\"@type\":\"ImageObject\",\"inLanguage\":\"ro-RO\",\"@id\":\"https:\\\/\\\/urbeamea.ro\\\/albaiulia\\\/isu-alba-anunta-ca-sambata-expira-termenul-pentru-obtinerea-autorizatiei-de-securitate-la-incendiu\\\/#primaryimage\",\"url\":\"https:\\\/\\\/urbeamea.ro\\\/albaiulia\\\/wp-content\\\/uploads\\\/2016\\\/12\\\/ISU.jpg\",\"contentUrl\":\"https:\\\/\\\/urbeamea.ro\\\/albaiulia\\\/wp-content\\\/uploads\\\/2016\\\/12\\\/ISU.jpg\",\"width\":1280,\"height\":951},{\"@type\":\"BreadcrumbList\",\"@id\":\"https:\\\/\\\/urbeamea.ro\\\/albaiulia\\\/isu-alba-anunta-ca-sambata-expira-termenul-pentru-obtinerea-autorizatiei-de-securitate-la-incendiu\\\/#breadcrumb\",\"itemListElement\":[{\"@type\":\"ListItem\",\"position\":1,\"name\":\"Prima pagin\u0103\",\"item\":\"https:\\\/\\\/urbeamea.ro\\\/albaiulia\\\/\"},{\"@type\":\"ListItem\",\"position\":2,\"name\":\"ISU Alba anun\u0163\u0103 c\u0103 s\u00e2mb\u0103t\u0103 expir\u0103 termenul pentru ob\u021binerea autoriza\u021biei de securitate la incendiu\"}]},{\"@type\":\"WebSite\",\"@id\":\"https:\\\/\\\/urbeamea.ro\\\/albaiulia\\\/#website\",\"url\":\"https:\\\/\\\/urbeamea.ro\\\/albaiulia\\\/\",\"name\":\"Revista Urbea Mea, Stiri urbane\",\"description\":\"Evenimente \u0219i \u0219tiri din Alba Iulia, Sebe\u0219, Aiud, Blaj\",\"potentialAction\":[{\"@type\":\"SearchAction\",\"target\":{\"@type\":\"EntryPoint\",\"urlTemplate\":\"https:\\\/\\\/urbeamea.ro\\\/albaiulia\\\/?s={search_term_string}\"},\"query-input\":{\"@type\":\"PropertyValueSpecification\",\"valueRequired\":true,\"valueName\":\"search_term_string\"}}],\"inLanguage\":\"ro-RO\"},{\"@type\":\"Person\",\"@id\":\"https:\\\/\\\/urbeamea.ro\\\/albaiulia\\\/#\\\/schema\\\/person\\\/9700d21fae21c4f038b0b56f4506264a\",\"name\":\"Cristina Ganga\",\"image\":{\"@type\":\"ImageObject\",\"inLanguage\":\"ro-RO\",\"@id\":\"https:\\\/\\\/secure.gravatar.com\\\/avatar\\\/5a67661041f057b4a8ccaf26f5a8e86e2689372006d01faf3dd9eeb10b654bb4?s=96&d=mm&r=g\",\"url\":\"https:\\\/\\\/secure.gravatar.com\\\/avatar\\\/5a67661041f057b4a8ccaf26f5a8e86e2689372006d01faf3dd9eeb10b654bb4?s=96&d=mm&r=g\",\"contentUrl\":\"https:\\\/\\\/secure.gravatar.com\\\/avatar\\\/5a67661041f057b4a8ccaf26f5a8e86e2689372006d01faf3dd9eeb10b654bb4?s=96&d=mm&r=g\",\"caption\":\"Cristina Ganga\"},\"description\":\"Jurnalist\",\"sameAs\":[\"https:\\\/\\\/www.facebook.com\\\/cristina.nicola.587\"],\"url\":\"https:\\\/\\\/urbeamea.ro\\\/albaiulia\\\/author\\\/cristina-nicola\\\/\"}]}<\/script>\n<!-- \/ Yoast SEO plugin. -->","yoast_head_json":{"title":"ISU Alba anun\u0163\u0103 c\u0103 s\u00e2mb\u0103t\u0103 expir\u0103 termenul pentru ob\u021binerea autoriza\u021biei de securitate la incendiu - Revista Urbea Mea - Revista de Alba","description":"\u00cencep\u00e2nd cu data de 1 octombrie 2017, beneficiarii sau proprietarii construc\u021biilor care au obliga\u021bia ob\u021binerii acestui act administrativ sunt pasibili de","robots":{"index":"index","follow":"follow","max-snippet":"max-snippet:-1","max-image-preview":"max-image-preview:large","max-video-preview":"max-video-preview:-1"},"canonical":"https:\/\/urbeamea.ro\/albaiulia\/isu-alba-anunta-ca-sambata-expira-termenul-pentru-obtinerea-autorizatiei-de-securitate-la-incendiu\/","twitter_card":"summary_large_image","twitter_title":"ISU Alba anun\u0163\u0103 c\u0103 s\u00e2mb\u0103t\u0103 expir\u0103 termenul pentru ob\u021binerea autoriza\u021biei de securitate la incendiu - Revista Urbea Mea - Revista de Alba","twitter_description":"\u00cencep\u00e2nd cu data de 1 octombrie 2017, beneficiarii sau proprietarii construc\u021biilor care au obliga\u021bia ob\u021binerii acestui act administrativ sunt pasibili de","twitter_image":"https:\/\/urbeamea.ro\/albaiulia\/wp-content\/uploads\/2016\/12\/ISU.jpg","twitter_creator":"@urbeameaweb","twitter_site":"@urbeameaweb","schema":{"@context":"https:\/\/schema.org","@graph":[{"@type":"Article","@id":"https:\/\/urbeamea.ro\/albaiulia\/isu-alba-anunta-ca-sambata-expira-termenul-pentru-obtinerea-autorizatiei-de-securitate-la-incendiu\/#article","isPartOf":{"@id":"https:\/\/urbeamea.ro\/albaiulia\/isu-alba-anunta-ca-sambata-expira-termenul-pentru-obtinerea-autorizatiei-de-securitate-la-incendiu\/"},"author":{"name":"Cristina Ganga","@id":"https:\/\/urbeamea.ro\/albaiulia\/#\/schema\/person\/9700d21fae21c4f038b0b56f4506264a"},"headline":"ISU Alba anun\u0163\u0103 c\u0103 s\u00e2mb\u0103t\u0103 expir\u0103 termenul pentru ob\u021binerea autoriza\u021biei de securitate la incendiu","datePublished":"2017-09-28T15:15:43+00:00","mainEntityOfPage":{"@id":"https:\/\/urbeamea.ro\/albaiulia\/isu-alba-anunta-ca-sambata-expira-termenul-pentru-obtinerea-autorizatiei-de-securitate-la-incendiu\/"},"wordCount":526,"commentCount":0,"image":{"@id":"https:\/\/urbeamea.ro\/albaiulia\/isu-alba-anunta-ca-sambata-expira-termenul-pentru-obtinerea-autorizatiei-de-securitate-la-incendiu\/#primaryimage"},"thumbnailUrl":"https:\/\/urbeamea.ro\/albaiulia\/wp-content\/uploads\/2016\/12\/ISU.jpg","keywords":["autorizatie de securitate","expira","incendiu","ISU Alba","obtinere","stiri","termen","Urbea Mea"],"articleSection":["Social"],"inLanguage":"ro-RO","potentialAction":[{"@type":"CommentAction","name":"Comment","target":["https:\/\/urbeamea.ro\/albaiulia\/isu-alba-anunta-ca-sambata-expira-termenul-pentru-obtinerea-autorizatiei-de-securitate-la-incendiu\/#respond"]}]},{"@type":"WebPage","@id":"https:\/\/urbeamea.ro\/albaiulia\/isu-alba-anunta-ca-sambata-expira-termenul-pentru-obtinerea-autorizatiei-de-securitate-la-incendiu\/","url":"https:\/\/urbeamea.ro\/albaiulia\/isu-alba-anunta-ca-sambata-expira-termenul-pentru-obtinerea-autorizatiei-de-securitate-la-incendiu\/","name":"ISU Alba anun\u0163\u0103 c\u0103 s\u00e2mb\u0103t\u0103 expir\u0103 termenul pentru ob\u021binerea autoriza\u021biei de securitate la incendiu - Revista Urbea Mea - Revista de Alba","isPartOf":{"@id":"https:\/\/urbeamea.ro\/albaiulia\/#website"},"primaryImageOfPage":{"@id":"https:\/\/urbeamea.ro\/albaiulia\/isu-alba-anunta-ca-sambata-expira-termenul-pentru-obtinerea-autorizatiei-de-securitate-la-incendiu\/#primaryimage"},"image":{"@id":"https:\/\/urbeamea.ro\/albaiulia\/isu-alba-anunta-ca-sambata-expira-termenul-pentru-obtinerea-autorizatiei-de-securitate-la-incendiu\/#primaryimage"},"thumbnailUrl":"https:\/\/urbeamea.ro\/albaiulia\/wp-content\/uploads\/2016\/12\/ISU.jpg","datePublished":"2017-09-28T15:15:43+00:00","author":{"@id":"https:\/\/urbeamea.ro\/albaiulia\/#\/schema\/person\/9700d21fae21c4f038b0b56f4506264a"},"description":"\u00cencep\u00e2nd cu data de 1 octombrie 2017, beneficiarii sau proprietarii construc\u021biilor care au obliga\u021bia ob\u021binerii acestui act administrativ sunt pasibili de","breadcrumb":{"@id":"https:\/\/urbeamea.ro\/albaiulia\/isu-alba-anunta-ca-sambata-expira-termenul-pentru-obtinerea-autorizatiei-de-securitate-la-incendiu\/#breadcrumb"},"inLanguage":"ro-RO","potentialAction":[{"@type":"ReadAction","target":["https:\/\/urbeamea.ro\/albaiulia\/isu-alba-anunta-ca-sambata-expira-termenul-pentru-obtinerea-autorizatiei-de-securitate-la-incendiu\/"]}]},{"@type":"ImageObject","inLanguage":"ro-RO","@id":"https:\/\/urbeamea.ro\/albaiulia\/isu-alba-anunta-ca-sambata-expira-termenul-pentru-obtinerea-autorizatiei-de-securitate-la-incendiu\/#primaryimage","url":"https:\/\/urbeamea.ro\/albaiulia\/wp-content\/uploads\/2016\/12\/ISU.jpg","contentUrl":"https:\/\/urbeamea.ro\/albaiulia\/wp-content\/uploads\/2016\/12\/ISU.jpg","width":1280,"height":951},{"@type":"BreadcrumbList","@id":"https:\/\/urbeamea.ro\/albaiulia\/isu-alba-anunta-ca-sambata-expira-termenul-pentru-obtinerea-autorizatiei-de-securitate-la-incendiu\/#breadcrumb","itemListElement":[{"@type":"ListItem","position":1,"name":"Prima pagin\u0103","item":"https:\/\/urbeamea.ro\/albaiulia\/"},{"@type":"ListItem","position":2,"name":"ISU Alba anun\u0163\u0103 c\u0103 s\u00e2mb\u0103t\u0103 expir\u0103 termenul pentru ob\u021binerea autoriza\u021biei de securitate la incendiu"}]},{"@type":"WebSite","@id":"https:\/\/urbeamea.ro\/albaiulia\/#website","url":"https:\/\/urbeamea.ro\/albaiulia\/","name":"Revista Urbea Mea, Stiri urbane","description":"Evenimente \u0219i \u0219tiri din Alba Iulia, Sebe\u0219, Aiud, Blaj","potentialAction":[{"@type":"SearchAction","target":{"@type":"EntryPoint","urlTemplate":"https:\/\/urbeamea.ro\/albaiulia\/?s={search_term_string}"},"query-input":{"@type":"PropertyValueSpecification","valueRequired":true,"valueName":"search_term_string"}}],"inLanguage":"ro-RO"},{"@type":"Person","@id":"https:\/\/urbeamea.ro\/albaiulia\/#\/schema\/person\/9700d21fae21c4f038b0b56f4506264a","name":"Cristina Ganga","image":{"@type":"ImageObject","inLanguage":"ro-RO","@id":"https:\/\/secure.gravatar.com\/avatar\/5a67661041f057b4a8ccaf26f5a8e86e2689372006d01faf3dd9eeb10b654bb4?s=96&d=mm&r=g","url":"https:\/\/secure.gravatar.com\/avatar\/5a67661041f057b4a8ccaf26f5a8e86e2689372006d01faf3dd9eeb10b654bb4?s=96&d=mm&r=g","contentUrl":"https:\/\/secure.gravatar.com\/avatar\/5a67661041f057b4a8ccaf26f5a8e86e2689372006d01faf3dd9eeb10b654bb4?s=96&d=mm&r=g","caption":"Cristina Ganga"},"description":"Jurnalist","sameAs":["https:\/\/www.facebook.com\/cristina.nicola.587"],"url":"https:\/\/urbeamea.ro\/albaiulia\/author\/cristina-nicola\/"}]}},"_links":{"self":[{"href":"https:\/\/urbeamea.ro\/albaiulia\/wp-json\/wp\/v2\/posts\/53163","targetHints":{"allow":["GET"]}}],"collection":[{"href":"https:\/\/urbeamea.ro\/albaiulia\/wp-json\/wp\/v2\/posts"}],"about":[{"href":"https:\/\/urbeamea.ro\/albaiulia\/wp-json\/wp\/v2\/types\/post"}],"author":[{"embeddable":true,"href":"https:\/\/urbeamea.ro\/albaiulia\/wp-json\/wp\/v2\/users\/17"}],"replies":[{"embeddable":true,"href":"https:\/\/urbeamea.ro\/albaiulia\/wp-json\/wp\/v2\/comments?post=53163"}],"version-history":[{"count":0,"href":"https:\/\/urbeamea.ro\/albaiulia\/wp-json\/wp\/v2\/posts\/53163\/revisions"}],"wp:featuredmedia":[{"embeddable":true,"href":"https:\/\/urbeamea.ro\/albaiulia\/wp-json\/wp\/v2\/media\/36873"}],"wp:attachment":[{"href":"https:\/\/urbeamea.ro\/albaiulia\/wp-json\/wp\/v2\/media?parent=53163"}],"wp:term":[{"taxonomy":"category","embeddable":true,"href":"https:\/\/urbeamea.ro\/albaiulia\/wp-json\/wp\/v2\/categories?post=53163"},{"taxonomy":"post_tag","embeddable":true,"href":"https:\/\/urbeamea.ro\/albaiulia\/wp-json\/wp\/v2\/tags?post=53163"}],"curies":[{"name":"wp","href":"https:\/\/api.w.org\/{rel}","templated":true}]}}