{"id":53200,"date":"2017-09-29T18:07:00","date_gmt":"2017-09-29T15:07:00","guid":{"rendered":"https:\/\/urbeamea.ro\/albaiulia\/?p=53200"},"modified":"2017-09-29T18:07:00","modified_gmt":"2017-09-29T15:07:00","slug":"luni-pentru-dumneavoastra-doamna-ziua-mondiala-de-lupta-impotriva-cancerului-de-san-marcata-la-alba-iulia","status":"publish","type":"post","link":"https:\/\/urbeamea.ro\/albaiulia\/luni-pentru-dumneavoastra-doamna-ziua-mondiala-de-lupta-impotriva-cancerului-de-san-marcata-la-alba-iulia\/","title":{"rendered":"LUNI: \u201ePentru Dumneavoastr\u0103, Doamn\u0103!\u201d Ziua Mondial\u0103 de lupt\u0103 \u00eempotriva cancerului de s\u00e2n, marcat\u0103 la Alba Iulia"},"content":{"rendered":"<p><strong>\u00cen tradi\u021bia anilor preceden\u021bi, Asocia\u0163ia A.S. 2001 Alba Iulia organizeaz\u0103 luni, 2 octombrie 2017, orele 17,00\u00a0 la CLUB LOOK (UNICK BOWLING), sala de evenimente, un eveniment dedicat marc\u0103rii \u00a0Zilei \u00a0Mondiale de lupt\u0103 \u00eempotriva cancerului de s\u00e2n.\u00a0<\/strong><\/p>\n<p>Scopul acestui eveniment este de a informa, educa \u015fi con\u0219tientiza popula\u0163ia feminin\u0103 din jude\u0163ul Alba asupra importan\u0163ei prevenirii \u015fi depist\u0103rii precoce a cancerului de s\u00e2n \u015fi de col uterin, precum \u015fi de a promova serviciile de informare \u015fi consiliere oferite persoanelor afectate de aceast\u0103 boal\u0103. \u00cen acela\u015fi timp, se urm\u0103re\u015fte educarea popula\u0163iei \u00een privin\u0163a adopt\u0103rii unei atitudini nediscriminative fa\u0163\u0103 de persoanele bolnave.<\/p>\n<p>\u00cencep\u00e2nd cu anul 2007, Asocia\u0163ia A.S. 2001 Alba Iulia ofer\u0103 servicii de consiliere persoanelor afectate de aceast\u0103 boal\u0103. De asemenea, A.S. 2001 Alba Iulia g\u0103zduie\u0219te grupul de suport \u201eClubul Eva\u201d care are por\u021bile deschise pentru toate persoanele cu afec\u021biuni maligne, dar \u0219i membrilor familiilor \u0219i sus\u021bin\u0103torilor acestora.<\/p>\n<p>Pentru a marca \u0219i anul acesta <strong>Ziua Mondial\u0103 de lupt\u0103 \u00eempotriva cancerului de s\u00e2n<\/strong>, \u00eempreun\u0103 cu voluntarii de la Colegiul economic \u201dDionisie Pop Mar\u021bian\u201d, vom realiza o campanie de distribuire de materiale informative ce se va derula pe parcursul a 2 zile.<\/p>\n<p>Luni 2 octombrie 2017, \u00eencep\u00e2nd cu orele 17,00, va avea loc evenimentul anual <strong>\u201ePentru Dumneavoastr\u0103, Doamn\u0103<\/strong>!\u201d, ajuns la cea de-a 11-a edi\u021bie. Speciali\u0219tii \u00een domeniu invita\u021bi la acest eveniment vor prezenta celor\u00a0 nout\u0103\u021bi cu caracter medical \u0219i psihosocial iar persoanele care s-au confruntat cu aceast\u0103 boal\u0103 vor \u00eemp\u0103rt\u0103\u0219i experien\u021ba lor \u00een lupta \u00eempotriva acestei maladii. \u00cen partea a doua a evenimentului va avea loc un spectacol care va cuprinde muzic\u0103 popular\u0103, muzic\u0103 folk , muzic\u0103 u\u0219oar\u0103 \u0219i de operet\u0103, dansuri sportive \u0219i de societate. Atractivitatea evenimentului va fi sporit\u0103 de o tombol\u0103 cu premii speciale pentru to\u021bi cei prezen\u021bi.<\/p>\n<p>Intrarea este liber\u0103.<strong><br \/>\n<\/strong><\/p>\n<p><strong>Agenda evenimentului<\/strong><\/p>\n<p><strong>Vineri, 29 septembrie 2017, Luni , 2 octombrie 2017<\/strong><\/p>\n<p>Municipiul Alba Iulia<\/p>\n<ul>\n<li>Distribuire de materiale informative<\/li>\n<\/ul>\n<p><strong>Luni 2 octombrie 2017<\/strong><\/p>\n<p>Alba Iulia, CLUB LOOK (UNICK BOWLING), Sala de evenimente<\/p>\n<p>Orele 17.00 \u2013 19.00<\/p>\n<ul>\n<li><strong>Evenimentul \u201ePentru dumneavoastr\u0103, doamn\u0103!\u201d, edi\u021bia a 11-a<\/strong><\/li>\n<\/ul>\n<p>Din program:<\/p>\n<ul>\n<li><strong>17.00 \u2013 17.15<\/strong> \u2013 <strong><em>Ziua Mondial\u0103 de Lupt\u0103\u00a0 \u00cempotriva Cancerului la s\u00e2n<\/em><\/strong> \u2013 opinia specialistului dr. Palyi Kiss Emoke \u2013 medic la Clinica de Oncologie Medisprof Cluj Napoca<\/li>\n<li><strong>17.15 \u2013 17.30 \u2013 <em>Flori de c\u00e2ntec rom\u00e2nesc <\/em><\/strong>\u00a0\u2013 muzic\u0103 popular\u0103. Invita\u021bi: cunoscuta interpret\u0103 de muzic\u0103 popular\u0103 Marinela Baba \u00eenso\u021bit\u0103 de tinerele interprete M\u0103d\u0103lina Alexandra Boar \u0219i Oana Denisa Marian;<\/li>\n<li><strong>17.30 \u2013 17.45 \u2013 <\/strong>\u00a0<strong><em>Muzic\u0103 u\u0219oar\u0103 \u0219i de <\/em>oper\u0103. <\/strong>Invitat\u0103: Alexandra Com\u0219a, student\u0103 a Academiei de Muzic\u0103 \u201eGheorghe Dima\u201d Cluj-Napoca;<\/li>\n<\/ul>\n<ul>\n<li><strong>17.45 \u2013 18.15 \u2013 <em>Interferen\u021be muzicale<\/em><\/strong>. Invita\u021bi: cantautorul Daniel Avram \u0219i prof. Dan Avram, o \u00eengem\u0103nare frumoas\u0103 de pian, chitar\u0103 \u0219i voce;<\/li>\n<li><strong>18.15 \u2013 18.30\u2013 <em>Dance to Sunrise<\/em><\/strong> \u2013 dansuri de societate cu membrii acestui club condu\u0219i de instructorul Vasile Vlad;<\/li>\n<li><strong><em>18.30\u2013 18.45 \u2013 Pe c\u0103r\u0103ri de dor <\/em><\/strong>\u2013 muzic\u0103 popular\u0103. Invitat\u0103: Dina V\u0103r\u0103rean, \u00eendr\u0103git\u0103 interpret\u0103 de muzic\u0103 popular\u0103;<\/li>\n<li><strong><em>18.45 \u2013 19.00 \u2013 Tombola cu premii atractive.<\/em><\/strong><\/li>\n<\/ul>\n<p>&nbsp;<\/p>\n<p><strong>\u00a0\u00a0\u00a0\u00a0\u00a0\u00a0\u00a0\u00a0\u00a0\u00a0\u00a0\u00a0\u00a0\u00a0\u00a0\u00a0\u00a0<\/strong><\/p>\n","protected":false},"excerpt":{"rendered":"<p>\u00cen tradi\u021bia anilor preceden\u021bi, Asocia\u0163ia A.S. 2001 Alba Iulia organizeaz\u0103 luni, 2 octombrie 2017, orele 17,00\u00a0 la CLUB LOOK (UNICK BOWLING), sala de evenimente, un eveniment dedicat marc\u0103rii \u00a0Zilei \u00a0Mondiale de lupt\u0103 \u00eempotriva cancerului de s\u00e2n.\u00a0 Scopul acestui eveniment este de a informa, educa \u015fi con\u0219tientiza popula\u0163ia feminin\u0103 din jude\u0163ul Alba asupra importan\u0163ei prevenirii \u015fi &hellip;<\/p>\n","protected":false},"author":17,"featured_media":53201,"comment_status":"open","ping_status":"open","sticky":false,"template":"","format":"standard","meta":{"inline_featured_image":false,"footnotes":""},"categories":[4],"tags":[7736,31,12561,12350,308,12560,76,12559],"class_list":["post-53200","post","type-post","status-publish","format-standard","has-post-thumbnail","hentry","category-eveniment","tag-pentru-dumneavoastra-doamna","tag-alba-iulia","tag-asociatia-a-s-2001-alba-iulia","tag-sala-de-evenimente","tag-stiri","tag-unick-bowling","tag-urbea-mea","tag-ziua-mondiala-de-lupta-impotriva-cancerului-la-san"],"yoast_head":"<!-- This site is optimized with the Yoast SEO plugin v28.3 - https:\/\/yoast.com\/product\/yoast-seo-wordpress\/ -->\n<title>LUNI: \u201ePentru Dumneavoastr\u0103, Doamn\u0103!\u201d Ziua Mondial\u0103 de lupt\u0103 \u00eempotriva cancerului de s\u00e2n, marcat\u0103 la Alba Iulia - Revista Urbea Mea - Revista de Alba<\/title>\n<meta name=\"description\" content=\"\u00cen tradi\u021bia anilor preceden\u021bi, Asocia\u0163ia A.S. 2001 Alba Iulia organizeaz\u0103 luni, 2 octombrie 2017, orele 17,00\u00a0 la CLUB LOOK (UNICK BOWLING), sala de\" \/>\n<meta name=\"robots\" content=\"index, follow, max-snippet:-1, max-image-preview:large, max-video-preview:-1\" \/>\n<link rel=\"canonical\" href=\"https:\/\/urbeamea.ro\/albaiulia\/luni-pentru-dumneavoastra-doamna-ziua-mondiala-de-lupta-impotriva-cancerului-de-san-marcata-la-alba-iulia\/\" \/>\n<meta name=\"twitter:card\" content=\"summary_large_image\" \/>\n<meta name=\"twitter:title\" content=\"LUNI: \u201ePentru Dumneavoastr\u0103, Doamn\u0103!\u201d Ziua Mondial\u0103 de lupt\u0103 \u00eempotriva cancerului de s\u00e2n, marcat\u0103 la Alba Iulia - Revista Urbea Mea - Revista de Alba\" \/>\n<meta name=\"twitter:description\" content=\"\u00cen tradi\u021bia anilor preceden\u021bi, Asocia\u0163ia A.S. 2001 Alba Iulia organizeaz\u0103 luni, 2 octombrie 2017, orele 17,00\u00a0 la CLUB LOOK (UNICK BOWLING), sala de\" \/>\n<meta name=\"twitter:image\" content=\"https:\/\/urbeamea.ro\/albaiulia\/wp-content\/uploads\/2017\/09\/Cancer_san__prevenir_47074.jpg\" \/>\n<meta name=\"twitter:creator\" content=\"@urbeameaweb\" \/>\n<meta name=\"twitter:site\" content=\"@urbeameaweb\" \/>\n<script type=\"application\/ld+json\" class=\"yoast-schema-graph\">{\"@context\":\"https:\\\/\\\/schema.org\",\"@graph\":[{\"@type\":\"Article\",\"@id\":\"https:\\\/\\\/urbeamea.ro\\\/albaiulia\\\/luni-pentru-dumneavoastra-doamna-ziua-mondiala-de-lupta-impotriva-cancerului-de-san-marcata-la-alba-iulia\\\/#article\",\"isPartOf\":{\"@id\":\"https:\\\/\\\/urbeamea.ro\\\/albaiulia\\\/luni-pentru-dumneavoastra-doamna-ziua-mondiala-de-lupta-impotriva-cancerului-de-san-marcata-la-alba-iulia\\\/\"},\"author\":{\"name\":\"Cristina Ganga\",\"@id\":\"https:\\\/\\\/urbeamea.ro\\\/albaiulia\\\/#\\\/schema\\\/person\\\/9700d21fae21c4f038b0b56f4506264a\"},\"headline\":\"LUNI: \u201ePentru Dumneavoastr\u0103, Doamn\u0103!\u201d Ziua Mondial\u0103 de lupt\u0103 \u00eempotriva cancerului de s\u00e2n, marcat\u0103 la Alba Iulia\",\"datePublished\":\"2017-09-29T15:07:00+00:00\",\"mainEntityOfPage\":{\"@id\":\"https:\\\/\\\/urbeamea.ro\\\/albaiulia\\\/luni-pentru-dumneavoastra-doamna-ziua-mondiala-de-lupta-impotriva-cancerului-de-san-marcata-la-alba-iulia\\\/\"},\"wordCount\":503,\"commentCount\":0,\"image\":{\"@id\":\"https:\\\/\\\/urbeamea.ro\\\/albaiulia\\\/luni-pentru-dumneavoastra-doamna-ziua-mondiala-de-lupta-impotriva-cancerului-de-san-marcata-la-alba-iulia\\\/#primaryimage\"},\"thumbnailUrl\":\"https:\\\/\\\/urbeamea.ro\\\/albaiulia\\\/wp-content\\\/uploads\\\/2017\\\/09\\\/Cancer_san__prevenir_47074.jpg\",\"keywords\":[\"\u201ePentru Dumneavoastr\u0103 Doamn\u0103!\u201d\",\"Alba Iulia\",\"Asociatia A.S. 2001 Alba Iulia\",\"sala de evenimente\",\"stiri\",\"UNICK BOWLING\",\"Urbea Mea\",\"ziua mondiala de lupta impotriva cancerului la san\"],\"articleSection\":[\"Evenimente\"],\"inLanguage\":\"ro-RO\",\"potentialAction\":[{\"@type\":\"CommentAction\",\"name\":\"Comment\",\"target\":[\"https:\\\/\\\/urbeamea.ro\\\/albaiulia\\\/luni-pentru-dumneavoastra-doamna-ziua-mondiala-de-lupta-impotriva-cancerului-de-san-marcata-la-alba-iulia\\\/#respond\"]}]},{\"@type\":\"WebPage\",\"@id\":\"https:\\\/\\\/urbeamea.ro\\\/albaiulia\\\/luni-pentru-dumneavoastra-doamna-ziua-mondiala-de-lupta-impotriva-cancerului-de-san-marcata-la-alba-iulia\\\/\",\"url\":\"https:\\\/\\\/urbeamea.ro\\\/albaiulia\\\/luni-pentru-dumneavoastra-doamna-ziua-mondiala-de-lupta-impotriva-cancerului-de-san-marcata-la-alba-iulia\\\/\",\"name\":\"LUNI: \u201ePentru Dumneavoastr\u0103, Doamn\u0103!\u201d Ziua Mondial\u0103 de lupt\u0103 \u00eempotriva cancerului de s\u00e2n, marcat\u0103 la Alba Iulia - Revista Urbea Mea - Revista de Alba\",\"isPartOf\":{\"@id\":\"https:\\\/\\\/urbeamea.ro\\\/albaiulia\\\/#website\"},\"primaryImageOfPage\":{\"@id\":\"https:\\\/\\\/urbeamea.ro\\\/albaiulia\\\/luni-pentru-dumneavoastra-doamna-ziua-mondiala-de-lupta-impotriva-cancerului-de-san-marcata-la-alba-iulia\\\/#primaryimage\"},\"image\":{\"@id\":\"https:\\\/\\\/urbeamea.ro\\\/albaiulia\\\/luni-pentru-dumneavoastra-doamna-ziua-mondiala-de-lupta-impotriva-cancerului-de-san-marcata-la-alba-iulia\\\/#primaryimage\"},\"thumbnailUrl\":\"https:\\\/\\\/urbeamea.ro\\\/albaiulia\\\/wp-content\\\/uploads\\\/2017\\\/09\\\/Cancer_san__prevenir_47074.jpg\",\"datePublished\":\"2017-09-29T15:07:00+00:00\",\"author\":{\"@id\":\"https:\\\/\\\/urbeamea.ro\\\/albaiulia\\\/#\\\/schema\\\/person\\\/9700d21fae21c4f038b0b56f4506264a\"},\"description\":\"\u00cen tradi\u021bia anilor preceden\u021bi, Asocia\u0163ia A.S. 2001 Alba Iulia organizeaz\u0103 luni, 2 octombrie 2017, orele 17,00\u00a0 la CLUB LOOK (UNICK BOWLING), sala de\",\"breadcrumb\":{\"@id\":\"https:\\\/\\\/urbeamea.ro\\\/albaiulia\\\/luni-pentru-dumneavoastra-doamna-ziua-mondiala-de-lupta-impotriva-cancerului-de-san-marcata-la-alba-iulia\\\/#breadcrumb\"},\"inLanguage\":\"ro-RO\",\"potentialAction\":[{\"@type\":\"ReadAction\",\"target\":[\"https:\\\/\\\/urbeamea.ro\\\/albaiulia\\\/luni-pentru-dumneavoastra-doamna-ziua-mondiala-de-lupta-impotriva-cancerului-de-san-marcata-la-alba-iulia\\\/\"]}]},{\"@type\":\"ImageObject\",\"inLanguage\":\"ro-RO\",\"@id\":\"https:\\\/\\\/urbeamea.ro\\\/albaiulia\\\/luni-pentru-dumneavoastra-doamna-ziua-mondiala-de-lupta-impotriva-cancerului-de-san-marcata-la-alba-iulia\\\/#primaryimage\",\"url\":\"https:\\\/\\\/urbeamea.ro\\\/albaiulia\\\/wp-content\\\/uploads\\\/2017\\\/09\\\/Cancer_san__prevenir_47074.jpg\",\"contentUrl\":\"https:\\\/\\\/urbeamea.ro\\\/albaiulia\\\/wp-content\\\/uploads\\\/2017\\\/09\\\/Cancer_san__prevenir_47074.jpg\",\"width\":500,\"height\":262},{\"@type\":\"BreadcrumbList\",\"@id\":\"https:\\\/\\\/urbeamea.ro\\\/albaiulia\\\/luni-pentru-dumneavoastra-doamna-ziua-mondiala-de-lupta-impotriva-cancerului-de-san-marcata-la-alba-iulia\\\/#breadcrumb\",\"itemListElement\":[{\"@type\":\"ListItem\",\"position\":1,\"name\":\"Prima pagin\u0103\",\"item\":\"https:\\\/\\\/urbeamea.ro\\\/albaiulia\\\/\"},{\"@type\":\"ListItem\",\"position\":2,\"name\":\"LUNI: \u201ePentru Dumneavoastr\u0103, Doamn\u0103!\u201d Ziua Mondial\u0103 de lupt\u0103 \u00eempotriva cancerului de s\u00e2n, marcat\u0103 la Alba Iulia\"}]},{\"@type\":\"WebSite\",\"@id\":\"https:\\\/\\\/urbeamea.ro\\\/albaiulia\\\/#website\",\"url\":\"https:\\\/\\\/urbeamea.ro\\\/albaiulia\\\/\",\"name\":\"Revista Urbea Mea, Stiri urbane\",\"description\":\"Evenimente \u0219i \u0219tiri din Alba Iulia, Sebe\u0219, Aiud, Blaj\",\"potentialAction\":[{\"@type\":\"SearchAction\",\"target\":{\"@type\":\"EntryPoint\",\"urlTemplate\":\"https:\\\/\\\/urbeamea.ro\\\/albaiulia\\\/?s={search_term_string}\"},\"query-input\":{\"@type\":\"PropertyValueSpecification\",\"valueRequired\":true,\"valueName\":\"search_term_string\"}}],\"inLanguage\":\"ro-RO\"},{\"@type\":\"Person\",\"@id\":\"https:\\\/\\\/urbeamea.ro\\\/albaiulia\\\/#\\\/schema\\\/person\\\/9700d21fae21c4f038b0b56f4506264a\",\"name\":\"Cristina Ganga\",\"image\":{\"@type\":\"ImageObject\",\"inLanguage\":\"ro-RO\",\"@id\":\"https:\\\/\\\/secure.gravatar.com\\\/avatar\\\/5a67661041f057b4a8ccaf26f5a8e86e2689372006d01faf3dd9eeb10b654bb4?s=96&d=mm&r=g\",\"url\":\"https:\\\/\\\/secure.gravatar.com\\\/avatar\\\/5a67661041f057b4a8ccaf26f5a8e86e2689372006d01faf3dd9eeb10b654bb4?s=96&d=mm&r=g\",\"contentUrl\":\"https:\\\/\\\/secure.gravatar.com\\\/avatar\\\/5a67661041f057b4a8ccaf26f5a8e86e2689372006d01faf3dd9eeb10b654bb4?s=96&d=mm&r=g\",\"caption\":\"Cristina Ganga\"},\"description\":\"Jurnalist\",\"sameAs\":[\"https:\\\/\\\/www.facebook.com\\\/cristina.nicola.587\"],\"url\":\"https:\\\/\\\/urbeamea.ro\\\/albaiulia\\\/author\\\/cristina-nicola\\\/\"}]}<\/script>\n<!-- \/ Yoast SEO plugin. -->","yoast_head_json":{"title":"LUNI: \u201ePentru Dumneavoastr\u0103, Doamn\u0103!\u201d Ziua Mondial\u0103 de lupt\u0103 \u00eempotriva cancerului de s\u00e2n, marcat\u0103 la Alba Iulia - Revista Urbea Mea - Revista de Alba","description":"\u00cen tradi\u021bia anilor preceden\u021bi, Asocia\u0163ia A.S. 2001 Alba Iulia organizeaz\u0103 luni, 2 octombrie 2017, orele 17,00\u00a0 la CLUB LOOK (UNICK BOWLING), sala de","robots":{"index":"index","follow":"follow","max-snippet":"max-snippet:-1","max-image-preview":"max-image-preview:large","max-video-preview":"max-video-preview:-1"},"canonical":"https:\/\/urbeamea.ro\/albaiulia\/luni-pentru-dumneavoastra-doamna-ziua-mondiala-de-lupta-impotriva-cancerului-de-san-marcata-la-alba-iulia\/","twitter_card":"summary_large_image","twitter_title":"LUNI: \u201ePentru Dumneavoastr\u0103, Doamn\u0103!\u201d Ziua Mondial\u0103 de lupt\u0103 \u00eempotriva cancerului de s\u00e2n, marcat\u0103 la Alba Iulia - Revista Urbea Mea - Revista de Alba","twitter_description":"\u00cen tradi\u021bia anilor preceden\u021bi, Asocia\u0163ia A.S. 2001 Alba Iulia organizeaz\u0103 luni, 2 octombrie 2017, orele 17,00\u00a0 la CLUB LOOK (UNICK BOWLING), sala de","twitter_image":"https:\/\/urbeamea.ro\/albaiulia\/wp-content\/uploads\/2017\/09\/Cancer_san__prevenir_47074.jpg","twitter_creator":"@urbeameaweb","twitter_site":"@urbeameaweb","schema":{"@context":"https:\/\/schema.org","@graph":[{"@type":"Article","@id":"https:\/\/urbeamea.ro\/albaiulia\/luni-pentru-dumneavoastra-doamna-ziua-mondiala-de-lupta-impotriva-cancerului-de-san-marcata-la-alba-iulia\/#article","isPartOf":{"@id":"https:\/\/urbeamea.ro\/albaiulia\/luni-pentru-dumneavoastra-doamna-ziua-mondiala-de-lupta-impotriva-cancerului-de-san-marcata-la-alba-iulia\/"},"author":{"name":"Cristina Ganga","@id":"https:\/\/urbeamea.ro\/albaiulia\/#\/schema\/person\/9700d21fae21c4f038b0b56f4506264a"},"headline":"LUNI: \u201ePentru Dumneavoastr\u0103, Doamn\u0103!\u201d Ziua Mondial\u0103 de lupt\u0103 \u00eempotriva cancerului de s\u00e2n, marcat\u0103 la Alba Iulia","datePublished":"2017-09-29T15:07:00+00:00","mainEntityOfPage":{"@id":"https:\/\/urbeamea.ro\/albaiulia\/luni-pentru-dumneavoastra-doamna-ziua-mondiala-de-lupta-impotriva-cancerului-de-san-marcata-la-alba-iulia\/"},"wordCount":503,"commentCount":0,"image":{"@id":"https:\/\/urbeamea.ro\/albaiulia\/luni-pentru-dumneavoastra-doamna-ziua-mondiala-de-lupta-impotriva-cancerului-de-san-marcata-la-alba-iulia\/#primaryimage"},"thumbnailUrl":"https:\/\/urbeamea.ro\/albaiulia\/wp-content\/uploads\/2017\/09\/Cancer_san__prevenir_47074.jpg","keywords":["\u201ePentru Dumneavoastr\u0103 Doamn\u0103!\u201d","Alba Iulia","Asociatia A.S. 2001 Alba Iulia","sala de evenimente","stiri","UNICK BOWLING","Urbea Mea","ziua mondiala de lupta impotriva cancerului la san"],"articleSection":["Evenimente"],"inLanguage":"ro-RO","potentialAction":[{"@type":"CommentAction","name":"Comment","target":["https:\/\/urbeamea.ro\/albaiulia\/luni-pentru-dumneavoastra-doamna-ziua-mondiala-de-lupta-impotriva-cancerului-de-san-marcata-la-alba-iulia\/#respond"]}]},{"@type":"WebPage","@id":"https:\/\/urbeamea.ro\/albaiulia\/luni-pentru-dumneavoastra-doamna-ziua-mondiala-de-lupta-impotriva-cancerului-de-san-marcata-la-alba-iulia\/","url":"https:\/\/urbeamea.ro\/albaiulia\/luni-pentru-dumneavoastra-doamna-ziua-mondiala-de-lupta-impotriva-cancerului-de-san-marcata-la-alba-iulia\/","name":"LUNI: \u201ePentru Dumneavoastr\u0103, Doamn\u0103!\u201d Ziua Mondial\u0103 de lupt\u0103 \u00eempotriva cancerului de s\u00e2n, marcat\u0103 la Alba Iulia - Revista Urbea Mea - Revista de Alba","isPartOf":{"@id":"https:\/\/urbeamea.ro\/albaiulia\/#website"},"primaryImageOfPage":{"@id":"https:\/\/urbeamea.ro\/albaiulia\/luni-pentru-dumneavoastra-doamna-ziua-mondiala-de-lupta-impotriva-cancerului-de-san-marcata-la-alba-iulia\/#primaryimage"},"image":{"@id":"https:\/\/urbeamea.ro\/albaiulia\/luni-pentru-dumneavoastra-doamna-ziua-mondiala-de-lupta-impotriva-cancerului-de-san-marcata-la-alba-iulia\/#primaryimage"},"thumbnailUrl":"https:\/\/urbeamea.ro\/albaiulia\/wp-content\/uploads\/2017\/09\/Cancer_san__prevenir_47074.jpg","datePublished":"2017-09-29T15:07:00+00:00","author":{"@id":"https:\/\/urbeamea.ro\/albaiulia\/#\/schema\/person\/9700d21fae21c4f038b0b56f4506264a"},"description":"\u00cen tradi\u021bia anilor preceden\u021bi, Asocia\u0163ia A.S. 2001 Alba Iulia organizeaz\u0103 luni, 2 octombrie 2017, orele 17,00\u00a0 la CLUB LOOK (UNICK BOWLING), sala de","breadcrumb":{"@id":"https:\/\/urbeamea.ro\/albaiulia\/luni-pentru-dumneavoastra-doamna-ziua-mondiala-de-lupta-impotriva-cancerului-de-san-marcata-la-alba-iulia\/#breadcrumb"},"inLanguage":"ro-RO","potentialAction":[{"@type":"ReadAction","target":["https:\/\/urbeamea.ro\/albaiulia\/luni-pentru-dumneavoastra-doamna-ziua-mondiala-de-lupta-impotriva-cancerului-de-san-marcata-la-alba-iulia\/"]}]},{"@type":"ImageObject","inLanguage":"ro-RO","@id":"https:\/\/urbeamea.ro\/albaiulia\/luni-pentru-dumneavoastra-doamna-ziua-mondiala-de-lupta-impotriva-cancerului-de-san-marcata-la-alba-iulia\/#primaryimage","url":"https:\/\/urbeamea.ro\/albaiulia\/wp-content\/uploads\/2017\/09\/Cancer_san__prevenir_47074.jpg","contentUrl":"https:\/\/urbeamea.ro\/albaiulia\/wp-content\/uploads\/2017\/09\/Cancer_san__prevenir_47074.jpg","width":500,"height":262},{"@type":"BreadcrumbList","@id":"https:\/\/urbeamea.ro\/albaiulia\/luni-pentru-dumneavoastra-doamna-ziua-mondiala-de-lupta-impotriva-cancerului-de-san-marcata-la-alba-iulia\/#breadcrumb","itemListElement":[{"@type":"ListItem","position":1,"name":"Prima pagin\u0103","item":"https:\/\/urbeamea.ro\/albaiulia\/"},{"@type":"ListItem","position":2,"name":"LUNI: \u201ePentru Dumneavoastr\u0103, Doamn\u0103!\u201d Ziua Mondial\u0103 de lupt\u0103 \u00eempotriva cancerului de s\u00e2n, marcat\u0103 la Alba Iulia"}]},{"@type":"WebSite","@id":"https:\/\/urbeamea.ro\/albaiulia\/#website","url":"https:\/\/urbeamea.ro\/albaiulia\/","name":"Revista Urbea Mea, Stiri urbane","description":"Evenimente \u0219i \u0219tiri din Alba Iulia, Sebe\u0219, Aiud, Blaj","potentialAction":[{"@type":"SearchAction","target":{"@type":"EntryPoint","urlTemplate":"https:\/\/urbeamea.ro\/albaiulia\/?s={search_term_string}"},"query-input":{"@type":"PropertyValueSpecification","valueRequired":true,"valueName":"search_term_string"}}],"inLanguage":"ro-RO"},{"@type":"Person","@id":"https:\/\/urbeamea.ro\/albaiulia\/#\/schema\/person\/9700d21fae21c4f038b0b56f4506264a","name":"Cristina Ganga","image":{"@type":"ImageObject","inLanguage":"ro-RO","@id":"https:\/\/secure.gravatar.com\/avatar\/5a67661041f057b4a8ccaf26f5a8e86e2689372006d01faf3dd9eeb10b654bb4?s=96&d=mm&r=g","url":"https:\/\/secure.gravatar.com\/avatar\/5a67661041f057b4a8ccaf26f5a8e86e2689372006d01faf3dd9eeb10b654bb4?s=96&d=mm&r=g","contentUrl":"https:\/\/secure.gravatar.com\/avatar\/5a67661041f057b4a8ccaf26f5a8e86e2689372006d01faf3dd9eeb10b654bb4?s=96&d=mm&r=g","caption":"Cristina Ganga"},"description":"Jurnalist","sameAs":["https:\/\/www.facebook.com\/cristina.nicola.587"],"url":"https:\/\/urbeamea.ro\/albaiulia\/author\/cristina-nicola\/"}]}},"_links":{"self":[{"href":"https:\/\/urbeamea.ro\/albaiulia\/wp-json\/wp\/v2\/posts\/53200","targetHints":{"allow":["GET"]}}],"collection":[{"href":"https:\/\/urbeamea.ro\/albaiulia\/wp-json\/wp\/v2\/posts"}],"about":[{"href":"https:\/\/urbeamea.ro\/albaiulia\/wp-json\/wp\/v2\/types\/post"}],"author":[{"embeddable":true,"href":"https:\/\/urbeamea.ro\/albaiulia\/wp-json\/wp\/v2\/users\/17"}],"replies":[{"embeddable":true,"href":"https:\/\/urbeamea.ro\/albaiulia\/wp-json\/wp\/v2\/comments?post=53200"}],"version-history":[{"count":0,"href":"https:\/\/urbeamea.ro\/albaiulia\/wp-json\/wp\/v2\/posts\/53200\/revisions"}],"wp:featuredmedia":[{"embeddable":true,"href":"https:\/\/urbeamea.ro\/albaiulia\/wp-json\/wp\/v2\/media\/53201"}],"wp:attachment":[{"href":"https:\/\/urbeamea.ro\/albaiulia\/wp-json\/wp\/v2\/media?parent=53200"}],"wp:term":[{"taxonomy":"category","embeddable":true,"href":"https:\/\/urbeamea.ro\/albaiulia\/wp-json\/wp\/v2\/categories?post=53200"},{"taxonomy":"post_tag","embeddable":true,"href":"https:\/\/urbeamea.ro\/albaiulia\/wp-json\/wp\/v2\/tags?post=53200"}],"curies":[{"name":"wp","href":"https:\/\/api.w.org\/{rel}","templated":true}]}}