{"id":53778,"date":"2017-10-09T14:04:58","date_gmt":"2017-10-09T11:04:58","guid":{"rendered":"https:\/\/urbeamea.ro\/albaiulia\/?p=53778"},"modified":"2017-10-09T14:04:58","modified_gmt":"2017-10-09T11:04:58","slug":"foto-lectie-de-istorie-pentru-elevii-colegiului-national-militar-mihai-viteazul-din-alba-iulia-predata-de-veteranul-de-razboi-laurean-deac","status":"publish","type":"post","link":"https:\/\/urbeamea.ro\/albaiulia\/foto-lectie-de-istorie-pentru-elevii-colegiului-national-militar-mihai-viteazul-din-alba-iulia-predata-de-veteranul-de-razboi-laurean-deac\/","title":{"rendered":"FOTO: Lec\u0163ie de istorie pentru elevii Colegiului Na\u0163ional Militar \u201cMihai Viteazul\u201d din Alba Iulia, ,,predat\u0103\u201d de veteranul de r\u0103zboi, Laurean Deac"},"content":{"rendered":"<p><strong>Elevii Colegiului Na\u0163ional Militar \u201cMihai Viteazul\u201d din Alba Iulia au avut parte, s\u00e2mb\u0103t\u0103, de o lec\u0163ie de istorie ,,predat\u0103\u201d de cel care a tr\u0103it r\u0103zboiul \u015fi prizonieratul. <\/strong><\/p>\n<p>Sublocotenentul (r), veteran de r\u0103zboi Laurean Deac, n\u0103scut \u00een Ohaba, jude\u021bul Alba, i-a \u00eent\u00e2mpinat, la cei 95 de ani, pe cei patru elevi, cu ner\u0103bdare \u0219i mult drag.<\/p>\n<p><em>\u201cC\u00e2t\u0103 bucurie \u0219i entuziasm poate s\u0103l\u0103\u0219lui \u00eentr-un suflet greu \u00eencercat: aproape o jum\u0103tate de an de r\u0103zboi, ca ochitor pe obuzier \u0219i patru ani de lag\u0103r \u00een Rusia. Aici a muncit ca zidar \u015fi \u00een scurt timp datorit\u0103\u00a0 seriozit\u0103\u0163ii, priceperii \u015fi h\u0103rniciei a ajuns s\u0103 fie apreciat de ru\u015fi \u015fi s\u0103 conduc\u0103 echipa de muncitori \u00een construc\u0163ia unei fabrici de aluminiu \u015fi a unui cartier de locuin\u0163ie pentru ru\u015fii refugia\u0163i. De\u0219i are patru clase, (fiind cel mai mare dintre cei cinci fra\u021bi, iar\u00a0 timpul trebuia dedicat muncii din gospod\u0103rie, fiind o familie \u00eenst\u0103rit\u0103) a fost un bun autodidact. \u00cen lag\u0103r a muncit ca zidar, meserie pe care a practicat-o \u0219i la \u00eentoarcerea din lag\u0103r, p\u00e2n\u0103 \u00een prezent. Au fost ani grei, cu multe \u00eencerc\u0103ri, \u00eens\u0103 nu \u0219i-a pierdut niciodat\u0103 credin\u021ba \u0219i n\u0103dejdea. Dar, parc\u0103 \u00eei pare mai grea singur\u0103tatea care-l apas\u0103. De patru ani este v\u0103duv. Cei 62 de membri ai familiei (copii, nepo\u021bi \u0219i str\u0103nepo\u021bi), au via\u021ba lor. Unii dintre ei sunt pleca\u0163i departe de cas\u0103, peste hotarele \u0163\u0103rii\u201d,<\/em> a transmis Daniela Filimon, reprezentantul Colegiului.<\/p>\n<p><em>,,Dumnezeu s\u0103 v\u0103 dea anii mei dar nu suferin\u021bele mele!\u201d,<\/em> a fost urarea veteranului de r\u0103zboi, pentru tinerii elevi militari.<\/p>\n<p>\u00cent\u00e2lnirile elevilor colegiului militar albaiulian cu veteranii de r\u0103zboi din jude\u0163ul Alba fac parte din proiectul cultural omagial ,,Credin\u0163\u0103 \u015fi Patrie\u201d ini\u0163iat de c\u0103tre Cercul Militar Alba \u015fi desf\u0103\u015furat \u00een parteneriat cu Arhiepiscopia Ortrodox\u0103 Alba Iulia \u015fi Colegiul Na\u0163ional Militar ,,Mihai Viteazul\u201d.<\/p>\n<p><em>foto: Daniela Filimon<\/em><\/p>\n<div id='gallery-1' class='gallery galleryid-53778 gallery-columns-3 gallery-size-thumbnail'><figure class='gallery-item'>\n\t\t\t<div class='gallery-icon portrait'>\n\t\t\t\t<a href='https:\/\/urbeamea.ro\/albaiulia\/wp-content\/uploads\/2017\/10\/IMG_6562.jpg'><img decoding=\"async\" width=\"130\" height=\"150\" src=\"data:image\/png;base64,iVBORw0KGgoAAAANSUhEUgAAAYYAAADcAQMAAABOLJSDAAAAA1BMVEUAAACnej3aAAAAAXRSTlMAQObYZgAAACJJREFUaIHtwTEBAAAAwqD1T20ND6AAAAAAAAAAAAAA4N8AKvgAAUFIrrEAAAAASUVORK5CYII=\" class=\"attachment-thumbnail size-thumbnail lazy-img\" alt=\"\" srcset=\"https:\/\/urbeamea.ro\/albaiulia\/wp-content\/uploads\/2017\/10\/IMG_6562-130x150.jpg 130w, https:\/\/urbeamea.ro\/albaiulia\/wp-content\/uploads\/2017\/10\/IMG_6562.jpg 556w\" sizes=\"auto, (max-width: 130px) 100vw, 130px\" data-src=\"https:\/\/urbeamea.ro\/albaiulia\/wp-content\/uploads\/2017\/10\/IMG_6562-130x150.jpg\" loading=\"lazy\" \/><\/a>\n\t\t\t<\/div><\/figure><figure class='gallery-item'>\n\t\t\t<div class='gallery-icon landscape'>\n\t\t\t\t<a href='https:\/\/urbeamea.ro\/albaiulia\/wp-content\/uploads\/2017\/10\/IMG_6565.jpg'><img decoding=\"async\" width=\"150\" height=\"100\" src=\"data:image\/png;base64,iVBORw0KGgoAAAANSUhEUgAAAYYAAADcAQMAAABOLJSDAAAAA1BMVEUAAACnej3aAAAAAXRSTlMAQObYZgAAACJJREFUaIHtwTEBAAAAwqD1T20ND6AAAAAAAAAAAAAA4N8AKvgAAUFIrrEAAAAASUVORK5CYII=\" class=\"attachment-thumbnail size-thumbnail lazy-img\" alt=\"\" srcset=\"https:\/\/urbeamea.ro\/albaiulia\/wp-content\/uploads\/2017\/10\/IMG_6565-150x100.jpg 150w, https:\/\/urbeamea.ro\/albaiulia\/wp-content\/uploads\/2017\/10\/IMG_6565-640x426.jpg 640w, https:\/\/urbeamea.ro\/albaiulia\/wp-content\/uploads\/2017\/10\/IMG_6565-768x512.jpg 768w, https:\/\/urbeamea.ro\/albaiulia\/wp-content\/uploads\/2017\/10\/IMG_6565.jpg 800w\" sizes=\"auto, (max-width: 150px) 100vw, 150px\" data-src=\"https:\/\/urbeamea.ro\/albaiulia\/wp-content\/uploads\/2017\/10\/IMG_6565-150x100.jpg\" loading=\"lazy\" \/><\/a>\n\t\t\t<\/div><\/figure><figure class='gallery-item'>\n\t\t\t<div class='gallery-icon landscape'>\n\t\t\t\t<a href='https:\/\/urbeamea.ro\/albaiulia\/wp-content\/uploads\/2017\/10\/IMG_6567.jpg'><img decoding=\"async\" width=\"150\" height=\"100\" src=\"data:image\/png;base64,iVBORw0KGgoAAAANSUhEUgAAAYYAAADcAQMAAABOLJSDAAAAA1BMVEUAAACnej3aAAAAAXRSTlMAQObYZgAAACJJREFUaIHtwTEBAAAAwqD1T20ND6AAAAAAAAAAAAAA4N8AKvgAAUFIrrEAAAAASUVORK5CYII=\" class=\"attachment-thumbnail size-thumbnail lazy-img\" alt=\"\" srcset=\"https:\/\/urbeamea.ro\/albaiulia\/wp-content\/uploads\/2017\/10\/IMG_6567-150x100.jpg 150w, https:\/\/urbeamea.ro\/albaiulia\/wp-content\/uploads\/2017\/10\/IMG_6567-640x426.jpg 640w, https:\/\/urbeamea.ro\/albaiulia\/wp-content\/uploads\/2017\/10\/IMG_6567-768x512.jpg 768w, https:\/\/urbeamea.ro\/albaiulia\/wp-content\/uploads\/2017\/10\/IMG_6567.jpg 800w\" sizes=\"auto, (max-width: 150px) 100vw, 150px\" data-src=\"https:\/\/urbeamea.ro\/albaiulia\/wp-content\/uploads\/2017\/10\/IMG_6567-150x100.jpg\" loading=\"lazy\" \/><\/a>\n\t\t\t<\/div><\/figure><figure class='gallery-item'>\n\t\t\t<div class='gallery-icon landscape'>\n\t\t\t\t<a href='https:\/\/urbeamea.ro\/albaiulia\/wp-content\/uploads\/2017\/10\/IMG_6578.jpg'><img decoding=\"async\" width=\"150\" height=\"100\" src=\"data:image\/png;base64,iVBORw0KGgoAAAANSUhEUgAAAYYAAADcAQMAAABOLJSDAAAAA1BMVEUAAACnej3aAAAAAXRSTlMAQObYZgAAACJJREFUaIHtwTEBAAAAwqD1T20ND6AAAAAAAAAAAAAA4N8AKvgAAUFIrrEAAAAASUVORK5CYII=\" class=\"attachment-thumbnail size-thumbnail lazy-img\" alt=\"\" srcset=\"https:\/\/urbeamea.ro\/albaiulia\/wp-content\/uploads\/2017\/10\/IMG_6578-150x100.jpg 150w, https:\/\/urbeamea.ro\/albaiulia\/wp-content\/uploads\/2017\/10\/IMG_6578-640x426.jpg 640w, https:\/\/urbeamea.ro\/albaiulia\/wp-content\/uploads\/2017\/10\/IMG_6578-768x512.jpg 768w, https:\/\/urbeamea.ro\/albaiulia\/wp-content\/uploads\/2017\/10\/IMG_6578.jpg 800w\" sizes=\"auto, (max-width: 150px) 100vw, 150px\" data-src=\"https:\/\/urbeamea.ro\/albaiulia\/wp-content\/uploads\/2017\/10\/IMG_6578-150x100.jpg\" loading=\"lazy\" \/><\/a>\n\t\t\t<\/div><\/figure><figure class='gallery-item'>\n\t\t\t<div class='gallery-icon landscape'>\n\t\t\t\t<a href='https:\/\/urbeamea.ro\/albaiulia\/wp-content\/uploads\/2017\/10\/IMG_6583.jpg'><img decoding=\"async\" width=\"150\" height=\"100\" src=\"data:image\/png;base64,iVBORw0KGgoAAAANSUhEUgAAAYYAAADcAQMAAABOLJSDAAAAA1BMVEUAAACnej3aAAAAAXRSTlMAQObYZgAAACJJREFUaIHtwTEBAAAAwqD1T20ND6AAAAAAAAAAAAAA4N8AKvgAAUFIrrEAAAAASUVORK5CYII=\" class=\"attachment-thumbnail size-thumbnail lazy-img\" alt=\"\" srcset=\"https:\/\/urbeamea.ro\/albaiulia\/wp-content\/uploads\/2017\/10\/IMG_6583-150x100.jpg 150w, https:\/\/urbeamea.ro\/albaiulia\/wp-content\/uploads\/2017\/10\/IMG_6583-640x426.jpg 640w, https:\/\/urbeamea.ro\/albaiulia\/wp-content\/uploads\/2017\/10\/IMG_6583-768x512.jpg 768w, https:\/\/urbeamea.ro\/albaiulia\/wp-content\/uploads\/2017\/10\/IMG_6583.jpg 800w\" sizes=\"auto, (max-width: 150px) 100vw, 150px\" data-src=\"https:\/\/urbeamea.ro\/albaiulia\/wp-content\/uploads\/2017\/10\/IMG_6583-150x100.jpg\" loading=\"lazy\" \/><\/a>\n\t\t\t<\/div><\/figure>\n\t\t<\/div>\n\n","protected":false},"excerpt":{"rendered":"<p>Elevii Colegiului Na\u0163ional Militar \u201cMihai Viteazul\u201d din Alba Iulia au avut parte, s\u00e2mb\u0103t\u0103, de o lec\u0163ie de istorie ,,predat\u0103\u201d de cel care a tr\u0103it r\u0103zboiul \u015fi prizonieratul. Sublocotenentul (r), veteran de r\u0103zboi Laurean Deac, n\u0103scut \u00een Ohaba, jude\u021bul Alba, i-a \u00eent\u00e2mpinat, la cei 95 de ani, pe cei patru elevi, cu ner\u0103bdare \u0219i mult drag. &hellip;<\/p>\n","protected":false},"author":17,"featured_media":53782,"comment_status":"open","ping_status":"open","sticky":false,"template":"","format":"standard","meta":{"inline_featured_image":false,"footnotes":""},"categories":[2034],"tags":[31,937,315,12681,1423,308,76,7010],"class_list":["post-53778","post","type-post","status-publish","format-standard","has-post-thumbnail","hentry","category-social","tag-alba-iulia","tag-colegiul-national-militar-mihai-viteazul","tag-elevi","tag-laurean-deac","tag-lectie-de-istorie","tag-stiri","tag-urbea-mea","tag-veteran-de-razboi"],"yoast_head":"<!-- This site is optimized with the Yoast SEO plugin v27.4 - https:\/\/yoast.com\/product\/yoast-seo-wordpress\/ -->\n<title>FOTO: Lec\u0163ie de istorie pentru elevii Colegiului Na\u0163ional Militar \u201cMihai Viteazul\u201d din Alba Iulia, ,,predat\u0103\u201d de veteranul de r\u0103zboi, Laurean Deac - Revista Urbea Mea - Revista de Alba<\/title>\n<meta name=\"description\" content=\"Elevii Colegiului Na\u0163ional Militar \u201cMihai Viteazul\u201d din Alba Iulia au avut parte, s\u00e2mb\u0103t\u0103, de o lec\u0163ie de istorie ,,predat\u0103\u201d de cel care a tr\u0103it r\u0103zboiul\" \/>\n<meta name=\"robots\" content=\"index, follow, max-snippet:-1, max-image-preview:large, max-video-preview:-1\" \/>\n<link rel=\"canonical\" href=\"https:\/\/urbeamea.ro\/albaiulia\/foto-lectie-de-istorie-pentru-elevii-colegiului-national-militar-mihai-viteazul-din-alba-iulia-predata-de-veteranul-de-razboi-laurean-deac\/\" \/>\n<meta name=\"twitter:card\" content=\"summary_large_image\" \/>\n<meta name=\"twitter:title\" content=\"FOTO: Lec\u0163ie de istorie pentru elevii Colegiului Na\u0163ional Militar \u201cMihai Viteazul\u201d din Alba Iulia, ,,predat\u0103\u201d de veteranul de r\u0103zboi, Laurean Deac - Revista Urbea Mea - Revista de Alba\" \/>\n<meta name=\"twitter:description\" content=\"Elevii Colegiului Na\u0163ional Militar \u201cMihai Viteazul\u201d din Alba Iulia au avut parte, s\u00e2mb\u0103t\u0103, de o lec\u0163ie de istorie ,,predat\u0103\u201d de cel care a tr\u0103it r\u0103zboiul\" \/>\n<meta name=\"twitter:image\" content=\"https:\/\/urbeamea.ro\/albaiulia\/wp-content\/uploads\/2017\/10\/IMG_6578.jpg\" \/>\n<meta name=\"twitter:creator\" content=\"@urbeameaweb\" \/>\n<meta name=\"twitter:site\" content=\"@urbeameaweb\" \/>\n<script type=\"application\/ld+json\" class=\"yoast-schema-graph\">{\"@context\":\"https:\\\/\\\/schema.org\",\"@graph\":[{\"@type\":\"Article\",\"@id\":\"https:\\\/\\\/urbeamea.ro\\\/albaiulia\\\/foto-lectie-de-istorie-pentru-elevii-colegiului-national-militar-mihai-viteazul-din-alba-iulia-predata-de-veteranul-de-razboi-laurean-deac\\\/#article\",\"isPartOf\":{\"@id\":\"https:\\\/\\\/urbeamea.ro\\\/albaiulia\\\/foto-lectie-de-istorie-pentru-elevii-colegiului-national-militar-mihai-viteazul-din-alba-iulia-predata-de-veteranul-de-razboi-laurean-deac\\\/\"},\"author\":{\"name\":\"Cristina Ganga\",\"@id\":\"https:\\\/\\\/urbeamea.ro\\\/albaiulia\\\/#\\\/schema\\\/person\\\/9700d21fae21c4f038b0b56f4506264a\"},\"headline\":\"FOTO: Lec\u0163ie de istorie pentru elevii Colegiului Na\u0163ional Militar \u201cMihai Viteazul\u201d din Alba Iulia, ,,predat\u0103\u201d de veteranul de r\u0103zboi, Laurean Deac\",\"datePublished\":\"2017-10-09T11:04:58+00:00\",\"mainEntityOfPage\":{\"@id\":\"https:\\\/\\\/urbeamea.ro\\\/albaiulia\\\/foto-lectie-de-istorie-pentru-elevii-colegiului-national-militar-mihai-viteazul-din-alba-iulia-predata-de-veteranul-de-razboi-laurean-deac\\\/\"},\"wordCount\":372,\"commentCount\":0,\"image\":{\"@id\":\"https:\\\/\\\/urbeamea.ro\\\/albaiulia\\\/foto-lectie-de-istorie-pentru-elevii-colegiului-national-militar-mihai-viteazul-din-alba-iulia-predata-de-veteranul-de-razboi-laurean-deac\\\/#primaryimage\"},\"thumbnailUrl\":\"https:\\\/\\\/urbeamea.ro\\\/albaiulia\\\/wp-content\\\/uploads\\\/2017\\\/10\\\/IMG_6578.jpg\",\"keywords\":[\"Alba Iulia\",\"colegiul national militar mihai viteazul\",\"elevi\",\"Laurean Deac\",\"lectie de istorie\",\"stiri\",\"Urbea Mea\",\"veteran de razboi\"],\"articleSection\":[\"Social\"],\"inLanguage\":\"ro-RO\",\"potentialAction\":[{\"@type\":\"CommentAction\",\"name\":\"Comment\",\"target\":[\"https:\\\/\\\/urbeamea.ro\\\/albaiulia\\\/foto-lectie-de-istorie-pentru-elevii-colegiului-national-militar-mihai-viteazul-din-alba-iulia-predata-de-veteranul-de-razboi-laurean-deac\\\/#respond\"]}]},{\"@type\":\"WebPage\",\"@id\":\"https:\\\/\\\/urbeamea.ro\\\/albaiulia\\\/foto-lectie-de-istorie-pentru-elevii-colegiului-national-militar-mihai-viteazul-din-alba-iulia-predata-de-veteranul-de-razboi-laurean-deac\\\/\",\"url\":\"https:\\\/\\\/urbeamea.ro\\\/albaiulia\\\/foto-lectie-de-istorie-pentru-elevii-colegiului-national-militar-mihai-viteazul-din-alba-iulia-predata-de-veteranul-de-razboi-laurean-deac\\\/\",\"name\":\"FOTO: Lec\u0163ie de istorie pentru elevii Colegiului Na\u0163ional Militar \u201cMihai Viteazul\u201d din Alba Iulia, ,,predat\u0103\u201d de veteranul de r\u0103zboi, Laurean Deac - Revista Urbea Mea - Revista de Alba\",\"isPartOf\":{\"@id\":\"https:\\\/\\\/urbeamea.ro\\\/albaiulia\\\/#website\"},\"primaryImageOfPage\":{\"@id\":\"https:\\\/\\\/urbeamea.ro\\\/albaiulia\\\/foto-lectie-de-istorie-pentru-elevii-colegiului-national-militar-mihai-viteazul-din-alba-iulia-predata-de-veteranul-de-razboi-laurean-deac\\\/#primaryimage\"},\"image\":{\"@id\":\"https:\\\/\\\/urbeamea.ro\\\/albaiulia\\\/foto-lectie-de-istorie-pentru-elevii-colegiului-national-militar-mihai-viteazul-din-alba-iulia-predata-de-veteranul-de-razboi-laurean-deac\\\/#primaryimage\"},\"thumbnailUrl\":\"https:\\\/\\\/urbeamea.ro\\\/albaiulia\\\/wp-content\\\/uploads\\\/2017\\\/10\\\/IMG_6578.jpg\",\"datePublished\":\"2017-10-09T11:04:58+00:00\",\"author\":{\"@id\":\"https:\\\/\\\/urbeamea.ro\\\/albaiulia\\\/#\\\/schema\\\/person\\\/9700d21fae21c4f038b0b56f4506264a\"},\"description\":\"Elevii Colegiului Na\u0163ional Militar \u201cMihai Viteazul\u201d din Alba Iulia au avut parte, s\u00e2mb\u0103t\u0103, de o lec\u0163ie de istorie ,,predat\u0103\u201d de cel care a tr\u0103it r\u0103zboiul\",\"breadcrumb\":{\"@id\":\"https:\\\/\\\/urbeamea.ro\\\/albaiulia\\\/foto-lectie-de-istorie-pentru-elevii-colegiului-national-militar-mihai-viteazul-din-alba-iulia-predata-de-veteranul-de-razboi-laurean-deac\\\/#breadcrumb\"},\"inLanguage\":\"ro-RO\",\"potentialAction\":[{\"@type\":\"ReadAction\",\"target\":[\"https:\\\/\\\/urbeamea.ro\\\/albaiulia\\\/foto-lectie-de-istorie-pentru-elevii-colegiului-national-militar-mihai-viteazul-din-alba-iulia-predata-de-veteranul-de-razboi-laurean-deac\\\/\"]}]},{\"@type\":\"ImageObject\",\"inLanguage\":\"ro-RO\",\"@id\":\"https:\\\/\\\/urbeamea.ro\\\/albaiulia\\\/foto-lectie-de-istorie-pentru-elevii-colegiului-national-militar-mihai-viteazul-din-alba-iulia-predata-de-veteranul-de-razboi-laurean-deac\\\/#primaryimage\",\"url\":\"https:\\\/\\\/urbeamea.ro\\\/albaiulia\\\/wp-content\\\/uploads\\\/2017\\\/10\\\/IMG_6578.jpg\",\"contentUrl\":\"https:\\\/\\\/urbeamea.ro\\\/albaiulia\\\/wp-content\\\/uploads\\\/2017\\\/10\\\/IMG_6578.jpg\",\"width\":800,\"height\":533},{\"@type\":\"BreadcrumbList\",\"@id\":\"https:\\\/\\\/urbeamea.ro\\\/albaiulia\\\/foto-lectie-de-istorie-pentru-elevii-colegiului-national-militar-mihai-viteazul-din-alba-iulia-predata-de-veteranul-de-razboi-laurean-deac\\\/#breadcrumb\",\"itemListElement\":[{\"@type\":\"ListItem\",\"position\":1,\"name\":\"Prima pagin\u0103\",\"item\":\"https:\\\/\\\/urbeamea.ro\\\/albaiulia\\\/\"},{\"@type\":\"ListItem\",\"position\":2,\"name\":\"FOTO: Lec\u0163ie de istorie pentru elevii Colegiului Na\u0163ional Militar \u201cMihai Viteazul\u201d din Alba Iulia, ,,predat\u0103\u201d de veteranul de r\u0103zboi, Laurean Deac\"}]},{\"@type\":\"WebSite\",\"@id\":\"https:\\\/\\\/urbeamea.ro\\\/albaiulia\\\/#website\",\"url\":\"https:\\\/\\\/urbeamea.ro\\\/albaiulia\\\/\",\"name\":\"Revista Urbea Mea, Stiri urbane\",\"description\":\"Evenimente \u0219i \u0219tiri din Alba Iulia, Sebe\u0219, Aiud, Blaj\",\"potentialAction\":[{\"@type\":\"SearchAction\",\"target\":{\"@type\":\"EntryPoint\",\"urlTemplate\":\"https:\\\/\\\/urbeamea.ro\\\/albaiulia\\\/?s={search_term_string}\"},\"query-input\":{\"@type\":\"PropertyValueSpecification\",\"valueRequired\":true,\"valueName\":\"search_term_string\"}}],\"inLanguage\":\"ro-RO\"},{\"@type\":\"Person\",\"@id\":\"https:\\\/\\\/urbeamea.ro\\\/albaiulia\\\/#\\\/schema\\\/person\\\/9700d21fae21c4f038b0b56f4506264a\",\"name\":\"Cristina Ganga\",\"image\":{\"@type\":\"ImageObject\",\"inLanguage\":\"ro-RO\",\"@id\":\"https:\\\/\\\/secure.gravatar.com\\\/avatar\\\/5a67661041f057b4a8ccaf26f5a8e86e2689372006d01faf3dd9eeb10b654bb4?s=96&d=mm&r=g\",\"url\":\"https:\\\/\\\/secure.gravatar.com\\\/avatar\\\/5a67661041f057b4a8ccaf26f5a8e86e2689372006d01faf3dd9eeb10b654bb4?s=96&d=mm&r=g\",\"contentUrl\":\"https:\\\/\\\/secure.gravatar.com\\\/avatar\\\/5a67661041f057b4a8ccaf26f5a8e86e2689372006d01faf3dd9eeb10b654bb4?s=96&d=mm&r=g\",\"caption\":\"Cristina Ganga\"},\"description\":\"Jurnalist\",\"sameAs\":[\"https:\\\/\\\/www.facebook.com\\\/cristina.nicola.587\"],\"url\":\"https:\\\/\\\/urbeamea.ro\\\/albaiulia\\\/author\\\/cristina-nicola\\\/\"}]}<\/script>\n<!-- \/ Yoast SEO plugin. -->","yoast_head_json":{"title":"FOTO: Lec\u0163ie de istorie pentru elevii Colegiului Na\u0163ional Militar \u201cMihai Viteazul\u201d din Alba Iulia, ,,predat\u0103\u201d de veteranul de r\u0103zboi, Laurean Deac - Revista Urbea Mea - Revista de Alba","description":"Elevii Colegiului Na\u0163ional Militar \u201cMihai Viteazul\u201d din Alba Iulia au avut parte, s\u00e2mb\u0103t\u0103, de o lec\u0163ie de istorie ,,predat\u0103\u201d de cel care a tr\u0103it r\u0103zboiul","robots":{"index":"index","follow":"follow","max-snippet":"max-snippet:-1","max-image-preview":"max-image-preview:large","max-video-preview":"max-video-preview:-1"},"canonical":"https:\/\/urbeamea.ro\/albaiulia\/foto-lectie-de-istorie-pentru-elevii-colegiului-national-militar-mihai-viteazul-din-alba-iulia-predata-de-veteranul-de-razboi-laurean-deac\/","twitter_card":"summary_large_image","twitter_title":"FOTO: Lec\u0163ie de istorie pentru elevii Colegiului Na\u0163ional Militar \u201cMihai Viteazul\u201d din Alba Iulia, ,,predat\u0103\u201d de veteranul de r\u0103zboi, Laurean Deac - Revista Urbea Mea - Revista de Alba","twitter_description":"Elevii Colegiului Na\u0163ional Militar \u201cMihai Viteazul\u201d din Alba Iulia au avut parte, s\u00e2mb\u0103t\u0103, de o lec\u0163ie de istorie ,,predat\u0103\u201d de cel care a tr\u0103it r\u0103zboiul","twitter_image":"https:\/\/urbeamea.ro\/albaiulia\/wp-content\/uploads\/2017\/10\/IMG_6578.jpg","twitter_creator":"@urbeameaweb","twitter_site":"@urbeameaweb","schema":{"@context":"https:\/\/schema.org","@graph":[{"@type":"Article","@id":"https:\/\/urbeamea.ro\/albaiulia\/foto-lectie-de-istorie-pentru-elevii-colegiului-national-militar-mihai-viteazul-din-alba-iulia-predata-de-veteranul-de-razboi-laurean-deac\/#article","isPartOf":{"@id":"https:\/\/urbeamea.ro\/albaiulia\/foto-lectie-de-istorie-pentru-elevii-colegiului-national-militar-mihai-viteazul-din-alba-iulia-predata-de-veteranul-de-razboi-laurean-deac\/"},"author":{"name":"Cristina Ganga","@id":"https:\/\/urbeamea.ro\/albaiulia\/#\/schema\/person\/9700d21fae21c4f038b0b56f4506264a"},"headline":"FOTO: Lec\u0163ie de istorie pentru elevii Colegiului Na\u0163ional Militar \u201cMihai Viteazul\u201d din Alba Iulia, ,,predat\u0103\u201d de veteranul de r\u0103zboi, Laurean Deac","datePublished":"2017-10-09T11:04:58+00:00","mainEntityOfPage":{"@id":"https:\/\/urbeamea.ro\/albaiulia\/foto-lectie-de-istorie-pentru-elevii-colegiului-national-militar-mihai-viteazul-din-alba-iulia-predata-de-veteranul-de-razboi-laurean-deac\/"},"wordCount":372,"commentCount":0,"image":{"@id":"https:\/\/urbeamea.ro\/albaiulia\/foto-lectie-de-istorie-pentru-elevii-colegiului-national-militar-mihai-viteazul-din-alba-iulia-predata-de-veteranul-de-razboi-laurean-deac\/#primaryimage"},"thumbnailUrl":"https:\/\/urbeamea.ro\/albaiulia\/wp-content\/uploads\/2017\/10\/IMG_6578.jpg","keywords":["Alba Iulia","colegiul national militar mihai viteazul","elevi","Laurean Deac","lectie de istorie","stiri","Urbea Mea","veteran de razboi"],"articleSection":["Social"],"inLanguage":"ro-RO","potentialAction":[{"@type":"CommentAction","name":"Comment","target":["https:\/\/urbeamea.ro\/albaiulia\/foto-lectie-de-istorie-pentru-elevii-colegiului-national-militar-mihai-viteazul-din-alba-iulia-predata-de-veteranul-de-razboi-laurean-deac\/#respond"]}]},{"@type":"WebPage","@id":"https:\/\/urbeamea.ro\/albaiulia\/foto-lectie-de-istorie-pentru-elevii-colegiului-national-militar-mihai-viteazul-din-alba-iulia-predata-de-veteranul-de-razboi-laurean-deac\/","url":"https:\/\/urbeamea.ro\/albaiulia\/foto-lectie-de-istorie-pentru-elevii-colegiului-national-militar-mihai-viteazul-din-alba-iulia-predata-de-veteranul-de-razboi-laurean-deac\/","name":"FOTO: Lec\u0163ie de istorie pentru elevii Colegiului Na\u0163ional Militar \u201cMihai Viteazul\u201d din Alba Iulia, ,,predat\u0103\u201d de veteranul de r\u0103zboi, Laurean Deac - Revista Urbea Mea - Revista de Alba","isPartOf":{"@id":"https:\/\/urbeamea.ro\/albaiulia\/#website"},"primaryImageOfPage":{"@id":"https:\/\/urbeamea.ro\/albaiulia\/foto-lectie-de-istorie-pentru-elevii-colegiului-national-militar-mihai-viteazul-din-alba-iulia-predata-de-veteranul-de-razboi-laurean-deac\/#primaryimage"},"image":{"@id":"https:\/\/urbeamea.ro\/albaiulia\/foto-lectie-de-istorie-pentru-elevii-colegiului-national-militar-mihai-viteazul-din-alba-iulia-predata-de-veteranul-de-razboi-laurean-deac\/#primaryimage"},"thumbnailUrl":"https:\/\/urbeamea.ro\/albaiulia\/wp-content\/uploads\/2017\/10\/IMG_6578.jpg","datePublished":"2017-10-09T11:04:58+00:00","author":{"@id":"https:\/\/urbeamea.ro\/albaiulia\/#\/schema\/person\/9700d21fae21c4f038b0b56f4506264a"},"description":"Elevii Colegiului Na\u0163ional Militar \u201cMihai Viteazul\u201d din Alba Iulia au avut parte, s\u00e2mb\u0103t\u0103, de o lec\u0163ie de istorie ,,predat\u0103\u201d de cel care a tr\u0103it r\u0103zboiul","breadcrumb":{"@id":"https:\/\/urbeamea.ro\/albaiulia\/foto-lectie-de-istorie-pentru-elevii-colegiului-national-militar-mihai-viteazul-din-alba-iulia-predata-de-veteranul-de-razboi-laurean-deac\/#breadcrumb"},"inLanguage":"ro-RO","potentialAction":[{"@type":"ReadAction","target":["https:\/\/urbeamea.ro\/albaiulia\/foto-lectie-de-istorie-pentru-elevii-colegiului-national-militar-mihai-viteazul-din-alba-iulia-predata-de-veteranul-de-razboi-laurean-deac\/"]}]},{"@type":"ImageObject","inLanguage":"ro-RO","@id":"https:\/\/urbeamea.ro\/albaiulia\/foto-lectie-de-istorie-pentru-elevii-colegiului-national-militar-mihai-viteazul-din-alba-iulia-predata-de-veteranul-de-razboi-laurean-deac\/#primaryimage","url":"https:\/\/urbeamea.ro\/albaiulia\/wp-content\/uploads\/2017\/10\/IMG_6578.jpg","contentUrl":"https:\/\/urbeamea.ro\/albaiulia\/wp-content\/uploads\/2017\/10\/IMG_6578.jpg","width":800,"height":533},{"@type":"BreadcrumbList","@id":"https:\/\/urbeamea.ro\/albaiulia\/foto-lectie-de-istorie-pentru-elevii-colegiului-national-militar-mihai-viteazul-din-alba-iulia-predata-de-veteranul-de-razboi-laurean-deac\/#breadcrumb","itemListElement":[{"@type":"ListItem","position":1,"name":"Prima pagin\u0103","item":"https:\/\/urbeamea.ro\/albaiulia\/"},{"@type":"ListItem","position":2,"name":"FOTO: Lec\u0163ie de istorie pentru elevii Colegiului Na\u0163ional Militar \u201cMihai Viteazul\u201d din Alba Iulia, ,,predat\u0103\u201d de veteranul de r\u0103zboi, Laurean Deac"}]},{"@type":"WebSite","@id":"https:\/\/urbeamea.ro\/albaiulia\/#website","url":"https:\/\/urbeamea.ro\/albaiulia\/","name":"Revista Urbea Mea, Stiri urbane","description":"Evenimente \u0219i \u0219tiri din Alba Iulia, Sebe\u0219, Aiud, Blaj","potentialAction":[{"@type":"SearchAction","target":{"@type":"EntryPoint","urlTemplate":"https:\/\/urbeamea.ro\/albaiulia\/?s={search_term_string}"},"query-input":{"@type":"PropertyValueSpecification","valueRequired":true,"valueName":"search_term_string"}}],"inLanguage":"ro-RO"},{"@type":"Person","@id":"https:\/\/urbeamea.ro\/albaiulia\/#\/schema\/person\/9700d21fae21c4f038b0b56f4506264a","name":"Cristina Ganga","image":{"@type":"ImageObject","inLanguage":"ro-RO","@id":"https:\/\/secure.gravatar.com\/avatar\/5a67661041f057b4a8ccaf26f5a8e86e2689372006d01faf3dd9eeb10b654bb4?s=96&d=mm&r=g","url":"https:\/\/secure.gravatar.com\/avatar\/5a67661041f057b4a8ccaf26f5a8e86e2689372006d01faf3dd9eeb10b654bb4?s=96&d=mm&r=g","contentUrl":"https:\/\/secure.gravatar.com\/avatar\/5a67661041f057b4a8ccaf26f5a8e86e2689372006d01faf3dd9eeb10b654bb4?s=96&d=mm&r=g","caption":"Cristina Ganga"},"description":"Jurnalist","sameAs":["https:\/\/www.facebook.com\/cristina.nicola.587"],"url":"https:\/\/urbeamea.ro\/albaiulia\/author\/cristina-nicola\/"}]}},"_links":{"self":[{"href":"https:\/\/urbeamea.ro\/albaiulia\/wp-json\/wp\/v2\/posts\/53778","targetHints":{"allow":["GET"]}}],"collection":[{"href":"https:\/\/urbeamea.ro\/albaiulia\/wp-json\/wp\/v2\/posts"}],"about":[{"href":"https:\/\/urbeamea.ro\/albaiulia\/wp-json\/wp\/v2\/types\/post"}],"author":[{"embeddable":true,"href":"https:\/\/urbeamea.ro\/albaiulia\/wp-json\/wp\/v2\/users\/17"}],"replies":[{"embeddable":true,"href":"https:\/\/urbeamea.ro\/albaiulia\/wp-json\/wp\/v2\/comments?post=53778"}],"version-history":[{"count":0,"href":"https:\/\/urbeamea.ro\/albaiulia\/wp-json\/wp\/v2\/posts\/53778\/revisions"}],"wp:featuredmedia":[{"embeddable":true,"href":"https:\/\/urbeamea.ro\/albaiulia\/wp-json\/wp\/v2\/media\/53782"}],"wp:attachment":[{"href":"https:\/\/urbeamea.ro\/albaiulia\/wp-json\/wp\/v2\/media?parent=53778"}],"wp:term":[{"taxonomy":"category","embeddable":true,"href":"https:\/\/urbeamea.ro\/albaiulia\/wp-json\/wp\/v2\/categories?post=53778"},{"taxonomy":"post_tag","embeddable":true,"href":"https:\/\/urbeamea.ro\/albaiulia\/wp-json\/wp\/v2\/tags?post=53778"}],"curies":[{"name":"wp","href":"https:\/\/api.w.org\/{rel}","templated":true}]}}