{"id":53785,"date":"2017-10-09T14:10:54","date_gmt":"2017-10-09T11:10:54","guid":{"rendered":"https:\/\/urbeamea.ro\/albaiulia\/?p=53785"},"modified":"2017-10-09T14:10:54","modified_gmt":"2017-10-09T11:10:54","slug":"ajofm-alba-anunta-ca-somerii-si-absolventii-care-se-angajeaza-isi-pot-completa-veniturile-salariale","status":"publish","type":"post","link":"https:\/\/urbeamea.ro\/albaiulia\/ajofm-alba-anunta-ca-somerii-si-absolventii-care-se-angajeaza-isi-pot-completa-veniturile-salariale\/","title":{"rendered":"AJOFM Alba anun\u0163\u0103 c\u0103 \u015fomerii \u015fi absolven\u0163ii care se angajeaz\u0103 \u00ee\u015fi pot completa veniturile salariale"},"content":{"rendered":"<p><strong>Persoanele care se angajeaz\u0103 pentru program normal de lucru \u00een perioada \u00een care primesc indemniza\u0163ia de \u015fomaj beneficiaz\u0103, din momentul angaj\u0103rii \u015fi p\u00e2n\u0103 la sf\u00e2r\u015fitul perioadei pentru care erau \u00eendrept\u0103\u0163ite s\u0103 fie indemnizate, de o sum\u0103 lunar\u0103, neimpozabil\u0103, reprezent\u00e2nd 30% din indemniza\u0163ia de \u015fomaj, transmite AJOFM Alba.<\/strong><\/p>\n<p>Nu beneficiaz\u0103 de aceste prevederi persoanele care se \u00eencadreaz\u0103 la angajatori cu care au fost \u00een raporturi de munc\u0103 sau de serviciu \u00een ultimii 2 ani, precum \u015fi persoanele pentru care plata indemniza\u0163iei de \u015fomaj a fost suspendat\u0103, iar ulterior, ca urmare a schimb\u0103rii duratei contractului individual de munc\u0103, plata indemniza\u0163iei de \u015fomaj \u00eenceteaz\u0103.<\/p>\n<p>Absolven\u0163ii institu\u0163iilor de \u00eenv\u0103\u0163\u0103m\u00e2nt \u015fi absolven\u0163ii \u015fcolilor speciale, \u00een v\u00e2rst\u0103 de minimum 16 ani, \u00eenregistra\u0163i la agen\u0163iile pentru ocuparea for\u0163ei de munc\u0103, \u00een situa\u0163ia \u00een care se angajeaz\u0103 cu norm\u0103 \u00eentreag\u0103, pentru o perioad\u0103 mai mare de 12 luni, beneficiaz\u0103, din bugetul asigur\u0103rilor pentru \u015fomaj, de o prim\u0103 de \u00eencadrare egal\u0103 cu valoarea indicatorului social de referin\u0163\u0103 \u00een vigoare la data \u00eencadr\u0103rii, respectiv 500 lei.<\/p>\n<p>Absolven\u0163ii c\u0103rora li s-a stabilit dreptul la indemniza\u0163ie de \u015fomaj \u015fi se angajeaz\u0103 \u00een perioada de acordare a indemniza\u0163iei, beneficiaz\u0103, din bugetul asigur\u0103rilor pentru \u015fomaj, de o sum\u0103 egal\u0103 cu indemniza\u0163ia de \u015fomaj la care ar fi avut dreptul, \u00een condi\u0163iile legii, p\u00e2n\u0103 la expirarea perioadei de acordare a acesteia, dac\u0103 nu s-ar fi angajat.<\/p>\n<p>Aceste drepturi se acord\u0103 absolven\u0163ilor care \u00ee\u015fi men\u0163in raporturile de munc\u0103 sau de serviciu pentru o perioad\u0103 de cel pu\u0163in 12 luni de la data angaj\u0103rii.<\/p>\n<p>\u015eomerii \u00eenregistra\u0163i la agen\u0163iile pentru ocuparea for\u0163ei de munc\u0103 care nu beneficiaz\u0103 de indemniza\u0163ie de \u015fomaj, \u00een situa\u0163ia \u00een care se angajeaz\u0103 cu norm\u0103 \u00eentreag\u0103, pentru o perioad\u0103 mai mare de 3 luni, ulterior datei \u00eenregistr\u0103rii la agen\u0163iile pentru ocuparea for\u0163ei de munc\u0103, beneficiaz\u0103 de o prim\u0103 de activare \u00een valoare de 500 lei, neimpozabil\u0103.<\/p>\n<p>Nu beneficiaz\u0103 de aceste prevederi persoanele care se \u00eencadreaz\u0103 la angajatori cu care au fost \u00een raporturi de munc\u0103 sau de serviciu \u00een ultimele 12 luni.<\/p>\n<p>\u0218omer \u00eenregistrat este persoana care \u00eendepline\u015fte cumulativ urm\u0103toarele condi\u0163ii:<\/p>\n<ul>\n<li>este \u00een c\u0103utarea unui loc de munc\u0103 de la v\u00e2rsta de minimum 16 ani \u015fi p\u00e2n\u0103 la \u00eendeplinirea condi\u0163iilor de pensionare;<\/li>\n<li>starea de s\u0103n\u0103tate \u015fi capacit\u0103\u0163ile fizice \u015fi psihice o fac apt\u0103 pentru prestarea unei munci;<\/li>\n<li>nu are loc de munc\u0103, nu realizeaz\u0103 venituri sau realizeaz\u0103, din activit\u0103\u0163i autorizate potrivit legii, venituri mai mici dec\u00e2t valoarea indicatorului social de referin\u0163\u0103 al asigur\u0103rilor pentru \u015fomaj \u015fi stimul\u0103rii ocup\u0103rii for\u0163ei de munc\u0103 (500 lei), \u00een vigoare;<\/li>\n<li>este disponibil\u0103 s\u0103 \u00eenceap\u0103 lucrul \u00een perioada imediat urm\u0103toare, dac\u0103 s-ar g\u0103si un loc de munc\u0103 \u015fi se \u00eenregistreaz\u0103 la agen\u0163ia pentru ocuparea for\u0163ei de munc\u0103 \u00een a c\u0103rei raz\u0103 teritorial\u0103 \u00ee\u015fi are domiciliul sau, dup\u0103 caz, re\u015fedin\u0163a ori la alt furnizor de servicii de ocupare, care func\u0163ioneaz\u0103 \u00een condi\u0163iile prev\u0103zute de lege, \u00een vederea ob\u0163inerii unui loc de munc\u0103.<\/li>\n<\/ul>\n<p>Pentru informa\u0163ii suplimentare, persoanele interesate se pot adresa la sediul Agen\u0163iei Jude\u0163ene pentru Ocuparea For\u0163ei de Munc\u0103 Alba, la telefon 0258\/811470; 0258\/831137 sau e-mail: ajofm@ab.anofm.ro<\/p>\n","protected":false},"excerpt":{"rendered":"<p>Persoanele care se angajeaz\u0103 pentru program normal de lucru \u00een perioada \u00een care primesc indemniza\u0163ia de \u015fomaj beneficiaz\u0103, din momentul angaj\u0103rii \u015fi p\u00e2n\u0103 la sf\u00e2r\u015fitul perioadei pentru care erau \u00eendrept\u0103\u0163ite s\u0103 fie indemnizate, de o sum\u0103 lunar\u0103, neimpozabil\u0103, reprezent\u00e2nd 30% din indemniza\u0163ia de \u015fomaj, transmite AJOFM Alba. Nu beneficiaz\u0103 de aceste prevederi persoanele care se &hellip;<\/p>\n","protected":false},"author":17,"featured_media":4248,"comment_status":"open","ping_status":"open","sticky":false,"template":"","format":"standard","meta":{"inline_featured_image":false,"footnotes":""},"categories":[2034],"tags":[386,7011,12683,6195,308,76,1852,12682],"class_list":["post-53785","post","type-post","status-publish","format-standard","has-post-thumbnail","hentry","category-social","tag-absolventi","tag-ajofm-alba","tag-indemnizatii","tag-someri","tag-stiri","tag-urbea-mea","tag-venituri","tag-venituri-salariale"],"yoast_head":"<!-- This site is optimized with the Yoast SEO plugin v27.4 - https:\/\/yoast.com\/product\/yoast-seo-wordpress\/ -->\n<title>AJOFM Alba anun\u0163\u0103 c\u0103 \u015fomerii \u015fi absolven\u0163ii care se angajeaz\u0103 \u00ee\u015fi pot completa veniturile salariale - Revista Urbea Mea - Revista de Alba<\/title>\n<meta name=\"description\" content=\"Persoanele care se angajeaz\u0103 pentru program normal de lucru \u00een perioada \u00een care primesc indemniza\u0163ia de \u015fomaj beneficiaz\u0103, din momentul angaj\u0103rii \u015fi p\u00e2n\u0103\" \/>\n<meta name=\"robots\" content=\"index, follow, max-snippet:-1, max-image-preview:large, max-video-preview:-1\" \/>\n<link rel=\"canonical\" href=\"https:\/\/urbeamea.ro\/albaiulia\/ajofm-alba-anunta-ca-somerii-si-absolventii-care-se-angajeaza-isi-pot-completa-veniturile-salariale\/\" \/>\n<meta name=\"twitter:card\" content=\"summary_large_image\" \/>\n<meta name=\"twitter:title\" content=\"AJOFM Alba anun\u0163\u0103 c\u0103 \u015fomerii \u015fi absolven\u0163ii care se angajeaz\u0103 \u00ee\u015fi pot completa veniturile salariale - Revista Urbea Mea - Revista de Alba\" \/>\n<meta name=\"twitter:description\" content=\"Persoanele care se angajeaz\u0103 pentru program normal de lucru \u00een perioada \u00een care primesc indemniza\u0163ia de \u015fomaj beneficiaz\u0103, din momentul angaj\u0103rii \u015fi p\u00e2n\u0103\" \/>\n<meta name=\"twitter:image\" content=\"https:\/\/urbeamea.ro\/albaiulia\/wp-content\/uploads\/2015\/05\/sediul-AJOFM-ALBA.jpg\" \/>\n<meta name=\"twitter:creator\" content=\"@urbeameaweb\" \/>\n<meta name=\"twitter:site\" content=\"@urbeameaweb\" \/>\n<script type=\"application\/ld+json\" class=\"yoast-schema-graph\">{\"@context\":\"https:\\\/\\\/schema.org\",\"@graph\":[{\"@type\":\"Article\",\"@id\":\"https:\\\/\\\/urbeamea.ro\\\/albaiulia\\\/ajofm-alba-anunta-ca-somerii-si-absolventii-care-se-angajeaza-isi-pot-completa-veniturile-salariale\\\/#article\",\"isPartOf\":{\"@id\":\"https:\\\/\\\/urbeamea.ro\\\/albaiulia\\\/ajofm-alba-anunta-ca-somerii-si-absolventii-care-se-angajeaza-isi-pot-completa-veniturile-salariale\\\/\"},\"author\":{\"name\":\"Cristina Ganga\",\"@id\":\"https:\\\/\\\/urbeamea.ro\\\/albaiulia\\\/#\\\/schema\\\/person\\\/9700d21fae21c4f038b0b56f4506264a\"},\"headline\":\"AJOFM Alba anun\u0163\u0103 c\u0103 \u015fomerii \u015fi absolven\u0163ii care se angajeaz\u0103 \u00ee\u015fi pot completa veniturile salariale\",\"datePublished\":\"2017-10-09T11:10:54+00:00\",\"mainEntityOfPage\":{\"@id\":\"https:\\\/\\\/urbeamea.ro\\\/albaiulia\\\/ajofm-alba-anunta-ca-somerii-si-absolventii-care-se-angajeaza-isi-pot-completa-veniturile-salariale\\\/\"},\"wordCount\":576,\"commentCount\":0,\"image\":{\"@id\":\"https:\\\/\\\/urbeamea.ro\\\/albaiulia\\\/ajofm-alba-anunta-ca-somerii-si-absolventii-care-se-angajeaza-isi-pot-completa-veniturile-salariale\\\/#primaryimage\"},\"thumbnailUrl\":\"https:\\\/\\\/urbeamea.ro\\\/albaiulia\\\/wp-content\\\/uploads\\\/2015\\\/05\\\/sediul-AJOFM-ALBA.jpg\",\"keywords\":[\"absolventi\",\"ajofm alba\",\"indemnizatii\",\"someri\",\"stiri\",\"Urbea Mea\",\"venituri\",\"venituri salariale\"],\"articleSection\":[\"Social\"],\"inLanguage\":\"ro-RO\",\"potentialAction\":[{\"@type\":\"CommentAction\",\"name\":\"Comment\",\"target\":[\"https:\\\/\\\/urbeamea.ro\\\/albaiulia\\\/ajofm-alba-anunta-ca-somerii-si-absolventii-care-se-angajeaza-isi-pot-completa-veniturile-salariale\\\/#respond\"]}]},{\"@type\":\"WebPage\",\"@id\":\"https:\\\/\\\/urbeamea.ro\\\/albaiulia\\\/ajofm-alba-anunta-ca-somerii-si-absolventii-care-se-angajeaza-isi-pot-completa-veniturile-salariale\\\/\",\"url\":\"https:\\\/\\\/urbeamea.ro\\\/albaiulia\\\/ajofm-alba-anunta-ca-somerii-si-absolventii-care-se-angajeaza-isi-pot-completa-veniturile-salariale\\\/\",\"name\":\"AJOFM Alba anun\u0163\u0103 c\u0103 \u015fomerii \u015fi absolven\u0163ii care se angajeaz\u0103 \u00ee\u015fi pot completa veniturile salariale - Revista Urbea Mea - Revista de Alba\",\"isPartOf\":{\"@id\":\"https:\\\/\\\/urbeamea.ro\\\/albaiulia\\\/#website\"},\"primaryImageOfPage\":{\"@id\":\"https:\\\/\\\/urbeamea.ro\\\/albaiulia\\\/ajofm-alba-anunta-ca-somerii-si-absolventii-care-se-angajeaza-isi-pot-completa-veniturile-salariale\\\/#primaryimage\"},\"image\":{\"@id\":\"https:\\\/\\\/urbeamea.ro\\\/albaiulia\\\/ajofm-alba-anunta-ca-somerii-si-absolventii-care-se-angajeaza-isi-pot-completa-veniturile-salariale\\\/#primaryimage\"},\"thumbnailUrl\":\"https:\\\/\\\/urbeamea.ro\\\/albaiulia\\\/wp-content\\\/uploads\\\/2015\\\/05\\\/sediul-AJOFM-ALBA.jpg\",\"datePublished\":\"2017-10-09T11:10:54+00:00\",\"author\":{\"@id\":\"https:\\\/\\\/urbeamea.ro\\\/albaiulia\\\/#\\\/schema\\\/person\\\/9700d21fae21c4f038b0b56f4506264a\"},\"description\":\"Persoanele care se angajeaz\u0103 pentru program normal de lucru \u00een perioada \u00een care primesc indemniza\u0163ia de \u015fomaj beneficiaz\u0103, din momentul angaj\u0103rii \u015fi p\u00e2n\u0103\",\"breadcrumb\":{\"@id\":\"https:\\\/\\\/urbeamea.ro\\\/albaiulia\\\/ajofm-alba-anunta-ca-somerii-si-absolventii-care-se-angajeaza-isi-pot-completa-veniturile-salariale\\\/#breadcrumb\"},\"inLanguage\":\"ro-RO\",\"potentialAction\":[{\"@type\":\"ReadAction\",\"target\":[\"https:\\\/\\\/urbeamea.ro\\\/albaiulia\\\/ajofm-alba-anunta-ca-somerii-si-absolventii-care-se-angajeaza-isi-pot-completa-veniturile-salariale\\\/\"]}]},{\"@type\":\"ImageObject\",\"inLanguage\":\"ro-RO\",\"@id\":\"https:\\\/\\\/urbeamea.ro\\\/albaiulia\\\/ajofm-alba-anunta-ca-somerii-si-absolventii-care-se-angajeaza-isi-pot-completa-veniturile-salariale\\\/#primaryimage\",\"url\":\"https:\\\/\\\/urbeamea.ro\\\/albaiulia\\\/wp-content\\\/uploads\\\/2015\\\/05\\\/sediul-AJOFM-ALBA.jpg\",\"contentUrl\":\"https:\\\/\\\/urbeamea.ro\\\/albaiulia\\\/wp-content\\\/uploads\\\/2015\\\/05\\\/sediul-AJOFM-ALBA.jpg\",\"width\":1280,\"height\":960},{\"@type\":\"BreadcrumbList\",\"@id\":\"https:\\\/\\\/urbeamea.ro\\\/albaiulia\\\/ajofm-alba-anunta-ca-somerii-si-absolventii-care-se-angajeaza-isi-pot-completa-veniturile-salariale\\\/#breadcrumb\",\"itemListElement\":[{\"@type\":\"ListItem\",\"position\":1,\"name\":\"Prima pagin\u0103\",\"item\":\"https:\\\/\\\/urbeamea.ro\\\/albaiulia\\\/\"},{\"@type\":\"ListItem\",\"position\":2,\"name\":\"AJOFM Alba anun\u0163\u0103 c\u0103 \u015fomerii \u015fi absolven\u0163ii care se angajeaz\u0103 \u00ee\u015fi pot completa veniturile salariale\"}]},{\"@type\":\"WebSite\",\"@id\":\"https:\\\/\\\/urbeamea.ro\\\/albaiulia\\\/#website\",\"url\":\"https:\\\/\\\/urbeamea.ro\\\/albaiulia\\\/\",\"name\":\"Revista Urbea Mea, Stiri urbane\",\"description\":\"Evenimente \u0219i \u0219tiri din Alba Iulia, Sebe\u0219, Aiud, Blaj\",\"potentialAction\":[{\"@type\":\"SearchAction\",\"target\":{\"@type\":\"EntryPoint\",\"urlTemplate\":\"https:\\\/\\\/urbeamea.ro\\\/albaiulia\\\/?s={search_term_string}\"},\"query-input\":{\"@type\":\"PropertyValueSpecification\",\"valueRequired\":true,\"valueName\":\"search_term_string\"}}],\"inLanguage\":\"ro-RO\"},{\"@type\":\"Person\",\"@id\":\"https:\\\/\\\/urbeamea.ro\\\/albaiulia\\\/#\\\/schema\\\/person\\\/9700d21fae21c4f038b0b56f4506264a\",\"name\":\"Cristina Ganga\",\"image\":{\"@type\":\"ImageObject\",\"inLanguage\":\"ro-RO\",\"@id\":\"https:\\\/\\\/secure.gravatar.com\\\/avatar\\\/5a67661041f057b4a8ccaf26f5a8e86e2689372006d01faf3dd9eeb10b654bb4?s=96&d=mm&r=g\",\"url\":\"https:\\\/\\\/secure.gravatar.com\\\/avatar\\\/5a67661041f057b4a8ccaf26f5a8e86e2689372006d01faf3dd9eeb10b654bb4?s=96&d=mm&r=g\",\"contentUrl\":\"https:\\\/\\\/secure.gravatar.com\\\/avatar\\\/5a67661041f057b4a8ccaf26f5a8e86e2689372006d01faf3dd9eeb10b654bb4?s=96&d=mm&r=g\",\"caption\":\"Cristina Ganga\"},\"description\":\"Jurnalist\",\"sameAs\":[\"https:\\\/\\\/www.facebook.com\\\/cristina.nicola.587\"],\"url\":\"https:\\\/\\\/urbeamea.ro\\\/albaiulia\\\/author\\\/cristina-nicola\\\/\"}]}<\/script>\n<!-- \/ Yoast SEO plugin. -->","yoast_head_json":{"title":"AJOFM Alba anun\u0163\u0103 c\u0103 \u015fomerii \u015fi absolven\u0163ii care se angajeaz\u0103 \u00ee\u015fi pot completa veniturile salariale - Revista Urbea Mea - Revista de Alba","description":"Persoanele care se angajeaz\u0103 pentru program normal de lucru \u00een perioada \u00een care primesc indemniza\u0163ia de \u015fomaj beneficiaz\u0103, din momentul angaj\u0103rii \u015fi p\u00e2n\u0103","robots":{"index":"index","follow":"follow","max-snippet":"max-snippet:-1","max-image-preview":"max-image-preview:large","max-video-preview":"max-video-preview:-1"},"canonical":"https:\/\/urbeamea.ro\/albaiulia\/ajofm-alba-anunta-ca-somerii-si-absolventii-care-se-angajeaza-isi-pot-completa-veniturile-salariale\/","twitter_card":"summary_large_image","twitter_title":"AJOFM Alba anun\u0163\u0103 c\u0103 \u015fomerii \u015fi absolven\u0163ii care se angajeaz\u0103 \u00ee\u015fi pot completa veniturile salariale - Revista Urbea Mea - Revista de Alba","twitter_description":"Persoanele care se angajeaz\u0103 pentru program normal de lucru \u00een perioada \u00een care primesc indemniza\u0163ia de \u015fomaj beneficiaz\u0103, din momentul angaj\u0103rii \u015fi p\u00e2n\u0103","twitter_image":"https:\/\/urbeamea.ro\/albaiulia\/wp-content\/uploads\/2015\/05\/sediul-AJOFM-ALBA.jpg","twitter_creator":"@urbeameaweb","twitter_site":"@urbeameaweb","schema":{"@context":"https:\/\/schema.org","@graph":[{"@type":"Article","@id":"https:\/\/urbeamea.ro\/albaiulia\/ajofm-alba-anunta-ca-somerii-si-absolventii-care-se-angajeaza-isi-pot-completa-veniturile-salariale\/#article","isPartOf":{"@id":"https:\/\/urbeamea.ro\/albaiulia\/ajofm-alba-anunta-ca-somerii-si-absolventii-care-se-angajeaza-isi-pot-completa-veniturile-salariale\/"},"author":{"name":"Cristina Ganga","@id":"https:\/\/urbeamea.ro\/albaiulia\/#\/schema\/person\/9700d21fae21c4f038b0b56f4506264a"},"headline":"AJOFM Alba anun\u0163\u0103 c\u0103 \u015fomerii \u015fi absolven\u0163ii care se angajeaz\u0103 \u00ee\u015fi pot completa veniturile salariale","datePublished":"2017-10-09T11:10:54+00:00","mainEntityOfPage":{"@id":"https:\/\/urbeamea.ro\/albaiulia\/ajofm-alba-anunta-ca-somerii-si-absolventii-care-se-angajeaza-isi-pot-completa-veniturile-salariale\/"},"wordCount":576,"commentCount":0,"image":{"@id":"https:\/\/urbeamea.ro\/albaiulia\/ajofm-alba-anunta-ca-somerii-si-absolventii-care-se-angajeaza-isi-pot-completa-veniturile-salariale\/#primaryimage"},"thumbnailUrl":"https:\/\/urbeamea.ro\/albaiulia\/wp-content\/uploads\/2015\/05\/sediul-AJOFM-ALBA.jpg","keywords":["absolventi","ajofm alba","indemnizatii","someri","stiri","Urbea Mea","venituri","venituri salariale"],"articleSection":["Social"],"inLanguage":"ro-RO","potentialAction":[{"@type":"CommentAction","name":"Comment","target":["https:\/\/urbeamea.ro\/albaiulia\/ajofm-alba-anunta-ca-somerii-si-absolventii-care-se-angajeaza-isi-pot-completa-veniturile-salariale\/#respond"]}]},{"@type":"WebPage","@id":"https:\/\/urbeamea.ro\/albaiulia\/ajofm-alba-anunta-ca-somerii-si-absolventii-care-se-angajeaza-isi-pot-completa-veniturile-salariale\/","url":"https:\/\/urbeamea.ro\/albaiulia\/ajofm-alba-anunta-ca-somerii-si-absolventii-care-se-angajeaza-isi-pot-completa-veniturile-salariale\/","name":"AJOFM Alba anun\u0163\u0103 c\u0103 \u015fomerii \u015fi absolven\u0163ii care se angajeaz\u0103 \u00ee\u015fi pot completa veniturile salariale - Revista Urbea Mea - Revista de Alba","isPartOf":{"@id":"https:\/\/urbeamea.ro\/albaiulia\/#website"},"primaryImageOfPage":{"@id":"https:\/\/urbeamea.ro\/albaiulia\/ajofm-alba-anunta-ca-somerii-si-absolventii-care-se-angajeaza-isi-pot-completa-veniturile-salariale\/#primaryimage"},"image":{"@id":"https:\/\/urbeamea.ro\/albaiulia\/ajofm-alba-anunta-ca-somerii-si-absolventii-care-se-angajeaza-isi-pot-completa-veniturile-salariale\/#primaryimage"},"thumbnailUrl":"https:\/\/urbeamea.ro\/albaiulia\/wp-content\/uploads\/2015\/05\/sediul-AJOFM-ALBA.jpg","datePublished":"2017-10-09T11:10:54+00:00","author":{"@id":"https:\/\/urbeamea.ro\/albaiulia\/#\/schema\/person\/9700d21fae21c4f038b0b56f4506264a"},"description":"Persoanele care se angajeaz\u0103 pentru program normal de lucru \u00een perioada \u00een care primesc indemniza\u0163ia de \u015fomaj beneficiaz\u0103, din momentul angaj\u0103rii \u015fi p\u00e2n\u0103","breadcrumb":{"@id":"https:\/\/urbeamea.ro\/albaiulia\/ajofm-alba-anunta-ca-somerii-si-absolventii-care-se-angajeaza-isi-pot-completa-veniturile-salariale\/#breadcrumb"},"inLanguage":"ro-RO","potentialAction":[{"@type":"ReadAction","target":["https:\/\/urbeamea.ro\/albaiulia\/ajofm-alba-anunta-ca-somerii-si-absolventii-care-se-angajeaza-isi-pot-completa-veniturile-salariale\/"]}]},{"@type":"ImageObject","inLanguage":"ro-RO","@id":"https:\/\/urbeamea.ro\/albaiulia\/ajofm-alba-anunta-ca-somerii-si-absolventii-care-se-angajeaza-isi-pot-completa-veniturile-salariale\/#primaryimage","url":"https:\/\/urbeamea.ro\/albaiulia\/wp-content\/uploads\/2015\/05\/sediul-AJOFM-ALBA.jpg","contentUrl":"https:\/\/urbeamea.ro\/albaiulia\/wp-content\/uploads\/2015\/05\/sediul-AJOFM-ALBA.jpg","width":1280,"height":960},{"@type":"BreadcrumbList","@id":"https:\/\/urbeamea.ro\/albaiulia\/ajofm-alba-anunta-ca-somerii-si-absolventii-care-se-angajeaza-isi-pot-completa-veniturile-salariale\/#breadcrumb","itemListElement":[{"@type":"ListItem","position":1,"name":"Prima pagin\u0103","item":"https:\/\/urbeamea.ro\/albaiulia\/"},{"@type":"ListItem","position":2,"name":"AJOFM Alba anun\u0163\u0103 c\u0103 \u015fomerii \u015fi absolven\u0163ii care se angajeaz\u0103 \u00ee\u015fi pot completa veniturile salariale"}]},{"@type":"WebSite","@id":"https:\/\/urbeamea.ro\/albaiulia\/#website","url":"https:\/\/urbeamea.ro\/albaiulia\/","name":"Revista Urbea Mea, Stiri urbane","description":"Evenimente \u0219i \u0219tiri din Alba Iulia, Sebe\u0219, Aiud, Blaj","potentialAction":[{"@type":"SearchAction","target":{"@type":"EntryPoint","urlTemplate":"https:\/\/urbeamea.ro\/albaiulia\/?s={search_term_string}"},"query-input":{"@type":"PropertyValueSpecification","valueRequired":true,"valueName":"search_term_string"}}],"inLanguage":"ro-RO"},{"@type":"Person","@id":"https:\/\/urbeamea.ro\/albaiulia\/#\/schema\/person\/9700d21fae21c4f038b0b56f4506264a","name":"Cristina Ganga","image":{"@type":"ImageObject","inLanguage":"ro-RO","@id":"https:\/\/secure.gravatar.com\/avatar\/5a67661041f057b4a8ccaf26f5a8e86e2689372006d01faf3dd9eeb10b654bb4?s=96&d=mm&r=g","url":"https:\/\/secure.gravatar.com\/avatar\/5a67661041f057b4a8ccaf26f5a8e86e2689372006d01faf3dd9eeb10b654bb4?s=96&d=mm&r=g","contentUrl":"https:\/\/secure.gravatar.com\/avatar\/5a67661041f057b4a8ccaf26f5a8e86e2689372006d01faf3dd9eeb10b654bb4?s=96&d=mm&r=g","caption":"Cristina Ganga"},"description":"Jurnalist","sameAs":["https:\/\/www.facebook.com\/cristina.nicola.587"],"url":"https:\/\/urbeamea.ro\/albaiulia\/author\/cristina-nicola\/"}]}},"_links":{"self":[{"href":"https:\/\/urbeamea.ro\/albaiulia\/wp-json\/wp\/v2\/posts\/53785","targetHints":{"allow":["GET"]}}],"collection":[{"href":"https:\/\/urbeamea.ro\/albaiulia\/wp-json\/wp\/v2\/posts"}],"about":[{"href":"https:\/\/urbeamea.ro\/albaiulia\/wp-json\/wp\/v2\/types\/post"}],"author":[{"embeddable":true,"href":"https:\/\/urbeamea.ro\/albaiulia\/wp-json\/wp\/v2\/users\/17"}],"replies":[{"embeddable":true,"href":"https:\/\/urbeamea.ro\/albaiulia\/wp-json\/wp\/v2\/comments?post=53785"}],"version-history":[{"count":0,"href":"https:\/\/urbeamea.ro\/albaiulia\/wp-json\/wp\/v2\/posts\/53785\/revisions"}],"wp:featuredmedia":[{"embeddable":true,"href":"https:\/\/urbeamea.ro\/albaiulia\/wp-json\/wp\/v2\/media\/4248"}],"wp:attachment":[{"href":"https:\/\/urbeamea.ro\/albaiulia\/wp-json\/wp\/v2\/media?parent=53785"}],"wp:term":[{"taxonomy":"category","embeddable":true,"href":"https:\/\/urbeamea.ro\/albaiulia\/wp-json\/wp\/v2\/categories?post=53785"},{"taxonomy":"post_tag","embeddable":true,"href":"https:\/\/urbeamea.ro\/albaiulia\/wp-json\/wp\/v2\/tags?post=53785"}],"curies":[{"name":"wp","href":"https:\/\/api.w.org\/{rel}","templated":true}]}}