{"id":54068,"date":"2017-10-13T10:49:26","date_gmt":"2017-10-13T07:49:26","guid":{"rendered":"https:\/\/urbeamea.ro\/albaiulia\/?p=54068"},"modified":"2017-10-13T10:49:26","modified_gmt":"2017-10-13T07:49:26","slug":"13-octombrie-ziua-internationala-de-reducere-a-dezastrelor-naturale","status":"publish","type":"post","link":"https:\/\/urbeamea.ro\/albaiulia\/13-octombrie-ziua-internationala-de-reducere-a-dezastrelor-naturale\/","title":{"rendered":"13 octombrie: Ziua Interna\u0163ional\u0103 de Reducere a Dezastrelor Naturale"},"content":{"rendered":"<p><strong>\u00cen fiecare an, pe 13 octombrie, este marcat\u0103 Ziua Interna\u0163ional\u0103 pentru Reducerea Riscului Dezastrelor Naturale, potrivit Rezolu\u0163iei 64\/200 din 21 decembrie 2009, adoptat\u0103 de Adunarea General\u0103 a Organiza\u0163iei Na\u0163iunilor Unite.<\/strong><\/p>\n<p><strong>Pentru marcarea acestui eveniment, la subunit\u0103\u021biile Inspectoratului pentru Situa\u0163ii de Urgen\u0163\u0103 \u201eUnirea\u201d al jude\u0163ului Alba \u00a0vor fi organizate ac\u021biuni de tipul \u201cZiua Por\u021bilor Deschise\u201d.<\/strong><\/p>\n<p>Vor fi \u015fi alte activit\u0103\u021bi interactive pentru to\u021bi cei care doresc s\u0103 se familiarizeze cu specificul profesiei de salvator, s\u0103 cunoasc\u0103 aspecte importante legate de activit\u0103\u0163ile, rolul \u015fi principalele atribu\u0163ii ale structurilor de interven\u021bie \u0219i s\u0103 vizualizeze tehnica utilizat\u0103 de pompierii salvatori \u00een misiunile operative.<\/p>\n<p>Aceast\u0103 zi reprezint\u0103 o oportunitate pentru promovarea unei culturi globale cu privire la reducerea efectelor acestor fenomene, precum \u0219i pentru con\u0219tientizarea efectelor distructive ale dezastrelor, de a \u00eemp\u0103rt\u0103\u0219i progresul \u00eenregistrat de c\u0103tre diferi\u021bi actori (regiuni, \u021b\u0103ri, organiza\u021bii etc.) \u00een cadrul eforturilor depuse pentru Reducerea Riscului de Dezastre. Totodat\u0103, sunt \u00eencurajate noi ac\u021biuni pentru cre\u0219terea rezilien\u021bei comunit\u0103\u021bilor \u0219i a na\u021biunilor \u00een fa\u021ba dezastrelor.<\/p>\n<p>Pe parcursul ultimilor ani aproape fiecare regiune a lumii s-a confruntat cu o anumit\u0103 form\u0103 de dezastru. Sute de mii de vie\u0163i au fost pierdute, infrastructura distrus\u0103 \u015fi mijloacele de existen\u0163\u0103 reduse la nivel de supravie\u0163uire. Unele dintre aceste dezastre au cauzat anumitor \u0163\u0103ri importante daune economice. Uniunea European\u0103 recunoa\u015fte faptul c\u0103 educa\u0163ia, preg\u0103tirea \u015fi schimbul de informa\u0163ii reprezint\u0103 modalit\u0103\u0163i eficiente de a preg\u0103ti popula\u0163ia \u00eentr-un mod mai bun, pentru a face fa\u0163\u0103 dezastrelor naturale. De aceea, reducerea riscului dezastrelor naturale reprezint\u0103 un spectru larg de activit\u0103\u0163i \u2013 de la preg\u0103tirea \u00een caz de dezastru la construirea unor practici reziliente \u2013 care \u00ee\u015fi propun limitarea impactului dezastrelor naturale asupra comunit\u0103\u0163ilor.<\/p>\n","protected":false},"excerpt":{"rendered":"<p>\u00cen fiecare an, pe 13 octombrie, este marcat\u0103 Ziua Interna\u0163ional\u0103 pentru Reducerea Riscului Dezastrelor Naturale, potrivit Rezolu\u0163iei 64\/200 din 21 decembrie 2009, adoptat\u0103 de Adunarea General\u0103 a Organiza\u0163iei Na\u0163iunilor Unite. Pentru marcarea acestui eveniment, la subunit\u0103\u021biile Inspectoratului pentru Situa\u0163ii de Urgen\u0163\u0103 \u201eUnirea\u201d al jude\u0163ului Alba \u00a0vor fi organizate ac\u021biuni de tipul \u201cZiua Por\u021bilor Deschise\u201d. Vor &hellip;<\/p>\n","protected":false},"author":17,"featured_media":35723,"comment_status":"open","ping_status":"open","sticky":false,"template":"","format":"standard","meta":{"inline_featured_image":false,"footnotes":""},"categories":[2034],"tags":[2560,308,76,12742,1977],"class_list":["post-54068","post","type-post","status-publish","format-standard","has-post-thumbnail","hentry","category-social","tag-isu-alba","tag-stiri","tag-urbea-mea","tag-ziua-internationala-de-reducere-a-dezastrelor-naturale","tag-ziua-portilor-deschise"],"yoast_head":"<!-- This site is optimized with the Yoast SEO plugin v28.3 - https:\/\/yoast.com\/product\/yoast-seo-wordpress\/ -->\n<title>13 octombrie: Ziua Interna\u0163ional\u0103 de Reducere a Dezastrelor Naturale - Revista Urbea Mea - Revista de Alba<\/title>\n<meta name=\"description\" content=\"\u00cen fiecare an, pe 13 octombrie, este marcat\u0103 Ziua Interna\u0163ional\u0103 pentru Reducerea Riscului Dezastrelor Naturale, potrivit Rezolu\u0163iei 64\/200 din 21\" \/>\n<meta name=\"robots\" content=\"index, follow, max-snippet:-1, max-image-preview:large, max-video-preview:-1\" \/>\n<link rel=\"canonical\" href=\"https:\/\/urbeamea.ro\/albaiulia\/13-octombrie-ziua-internationala-de-reducere-a-dezastrelor-naturale\/\" \/>\n<meta name=\"twitter:card\" content=\"summary_large_image\" \/>\n<meta name=\"twitter:title\" content=\"13 octombrie: Ziua Interna\u0163ional\u0103 de Reducere a Dezastrelor Naturale - Revista Urbea Mea - Revista de Alba\" \/>\n<meta name=\"twitter:description\" content=\"\u00cen fiecare an, pe 13 octombrie, este marcat\u0103 Ziua Interna\u0163ional\u0103 pentru Reducerea Riscului Dezastrelor Naturale, potrivit Rezolu\u0163iei 64\/200 din 21\" \/>\n<meta name=\"twitter:image\" content=\"https:\/\/urbeamea.ro\/albaiulia\/wp-content\/uploads\/2016\/11\/interventii_isu_2014.jpg\" \/>\n<meta name=\"twitter:creator\" content=\"@urbeameaweb\" \/>\n<meta name=\"twitter:site\" content=\"@urbeameaweb\" \/>\n<script type=\"application\/ld+json\" class=\"yoast-schema-graph\">{\"@context\":\"https:\\\/\\\/schema.org\",\"@graph\":[{\"@type\":\"Article\",\"@id\":\"https:\\\/\\\/urbeamea.ro\\\/albaiulia\\\/13-octombrie-ziua-internationala-de-reducere-a-dezastrelor-naturale\\\/#article\",\"isPartOf\":{\"@id\":\"https:\\\/\\\/urbeamea.ro\\\/albaiulia\\\/13-octombrie-ziua-internationala-de-reducere-a-dezastrelor-naturale\\\/\"},\"author\":{\"name\":\"Cristina Ganga\",\"@id\":\"https:\\\/\\\/urbeamea.ro\\\/albaiulia\\\/#\\\/schema\\\/person\\\/9700d21fae21c4f038b0b56f4506264a\"},\"headline\":\"13 octombrie: Ziua Interna\u0163ional\u0103 de Reducere a Dezastrelor Naturale\",\"datePublished\":\"2017-10-13T07:49:26+00:00\",\"mainEntityOfPage\":{\"@id\":\"https:\\\/\\\/urbeamea.ro\\\/albaiulia\\\/13-octombrie-ziua-internationala-de-reducere-a-dezastrelor-naturale\\\/\"},\"wordCount\":312,\"commentCount\":0,\"image\":{\"@id\":\"https:\\\/\\\/urbeamea.ro\\\/albaiulia\\\/13-octombrie-ziua-internationala-de-reducere-a-dezastrelor-naturale\\\/#primaryimage\"},\"thumbnailUrl\":\"https:\\\/\\\/urbeamea.ro\\\/albaiulia\\\/wp-content\\\/uploads\\\/2016\\\/11\\\/interventii_isu_2014.jpg\",\"keywords\":[\"ISU Alba\",\"stiri\",\"Urbea Mea\",\"ziua internationala de reducere a dezastrelor naturale\",\"ziua portilor deschise\"],\"articleSection\":[\"Social\"],\"inLanguage\":\"ro-RO\",\"potentialAction\":[{\"@type\":\"CommentAction\",\"name\":\"Comment\",\"target\":[\"https:\\\/\\\/urbeamea.ro\\\/albaiulia\\\/13-octombrie-ziua-internationala-de-reducere-a-dezastrelor-naturale\\\/#respond\"]}]},{\"@type\":\"WebPage\",\"@id\":\"https:\\\/\\\/urbeamea.ro\\\/albaiulia\\\/13-octombrie-ziua-internationala-de-reducere-a-dezastrelor-naturale\\\/\",\"url\":\"https:\\\/\\\/urbeamea.ro\\\/albaiulia\\\/13-octombrie-ziua-internationala-de-reducere-a-dezastrelor-naturale\\\/\",\"name\":\"13 octombrie: Ziua Interna\u0163ional\u0103 de Reducere a Dezastrelor Naturale - Revista Urbea Mea - Revista de Alba\",\"isPartOf\":{\"@id\":\"https:\\\/\\\/urbeamea.ro\\\/albaiulia\\\/#website\"},\"primaryImageOfPage\":{\"@id\":\"https:\\\/\\\/urbeamea.ro\\\/albaiulia\\\/13-octombrie-ziua-internationala-de-reducere-a-dezastrelor-naturale\\\/#primaryimage\"},\"image\":{\"@id\":\"https:\\\/\\\/urbeamea.ro\\\/albaiulia\\\/13-octombrie-ziua-internationala-de-reducere-a-dezastrelor-naturale\\\/#primaryimage\"},\"thumbnailUrl\":\"https:\\\/\\\/urbeamea.ro\\\/albaiulia\\\/wp-content\\\/uploads\\\/2016\\\/11\\\/interventii_isu_2014.jpg\",\"datePublished\":\"2017-10-13T07:49:26+00:00\",\"author\":{\"@id\":\"https:\\\/\\\/urbeamea.ro\\\/albaiulia\\\/#\\\/schema\\\/person\\\/9700d21fae21c4f038b0b56f4506264a\"},\"description\":\"\u00cen fiecare an, pe 13 octombrie, este marcat\u0103 Ziua Interna\u0163ional\u0103 pentru Reducerea Riscului Dezastrelor Naturale, potrivit Rezolu\u0163iei 64\\\/200 din 21\",\"breadcrumb\":{\"@id\":\"https:\\\/\\\/urbeamea.ro\\\/albaiulia\\\/13-octombrie-ziua-internationala-de-reducere-a-dezastrelor-naturale\\\/#breadcrumb\"},\"inLanguage\":\"ro-RO\",\"potentialAction\":[{\"@type\":\"ReadAction\",\"target\":[\"https:\\\/\\\/urbeamea.ro\\\/albaiulia\\\/13-octombrie-ziua-internationala-de-reducere-a-dezastrelor-naturale\\\/\"]}]},{\"@type\":\"ImageObject\",\"inLanguage\":\"ro-RO\",\"@id\":\"https:\\\/\\\/urbeamea.ro\\\/albaiulia\\\/13-octombrie-ziua-internationala-de-reducere-a-dezastrelor-naturale\\\/#primaryimage\",\"url\":\"https:\\\/\\\/urbeamea.ro\\\/albaiulia\\\/wp-content\\\/uploads\\\/2016\\\/11\\\/interventii_isu_2014.jpg\",\"contentUrl\":\"https:\\\/\\\/urbeamea.ro\\\/albaiulia\\\/wp-content\\\/uploads\\\/2016\\\/11\\\/interventii_isu_2014.jpg\",\"width\":1024,\"height\":686},{\"@type\":\"BreadcrumbList\",\"@id\":\"https:\\\/\\\/urbeamea.ro\\\/albaiulia\\\/13-octombrie-ziua-internationala-de-reducere-a-dezastrelor-naturale\\\/#breadcrumb\",\"itemListElement\":[{\"@type\":\"ListItem\",\"position\":1,\"name\":\"Prima pagin\u0103\",\"item\":\"https:\\\/\\\/urbeamea.ro\\\/albaiulia\\\/\"},{\"@type\":\"ListItem\",\"position\":2,\"name\":\"13 octombrie: Ziua Interna\u0163ional\u0103 de Reducere a Dezastrelor Naturale\"}]},{\"@type\":\"WebSite\",\"@id\":\"https:\\\/\\\/urbeamea.ro\\\/albaiulia\\\/#website\",\"url\":\"https:\\\/\\\/urbeamea.ro\\\/albaiulia\\\/\",\"name\":\"Revista Urbea Mea, Stiri urbane\",\"description\":\"Evenimente \u0219i \u0219tiri din Alba Iulia, Sebe\u0219, Aiud, Blaj\",\"potentialAction\":[{\"@type\":\"SearchAction\",\"target\":{\"@type\":\"EntryPoint\",\"urlTemplate\":\"https:\\\/\\\/urbeamea.ro\\\/albaiulia\\\/?s={search_term_string}\"},\"query-input\":{\"@type\":\"PropertyValueSpecification\",\"valueRequired\":true,\"valueName\":\"search_term_string\"}}],\"inLanguage\":\"ro-RO\"},{\"@type\":\"Person\",\"@id\":\"https:\\\/\\\/urbeamea.ro\\\/albaiulia\\\/#\\\/schema\\\/person\\\/9700d21fae21c4f038b0b56f4506264a\",\"name\":\"Cristina Ganga\",\"image\":{\"@type\":\"ImageObject\",\"inLanguage\":\"ro-RO\",\"@id\":\"https:\\\/\\\/secure.gravatar.com\\\/avatar\\\/5a67661041f057b4a8ccaf26f5a8e86e2689372006d01faf3dd9eeb10b654bb4?s=96&d=mm&r=g\",\"url\":\"https:\\\/\\\/secure.gravatar.com\\\/avatar\\\/5a67661041f057b4a8ccaf26f5a8e86e2689372006d01faf3dd9eeb10b654bb4?s=96&d=mm&r=g\",\"contentUrl\":\"https:\\\/\\\/secure.gravatar.com\\\/avatar\\\/5a67661041f057b4a8ccaf26f5a8e86e2689372006d01faf3dd9eeb10b654bb4?s=96&d=mm&r=g\",\"caption\":\"Cristina Ganga\"},\"description\":\"Jurnalist\",\"sameAs\":[\"https:\\\/\\\/www.facebook.com\\\/cristina.nicola.587\"],\"url\":\"https:\\\/\\\/urbeamea.ro\\\/albaiulia\\\/author\\\/cristina-nicola\\\/\"}]}<\/script>\n<!-- \/ Yoast SEO plugin. -->","yoast_head_json":{"title":"13 octombrie: Ziua Interna\u0163ional\u0103 de Reducere a Dezastrelor Naturale - Revista Urbea Mea - Revista de Alba","description":"\u00cen fiecare an, pe 13 octombrie, este marcat\u0103 Ziua Interna\u0163ional\u0103 pentru Reducerea Riscului Dezastrelor Naturale, potrivit Rezolu\u0163iei 64\/200 din 21","robots":{"index":"index","follow":"follow","max-snippet":"max-snippet:-1","max-image-preview":"max-image-preview:large","max-video-preview":"max-video-preview:-1"},"canonical":"https:\/\/urbeamea.ro\/albaiulia\/13-octombrie-ziua-internationala-de-reducere-a-dezastrelor-naturale\/","twitter_card":"summary_large_image","twitter_title":"13 octombrie: Ziua Interna\u0163ional\u0103 de Reducere a Dezastrelor Naturale - Revista Urbea Mea - Revista de Alba","twitter_description":"\u00cen fiecare an, pe 13 octombrie, este marcat\u0103 Ziua Interna\u0163ional\u0103 pentru Reducerea Riscului Dezastrelor Naturale, potrivit Rezolu\u0163iei 64\/200 din 21","twitter_image":"https:\/\/urbeamea.ro\/albaiulia\/wp-content\/uploads\/2016\/11\/interventii_isu_2014.jpg","twitter_creator":"@urbeameaweb","twitter_site":"@urbeameaweb","schema":{"@context":"https:\/\/schema.org","@graph":[{"@type":"Article","@id":"https:\/\/urbeamea.ro\/albaiulia\/13-octombrie-ziua-internationala-de-reducere-a-dezastrelor-naturale\/#article","isPartOf":{"@id":"https:\/\/urbeamea.ro\/albaiulia\/13-octombrie-ziua-internationala-de-reducere-a-dezastrelor-naturale\/"},"author":{"name":"Cristina Ganga","@id":"https:\/\/urbeamea.ro\/albaiulia\/#\/schema\/person\/9700d21fae21c4f038b0b56f4506264a"},"headline":"13 octombrie: Ziua Interna\u0163ional\u0103 de Reducere a Dezastrelor Naturale","datePublished":"2017-10-13T07:49:26+00:00","mainEntityOfPage":{"@id":"https:\/\/urbeamea.ro\/albaiulia\/13-octombrie-ziua-internationala-de-reducere-a-dezastrelor-naturale\/"},"wordCount":312,"commentCount":0,"image":{"@id":"https:\/\/urbeamea.ro\/albaiulia\/13-octombrie-ziua-internationala-de-reducere-a-dezastrelor-naturale\/#primaryimage"},"thumbnailUrl":"https:\/\/urbeamea.ro\/albaiulia\/wp-content\/uploads\/2016\/11\/interventii_isu_2014.jpg","keywords":["ISU Alba","stiri","Urbea Mea","ziua internationala de reducere a dezastrelor naturale","ziua portilor deschise"],"articleSection":["Social"],"inLanguage":"ro-RO","potentialAction":[{"@type":"CommentAction","name":"Comment","target":["https:\/\/urbeamea.ro\/albaiulia\/13-octombrie-ziua-internationala-de-reducere-a-dezastrelor-naturale\/#respond"]}]},{"@type":"WebPage","@id":"https:\/\/urbeamea.ro\/albaiulia\/13-octombrie-ziua-internationala-de-reducere-a-dezastrelor-naturale\/","url":"https:\/\/urbeamea.ro\/albaiulia\/13-octombrie-ziua-internationala-de-reducere-a-dezastrelor-naturale\/","name":"13 octombrie: Ziua Interna\u0163ional\u0103 de Reducere a Dezastrelor Naturale - Revista Urbea Mea - Revista de Alba","isPartOf":{"@id":"https:\/\/urbeamea.ro\/albaiulia\/#website"},"primaryImageOfPage":{"@id":"https:\/\/urbeamea.ro\/albaiulia\/13-octombrie-ziua-internationala-de-reducere-a-dezastrelor-naturale\/#primaryimage"},"image":{"@id":"https:\/\/urbeamea.ro\/albaiulia\/13-octombrie-ziua-internationala-de-reducere-a-dezastrelor-naturale\/#primaryimage"},"thumbnailUrl":"https:\/\/urbeamea.ro\/albaiulia\/wp-content\/uploads\/2016\/11\/interventii_isu_2014.jpg","datePublished":"2017-10-13T07:49:26+00:00","author":{"@id":"https:\/\/urbeamea.ro\/albaiulia\/#\/schema\/person\/9700d21fae21c4f038b0b56f4506264a"},"description":"\u00cen fiecare an, pe 13 octombrie, este marcat\u0103 Ziua Interna\u0163ional\u0103 pentru Reducerea Riscului Dezastrelor Naturale, potrivit Rezolu\u0163iei 64\/200 din 21","breadcrumb":{"@id":"https:\/\/urbeamea.ro\/albaiulia\/13-octombrie-ziua-internationala-de-reducere-a-dezastrelor-naturale\/#breadcrumb"},"inLanguage":"ro-RO","potentialAction":[{"@type":"ReadAction","target":["https:\/\/urbeamea.ro\/albaiulia\/13-octombrie-ziua-internationala-de-reducere-a-dezastrelor-naturale\/"]}]},{"@type":"ImageObject","inLanguage":"ro-RO","@id":"https:\/\/urbeamea.ro\/albaiulia\/13-octombrie-ziua-internationala-de-reducere-a-dezastrelor-naturale\/#primaryimage","url":"https:\/\/urbeamea.ro\/albaiulia\/wp-content\/uploads\/2016\/11\/interventii_isu_2014.jpg","contentUrl":"https:\/\/urbeamea.ro\/albaiulia\/wp-content\/uploads\/2016\/11\/interventii_isu_2014.jpg","width":1024,"height":686},{"@type":"BreadcrumbList","@id":"https:\/\/urbeamea.ro\/albaiulia\/13-octombrie-ziua-internationala-de-reducere-a-dezastrelor-naturale\/#breadcrumb","itemListElement":[{"@type":"ListItem","position":1,"name":"Prima pagin\u0103","item":"https:\/\/urbeamea.ro\/albaiulia\/"},{"@type":"ListItem","position":2,"name":"13 octombrie: Ziua Interna\u0163ional\u0103 de Reducere a Dezastrelor Naturale"}]},{"@type":"WebSite","@id":"https:\/\/urbeamea.ro\/albaiulia\/#website","url":"https:\/\/urbeamea.ro\/albaiulia\/","name":"Revista Urbea Mea, Stiri urbane","description":"Evenimente \u0219i \u0219tiri din Alba Iulia, Sebe\u0219, Aiud, Blaj","potentialAction":[{"@type":"SearchAction","target":{"@type":"EntryPoint","urlTemplate":"https:\/\/urbeamea.ro\/albaiulia\/?s={search_term_string}"},"query-input":{"@type":"PropertyValueSpecification","valueRequired":true,"valueName":"search_term_string"}}],"inLanguage":"ro-RO"},{"@type":"Person","@id":"https:\/\/urbeamea.ro\/albaiulia\/#\/schema\/person\/9700d21fae21c4f038b0b56f4506264a","name":"Cristina Ganga","image":{"@type":"ImageObject","inLanguage":"ro-RO","@id":"https:\/\/secure.gravatar.com\/avatar\/5a67661041f057b4a8ccaf26f5a8e86e2689372006d01faf3dd9eeb10b654bb4?s=96&d=mm&r=g","url":"https:\/\/secure.gravatar.com\/avatar\/5a67661041f057b4a8ccaf26f5a8e86e2689372006d01faf3dd9eeb10b654bb4?s=96&d=mm&r=g","contentUrl":"https:\/\/secure.gravatar.com\/avatar\/5a67661041f057b4a8ccaf26f5a8e86e2689372006d01faf3dd9eeb10b654bb4?s=96&d=mm&r=g","caption":"Cristina Ganga"},"description":"Jurnalist","sameAs":["https:\/\/www.facebook.com\/cristina.nicola.587"],"url":"https:\/\/urbeamea.ro\/albaiulia\/author\/cristina-nicola\/"}]}},"_links":{"self":[{"href":"https:\/\/urbeamea.ro\/albaiulia\/wp-json\/wp\/v2\/posts\/54068","targetHints":{"allow":["GET"]}}],"collection":[{"href":"https:\/\/urbeamea.ro\/albaiulia\/wp-json\/wp\/v2\/posts"}],"about":[{"href":"https:\/\/urbeamea.ro\/albaiulia\/wp-json\/wp\/v2\/types\/post"}],"author":[{"embeddable":true,"href":"https:\/\/urbeamea.ro\/albaiulia\/wp-json\/wp\/v2\/users\/17"}],"replies":[{"embeddable":true,"href":"https:\/\/urbeamea.ro\/albaiulia\/wp-json\/wp\/v2\/comments?post=54068"}],"version-history":[{"count":0,"href":"https:\/\/urbeamea.ro\/albaiulia\/wp-json\/wp\/v2\/posts\/54068\/revisions"}],"wp:featuredmedia":[{"embeddable":true,"href":"https:\/\/urbeamea.ro\/albaiulia\/wp-json\/wp\/v2\/media\/35723"}],"wp:attachment":[{"href":"https:\/\/urbeamea.ro\/albaiulia\/wp-json\/wp\/v2\/media?parent=54068"}],"wp:term":[{"taxonomy":"category","embeddable":true,"href":"https:\/\/urbeamea.ro\/albaiulia\/wp-json\/wp\/v2\/categories?post=54068"},{"taxonomy":"post_tag","embeddable":true,"href":"https:\/\/urbeamea.ro\/albaiulia\/wp-json\/wp\/v2\/tags?post=54068"}],"curies":[{"name":"wp","href":"https:\/\/api.w.org\/{rel}","templated":true}]}}