{"id":54077,"date":"2017-10-13T14:17:56","date_gmt":"2017-10-13T11:17:56","guid":{"rendered":"https:\/\/urbeamea.ro\/albaiulia\/?p=54077"},"modified":"2017-10-13T14:17:56","modified_gmt":"2017-10-13T11:17:56","slug":"foto-perchezitii-in-alba-iulia-teius-si-blaj-la-suspecti-de-contrabanda-cu-arme","status":"publish","type":"post","link":"https:\/\/urbeamea.ro\/albaiulia\/foto-perchezitii-in-alba-iulia-teius-si-blaj-la-suspecti-de-contrabanda-cu-arme\/","title":{"rendered":"FOTO: Perchezi\u021bii \u00een Alba Iulia, Teiu\u0219 \u0219i Blaj, la suspec\u021bi de contraband\u0103 cu arme"},"content":{"rendered":"<p align=\"JUSTIFY\"><span lang=\"ro-RO\"><strong>Poli\u0163i\u015ftii Brig\u0103zii de Combatere a Criminalit\u0103\u0163ii Organizate Alba Iulia, \u00een colaborare cu poli\u0163i\u015ftii Serviciului Arme, Explozivi, Substan\u0163e Periculoase din IPJ Alba, au ridicat arme \u015fi muni\u021bie, de\u0163inute ilegal, \u00een urma unor perchezi\u0163ii domiciliare care au avut loc joi, 12 octombrie, pe raza jude\u0163ului Alba, \u00een localit\u0103\u0163ile Alba Iulia, Teiu\u015f \u015fi Blaj.<\/strong> <\/span><\/p>\n<p align=\"JUSTIFY\"><span lang=\"ro-RO\">Potrivit IPJ Alba, la data de 12 octombrie, poli\u0163i\u015ftii Serviciului de Combatere a Finan\u0163\u0103rii Terorismului \u015fi Sp\u0103l\u0103rii Banilor din cadrul Brig\u0103zii de Combatere a Criminalit\u0103\u0163ii Organizate Alba Iulia \u00eempreun\u0103 cu poli\u0163i\u015ftii Serviciului Arme, Explozivi, Substan\u0163e Periculoase din cadrul Inspectoratului de Poli\u0163ie Jude\u0163ean Alba au efectuat 5 perchezi\u0163ii la domiciliile unor b\u0103rba\u0163i b\u0103nui\u0163i de comiterea unor infrac\u0163iuni de contraband\u0103 calificat\u0103 cu arme \u015fi nerespectarea regimului armelor \u015fi muni\u0163iilor precum \u015fi la domiciliile unor persoane despre care exista suspiciunea c\u0103 au achizi\u0163ionat arme provenite din contraband\u0103. <\/span><\/p>\n<p align=\"JUSTIFY\"><span lang=\"ro-RO\">\u00cen urma cercet\u0103rilor efectuate, poli\u0163i\u015ftii au stabilit c\u0103, \u00een perioada 2016 \u2013 2017, doi b\u0103rba\u0163i de 44 \u015fi 57 de ani, primul din Teiu\u015f, iar al doilea din Blaj, ar fi achizi\u0163ionat \u015fi ar fi introdus \u00een \u0163ar\u0103, arme letale \u015fi neletale, f\u0103r\u0103 respectarea dispozi\u0163iilor legale. <\/span><\/p>\n<p align=\"JUSTIFY\"><img loading=\"lazy\" decoding=\"async\" class=\"alignnone size-medium wp-image-54078\" src=\"https:\/\/urbeamea.ro\/albaiulia\/wp-content\/uploads\/2017\/10\/AB1-640x480.png\" alt=\"\" width=\"640\" height=\"480\" srcset=\"https:\/\/urbeamea.ro\/albaiulia\/wp-content\/uploads\/2017\/10\/AB1-640x480.png 640w, https:\/\/urbeamea.ro\/albaiulia\/wp-content\/uploads\/2017\/10\/AB1-150x113.png 150w, https:\/\/urbeamea.ro\/albaiulia\/wp-content\/uploads\/2017\/10\/AB1-768x576.png 768w, https:\/\/urbeamea.ro\/albaiulia\/wp-content\/uploads\/2017\/10\/AB1.png 1200w\" sizes=\"auto, (max-width: 640px) 100vw, 640px\" \/><\/p>\n<p align=\"JUSTIFY\"><span lang=\"ro-RO\">Poli\u0163i\u015ftii au g\u0103sit, la domiciliile celor doi b\u0103rba\u0163i, 5 arme neletale (de tir sportiv, cu aer comprimat), o arm\u0103 letal\u0103, confec\u0163ionat\u0103 artizanal, o arm\u0103 de tir cu glon\u0163 precum \u015fi muni\u0163ie aferent\u0103 acestora. <\/span><\/p>\n<p align=\"JUSTIFY\"><span lang=\"ro-RO\">Cele 7 arme \u015fi muni\u0163ia au fost ridicate, \u00een vederea expertiz\u0103rii \u015fi continu\u0103rii cercet\u0103rilor, iar fa\u0163\u0103 de b\u0103rbatul de 45 de ani, din Teiu\u015f a fost luat\u0103 m\u0103sura re\u0163inerii, pentru o perioad\u0103 de 24 de ore, sub aspectul comiterii infrac\u0163iunilor de \u201enerespectarea armelor \u015fi muni\u0163iilor\u201d \u015fi \u201econtraband\u0103 calificat\u0103\u201d, urm\u00e2nd ca \u00een cursul zilei de vineri, 13 septembrie, s\u0103 fie prezentat Parchetului de pe l\u00e2ng\u0103 Judec\u0103toria Aiud, pentru dispunerea m\u0103surilor legale. <\/span><\/p>\n<p align=\"JUSTIFY\"><span lang=\"ro-RO\">Activit\u0103\u0163ile au fost desf\u0103\u015furate sub coordonarea Parchetului de pe l\u00e2ng\u0103 Judec\u0103toria Aiud, iar la acestea au participat \u015fi jandarmi din cadrul Inspectoratului Jude\u0163ean de Jandarmi Alba.<\/span><\/p>\n<p align=\"JUSTIFY\"><span lang=\"ro-RO\">Cercet\u0103rile sunt continuate, pentru stabilirea \u00eentregii activit\u0103\u0163i infrac\u0163ionale a persoanelor b\u0103nuite de comiterea faptelor precum \u015fi pentru identificarea eventualilor complici. <\/span><\/p>\n","protected":false},"excerpt":{"rendered":"<p>Poli\u0163i\u015ftii Brig\u0103zii de Combatere a Criminalit\u0103\u0163ii Organizate Alba Iulia, \u00een colaborare cu poli\u0163i\u015ftii Serviciului Arme, Explozivi, Substan\u0163e Periculoase din IPJ Alba, au ridicat arme \u015fi muni\u021bie, de\u0163inute ilegal, \u00een urma unor perchezi\u0163ii domiciliare care au avut loc joi, 12 octombrie, pe raza jude\u0163ului Alba, \u00een localit\u0103\u0163ile Alba Iulia, Teiu\u015f \u015fi Blaj. Potrivit IPJ Alba, la &hellip;<\/p>\n","protected":false},"author":17,"featured_media":54079,"comment_status":"open","ping_status":"open","sticky":false,"template":"","format":"standard","meta":{"inline_featured_image":false,"footnotes":""},"categories":[2034],"tags":[31,170,12746,2900,308,7303,2419,76],"class_list":["post-54077","post","type-post","status-publish","format-standard","has-post-thumbnail","hentry","category-social","tag-alba-iulia","tag-blaj","tag-contrabanda-cu-arme","tag-perchezitii","tag-stiri","tag-suspecti","tag-teius","tag-urbea-mea"],"yoast_head":"<!-- This site is optimized with the Yoast SEO plugin v28.3 - https:\/\/yoast.com\/product\/yoast-seo-wordpress\/ -->\n<title>FOTO: Perchezi\u021bii \u00een Alba Iulia, Teiu\u0219 \u0219i Blaj, la suspec\u021bi de contraband\u0103 cu arme - Revista Urbea Mea - Revista de Alba<\/title>\n<meta name=\"description\" content=\"Poli\u0163i\u015ftii Brig\u0103zii de Combatere a Criminalit\u0103\u0163ii Organizate Alba Iulia, \u00een colaborare cu poli\u0163i\u015ftii Serviciului Arme, Explozivi, Substan\u0163e Periculoase\" \/>\n<meta name=\"robots\" content=\"index, follow, max-snippet:-1, max-image-preview:large, max-video-preview:-1\" \/>\n<link rel=\"canonical\" href=\"https:\/\/urbeamea.ro\/albaiulia\/foto-perchezitii-in-alba-iulia-teius-si-blaj-la-suspecti-de-contrabanda-cu-arme\/\" \/>\n<meta name=\"twitter:card\" content=\"summary_large_image\" \/>\n<meta name=\"twitter:title\" content=\"FOTO: Perchezi\u021bii \u00een Alba Iulia, Teiu\u0219 \u0219i Blaj, la suspec\u021bi de contraband\u0103 cu arme - Revista Urbea Mea - Revista de Alba\" \/>\n<meta name=\"twitter:description\" content=\"Poli\u0163i\u015ftii Brig\u0103zii de Combatere a Criminalit\u0103\u0163ii Organizate Alba Iulia, \u00een colaborare cu poli\u0163i\u015ftii Serviciului Arme, Explozivi, Substan\u0163e Periculoase\" \/>\n<meta name=\"twitter:image\" content=\"https:\/\/urbeamea.ro\/albaiulia\/wp-content\/uploads\/2017\/10\/AB2.png\" \/>\n<meta name=\"twitter:creator\" content=\"@urbeameaweb\" \/>\n<meta name=\"twitter:site\" content=\"@urbeameaweb\" \/>\n<script type=\"application\/ld+json\" class=\"yoast-schema-graph\">{\"@context\":\"https:\\\/\\\/schema.org\",\"@graph\":[{\"@type\":\"Article\",\"@id\":\"https:\\\/\\\/urbeamea.ro\\\/albaiulia\\\/foto-perchezitii-in-alba-iulia-teius-si-blaj-la-suspecti-de-contrabanda-cu-arme\\\/#article\",\"isPartOf\":{\"@id\":\"https:\\\/\\\/urbeamea.ro\\\/albaiulia\\\/foto-perchezitii-in-alba-iulia-teius-si-blaj-la-suspecti-de-contrabanda-cu-arme\\\/\"},\"author\":{\"name\":\"Cristina Ganga\",\"@id\":\"https:\\\/\\\/urbeamea.ro\\\/albaiulia\\\/#\\\/schema\\\/person\\\/9700d21fae21c4f038b0b56f4506264a\"},\"headline\":\"FOTO: Perchezi\u021bii \u00een Alba Iulia, Teiu\u0219 \u0219i Blaj, la suspec\u021bi de contraband\u0103 cu arme\",\"datePublished\":\"2017-10-13T11:17:56+00:00\",\"mainEntityOfPage\":{\"@id\":\"https:\\\/\\\/urbeamea.ro\\\/albaiulia\\\/foto-perchezitii-in-alba-iulia-teius-si-blaj-la-suspecti-de-contrabanda-cu-arme\\\/\"},\"wordCount\":402,\"commentCount\":0,\"image\":{\"@id\":\"https:\\\/\\\/urbeamea.ro\\\/albaiulia\\\/foto-perchezitii-in-alba-iulia-teius-si-blaj-la-suspecti-de-contrabanda-cu-arme\\\/#primaryimage\"},\"thumbnailUrl\":\"https:\\\/\\\/urbeamea.ro\\\/albaiulia\\\/wp-content\\\/uploads\\\/2017\\\/10\\\/AB2.png\",\"keywords\":[\"Alba Iulia\",\"blaj\",\"contrabanda cu arme\",\"perchezitii\",\"stiri\",\"suspecti\",\"teius\",\"Urbea Mea\"],\"articleSection\":[\"Social\"],\"inLanguage\":\"ro-RO\",\"potentialAction\":[{\"@type\":\"CommentAction\",\"name\":\"Comment\",\"target\":[\"https:\\\/\\\/urbeamea.ro\\\/albaiulia\\\/foto-perchezitii-in-alba-iulia-teius-si-blaj-la-suspecti-de-contrabanda-cu-arme\\\/#respond\"]}]},{\"@type\":\"WebPage\",\"@id\":\"https:\\\/\\\/urbeamea.ro\\\/albaiulia\\\/foto-perchezitii-in-alba-iulia-teius-si-blaj-la-suspecti-de-contrabanda-cu-arme\\\/\",\"url\":\"https:\\\/\\\/urbeamea.ro\\\/albaiulia\\\/foto-perchezitii-in-alba-iulia-teius-si-blaj-la-suspecti-de-contrabanda-cu-arme\\\/\",\"name\":\"FOTO: Perchezi\u021bii \u00een Alba Iulia, Teiu\u0219 \u0219i Blaj, la suspec\u021bi de contraband\u0103 cu arme - Revista Urbea Mea - Revista de Alba\",\"isPartOf\":{\"@id\":\"https:\\\/\\\/urbeamea.ro\\\/albaiulia\\\/#website\"},\"primaryImageOfPage\":{\"@id\":\"https:\\\/\\\/urbeamea.ro\\\/albaiulia\\\/foto-perchezitii-in-alba-iulia-teius-si-blaj-la-suspecti-de-contrabanda-cu-arme\\\/#primaryimage\"},\"image\":{\"@id\":\"https:\\\/\\\/urbeamea.ro\\\/albaiulia\\\/foto-perchezitii-in-alba-iulia-teius-si-blaj-la-suspecti-de-contrabanda-cu-arme\\\/#primaryimage\"},\"thumbnailUrl\":\"https:\\\/\\\/urbeamea.ro\\\/albaiulia\\\/wp-content\\\/uploads\\\/2017\\\/10\\\/AB2.png\",\"datePublished\":\"2017-10-13T11:17:56+00:00\",\"author\":{\"@id\":\"https:\\\/\\\/urbeamea.ro\\\/albaiulia\\\/#\\\/schema\\\/person\\\/9700d21fae21c4f038b0b56f4506264a\"},\"description\":\"Poli\u0163i\u015ftii Brig\u0103zii de Combatere a Criminalit\u0103\u0163ii Organizate Alba Iulia, \u00een colaborare cu poli\u0163i\u015ftii Serviciului Arme, Explozivi, Substan\u0163e Periculoase\",\"breadcrumb\":{\"@id\":\"https:\\\/\\\/urbeamea.ro\\\/albaiulia\\\/foto-perchezitii-in-alba-iulia-teius-si-blaj-la-suspecti-de-contrabanda-cu-arme\\\/#breadcrumb\"},\"inLanguage\":\"ro-RO\",\"potentialAction\":[{\"@type\":\"ReadAction\",\"target\":[\"https:\\\/\\\/urbeamea.ro\\\/albaiulia\\\/foto-perchezitii-in-alba-iulia-teius-si-blaj-la-suspecti-de-contrabanda-cu-arme\\\/\"]}]},{\"@type\":\"ImageObject\",\"inLanguage\":\"ro-RO\",\"@id\":\"https:\\\/\\\/urbeamea.ro\\\/albaiulia\\\/foto-perchezitii-in-alba-iulia-teius-si-blaj-la-suspecti-de-contrabanda-cu-arme\\\/#primaryimage\",\"url\":\"https:\\\/\\\/urbeamea.ro\\\/albaiulia\\\/wp-content\\\/uploads\\\/2017\\\/10\\\/AB2.png\",\"contentUrl\":\"https:\\\/\\\/urbeamea.ro\\\/albaiulia\\\/wp-content\\\/uploads\\\/2017\\\/10\\\/AB2.png\",\"width\":1200,\"height\":900},{\"@type\":\"BreadcrumbList\",\"@id\":\"https:\\\/\\\/urbeamea.ro\\\/albaiulia\\\/foto-perchezitii-in-alba-iulia-teius-si-blaj-la-suspecti-de-contrabanda-cu-arme\\\/#breadcrumb\",\"itemListElement\":[{\"@type\":\"ListItem\",\"position\":1,\"name\":\"Prima pagin\u0103\",\"item\":\"https:\\\/\\\/urbeamea.ro\\\/albaiulia\\\/\"},{\"@type\":\"ListItem\",\"position\":2,\"name\":\"FOTO: Perchezi\u021bii \u00een Alba Iulia, Teiu\u0219 \u0219i Blaj, la suspec\u021bi de contraband\u0103 cu arme\"}]},{\"@type\":\"WebSite\",\"@id\":\"https:\\\/\\\/urbeamea.ro\\\/albaiulia\\\/#website\",\"url\":\"https:\\\/\\\/urbeamea.ro\\\/albaiulia\\\/\",\"name\":\"Revista Urbea Mea, Stiri urbane\",\"description\":\"Evenimente \u0219i \u0219tiri din Alba Iulia, Sebe\u0219, Aiud, Blaj\",\"potentialAction\":[{\"@type\":\"SearchAction\",\"target\":{\"@type\":\"EntryPoint\",\"urlTemplate\":\"https:\\\/\\\/urbeamea.ro\\\/albaiulia\\\/?s={search_term_string}\"},\"query-input\":{\"@type\":\"PropertyValueSpecification\",\"valueRequired\":true,\"valueName\":\"search_term_string\"}}],\"inLanguage\":\"ro-RO\"},{\"@type\":\"Person\",\"@id\":\"https:\\\/\\\/urbeamea.ro\\\/albaiulia\\\/#\\\/schema\\\/person\\\/9700d21fae21c4f038b0b56f4506264a\",\"name\":\"Cristina Ganga\",\"image\":{\"@type\":\"ImageObject\",\"inLanguage\":\"ro-RO\",\"@id\":\"https:\\\/\\\/secure.gravatar.com\\\/avatar\\\/5a67661041f057b4a8ccaf26f5a8e86e2689372006d01faf3dd9eeb10b654bb4?s=96&d=mm&r=g\",\"url\":\"https:\\\/\\\/secure.gravatar.com\\\/avatar\\\/5a67661041f057b4a8ccaf26f5a8e86e2689372006d01faf3dd9eeb10b654bb4?s=96&d=mm&r=g\",\"contentUrl\":\"https:\\\/\\\/secure.gravatar.com\\\/avatar\\\/5a67661041f057b4a8ccaf26f5a8e86e2689372006d01faf3dd9eeb10b654bb4?s=96&d=mm&r=g\",\"caption\":\"Cristina Ganga\"},\"description\":\"Jurnalist\",\"sameAs\":[\"https:\\\/\\\/www.facebook.com\\\/cristina.nicola.587\"],\"url\":\"https:\\\/\\\/urbeamea.ro\\\/albaiulia\\\/author\\\/cristina-nicola\\\/\"}]}<\/script>\n<!-- \/ Yoast SEO plugin. -->","yoast_head_json":{"title":"FOTO: Perchezi\u021bii \u00een Alba Iulia, Teiu\u0219 \u0219i Blaj, la suspec\u021bi de contraband\u0103 cu arme - Revista Urbea Mea - Revista de Alba","description":"Poli\u0163i\u015ftii Brig\u0103zii de Combatere a Criminalit\u0103\u0163ii Organizate Alba Iulia, \u00een colaborare cu poli\u0163i\u015ftii Serviciului Arme, Explozivi, Substan\u0163e Periculoase","robots":{"index":"index","follow":"follow","max-snippet":"max-snippet:-1","max-image-preview":"max-image-preview:large","max-video-preview":"max-video-preview:-1"},"canonical":"https:\/\/urbeamea.ro\/albaiulia\/foto-perchezitii-in-alba-iulia-teius-si-blaj-la-suspecti-de-contrabanda-cu-arme\/","twitter_card":"summary_large_image","twitter_title":"FOTO: Perchezi\u021bii \u00een Alba Iulia, Teiu\u0219 \u0219i Blaj, la suspec\u021bi de contraband\u0103 cu arme - Revista Urbea Mea - Revista de Alba","twitter_description":"Poli\u0163i\u015ftii Brig\u0103zii de Combatere a Criminalit\u0103\u0163ii Organizate Alba Iulia, \u00een colaborare cu poli\u0163i\u015ftii Serviciului Arme, Explozivi, Substan\u0163e Periculoase","twitter_image":"https:\/\/urbeamea.ro\/albaiulia\/wp-content\/uploads\/2017\/10\/AB2.png","twitter_creator":"@urbeameaweb","twitter_site":"@urbeameaweb","schema":{"@context":"https:\/\/schema.org","@graph":[{"@type":"Article","@id":"https:\/\/urbeamea.ro\/albaiulia\/foto-perchezitii-in-alba-iulia-teius-si-blaj-la-suspecti-de-contrabanda-cu-arme\/#article","isPartOf":{"@id":"https:\/\/urbeamea.ro\/albaiulia\/foto-perchezitii-in-alba-iulia-teius-si-blaj-la-suspecti-de-contrabanda-cu-arme\/"},"author":{"name":"Cristina Ganga","@id":"https:\/\/urbeamea.ro\/albaiulia\/#\/schema\/person\/9700d21fae21c4f038b0b56f4506264a"},"headline":"FOTO: Perchezi\u021bii \u00een Alba Iulia, Teiu\u0219 \u0219i Blaj, la suspec\u021bi de contraband\u0103 cu arme","datePublished":"2017-10-13T11:17:56+00:00","mainEntityOfPage":{"@id":"https:\/\/urbeamea.ro\/albaiulia\/foto-perchezitii-in-alba-iulia-teius-si-blaj-la-suspecti-de-contrabanda-cu-arme\/"},"wordCount":402,"commentCount":0,"image":{"@id":"https:\/\/urbeamea.ro\/albaiulia\/foto-perchezitii-in-alba-iulia-teius-si-blaj-la-suspecti-de-contrabanda-cu-arme\/#primaryimage"},"thumbnailUrl":"https:\/\/urbeamea.ro\/albaiulia\/wp-content\/uploads\/2017\/10\/AB2.png","keywords":["Alba Iulia","blaj","contrabanda cu arme","perchezitii","stiri","suspecti","teius","Urbea Mea"],"articleSection":["Social"],"inLanguage":"ro-RO","potentialAction":[{"@type":"CommentAction","name":"Comment","target":["https:\/\/urbeamea.ro\/albaiulia\/foto-perchezitii-in-alba-iulia-teius-si-blaj-la-suspecti-de-contrabanda-cu-arme\/#respond"]}]},{"@type":"WebPage","@id":"https:\/\/urbeamea.ro\/albaiulia\/foto-perchezitii-in-alba-iulia-teius-si-blaj-la-suspecti-de-contrabanda-cu-arme\/","url":"https:\/\/urbeamea.ro\/albaiulia\/foto-perchezitii-in-alba-iulia-teius-si-blaj-la-suspecti-de-contrabanda-cu-arme\/","name":"FOTO: Perchezi\u021bii \u00een Alba Iulia, Teiu\u0219 \u0219i Blaj, la suspec\u021bi de contraband\u0103 cu arme - Revista Urbea Mea - Revista de Alba","isPartOf":{"@id":"https:\/\/urbeamea.ro\/albaiulia\/#website"},"primaryImageOfPage":{"@id":"https:\/\/urbeamea.ro\/albaiulia\/foto-perchezitii-in-alba-iulia-teius-si-blaj-la-suspecti-de-contrabanda-cu-arme\/#primaryimage"},"image":{"@id":"https:\/\/urbeamea.ro\/albaiulia\/foto-perchezitii-in-alba-iulia-teius-si-blaj-la-suspecti-de-contrabanda-cu-arme\/#primaryimage"},"thumbnailUrl":"https:\/\/urbeamea.ro\/albaiulia\/wp-content\/uploads\/2017\/10\/AB2.png","datePublished":"2017-10-13T11:17:56+00:00","author":{"@id":"https:\/\/urbeamea.ro\/albaiulia\/#\/schema\/person\/9700d21fae21c4f038b0b56f4506264a"},"description":"Poli\u0163i\u015ftii Brig\u0103zii de Combatere a Criminalit\u0103\u0163ii Organizate Alba Iulia, \u00een colaborare cu poli\u0163i\u015ftii Serviciului Arme, Explozivi, Substan\u0163e Periculoase","breadcrumb":{"@id":"https:\/\/urbeamea.ro\/albaiulia\/foto-perchezitii-in-alba-iulia-teius-si-blaj-la-suspecti-de-contrabanda-cu-arme\/#breadcrumb"},"inLanguage":"ro-RO","potentialAction":[{"@type":"ReadAction","target":["https:\/\/urbeamea.ro\/albaiulia\/foto-perchezitii-in-alba-iulia-teius-si-blaj-la-suspecti-de-contrabanda-cu-arme\/"]}]},{"@type":"ImageObject","inLanguage":"ro-RO","@id":"https:\/\/urbeamea.ro\/albaiulia\/foto-perchezitii-in-alba-iulia-teius-si-blaj-la-suspecti-de-contrabanda-cu-arme\/#primaryimage","url":"https:\/\/urbeamea.ro\/albaiulia\/wp-content\/uploads\/2017\/10\/AB2.png","contentUrl":"https:\/\/urbeamea.ro\/albaiulia\/wp-content\/uploads\/2017\/10\/AB2.png","width":1200,"height":900},{"@type":"BreadcrumbList","@id":"https:\/\/urbeamea.ro\/albaiulia\/foto-perchezitii-in-alba-iulia-teius-si-blaj-la-suspecti-de-contrabanda-cu-arme\/#breadcrumb","itemListElement":[{"@type":"ListItem","position":1,"name":"Prima pagin\u0103","item":"https:\/\/urbeamea.ro\/albaiulia\/"},{"@type":"ListItem","position":2,"name":"FOTO: Perchezi\u021bii \u00een Alba Iulia, Teiu\u0219 \u0219i Blaj, la suspec\u021bi de contraband\u0103 cu arme"}]},{"@type":"WebSite","@id":"https:\/\/urbeamea.ro\/albaiulia\/#website","url":"https:\/\/urbeamea.ro\/albaiulia\/","name":"Revista Urbea Mea, Stiri urbane","description":"Evenimente \u0219i \u0219tiri din Alba Iulia, Sebe\u0219, Aiud, Blaj","potentialAction":[{"@type":"SearchAction","target":{"@type":"EntryPoint","urlTemplate":"https:\/\/urbeamea.ro\/albaiulia\/?s={search_term_string}"},"query-input":{"@type":"PropertyValueSpecification","valueRequired":true,"valueName":"search_term_string"}}],"inLanguage":"ro-RO"},{"@type":"Person","@id":"https:\/\/urbeamea.ro\/albaiulia\/#\/schema\/person\/9700d21fae21c4f038b0b56f4506264a","name":"Cristina Ganga","image":{"@type":"ImageObject","inLanguage":"ro-RO","@id":"https:\/\/secure.gravatar.com\/avatar\/5a67661041f057b4a8ccaf26f5a8e86e2689372006d01faf3dd9eeb10b654bb4?s=96&d=mm&r=g","url":"https:\/\/secure.gravatar.com\/avatar\/5a67661041f057b4a8ccaf26f5a8e86e2689372006d01faf3dd9eeb10b654bb4?s=96&d=mm&r=g","contentUrl":"https:\/\/secure.gravatar.com\/avatar\/5a67661041f057b4a8ccaf26f5a8e86e2689372006d01faf3dd9eeb10b654bb4?s=96&d=mm&r=g","caption":"Cristina Ganga"},"description":"Jurnalist","sameAs":["https:\/\/www.facebook.com\/cristina.nicola.587"],"url":"https:\/\/urbeamea.ro\/albaiulia\/author\/cristina-nicola\/"}]}},"_links":{"self":[{"href":"https:\/\/urbeamea.ro\/albaiulia\/wp-json\/wp\/v2\/posts\/54077","targetHints":{"allow":["GET"]}}],"collection":[{"href":"https:\/\/urbeamea.ro\/albaiulia\/wp-json\/wp\/v2\/posts"}],"about":[{"href":"https:\/\/urbeamea.ro\/albaiulia\/wp-json\/wp\/v2\/types\/post"}],"author":[{"embeddable":true,"href":"https:\/\/urbeamea.ro\/albaiulia\/wp-json\/wp\/v2\/users\/17"}],"replies":[{"embeddable":true,"href":"https:\/\/urbeamea.ro\/albaiulia\/wp-json\/wp\/v2\/comments?post=54077"}],"version-history":[{"count":0,"href":"https:\/\/urbeamea.ro\/albaiulia\/wp-json\/wp\/v2\/posts\/54077\/revisions"}],"wp:featuredmedia":[{"embeddable":true,"href":"https:\/\/urbeamea.ro\/albaiulia\/wp-json\/wp\/v2\/media\/54079"}],"wp:attachment":[{"href":"https:\/\/urbeamea.ro\/albaiulia\/wp-json\/wp\/v2\/media?parent=54077"}],"wp:term":[{"taxonomy":"category","embeddable":true,"href":"https:\/\/urbeamea.ro\/albaiulia\/wp-json\/wp\/v2\/categories?post=54077"},{"taxonomy":"post_tag","embeddable":true,"href":"https:\/\/urbeamea.ro\/albaiulia\/wp-json\/wp\/v2\/tags?post=54077"}],"curies":[{"name":"wp","href":"https:\/\/api.w.org\/{rel}","templated":true}]}}