{"id":54152,"date":"2017-10-13T17:41:10","date_gmt":"2017-10-13T14:41:10","guid":{"rendered":"https:\/\/urbeamea.ro\/albaiulia\/?p=54152"},"modified":"2017-10-13T17:41:10","modified_gmt":"2017-10-13T14:41:10","slug":"de-marti-colectiile-bibliotecii-judetene-lucian-blaga-alba-pleaca-la-drum-bibliobuzul-in-judetul-alba-un-nou-proiect-ce-debuteaza-in-luna-octombrie","status":"publish","type":"post","link":"https:\/\/urbeamea.ro\/albaiulia\/de-marti-colectiile-bibliotecii-judetene-lucian-blaga-alba-pleaca-la-drum-bibliobuzul-in-judetul-alba-un-nou-proiect-ce-debuteaza-in-luna-octombrie\/","title":{"rendered":"De mar\u0163i, colec\u021biile Bibliotecii Jude\u021bene ,,Lucian Blaga\u201d Alba pleac\u0103 la drum. ,,Bibliobuzul \u00een jude\u021bul Alba\u201d, un nou proiect ce debuteaz\u0103 \u00een luna octombrie"},"content":{"rendered":"<p><strong>\u00cencep\u00e2nd cu data de 17 octombrie 2017 Biblioteca Jude\u021bean\u0103 ,,Lucian Blaga\u201d Alba vine \u00een \u00eent\u00e2mpinarea publicului cititor cu un nou proiect &#8211; Bibliobuzul \u00een jude\u021bul Alba. Proiectul are ca obiectiv derularea unor activit\u0103\u021bi culturale ce definesc biblioteca drept centru multicultural \u0219i urm\u0103re\u0219te s\u0103 satisfac\u0103 gusturile culturale \u0219i cerin\u021bele de lectur\u0103 exprimate de to\u021bi membrii comunit\u0103\u021bii pe care o deserve\u0219te. \u0218i cum Biblioteca Jude\u021bean\u0103 ,,Lucian Blaga\u201d Alba este o bibliotec\u0103 public\u0103 de rang jude\u021bean, membrii comunit\u0103\u021bi pe care trebuie s\u0103-i deserveasc\u0103 sunt to\u021bi locuitorii jude\u021bului.<\/strong><\/p>\n<p>Prin urmare, \u00eencep\u00e2nd cu luna octombrie colec\u021biile de carte ale bibliotecii ,,pleac\u0103 la drum\u201d cu Bibliobuzul jude\u021bului Alba. \u0218i nu la figurat ci chiar la propriu. Prima sta\u021bionare a Bibliobuzului va fi \u00een 17 octombrie 2017 la ora 12 \u00een comuna \u0218ona unde \u00een parteneriat cu\u00a0 Prim\u0103riei \u0218ona, Biblioteca din \u0218ona \u0219i \u0219colile din comun\u0103 va avea loc manifestarea cultural-educativ\u0103 ,,151 de ani de la na\u0219terea poetului George Co\u0219buc\u201d.<\/p>\n<p>Cu acest prilej doritorii pot vizita bibliobuzul sau pot participa la activit\u0103\u021bile cultural-educative preg\u0103tite de institu\u021biile partenere.<\/p>\n<p>Programul proiectului ,,Bibliobuzul \u00een jude\u021bul Alba\u201d va continua \u00een luna octombrie cu deplas\u0103ri \u00een jude\u021b dup\u0103 urm\u0103torul program:<\/p>\n<p>-24 octombrie- la Biblioteca comunal\u0103 din comuna Livezile;<\/p>\n<p>-26 octombrie- la Colegiul ,,Petru Pavel Aaron\u201d din Blaj;<\/p>\n<p>-27 octombrie- la\u00a0 \u0218coala Gimnazial\u0103 ,,Lucian Blaga\u201d din Ocna Mure\u0219;<\/p>\n<p>31 octombrie &#8211; Filiala ,,Cetate\u201d a Bibliotecii Jude\u021bene ,,Lucian Blaga\u201d Alba situat\u0103 la Casa de Cultur\u0103 a Sindicatelor din Alba Iulia;<\/p>\n<p>Cu aceste prilejuri, at\u00e2t elevii unit\u0103\u021bilor de \u00eenv\u0103\u021b\u0103m\u00e2nt c\u00e2t \u0219i locuitorii din localit\u0103\u021bile respective vor putea face vizite \u0219i vor putea participa activ la proiectele cultural-educative derulate \u00een bibliobuz.<\/p>\n<p>Prin noul Proiect 4.14 Bibliobuzul \u00een Jude\u021bul Alba, ce face parte din Programul 4 ANIMA\u021aIE CULTURAL\u0102 al Programului minimal pe 2017, Biblioteca Jude\u021bean\u0103 ,,Lucian Blaga\u201d Alba este tot mai proape de to\u021bi locuitorii jude\u021bului Alba \u00eencerc\u00e2nd s\u0103 pun\u0103 \u00een practic\u0103 strategia cultural\u0103 a Consiliului Jude\u021bean Alba, aceea de a asigura accesul tuturor iubitorilor de carte \u0219i de lectur\u0103 la c\u0103r\u021bile existente \u00een colec\u021biile bibliotecii jude\u021bene.<\/p>\n","protected":false},"excerpt":{"rendered":"<p>\u00cencep\u00e2nd cu data de 17 octombrie 2017 Biblioteca Jude\u021bean\u0103 ,,Lucian Blaga\u201d Alba vine \u00een \u00eent\u00e2mpinarea publicului cititor cu un nou proiect &#8211; Bibliobuzul \u00een jude\u021bul Alba. Proiectul are ca obiectiv derularea unor activit\u0103\u021bi culturale ce definesc biblioteca drept centru multicultural \u0219i urm\u0103re\u0219te s\u0103 satisfac\u0103 gusturile culturale \u0219i cerin\u021bele de lectur\u0103 exprimate de to\u021bi membrii comunit\u0103\u021bii &hellip;<\/p>\n","protected":false},"author":17,"featured_media":2925,"comment_status":"open","ping_status":"open","sticky":false,"template":"","format":"standard","meta":{"inline_featured_image":false,"footnotes":""},"categories":[2038],"tags":[12750,31,885,484,315,308,2311,76],"class_list":["post-54152","post","type-post","status-publish","format-standard","has-post-thumbnail","hentry","category-cultura","tag-activitati-culturale","tag-alba-iulia","tag-bibliobuz","tag-biblioteca-judeteana-lucian-blaga","tag-elevi","tag-stiri","tag-unitati-de-invatamant","tag-urbea-mea"],"yoast_head":"<!-- This site is optimized with the Yoast SEO plugin v28.3 - https:\/\/yoast.com\/product\/yoast-seo-wordpress\/ -->\n<title>De mar\u0163i, colec\u021biile Bibliotecii Jude\u021bene ,,Lucian Blaga\u201d Alba pleac\u0103 la drum. ,,Bibliobuzul \u00een jude\u021bul Alba\u201d, un nou proiect ce debuteaz\u0103 \u00een luna octombrie - Revista Urbea Mea - Revista de Alba<\/title>\n<meta name=\"description\" content=\"\u00cencep\u00e2nd cu data de 17 octombrie 2017 Biblioteca Jude\u021bean\u0103 ,,Lucian Blaga\u201d Alba vine \u00een \u00eent\u00e2mpinarea publicului cititor cu un nou proiect - Bibliobuzul \u00een\" \/>\n<meta name=\"robots\" content=\"index, follow, max-snippet:-1, max-image-preview:large, max-video-preview:-1\" \/>\n<link rel=\"canonical\" href=\"https:\/\/urbeamea.ro\/albaiulia\/de-marti-colectiile-bibliotecii-judetene-lucian-blaga-alba-pleaca-la-drum-bibliobuzul-in-judetul-alba-un-nou-proiect-ce-debuteaza-in-luna-octombrie\/\" \/>\n<meta name=\"twitter:card\" content=\"summary_large_image\" \/>\n<meta name=\"twitter:title\" content=\"De mar\u0163i, colec\u021biile Bibliotecii Jude\u021bene ,,Lucian Blaga\u201d Alba pleac\u0103 la drum. ,,Bibliobuzul \u00een jude\u021bul Alba\u201d, un nou proiect ce debuteaz\u0103 \u00een luna octombrie - Revista Urbea Mea - Revista de Alba\" \/>\n<meta name=\"twitter:description\" content=\"\u00cencep\u00e2nd cu data de 17 octombrie 2017 Biblioteca Jude\u021bean\u0103 ,,Lucian Blaga\u201d Alba vine \u00een \u00eent\u00e2mpinarea publicului cititor cu un nou proiect - Bibliobuzul \u00een\" \/>\n<meta name=\"twitter:image\" content=\"https:\/\/urbeamea.ro\/albaiulia\/wp-content\/uploads\/2015\/04\/bibliobus.jpg\" \/>\n<meta name=\"twitter:creator\" content=\"@urbeameaweb\" \/>\n<meta name=\"twitter:site\" content=\"@urbeameaweb\" \/>\n<script type=\"application\/ld+json\" class=\"yoast-schema-graph\">{\"@context\":\"https:\\\/\\\/schema.org\",\"@graph\":[{\"@type\":\"Article\",\"@id\":\"https:\\\/\\\/urbeamea.ro\\\/albaiulia\\\/de-marti-colectiile-bibliotecii-judetene-lucian-blaga-alba-pleaca-la-drum-bibliobuzul-in-judetul-alba-un-nou-proiect-ce-debuteaza-in-luna-octombrie\\\/#article\",\"isPartOf\":{\"@id\":\"https:\\\/\\\/urbeamea.ro\\\/albaiulia\\\/de-marti-colectiile-bibliotecii-judetene-lucian-blaga-alba-pleaca-la-drum-bibliobuzul-in-judetul-alba-un-nou-proiect-ce-debuteaza-in-luna-octombrie\\\/\"},\"author\":{\"name\":\"Cristina Ganga\",\"@id\":\"https:\\\/\\\/urbeamea.ro\\\/albaiulia\\\/#\\\/schema\\\/person\\\/9700d21fae21c4f038b0b56f4506264a\"},\"headline\":\"De mar\u0163i, colec\u021biile Bibliotecii Jude\u021bene ,,Lucian Blaga\u201d Alba pleac\u0103 la drum. ,,Bibliobuzul \u00een jude\u021bul Alba\u201d, un nou proiect ce debuteaz\u0103 \u00een luna octombrie\",\"datePublished\":\"2017-10-13T14:41:10+00:00\",\"mainEntityOfPage\":{\"@id\":\"https:\\\/\\\/urbeamea.ro\\\/albaiulia\\\/de-marti-colectiile-bibliotecii-judetene-lucian-blaga-alba-pleaca-la-drum-bibliobuzul-in-judetul-alba-un-nou-proiect-ce-debuteaza-in-luna-octombrie\\\/\"},\"wordCount\":395,\"commentCount\":0,\"image\":{\"@id\":\"https:\\\/\\\/urbeamea.ro\\\/albaiulia\\\/de-marti-colectiile-bibliotecii-judetene-lucian-blaga-alba-pleaca-la-drum-bibliobuzul-in-judetul-alba-un-nou-proiect-ce-debuteaza-in-luna-octombrie\\\/#primaryimage\"},\"thumbnailUrl\":\"https:\\\/\\\/urbeamea.ro\\\/albaiulia\\\/wp-content\\\/uploads\\\/2015\\\/04\\\/bibliobus.jpg\",\"keywords\":[\"activitati culturale\",\"Alba Iulia\",\"bibliobuz\",\"biblioteca judeteana lucian blaga\",\"elevi\",\"stiri\",\"unitati de invatamant\",\"Urbea Mea\"],\"articleSection\":[\"Cultur\u0103\"],\"inLanguage\":\"ro-RO\",\"potentialAction\":[{\"@type\":\"CommentAction\",\"name\":\"Comment\",\"target\":[\"https:\\\/\\\/urbeamea.ro\\\/albaiulia\\\/de-marti-colectiile-bibliotecii-judetene-lucian-blaga-alba-pleaca-la-drum-bibliobuzul-in-judetul-alba-un-nou-proiect-ce-debuteaza-in-luna-octombrie\\\/#respond\"]}]},{\"@type\":\"WebPage\",\"@id\":\"https:\\\/\\\/urbeamea.ro\\\/albaiulia\\\/de-marti-colectiile-bibliotecii-judetene-lucian-blaga-alba-pleaca-la-drum-bibliobuzul-in-judetul-alba-un-nou-proiect-ce-debuteaza-in-luna-octombrie\\\/\",\"url\":\"https:\\\/\\\/urbeamea.ro\\\/albaiulia\\\/de-marti-colectiile-bibliotecii-judetene-lucian-blaga-alba-pleaca-la-drum-bibliobuzul-in-judetul-alba-un-nou-proiect-ce-debuteaza-in-luna-octombrie\\\/\",\"name\":\"De mar\u0163i, colec\u021biile Bibliotecii Jude\u021bene ,,Lucian Blaga\u201d Alba pleac\u0103 la drum. ,,Bibliobuzul \u00een jude\u021bul Alba\u201d, un nou proiect ce debuteaz\u0103 \u00een luna octombrie - Revista Urbea Mea - Revista de Alba\",\"isPartOf\":{\"@id\":\"https:\\\/\\\/urbeamea.ro\\\/albaiulia\\\/#website\"},\"primaryImageOfPage\":{\"@id\":\"https:\\\/\\\/urbeamea.ro\\\/albaiulia\\\/de-marti-colectiile-bibliotecii-judetene-lucian-blaga-alba-pleaca-la-drum-bibliobuzul-in-judetul-alba-un-nou-proiect-ce-debuteaza-in-luna-octombrie\\\/#primaryimage\"},\"image\":{\"@id\":\"https:\\\/\\\/urbeamea.ro\\\/albaiulia\\\/de-marti-colectiile-bibliotecii-judetene-lucian-blaga-alba-pleaca-la-drum-bibliobuzul-in-judetul-alba-un-nou-proiect-ce-debuteaza-in-luna-octombrie\\\/#primaryimage\"},\"thumbnailUrl\":\"https:\\\/\\\/urbeamea.ro\\\/albaiulia\\\/wp-content\\\/uploads\\\/2015\\\/04\\\/bibliobus.jpg\",\"datePublished\":\"2017-10-13T14:41:10+00:00\",\"author\":{\"@id\":\"https:\\\/\\\/urbeamea.ro\\\/albaiulia\\\/#\\\/schema\\\/person\\\/9700d21fae21c4f038b0b56f4506264a\"},\"description\":\"\u00cencep\u00e2nd cu data de 17 octombrie 2017 Biblioteca Jude\u021bean\u0103 ,,Lucian Blaga\u201d Alba vine \u00een \u00eent\u00e2mpinarea publicului cititor cu un nou proiect - Bibliobuzul \u00een\",\"breadcrumb\":{\"@id\":\"https:\\\/\\\/urbeamea.ro\\\/albaiulia\\\/de-marti-colectiile-bibliotecii-judetene-lucian-blaga-alba-pleaca-la-drum-bibliobuzul-in-judetul-alba-un-nou-proiect-ce-debuteaza-in-luna-octombrie\\\/#breadcrumb\"},\"inLanguage\":\"ro-RO\",\"potentialAction\":[{\"@type\":\"ReadAction\",\"target\":[\"https:\\\/\\\/urbeamea.ro\\\/albaiulia\\\/de-marti-colectiile-bibliotecii-judetene-lucian-blaga-alba-pleaca-la-drum-bibliobuzul-in-judetul-alba-un-nou-proiect-ce-debuteaza-in-luna-octombrie\\\/\"]}]},{\"@type\":\"ImageObject\",\"inLanguage\":\"ro-RO\",\"@id\":\"https:\\\/\\\/urbeamea.ro\\\/albaiulia\\\/de-marti-colectiile-bibliotecii-judetene-lucian-blaga-alba-pleaca-la-drum-bibliobuzul-in-judetul-alba-un-nou-proiect-ce-debuteaza-in-luna-octombrie\\\/#primaryimage\",\"url\":\"https:\\\/\\\/urbeamea.ro\\\/albaiulia\\\/wp-content\\\/uploads\\\/2015\\\/04\\\/bibliobus.jpg\",\"contentUrl\":\"https:\\\/\\\/urbeamea.ro\\\/albaiulia\\\/wp-content\\\/uploads\\\/2015\\\/04\\\/bibliobus.jpg\",\"width\":960,\"height\":720},{\"@type\":\"BreadcrumbList\",\"@id\":\"https:\\\/\\\/urbeamea.ro\\\/albaiulia\\\/de-marti-colectiile-bibliotecii-judetene-lucian-blaga-alba-pleaca-la-drum-bibliobuzul-in-judetul-alba-un-nou-proiect-ce-debuteaza-in-luna-octombrie\\\/#breadcrumb\",\"itemListElement\":[{\"@type\":\"ListItem\",\"position\":1,\"name\":\"Prima pagin\u0103\",\"item\":\"https:\\\/\\\/urbeamea.ro\\\/albaiulia\\\/\"},{\"@type\":\"ListItem\",\"position\":2,\"name\":\"De mar\u0163i, colec\u021biile Bibliotecii Jude\u021bene ,,Lucian Blaga\u201d Alba pleac\u0103 la drum. ,,Bibliobuzul \u00een jude\u021bul Alba\u201d, un nou proiect ce debuteaz\u0103 \u00een luna octombrie\"}]},{\"@type\":\"WebSite\",\"@id\":\"https:\\\/\\\/urbeamea.ro\\\/albaiulia\\\/#website\",\"url\":\"https:\\\/\\\/urbeamea.ro\\\/albaiulia\\\/\",\"name\":\"Revista Urbea Mea, Stiri urbane\",\"description\":\"Evenimente \u0219i \u0219tiri din Alba Iulia, Sebe\u0219, Aiud, Blaj\",\"potentialAction\":[{\"@type\":\"SearchAction\",\"target\":{\"@type\":\"EntryPoint\",\"urlTemplate\":\"https:\\\/\\\/urbeamea.ro\\\/albaiulia\\\/?s={search_term_string}\"},\"query-input\":{\"@type\":\"PropertyValueSpecification\",\"valueRequired\":true,\"valueName\":\"search_term_string\"}}],\"inLanguage\":\"ro-RO\"},{\"@type\":\"Person\",\"@id\":\"https:\\\/\\\/urbeamea.ro\\\/albaiulia\\\/#\\\/schema\\\/person\\\/9700d21fae21c4f038b0b56f4506264a\",\"name\":\"Cristina Ganga\",\"image\":{\"@type\":\"ImageObject\",\"inLanguage\":\"ro-RO\",\"@id\":\"https:\\\/\\\/secure.gravatar.com\\\/avatar\\\/5a67661041f057b4a8ccaf26f5a8e86e2689372006d01faf3dd9eeb10b654bb4?s=96&d=mm&r=g\",\"url\":\"https:\\\/\\\/secure.gravatar.com\\\/avatar\\\/5a67661041f057b4a8ccaf26f5a8e86e2689372006d01faf3dd9eeb10b654bb4?s=96&d=mm&r=g\",\"contentUrl\":\"https:\\\/\\\/secure.gravatar.com\\\/avatar\\\/5a67661041f057b4a8ccaf26f5a8e86e2689372006d01faf3dd9eeb10b654bb4?s=96&d=mm&r=g\",\"caption\":\"Cristina Ganga\"},\"description\":\"Jurnalist\",\"sameAs\":[\"https:\\\/\\\/www.facebook.com\\\/cristina.nicola.587\"],\"url\":\"https:\\\/\\\/urbeamea.ro\\\/albaiulia\\\/author\\\/cristina-nicola\\\/\"}]}<\/script>\n<!-- \/ Yoast SEO plugin. -->","yoast_head_json":{"title":"De mar\u0163i, colec\u021biile Bibliotecii Jude\u021bene ,,Lucian Blaga\u201d Alba pleac\u0103 la drum. ,,Bibliobuzul \u00een jude\u021bul Alba\u201d, un nou proiect ce debuteaz\u0103 \u00een luna octombrie - Revista Urbea Mea - Revista de Alba","description":"\u00cencep\u00e2nd cu data de 17 octombrie 2017 Biblioteca Jude\u021bean\u0103 ,,Lucian Blaga\u201d Alba vine \u00een \u00eent\u00e2mpinarea publicului cititor cu un nou proiect - Bibliobuzul \u00een","robots":{"index":"index","follow":"follow","max-snippet":"max-snippet:-1","max-image-preview":"max-image-preview:large","max-video-preview":"max-video-preview:-1"},"canonical":"https:\/\/urbeamea.ro\/albaiulia\/de-marti-colectiile-bibliotecii-judetene-lucian-blaga-alba-pleaca-la-drum-bibliobuzul-in-judetul-alba-un-nou-proiect-ce-debuteaza-in-luna-octombrie\/","twitter_card":"summary_large_image","twitter_title":"De mar\u0163i, colec\u021biile Bibliotecii Jude\u021bene ,,Lucian Blaga\u201d Alba pleac\u0103 la drum. ,,Bibliobuzul \u00een jude\u021bul Alba\u201d, un nou proiect ce debuteaz\u0103 \u00een luna octombrie - Revista Urbea Mea - Revista de Alba","twitter_description":"\u00cencep\u00e2nd cu data de 17 octombrie 2017 Biblioteca Jude\u021bean\u0103 ,,Lucian Blaga\u201d Alba vine \u00een \u00eent\u00e2mpinarea publicului cititor cu un nou proiect - Bibliobuzul \u00een","twitter_image":"https:\/\/urbeamea.ro\/albaiulia\/wp-content\/uploads\/2015\/04\/bibliobus.jpg","twitter_creator":"@urbeameaweb","twitter_site":"@urbeameaweb","schema":{"@context":"https:\/\/schema.org","@graph":[{"@type":"Article","@id":"https:\/\/urbeamea.ro\/albaiulia\/de-marti-colectiile-bibliotecii-judetene-lucian-blaga-alba-pleaca-la-drum-bibliobuzul-in-judetul-alba-un-nou-proiect-ce-debuteaza-in-luna-octombrie\/#article","isPartOf":{"@id":"https:\/\/urbeamea.ro\/albaiulia\/de-marti-colectiile-bibliotecii-judetene-lucian-blaga-alba-pleaca-la-drum-bibliobuzul-in-judetul-alba-un-nou-proiect-ce-debuteaza-in-luna-octombrie\/"},"author":{"name":"Cristina Ganga","@id":"https:\/\/urbeamea.ro\/albaiulia\/#\/schema\/person\/9700d21fae21c4f038b0b56f4506264a"},"headline":"De mar\u0163i, colec\u021biile Bibliotecii Jude\u021bene ,,Lucian Blaga\u201d Alba pleac\u0103 la drum. ,,Bibliobuzul \u00een jude\u021bul Alba\u201d, un nou proiect ce debuteaz\u0103 \u00een luna octombrie","datePublished":"2017-10-13T14:41:10+00:00","mainEntityOfPage":{"@id":"https:\/\/urbeamea.ro\/albaiulia\/de-marti-colectiile-bibliotecii-judetene-lucian-blaga-alba-pleaca-la-drum-bibliobuzul-in-judetul-alba-un-nou-proiect-ce-debuteaza-in-luna-octombrie\/"},"wordCount":395,"commentCount":0,"image":{"@id":"https:\/\/urbeamea.ro\/albaiulia\/de-marti-colectiile-bibliotecii-judetene-lucian-blaga-alba-pleaca-la-drum-bibliobuzul-in-judetul-alba-un-nou-proiect-ce-debuteaza-in-luna-octombrie\/#primaryimage"},"thumbnailUrl":"https:\/\/urbeamea.ro\/albaiulia\/wp-content\/uploads\/2015\/04\/bibliobus.jpg","keywords":["activitati culturale","Alba Iulia","bibliobuz","biblioteca judeteana lucian blaga","elevi","stiri","unitati de invatamant","Urbea Mea"],"articleSection":["Cultur\u0103"],"inLanguage":"ro-RO","potentialAction":[{"@type":"CommentAction","name":"Comment","target":["https:\/\/urbeamea.ro\/albaiulia\/de-marti-colectiile-bibliotecii-judetene-lucian-blaga-alba-pleaca-la-drum-bibliobuzul-in-judetul-alba-un-nou-proiect-ce-debuteaza-in-luna-octombrie\/#respond"]}]},{"@type":"WebPage","@id":"https:\/\/urbeamea.ro\/albaiulia\/de-marti-colectiile-bibliotecii-judetene-lucian-blaga-alba-pleaca-la-drum-bibliobuzul-in-judetul-alba-un-nou-proiect-ce-debuteaza-in-luna-octombrie\/","url":"https:\/\/urbeamea.ro\/albaiulia\/de-marti-colectiile-bibliotecii-judetene-lucian-blaga-alba-pleaca-la-drum-bibliobuzul-in-judetul-alba-un-nou-proiect-ce-debuteaza-in-luna-octombrie\/","name":"De mar\u0163i, colec\u021biile Bibliotecii Jude\u021bene ,,Lucian Blaga\u201d Alba pleac\u0103 la drum. ,,Bibliobuzul \u00een jude\u021bul Alba\u201d, un nou proiect ce debuteaz\u0103 \u00een luna octombrie - Revista Urbea Mea - Revista de Alba","isPartOf":{"@id":"https:\/\/urbeamea.ro\/albaiulia\/#website"},"primaryImageOfPage":{"@id":"https:\/\/urbeamea.ro\/albaiulia\/de-marti-colectiile-bibliotecii-judetene-lucian-blaga-alba-pleaca-la-drum-bibliobuzul-in-judetul-alba-un-nou-proiect-ce-debuteaza-in-luna-octombrie\/#primaryimage"},"image":{"@id":"https:\/\/urbeamea.ro\/albaiulia\/de-marti-colectiile-bibliotecii-judetene-lucian-blaga-alba-pleaca-la-drum-bibliobuzul-in-judetul-alba-un-nou-proiect-ce-debuteaza-in-luna-octombrie\/#primaryimage"},"thumbnailUrl":"https:\/\/urbeamea.ro\/albaiulia\/wp-content\/uploads\/2015\/04\/bibliobus.jpg","datePublished":"2017-10-13T14:41:10+00:00","author":{"@id":"https:\/\/urbeamea.ro\/albaiulia\/#\/schema\/person\/9700d21fae21c4f038b0b56f4506264a"},"description":"\u00cencep\u00e2nd cu data de 17 octombrie 2017 Biblioteca Jude\u021bean\u0103 ,,Lucian Blaga\u201d Alba vine \u00een \u00eent\u00e2mpinarea publicului cititor cu un nou proiect - Bibliobuzul \u00een","breadcrumb":{"@id":"https:\/\/urbeamea.ro\/albaiulia\/de-marti-colectiile-bibliotecii-judetene-lucian-blaga-alba-pleaca-la-drum-bibliobuzul-in-judetul-alba-un-nou-proiect-ce-debuteaza-in-luna-octombrie\/#breadcrumb"},"inLanguage":"ro-RO","potentialAction":[{"@type":"ReadAction","target":["https:\/\/urbeamea.ro\/albaiulia\/de-marti-colectiile-bibliotecii-judetene-lucian-blaga-alba-pleaca-la-drum-bibliobuzul-in-judetul-alba-un-nou-proiect-ce-debuteaza-in-luna-octombrie\/"]}]},{"@type":"ImageObject","inLanguage":"ro-RO","@id":"https:\/\/urbeamea.ro\/albaiulia\/de-marti-colectiile-bibliotecii-judetene-lucian-blaga-alba-pleaca-la-drum-bibliobuzul-in-judetul-alba-un-nou-proiect-ce-debuteaza-in-luna-octombrie\/#primaryimage","url":"https:\/\/urbeamea.ro\/albaiulia\/wp-content\/uploads\/2015\/04\/bibliobus.jpg","contentUrl":"https:\/\/urbeamea.ro\/albaiulia\/wp-content\/uploads\/2015\/04\/bibliobus.jpg","width":960,"height":720},{"@type":"BreadcrumbList","@id":"https:\/\/urbeamea.ro\/albaiulia\/de-marti-colectiile-bibliotecii-judetene-lucian-blaga-alba-pleaca-la-drum-bibliobuzul-in-judetul-alba-un-nou-proiect-ce-debuteaza-in-luna-octombrie\/#breadcrumb","itemListElement":[{"@type":"ListItem","position":1,"name":"Prima pagin\u0103","item":"https:\/\/urbeamea.ro\/albaiulia\/"},{"@type":"ListItem","position":2,"name":"De mar\u0163i, colec\u021biile Bibliotecii Jude\u021bene ,,Lucian Blaga\u201d Alba pleac\u0103 la drum. ,,Bibliobuzul \u00een jude\u021bul Alba\u201d, un nou proiect ce debuteaz\u0103 \u00een luna octombrie"}]},{"@type":"WebSite","@id":"https:\/\/urbeamea.ro\/albaiulia\/#website","url":"https:\/\/urbeamea.ro\/albaiulia\/","name":"Revista Urbea Mea, Stiri urbane","description":"Evenimente \u0219i \u0219tiri din Alba Iulia, Sebe\u0219, Aiud, Blaj","potentialAction":[{"@type":"SearchAction","target":{"@type":"EntryPoint","urlTemplate":"https:\/\/urbeamea.ro\/albaiulia\/?s={search_term_string}"},"query-input":{"@type":"PropertyValueSpecification","valueRequired":true,"valueName":"search_term_string"}}],"inLanguage":"ro-RO"},{"@type":"Person","@id":"https:\/\/urbeamea.ro\/albaiulia\/#\/schema\/person\/9700d21fae21c4f038b0b56f4506264a","name":"Cristina Ganga","image":{"@type":"ImageObject","inLanguage":"ro-RO","@id":"https:\/\/secure.gravatar.com\/avatar\/5a67661041f057b4a8ccaf26f5a8e86e2689372006d01faf3dd9eeb10b654bb4?s=96&d=mm&r=g","url":"https:\/\/secure.gravatar.com\/avatar\/5a67661041f057b4a8ccaf26f5a8e86e2689372006d01faf3dd9eeb10b654bb4?s=96&d=mm&r=g","contentUrl":"https:\/\/secure.gravatar.com\/avatar\/5a67661041f057b4a8ccaf26f5a8e86e2689372006d01faf3dd9eeb10b654bb4?s=96&d=mm&r=g","caption":"Cristina Ganga"},"description":"Jurnalist","sameAs":["https:\/\/www.facebook.com\/cristina.nicola.587"],"url":"https:\/\/urbeamea.ro\/albaiulia\/author\/cristina-nicola\/"}]}},"_links":{"self":[{"href":"https:\/\/urbeamea.ro\/albaiulia\/wp-json\/wp\/v2\/posts\/54152","targetHints":{"allow":["GET"]}}],"collection":[{"href":"https:\/\/urbeamea.ro\/albaiulia\/wp-json\/wp\/v2\/posts"}],"about":[{"href":"https:\/\/urbeamea.ro\/albaiulia\/wp-json\/wp\/v2\/types\/post"}],"author":[{"embeddable":true,"href":"https:\/\/urbeamea.ro\/albaiulia\/wp-json\/wp\/v2\/users\/17"}],"replies":[{"embeddable":true,"href":"https:\/\/urbeamea.ro\/albaiulia\/wp-json\/wp\/v2\/comments?post=54152"}],"version-history":[{"count":0,"href":"https:\/\/urbeamea.ro\/albaiulia\/wp-json\/wp\/v2\/posts\/54152\/revisions"}],"wp:featuredmedia":[{"embeddable":true,"href":"https:\/\/urbeamea.ro\/albaiulia\/wp-json\/wp\/v2\/media\/2925"}],"wp:attachment":[{"href":"https:\/\/urbeamea.ro\/albaiulia\/wp-json\/wp\/v2\/media?parent=54152"}],"wp:term":[{"taxonomy":"category","embeddable":true,"href":"https:\/\/urbeamea.ro\/albaiulia\/wp-json\/wp\/v2\/categories?post=54152"},{"taxonomy":"post_tag","embeddable":true,"href":"https:\/\/urbeamea.ro\/albaiulia\/wp-json\/wp\/v2\/tags?post=54152"}],"curies":[{"name":"wp","href":"https:\/\/api.w.org\/{rel}","templated":true}]}}