{"id":54593,"date":"2017-10-26T10:27:19","date_gmt":"2017-10-26T07:27:19","guid":{"rendered":"https:\/\/urbeamea.ro\/albaiulia\/?p=54593"},"modified":"2017-10-26T10:27:19","modified_gmt":"2017-10-26T07:27:19","slug":"foto-aproximativ-doua-sute-de-elevi-s-au-intalnit-miercuri-25-octombrie-cu-jandarmii-in-cadrul-saptamanii-scoala-altfel-sa-stii-mai-multe-sa-fii-mai-bun","status":"publish","type":"post","link":"https:\/\/urbeamea.ro\/albaiulia\/foto-aproximativ-doua-sute-de-elevi-s-au-intalnit-miercuri-25-octombrie-cu-jandarmii-in-cadrul-saptamanii-scoala-altfel-sa-stii-mai-multe-sa-fii-mai-bun\/","title":{"rendered":"FOTO: Aproximativ dou\u0103 sute de elevi s-au \u00eent\u00e2lnit miercuri, 25 octombrie, cu jandarmii, \u00een cadrul s\u0103pt\u0103m\u00e2nii \u201c\u015ecoala altfel: s\u0103 \u015ftii mai multe, sa fii mai bun!\u201d"},"content":{"rendered":"<p><strong>\u00cencep\u00e2nd cu ora 12.00, la Casa de Cultur\u0103 a Studen\u0163ilor din Alba Iulia a avut loc o activitate informativ-preventiv\u0103 derulat\u0103 de Jandarmeria Alba \u00een cadrul\u00a0 s\u0103pt\u0103m\u00e2nii \u201c<em>\u015ecoala altfel: s\u0103 \u015ftii mai multe, s\u0103 fii mai bun!<\/em>\u201d. <\/strong><\/p>\n<p><strong>Aproape dou\u0103 sute de elevi \u015fi cadre didactice de la Liceul cu Program Sportiv Alba Iulia, \u015ecoala Gimnazial\u0103 \u201cMihai Eminescu\u201d Alba Iulia \u015fi \u015ecoala Gimnazial\u0103 \u201c Nicolae Dr\u0103gan\u201d Galda de Jos au aflat direct de la jandarmi care sunt misiunile acestora, cum se implic\u0103 \u00een via\u0163a de zi cu zi a cet\u0103\u0163enilor \u015fi cum ac\u0163ioneaz\u0103 pentru a garanta respectarea drepturilor \u015fi libert\u0103\u0163ilor cet\u0103\u0163ene\u015fti. <\/strong><\/p>\n<p>De asemenea<strong>, <\/strong>au fost informa\u0163i cu privire la cele mai frecvente fapte de natur\u0103 penal\u0103 \u00eent\u00e2lnite \u00een \u015fcoal\u0103 \u015fi referitor la modul \u00een care adolescen\u0163ii pot fi tra\u015fi la r\u0103spundere din punct de vedere penal, chiar dac\u0103 sunt minori.<\/p>\n<p>Elevii au pus \u00eentreb\u0103ri referitoare la temele aduse \u00een discu\u0163ie, ace\u015ftia au participat la dezbatere, au avut nel\u0103muriri la care au primit r\u0103spuns, aceast\u0103 interactivitate duc\u00e2nd la o optim\u0103 \u00een\u0163elegere a aspectelor expuse de jandarmi. De un interes deosebit s-a bucurat apari\u0163ia a doi \u201cmasca\u0163i\u201d care \u015fi-au prezentat echipamentul din dotare \u015fi le-au spus copiilor ce fel de preg\u0103tire \u015fi antrenament trebuie s\u0103 urmeze un jandarm pentru a interveni eficient pe timpul unor misiuni cu grad ridicat de risc.<\/p>\n<p>\u00cen cea de-a doua parte, le-au fost prezentate elevilor o parte din materialele de interven\u0163ie specifice jandarmilor, un c\u00e2ine de serviciu special antrenat pentru interven\u0163ie precum \u015fi o autospecial\u0103 de interven\u0163ie specific\u0103 jandarmeriei.<\/p>\n<p>La sf\u00e2r\u015fitul activit\u0103\u0163ilor desf\u0103\u015furate, elevii s-au ar\u0103tat \u00eenc\u00e2nta\u0163i de experien\u0163a tr\u0103it\u0103, unii dintre ei exprim\u00e2ndu-\u015fi dorin\u0163a de a deveni jandarmi \u00een viitorul apropiat iar cadrele didactice au transmis mul\u0163umiri \u015fi aprecieri jandarmilor albaiulieni pentru activitatea desf\u0103\u015furat\u0103.<\/p>\n<div id='gallery-1' class='gallery galleryid-54593 gallery-columns-3 gallery-size-thumbnail'><figure class='gallery-item'>\n\t\t\t<div class='gallery-icon landscape'>\n\t\t\t\t<a href='https:\/\/urbeamea.ro\/albaiulia\/wp-content\/uploads\/2017\/10\/DSCN8844.jpg'><img decoding=\"async\" width=\"150\" height=\"113\" src=\"data:image\/png;base64,iVBORw0KGgoAAAANSUhEUgAAAYYAAADcAQMAAABOLJSDAAAAA1BMVEUAAACnej3aAAAAAXRSTlMAQObYZgAAACJJREFUaIHtwTEBAAAAwqD1T20ND6AAAAAAAAAAAAAA4N8AKvgAAUFIrrEAAAAASUVORK5CYII=\" class=\"attachment-thumbnail size-thumbnail lazy-img\" alt=\"\" srcset=\"https:\/\/urbeamea.ro\/albaiulia\/wp-content\/uploads\/2017\/10\/DSCN8844-150x113.jpg 150w, https:\/\/urbeamea.ro\/albaiulia\/wp-content\/uploads\/2017\/10\/DSCN8844-640x480.jpg 640w, https:\/\/urbeamea.ro\/albaiulia\/wp-content\/uploads\/2017\/10\/DSCN8844-768x576.jpg 768w, https:\/\/urbeamea.ro\/albaiulia\/wp-content\/uploads\/2017\/10\/DSCN8844.jpg 1024w\" sizes=\"auto, (max-width: 150px) 100vw, 150px\" data-src=\"https:\/\/urbeamea.ro\/albaiulia\/wp-content\/uploads\/2017\/10\/DSCN8844-150x113.jpg\" loading=\"lazy\" \/><\/a>\n\t\t\t<\/div><\/figure><figure class='gallery-item'>\n\t\t\t<div class='gallery-icon landscape'>\n\t\t\t\t<a href='https:\/\/urbeamea.ro\/albaiulia\/wp-content\/uploads\/2017\/10\/DSCN8849.jpg'><img decoding=\"async\" width=\"150\" height=\"113\" src=\"data:image\/png;base64,iVBORw0KGgoAAAANSUhEUgAAAYYAAADcAQMAAABOLJSDAAAAA1BMVEUAAACnej3aAAAAAXRSTlMAQObYZgAAACJJREFUaIHtwTEBAAAAwqD1T20ND6AAAAAAAAAAAAAA4N8AKvgAAUFIrrEAAAAASUVORK5CYII=\" class=\"attachment-thumbnail size-thumbnail lazy-img\" alt=\"\" srcset=\"https:\/\/urbeamea.ro\/albaiulia\/wp-content\/uploads\/2017\/10\/DSCN8849-150x113.jpg 150w, https:\/\/urbeamea.ro\/albaiulia\/wp-content\/uploads\/2017\/10\/DSCN8849-640x480.jpg 640w, https:\/\/urbeamea.ro\/albaiulia\/wp-content\/uploads\/2017\/10\/DSCN8849-768x576.jpg 768w, https:\/\/urbeamea.ro\/albaiulia\/wp-content\/uploads\/2017\/10\/DSCN8849.jpg 1024w\" sizes=\"auto, (max-width: 150px) 100vw, 150px\" data-src=\"https:\/\/urbeamea.ro\/albaiulia\/wp-content\/uploads\/2017\/10\/DSCN8849-150x113.jpg\" loading=\"lazy\" \/><\/a>\n\t\t\t<\/div><\/figure><figure class='gallery-item'>\n\t\t\t<div class='gallery-icon landscape'>\n\t\t\t\t<a href='https:\/\/urbeamea.ro\/albaiulia\/wp-content\/uploads\/2017\/10\/DSCN8853.jpg'><img decoding=\"async\" width=\"150\" height=\"113\" src=\"data:image\/png;base64,iVBORw0KGgoAAAANSUhEUgAAAYYAAADcAQMAAABOLJSDAAAAA1BMVEUAAACnej3aAAAAAXRSTlMAQObYZgAAACJJREFUaIHtwTEBAAAAwqD1T20ND6AAAAAAAAAAAAAA4N8AKvgAAUFIrrEAAAAASUVORK5CYII=\" class=\"attachment-thumbnail size-thumbnail lazy-img\" alt=\"\" srcset=\"https:\/\/urbeamea.ro\/albaiulia\/wp-content\/uploads\/2017\/10\/DSCN8853-150x113.jpg 150w, https:\/\/urbeamea.ro\/albaiulia\/wp-content\/uploads\/2017\/10\/DSCN8853-640x480.jpg 640w, https:\/\/urbeamea.ro\/albaiulia\/wp-content\/uploads\/2017\/10\/DSCN8853-768x576.jpg 768w, https:\/\/urbeamea.ro\/albaiulia\/wp-content\/uploads\/2017\/10\/DSCN8853.jpg 1024w\" sizes=\"auto, (max-width: 150px) 100vw, 150px\" data-src=\"https:\/\/urbeamea.ro\/albaiulia\/wp-content\/uploads\/2017\/10\/DSCN8853-150x113.jpg\" loading=\"lazy\" \/><\/a>\n\t\t\t<\/div><\/figure><figure class='gallery-item'>\n\t\t\t<div class='gallery-icon landscape'>\n\t\t\t\t<a href='https:\/\/urbeamea.ro\/albaiulia\/wp-content\/uploads\/2017\/10\/DSCN8856.jpg'><img decoding=\"async\" width=\"150\" height=\"113\" src=\"data:image\/png;base64,iVBORw0KGgoAAAANSUhEUgAAAYYAAADcAQMAAABOLJSDAAAAA1BMVEUAAACnej3aAAAAAXRSTlMAQObYZgAAACJJREFUaIHtwTEBAAAAwqD1T20ND6AAAAAAAAAAAAAA4N8AKvgAAUFIrrEAAAAASUVORK5CYII=\" class=\"attachment-thumbnail size-thumbnail lazy-img\" alt=\"\" srcset=\"https:\/\/urbeamea.ro\/albaiulia\/wp-content\/uploads\/2017\/10\/DSCN8856-150x113.jpg 150w, https:\/\/urbeamea.ro\/albaiulia\/wp-content\/uploads\/2017\/10\/DSCN8856-640x480.jpg 640w, https:\/\/urbeamea.ro\/albaiulia\/wp-content\/uploads\/2017\/10\/DSCN8856-768x576.jpg 768w, https:\/\/urbeamea.ro\/albaiulia\/wp-content\/uploads\/2017\/10\/DSCN8856.jpg 1024w\" sizes=\"auto, (max-width: 150px) 100vw, 150px\" data-src=\"https:\/\/urbeamea.ro\/albaiulia\/wp-content\/uploads\/2017\/10\/DSCN8856-150x113.jpg\" loading=\"lazy\" \/><\/a>\n\t\t\t<\/div><\/figure><figure class='gallery-item'>\n\t\t\t<div class='gallery-icon landscape'>\n\t\t\t\t<a href='https:\/\/urbeamea.ro\/albaiulia\/wp-content\/uploads\/2017\/10\/DSCN8858.jpg'><img decoding=\"async\" width=\"150\" height=\"113\" src=\"data:image\/png;base64,iVBORw0KGgoAAAANSUhEUgAAAYYAAADcAQMAAABOLJSDAAAAA1BMVEUAAACnej3aAAAAAXRSTlMAQObYZgAAACJJREFUaIHtwTEBAAAAwqD1T20ND6AAAAAAAAAAAAAA4N8AKvgAAUFIrrEAAAAASUVORK5CYII=\" class=\"attachment-thumbnail size-thumbnail lazy-img\" alt=\"\" srcset=\"https:\/\/urbeamea.ro\/albaiulia\/wp-content\/uploads\/2017\/10\/DSCN8858-150x113.jpg 150w, https:\/\/urbeamea.ro\/albaiulia\/wp-content\/uploads\/2017\/10\/DSCN8858-640x480.jpg 640w, https:\/\/urbeamea.ro\/albaiulia\/wp-content\/uploads\/2017\/10\/DSCN8858-768x576.jpg 768w, https:\/\/urbeamea.ro\/albaiulia\/wp-content\/uploads\/2017\/10\/DSCN8858.jpg 1024w\" sizes=\"auto, (max-width: 150px) 100vw, 150px\" data-src=\"https:\/\/urbeamea.ro\/albaiulia\/wp-content\/uploads\/2017\/10\/DSCN8858-150x113.jpg\" loading=\"lazy\" \/><\/a>\n\t\t\t<\/div><\/figure><figure class='gallery-item'>\n\t\t\t<div class='gallery-icon landscape'>\n\t\t\t\t<a href='https:\/\/urbeamea.ro\/albaiulia\/wp-content\/uploads\/2017\/10\/DSCN8867.jpg'><img decoding=\"async\" width=\"150\" height=\"113\" src=\"data:image\/png;base64,iVBORw0KGgoAAAANSUhEUgAAAYYAAADcAQMAAABOLJSDAAAAA1BMVEUAAACnej3aAAAAAXRSTlMAQObYZgAAACJJREFUaIHtwTEBAAAAwqD1T20ND6AAAAAAAAAAAAAA4N8AKvgAAUFIrrEAAAAASUVORK5CYII=\" class=\"attachment-thumbnail size-thumbnail lazy-img\" alt=\"\" srcset=\"https:\/\/urbeamea.ro\/albaiulia\/wp-content\/uploads\/2017\/10\/DSCN8867-150x113.jpg 150w, https:\/\/urbeamea.ro\/albaiulia\/wp-content\/uploads\/2017\/10\/DSCN8867-640x480.jpg 640w, https:\/\/urbeamea.ro\/albaiulia\/wp-content\/uploads\/2017\/10\/DSCN8867-768x576.jpg 768w, https:\/\/urbeamea.ro\/albaiulia\/wp-content\/uploads\/2017\/10\/DSCN8867.jpg 1024w\" sizes=\"auto, (max-width: 150px) 100vw, 150px\" data-src=\"https:\/\/urbeamea.ro\/albaiulia\/wp-content\/uploads\/2017\/10\/DSCN8867-150x113.jpg\" loading=\"lazy\" \/><\/a>\n\t\t\t<\/div><\/figure><figure class='gallery-item'>\n\t\t\t<div class='gallery-icon landscape'>\n\t\t\t\t<a href='https:\/\/urbeamea.ro\/albaiulia\/wp-content\/uploads\/2017\/10\/DSCN8870.jpg'><img decoding=\"async\" width=\"150\" height=\"113\" src=\"data:image\/png;base64,iVBORw0KGgoAAAANSUhEUgAAAYYAAADcAQMAAABOLJSDAAAAA1BMVEUAAACnej3aAAAAAXRSTlMAQObYZgAAACJJREFUaIHtwTEBAAAAwqD1T20ND6AAAAAAAAAAAAAA4N8AKvgAAUFIrrEAAAAASUVORK5CYII=\" class=\"attachment-thumbnail size-thumbnail lazy-img\" alt=\"\" srcset=\"https:\/\/urbeamea.ro\/albaiulia\/wp-content\/uploads\/2017\/10\/DSCN8870-150x113.jpg 150w, https:\/\/urbeamea.ro\/albaiulia\/wp-content\/uploads\/2017\/10\/DSCN8870-640x480.jpg 640w, https:\/\/urbeamea.ro\/albaiulia\/wp-content\/uploads\/2017\/10\/DSCN8870-768x576.jpg 768w, https:\/\/urbeamea.ro\/albaiulia\/wp-content\/uploads\/2017\/10\/DSCN8870.jpg 1024w\" sizes=\"auto, (max-width: 150px) 100vw, 150px\" data-src=\"https:\/\/urbeamea.ro\/albaiulia\/wp-content\/uploads\/2017\/10\/DSCN8870-150x113.jpg\" loading=\"lazy\" \/><\/a>\n\t\t\t<\/div><\/figure><figure class='gallery-item'>\n\t\t\t<div class='gallery-icon landscape'>\n\t\t\t\t<a href='https:\/\/urbeamea.ro\/albaiulia\/wp-content\/uploads\/2017\/10\/DSCN8877.jpg'><img decoding=\"async\" width=\"150\" height=\"113\" src=\"data:image\/png;base64,iVBORw0KGgoAAAANSUhEUgAAAYYAAADcAQMAAABOLJSDAAAAA1BMVEUAAACnej3aAAAAAXRSTlMAQObYZgAAACJJREFUaIHtwTEBAAAAwqD1T20ND6AAAAAAAAAAAAAA4N8AKvgAAUFIrrEAAAAASUVORK5CYII=\" class=\"attachment-thumbnail size-thumbnail lazy-img\" alt=\"\" srcset=\"https:\/\/urbeamea.ro\/albaiulia\/wp-content\/uploads\/2017\/10\/DSCN8877-150x113.jpg 150w, https:\/\/urbeamea.ro\/albaiulia\/wp-content\/uploads\/2017\/10\/DSCN8877-640x480.jpg 640w, https:\/\/urbeamea.ro\/albaiulia\/wp-content\/uploads\/2017\/10\/DSCN8877-768x576.jpg 768w, https:\/\/urbeamea.ro\/albaiulia\/wp-content\/uploads\/2017\/10\/DSCN8877.jpg 1024w\" sizes=\"auto, (max-width: 150px) 100vw, 150px\" data-src=\"https:\/\/urbeamea.ro\/albaiulia\/wp-content\/uploads\/2017\/10\/DSCN8877-150x113.jpg\" loading=\"lazy\" \/><\/a>\n\t\t\t<\/div><\/figure><figure class='gallery-item'>\n\t\t\t<div class='gallery-icon landscape'>\n\t\t\t\t<a href='https:\/\/urbeamea.ro\/albaiulia\/wp-content\/uploads\/2017\/10\/DSCN8879.jpg'><img decoding=\"async\" width=\"150\" height=\"113\" src=\"data:image\/png;base64,iVBORw0KGgoAAAANSUhEUgAAAYYAAADcAQMAAABOLJSDAAAAA1BMVEUAAACnej3aAAAAAXRSTlMAQObYZgAAACJJREFUaIHtwTEBAAAAwqD1T20ND6AAAAAAAAAAAAAA4N8AKvgAAUFIrrEAAAAASUVORK5CYII=\" class=\"attachment-thumbnail size-thumbnail lazy-img\" alt=\"\" srcset=\"https:\/\/urbeamea.ro\/albaiulia\/wp-content\/uploads\/2017\/10\/DSCN8879-150x113.jpg 150w, https:\/\/urbeamea.ro\/albaiulia\/wp-content\/uploads\/2017\/10\/DSCN8879-640x480.jpg 640w, https:\/\/urbeamea.ro\/albaiulia\/wp-content\/uploads\/2017\/10\/DSCN8879-768x576.jpg 768w, https:\/\/urbeamea.ro\/albaiulia\/wp-content\/uploads\/2017\/10\/DSCN8879.jpg 1024w\" sizes=\"auto, (max-width: 150px) 100vw, 150px\" data-src=\"https:\/\/urbeamea.ro\/albaiulia\/wp-content\/uploads\/2017\/10\/DSCN8879-150x113.jpg\" loading=\"lazy\" \/><\/a>\n\t\t\t<\/div><\/figure><figure class='gallery-item'>\n\t\t\t<div class='gallery-icon landscape'>\n\t\t\t\t<a href='https:\/\/urbeamea.ro\/albaiulia\/wp-content\/uploads\/2017\/10\/Poza-1.jpg'><img decoding=\"async\" width=\"150\" height=\"113\" src=\"data:image\/png;base64,iVBORw0KGgoAAAANSUhEUgAAAYYAAADcAQMAAABOLJSDAAAAA1BMVEUAAACnej3aAAAAAXRSTlMAQObYZgAAACJJREFUaIHtwTEBAAAAwqD1T20ND6AAAAAAAAAAAAAA4N8AKvgAAUFIrrEAAAAASUVORK5CYII=\" class=\"attachment-thumbnail size-thumbnail lazy-img\" alt=\"\" srcset=\"https:\/\/urbeamea.ro\/albaiulia\/wp-content\/uploads\/2017\/10\/Poza-1-150x113.jpg 150w, https:\/\/urbeamea.ro\/albaiulia\/wp-content\/uploads\/2017\/10\/Poza-1-640x480.jpg 640w, https:\/\/urbeamea.ro\/albaiulia\/wp-content\/uploads\/2017\/10\/Poza-1-768x576.jpg 768w, https:\/\/urbeamea.ro\/albaiulia\/wp-content\/uploads\/2017\/10\/Poza-1.jpg 1024w\" sizes=\"auto, (max-width: 150px) 100vw, 150px\" data-src=\"https:\/\/urbeamea.ro\/albaiulia\/wp-content\/uploads\/2017\/10\/Poza-1-150x113.jpg\" loading=\"lazy\" \/><\/a>\n\t\t\t<\/div><\/figure>\n\t\t<\/div>\n\n","protected":false},"excerpt":{"rendered":"<p>\u00cencep\u00e2nd cu ora 12.00, la Casa de Cultur\u0103 a Studen\u0163ilor din Alba Iulia a avut loc o activitate informativ-preventiv\u0103 derulat\u0103 de Jandarmeria Alba \u00een cadrul\u00a0 s\u0103pt\u0103m\u00e2nii \u201c\u015ecoala altfel: s\u0103 \u015ftii mai multe, s\u0103 fii mai bun!\u201d. Aproape dou\u0103 sute de elevi \u015fi cadre didactice de la Liceul cu Program Sportiv Alba Iulia, \u015ecoala Gimnazial\u0103 \u201cMihai &hellip;<\/p>\n","protected":false},"author":17,"featured_media":54596,"comment_status":"open","ping_status":"open","sticky":false,"template":"","format":"standard","meta":{"inline_featured_image":false,"footnotes":""},"categories":[2034],"tags":[31,626,337,315,1200,4383,308,76],"class_list":["post-54593","post","type-post","status-publish","format-standard","has-post-thumbnail","hentry","category-social","tag-alba-iulia","tag-cadre-didactice","tag-casa-de-cultura-a-studentilor","tag-elevi","tag-jandarmi","tag-scoala-altfel","tag-stiri","tag-urbea-mea"],"yoast_head":"<!-- This site is optimized with the Yoast SEO plugin v27.4 - https:\/\/yoast.com\/product\/yoast-seo-wordpress\/ -->\n<title>FOTO: Aproximativ dou\u0103 sute de elevi s-au \u00eent\u00e2lnit miercuri, 25 octombrie, cu jandarmii, \u00een cadrul s\u0103pt\u0103m\u00e2nii \u201c\u015ecoala altfel: s\u0103 \u015ftii mai multe, sa fii mai bun!\u201d - Revista Urbea Mea - Revista de Alba<\/title>\n<meta name=\"description\" content=\"\u00cencep\u00e2nd cu ora 12.00, la Casa de Cultur\u0103 a Studen\u0163ilor din Alba Iulia a avut loc o activitate informativ-preventiv\u0103 derulat\u0103 de Jandarmeria Alba \u00een\" \/>\n<meta name=\"robots\" content=\"index, follow, max-snippet:-1, max-image-preview:large, max-video-preview:-1\" \/>\n<link rel=\"canonical\" href=\"https:\/\/urbeamea.ro\/albaiulia\/foto-aproximativ-doua-sute-de-elevi-s-au-intalnit-miercuri-25-octombrie-cu-jandarmii-in-cadrul-saptamanii-scoala-altfel-sa-stii-mai-multe-sa-fii-mai-bun\/\" \/>\n<meta name=\"twitter:card\" content=\"summary_large_image\" \/>\n<meta name=\"twitter:title\" content=\"FOTO: Aproximativ dou\u0103 sute de elevi s-au \u00eent\u00e2lnit miercuri, 25 octombrie, cu jandarmii, \u00een cadrul s\u0103pt\u0103m\u00e2nii \u201c\u015ecoala altfel: s\u0103 \u015ftii mai multe, sa fii mai bun!\u201d - Revista Urbea Mea - Revista de Alba\" \/>\n<meta name=\"twitter:description\" content=\"\u00cencep\u00e2nd cu ora 12.00, la Casa de Cultur\u0103 a Studen\u0163ilor din Alba Iulia a avut loc o activitate informativ-preventiv\u0103 derulat\u0103 de Jandarmeria Alba \u00een\" \/>\n<meta name=\"twitter:image\" content=\"https:\/\/urbeamea.ro\/albaiulia\/wp-content\/uploads\/2017\/10\/DSCN8853.jpg\" \/>\n<meta name=\"twitter:creator\" content=\"@urbeameaweb\" \/>\n<meta name=\"twitter:site\" content=\"@urbeameaweb\" \/>\n<script type=\"application\/ld+json\" class=\"yoast-schema-graph\">{\"@context\":\"https:\\\/\\\/schema.org\",\"@graph\":[{\"@type\":\"Article\",\"@id\":\"https:\\\/\\\/urbeamea.ro\\\/albaiulia\\\/foto-aproximativ-doua-sute-de-elevi-s-au-intalnit-miercuri-25-octombrie-cu-jandarmii-in-cadrul-saptamanii-scoala-altfel-sa-stii-mai-multe-sa-fii-mai-bun\\\/#article\",\"isPartOf\":{\"@id\":\"https:\\\/\\\/urbeamea.ro\\\/albaiulia\\\/foto-aproximativ-doua-sute-de-elevi-s-au-intalnit-miercuri-25-octombrie-cu-jandarmii-in-cadrul-saptamanii-scoala-altfel-sa-stii-mai-multe-sa-fii-mai-bun\\\/\"},\"author\":{\"name\":\"Cristina Ganga\",\"@id\":\"https:\\\/\\\/urbeamea.ro\\\/albaiulia\\\/#\\\/schema\\\/person\\\/9700d21fae21c4f038b0b56f4506264a\"},\"headline\":\"FOTO: Aproximativ dou\u0103 sute de elevi s-au \u00eent\u00e2lnit miercuri, 25 octombrie, cu jandarmii, \u00een cadrul s\u0103pt\u0103m\u00e2nii \u201c\u015ecoala altfel: s\u0103 \u015ftii mai multe, sa fii mai bun!\u201d\",\"datePublished\":\"2017-10-26T07:27:19+00:00\",\"mainEntityOfPage\":{\"@id\":\"https:\\\/\\\/urbeamea.ro\\\/albaiulia\\\/foto-aproximativ-doua-sute-de-elevi-s-au-intalnit-miercuri-25-octombrie-cu-jandarmii-in-cadrul-saptamanii-scoala-altfel-sa-stii-mai-multe-sa-fii-mai-bun\\\/\"},\"wordCount\":362,\"commentCount\":0,\"image\":{\"@id\":\"https:\\\/\\\/urbeamea.ro\\\/albaiulia\\\/foto-aproximativ-doua-sute-de-elevi-s-au-intalnit-miercuri-25-octombrie-cu-jandarmii-in-cadrul-saptamanii-scoala-altfel-sa-stii-mai-multe-sa-fii-mai-bun\\\/#primaryimage\"},\"thumbnailUrl\":\"https:\\\/\\\/urbeamea.ro\\\/albaiulia\\\/wp-content\\\/uploads\\\/2017\\\/10\\\/DSCN8853.jpg\",\"keywords\":[\"Alba Iulia\",\"cadre didactice\",\"casa de cultura a studentilor\",\"elevi\",\"jandarmi\",\"scoala altfel\",\"stiri\",\"Urbea Mea\"],\"articleSection\":[\"Social\"],\"inLanguage\":\"ro-RO\",\"potentialAction\":[{\"@type\":\"CommentAction\",\"name\":\"Comment\",\"target\":[\"https:\\\/\\\/urbeamea.ro\\\/albaiulia\\\/foto-aproximativ-doua-sute-de-elevi-s-au-intalnit-miercuri-25-octombrie-cu-jandarmii-in-cadrul-saptamanii-scoala-altfel-sa-stii-mai-multe-sa-fii-mai-bun\\\/#respond\"]}]},{\"@type\":\"WebPage\",\"@id\":\"https:\\\/\\\/urbeamea.ro\\\/albaiulia\\\/foto-aproximativ-doua-sute-de-elevi-s-au-intalnit-miercuri-25-octombrie-cu-jandarmii-in-cadrul-saptamanii-scoala-altfel-sa-stii-mai-multe-sa-fii-mai-bun\\\/\",\"url\":\"https:\\\/\\\/urbeamea.ro\\\/albaiulia\\\/foto-aproximativ-doua-sute-de-elevi-s-au-intalnit-miercuri-25-octombrie-cu-jandarmii-in-cadrul-saptamanii-scoala-altfel-sa-stii-mai-multe-sa-fii-mai-bun\\\/\",\"name\":\"FOTO: Aproximativ dou\u0103 sute de elevi s-au \u00eent\u00e2lnit miercuri, 25 octombrie, cu jandarmii, \u00een cadrul s\u0103pt\u0103m\u00e2nii \u201c\u015ecoala altfel: s\u0103 \u015ftii mai multe, sa fii mai bun!\u201d - Revista Urbea Mea - Revista de Alba\",\"isPartOf\":{\"@id\":\"https:\\\/\\\/urbeamea.ro\\\/albaiulia\\\/#website\"},\"primaryImageOfPage\":{\"@id\":\"https:\\\/\\\/urbeamea.ro\\\/albaiulia\\\/foto-aproximativ-doua-sute-de-elevi-s-au-intalnit-miercuri-25-octombrie-cu-jandarmii-in-cadrul-saptamanii-scoala-altfel-sa-stii-mai-multe-sa-fii-mai-bun\\\/#primaryimage\"},\"image\":{\"@id\":\"https:\\\/\\\/urbeamea.ro\\\/albaiulia\\\/foto-aproximativ-doua-sute-de-elevi-s-au-intalnit-miercuri-25-octombrie-cu-jandarmii-in-cadrul-saptamanii-scoala-altfel-sa-stii-mai-multe-sa-fii-mai-bun\\\/#primaryimage\"},\"thumbnailUrl\":\"https:\\\/\\\/urbeamea.ro\\\/albaiulia\\\/wp-content\\\/uploads\\\/2017\\\/10\\\/DSCN8853.jpg\",\"datePublished\":\"2017-10-26T07:27:19+00:00\",\"author\":{\"@id\":\"https:\\\/\\\/urbeamea.ro\\\/albaiulia\\\/#\\\/schema\\\/person\\\/9700d21fae21c4f038b0b56f4506264a\"},\"description\":\"\u00cencep\u00e2nd cu ora 12.00, la Casa de Cultur\u0103 a Studen\u0163ilor din Alba Iulia a avut loc o activitate informativ-preventiv\u0103 derulat\u0103 de Jandarmeria Alba \u00een\",\"breadcrumb\":{\"@id\":\"https:\\\/\\\/urbeamea.ro\\\/albaiulia\\\/foto-aproximativ-doua-sute-de-elevi-s-au-intalnit-miercuri-25-octombrie-cu-jandarmii-in-cadrul-saptamanii-scoala-altfel-sa-stii-mai-multe-sa-fii-mai-bun\\\/#breadcrumb\"},\"inLanguage\":\"ro-RO\",\"potentialAction\":[{\"@type\":\"ReadAction\",\"target\":[\"https:\\\/\\\/urbeamea.ro\\\/albaiulia\\\/foto-aproximativ-doua-sute-de-elevi-s-au-intalnit-miercuri-25-octombrie-cu-jandarmii-in-cadrul-saptamanii-scoala-altfel-sa-stii-mai-multe-sa-fii-mai-bun\\\/\"]}]},{\"@type\":\"ImageObject\",\"inLanguage\":\"ro-RO\",\"@id\":\"https:\\\/\\\/urbeamea.ro\\\/albaiulia\\\/foto-aproximativ-doua-sute-de-elevi-s-au-intalnit-miercuri-25-octombrie-cu-jandarmii-in-cadrul-saptamanii-scoala-altfel-sa-stii-mai-multe-sa-fii-mai-bun\\\/#primaryimage\",\"url\":\"https:\\\/\\\/urbeamea.ro\\\/albaiulia\\\/wp-content\\\/uploads\\\/2017\\\/10\\\/DSCN8853.jpg\",\"contentUrl\":\"https:\\\/\\\/urbeamea.ro\\\/albaiulia\\\/wp-content\\\/uploads\\\/2017\\\/10\\\/DSCN8853.jpg\",\"width\":1024,\"height\":768},{\"@type\":\"BreadcrumbList\",\"@id\":\"https:\\\/\\\/urbeamea.ro\\\/albaiulia\\\/foto-aproximativ-doua-sute-de-elevi-s-au-intalnit-miercuri-25-octombrie-cu-jandarmii-in-cadrul-saptamanii-scoala-altfel-sa-stii-mai-multe-sa-fii-mai-bun\\\/#breadcrumb\",\"itemListElement\":[{\"@type\":\"ListItem\",\"position\":1,\"name\":\"Prima pagin\u0103\",\"item\":\"https:\\\/\\\/urbeamea.ro\\\/albaiulia\\\/\"},{\"@type\":\"ListItem\",\"position\":2,\"name\":\"FOTO: Aproximativ dou\u0103 sute de elevi s-au \u00eent\u00e2lnit miercuri, 25 octombrie, cu jandarmii, \u00een cadrul s\u0103pt\u0103m\u00e2nii \u201c\u015ecoala altfel: s\u0103 \u015ftii mai multe, sa fii mai bun!\u201d\"}]},{\"@type\":\"WebSite\",\"@id\":\"https:\\\/\\\/urbeamea.ro\\\/albaiulia\\\/#website\",\"url\":\"https:\\\/\\\/urbeamea.ro\\\/albaiulia\\\/\",\"name\":\"Revista Urbea Mea, Stiri urbane\",\"description\":\"Evenimente \u0219i \u0219tiri din Alba Iulia, Sebe\u0219, Aiud, Blaj\",\"potentialAction\":[{\"@type\":\"SearchAction\",\"target\":{\"@type\":\"EntryPoint\",\"urlTemplate\":\"https:\\\/\\\/urbeamea.ro\\\/albaiulia\\\/?s={search_term_string}\"},\"query-input\":{\"@type\":\"PropertyValueSpecification\",\"valueRequired\":true,\"valueName\":\"search_term_string\"}}],\"inLanguage\":\"ro-RO\"},{\"@type\":\"Person\",\"@id\":\"https:\\\/\\\/urbeamea.ro\\\/albaiulia\\\/#\\\/schema\\\/person\\\/9700d21fae21c4f038b0b56f4506264a\",\"name\":\"Cristina Ganga\",\"image\":{\"@type\":\"ImageObject\",\"inLanguage\":\"ro-RO\",\"@id\":\"https:\\\/\\\/secure.gravatar.com\\\/avatar\\\/5a67661041f057b4a8ccaf26f5a8e86e2689372006d01faf3dd9eeb10b654bb4?s=96&d=mm&r=g\",\"url\":\"https:\\\/\\\/secure.gravatar.com\\\/avatar\\\/5a67661041f057b4a8ccaf26f5a8e86e2689372006d01faf3dd9eeb10b654bb4?s=96&d=mm&r=g\",\"contentUrl\":\"https:\\\/\\\/secure.gravatar.com\\\/avatar\\\/5a67661041f057b4a8ccaf26f5a8e86e2689372006d01faf3dd9eeb10b654bb4?s=96&d=mm&r=g\",\"caption\":\"Cristina Ganga\"},\"description\":\"Jurnalist\",\"sameAs\":[\"https:\\\/\\\/www.facebook.com\\\/cristina.nicola.587\"],\"url\":\"https:\\\/\\\/urbeamea.ro\\\/albaiulia\\\/author\\\/cristina-nicola\\\/\"}]}<\/script>\n<!-- \/ Yoast SEO plugin. -->","yoast_head_json":{"title":"FOTO: Aproximativ dou\u0103 sute de elevi s-au \u00eent\u00e2lnit miercuri, 25 octombrie, cu jandarmii, \u00een cadrul s\u0103pt\u0103m\u00e2nii \u201c\u015ecoala altfel: s\u0103 \u015ftii mai multe, sa fii mai bun!\u201d - Revista Urbea Mea - Revista de Alba","description":"\u00cencep\u00e2nd cu ora 12.00, la Casa de Cultur\u0103 a Studen\u0163ilor din Alba Iulia a avut loc o activitate informativ-preventiv\u0103 derulat\u0103 de Jandarmeria Alba \u00een","robots":{"index":"index","follow":"follow","max-snippet":"max-snippet:-1","max-image-preview":"max-image-preview:large","max-video-preview":"max-video-preview:-1"},"canonical":"https:\/\/urbeamea.ro\/albaiulia\/foto-aproximativ-doua-sute-de-elevi-s-au-intalnit-miercuri-25-octombrie-cu-jandarmii-in-cadrul-saptamanii-scoala-altfel-sa-stii-mai-multe-sa-fii-mai-bun\/","twitter_card":"summary_large_image","twitter_title":"FOTO: Aproximativ dou\u0103 sute de elevi s-au \u00eent\u00e2lnit miercuri, 25 octombrie, cu jandarmii, \u00een cadrul s\u0103pt\u0103m\u00e2nii \u201c\u015ecoala altfel: s\u0103 \u015ftii mai multe, sa fii mai bun!\u201d - Revista Urbea Mea - Revista de Alba","twitter_description":"\u00cencep\u00e2nd cu ora 12.00, la Casa de Cultur\u0103 a Studen\u0163ilor din Alba Iulia a avut loc o activitate informativ-preventiv\u0103 derulat\u0103 de Jandarmeria Alba \u00een","twitter_image":"https:\/\/urbeamea.ro\/albaiulia\/wp-content\/uploads\/2017\/10\/DSCN8853.jpg","twitter_creator":"@urbeameaweb","twitter_site":"@urbeameaweb","schema":{"@context":"https:\/\/schema.org","@graph":[{"@type":"Article","@id":"https:\/\/urbeamea.ro\/albaiulia\/foto-aproximativ-doua-sute-de-elevi-s-au-intalnit-miercuri-25-octombrie-cu-jandarmii-in-cadrul-saptamanii-scoala-altfel-sa-stii-mai-multe-sa-fii-mai-bun\/#article","isPartOf":{"@id":"https:\/\/urbeamea.ro\/albaiulia\/foto-aproximativ-doua-sute-de-elevi-s-au-intalnit-miercuri-25-octombrie-cu-jandarmii-in-cadrul-saptamanii-scoala-altfel-sa-stii-mai-multe-sa-fii-mai-bun\/"},"author":{"name":"Cristina Ganga","@id":"https:\/\/urbeamea.ro\/albaiulia\/#\/schema\/person\/9700d21fae21c4f038b0b56f4506264a"},"headline":"FOTO: Aproximativ dou\u0103 sute de elevi s-au \u00eent\u00e2lnit miercuri, 25 octombrie, cu jandarmii, \u00een cadrul s\u0103pt\u0103m\u00e2nii \u201c\u015ecoala altfel: s\u0103 \u015ftii mai multe, sa fii mai bun!\u201d","datePublished":"2017-10-26T07:27:19+00:00","mainEntityOfPage":{"@id":"https:\/\/urbeamea.ro\/albaiulia\/foto-aproximativ-doua-sute-de-elevi-s-au-intalnit-miercuri-25-octombrie-cu-jandarmii-in-cadrul-saptamanii-scoala-altfel-sa-stii-mai-multe-sa-fii-mai-bun\/"},"wordCount":362,"commentCount":0,"image":{"@id":"https:\/\/urbeamea.ro\/albaiulia\/foto-aproximativ-doua-sute-de-elevi-s-au-intalnit-miercuri-25-octombrie-cu-jandarmii-in-cadrul-saptamanii-scoala-altfel-sa-stii-mai-multe-sa-fii-mai-bun\/#primaryimage"},"thumbnailUrl":"https:\/\/urbeamea.ro\/albaiulia\/wp-content\/uploads\/2017\/10\/DSCN8853.jpg","keywords":["Alba Iulia","cadre didactice","casa de cultura a studentilor","elevi","jandarmi","scoala altfel","stiri","Urbea Mea"],"articleSection":["Social"],"inLanguage":"ro-RO","potentialAction":[{"@type":"CommentAction","name":"Comment","target":["https:\/\/urbeamea.ro\/albaiulia\/foto-aproximativ-doua-sute-de-elevi-s-au-intalnit-miercuri-25-octombrie-cu-jandarmii-in-cadrul-saptamanii-scoala-altfel-sa-stii-mai-multe-sa-fii-mai-bun\/#respond"]}]},{"@type":"WebPage","@id":"https:\/\/urbeamea.ro\/albaiulia\/foto-aproximativ-doua-sute-de-elevi-s-au-intalnit-miercuri-25-octombrie-cu-jandarmii-in-cadrul-saptamanii-scoala-altfel-sa-stii-mai-multe-sa-fii-mai-bun\/","url":"https:\/\/urbeamea.ro\/albaiulia\/foto-aproximativ-doua-sute-de-elevi-s-au-intalnit-miercuri-25-octombrie-cu-jandarmii-in-cadrul-saptamanii-scoala-altfel-sa-stii-mai-multe-sa-fii-mai-bun\/","name":"FOTO: Aproximativ dou\u0103 sute de elevi s-au \u00eent\u00e2lnit miercuri, 25 octombrie, cu jandarmii, \u00een cadrul s\u0103pt\u0103m\u00e2nii \u201c\u015ecoala altfel: s\u0103 \u015ftii mai multe, sa fii mai bun!\u201d - Revista Urbea Mea - Revista de Alba","isPartOf":{"@id":"https:\/\/urbeamea.ro\/albaiulia\/#website"},"primaryImageOfPage":{"@id":"https:\/\/urbeamea.ro\/albaiulia\/foto-aproximativ-doua-sute-de-elevi-s-au-intalnit-miercuri-25-octombrie-cu-jandarmii-in-cadrul-saptamanii-scoala-altfel-sa-stii-mai-multe-sa-fii-mai-bun\/#primaryimage"},"image":{"@id":"https:\/\/urbeamea.ro\/albaiulia\/foto-aproximativ-doua-sute-de-elevi-s-au-intalnit-miercuri-25-octombrie-cu-jandarmii-in-cadrul-saptamanii-scoala-altfel-sa-stii-mai-multe-sa-fii-mai-bun\/#primaryimage"},"thumbnailUrl":"https:\/\/urbeamea.ro\/albaiulia\/wp-content\/uploads\/2017\/10\/DSCN8853.jpg","datePublished":"2017-10-26T07:27:19+00:00","author":{"@id":"https:\/\/urbeamea.ro\/albaiulia\/#\/schema\/person\/9700d21fae21c4f038b0b56f4506264a"},"description":"\u00cencep\u00e2nd cu ora 12.00, la Casa de Cultur\u0103 a Studen\u0163ilor din Alba Iulia a avut loc o activitate informativ-preventiv\u0103 derulat\u0103 de Jandarmeria Alba \u00een","breadcrumb":{"@id":"https:\/\/urbeamea.ro\/albaiulia\/foto-aproximativ-doua-sute-de-elevi-s-au-intalnit-miercuri-25-octombrie-cu-jandarmii-in-cadrul-saptamanii-scoala-altfel-sa-stii-mai-multe-sa-fii-mai-bun\/#breadcrumb"},"inLanguage":"ro-RO","potentialAction":[{"@type":"ReadAction","target":["https:\/\/urbeamea.ro\/albaiulia\/foto-aproximativ-doua-sute-de-elevi-s-au-intalnit-miercuri-25-octombrie-cu-jandarmii-in-cadrul-saptamanii-scoala-altfel-sa-stii-mai-multe-sa-fii-mai-bun\/"]}]},{"@type":"ImageObject","inLanguage":"ro-RO","@id":"https:\/\/urbeamea.ro\/albaiulia\/foto-aproximativ-doua-sute-de-elevi-s-au-intalnit-miercuri-25-octombrie-cu-jandarmii-in-cadrul-saptamanii-scoala-altfel-sa-stii-mai-multe-sa-fii-mai-bun\/#primaryimage","url":"https:\/\/urbeamea.ro\/albaiulia\/wp-content\/uploads\/2017\/10\/DSCN8853.jpg","contentUrl":"https:\/\/urbeamea.ro\/albaiulia\/wp-content\/uploads\/2017\/10\/DSCN8853.jpg","width":1024,"height":768},{"@type":"BreadcrumbList","@id":"https:\/\/urbeamea.ro\/albaiulia\/foto-aproximativ-doua-sute-de-elevi-s-au-intalnit-miercuri-25-octombrie-cu-jandarmii-in-cadrul-saptamanii-scoala-altfel-sa-stii-mai-multe-sa-fii-mai-bun\/#breadcrumb","itemListElement":[{"@type":"ListItem","position":1,"name":"Prima pagin\u0103","item":"https:\/\/urbeamea.ro\/albaiulia\/"},{"@type":"ListItem","position":2,"name":"FOTO: Aproximativ dou\u0103 sute de elevi s-au \u00eent\u00e2lnit miercuri, 25 octombrie, cu jandarmii, \u00een cadrul s\u0103pt\u0103m\u00e2nii \u201c\u015ecoala altfel: s\u0103 \u015ftii mai multe, sa fii mai bun!\u201d"}]},{"@type":"WebSite","@id":"https:\/\/urbeamea.ro\/albaiulia\/#website","url":"https:\/\/urbeamea.ro\/albaiulia\/","name":"Revista Urbea Mea, Stiri urbane","description":"Evenimente \u0219i \u0219tiri din Alba Iulia, Sebe\u0219, Aiud, Blaj","potentialAction":[{"@type":"SearchAction","target":{"@type":"EntryPoint","urlTemplate":"https:\/\/urbeamea.ro\/albaiulia\/?s={search_term_string}"},"query-input":{"@type":"PropertyValueSpecification","valueRequired":true,"valueName":"search_term_string"}}],"inLanguage":"ro-RO"},{"@type":"Person","@id":"https:\/\/urbeamea.ro\/albaiulia\/#\/schema\/person\/9700d21fae21c4f038b0b56f4506264a","name":"Cristina Ganga","image":{"@type":"ImageObject","inLanguage":"ro-RO","@id":"https:\/\/secure.gravatar.com\/avatar\/5a67661041f057b4a8ccaf26f5a8e86e2689372006d01faf3dd9eeb10b654bb4?s=96&d=mm&r=g","url":"https:\/\/secure.gravatar.com\/avatar\/5a67661041f057b4a8ccaf26f5a8e86e2689372006d01faf3dd9eeb10b654bb4?s=96&d=mm&r=g","contentUrl":"https:\/\/secure.gravatar.com\/avatar\/5a67661041f057b4a8ccaf26f5a8e86e2689372006d01faf3dd9eeb10b654bb4?s=96&d=mm&r=g","caption":"Cristina Ganga"},"description":"Jurnalist","sameAs":["https:\/\/www.facebook.com\/cristina.nicola.587"],"url":"https:\/\/urbeamea.ro\/albaiulia\/author\/cristina-nicola\/"}]}},"_links":{"self":[{"href":"https:\/\/urbeamea.ro\/albaiulia\/wp-json\/wp\/v2\/posts\/54593","targetHints":{"allow":["GET"]}}],"collection":[{"href":"https:\/\/urbeamea.ro\/albaiulia\/wp-json\/wp\/v2\/posts"}],"about":[{"href":"https:\/\/urbeamea.ro\/albaiulia\/wp-json\/wp\/v2\/types\/post"}],"author":[{"embeddable":true,"href":"https:\/\/urbeamea.ro\/albaiulia\/wp-json\/wp\/v2\/users\/17"}],"replies":[{"embeddable":true,"href":"https:\/\/urbeamea.ro\/albaiulia\/wp-json\/wp\/v2\/comments?post=54593"}],"version-history":[{"count":0,"href":"https:\/\/urbeamea.ro\/albaiulia\/wp-json\/wp\/v2\/posts\/54593\/revisions"}],"wp:featuredmedia":[{"embeddable":true,"href":"https:\/\/urbeamea.ro\/albaiulia\/wp-json\/wp\/v2\/media\/54596"}],"wp:attachment":[{"href":"https:\/\/urbeamea.ro\/albaiulia\/wp-json\/wp\/v2\/media?parent=54593"}],"wp:term":[{"taxonomy":"category","embeddable":true,"href":"https:\/\/urbeamea.ro\/albaiulia\/wp-json\/wp\/v2\/categories?post=54593"},{"taxonomy":"post_tag","embeddable":true,"href":"https:\/\/urbeamea.ro\/albaiulia\/wp-json\/wp\/v2\/tags?post=54593"}],"curies":[{"name":"wp","href":"https:\/\/api.w.org\/{rel}","templated":true}]}}