{"id":55005,"date":"2017-11-02T09:00:28","date_gmt":"2017-11-02T07:00:28","guid":{"rendered":"https:\/\/urbeamea.ro\/albaiulia\/?p=55005"},"modified":"2017-11-01T20:15:45","modified_gmt":"2017-11-01T18:15:45","slug":"anul-centenarului-marii-uniri-proiecte-de-peste-2-milioane-de-lei-propuse-de-centrul-de-cultura-augustin-bena-alba","status":"publish","type":"post","link":"https:\/\/urbeamea.ro\/albaiulia\/anul-centenarului-marii-uniri-proiecte-de-peste-2-milioane-de-lei-propuse-de-centrul-de-cultura-augustin-bena-alba\/","title":{"rendered":"Anul Centenarului Marii Uniri: Proiecte de peste 2 milioane de lei propuse de Centrul de Cultur\u0103 \u201dAugustin Bena\u201d Alba"},"content":{"rendered":"<p><strong>\u00cenceputul lunii noiembrie a venit la Centrul de Cultur\u0103 \u201dAugustin Bena\u201d Alba cu prezentarea programul de activit\u0103\u021bi pe care \u0219i l-a propus pentru anul 2018, an \u00een care se va s\u0103rb\u0103tori Centenarul Marii Uniri. Este vorba despre o serie de \u00a0proiecte pentru care s-a prev\u0103zut un buget de 2.760.000 de lei.<br \/>\n<\/strong><\/p>\n<p><em>\u201dAst\u0103zi am \u00eenceput seria dezbaterilor publice legate de implementarea proiectelor Centrului de Cultur\u0103 \u201dAugustin Bena\u201d pentru anul 2018. O serie de proiecte \u0219i programe care \u00ee\u0219i continu\u0103 edi\u021biile \u0219i \u00een 2018, dar \u0219i o serie de proiecte noi propuse pentru anul Centenarului Marii Uniri, foarte important pentru jude\u021bul Alba \u0219i pentru to\u021bi rom\u00e2nii. Avem o serie de proiecte propuse pentru a fi finan\u021bate de c\u0103tre Guvernul Rom\u00e2niei, pe care dorim s\u0103 le includem \u00een programul na\u021bional legat de Centenarul Marii Unirii \u0219i vom mai avea dou\u0103 proiecte pe care dorim s\u0103 le implement\u0103m pe plan interna\u021bional, un turneu de pricesne \u0219i un turneu de colinde trad\u021bionale din jude\u021bul Alba, pentru a ne adresa comunit\u0103\u021bilor de rom\u00e2ni din Europa,<\/em> a precizat Alexandru Pal, directorul Cnetrului de Cultur\u0103 \u201dAugustin Bena\u201d Alba.<\/p>\n<p>\u00cen vederea dezvolt\u0103rii activit\u0103\u021bii \u0219i preg\u0103tirii proiectelor proprii pentru Centenarul marii Uniri de la Alba Iulia, din anul 2018, Centrul de Cultur\u0103 ,,Augustin Bena,, \u0219i-a diversificat oferta de servicii \u0219i produse culturale, educative \u0219i artistice prin:<\/p>\n<ul>\n<li>\u00cenfiin\u021barea unei edituri proprii<\/li>\n<li>\u00cenfiin\u021barea unei edituri muzicale proprii<\/li>\n<li>\u00cenfiintarea unei Case de discuri \u00een cadrul institu\u021biei<\/li>\n<li>\u00cenfiin\u021barea compartimentului de promovare \u0219i valorificare a produselor \u0219i serviciilor cultural-artistice<\/li>\n<li>Deschiderea de noi clase: Pictur\u0103 tradi\u021bional\u0103 pe sticl\u0103 ,,\u0218coala de la Laz\u201d,Art\u0103 teatral\u0103 la Cugir \u0219i Alba Iulia; Dansuri de societate la Cugir; \u021aes\u0103turi tradi\u021bionale de G\u00e2rda; Muzic\u0103 religioas\u0103 la Alba Iulia; Interpretare la tulnic, la Avram Iancu \u0219i C\u00e2mpeni.<\/li>\n<\/ul>\n<p>V\u0103 prezent\u0103m mai jos programele \u0219i proiectele propuse pentru perioada 1 ianuarie \u2013 31 decembrie 2018:<\/p>\n<p><strong>Promovarea, conservarea, cercetarea \u0219i valorificarea Patrimoniului Cultural material \u0219i imaterial\u00a0 (12 proiecte, buget prev\u0103zut de 850.000 de lei)<br \/>\n<\/strong><\/p>\n<p>Programul are ca scop promovarea, conservarea, cercetarea \u0219i valorificarea Patrimoniului Cultural material \u0219i imaterial.<\/p>\n<ul>\n<li>Palatul Cultural din Blaj, \u00eentre trecut \u0219i viitor<\/li>\n<li>Statu\u2019 la vase \u00een lunea Pa\u0219telui<\/li>\n<li>Datini str\u0103bune pe Seca\u0219e<\/li>\n<li>Festivalul de tradi\u021bii \u0219i obiceiuri ,,Cultur\u0103 pentru Cultur\u0103\u201d<\/li>\n<li>Festivalul Cet\u0103\u021bilor Dacice<\/li>\n<li>T\u00e2rgul de Fete de pe Muntele G\u0103ina<\/li>\n<li>Ziua lemnarului<\/li>\n<li>T\u00e2rgul Interna\u021bional de Turism Rural<\/li>\n<li>Colocviile Na\u021bionale de Etnografie \u0219i Folclor<\/li>\n<li>Gala Tezaurelor Umane Vii<\/li>\n<li>Concert de Colinde la Alba Iulia<\/li>\n<li>Festivalul Tradi\u021biilor \u0219i Obiceiurilor de Iarn\u0103<\/li>\n<\/ul>\n<p><strong>Educa\u021bie artistic\u0103 \u0219i cultural\u0103 (15 proiecte, buget prev\u0103zut de 700.000 de lei)<br \/>\n<\/strong><\/p>\n<p>Programul are ca scop oferirea educa\u021biei artistice \u0219i culturale tinerilor \u00een special, comunit\u0103\u021bii \u00een general.<\/p>\n<ul>\n<li>Arte \u0219i me\u0219te\u0219uguri pentru to\u021bi<\/li>\n<li>Festivalul Na\u021bional de Folclor ,,Sus, sus, sus, la mo\u021bi, la munte\u201d C\u00e2mpeni<\/li>\n<li>Festivalul Na\u021bional de Folclor ,,Inimi fierbin\u021bi \u00een \u021bara de piatr\u0103\u201d Abrud<\/li>\n<li>Festivalul Na\u021bional de Folclor ,,Mure\u0219, pe marginea ta\u201d Ocna Mure\u0219<\/li>\n<li>Festivalul Na\u021bional de Folclor ,,Strugurele de Aur\u201d Alba Iulia<\/li>\n<li>Festivalul Na\u021bional de Folclor ,, Felician F\u0103rca\u0219iu\u201d Sebe\u0219<\/li>\n<li>Festivalul de Muzic\u0103 Jazz ,,Alba Jazz\u201d<\/li>\n<li>Festivalul Interna\u021bional de Muzic\u0103 Folk ,,Ziua de M\u00e2ine\u201d<\/li>\n<li>Festivalul Interna\u021bional de Muzic\u0103 Clasic\u0103 ,,Alba Classic Music\u201d<\/li>\n<li>Taberele de crea\u021bie artistic\u0103 ,,Augustin Bena\u201d<\/li>\n<li>Salonul de Prim\u0103var\u0103 a tinerilor arti\u0219ti plastici din Jude\u021bul Alba<\/li>\n<li>Salonul de Var\u0103 a tinerilor arti\u0219ti plastici din Jude\u021bul Alba<\/li>\n<li>Salonul de Toamn\u0103 a tinerilor arti\u0219ti plastici din Jude\u021bul Alba<\/li>\n<li>Salonul de Iarn\u0103 a tinerilor arti\u0219ti plastici din Jude\u021bul Alba<\/li>\n<li>Conferin\u021ba Na\u021bional\u0103 a Arti\u0219tilor Interpre\u021bi de Folclor Muzical din Rom\u00e2nia<\/li>\n<\/ul>\n<p><strong>S\u0103rb\u0103tori oficiale \u00een Rom\u00e2nia (14 proiecte, 450.000 de lei bugetul prev\u0103zut)<br \/>\n<\/strong><\/p>\n<p>Programul are ca scop implementarea de proiecte cultural-artistice cu ocazia s\u0103rb\u0103torilor oficiale din Rom\u00e2nia stabilite prin lege.<\/p>\n<ul>\n<li>Ziua Na\u021bional\u0103 a Rom\u00e2niei<\/li>\n<li>Ziua Artei Fotografice \u00een Rom\u00e2nia<\/li>\n<li>Ziua Unirii Principatelor Rom\u00e2ne<\/li>\n<li>Ziua Interna\u021bional\u0103 a Francofoniei<\/li>\n<li>S\u0103rb\u0103toarea Etniei Romilor din Rom\u00e2nia<\/li>\n<li>Ziua Na\u021bional\u0103 a Portului Tradi\u021bional din Rom\u00e2nia<\/li>\n<li>Ziua Na\u021bional\u0103 a Tineretului<\/li>\n<li>Ziua egalit\u0103\u021bii de \u0219anse \u00eentre femei \u0219i b\u0103rba\u021bi<\/li>\n<li>Ziua Europei<\/li>\n<li>Ziua Copilului<\/li>\n<li>Ziua \u00cenv\u0103\u021b\u0103m\u00e2ntului<\/li>\n<li>Ziua Imnului Na\u021bional al Rom\u00e2niei<\/li>\n<li>Ziua \u00cencoron\u0103rii Regelui Ferdinand \u0219i a Reginei Maria la Alba Iulia<\/li>\n<li>Ziua Patrimoniului Mondial UNESCO din Rom\u00e2nia<\/li>\n<\/ul>\n<p><strong>Artele spectacolului<\/strong> <strong>(5 proiecte, buget prev\u0103zut de 250.000 de lei)<\/strong><\/p>\n<p>Programul are ca scop implementarea proiectelor cultural-artistice din domeniul muzicii \u0219i dansului.<\/p>\n<p>Stagiunea Orchestrei de Camer\u0103 ,,Augustin Bena\u201d a Jude\u021bului Alba<\/p>\n<ul>\n<li>Blaj aLive<\/li>\n<li>Toamna Cugirean\u0103<\/li>\n<li>Festivalul Na\u021bional de Interpretare a Roman\u021bei ,,In memoriam Valer Ponoran\u201d<\/li>\n<li>Stagiunea concertelor de promenad\u0103 \u00een ora\u0219ele Jude\u021bului Alba<\/li>\n<\/ul>\n<p><strong>Arte vizuale<\/strong> <strong>(5 proiecte, buget prev\u0103zut de 150.000 de lei)<\/strong><\/p>\n<p>Programul are ca scop implementarea proiectelor cultural-artistice din domeniul artelor vizuale (pictur\u0103, sculptur\u0103, grafic\u0103, arte decorative, fotografie, video-art, ceramic\u0103, film experimental \u0219i de anima\u021bie, art\u0103 textil\u0103, tehnici mixte, noi media, design)<\/p>\n<ul>\n<li>Festivalul Interna\u021bional de Film Etnografic<\/li>\n<li>Tab\u0103ra Interna\u021bional\u0103 de arte plastice InterArt<\/li>\n<li>Festivalul Interna\u021bional de Film \u0219i Foto ArtAiud<\/li>\n<li>Expozi\u021bii persoanale de arte plastice<\/li>\n<li>Tab\u0103ra Interna\u021bional\u0103 de Sculptur\u0103 ,,D\u00e2mbul lui G\u00e2f\u201d<\/li>\n<\/ul>\n<p><strong>Diversitate \u0219i multiculturalitate (4 proiecte, buget prev\u0103zut de 160.000 de lei)<br \/>\n<\/strong><\/p>\n<p>Programul are ca scop promovarea \u0219i valorificarea diversit\u0103\u021bii \u0219i multiculturalit\u0103\u021bii, ca form\u0103 de definire a identit\u0103\u021bilor individuale \u0219i, \u00een aceea\u0219i m\u0103sur\u0103, de solidarizare a acestora.<\/p>\n<ul>\n<li>Festivalul Interna\u021bional de Folclor Aiud<\/li>\n<li>Ziua culturii maghiare de la Mir\u0103sl\u0103u<\/li>\n<li>Ziua culturii maghiare de la Unirea<\/li>\n<li>Festivalul Minorit\u0103\u021bilor Na\u021bionale din Rom\u00e2nia<\/li>\n<\/ul>\n<p><strong>Mobilitate \u0219i cooperare cultural\u0103, na\u021bional\u0103 \u0219i interna\u021bional\u0103<\/strong> <strong>(3 proiecte, 100.000 de lei bugetul prev\u0103zut)<\/strong><\/p>\n<p>Programul are ca scop cooperarea cultural-artistic\u0103 cu institu\u021bii, organiza\u021bii de profil \u0219i mobilitatea arti\u0219tilor, operelor, crea\u021biilor, serviciilor acestora pe plan na\u021bional \u0219i interna\u021bional.<\/p>\n<ul>\n<li>Jude\u021bul Alba \u00een \u021bar\u0103 \u0219i \u00een lume<\/li>\n<li>Turneu Na\u021bional \u0219i\/sau Interna\u021bional de Pricesne<\/li>\n<li>Turneu Na\u021bional \u0219i\/sau Interna\u021bional de Colinde tradi\u021bionale din Jude\u021bul Alba<\/li>\n<\/ul>\n<p><strong>Editura \u0219i Casa de discuri ,,Augustin Bena\u201d (9 proiecte, buget prev\u0103zut de 100.000 de lei)<br \/>\n<\/strong><\/p>\n<p>Programul are ca scop editarea, multiplicarea, promovarea \u0219i valorificarea lucr\u0103rilor de specialitate, a fonogramelor \u0219i videogramelor realizate sub egida institu\u021biei.<\/p>\n<ul>\n<li>Revista Discobolul<\/li>\n<li>Revista cultural\u0103 a Centrului de Cultur\u0103 ,,Augustin Bena,,<\/li>\n<li>Programul anual al Centrului de Cultur\u0103 ,,Augustin Bena\u201d<\/li>\n<li>Monografii, articole, studii \u0219i alte lucr\u0103ri de specialitate<\/li>\n<li>Partituri muzicale<\/li>\n<li>Albume de art\u0103<\/li>\n<li>Antologie de Folclor a Jude\u021bului Alba<\/li>\n<li>Spectacole \u0219i concerte Live (CD \u0219i\/sau DVD)<\/li>\n<li>Editare \u0219i multiplicare alte tip\u0103rituri, CD-uri sau DVD-uri.<\/li>\n<\/ul>\n<p>&nbsp;<\/p>\n","protected":false},"excerpt":{"rendered":"<p>\u00cenceputul lunii noiembrie a venit la Centrul de Cultur\u0103 \u201dAugustin Bena\u201d Alba cu prezentarea programul de activit\u0103\u021bi pe care \u0219i l-a propus pentru anul 2018, an \u00een care se va s\u0103rb\u0103tori Centenarul Marii Uniri. Este vorba despre o serie de \u00a0proiecte pentru care s-a prev\u0103zut un buget de 2.760.000 de lei. \u201dAst\u0103zi am \u00eenceput seria &hellip;<\/p>\n","protected":false},"author":17,"featured_media":55006,"comment_status":"open","ping_status":"open","sticky":false,"template":"","format":"standard","meta":{"inline_featured_image":false,"footnotes":""},"categories":[1],"tags":[31,12935,1098,7261,625,308,76],"class_list":["post-55005","post","type-post","status-publish","format-standard","has-post-thumbnail","hentry","category-stiri-urbane","tag-alba-iulia","tag-anul-centenarului-marii-uniri","tag-buget","tag-centrul-de-cultura-augustin-bena-alba","tag-proiecte","tag-stiri","tag-urbea-mea"],"yoast_head":"<!-- This site is optimized with the Yoast SEO plugin v28.3 - https:\/\/yoast.com\/product\/yoast-seo-wordpress\/ -->\n<title>Anul Centenarului Marii Uniri: Proiecte de peste 2 milioane de lei propuse de Centrul de Cultur\u0103 \u201dAugustin Bena\u201d Alba - Revista Urbea Mea - Revista de Alba<\/title>\n<meta name=\"description\" content=\"\u00cenceputul lunii noiembrie a venit la Centrul de Cultur\u0103 \u201dAugustin Bena\u201d Alba cu prezentarea programul de activit\u0103\u021bi pe care \u0219i l-a propus pentru anul\" \/>\n<meta name=\"robots\" content=\"index, follow, max-snippet:-1, max-image-preview:large, max-video-preview:-1\" \/>\n<link rel=\"canonical\" href=\"https:\/\/urbeamea.ro\/albaiulia\/anul-centenarului-marii-uniri-proiecte-de-peste-2-milioane-de-lei-propuse-de-centrul-de-cultura-augustin-bena-alba\/\" \/>\n<meta name=\"twitter:card\" content=\"summary_large_image\" \/>\n<meta name=\"twitter:title\" content=\"Anul Centenarului Marii Uniri: Proiecte de peste 2 milioane de lei propuse de Centrul de Cultur\u0103 \u201dAugustin Bena\u201d Alba - Revista Urbea Mea - Revista de Alba\" \/>\n<meta name=\"twitter:description\" content=\"\u00cenceputul lunii noiembrie a venit la Centrul de Cultur\u0103 \u201dAugustin Bena\u201d Alba cu prezentarea programul de activit\u0103\u021bi pe care \u0219i l-a propus pentru anul\" \/>\n<meta name=\"twitter:image\" content=\"https:\/\/urbeamea.ro\/albaiulia\/wp-content\/uploads\/2017\/11\/DSC_0076.jpg\" \/>\n<meta name=\"twitter:creator\" content=\"@urbeameaweb\" \/>\n<meta name=\"twitter:site\" content=\"@urbeameaweb\" \/>\n<script type=\"application\/ld+json\" class=\"yoast-schema-graph\">{\"@context\":\"https:\\\/\\\/schema.org\",\"@graph\":[{\"@type\":\"Article\",\"@id\":\"https:\\\/\\\/urbeamea.ro\\\/albaiulia\\\/anul-centenarului-marii-uniri-proiecte-de-peste-2-milioane-de-lei-propuse-de-centrul-de-cultura-augustin-bena-alba\\\/#article\",\"isPartOf\":{\"@id\":\"https:\\\/\\\/urbeamea.ro\\\/albaiulia\\\/anul-centenarului-marii-uniri-proiecte-de-peste-2-milioane-de-lei-propuse-de-centrul-de-cultura-augustin-bena-alba\\\/\"},\"author\":{\"name\":\"Cristina Ganga\",\"@id\":\"https:\\\/\\\/urbeamea.ro\\\/albaiulia\\\/#\\\/schema\\\/person\\\/9700d21fae21c4f038b0b56f4506264a\"},\"headline\":\"Anul Centenarului Marii Uniri: Proiecte de peste 2 milioane de lei propuse de Centrul de Cultur\u0103 \u201dAugustin Bena\u201d Alba\",\"datePublished\":\"2017-11-02T07:00:28+00:00\",\"mainEntityOfPage\":{\"@id\":\"https:\\\/\\\/urbeamea.ro\\\/albaiulia\\\/anul-centenarului-marii-uniri-proiecte-de-peste-2-milioane-de-lei-propuse-de-centrul-de-cultura-augustin-bena-alba\\\/\"},\"wordCount\":1138,\"commentCount\":0,\"image\":{\"@id\":\"https:\\\/\\\/urbeamea.ro\\\/albaiulia\\\/anul-centenarului-marii-uniri-proiecte-de-peste-2-milioane-de-lei-propuse-de-centrul-de-cultura-augustin-bena-alba\\\/#primaryimage\"},\"thumbnailUrl\":\"https:\\\/\\\/urbeamea.ro\\\/albaiulia\\\/wp-content\\\/uploads\\\/2017\\\/11\\\/DSC_0076.jpg\",\"keywords\":[\"Alba Iulia\",\"anul centenarului marii uniri\",\"buget\",\"centrul de cultura augustin bena alba\",\"proiecte\",\"stiri\",\"Urbea Mea\"],\"articleSection\":[\"\u015etiri Urbane\"],\"inLanguage\":\"ro-RO\",\"potentialAction\":[{\"@type\":\"CommentAction\",\"name\":\"Comment\",\"target\":[\"https:\\\/\\\/urbeamea.ro\\\/albaiulia\\\/anul-centenarului-marii-uniri-proiecte-de-peste-2-milioane-de-lei-propuse-de-centrul-de-cultura-augustin-bena-alba\\\/#respond\"]}]},{\"@type\":\"WebPage\",\"@id\":\"https:\\\/\\\/urbeamea.ro\\\/albaiulia\\\/anul-centenarului-marii-uniri-proiecte-de-peste-2-milioane-de-lei-propuse-de-centrul-de-cultura-augustin-bena-alba\\\/\",\"url\":\"https:\\\/\\\/urbeamea.ro\\\/albaiulia\\\/anul-centenarului-marii-uniri-proiecte-de-peste-2-milioane-de-lei-propuse-de-centrul-de-cultura-augustin-bena-alba\\\/\",\"name\":\"Anul Centenarului Marii Uniri: Proiecte de peste 2 milioane de lei propuse de Centrul de Cultur\u0103 \u201dAugustin Bena\u201d Alba - Revista Urbea Mea - Revista de Alba\",\"isPartOf\":{\"@id\":\"https:\\\/\\\/urbeamea.ro\\\/albaiulia\\\/#website\"},\"primaryImageOfPage\":{\"@id\":\"https:\\\/\\\/urbeamea.ro\\\/albaiulia\\\/anul-centenarului-marii-uniri-proiecte-de-peste-2-milioane-de-lei-propuse-de-centrul-de-cultura-augustin-bena-alba\\\/#primaryimage\"},\"image\":{\"@id\":\"https:\\\/\\\/urbeamea.ro\\\/albaiulia\\\/anul-centenarului-marii-uniri-proiecte-de-peste-2-milioane-de-lei-propuse-de-centrul-de-cultura-augustin-bena-alba\\\/#primaryimage\"},\"thumbnailUrl\":\"https:\\\/\\\/urbeamea.ro\\\/albaiulia\\\/wp-content\\\/uploads\\\/2017\\\/11\\\/DSC_0076.jpg\",\"datePublished\":\"2017-11-02T07:00:28+00:00\",\"author\":{\"@id\":\"https:\\\/\\\/urbeamea.ro\\\/albaiulia\\\/#\\\/schema\\\/person\\\/9700d21fae21c4f038b0b56f4506264a\"},\"description\":\"\u00cenceputul lunii noiembrie a venit la Centrul de Cultur\u0103 \u201dAugustin Bena\u201d Alba cu prezentarea programul de activit\u0103\u021bi pe care \u0219i l-a propus pentru anul\",\"breadcrumb\":{\"@id\":\"https:\\\/\\\/urbeamea.ro\\\/albaiulia\\\/anul-centenarului-marii-uniri-proiecte-de-peste-2-milioane-de-lei-propuse-de-centrul-de-cultura-augustin-bena-alba\\\/#breadcrumb\"},\"inLanguage\":\"ro-RO\",\"potentialAction\":[{\"@type\":\"ReadAction\",\"target\":[\"https:\\\/\\\/urbeamea.ro\\\/albaiulia\\\/anul-centenarului-marii-uniri-proiecte-de-peste-2-milioane-de-lei-propuse-de-centrul-de-cultura-augustin-bena-alba\\\/\"]}]},{\"@type\":\"ImageObject\",\"inLanguage\":\"ro-RO\",\"@id\":\"https:\\\/\\\/urbeamea.ro\\\/albaiulia\\\/anul-centenarului-marii-uniri-proiecte-de-peste-2-milioane-de-lei-propuse-de-centrul-de-cultura-augustin-bena-alba\\\/#primaryimage\",\"url\":\"https:\\\/\\\/urbeamea.ro\\\/albaiulia\\\/wp-content\\\/uploads\\\/2017\\\/11\\\/DSC_0076.jpg\",\"contentUrl\":\"https:\\\/\\\/urbeamea.ro\\\/albaiulia\\\/wp-content\\\/uploads\\\/2017\\\/11\\\/DSC_0076.jpg\",\"width\":1200,\"height\":800},{\"@type\":\"BreadcrumbList\",\"@id\":\"https:\\\/\\\/urbeamea.ro\\\/albaiulia\\\/anul-centenarului-marii-uniri-proiecte-de-peste-2-milioane-de-lei-propuse-de-centrul-de-cultura-augustin-bena-alba\\\/#breadcrumb\",\"itemListElement\":[{\"@type\":\"ListItem\",\"position\":1,\"name\":\"Prima pagin\u0103\",\"item\":\"https:\\\/\\\/urbeamea.ro\\\/albaiulia\\\/\"},{\"@type\":\"ListItem\",\"position\":2,\"name\":\"Anul Centenarului Marii Uniri: Proiecte de peste 2 milioane de lei propuse de Centrul de Cultur\u0103 \u201dAugustin Bena\u201d Alba\"}]},{\"@type\":\"WebSite\",\"@id\":\"https:\\\/\\\/urbeamea.ro\\\/albaiulia\\\/#website\",\"url\":\"https:\\\/\\\/urbeamea.ro\\\/albaiulia\\\/\",\"name\":\"Revista Urbea Mea, Stiri urbane\",\"description\":\"Evenimente \u0219i \u0219tiri din Alba Iulia, Sebe\u0219, Aiud, Blaj\",\"potentialAction\":[{\"@type\":\"SearchAction\",\"target\":{\"@type\":\"EntryPoint\",\"urlTemplate\":\"https:\\\/\\\/urbeamea.ro\\\/albaiulia\\\/?s={search_term_string}\"},\"query-input\":{\"@type\":\"PropertyValueSpecification\",\"valueRequired\":true,\"valueName\":\"search_term_string\"}}],\"inLanguage\":\"ro-RO\"},{\"@type\":\"Person\",\"@id\":\"https:\\\/\\\/urbeamea.ro\\\/albaiulia\\\/#\\\/schema\\\/person\\\/9700d21fae21c4f038b0b56f4506264a\",\"name\":\"Cristina Ganga\",\"image\":{\"@type\":\"ImageObject\",\"inLanguage\":\"ro-RO\",\"@id\":\"https:\\\/\\\/secure.gravatar.com\\\/avatar\\\/5a67661041f057b4a8ccaf26f5a8e86e2689372006d01faf3dd9eeb10b654bb4?s=96&d=mm&r=g\",\"url\":\"https:\\\/\\\/secure.gravatar.com\\\/avatar\\\/5a67661041f057b4a8ccaf26f5a8e86e2689372006d01faf3dd9eeb10b654bb4?s=96&d=mm&r=g\",\"contentUrl\":\"https:\\\/\\\/secure.gravatar.com\\\/avatar\\\/5a67661041f057b4a8ccaf26f5a8e86e2689372006d01faf3dd9eeb10b654bb4?s=96&d=mm&r=g\",\"caption\":\"Cristina Ganga\"},\"description\":\"Jurnalist\",\"sameAs\":[\"https:\\\/\\\/www.facebook.com\\\/cristina.nicola.587\"],\"url\":\"https:\\\/\\\/urbeamea.ro\\\/albaiulia\\\/author\\\/cristina-nicola\\\/\"}]}<\/script>\n<!-- \/ Yoast SEO plugin. -->","yoast_head_json":{"title":"Anul Centenarului Marii Uniri: Proiecte de peste 2 milioane de lei propuse de Centrul de Cultur\u0103 \u201dAugustin Bena\u201d Alba - Revista Urbea Mea - Revista de Alba","description":"\u00cenceputul lunii noiembrie a venit la Centrul de Cultur\u0103 \u201dAugustin Bena\u201d Alba cu prezentarea programul de activit\u0103\u021bi pe care \u0219i l-a propus pentru anul","robots":{"index":"index","follow":"follow","max-snippet":"max-snippet:-1","max-image-preview":"max-image-preview:large","max-video-preview":"max-video-preview:-1"},"canonical":"https:\/\/urbeamea.ro\/albaiulia\/anul-centenarului-marii-uniri-proiecte-de-peste-2-milioane-de-lei-propuse-de-centrul-de-cultura-augustin-bena-alba\/","twitter_card":"summary_large_image","twitter_title":"Anul Centenarului Marii Uniri: Proiecte de peste 2 milioane de lei propuse de Centrul de Cultur\u0103 \u201dAugustin Bena\u201d Alba - Revista Urbea Mea - Revista de Alba","twitter_description":"\u00cenceputul lunii noiembrie a venit la Centrul de Cultur\u0103 \u201dAugustin Bena\u201d Alba cu prezentarea programul de activit\u0103\u021bi pe care \u0219i l-a propus pentru anul","twitter_image":"https:\/\/urbeamea.ro\/albaiulia\/wp-content\/uploads\/2017\/11\/DSC_0076.jpg","twitter_creator":"@urbeameaweb","twitter_site":"@urbeameaweb","schema":{"@context":"https:\/\/schema.org","@graph":[{"@type":"Article","@id":"https:\/\/urbeamea.ro\/albaiulia\/anul-centenarului-marii-uniri-proiecte-de-peste-2-milioane-de-lei-propuse-de-centrul-de-cultura-augustin-bena-alba\/#article","isPartOf":{"@id":"https:\/\/urbeamea.ro\/albaiulia\/anul-centenarului-marii-uniri-proiecte-de-peste-2-milioane-de-lei-propuse-de-centrul-de-cultura-augustin-bena-alba\/"},"author":{"name":"Cristina Ganga","@id":"https:\/\/urbeamea.ro\/albaiulia\/#\/schema\/person\/9700d21fae21c4f038b0b56f4506264a"},"headline":"Anul Centenarului Marii Uniri: Proiecte de peste 2 milioane de lei propuse de Centrul de Cultur\u0103 \u201dAugustin Bena\u201d Alba","datePublished":"2017-11-02T07:00:28+00:00","mainEntityOfPage":{"@id":"https:\/\/urbeamea.ro\/albaiulia\/anul-centenarului-marii-uniri-proiecte-de-peste-2-milioane-de-lei-propuse-de-centrul-de-cultura-augustin-bena-alba\/"},"wordCount":1138,"commentCount":0,"image":{"@id":"https:\/\/urbeamea.ro\/albaiulia\/anul-centenarului-marii-uniri-proiecte-de-peste-2-milioane-de-lei-propuse-de-centrul-de-cultura-augustin-bena-alba\/#primaryimage"},"thumbnailUrl":"https:\/\/urbeamea.ro\/albaiulia\/wp-content\/uploads\/2017\/11\/DSC_0076.jpg","keywords":["Alba Iulia","anul centenarului marii uniri","buget","centrul de cultura augustin bena alba","proiecte","stiri","Urbea Mea"],"articleSection":["\u015etiri Urbane"],"inLanguage":"ro-RO","potentialAction":[{"@type":"CommentAction","name":"Comment","target":["https:\/\/urbeamea.ro\/albaiulia\/anul-centenarului-marii-uniri-proiecte-de-peste-2-milioane-de-lei-propuse-de-centrul-de-cultura-augustin-bena-alba\/#respond"]}]},{"@type":"WebPage","@id":"https:\/\/urbeamea.ro\/albaiulia\/anul-centenarului-marii-uniri-proiecte-de-peste-2-milioane-de-lei-propuse-de-centrul-de-cultura-augustin-bena-alba\/","url":"https:\/\/urbeamea.ro\/albaiulia\/anul-centenarului-marii-uniri-proiecte-de-peste-2-milioane-de-lei-propuse-de-centrul-de-cultura-augustin-bena-alba\/","name":"Anul Centenarului Marii Uniri: Proiecte de peste 2 milioane de lei propuse de Centrul de Cultur\u0103 \u201dAugustin Bena\u201d Alba - Revista Urbea Mea - Revista de Alba","isPartOf":{"@id":"https:\/\/urbeamea.ro\/albaiulia\/#website"},"primaryImageOfPage":{"@id":"https:\/\/urbeamea.ro\/albaiulia\/anul-centenarului-marii-uniri-proiecte-de-peste-2-milioane-de-lei-propuse-de-centrul-de-cultura-augustin-bena-alba\/#primaryimage"},"image":{"@id":"https:\/\/urbeamea.ro\/albaiulia\/anul-centenarului-marii-uniri-proiecte-de-peste-2-milioane-de-lei-propuse-de-centrul-de-cultura-augustin-bena-alba\/#primaryimage"},"thumbnailUrl":"https:\/\/urbeamea.ro\/albaiulia\/wp-content\/uploads\/2017\/11\/DSC_0076.jpg","datePublished":"2017-11-02T07:00:28+00:00","author":{"@id":"https:\/\/urbeamea.ro\/albaiulia\/#\/schema\/person\/9700d21fae21c4f038b0b56f4506264a"},"description":"\u00cenceputul lunii noiembrie a venit la Centrul de Cultur\u0103 \u201dAugustin Bena\u201d Alba cu prezentarea programul de activit\u0103\u021bi pe care \u0219i l-a propus pentru anul","breadcrumb":{"@id":"https:\/\/urbeamea.ro\/albaiulia\/anul-centenarului-marii-uniri-proiecte-de-peste-2-milioane-de-lei-propuse-de-centrul-de-cultura-augustin-bena-alba\/#breadcrumb"},"inLanguage":"ro-RO","potentialAction":[{"@type":"ReadAction","target":["https:\/\/urbeamea.ro\/albaiulia\/anul-centenarului-marii-uniri-proiecte-de-peste-2-milioane-de-lei-propuse-de-centrul-de-cultura-augustin-bena-alba\/"]}]},{"@type":"ImageObject","inLanguage":"ro-RO","@id":"https:\/\/urbeamea.ro\/albaiulia\/anul-centenarului-marii-uniri-proiecte-de-peste-2-milioane-de-lei-propuse-de-centrul-de-cultura-augustin-bena-alba\/#primaryimage","url":"https:\/\/urbeamea.ro\/albaiulia\/wp-content\/uploads\/2017\/11\/DSC_0076.jpg","contentUrl":"https:\/\/urbeamea.ro\/albaiulia\/wp-content\/uploads\/2017\/11\/DSC_0076.jpg","width":1200,"height":800},{"@type":"BreadcrumbList","@id":"https:\/\/urbeamea.ro\/albaiulia\/anul-centenarului-marii-uniri-proiecte-de-peste-2-milioane-de-lei-propuse-de-centrul-de-cultura-augustin-bena-alba\/#breadcrumb","itemListElement":[{"@type":"ListItem","position":1,"name":"Prima pagin\u0103","item":"https:\/\/urbeamea.ro\/albaiulia\/"},{"@type":"ListItem","position":2,"name":"Anul Centenarului Marii Uniri: Proiecte de peste 2 milioane de lei propuse de Centrul de Cultur\u0103 \u201dAugustin Bena\u201d Alba"}]},{"@type":"WebSite","@id":"https:\/\/urbeamea.ro\/albaiulia\/#website","url":"https:\/\/urbeamea.ro\/albaiulia\/","name":"Revista Urbea Mea, Stiri urbane","description":"Evenimente \u0219i \u0219tiri din Alba Iulia, Sebe\u0219, Aiud, Blaj","potentialAction":[{"@type":"SearchAction","target":{"@type":"EntryPoint","urlTemplate":"https:\/\/urbeamea.ro\/albaiulia\/?s={search_term_string}"},"query-input":{"@type":"PropertyValueSpecification","valueRequired":true,"valueName":"search_term_string"}}],"inLanguage":"ro-RO"},{"@type":"Person","@id":"https:\/\/urbeamea.ro\/albaiulia\/#\/schema\/person\/9700d21fae21c4f038b0b56f4506264a","name":"Cristina Ganga","image":{"@type":"ImageObject","inLanguage":"ro-RO","@id":"https:\/\/secure.gravatar.com\/avatar\/5a67661041f057b4a8ccaf26f5a8e86e2689372006d01faf3dd9eeb10b654bb4?s=96&d=mm&r=g","url":"https:\/\/secure.gravatar.com\/avatar\/5a67661041f057b4a8ccaf26f5a8e86e2689372006d01faf3dd9eeb10b654bb4?s=96&d=mm&r=g","contentUrl":"https:\/\/secure.gravatar.com\/avatar\/5a67661041f057b4a8ccaf26f5a8e86e2689372006d01faf3dd9eeb10b654bb4?s=96&d=mm&r=g","caption":"Cristina Ganga"},"description":"Jurnalist","sameAs":["https:\/\/www.facebook.com\/cristina.nicola.587"],"url":"https:\/\/urbeamea.ro\/albaiulia\/author\/cristina-nicola\/"}]}},"_links":{"self":[{"href":"https:\/\/urbeamea.ro\/albaiulia\/wp-json\/wp\/v2\/posts\/55005","targetHints":{"allow":["GET"]}}],"collection":[{"href":"https:\/\/urbeamea.ro\/albaiulia\/wp-json\/wp\/v2\/posts"}],"about":[{"href":"https:\/\/urbeamea.ro\/albaiulia\/wp-json\/wp\/v2\/types\/post"}],"author":[{"embeddable":true,"href":"https:\/\/urbeamea.ro\/albaiulia\/wp-json\/wp\/v2\/users\/17"}],"replies":[{"embeddable":true,"href":"https:\/\/urbeamea.ro\/albaiulia\/wp-json\/wp\/v2\/comments?post=55005"}],"version-history":[{"count":0,"href":"https:\/\/urbeamea.ro\/albaiulia\/wp-json\/wp\/v2\/posts\/55005\/revisions"}],"wp:featuredmedia":[{"embeddable":true,"href":"https:\/\/urbeamea.ro\/albaiulia\/wp-json\/wp\/v2\/media\/55006"}],"wp:attachment":[{"href":"https:\/\/urbeamea.ro\/albaiulia\/wp-json\/wp\/v2\/media?parent=55005"}],"wp:term":[{"taxonomy":"category","embeddable":true,"href":"https:\/\/urbeamea.ro\/albaiulia\/wp-json\/wp\/v2\/categories?post=55005"},{"taxonomy":"post_tag","embeddable":true,"href":"https:\/\/urbeamea.ro\/albaiulia\/wp-json\/wp\/v2\/tags?post=55005"}],"curies":[{"name":"wp","href":"https:\/\/api.w.org\/{rel}","templated":true}]}}