{"id":55755,"date":"2017-11-17T11:59:06","date_gmt":"2017-11-17T09:59:06","guid":{"rendered":"https:\/\/urbeamea.ro\/albaiulia\/?p=55755"},"modified":"2017-11-17T11:59:06","modified_gmt":"2017-11-17T09:59:06","slug":"sambata-colocviile-nationale-de-etnografie-si-folclor-gheorghe-pavelescu-la-muzeul-principia-din-alba-iulia","status":"publish","type":"post","link":"https:\/\/urbeamea.ro\/albaiulia\/sambata-colocviile-nationale-de-etnografie-si-folclor-gheorghe-pavelescu-la-muzeul-principia-din-alba-iulia\/","title":{"rendered":"S\u00c2MB\u0102T\u0102: Colocviile Na\u0163ionale de Etnografie \u015fi Folclor \u201eGheorghe Pavelescu\u201d, la Muzeul Principia din Alba Iulia"},"content":{"rendered":"<p><strong>Profesori universitari, cercet\u0103tori \u015fi etnografi din \u00eentreaga \u0163ar\u0103 particip\u0103 la sf\u00e2r\u015fitul acestei s\u0103pt\u0103m\u00e2ni la Alba Iulia la Colocviile Na\u0163ionale de Etnografie \u015fi Folclor \u201eGheorghe Pavelescu\u201d, \u00eent\u00e2lnire \u00een cadrul c\u0103reia se vor dezbate teme de interes privind p\u0103strarea \u015fi promovarea folclorului rom\u00e2nesc. <\/strong><\/p>\n<p><strong>Lucr\u0103rile colocviilor vor debuta, s\u00e2mb\u0103t\u0103, \u00eencep\u00e2nd cu ora 10,00, \u00een Muzeul Principia, unde va avea loc \u015fi vernisajul expozi\u0163iei de icoane pe sticl\u0103 ,,Icoana, fereastr\u0103 spre Cer\u201d realizat\u0103 de Anca Daniela \u015fi Clasa de pictur\u0103 tradi\u0163ional\u0103 pe sticl\u0103 ,,\u015ecoala de la Laz\u201d.<\/strong><\/p>\n<p>\u00cen deschiderea colocviilor vor lua cuv\u00e2ntul Alexandru Pal \u2013 Manager Centrul de Cultur\u0103 ,,Augustin Bena\u201d, Prof. univ. dr. Ilie Moise \u2013 cercet\u0103tor \u015ftiin\u0163ific Institutul de Cercet\u0103ri Socio-umane Sibiu, Conf. univ. dr. Georgeta Orian \u2013 Universitatea 1 Decembrie 1918 din Alba Iulia, Preot prof. univ. dr. Mihai Himcinschi \u2013 Decan Facultatea de Teologie din Alba Iulia,Oliviu Botoi \u2013 Consilier cultural Arhiepiscopia Ortodox\u0103 Rom\u00e2n\u0103 Alba Iulia, Preot prof. univ. dr. Nicolae Jan \u015fi Amalia Pavelescu. \u00a0Plenul Colocviilor Na\u0163ionale de Folclor \u201eGheorghe Pavelescu\u201d va cuprinde urm\u0103toarele comunic\u0103ri \u015ftiin\u0163ifice: Ilie Moise (Sibiu) : Ovidiu B\u00eerlea \u2026 la Centenar, Ion Cuceu (Cluj-Napoca): Contribu\u021bia lui Ovidiu B\u00eerlea la editura colec\u021biei ,,Ion Micu Moldovan\u201d &#8211; Edi\u021bia Mu\u0219lea a colec\u021biei Pauletti, Marian Marin B\u0103la\u015fa (Bucure\u015fti) : Ce nu a spus B\u00eerlea, Daniela Dumbrav\u0103 (Milano): Despre iele.<\/p>\n<p>Lucr\u0103rile vor continua apoi pe sec\u0163iuni cu Sec\u0163iunea omagial\u0103 \u201eOvidiu B\u00eerlea: Etnografie \u0219i folclor\u201d care va avea loc \u00een Muzeul Principia \u015fi cu Sec\u021biunea Antropologie religioas\u0103 \u0219i cultural\u0103: Patrimoniu iconografic, pedagogie patrimonial\u0103, proiecte culturale, sec\u0163iune ce va avea loc \u00een Aula Facult\u0103\u0163ii de Teologie Ortodox\u0103 din Alba Iulia.<\/p>\n<p>La ora 16,00 sunt programate \u00een Muzeul Principia lans\u0103ri de carte: \u201eCoresponden\u0163e Ovidiu B\u00eerlea &#8211; Doina Blaga\u201d, Andreea Buza\u0219\/Ilie Moise, Editura Centrului de Cultur\u0103 Augustin Bena, \u201eCoresponden\u0163e Ovidiu B\u00eerlea &#8211; Ion Talo\u015f (1963-1977)\u201d, Ion Talo\u0219\/Andreea Buza\u0219, Editura Centrului de Cultur\u0103 Augustin Bena, \u201eRevista Discobolul nr. 235-236-237\u201d, \u201eStudii \u0219i cercet\u0103ri etnologice, tom XXXI\u201d, Editura Astra Museum, Sibiu, \u201eOvidiu B\u00eerlea, Opere, I, II, II, IV\u201d, Cluj-Napoca, \u201eBiserici de lemn din \u0162ara L\u0103pu\u0219ului\u201d, Pamfil Bil\u021biu, Maria Bil\u021biu, Baia Mare, \u201eColinde din Maramure\u015f\u201d, Pamfil Bil\u0163iu, Baia Mare, \u201eCaiet Patrimoniu Unesco \u00een Rom\u00e2nia\u201d, Adriana Scripcariu, Bucure\u0219ti \u015fi \u201eUn poet german \u00eendr\u0103gostit de rom\u00e2ni\u201d, Calinic Arge\u015feanul, Martin Opitz, Curtea de Arge\u015f.<\/p>\n<p>La ora 17,30 va avea loc un recital de muzic\u0103 tradi\u0163ional\u0103 rom\u00e2neasc\u0103 \u00een Muzeul Principia sus\u0163inut de grupurile vocale tradi\u0163ionale de la S\u00e2ncel \u015fi Livezile.<\/p>\n<p>Colocviile Na\u0163ionale de Etnografie \u015fi Folclor \u201eGheorghe Pavelescu\u201d\u00a0 vor continua duminic\u0103, ziua fiind alocat\u0103 unei vizite de documentare denumit\u0103 \u201ePe urmele lui Ovidiu B\u00eerlea\u201d.<\/p>\n<p>Colocviile Na\u0163ionale de Etnografie \u015fi Folclor poart\u0103 numele lui Gheorghe Pavelescu, etnolog \u015fi folclorist rom\u00e2n, autor a peste 200 de studii despre arta tradi\u0163ional\u0103 \u015fi folclor. Gheorghe Pavelescu s-a n\u0103scut \u00een anul 1915 \u00een satul Purc\u0103re\u0163i, comuna Pianu, \u015fi a fost elev al lui Lucian Blaga, Dimitrie Gusti \u015fi Romulus Vuia, fiind la r\u00e2ndul s\u0103u profesor universitar la Cluj \u015fi Sibiu. Gheorghe Pavelescu a fost Doctor Honoris Causa al universit\u0103\u0163ilor din Cluj, Sibiu \u015fi Alba Iulia.<\/p>\n","protected":false},"excerpt":{"rendered":"<p>Profesori universitari, cercet\u0103tori \u015fi etnografi din \u00eentreaga \u0163ar\u0103 particip\u0103 la sf\u00e2r\u015fitul acestei s\u0103pt\u0103m\u00e2ni la Alba Iulia la Colocviile Na\u0163ionale de Etnografie \u015fi Folclor \u201eGheorghe Pavelescu\u201d, \u00eent\u00e2lnire \u00een cadrul c\u0103reia se vor dezbate teme de interes privind p\u0103strarea \u015fi promovarea folclorului rom\u00e2nesc. Lucr\u0103rile colocviilor vor debuta, s\u00e2mb\u0103t\u0103, \u00eencep\u00e2nd cu ora 10,00, \u00een Muzeul Principia, unde va &hellip;<\/p>\n","protected":false},"author":17,"featured_media":55756,"comment_status":"open","ping_status":"open","sticky":false,"template":"","format":"standard","meta":{"inline_featured_image":false,"footnotes":""},"categories":[4],"tags":[31,1086,13075,13076,1048,1138,605,2100,13077,5988,308,76,1978],"class_list":["post-55755","post","type-post","status-publish","format-standard","has-post-thumbnail","hentry","category-eveniment","tag-alba-iulia","tag-cercetatori","tag-colocviile-nationale-de-etnografie-si-folclor-gheorghe-pavelescu","tag-etnografi","tag-intalnire","tag-lansari-de-carte","tag-lucrari","tag-muzeul-principia","tag-pictura-traditionala-pe-sticla","tag-profesori-universitari","tag-stiri","tag-urbea-mea","tag-vernisaj-expozitie"],"yoast_head":"<!-- This site is optimized with the Yoast SEO plugin v28.3 - https:\/\/yoast.com\/product\/yoast-seo-wordpress\/ -->\n<title>S\u00c2MB\u0102T\u0102: Colocviile Na\u0163ionale de Etnografie \u015fi Folclor \u201eGheorghe Pavelescu\u201d, la Muzeul Principia din Alba Iulia - Revista Urbea Mea - Revista de Alba<\/title>\n<meta name=\"description\" content=\"Profesori universitari, cercet\u0103tori \u015fi etnografi din \u00eentreaga \u0163ar\u0103 particip\u0103 la sf\u00e2r\u015fitul acestei s\u0103pt\u0103m\u00e2ni la Alba Iulia la Colocviile Na\u0163ionale de\" \/>\n<meta name=\"robots\" content=\"index, follow, max-snippet:-1, max-image-preview:large, max-video-preview:-1\" \/>\n<link rel=\"canonical\" href=\"https:\/\/urbeamea.ro\/albaiulia\/sambata-colocviile-nationale-de-etnografie-si-folclor-gheorghe-pavelescu-la-muzeul-principia-din-alba-iulia\/\" \/>\n<meta name=\"twitter:card\" content=\"summary_large_image\" \/>\n<meta name=\"twitter:title\" content=\"S\u00c2MB\u0102T\u0102: Colocviile Na\u0163ionale de Etnografie \u015fi Folclor \u201eGheorghe Pavelescu\u201d, la Muzeul Principia din Alba Iulia - Revista Urbea Mea - Revista de Alba\" \/>\n<meta name=\"twitter:description\" content=\"Profesori universitari, cercet\u0103tori \u015fi etnografi din \u00eentreaga \u0163ar\u0103 particip\u0103 la sf\u00e2r\u015fitul acestei s\u0103pt\u0103m\u00e2ni la Alba Iulia la Colocviile Na\u0163ionale de\" \/>\n<meta name=\"twitter:image\" content=\"https:\/\/urbeamea.ro\/albaiulia\/wp-content\/uploads\/2017\/11\/AFIS-Colocvii-de-Etnografie-2017.jpg\" \/>\n<meta name=\"twitter:creator\" content=\"@urbeameaweb\" \/>\n<meta name=\"twitter:site\" content=\"@urbeameaweb\" \/>\n<script type=\"application\/ld+json\" class=\"yoast-schema-graph\">{\"@context\":\"https:\\\/\\\/schema.org\",\"@graph\":[{\"@type\":\"Article\",\"@id\":\"https:\\\/\\\/urbeamea.ro\\\/albaiulia\\\/sambata-colocviile-nationale-de-etnografie-si-folclor-gheorghe-pavelescu-la-muzeul-principia-din-alba-iulia\\\/#article\",\"isPartOf\":{\"@id\":\"https:\\\/\\\/urbeamea.ro\\\/albaiulia\\\/sambata-colocviile-nationale-de-etnografie-si-folclor-gheorghe-pavelescu-la-muzeul-principia-din-alba-iulia\\\/\"},\"author\":{\"name\":\"Cristina Ganga\",\"@id\":\"https:\\\/\\\/urbeamea.ro\\\/albaiulia\\\/#\\\/schema\\\/person\\\/9700d21fae21c4f038b0b56f4506264a\"},\"headline\":\"S\u00c2MB\u0102T\u0102: Colocviile Na\u0163ionale de Etnografie \u015fi Folclor \u201eGheorghe Pavelescu\u201d, la Muzeul Principia din Alba Iulia\",\"datePublished\":\"2017-11-17T09:59:06+00:00\",\"mainEntityOfPage\":{\"@id\":\"https:\\\/\\\/urbeamea.ro\\\/albaiulia\\\/sambata-colocviile-nationale-de-etnografie-si-folclor-gheorghe-pavelescu-la-muzeul-principia-din-alba-iulia\\\/\"},\"wordCount\":573,\"commentCount\":0,\"image\":{\"@id\":\"https:\\\/\\\/urbeamea.ro\\\/albaiulia\\\/sambata-colocviile-nationale-de-etnografie-si-folclor-gheorghe-pavelescu-la-muzeul-principia-din-alba-iulia\\\/#primaryimage\"},\"thumbnailUrl\":\"https:\\\/\\\/urbeamea.ro\\\/albaiulia\\\/wp-content\\\/uploads\\\/2017\\\/11\\\/AFIS-Colocvii-de-Etnografie-2017.jpg\",\"keywords\":[\"Alba Iulia\",\"cercetatori\",\"colocviile nationale de etnografie si folclor gheorghe pavelescu\",\"etnografi\",\"intalnire\",\"lansari de carte\",\"lucrari\",\"muzeul principia\",\"pictura traditionala pe sticla\",\"profesori universitari\",\"stiri\",\"Urbea Mea\",\"vernisaj expozitie\"],\"articleSection\":[\"Evenimente\"],\"inLanguage\":\"ro-RO\",\"potentialAction\":[{\"@type\":\"CommentAction\",\"name\":\"Comment\",\"target\":[\"https:\\\/\\\/urbeamea.ro\\\/albaiulia\\\/sambata-colocviile-nationale-de-etnografie-si-folclor-gheorghe-pavelescu-la-muzeul-principia-din-alba-iulia\\\/#respond\"]}]},{\"@type\":\"WebPage\",\"@id\":\"https:\\\/\\\/urbeamea.ro\\\/albaiulia\\\/sambata-colocviile-nationale-de-etnografie-si-folclor-gheorghe-pavelescu-la-muzeul-principia-din-alba-iulia\\\/\",\"url\":\"https:\\\/\\\/urbeamea.ro\\\/albaiulia\\\/sambata-colocviile-nationale-de-etnografie-si-folclor-gheorghe-pavelescu-la-muzeul-principia-din-alba-iulia\\\/\",\"name\":\"S\u00c2MB\u0102T\u0102: Colocviile Na\u0163ionale de Etnografie \u015fi Folclor \u201eGheorghe Pavelescu\u201d, la Muzeul Principia din Alba Iulia - Revista Urbea Mea - Revista de Alba\",\"isPartOf\":{\"@id\":\"https:\\\/\\\/urbeamea.ro\\\/albaiulia\\\/#website\"},\"primaryImageOfPage\":{\"@id\":\"https:\\\/\\\/urbeamea.ro\\\/albaiulia\\\/sambata-colocviile-nationale-de-etnografie-si-folclor-gheorghe-pavelescu-la-muzeul-principia-din-alba-iulia\\\/#primaryimage\"},\"image\":{\"@id\":\"https:\\\/\\\/urbeamea.ro\\\/albaiulia\\\/sambata-colocviile-nationale-de-etnografie-si-folclor-gheorghe-pavelescu-la-muzeul-principia-din-alba-iulia\\\/#primaryimage\"},\"thumbnailUrl\":\"https:\\\/\\\/urbeamea.ro\\\/albaiulia\\\/wp-content\\\/uploads\\\/2017\\\/11\\\/AFIS-Colocvii-de-Etnografie-2017.jpg\",\"datePublished\":\"2017-11-17T09:59:06+00:00\",\"author\":{\"@id\":\"https:\\\/\\\/urbeamea.ro\\\/albaiulia\\\/#\\\/schema\\\/person\\\/9700d21fae21c4f038b0b56f4506264a\"},\"description\":\"Profesori universitari, cercet\u0103tori \u015fi etnografi din \u00eentreaga \u0163ar\u0103 particip\u0103 la sf\u00e2r\u015fitul acestei s\u0103pt\u0103m\u00e2ni la Alba Iulia la Colocviile Na\u0163ionale de\",\"breadcrumb\":{\"@id\":\"https:\\\/\\\/urbeamea.ro\\\/albaiulia\\\/sambata-colocviile-nationale-de-etnografie-si-folclor-gheorghe-pavelescu-la-muzeul-principia-din-alba-iulia\\\/#breadcrumb\"},\"inLanguage\":\"ro-RO\",\"potentialAction\":[{\"@type\":\"ReadAction\",\"target\":[\"https:\\\/\\\/urbeamea.ro\\\/albaiulia\\\/sambata-colocviile-nationale-de-etnografie-si-folclor-gheorghe-pavelescu-la-muzeul-principia-din-alba-iulia\\\/\"]}]},{\"@type\":\"ImageObject\",\"inLanguage\":\"ro-RO\",\"@id\":\"https:\\\/\\\/urbeamea.ro\\\/albaiulia\\\/sambata-colocviile-nationale-de-etnografie-si-folclor-gheorghe-pavelescu-la-muzeul-principia-din-alba-iulia\\\/#primaryimage\",\"url\":\"https:\\\/\\\/urbeamea.ro\\\/albaiulia\\\/wp-content\\\/uploads\\\/2017\\\/11\\\/AFIS-Colocvii-de-Etnografie-2017.jpg\",\"contentUrl\":\"https:\\\/\\\/urbeamea.ro\\\/albaiulia\\\/wp-content\\\/uploads\\\/2017\\\/11\\\/AFIS-Colocvii-de-Etnografie-2017.jpg\",\"width\":848,\"height\":1200},{\"@type\":\"BreadcrumbList\",\"@id\":\"https:\\\/\\\/urbeamea.ro\\\/albaiulia\\\/sambata-colocviile-nationale-de-etnografie-si-folclor-gheorghe-pavelescu-la-muzeul-principia-din-alba-iulia\\\/#breadcrumb\",\"itemListElement\":[{\"@type\":\"ListItem\",\"position\":1,\"name\":\"Prima pagin\u0103\",\"item\":\"https:\\\/\\\/urbeamea.ro\\\/albaiulia\\\/\"},{\"@type\":\"ListItem\",\"position\":2,\"name\":\"S\u00c2MB\u0102T\u0102: Colocviile Na\u0163ionale de Etnografie \u015fi Folclor \u201eGheorghe Pavelescu\u201d, la Muzeul Principia din Alba Iulia\"}]},{\"@type\":\"WebSite\",\"@id\":\"https:\\\/\\\/urbeamea.ro\\\/albaiulia\\\/#website\",\"url\":\"https:\\\/\\\/urbeamea.ro\\\/albaiulia\\\/\",\"name\":\"Revista Urbea Mea, Stiri urbane\",\"description\":\"Evenimente \u0219i \u0219tiri din Alba Iulia, Sebe\u0219, Aiud, Blaj\",\"potentialAction\":[{\"@type\":\"SearchAction\",\"target\":{\"@type\":\"EntryPoint\",\"urlTemplate\":\"https:\\\/\\\/urbeamea.ro\\\/albaiulia\\\/?s={search_term_string}\"},\"query-input\":{\"@type\":\"PropertyValueSpecification\",\"valueRequired\":true,\"valueName\":\"search_term_string\"}}],\"inLanguage\":\"ro-RO\"},{\"@type\":\"Person\",\"@id\":\"https:\\\/\\\/urbeamea.ro\\\/albaiulia\\\/#\\\/schema\\\/person\\\/9700d21fae21c4f038b0b56f4506264a\",\"name\":\"Cristina Ganga\",\"image\":{\"@type\":\"ImageObject\",\"inLanguage\":\"ro-RO\",\"@id\":\"https:\\\/\\\/secure.gravatar.com\\\/avatar\\\/5a67661041f057b4a8ccaf26f5a8e86e2689372006d01faf3dd9eeb10b654bb4?s=96&d=mm&r=g\",\"url\":\"https:\\\/\\\/secure.gravatar.com\\\/avatar\\\/5a67661041f057b4a8ccaf26f5a8e86e2689372006d01faf3dd9eeb10b654bb4?s=96&d=mm&r=g\",\"contentUrl\":\"https:\\\/\\\/secure.gravatar.com\\\/avatar\\\/5a67661041f057b4a8ccaf26f5a8e86e2689372006d01faf3dd9eeb10b654bb4?s=96&d=mm&r=g\",\"caption\":\"Cristina Ganga\"},\"description\":\"Jurnalist\",\"sameAs\":[\"https:\\\/\\\/www.facebook.com\\\/cristina.nicola.587\"],\"url\":\"https:\\\/\\\/urbeamea.ro\\\/albaiulia\\\/author\\\/cristina-nicola\\\/\"}]}<\/script>\n<!-- \/ Yoast SEO plugin. -->","yoast_head_json":{"title":"S\u00c2MB\u0102T\u0102: Colocviile Na\u0163ionale de Etnografie \u015fi Folclor \u201eGheorghe Pavelescu\u201d, la Muzeul Principia din Alba Iulia - Revista Urbea Mea - Revista de Alba","description":"Profesori universitari, cercet\u0103tori \u015fi etnografi din \u00eentreaga \u0163ar\u0103 particip\u0103 la sf\u00e2r\u015fitul acestei s\u0103pt\u0103m\u00e2ni la Alba Iulia la Colocviile Na\u0163ionale de","robots":{"index":"index","follow":"follow","max-snippet":"max-snippet:-1","max-image-preview":"max-image-preview:large","max-video-preview":"max-video-preview:-1"},"canonical":"https:\/\/urbeamea.ro\/albaiulia\/sambata-colocviile-nationale-de-etnografie-si-folclor-gheorghe-pavelescu-la-muzeul-principia-din-alba-iulia\/","twitter_card":"summary_large_image","twitter_title":"S\u00c2MB\u0102T\u0102: Colocviile Na\u0163ionale de Etnografie \u015fi Folclor \u201eGheorghe Pavelescu\u201d, la Muzeul Principia din Alba Iulia - Revista Urbea Mea - Revista de Alba","twitter_description":"Profesori universitari, cercet\u0103tori \u015fi etnografi din \u00eentreaga \u0163ar\u0103 particip\u0103 la sf\u00e2r\u015fitul acestei s\u0103pt\u0103m\u00e2ni la Alba Iulia la Colocviile Na\u0163ionale de","twitter_image":"https:\/\/urbeamea.ro\/albaiulia\/wp-content\/uploads\/2017\/11\/AFIS-Colocvii-de-Etnografie-2017.jpg","twitter_creator":"@urbeameaweb","twitter_site":"@urbeameaweb","schema":{"@context":"https:\/\/schema.org","@graph":[{"@type":"Article","@id":"https:\/\/urbeamea.ro\/albaiulia\/sambata-colocviile-nationale-de-etnografie-si-folclor-gheorghe-pavelescu-la-muzeul-principia-din-alba-iulia\/#article","isPartOf":{"@id":"https:\/\/urbeamea.ro\/albaiulia\/sambata-colocviile-nationale-de-etnografie-si-folclor-gheorghe-pavelescu-la-muzeul-principia-din-alba-iulia\/"},"author":{"name":"Cristina Ganga","@id":"https:\/\/urbeamea.ro\/albaiulia\/#\/schema\/person\/9700d21fae21c4f038b0b56f4506264a"},"headline":"S\u00c2MB\u0102T\u0102: Colocviile Na\u0163ionale de Etnografie \u015fi Folclor \u201eGheorghe Pavelescu\u201d, la Muzeul Principia din Alba Iulia","datePublished":"2017-11-17T09:59:06+00:00","mainEntityOfPage":{"@id":"https:\/\/urbeamea.ro\/albaiulia\/sambata-colocviile-nationale-de-etnografie-si-folclor-gheorghe-pavelescu-la-muzeul-principia-din-alba-iulia\/"},"wordCount":573,"commentCount":0,"image":{"@id":"https:\/\/urbeamea.ro\/albaiulia\/sambata-colocviile-nationale-de-etnografie-si-folclor-gheorghe-pavelescu-la-muzeul-principia-din-alba-iulia\/#primaryimage"},"thumbnailUrl":"https:\/\/urbeamea.ro\/albaiulia\/wp-content\/uploads\/2017\/11\/AFIS-Colocvii-de-Etnografie-2017.jpg","keywords":["Alba Iulia","cercetatori","colocviile nationale de etnografie si folclor gheorghe pavelescu","etnografi","intalnire","lansari de carte","lucrari","muzeul principia","pictura traditionala pe sticla","profesori universitari","stiri","Urbea Mea","vernisaj expozitie"],"articleSection":["Evenimente"],"inLanguage":"ro-RO","potentialAction":[{"@type":"CommentAction","name":"Comment","target":["https:\/\/urbeamea.ro\/albaiulia\/sambata-colocviile-nationale-de-etnografie-si-folclor-gheorghe-pavelescu-la-muzeul-principia-din-alba-iulia\/#respond"]}]},{"@type":"WebPage","@id":"https:\/\/urbeamea.ro\/albaiulia\/sambata-colocviile-nationale-de-etnografie-si-folclor-gheorghe-pavelescu-la-muzeul-principia-din-alba-iulia\/","url":"https:\/\/urbeamea.ro\/albaiulia\/sambata-colocviile-nationale-de-etnografie-si-folclor-gheorghe-pavelescu-la-muzeul-principia-din-alba-iulia\/","name":"S\u00c2MB\u0102T\u0102: Colocviile Na\u0163ionale de Etnografie \u015fi Folclor \u201eGheorghe Pavelescu\u201d, la Muzeul Principia din Alba Iulia - Revista Urbea Mea - Revista de Alba","isPartOf":{"@id":"https:\/\/urbeamea.ro\/albaiulia\/#website"},"primaryImageOfPage":{"@id":"https:\/\/urbeamea.ro\/albaiulia\/sambata-colocviile-nationale-de-etnografie-si-folclor-gheorghe-pavelescu-la-muzeul-principia-din-alba-iulia\/#primaryimage"},"image":{"@id":"https:\/\/urbeamea.ro\/albaiulia\/sambata-colocviile-nationale-de-etnografie-si-folclor-gheorghe-pavelescu-la-muzeul-principia-din-alba-iulia\/#primaryimage"},"thumbnailUrl":"https:\/\/urbeamea.ro\/albaiulia\/wp-content\/uploads\/2017\/11\/AFIS-Colocvii-de-Etnografie-2017.jpg","datePublished":"2017-11-17T09:59:06+00:00","author":{"@id":"https:\/\/urbeamea.ro\/albaiulia\/#\/schema\/person\/9700d21fae21c4f038b0b56f4506264a"},"description":"Profesori universitari, cercet\u0103tori \u015fi etnografi din \u00eentreaga \u0163ar\u0103 particip\u0103 la sf\u00e2r\u015fitul acestei s\u0103pt\u0103m\u00e2ni la Alba Iulia la Colocviile Na\u0163ionale de","breadcrumb":{"@id":"https:\/\/urbeamea.ro\/albaiulia\/sambata-colocviile-nationale-de-etnografie-si-folclor-gheorghe-pavelescu-la-muzeul-principia-din-alba-iulia\/#breadcrumb"},"inLanguage":"ro-RO","potentialAction":[{"@type":"ReadAction","target":["https:\/\/urbeamea.ro\/albaiulia\/sambata-colocviile-nationale-de-etnografie-si-folclor-gheorghe-pavelescu-la-muzeul-principia-din-alba-iulia\/"]}]},{"@type":"ImageObject","inLanguage":"ro-RO","@id":"https:\/\/urbeamea.ro\/albaiulia\/sambata-colocviile-nationale-de-etnografie-si-folclor-gheorghe-pavelescu-la-muzeul-principia-din-alba-iulia\/#primaryimage","url":"https:\/\/urbeamea.ro\/albaiulia\/wp-content\/uploads\/2017\/11\/AFIS-Colocvii-de-Etnografie-2017.jpg","contentUrl":"https:\/\/urbeamea.ro\/albaiulia\/wp-content\/uploads\/2017\/11\/AFIS-Colocvii-de-Etnografie-2017.jpg","width":848,"height":1200},{"@type":"BreadcrumbList","@id":"https:\/\/urbeamea.ro\/albaiulia\/sambata-colocviile-nationale-de-etnografie-si-folclor-gheorghe-pavelescu-la-muzeul-principia-din-alba-iulia\/#breadcrumb","itemListElement":[{"@type":"ListItem","position":1,"name":"Prima pagin\u0103","item":"https:\/\/urbeamea.ro\/albaiulia\/"},{"@type":"ListItem","position":2,"name":"S\u00c2MB\u0102T\u0102: Colocviile Na\u0163ionale de Etnografie \u015fi Folclor \u201eGheorghe Pavelescu\u201d, la Muzeul Principia din Alba Iulia"}]},{"@type":"WebSite","@id":"https:\/\/urbeamea.ro\/albaiulia\/#website","url":"https:\/\/urbeamea.ro\/albaiulia\/","name":"Revista Urbea Mea, Stiri urbane","description":"Evenimente \u0219i \u0219tiri din Alba Iulia, Sebe\u0219, Aiud, Blaj","potentialAction":[{"@type":"SearchAction","target":{"@type":"EntryPoint","urlTemplate":"https:\/\/urbeamea.ro\/albaiulia\/?s={search_term_string}"},"query-input":{"@type":"PropertyValueSpecification","valueRequired":true,"valueName":"search_term_string"}}],"inLanguage":"ro-RO"},{"@type":"Person","@id":"https:\/\/urbeamea.ro\/albaiulia\/#\/schema\/person\/9700d21fae21c4f038b0b56f4506264a","name":"Cristina Ganga","image":{"@type":"ImageObject","inLanguage":"ro-RO","@id":"https:\/\/secure.gravatar.com\/avatar\/5a67661041f057b4a8ccaf26f5a8e86e2689372006d01faf3dd9eeb10b654bb4?s=96&d=mm&r=g","url":"https:\/\/secure.gravatar.com\/avatar\/5a67661041f057b4a8ccaf26f5a8e86e2689372006d01faf3dd9eeb10b654bb4?s=96&d=mm&r=g","contentUrl":"https:\/\/secure.gravatar.com\/avatar\/5a67661041f057b4a8ccaf26f5a8e86e2689372006d01faf3dd9eeb10b654bb4?s=96&d=mm&r=g","caption":"Cristina Ganga"},"description":"Jurnalist","sameAs":["https:\/\/www.facebook.com\/cristina.nicola.587"],"url":"https:\/\/urbeamea.ro\/albaiulia\/author\/cristina-nicola\/"}]}},"_links":{"self":[{"href":"https:\/\/urbeamea.ro\/albaiulia\/wp-json\/wp\/v2\/posts\/55755","targetHints":{"allow":["GET"]}}],"collection":[{"href":"https:\/\/urbeamea.ro\/albaiulia\/wp-json\/wp\/v2\/posts"}],"about":[{"href":"https:\/\/urbeamea.ro\/albaiulia\/wp-json\/wp\/v2\/types\/post"}],"author":[{"embeddable":true,"href":"https:\/\/urbeamea.ro\/albaiulia\/wp-json\/wp\/v2\/users\/17"}],"replies":[{"embeddable":true,"href":"https:\/\/urbeamea.ro\/albaiulia\/wp-json\/wp\/v2\/comments?post=55755"}],"version-history":[{"count":0,"href":"https:\/\/urbeamea.ro\/albaiulia\/wp-json\/wp\/v2\/posts\/55755\/revisions"}],"wp:featuredmedia":[{"embeddable":true,"href":"https:\/\/urbeamea.ro\/albaiulia\/wp-json\/wp\/v2\/media\/55756"}],"wp:attachment":[{"href":"https:\/\/urbeamea.ro\/albaiulia\/wp-json\/wp\/v2\/media?parent=55755"}],"wp:term":[{"taxonomy":"category","embeddable":true,"href":"https:\/\/urbeamea.ro\/albaiulia\/wp-json\/wp\/v2\/categories?post=55755"},{"taxonomy":"post_tag","embeddable":true,"href":"https:\/\/urbeamea.ro\/albaiulia\/wp-json\/wp\/v2\/tags?post=55755"}],"curies":[{"name":"wp","href":"https:\/\/api.w.org\/{rel}","templated":true}]}}