{"id":55848,"date":"2017-11-20T12:29:06","date_gmt":"2017-11-20T10:29:06","guid":{"rendered":"https:\/\/urbeamea.ro\/albaiulia\/?p=55848"},"modified":"2017-11-20T12:29:06","modified_gmt":"2017-11-20T10:29:06","slug":"miercuri-jandarmeria-alba-continua-campania-de-recrutare-la-targul-de-cariere-din-alba-iulia","status":"publish","type":"post","link":"https:\/\/urbeamea.ro\/albaiulia\/miercuri-jandarmeria-alba-continua-campania-de-recrutare-la-targul-de-cariere-din-alba-iulia\/","title":{"rendered":"MIERCURI: Jandarmeria Alba continu\u0103 campania de recrutare, la T\u00e2rgul de Cariere din Alba Iulia"},"content":{"rendered":"<p><strong>Dac\u0103 ai \u00eentre 18 \u0219i 27 de ani, e\u0219ti absolvent de liceu cu diplom\u0103 de bacalaureat \u0219i dore\u0219ti s\u0103 lucrezi \u00eentr-un mediu dinamic, organizat \u0219i competitiv, Inspectoratul de Jandarmi Jude\u0163ean Alba te invit\u0103 s\u0103 participi miercuri, 22 noiembrie 2017, la T\u00e2rgul de Cariere Alba Iulia de la Alba Mall.<\/strong><\/p>\n<p>Pentru sesiunea special\u0103 de admitere din anul 2018, institu\u0163iile de \u00eenv\u0103\u0163\u0103m\u00e2nt ale Jandarmeriei Rom\u00e2ne scot la concurs 700 de locuri dup\u0103 cum urmeaz\u0103:<\/p>\n<p>\u2022 \u015ecoala Militar\u0103 de Subofi\u0163eri Jandarmi \u201eGrigore Alexandru Ghica\u201d Dr\u0103g\u0103\u015fani \u2013 350 locuri alocate Jandarmeriei Rom\u00e2ne (din care 3 locuri pentru romi \u015fi 2 locuri pentru alte minorit\u0103\u0163i)<br \/>\n\u2022 \u015ecoala Militar\u0103 de Subofi\u0163eri Jandarmi \u201ePetru Rare\u015f\u201d F\u0103lticeni \u2013 350 locuri alocate Jandarmeriei Rom\u00e2ne (din care 3 locuri pentru romi \u015fi 2 locuri pentru alte minorit\u0103\u0163i).<\/p>\n<p><strong>DEPUNEREA CERERILOR DE \u00ceNSCRIERE<\/strong><\/p>\n<p>Cererile-tip de \u00eenscriere la sesiunea de admitere ianuarie 2018, se depun, p\u00e2n\u0103 la data limit\u0103 de 05.12.2017, la sediul Inspectoratului de Jandarmi Jude\u0163ean Alba situat \u00een Alba Iulia\u00a0\u00a0str. Alexandru Ioan Cuza, nr. 18, telefon 0258\/812318, \u00een zilele lucr\u0103toare de luni p\u00e2n\u0103 vineri, \u00eentre orele 08.00 \u2013 16.00, \u00een prezen\u021ba personalului specializat din cadrul Serviciul Resurse Umane al unit\u0103\u0163ii, care le vor pune la dispozi\u021bie.<\/p>\n<p>\u00cen vederea \u00eenscrierii, candida\u0163ii vor prezenta actul de identitate.<\/p>\n<p><strong>CONDI\u0162IILE LEGALE \u015eI CRITERIILE SPECIFICE DE RECRUTARE A CANDIDA\u0162ILOR<\/strong><\/p>\n<p>(1) Condi\u0163iile legale \u015fi criteriile specifice de recrutare a candida\u0163ilor sunt cele prev\u0103zute de Legea nr. 80\/1995 privind statutul cadrelor militare, cu modific\u0103rile \u015fi complet\u0103rile ulterioare, precum \u015fi de actele normative interne privind activitatea de management resurse umane \u00een unit\u0103\u0163ile MAI.<br \/>\n(2) Candida\u0163ii etnici\/minoritari care se \u00eenscriu pentru locurile alocate distinct acestora declar\u0103 pe propria r\u0103spundere apartenen\u0163a la etnia\/minoritatea respectiv\u0103 \u015fi depun o adeverin\u0163\u0103 emis\u0103 de o organiza\u0163ie etnic\u0103\/minoritar\u0103, constituit\u0103 potrivit legii.<br \/>\n(3) Pentru a participa la concursurile de admitere la institu\u0163iile de \u00eenv\u0103\u0163\u0103m\u00e2nt postliceal ale Ministerului Afacerilor Interne, candida\u0163ii trebuie s\u0103 \u00eendeplineasc\u0103, conform Ordinului MAI nr. 177\/2016 privind activitatea de management resurse umane \u00een unit\u0103\u0163ile militare ale Ministerului Afacerilor Interne, urm\u0103toarele condi\u0163ii \u015fi criterii specifice:<br \/>\na) s\u0103 aib\u0103 cet\u0103\u0163enia rom\u00e2n\u0103 \u015fi domiciliul \u00een Rom\u00e2nia;<br \/>\nb) s\u0103 cunoasc\u0103 limba rom\u00e2n\u0103, scris \u015fi vorbit;<br \/>\nc) s\u0103 aib\u0103 capacitate deplin\u0103 de exerci\u0163iu;<br \/>\nd) s\u0103 fie ap\u0163i din punct de vedere medical, fizic \u015fi psihologic;<br \/>\ne) s\u0103 aib\u0103 v\u00e2rsta de minimum 18 ani \u00eemplini\u0163i sau s\u0103 \u00eei \u00eemplineasc\u0103 \u00een cursul anului \u00een care particip\u0103 la concursul de admitere;<br \/>\nf) s\u0103 fie absolven\u0163i de liceu cu diplom\u0103 de bacalaureat;<br \/>\ng) s\u0103 aib\u0103 un comportament corespunz\u0103tor principiilor \u015fi cerin\u0163elor de conduit\u0103 admise \u015fi practicate \u00een societate;<br \/>\nh) s\u0103 nu aib\u0103 antecedente penale, cu excep\u0163ia situa\u0163iei c\u00e2nd a intervenit reabilitarea;<br \/>\ni) s\u0103 nu fie \u00een curs de urm\u0103rire penal\u0103 ori de judecat\u0103 pentru s\u0103v\u00e2r\u015firea de infrac\u0163iuni;<br \/>\nj) s\u0103 nu fi fost destitui\u0163i dintr-o func\u0163ie public\u0103 sau s\u0103 nu le fi \u00eencetat contractul individual de munc\u0103 pentru motive disciplinare \u00een ultimii 7 ani;<br \/>\nk) s\u0103 nu fi desf\u0103\u015furat activit\u0103\u0163i de poli\u0163ie politic\u0103, astfel cum sunt definite prin lege;<br \/>\nl) s\u0103 aib\u0103 v\u00e2rsta de p\u00e2n\u0103 la 27 de ani \u00eemplini\u0163i \u00een anul particip\u0103rii la concurs, pentru candida\u0163ii pe locurile destinate form\u0103rii ini\u0163iale a personalului militar \u015fi pe locurile MAI la institu\u0163iile de \u00eenv\u0103\u0163\u0103m\u00e2nt ale Ministerului Ap\u0103r\u0103rii Na\u0163ionale;<br \/>\nm) s\u0103 aib\u0103 \u00een\u0103l\u0163imea de minimum 1,70 m b\u0103rba\u0163ii \u015fi 1,65 m femeile;<br \/>\nn) s\u0103 nu aib\u0103 semne particulare evidente sau tatuaje neacoperite de vestimenta\u0163ie, \u00een \u0163inuta de var\u0103;<br \/>\no) s\u0103 fi ob\u0163inut la purtare, \u00een perioada studiilor liceale, media de cel pu\u0163in 9,00, cu excep\u0163ia candida\u0163ilor care au absolvit institu\u0163ii de \u00eenv\u0103\u0163\u0103m\u00e2nt de nivel liceal \u00een state membre ale Uniunii Europene \u00een care nu se evalueaz\u0103 prin not\u0103\/punctaj\/calificativ purtarea elevului;<br \/>\np) s\u0103 nu fi fost exmatricula\u0163i pentru abateri disciplinare dintr-o institu\u0163ie de \u00eenv\u0103\u0163\u0103m\u00e2nt.<\/p>\n<p><strong>Recrutarea \u015fi selec\u0163ia candida\u0163ilor beneficiari ai prevederilor Ordinului MAI nr. 35\/2014 \u015fi Ordinului MAI nr. 108\/2014<\/strong><\/p>\n<p>(1) Persoanele \u00eendrept\u0103\u0163ite s\u0103 beneficieze de prevederile Ordinului MAI nr. 35\/2014 \u015fi Ordinului MAI nr. 108\/2014 solicit\u0103, \u00een scris, ministrului afacerilor interne \u00eenmatricularea \u00een institu\u0163iile de \u00eenv\u0103\u0163\u0103m\u00e2nt ale MAI, \u00een anul I de studii, f\u0103r\u0103 sus\u0163inerea probei de verificare a cuno\u015ftin\u0163elor.<br \/>\n(2) Persoanelor \u00eendrept\u0103\u0163ite s\u0103 beneficieze de prevederile Ordinului MAI nr. 35\/2014 le sunt aplicabile prevederile art. 499 din Legea nr. 287\/2009 privind Codul civil, republicat\u0103, cu modific\u0103rile \u015fi complet\u0103rile ulterioare, referitoare la sintagma \u201ecopil devenit major, dac\u0103 se afl\u0103 \u00een continuarea studiilor, p\u00e2n\u0103 la terminarea acestora, dar f\u0103r\u0103 a dep\u0103\u015fi v\u00e2rsta de 26 de ani\u201d \u2013 sens \u00een care depune la unitatea de recrutare o adeverin\u0163\u0103 care s\u0103 ateste faptul c\u0103 este \u00een continuarea studiilor.<br \/>\n(3) Urmare analizei realizate la nivelul DGMRU asupra propunerii de \u00eenmatriculare, aceasta se prezint\u0103 spre aprobare ministrului afacerilor interne. Aprobarea solicit\u0103rii se transmite comisiei centrale de admitere pentru concursul de admitere \u00een institu\u0163iile de \u00eenv\u0103\u0163\u0103m\u00e2nt postliceal ale MAI, sesiunea ianuarie 2018, \u00een vederea inform\u0103rii solicitantului, unit\u0103\u0163ii de recrutare \u015fi institu\u0163iei de \u00eenv\u0103\u0163\u0103m\u00e2nt pentru care opteaz\u0103 acesta \u00een sensul rezerv\u0103rii locului la admitere, \u00een situa\u0163ia promov\u0103rii etapelor de recrutare \u015fi selec\u0163ie prev\u0103zute.<br \/>\n(4) \u00cen situa\u0163ia \u00een care solicitarea a fost aprobat\u0103 p\u00e2n\u0103 la data sus\u0163inerii probelor eliminatorii, constituirea dosarului de recrutare, examinarea medical\u0103 \u015fi evaluarea psihologic\u0103 a candidatului se realizeaz\u0103 potrivit procedurilor de recrutare \u015fi selec\u0163ie, similar celorlal\u0163i candida\u0163i.<br \/>\n(5) Dosarul de recrutare pentru candidatul care a fost declarat apt din punct de vedere medical \u015fi psihologic este transmis de unitatea de recrutare institu\u0163iei de \u00eenv\u0103\u0163\u0103m\u00e2nt pentru care opteaz\u0103.<br \/>\n(6) \u00cen situa\u0163ia \u00een care cererea a fost aprobat\u0103 de ministrul afacerilor interne dup\u0103 perioada planificat\u0103 pentru sus\u0163inerea probelor de selec\u0163ie potrivit graficului\/calendarului de admitere al institu\u0163iei de \u00eenv\u0103\u0163\u0103m\u00e2nt pentru care a optat, respectiv contravizita medical\u0103 \u015fi verificarea aptitudinilor fizice, DGMRU informeaz\u0103 solicitantul \u015fi unitatea de recrutare cu privire la rezervarea locului pentru sesiunea urm\u0103toare de admitere, \u00een situa\u0163ia \u00eendeplinirii, \u00een continuare, a condi\u0163iilor \u015fi criteriilor de recrutare.<br \/>\n(7) \u00cen func\u0163ie de cererile de \u00eenmatriculare aprobate, pot surveni modific\u0103ri ale locurilor scoase la concursul de admitere.<\/p>\n<p><strong>CONSTITUIREA DOSARULUI DE RECRUTARE<\/strong><\/p>\n<p>(1) Dosarele de recrutare ale candida\u0163ilor constituite \u00een vederea particip\u0103rii la concursul de admitere \u00een institu\u0163iile de \u00eenv\u0103\u0163\u0103m\u00e2nt postliceal, trebuie s\u0103 con\u0163in\u0103 urm\u0103toarele documente:<br \/>\na) cererea de \u00eenscriere (conform anexei nr. 1 la Dispozi\u0163ia-cadru nr. II\/17278 din 01.02.2017 privind recrutarea candida\u0163ilor pentru admiterea \u00een institu\u0163iile de \u00eenv\u0103\u0163\u0103m\u00e2nt care preg\u0103tesc personal pentru nevoile MAI) \u015fi CV;<br \/>\nb) copii ale documentelor care atest\u0103 nivelul \u015fi specializarea studiilor, certificate pentru conformitate cu originalul de c\u0103tre lucr\u0103torul de resurse umane care efectueaz\u0103 recrutarea; se accept\u0103 \u015fi copiile legalizate;<br \/>\nPentru candida\u0163ii care au absolvit studii liceale \u00een afara Rom\u00e2niei cu diplom\u0103 de bacalaureat (sau echivalentul acesteia):<br \/>\n\u2013 atestatul de recunoa\u015ftere a studiilor, eliberat de c\u0103tre direc\u0163ia de specialitate din cadrul M.E.N.C.\u015e., \u00een copie, certificat cu originalul de c\u0103tre lucr\u0103torul de resurse umane care efectueaz\u0103 recrutarea, se accept\u0103 \u015fi copie legalizat\u0103;<br \/>\n\u2013 diploma de bacalaureat sau echivalent\u0103 cu aceasta, \u00een traducere legalizat\u0103;<br \/>\n\u2013 foaia matricol\u0103 a studiilor liceale, \u00een traducere legalizat\u0103;<br \/>\nc) copii ale actului de identitate, carnetului de munc\u0103 \/ certificatului stagiu de cotizare \u015fi \/ sau altor documente doveditoare care s\u0103 ateste vechimea \u00een munc\u0103 \u015fi, dac\u0103 este cazul, ale livretului militar certificate pentru conformitate cu originalul de c\u0103tre lucr\u0103torul de resurse umane care efectueaz\u0103 recrutarea; se accept\u0103 \u015fi copiile legalizate;<br \/>\nd) copii ale certificatului de na\u015ftere al candidatului, so\u0163ului \/ so\u0163iei \u015fi fiec\u0103rui copil, ale certificatului de c\u0103s\u0103torie, precum \u015fi, dup\u0103 caz, ale hot\u0103r\u00e2rilor judec\u0103tore\u015fti privind starea civil\u0103 certificate pentru conformitate cu originalul de c\u0103tre lucr\u0103torul de resurse umane care efectueaz\u0103 recrutarea; se accept\u0103 \u015fi copiile legalizate;<br \/>\ne) autobiografia \u015fi tabelul nominal cu rudele candidatului \u015fi so\u0163ul\/so\u0163ia candidatului;<br \/>\nf) cazierul judiciar (extrasul de pe cazierul judiciar se solicit\u0103 de c\u0103tre compartimentul cu sarcini de recrutare, pe baza consim\u0163\u0103m\u00e2ntului expres al candidatului. Extrasul poate fi \u00eenlocuit \u015fi de un certificat de cazier judiciar, \u00een termen de valabilitate, depus de candidat);<br \/>\ng) o fotografie 9\u00d712 cm.;<br \/>\nh) fi\u015fa medical\u0103-tip de \u00eencadrare \u00een MAI;<br \/>\ni) declara\u0163ia de confirmare a cunoa\u015fterii \u015fi accept\u0103rii condi\u0163iilor de recrutare (conform anexei nr. 4 la Dispozi\u0163ia-cadru nr. II\/17278 din 01.02.2017 privind recrutarea candida\u0163ilor pentru admiterea \u00een institu\u0163iile de \u00eenv\u0103\u0163\u0103m\u00e2nt care preg\u0103tesc personal pentru nevoile MAI).<br \/>\nj). dou\u0103 fotografii color 3\u00d74, necesare pentru eliberarea legitima\u0163iei de concurs a candidatului.<br \/>\n(2) Candida\u0163ii etnici \/ minoritari (romi, maghiari, alte minorit\u0103\u0163i na\u0163ionale, etc.) care se \u00eenscriu pentru locurile alocate distinct acestora, declar\u0103 pe propria r\u0103spundere apartenen\u0163a la etnia \/ minoritatea respectiv\u0103 \u015fi depun suplimentar la dosarul de recrutare, \u00een original, o adeverin\u0163\u0103 emis\u0103 de o organiza\u0163ie etnic\u0103 \/ minoritar\u0103, constituit\u0103 potrivit legi.<\/p>\n<p><strong>ORGANIZAREA \u015eI DESF\u0102\u015eURAREA ACTIVIT\u0102\u0162ILOR DE SELEC\u0162IE A CANDIDA\u0162ILOR \u00ceN VEDEREA PARTICIP\u0102RII LA CONCURSUL DE ADMITERE<\/strong><\/p>\n<p>\u00cen vederea particip\u0103rii la concursul de admitere, candida\u0163ii sus\u0163in urm\u0103toarele probe eliminatorii, potrivit prevederilor legale \u00een vigoare:<br \/>\na) examinarea medical\u0103;<br \/>\nb) evaluarea psihologic\u0103;<br \/>\nExaminarea medical\u0103 a candida\u0163ilor se realizeaz\u0103 la unit\u0103\u0163ile medicale teritoriale ale MAI \u015fi const\u0103 \u00een evaluarea detaliat\u0103 a st\u0103rii de s\u0103n\u0103tate, fi\u015fa medical\u0103 se \u00eencheie pentru candidatul care \u00eendepline\u015fte cumulativ toate criteriile medicale, prin acordarea avizului \u201eapt\u201d pentru admiterea \u00een institu\u0163iile de \u00eenv\u0103\u0163\u0103m\u00e2nt care preg\u0103tesc personal pentru nevoile MAI.<br \/>\nEvaluarea psihologic\u0103 a candida\u0163ilor se realizeaz\u0103 de speciali\u015fti din cadrul Centrului de Psihosociologie al MAI, potrivit planific\u0103rii \u00eentocmite \u00eempreun\u0103 cu unit\u0103\u0163ile cu atribu\u0163ii de recrutare.<\/p>\n<p><strong>SITUA\u0162II CARE DETERMIN\u0102 \u00ceNCETAREA ACTIVIT\u0102\u0162II DE RECRUTARE \u015eI SELEC\u0162IE<\/strong><\/p>\n<p>(1) Activit\u0103\u0163ile de recrutare \u015fi selec\u0163ie \u00eenceteaz\u0103 pentru candida\u0163ii afla\u0163i \u00een urm\u0103toarele situa\u0163ii:<br \/>\na) nu depun \u00een termenul-limit\u0103 stabilit dosarul de recrutare \u00een volum complet;<br \/>\nb) \u00eencearc\u0103 sau fraudeaz\u0103, prin orice mijloace, activitatea de recrutare \u015fi selec\u0163ie;<br \/>\nc) nu \u00eendeplinesc \u00een mod cumulativ condi\u0163iile \u015fi criteriile de admitere.<br \/>\n(2) \u00cen cazul \u00een care identificarea situa\u0163iilor men\u0163ionate se face dup\u0103 \u00eencheierea admiterii, candidatul respectiv pierde locul ob\u0163inut prin concurs indiferent de anul de \u015fcolarizare \u00een care se afl\u0103.<\/p>\n<p><strong>\u00ceNSCRIEREA CANDIDA\u0162ILOR LA INSTITU\u0162IILE DE \u00ceNV\u0102\u0162\u0102M\u00c2NT<\/strong><br \/>\n(1) Candida\u0163ii care au dosarele de recrutare corect \u015fi complet \u00eentocmite prezint\u0103 la sediul institu\u0163iei de \u00eenv\u0103\u0163\u0103m\u00e2nt pentru care au optat, \u00een vederea \u00eenscrierii la concursul de admitere, urm\u0103toarele documente:<br \/>\na) cartea de identitate sau pa\u015faportul, \u00een original;<br \/>\nb) diploma de bacalaureat \u00een original sau adeverin\u0163\u0103 eliberat\u0103 de liceu \u00een care se men\u0163ioneaz\u0103 notele ob\u0163inute la probele de examen, media general\u0103 de la bacalaureat, mediile ob\u0163inute \u00een anii de liceu, termenul de valabilitate \u015fi faptul c\u0103 nu a fost eliberat\u0103 diploma, precum \u015fi foaia matricol\u0103 a studiilor liceale, \u00een original sau \u00een copii legalizate;<br \/>\nc) alte documente solicitate prin metodologii \/ regulamente de admitere;<br \/>\n(2) Copiile documentelor prev\u0103zute la alin. (1) se certific\u0103 pentru conformitate \u015fi se semneaz\u0103 de persoana desemnat\u0103 \u015fi de candidat.<br \/>\n(3) Documentele prev\u0103zute la alin. (1) pot fi depuse \u015fi \u00een copie legalizat\u0103, situa\u0163ie \u00een care activit\u0103\u0163ile prev\u0103zute la alin. (2) nu se mai realizeaz\u0103.<\/p>\n<p><strong>ORGANIZAREA CONCURSURILOR DE ADMITERE<\/strong><\/p>\n<p>\u015ecolile postliceale organizeaz\u0103 concursurile de admitere \u00een perioada 13 \u2013 21 ianuarie 2018, conform graficelor\/calendarelor mediatizate de c\u0103tre unit\u0103\u0163ile de \u00eenv\u0103\u0163\u0103m\u00e2nt.<br \/>\nOrdinea de desf\u0103\u015furare a probelor la concursul de admitere \u00een institu\u0163iile de \u00eenv\u0103\u0163\u0103m\u00e2nt postliceal ale Jandarmeriei Rom\u00e2ne \u2013 sesiunea ianuarie 2018, este urm\u0103toarea:<br \/>\n\u2022 examinarea medical\u0103<br \/>\n\u2022 verificarea aptitudinilor fizice<br \/>\n\u2022 proba de verificare a cuno\u015ftin\u0163elor<br \/>\nContravizita medical\u0103 a candida\u0163ilor se realizeaz\u0103 de c\u0103tre o subcomisie medical\u0103 constituit\u0103 din speciali\u015fti desemna\u0163i de Direc\u0163ia Medical\u0103 a MAI, care examineaz\u0103 candida\u0163ii, verific\u0103 \u00eenscrisurile fi\u015fei medicale tip MAI \u015fi finalizeaz\u0103 examenul medical prin emiterea unui aviz medical cu men\u0163iunea apt sau inapt, dup\u0103 caz. Rezultatul verific\u0103rii \u00eendeplinirii criteriilor privind \u00een\u0103l\u0163imea minim\u0103 \u015fi existen\u0163a semnelor particulare evidente sau a tatuajelor neacoperite de vestimenta\u0163ie, \u00een \u0163inuta de var\u0103, se comunic\u0103 comisiei de concurs \u00een vederea dispunerii m\u0103surilor necesare, potrivit competen\u0163elor.<br \/>\nVerificarea aptitudinilor fizice a candida\u0163ilor se realizeaz\u0103 conform probelor \u015fi baremelor stabilite pentru sesiunea de admitere \u00een luna ianuarie 2018<\/p>\n<p>Pentru participarea la probele de verificare a aptitudinilor fizice, candida\u0163ii se vor prezenta cu echipamentul sportiv necesar, conform planific\u0103rii.<br \/>\nVerificarea aptitudinilor fizice se desf\u0103\u015foar\u0103 potrivit probelor pentru sesiunea de admitere.<\/p>\n<p>La probele eliminatorii de concurs \u2013 contravizita medical\u0103 \u015fi verificarea aptitudinilor fizice \u2013 nu se admit contesta\u0163ii, rezultatele consemnate de subcomisiile de specialitate fiind definitive.<\/p>\n<p>Proba de verificare a cuno\u015ftin\u0163elor se desf\u0103\u015foar\u0103 la sediul \u0219colii, numai cu acei candida\u0163i care au promovat proba de verificare a aptitudinilor fizice, \u00een data de 20.01.2018.<\/p>\n<p>Tematica \u015fi bibliografia pentru concursul de admitere se reg\u0103sesc pe site-ul fiec\u0103rei institu\u0163ii de \u00eenv\u0103\u0163\u0103m\u00e2nt.<\/p>\n","protected":false},"excerpt":{"rendered":"<p>Dac\u0103 ai \u00eentre 18 \u0219i 27 de ani, e\u0219ti absolvent de liceu cu diplom\u0103 de bacalaureat \u0219i dore\u0219ti s\u0103 lucrezi \u00eentr-un mediu dinamic, organizat \u0219i competitiv, Inspectoratul de Jandarmi Jude\u0163ean Alba te invit\u0103 s\u0103 participi miercuri, 22 noiembrie 2017, la T\u00e2rgul de Cariere Alba Iulia de la Alba Mall. Pentru sesiunea special\u0103 de admitere din &hellip;<\/p>\n","protected":false},"author":17,"featured_media":55849,"comment_status":"open","ping_status":"open","sticky":false,"template":"","format":"standard","meta":{"inline_featured_image":false,"footnotes":""},"categories":[2034],"tags":[31,434,12947,13096,7754,308,13006,76],"class_list":["post-55848","post","type-post","status-publish","format-standard","has-post-thumbnail","hentry","category-social","tag-alba-iulia","tag-alba-mall","tag-campanie-de-recrutare","tag-concursuri-de-admitere","tag-jandarmeria-alba","tag-stiri","tag-targul-de-cariere","tag-urbea-mea"],"yoast_head":"<!-- This site is optimized with the Yoast SEO plugin v28.3 - https:\/\/yoast.com\/product\/yoast-seo-wordpress\/ -->\n<title>MIERCURI: Jandarmeria Alba continu\u0103 campania de recrutare, la T\u00e2rgul de Cariere din Alba Iulia - Revista Urbea Mea - Revista de Alba<\/title>\n<meta name=\"description\" content=\"Dac\u0103 ai \u00eentre 18 \u0219i 27 de ani, e\u0219ti absolvent de liceu cu diplom\u0103 de bacalaureat \u0219i dore\u0219ti s\u0103 lucrezi \u00eentr-un mediu dinamic, organizat \u0219i competitiv,\" \/>\n<meta name=\"robots\" content=\"index, follow, max-snippet:-1, max-image-preview:large, max-video-preview:-1\" \/>\n<link rel=\"canonical\" href=\"https:\/\/urbeamea.ro\/albaiulia\/miercuri-jandarmeria-alba-continua-campania-de-recrutare-la-targul-de-cariere-din-alba-iulia\/\" \/>\n<meta name=\"twitter:card\" content=\"summary_large_image\" \/>\n<meta name=\"twitter:title\" content=\"MIERCURI: Jandarmeria Alba continu\u0103 campania de recrutare, la T\u00e2rgul de Cariere din Alba Iulia - Revista Urbea Mea - Revista de Alba\" \/>\n<meta name=\"twitter:description\" content=\"Dac\u0103 ai \u00eentre 18 \u0219i 27 de ani, e\u0219ti absolvent de liceu cu diplom\u0103 de bacalaureat \u0219i dore\u0219ti s\u0103 lucrezi \u00eentr-un mediu dinamic, organizat \u0219i competitiv,\" \/>\n<meta name=\"twitter:image\" content=\"https:\/\/urbeamea.ro\/albaiulia\/wp-content\/uploads\/2017\/11\/Afis-recrutare.jpg\" \/>\n<meta name=\"twitter:creator\" content=\"@urbeameaweb\" \/>\n<meta name=\"twitter:site\" content=\"@urbeameaweb\" \/>\n<script type=\"application\/ld+json\" class=\"yoast-schema-graph\">{\"@context\":\"https:\\\/\\\/schema.org\",\"@graph\":[{\"@type\":\"Article\",\"@id\":\"https:\\\/\\\/urbeamea.ro\\\/albaiulia\\\/miercuri-jandarmeria-alba-continua-campania-de-recrutare-la-targul-de-cariere-din-alba-iulia\\\/#article\",\"isPartOf\":{\"@id\":\"https:\\\/\\\/urbeamea.ro\\\/albaiulia\\\/miercuri-jandarmeria-alba-continua-campania-de-recrutare-la-targul-de-cariere-din-alba-iulia\\\/\"},\"author\":{\"name\":\"Cristina Ganga\",\"@id\":\"https:\\\/\\\/urbeamea.ro\\\/albaiulia\\\/#\\\/schema\\\/person\\\/9700d21fae21c4f038b0b56f4506264a\"},\"headline\":\"MIERCURI: Jandarmeria Alba continu\u0103 campania de recrutare, la T\u00e2rgul de Cariere din Alba Iulia\",\"datePublished\":\"2017-11-20T10:29:06+00:00\",\"mainEntityOfPage\":{\"@id\":\"https:\\\/\\\/urbeamea.ro\\\/albaiulia\\\/miercuri-jandarmeria-alba-continua-campania-de-recrutare-la-targul-de-cariere-din-alba-iulia\\\/\"},\"wordCount\":2236,\"commentCount\":0,\"image\":{\"@id\":\"https:\\\/\\\/urbeamea.ro\\\/albaiulia\\\/miercuri-jandarmeria-alba-continua-campania-de-recrutare-la-targul-de-cariere-din-alba-iulia\\\/#primaryimage\"},\"thumbnailUrl\":\"https:\\\/\\\/urbeamea.ro\\\/albaiulia\\\/wp-content\\\/uploads\\\/2017\\\/11\\\/Afis-recrutare.jpg\",\"keywords\":[\"Alba Iulia\",\"alba mall\",\"campanie de recrutare\",\"concursuri de admitere\",\"jandarmeria alba\",\"stiri\",\"targul de cariere\",\"Urbea Mea\"],\"articleSection\":[\"Social\"],\"inLanguage\":\"ro-RO\",\"potentialAction\":[{\"@type\":\"CommentAction\",\"name\":\"Comment\",\"target\":[\"https:\\\/\\\/urbeamea.ro\\\/albaiulia\\\/miercuri-jandarmeria-alba-continua-campania-de-recrutare-la-targul-de-cariere-din-alba-iulia\\\/#respond\"]}]},{\"@type\":\"WebPage\",\"@id\":\"https:\\\/\\\/urbeamea.ro\\\/albaiulia\\\/miercuri-jandarmeria-alba-continua-campania-de-recrutare-la-targul-de-cariere-din-alba-iulia\\\/\",\"url\":\"https:\\\/\\\/urbeamea.ro\\\/albaiulia\\\/miercuri-jandarmeria-alba-continua-campania-de-recrutare-la-targul-de-cariere-din-alba-iulia\\\/\",\"name\":\"MIERCURI: Jandarmeria Alba continu\u0103 campania de recrutare, la T\u00e2rgul de Cariere din Alba Iulia - Revista Urbea Mea - Revista de Alba\",\"isPartOf\":{\"@id\":\"https:\\\/\\\/urbeamea.ro\\\/albaiulia\\\/#website\"},\"primaryImageOfPage\":{\"@id\":\"https:\\\/\\\/urbeamea.ro\\\/albaiulia\\\/miercuri-jandarmeria-alba-continua-campania-de-recrutare-la-targul-de-cariere-din-alba-iulia\\\/#primaryimage\"},\"image\":{\"@id\":\"https:\\\/\\\/urbeamea.ro\\\/albaiulia\\\/miercuri-jandarmeria-alba-continua-campania-de-recrutare-la-targul-de-cariere-din-alba-iulia\\\/#primaryimage\"},\"thumbnailUrl\":\"https:\\\/\\\/urbeamea.ro\\\/albaiulia\\\/wp-content\\\/uploads\\\/2017\\\/11\\\/Afis-recrutare.jpg\",\"datePublished\":\"2017-11-20T10:29:06+00:00\",\"author\":{\"@id\":\"https:\\\/\\\/urbeamea.ro\\\/albaiulia\\\/#\\\/schema\\\/person\\\/9700d21fae21c4f038b0b56f4506264a\"},\"description\":\"Dac\u0103 ai \u00eentre 18 \u0219i 27 de ani, e\u0219ti absolvent de liceu cu diplom\u0103 de bacalaureat \u0219i dore\u0219ti s\u0103 lucrezi \u00eentr-un mediu dinamic, organizat \u0219i competitiv,\",\"breadcrumb\":{\"@id\":\"https:\\\/\\\/urbeamea.ro\\\/albaiulia\\\/miercuri-jandarmeria-alba-continua-campania-de-recrutare-la-targul-de-cariere-din-alba-iulia\\\/#breadcrumb\"},\"inLanguage\":\"ro-RO\",\"potentialAction\":[{\"@type\":\"ReadAction\",\"target\":[\"https:\\\/\\\/urbeamea.ro\\\/albaiulia\\\/miercuri-jandarmeria-alba-continua-campania-de-recrutare-la-targul-de-cariere-din-alba-iulia\\\/\"]}]},{\"@type\":\"ImageObject\",\"inLanguage\":\"ro-RO\",\"@id\":\"https:\\\/\\\/urbeamea.ro\\\/albaiulia\\\/miercuri-jandarmeria-alba-continua-campania-de-recrutare-la-targul-de-cariere-din-alba-iulia\\\/#primaryimage\",\"url\":\"https:\\\/\\\/urbeamea.ro\\\/albaiulia\\\/wp-content\\\/uploads\\\/2017\\\/11\\\/Afis-recrutare.jpg\",\"contentUrl\":\"https:\\\/\\\/urbeamea.ro\\\/albaiulia\\\/wp-content\\\/uploads\\\/2017\\\/11\\\/Afis-recrutare.jpg\",\"width\":680,\"height\":960},{\"@type\":\"BreadcrumbList\",\"@id\":\"https:\\\/\\\/urbeamea.ro\\\/albaiulia\\\/miercuri-jandarmeria-alba-continua-campania-de-recrutare-la-targul-de-cariere-din-alba-iulia\\\/#breadcrumb\",\"itemListElement\":[{\"@type\":\"ListItem\",\"position\":1,\"name\":\"Prima pagin\u0103\",\"item\":\"https:\\\/\\\/urbeamea.ro\\\/albaiulia\\\/\"},{\"@type\":\"ListItem\",\"position\":2,\"name\":\"MIERCURI: Jandarmeria Alba continu\u0103 campania de recrutare, la T\u00e2rgul de Cariere din Alba Iulia\"}]},{\"@type\":\"WebSite\",\"@id\":\"https:\\\/\\\/urbeamea.ro\\\/albaiulia\\\/#website\",\"url\":\"https:\\\/\\\/urbeamea.ro\\\/albaiulia\\\/\",\"name\":\"Revista Urbea Mea, Stiri urbane\",\"description\":\"Evenimente \u0219i \u0219tiri din Alba Iulia, Sebe\u0219, Aiud, Blaj\",\"potentialAction\":[{\"@type\":\"SearchAction\",\"target\":{\"@type\":\"EntryPoint\",\"urlTemplate\":\"https:\\\/\\\/urbeamea.ro\\\/albaiulia\\\/?s={search_term_string}\"},\"query-input\":{\"@type\":\"PropertyValueSpecification\",\"valueRequired\":true,\"valueName\":\"search_term_string\"}}],\"inLanguage\":\"ro-RO\"},{\"@type\":\"Person\",\"@id\":\"https:\\\/\\\/urbeamea.ro\\\/albaiulia\\\/#\\\/schema\\\/person\\\/9700d21fae21c4f038b0b56f4506264a\",\"name\":\"Cristina Ganga\",\"image\":{\"@type\":\"ImageObject\",\"inLanguage\":\"ro-RO\",\"@id\":\"https:\\\/\\\/secure.gravatar.com\\\/avatar\\\/5a67661041f057b4a8ccaf26f5a8e86e2689372006d01faf3dd9eeb10b654bb4?s=96&d=mm&r=g\",\"url\":\"https:\\\/\\\/secure.gravatar.com\\\/avatar\\\/5a67661041f057b4a8ccaf26f5a8e86e2689372006d01faf3dd9eeb10b654bb4?s=96&d=mm&r=g\",\"contentUrl\":\"https:\\\/\\\/secure.gravatar.com\\\/avatar\\\/5a67661041f057b4a8ccaf26f5a8e86e2689372006d01faf3dd9eeb10b654bb4?s=96&d=mm&r=g\",\"caption\":\"Cristina Ganga\"},\"description\":\"Jurnalist\",\"sameAs\":[\"https:\\\/\\\/www.facebook.com\\\/cristina.nicola.587\"],\"url\":\"https:\\\/\\\/urbeamea.ro\\\/albaiulia\\\/author\\\/cristina-nicola\\\/\"}]}<\/script>\n<!-- \/ Yoast SEO plugin. -->","yoast_head_json":{"title":"MIERCURI: Jandarmeria Alba continu\u0103 campania de recrutare, la T\u00e2rgul de Cariere din Alba Iulia - Revista Urbea Mea - Revista de Alba","description":"Dac\u0103 ai \u00eentre 18 \u0219i 27 de ani, e\u0219ti absolvent de liceu cu diplom\u0103 de bacalaureat \u0219i dore\u0219ti s\u0103 lucrezi \u00eentr-un mediu dinamic, organizat \u0219i competitiv,","robots":{"index":"index","follow":"follow","max-snippet":"max-snippet:-1","max-image-preview":"max-image-preview:large","max-video-preview":"max-video-preview:-1"},"canonical":"https:\/\/urbeamea.ro\/albaiulia\/miercuri-jandarmeria-alba-continua-campania-de-recrutare-la-targul-de-cariere-din-alba-iulia\/","twitter_card":"summary_large_image","twitter_title":"MIERCURI: Jandarmeria Alba continu\u0103 campania de recrutare, la T\u00e2rgul de Cariere din Alba Iulia - Revista Urbea Mea - Revista de Alba","twitter_description":"Dac\u0103 ai \u00eentre 18 \u0219i 27 de ani, e\u0219ti absolvent de liceu cu diplom\u0103 de bacalaureat \u0219i dore\u0219ti s\u0103 lucrezi \u00eentr-un mediu dinamic, organizat \u0219i competitiv,","twitter_image":"https:\/\/urbeamea.ro\/albaiulia\/wp-content\/uploads\/2017\/11\/Afis-recrutare.jpg","twitter_creator":"@urbeameaweb","twitter_site":"@urbeameaweb","schema":{"@context":"https:\/\/schema.org","@graph":[{"@type":"Article","@id":"https:\/\/urbeamea.ro\/albaiulia\/miercuri-jandarmeria-alba-continua-campania-de-recrutare-la-targul-de-cariere-din-alba-iulia\/#article","isPartOf":{"@id":"https:\/\/urbeamea.ro\/albaiulia\/miercuri-jandarmeria-alba-continua-campania-de-recrutare-la-targul-de-cariere-din-alba-iulia\/"},"author":{"name":"Cristina Ganga","@id":"https:\/\/urbeamea.ro\/albaiulia\/#\/schema\/person\/9700d21fae21c4f038b0b56f4506264a"},"headline":"MIERCURI: Jandarmeria Alba continu\u0103 campania de recrutare, la T\u00e2rgul de Cariere din Alba Iulia","datePublished":"2017-11-20T10:29:06+00:00","mainEntityOfPage":{"@id":"https:\/\/urbeamea.ro\/albaiulia\/miercuri-jandarmeria-alba-continua-campania-de-recrutare-la-targul-de-cariere-din-alba-iulia\/"},"wordCount":2236,"commentCount":0,"image":{"@id":"https:\/\/urbeamea.ro\/albaiulia\/miercuri-jandarmeria-alba-continua-campania-de-recrutare-la-targul-de-cariere-din-alba-iulia\/#primaryimage"},"thumbnailUrl":"https:\/\/urbeamea.ro\/albaiulia\/wp-content\/uploads\/2017\/11\/Afis-recrutare.jpg","keywords":["Alba Iulia","alba mall","campanie de recrutare","concursuri de admitere","jandarmeria alba","stiri","targul de cariere","Urbea Mea"],"articleSection":["Social"],"inLanguage":"ro-RO","potentialAction":[{"@type":"CommentAction","name":"Comment","target":["https:\/\/urbeamea.ro\/albaiulia\/miercuri-jandarmeria-alba-continua-campania-de-recrutare-la-targul-de-cariere-din-alba-iulia\/#respond"]}]},{"@type":"WebPage","@id":"https:\/\/urbeamea.ro\/albaiulia\/miercuri-jandarmeria-alba-continua-campania-de-recrutare-la-targul-de-cariere-din-alba-iulia\/","url":"https:\/\/urbeamea.ro\/albaiulia\/miercuri-jandarmeria-alba-continua-campania-de-recrutare-la-targul-de-cariere-din-alba-iulia\/","name":"MIERCURI: Jandarmeria Alba continu\u0103 campania de recrutare, la T\u00e2rgul de Cariere din Alba Iulia - Revista Urbea Mea - Revista de Alba","isPartOf":{"@id":"https:\/\/urbeamea.ro\/albaiulia\/#website"},"primaryImageOfPage":{"@id":"https:\/\/urbeamea.ro\/albaiulia\/miercuri-jandarmeria-alba-continua-campania-de-recrutare-la-targul-de-cariere-din-alba-iulia\/#primaryimage"},"image":{"@id":"https:\/\/urbeamea.ro\/albaiulia\/miercuri-jandarmeria-alba-continua-campania-de-recrutare-la-targul-de-cariere-din-alba-iulia\/#primaryimage"},"thumbnailUrl":"https:\/\/urbeamea.ro\/albaiulia\/wp-content\/uploads\/2017\/11\/Afis-recrutare.jpg","datePublished":"2017-11-20T10:29:06+00:00","author":{"@id":"https:\/\/urbeamea.ro\/albaiulia\/#\/schema\/person\/9700d21fae21c4f038b0b56f4506264a"},"description":"Dac\u0103 ai \u00eentre 18 \u0219i 27 de ani, e\u0219ti absolvent de liceu cu diplom\u0103 de bacalaureat \u0219i dore\u0219ti s\u0103 lucrezi \u00eentr-un mediu dinamic, organizat \u0219i competitiv,","breadcrumb":{"@id":"https:\/\/urbeamea.ro\/albaiulia\/miercuri-jandarmeria-alba-continua-campania-de-recrutare-la-targul-de-cariere-din-alba-iulia\/#breadcrumb"},"inLanguage":"ro-RO","potentialAction":[{"@type":"ReadAction","target":["https:\/\/urbeamea.ro\/albaiulia\/miercuri-jandarmeria-alba-continua-campania-de-recrutare-la-targul-de-cariere-din-alba-iulia\/"]}]},{"@type":"ImageObject","inLanguage":"ro-RO","@id":"https:\/\/urbeamea.ro\/albaiulia\/miercuri-jandarmeria-alba-continua-campania-de-recrutare-la-targul-de-cariere-din-alba-iulia\/#primaryimage","url":"https:\/\/urbeamea.ro\/albaiulia\/wp-content\/uploads\/2017\/11\/Afis-recrutare.jpg","contentUrl":"https:\/\/urbeamea.ro\/albaiulia\/wp-content\/uploads\/2017\/11\/Afis-recrutare.jpg","width":680,"height":960},{"@type":"BreadcrumbList","@id":"https:\/\/urbeamea.ro\/albaiulia\/miercuri-jandarmeria-alba-continua-campania-de-recrutare-la-targul-de-cariere-din-alba-iulia\/#breadcrumb","itemListElement":[{"@type":"ListItem","position":1,"name":"Prima pagin\u0103","item":"https:\/\/urbeamea.ro\/albaiulia\/"},{"@type":"ListItem","position":2,"name":"MIERCURI: Jandarmeria Alba continu\u0103 campania de recrutare, la T\u00e2rgul de Cariere din Alba Iulia"}]},{"@type":"WebSite","@id":"https:\/\/urbeamea.ro\/albaiulia\/#website","url":"https:\/\/urbeamea.ro\/albaiulia\/","name":"Revista Urbea Mea, Stiri urbane","description":"Evenimente \u0219i \u0219tiri din Alba Iulia, Sebe\u0219, Aiud, Blaj","potentialAction":[{"@type":"SearchAction","target":{"@type":"EntryPoint","urlTemplate":"https:\/\/urbeamea.ro\/albaiulia\/?s={search_term_string}"},"query-input":{"@type":"PropertyValueSpecification","valueRequired":true,"valueName":"search_term_string"}}],"inLanguage":"ro-RO"},{"@type":"Person","@id":"https:\/\/urbeamea.ro\/albaiulia\/#\/schema\/person\/9700d21fae21c4f038b0b56f4506264a","name":"Cristina Ganga","image":{"@type":"ImageObject","inLanguage":"ro-RO","@id":"https:\/\/secure.gravatar.com\/avatar\/5a67661041f057b4a8ccaf26f5a8e86e2689372006d01faf3dd9eeb10b654bb4?s=96&d=mm&r=g","url":"https:\/\/secure.gravatar.com\/avatar\/5a67661041f057b4a8ccaf26f5a8e86e2689372006d01faf3dd9eeb10b654bb4?s=96&d=mm&r=g","contentUrl":"https:\/\/secure.gravatar.com\/avatar\/5a67661041f057b4a8ccaf26f5a8e86e2689372006d01faf3dd9eeb10b654bb4?s=96&d=mm&r=g","caption":"Cristina Ganga"},"description":"Jurnalist","sameAs":["https:\/\/www.facebook.com\/cristina.nicola.587"],"url":"https:\/\/urbeamea.ro\/albaiulia\/author\/cristina-nicola\/"}]}},"_links":{"self":[{"href":"https:\/\/urbeamea.ro\/albaiulia\/wp-json\/wp\/v2\/posts\/55848","targetHints":{"allow":["GET"]}}],"collection":[{"href":"https:\/\/urbeamea.ro\/albaiulia\/wp-json\/wp\/v2\/posts"}],"about":[{"href":"https:\/\/urbeamea.ro\/albaiulia\/wp-json\/wp\/v2\/types\/post"}],"author":[{"embeddable":true,"href":"https:\/\/urbeamea.ro\/albaiulia\/wp-json\/wp\/v2\/users\/17"}],"replies":[{"embeddable":true,"href":"https:\/\/urbeamea.ro\/albaiulia\/wp-json\/wp\/v2\/comments?post=55848"}],"version-history":[{"count":0,"href":"https:\/\/urbeamea.ro\/albaiulia\/wp-json\/wp\/v2\/posts\/55848\/revisions"}],"wp:featuredmedia":[{"embeddable":true,"href":"https:\/\/urbeamea.ro\/albaiulia\/wp-json\/wp\/v2\/media\/55849"}],"wp:attachment":[{"href":"https:\/\/urbeamea.ro\/albaiulia\/wp-json\/wp\/v2\/media?parent=55848"}],"wp:term":[{"taxonomy":"category","embeddable":true,"href":"https:\/\/urbeamea.ro\/albaiulia\/wp-json\/wp\/v2\/categories?post=55848"},{"taxonomy":"post_tag","embeddable":true,"href":"https:\/\/urbeamea.ro\/albaiulia\/wp-json\/wp\/v2\/tags?post=55848"}],"curies":[{"name":"wp","href":"https:\/\/api.w.org\/{rel}","templated":true}]}}