{"id":56699,"date":"2017-11-28T09:34:52","date_gmt":"2017-11-28T07:34:52","guid":{"rendered":"https:\/\/urbeamea.ro\/albaiulia\/?p=56699"},"modified":"2017-11-28T09:34:52","modified_gmt":"2017-11-28T07:34:52","slug":"stp-alba-programul-de-circulatie-al-autobuzelor-pe-durata-minivacantei-de-1-decembrie","status":"publish","type":"post","link":"https:\/\/urbeamea.ro\/albaiulia\/stp-alba-programul-de-circulatie-al-autobuzelor-pe-durata-minivacantei-de-1-decembrie\/","title":{"rendered":"STP Alba: Programul de circula\u021bie al autobuzelor pe durata minivacan\u021bei de 1 Decembrie"},"content":{"rendered":"<div class=\"td-post-content\">\n<p><strong>Societatea de Transport Public Alba Iulia \u00ee\u0219i adapteaz\u0103 programul de circula\u021bie al autobuzelor, pe durata minivacan\u021bei de 1 decembrie. Ca \u00een fiecare an, de Ziua Na\u021bional\u0103, pe raza municipiului se va putea circula cu un singur bilet, toat\u0103 ziua.<\/strong><\/p>\n<p>Programul de circula\u021bie al Societ\u0103\u021bii de Transport Public Alba Iulia \u00een perioada 30.11.2017-03.12.2017 va fi urm\u0103torul:<\/p>\n<ul>\n<li>\u00een data de 30.11.2017- program de duminic\u0103;<\/li>\n<li>\u00een data de 01.12.2017 \u2013 program de duminic\u0103;<\/li>\n<li>\u00een data de 02.12.2017- program de s\u00e2mb\u0103t\u0103;<\/li>\n<li>\u00een data de 03.12.2017- program de duminic\u0103.<\/li>\n<\/ul>\n<p>Cet\u0103\u021benii municipiului Alba Iulia \u0219i oaspe\u021bii care vor vizita ora\u0219ul cu prilejul Zilei Na\u021bionale a Rom\u00e2niei vor putea circula cu autobuzele Societ\u0103\u021bii de Transport Public S.A. Alba Iulia pe orice traseu \u00een zona tarifar\u0103 1 \u2013 Municipiul Alba Iulia,\u00a0 \u00eentreaga zi, achit\u00e2nd pre\u021bul unui singur bilet care va fi valabil pe tot parcursul zilei de 1 Decembrie 2017.<\/p>\n<\/div>\n","protected":false},"excerpt":{"rendered":"<p>Societatea de Transport Public Alba Iulia \u00ee\u0219i adapteaz\u0103 programul de circula\u021bie al autobuzelor, pe durata minivacan\u021bei de 1 decembrie. Ca \u00een fiecare an, de Ziua Na\u021bional\u0103, pe raza municipiului se va putea circula cu un singur bilet, toat\u0103 ziua. Programul de circula\u021bie al Societ\u0103\u021bii de Transport Public Alba Iulia \u00een perioada 30.11.2017-03.12.2017 va fi urm\u0103torul: &hellip;<\/p>\n","protected":false},"author":17,"featured_media":56700,"comment_status":"open","ping_status":"open","sticky":false,"template":"","format":"standard","meta":{"inline_featured_image":false,"footnotes":""},"categories":[1],"tags":[8858,31,6833,145,346,308,1599,76],"class_list":["post-56699","post","type-post","status-publish","format-standard","has-post-thumbnail","hentry","category-stiri-urbane","tag-1-decembrie-alba-iulia","tag-alba-iulia","tag-autobuze","tag-bilet","tag-program","tag-stiri","tag-stp-alba","tag-urbea-mea"],"yoast_head":"<!-- This site is optimized with the Yoast SEO plugin v28.3 - https:\/\/yoast.com\/product\/yoast-seo-wordpress\/ -->\n<title>STP Alba: Programul de circula\u021bie al autobuzelor pe durata minivacan\u021bei de 1 Decembrie - Revista Urbea Mea - Revista de Alba<\/title>\n<meta name=\"description\" content=\"Societatea de Transport Public Alba Iulia \u00ee\u0219i adapteaz\u0103 programul de circula\u021bie al autobuzelor, pe durata minivacan\u021bei de 1 decembrie. Ca \u00een fiecare an,\" \/>\n<meta name=\"robots\" content=\"index, follow, max-snippet:-1, max-image-preview:large, max-video-preview:-1\" \/>\n<link rel=\"canonical\" href=\"https:\/\/urbeamea.ro\/albaiulia\/stp-alba-programul-de-circulatie-al-autobuzelor-pe-durata-minivacantei-de-1-decembrie\/\" \/>\n<meta name=\"twitter:card\" content=\"summary_large_image\" \/>\n<meta name=\"twitter:title\" content=\"STP Alba: Programul de circula\u021bie al autobuzelor pe durata minivacan\u021bei de 1 Decembrie - Revista Urbea Mea - Revista de Alba\" \/>\n<meta name=\"twitter:description\" content=\"Societatea de Transport Public Alba Iulia \u00ee\u0219i adapteaz\u0103 programul de circula\u021bie al autobuzelor, pe durata minivacan\u021bei de 1 decembrie. Ca \u00een fiecare an,\" \/>\n<meta name=\"twitter:image\" content=\"https:\/\/urbeamea.ro\/albaiulia\/wp-content\/uploads\/2017\/11\/STP_Alba.jpg\" \/>\n<meta name=\"twitter:creator\" content=\"@urbeameaweb\" \/>\n<meta name=\"twitter:site\" content=\"@urbeameaweb\" \/>\n<script type=\"application\/ld+json\" class=\"yoast-schema-graph\">{\"@context\":\"https:\\\/\\\/schema.org\",\"@graph\":[{\"@type\":\"Article\",\"@id\":\"https:\\\/\\\/urbeamea.ro\\\/albaiulia\\\/stp-alba-programul-de-circulatie-al-autobuzelor-pe-durata-minivacantei-de-1-decembrie\\\/#article\",\"isPartOf\":{\"@id\":\"https:\\\/\\\/urbeamea.ro\\\/albaiulia\\\/stp-alba-programul-de-circulatie-al-autobuzelor-pe-durata-minivacantei-de-1-decembrie\\\/\"},\"author\":{\"name\":\"Cristina Ganga\",\"@id\":\"https:\\\/\\\/urbeamea.ro\\\/albaiulia\\\/#\\\/schema\\\/person\\\/9700d21fae21c4f038b0b56f4506264a\"},\"headline\":\"STP Alba: Programul de circula\u021bie al autobuzelor pe durata minivacan\u021bei de 1 Decembrie\",\"datePublished\":\"2017-11-28T07:34:52+00:00\",\"mainEntityOfPage\":{\"@id\":\"https:\\\/\\\/urbeamea.ro\\\/albaiulia\\\/stp-alba-programul-de-circulatie-al-autobuzelor-pe-durata-minivacantei-de-1-decembrie\\\/\"},\"wordCount\":166,\"commentCount\":0,\"image\":{\"@id\":\"https:\\\/\\\/urbeamea.ro\\\/albaiulia\\\/stp-alba-programul-de-circulatie-al-autobuzelor-pe-durata-minivacantei-de-1-decembrie\\\/#primaryimage\"},\"thumbnailUrl\":\"https:\\\/\\\/urbeamea.ro\\\/albaiulia\\\/wp-content\\\/uploads\\\/2017\\\/11\\\/STP_Alba.jpg\",\"keywords\":[\"1 Decembrie Alba Iulia\",\"Alba Iulia\",\"autobuze\",\"bilet\",\"program\",\"stiri\",\"STP Alba\",\"Urbea Mea\"],\"articleSection\":[\"\u015etiri Urbane\"],\"inLanguage\":\"ro-RO\",\"potentialAction\":[{\"@type\":\"CommentAction\",\"name\":\"Comment\",\"target\":[\"https:\\\/\\\/urbeamea.ro\\\/albaiulia\\\/stp-alba-programul-de-circulatie-al-autobuzelor-pe-durata-minivacantei-de-1-decembrie\\\/#respond\"]}]},{\"@type\":\"WebPage\",\"@id\":\"https:\\\/\\\/urbeamea.ro\\\/albaiulia\\\/stp-alba-programul-de-circulatie-al-autobuzelor-pe-durata-minivacantei-de-1-decembrie\\\/\",\"url\":\"https:\\\/\\\/urbeamea.ro\\\/albaiulia\\\/stp-alba-programul-de-circulatie-al-autobuzelor-pe-durata-minivacantei-de-1-decembrie\\\/\",\"name\":\"STP Alba: Programul de circula\u021bie al autobuzelor pe durata minivacan\u021bei de 1 Decembrie - Revista Urbea Mea - Revista de Alba\",\"isPartOf\":{\"@id\":\"https:\\\/\\\/urbeamea.ro\\\/albaiulia\\\/#website\"},\"primaryImageOfPage\":{\"@id\":\"https:\\\/\\\/urbeamea.ro\\\/albaiulia\\\/stp-alba-programul-de-circulatie-al-autobuzelor-pe-durata-minivacantei-de-1-decembrie\\\/#primaryimage\"},\"image\":{\"@id\":\"https:\\\/\\\/urbeamea.ro\\\/albaiulia\\\/stp-alba-programul-de-circulatie-al-autobuzelor-pe-durata-minivacantei-de-1-decembrie\\\/#primaryimage\"},\"thumbnailUrl\":\"https:\\\/\\\/urbeamea.ro\\\/albaiulia\\\/wp-content\\\/uploads\\\/2017\\\/11\\\/STP_Alba.jpg\",\"datePublished\":\"2017-11-28T07:34:52+00:00\",\"author\":{\"@id\":\"https:\\\/\\\/urbeamea.ro\\\/albaiulia\\\/#\\\/schema\\\/person\\\/9700d21fae21c4f038b0b56f4506264a\"},\"description\":\"Societatea de Transport Public Alba Iulia \u00ee\u0219i adapteaz\u0103 programul de circula\u021bie al autobuzelor, pe durata minivacan\u021bei de 1 decembrie. Ca \u00een fiecare an,\",\"breadcrumb\":{\"@id\":\"https:\\\/\\\/urbeamea.ro\\\/albaiulia\\\/stp-alba-programul-de-circulatie-al-autobuzelor-pe-durata-minivacantei-de-1-decembrie\\\/#breadcrumb\"},\"inLanguage\":\"ro-RO\",\"potentialAction\":[{\"@type\":\"ReadAction\",\"target\":[\"https:\\\/\\\/urbeamea.ro\\\/albaiulia\\\/stp-alba-programul-de-circulatie-al-autobuzelor-pe-durata-minivacantei-de-1-decembrie\\\/\"]}]},{\"@type\":\"ImageObject\",\"inLanguage\":\"ro-RO\",\"@id\":\"https:\\\/\\\/urbeamea.ro\\\/albaiulia\\\/stp-alba-programul-de-circulatie-al-autobuzelor-pe-durata-minivacantei-de-1-decembrie\\\/#primaryimage\",\"url\":\"https:\\\/\\\/urbeamea.ro\\\/albaiulia\\\/wp-content\\\/uploads\\\/2017\\\/11\\\/STP_Alba.jpg\",\"contentUrl\":\"https:\\\/\\\/urbeamea.ro\\\/albaiulia\\\/wp-content\\\/uploads\\\/2017\\\/11\\\/STP_Alba.jpg\",\"width\":600,\"height\":454},{\"@type\":\"BreadcrumbList\",\"@id\":\"https:\\\/\\\/urbeamea.ro\\\/albaiulia\\\/stp-alba-programul-de-circulatie-al-autobuzelor-pe-durata-minivacantei-de-1-decembrie\\\/#breadcrumb\",\"itemListElement\":[{\"@type\":\"ListItem\",\"position\":1,\"name\":\"Prima pagin\u0103\",\"item\":\"https:\\\/\\\/urbeamea.ro\\\/albaiulia\\\/\"},{\"@type\":\"ListItem\",\"position\":2,\"name\":\"STP Alba: Programul de circula\u021bie al autobuzelor pe durata minivacan\u021bei de 1 Decembrie\"}]},{\"@type\":\"WebSite\",\"@id\":\"https:\\\/\\\/urbeamea.ro\\\/albaiulia\\\/#website\",\"url\":\"https:\\\/\\\/urbeamea.ro\\\/albaiulia\\\/\",\"name\":\"Revista Urbea Mea, Stiri urbane\",\"description\":\"Evenimente \u0219i \u0219tiri din Alba Iulia, Sebe\u0219, Aiud, Blaj\",\"potentialAction\":[{\"@type\":\"SearchAction\",\"target\":{\"@type\":\"EntryPoint\",\"urlTemplate\":\"https:\\\/\\\/urbeamea.ro\\\/albaiulia\\\/?s={search_term_string}\"},\"query-input\":{\"@type\":\"PropertyValueSpecification\",\"valueRequired\":true,\"valueName\":\"search_term_string\"}}],\"inLanguage\":\"ro-RO\"},{\"@type\":\"Person\",\"@id\":\"https:\\\/\\\/urbeamea.ro\\\/albaiulia\\\/#\\\/schema\\\/person\\\/9700d21fae21c4f038b0b56f4506264a\",\"name\":\"Cristina Ganga\",\"image\":{\"@type\":\"ImageObject\",\"inLanguage\":\"ro-RO\",\"@id\":\"https:\\\/\\\/secure.gravatar.com\\\/avatar\\\/5a67661041f057b4a8ccaf26f5a8e86e2689372006d01faf3dd9eeb10b654bb4?s=96&d=mm&r=g\",\"url\":\"https:\\\/\\\/secure.gravatar.com\\\/avatar\\\/5a67661041f057b4a8ccaf26f5a8e86e2689372006d01faf3dd9eeb10b654bb4?s=96&d=mm&r=g\",\"contentUrl\":\"https:\\\/\\\/secure.gravatar.com\\\/avatar\\\/5a67661041f057b4a8ccaf26f5a8e86e2689372006d01faf3dd9eeb10b654bb4?s=96&d=mm&r=g\",\"caption\":\"Cristina Ganga\"},\"description\":\"Jurnalist\",\"sameAs\":[\"https:\\\/\\\/www.facebook.com\\\/cristina.nicola.587\"],\"url\":\"https:\\\/\\\/urbeamea.ro\\\/albaiulia\\\/author\\\/cristina-nicola\\\/\"}]}<\/script>\n<!-- \/ Yoast SEO plugin. -->","yoast_head_json":{"title":"STP Alba: Programul de circula\u021bie al autobuzelor pe durata minivacan\u021bei de 1 Decembrie - Revista Urbea Mea - Revista de Alba","description":"Societatea de Transport Public Alba Iulia \u00ee\u0219i adapteaz\u0103 programul de circula\u021bie al autobuzelor, pe durata minivacan\u021bei de 1 decembrie. Ca \u00een fiecare an,","robots":{"index":"index","follow":"follow","max-snippet":"max-snippet:-1","max-image-preview":"max-image-preview:large","max-video-preview":"max-video-preview:-1"},"canonical":"https:\/\/urbeamea.ro\/albaiulia\/stp-alba-programul-de-circulatie-al-autobuzelor-pe-durata-minivacantei-de-1-decembrie\/","twitter_card":"summary_large_image","twitter_title":"STP Alba: Programul de circula\u021bie al autobuzelor pe durata minivacan\u021bei de 1 Decembrie - Revista Urbea Mea - Revista de Alba","twitter_description":"Societatea de Transport Public Alba Iulia \u00ee\u0219i adapteaz\u0103 programul de circula\u021bie al autobuzelor, pe durata minivacan\u021bei de 1 decembrie. Ca \u00een fiecare an,","twitter_image":"https:\/\/urbeamea.ro\/albaiulia\/wp-content\/uploads\/2017\/11\/STP_Alba.jpg","twitter_creator":"@urbeameaweb","twitter_site":"@urbeameaweb","schema":{"@context":"https:\/\/schema.org","@graph":[{"@type":"Article","@id":"https:\/\/urbeamea.ro\/albaiulia\/stp-alba-programul-de-circulatie-al-autobuzelor-pe-durata-minivacantei-de-1-decembrie\/#article","isPartOf":{"@id":"https:\/\/urbeamea.ro\/albaiulia\/stp-alba-programul-de-circulatie-al-autobuzelor-pe-durata-minivacantei-de-1-decembrie\/"},"author":{"name":"Cristina Ganga","@id":"https:\/\/urbeamea.ro\/albaiulia\/#\/schema\/person\/9700d21fae21c4f038b0b56f4506264a"},"headline":"STP Alba: Programul de circula\u021bie al autobuzelor pe durata minivacan\u021bei de 1 Decembrie","datePublished":"2017-11-28T07:34:52+00:00","mainEntityOfPage":{"@id":"https:\/\/urbeamea.ro\/albaiulia\/stp-alba-programul-de-circulatie-al-autobuzelor-pe-durata-minivacantei-de-1-decembrie\/"},"wordCount":166,"commentCount":0,"image":{"@id":"https:\/\/urbeamea.ro\/albaiulia\/stp-alba-programul-de-circulatie-al-autobuzelor-pe-durata-minivacantei-de-1-decembrie\/#primaryimage"},"thumbnailUrl":"https:\/\/urbeamea.ro\/albaiulia\/wp-content\/uploads\/2017\/11\/STP_Alba.jpg","keywords":["1 Decembrie Alba Iulia","Alba Iulia","autobuze","bilet","program","stiri","STP Alba","Urbea Mea"],"articleSection":["\u015etiri Urbane"],"inLanguage":"ro-RO","potentialAction":[{"@type":"CommentAction","name":"Comment","target":["https:\/\/urbeamea.ro\/albaiulia\/stp-alba-programul-de-circulatie-al-autobuzelor-pe-durata-minivacantei-de-1-decembrie\/#respond"]}]},{"@type":"WebPage","@id":"https:\/\/urbeamea.ro\/albaiulia\/stp-alba-programul-de-circulatie-al-autobuzelor-pe-durata-minivacantei-de-1-decembrie\/","url":"https:\/\/urbeamea.ro\/albaiulia\/stp-alba-programul-de-circulatie-al-autobuzelor-pe-durata-minivacantei-de-1-decembrie\/","name":"STP Alba: Programul de circula\u021bie al autobuzelor pe durata minivacan\u021bei de 1 Decembrie - Revista Urbea Mea - Revista de Alba","isPartOf":{"@id":"https:\/\/urbeamea.ro\/albaiulia\/#website"},"primaryImageOfPage":{"@id":"https:\/\/urbeamea.ro\/albaiulia\/stp-alba-programul-de-circulatie-al-autobuzelor-pe-durata-minivacantei-de-1-decembrie\/#primaryimage"},"image":{"@id":"https:\/\/urbeamea.ro\/albaiulia\/stp-alba-programul-de-circulatie-al-autobuzelor-pe-durata-minivacantei-de-1-decembrie\/#primaryimage"},"thumbnailUrl":"https:\/\/urbeamea.ro\/albaiulia\/wp-content\/uploads\/2017\/11\/STP_Alba.jpg","datePublished":"2017-11-28T07:34:52+00:00","author":{"@id":"https:\/\/urbeamea.ro\/albaiulia\/#\/schema\/person\/9700d21fae21c4f038b0b56f4506264a"},"description":"Societatea de Transport Public Alba Iulia \u00ee\u0219i adapteaz\u0103 programul de circula\u021bie al autobuzelor, pe durata minivacan\u021bei de 1 decembrie. Ca \u00een fiecare an,","breadcrumb":{"@id":"https:\/\/urbeamea.ro\/albaiulia\/stp-alba-programul-de-circulatie-al-autobuzelor-pe-durata-minivacantei-de-1-decembrie\/#breadcrumb"},"inLanguage":"ro-RO","potentialAction":[{"@type":"ReadAction","target":["https:\/\/urbeamea.ro\/albaiulia\/stp-alba-programul-de-circulatie-al-autobuzelor-pe-durata-minivacantei-de-1-decembrie\/"]}]},{"@type":"ImageObject","inLanguage":"ro-RO","@id":"https:\/\/urbeamea.ro\/albaiulia\/stp-alba-programul-de-circulatie-al-autobuzelor-pe-durata-minivacantei-de-1-decembrie\/#primaryimage","url":"https:\/\/urbeamea.ro\/albaiulia\/wp-content\/uploads\/2017\/11\/STP_Alba.jpg","contentUrl":"https:\/\/urbeamea.ro\/albaiulia\/wp-content\/uploads\/2017\/11\/STP_Alba.jpg","width":600,"height":454},{"@type":"BreadcrumbList","@id":"https:\/\/urbeamea.ro\/albaiulia\/stp-alba-programul-de-circulatie-al-autobuzelor-pe-durata-minivacantei-de-1-decembrie\/#breadcrumb","itemListElement":[{"@type":"ListItem","position":1,"name":"Prima pagin\u0103","item":"https:\/\/urbeamea.ro\/albaiulia\/"},{"@type":"ListItem","position":2,"name":"STP Alba: Programul de circula\u021bie al autobuzelor pe durata minivacan\u021bei de 1 Decembrie"}]},{"@type":"WebSite","@id":"https:\/\/urbeamea.ro\/albaiulia\/#website","url":"https:\/\/urbeamea.ro\/albaiulia\/","name":"Revista Urbea Mea, Stiri urbane","description":"Evenimente \u0219i \u0219tiri din Alba Iulia, Sebe\u0219, Aiud, Blaj","potentialAction":[{"@type":"SearchAction","target":{"@type":"EntryPoint","urlTemplate":"https:\/\/urbeamea.ro\/albaiulia\/?s={search_term_string}"},"query-input":{"@type":"PropertyValueSpecification","valueRequired":true,"valueName":"search_term_string"}}],"inLanguage":"ro-RO"},{"@type":"Person","@id":"https:\/\/urbeamea.ro\/albaiulia\/#\/schema\/person\/9700d21fae21c4f038b0b56f4506264a","name":"Cristina Ganga","image":{"@type":"ImageObject","inLanguage":"ro-RO","@id":"https:\/\/secure.gravatar.com\/avatar\/5a67661041f057b4a8ccaf26f5a8e86e2689372006d01faf3dd9eeb10b654bb4?s=96&d=mm&r=g","url":"https:\/\/secure.gravatar.com\/avatar\/5a67661041f057b4a8ccaf26f5a8e86e2689372006d01faf3dd9eeb10b654bb4?s=96&d=mm&r=g","contentUrl":"https:\/\/secure.gravatar.com\/avatar\/5a67661041f057b4a8ccaf26f5a8e86e2689372006d01faf3dd9eeb10b654bb4?s=96&d=mm&r=g","caption":"Cristina Ganga"},"description":"Jurnalist","sameAs":["https:\/\/www.facebook.com\/cristina.nicola.587"],"url":"https:\/\/urbeamea.ro\/albaiulia\/author\/cristina-nicola\/"}]}},"_links":{"self":[{"href":"https:\/\/urbeamea.ro\/albaiulia\/wp-json\/wp\/v2\/posts\/56699","targetHints":{"allow":["GET"]}}],"collection":[{"href":"https:\/\/urbeamea.ro\/albaiulia\/wp-json\/wp\/v2\/posts"}],"about":[{"href":"https:\/\/urbeamea.ro\/albaiulia\/wp-json\/wp\/v2\/types\/post"}],"author":[{"embeddable":true,"href":"https:\/\/urbeamea.ro\/albaiulia\/wp-json\/wp\/v2\/users\/17"}],"replies":[{"embeddable":true,"href":"https:\/\/urbeamea.ro\/albaiulia\/wp-json\/wp\/v2\/comments?post=56699"}],"version-history":[{"count":0,"href":"https:\/\/urbeamea.ro\/albaiulia\/wp-json\/wp\/v2\/posts\/56699\/revisions"}],"wp:featuredmedia":[{"embeddable":true,"href":"https:\/\/urbeamea.ro\/albaiulia\/wp-json\/wp\/v2\/media\/56700"}],"wp:attachment":[{"href":"https:\/\/urbeamea.ro\/albaiulia\/wp-json\/wp\/v2\/media?parent=56699"}],"wp:term":[{"taxonomy":"category","embeddable":true,"href":"https:\/\/urbeamea.ro\/albaiulia\/wp-json\/wp\/v2\/categories?post=56699"},{"taxonomy":"post_tag","embeddable":true,"href":"https:\/\/urbeamea.ro\/albaiulia\/wp-json\/wp\/v2\/tags?post=56699"}],"curies":[{"name":"wp","href":"https:\/\/api.w.org\/{rel}","templated":true}]}}