{"id":567,"date":"2015-01-19T09:24:18","date_gmt":"2015-01-19T07:24:18","guid":{"rendered":"http:\/\/urbeamea.ro\/albaiulia\/?p=567"},"modified":"2022-01-08T12:31:40","modified_gmt":"2022-01-08T10:31:40","slug":"filmare-aeriana-alba-iulia-superba-cetate-din-romania-in-peisaj-de-iarna-video","status":"publish","type":"post","link":"https:\/\/urbeamea.ro\/albaiulia\/filmare-aeriana-alba-iulia-superba-cetate-din-romania-in-peisaj-de-iarna-video\/","title":{"rendered":"Filmare aerian\u0103: Alba Iulia ,  superba  cetate din Rom\u00e2nia, \u00een peisaj de iarn\u0103 &#8211; vezi video"},"content":{"rendered":"<p>Cetatea din Alba Iulia a fost complet ref\u0103cut\u0103 anii trecu\u0163i, \u00een mare parte cu fonduri europene.<\/p>\n<p>Catedrala \u00cencoron\u0103rii, Catedrala Romano-Catolic\u0103, pietonala Mihai Viteazul, Universitatea \u201e1 Decembrie 1918\u2033, Pia\u0163a Cet\u0103\u0163ii, Biblioteca Batthyaneum \u015fi celelalte obiective au fost acoperite zilele trecute de un mic strat de z\u0103pad\u0103.<\/p>\n<p>Filmule\u0163ul a fost realizat de \u00a0C\u0103lin Magda, care posteaz\u0103 adesea videoclipuri realizate \u00een Alba Iulia \u015fi \u00een \u00eemprejurimi.<\/p>\n<p>Cetatea Alba Carolina este principala zon\u0103 istoric\u0103 a ora\u015fului Alba Iulia. Fort\u0103rea\u0163a \u00een stil Vauban, cea mai impresionant\u0103 de acest tip din sud-estul Europei, a fost construit\u0103 \u00een perioada 1716-1735.<\/p>\n<p><iframe loading=\"lazy\" frameborder=\"0\" height=\"315\" src=\"\/\/www.youtube.com\/embed\/UnGVr9HNC0w\" width=\"650\"><\/iframe><\/p>\n","protected":false},"excerpt":{"rendered":"<p>Cetatea din Alba Iulia a fost complet ref\u0103cut\u0103 anii trecu\u0163i, \u00een mare parte cu fonduri europene. Catedrala \u00cencoron\u0103rii, Catedrala Romano-Catolic\u0103, pietonala Mihai Viteazul, Universitatea \u201e1 Decembrie 1918\u2033, Pia\u0163a Cet\u0103\u0163ii, Biblioteca Batthyaneum \u015fi celelalte obiective au fost acoperite zilele trecute de un mic strat de z\u0103pad\u0103. Filmule\u0163ul a fost realizat de \u00a0C\u0103lin Magda, care posteaz\u0103 adesea &hellip;<\/p>\n","protected":false},"author":3,"featured_media":568,"comment_status":"open","ping_status":"open","sticky":false,"template":"","format":"video","meta":{"inline_featured_image":false,"footnotes":""},"categories":[61],"tags":[31,41,39,40],"class_list":["post-567","post","type-post","status-publish","format-video","has-post-thumbnail","hentry","category-turism","tag-alba-iulia","tag-calin-magda","tag-cetate","tag-imagini","post_format-post-format-video"],"yoast_head":"<!-- This site is optimized with the Yoast SEO plugin v28.3 - https:\/\/yoast.com\/product\/yoast-seo-wordpress\/ -->\n<title>Filmare aerian\u0103: Alba Iulia , superba cetate din Rom\u00e2nia, \u00een peisaj de iarn\u0103 - vezi video - Revista Urbea Mea - Revista de Alba<\/title>\n<meta name=\"description\" content=\"Cetatea din Alba Iulia a fost complet ref\u0103cut\u0103 anii trecu\u0163i, \u00een mare parte cu fonduri europene. Catedrala \u00cencoron\u0103rii, Catedrala Romano-Catolic\u0103,\" \/>\n<meta name=\"robots\" content=\"index, follow, max-snippet:-1, max-image-preview:large, max-video-preview:-1\" \/>\n<link rel=\"canonical\" href=\"https:\/\/urbeamea.ro\/albaiulia\/filmare-aeriana-alba-iulia-superba-cetate-din-romania-in-peisaj-de-iarna-video\/\" \/>\n<meta name=\"twitter:card\" content=\"summary_large_image\" \/>\n<meta name=\"twitter:title\" content=\"Filmare aerian\u0103: Alba Iulia , superba cetate din Rom\u00e2nia, \u00een peisaj de iarn\u0103 - vezi video - Revista Urbea Mea - Revista de Alba\" \/>\n<meta name=\"twitter:description\" content=\"Cetatea din Alba Iulia a fost complet ref\u0103cut\u0103 anii trecu\u0163i, \u00een mare parte cu fonduri europene. Catedrala \u00cencoron\u0103rii, Catedrala Romano-Catolic\u0103,\" \/>\n<meta name=\"twitter:image\" content=\"https:\/\/urbeamea.ro\/albaiulia\/wp-content\/uploads\/2015\/01\/alba-iulia.jpg\" \/>\n<meta name=\"twitter:creator\" content=\"@urbeameaweb\" \/>\n<meta name=\"twitter:site\" content=\"@urbeameaweb\" \/>\n<script type=\"application\/ld+json\" class=\"yoast-schema-graph\">{\"@context\":\"https:\\\/\\\/schema.org\",\"@graph\":[{\"@type\":\"Article\",\"@id\":\"https:\\\/\\\/urbeamea.ro\\\/albaiulia\\\/filmare-aeriana-alba-iulia-superba-cetate-din-romania-in-peisaj-de-iarna-video\\\/#article\",\"isPartOf\":{\"@id\":\"https:\\\/\\\/urbeamea.ro\\\/albaiulia\\\/filmare-aeriana-alba-iulia-superba-cetate-din-romania-in-peisaj-de-iarna-video\\\/\"},\"author\":{\"name\":\"Radu Ciobotea\",\"@id\":\"https:\\\/\\\/urbeamea.ro\\\/albaiulia\\\/#\\\/schema\\\/person\\\/44a17e6dfdaa077c825152369345cb63\"},\"headline\":\"Filmare aerian\u0103: Alba Iulia , superba cetate din Rom\u00e2nia, \u00een peisaj de iarn\u0103 &#8211; vezi video\",\"datePublished\":\"2015-01-19T07:24:18+00:00\",\"dateModified\":\"2022-01-08T10:31:40+00:00\",\"mainEntityOfPage\":{\"@id\":\"https:\\\/\\\/urbeamea.ro\\\/albaiulia\\\/filmare-aeriana-alba-iulia-superba-cetate-din-romania-in-peisaj-de-iarna-video\\\/\"},\"wordCount\":118,\"commentCount\":0,\"image\":{\"@id\":\"https:\\\/\\\/urbeamea.ro\\\/albaiulia\\\/filmare-aeriana-alba-iulia-superba-cetate-din-romania-in-peisaj-de-iarna-video\\\/#primaryimage\"},\"thumbnailUrl\":\"https:\\\/\\\/urbeamea.ro\\\/albaiulia\\\/wp-content\\\/uploads\\\/2015\\\/01\\\/alba-iulia.jpg\",\"keywords\":[\"Alba Iulia\",\"Calin Magda\",\"cetate\",\"imagini\"],\"articleSection\":[\"Turism \u0219i Ghidaj turistic\"],\"inLanguage\":\"ro-RO\",\"potentialAction\":[{\"@type\":\"CommentAction\",\"name\":\"Comment\",\"target\":[\"https:\\\/\\\/urbeamea.ro\\\/albaiulia\\\/filmare-aeriana-alba-iulia-superba-cetate-din-romania-in-peisaj-de-iarna-video\\\/#respond\"]}]},{\"@type\":\"WebPage\",\"@id\":\"https:\\\/\\\/urbeamea.ro\\\/albaiulia\\\/filmare-aeriana-alba-iulia-superba-cetate-din-romania-in-peisaj-de-iarna-video\\\/\",\"url\":\"https:\\\/\\\/urbeamea.ro\\\/albaiulia\\\/filmare-aeriana-alba-iulia-superba-cetate-din-romania-in-peisaj-de-iarna-video\\\/\",\"name\":\"Filmare aerian\u0103: Alba Iulia , superba cetate din Rom\u00e2nia, \u00een peisaj de iarn\u0103 - vezi video - Revista Urbea Mea - Revista de Alba\",\"isPartOf\":{\"@id\":\"https:\\\/\\\/urbeamea.ro\\\/albaiulia\\\/#website\"},\"primaryImageOfPage\":{\"@id\":\"https:\\\/\\\/urbeamea.ro\\\/albaiulia\\\/filmare-aeriana-alba-iulia-superba-cetate-din-romania-in-peisaj-de-iarna-video\\\/#primaryimage\"},\"image\":{\"@id\":\"https:\\\/\\\/urbeamea.ro\\\/albaiulia\\\/filmare-aeriana-alba-iulia-superba-cetate-din-romania-in-peisaj-de-iarna-video\\\/#primaryimage\"},\"thumbnailUrl\":\"https:\\\/\\\/urbeamea.ro\\\/albaiulia\\\/wp-content\\\/uploads\\\/2015\\\/01\\\/alba-iulia.jpg\",\"datePublished\":\"2015-01-19T07:24:18+00:00\",\"dateModified\":\"2022-01-08T10:31:40+00:00\",\"author\":{\"@id\":\"https:\\\/\\\/urbeamea.ro\\\/albaiulia\\\/#\\\/schema\\\/person\\\/44a17e6dfdaa077c825152369345cb63\"},\"description\":\"Cetatea din Alba Iulia a fost complet ref\u0103cut\u0103 anii trecu\u0163i, \u00een mare parte cu fonduri europene. Catedrala \u00cencoron\u0103rii, Catedrala Romano-Catolic\u0103,\",\"breadcrumb\":{\"@id\":\"https:\\\/\\\/urbeamea.ro\\\/albaiulia\\\/filmare-aeriana-alba-iulia-superba-cetate-din-romania-in-peisaj-de-iarna-video\\\/#breadcrumb\"},\"inLanguage\":\"ro-RO\",\"potentialAction\":[{\"@type\":\"ReadAction\",\"target\":[\"https:\\\/\\\/urbeamea.ro\\\/albaiulia\\\/filmare-aeriana-alba-iulia-superba-cetate-din-romania-in-peisaj-de-iarna-video\\\/\"]}]},{\"@type\":\"ImageObject\",\"inLanguage\":\"ro-RO\",\"@id\":\"https:\\\/\\\/urbeamea.ro\\\/albaiulia\\\/filmare-aeriana-alba-iulia-superba-cetate-din-romania-in-peisaj-de-iarna-video\\\/#primaryimage\",\"url\":\"https:\\\/\\\/urbeamea.ro\\\/albaiulia\\\/wp-content\\\/uploads\\\/2015\\\/01\\\/alba-iulia.jpg\",\"contentUrl\":\"https:\\\/\\\/urbeamea.ro\\\/albaiulia\\\/wp-content\\\/uploads\\\/2015\\\/01\\\/alba-iulia.jpg\",\"width\":1000,\"height\":516},{\"@type\":\"BreadcrumbList\",\"@id\":\"https:\\\/\\\/urbeamea.ro\\\/albaiulia\\\/filmare-aeriana-alba-iulia-superba-cetate-din-romania-in-peisaj-de-iarna-video\\\/#breadcrumb\",\"itemListElement\":[{\"@type\":\"ListItem\",\"position\":1,\"name\":\"Prima pagin\u0103\",\"item\":\"https:\\\/\\\/urbeamea.ro\\\/albaiulia\\\/\"},{\"@type\":\"ListItem\",\"position\":2,\"name\":\"Filmare aerian\u0103: Alba Iulia , superba cetate din Rom\u00e2nia, \u00een peisaj de iarn\u0103 &#8211; vezi video\"}]},{\"@type\":\"WebSite\",\"@id\":\"https:\\\/\\\/urbeamea.ro\\\/albaiulia\\\/#website\",\"url\":\"https:\\\/\\\/urbeamea.ro\\\/albaiulia\\\/\",\"name\":\"Revista Urbea Mea, Stiri urbane\",\"description\":\"Evenimente \u0219i \u0219tiri din Alba Iulia, Sebe\u0219, Aiud, Blaj\",\"potentialAction\":[{\"@type\":\"SearchAction\",\"target\":{\"@type\":\"EntryPoint\",\"urlTemplate\":\"https:\\\/\\\/urbeamea.ro\\\/albaiulia\\\/?s={search_term_string}\"},\"query-input\":{\"@type\":\"PropertyValueSpecification\",\"valueRequired\":true,\"valueName\":\"search_term_string\"}}],\"inLanguage\":\"ro-RO\"},{\"@type\":\"Person\",\"@id\":\"https:\\\/\\\/urbeamea.ro\\\/albaiulia\\\/#\\\/schema\\\/person\\\/44a17e6dfdaa077c825152369345cb63\",\"name\":\"Radu Ciobotea\",\"image\":{\"@type\":\"ImageObject\",\"inLanguage\":\"ro-RO\",\"@id\":\"https:\\\/\\\/secure.gravatar.com\\\/avatar\\\/23e1bc24fae8697caa8cedc0216fa41cec7392b2347081c097ddf708ce6678f6?s=96&d=mm&r=g\",\"url\":\"https:\\\/\\\/secure.gravatar.com\\\/avatar\\\/23e1bc24fae8697caa8cedc0216fa41cec7392b2347081c097ddf708ce6678f6?s=96&d=mm&r=g\",\"contentUrl\":\"https:\\\/\\\/secure.gravatar.com\\\/avatar\\\/23e1bc24fae8697caa8cedc0216fa41cec7392b2347081c097ddf708ce6678f6?s=96&d=mm&r=g\",\"caption\":\"Radu Ciobotea\"},\"description\":\"Jurnalist\",\"sameAs\":[\"https:\\\/\\\/www.facebook.com\\\/ciobotea.radu?fref=ts\"],\"url\":\"https:\\\/\\\/urbeamea.ro\\\/albaiulia\\\/author\\\/radu-ciobotea\\\/\"}]}<\/script>\n<!-- \/ Yoast SEO plugin. -->","yoast_head_json":{"title":"Filmare aerian\u0103: Alba Iulia , superba cetate din Rom\u00e2nia, \u00een peisaj de iarn\u0103 - vezi video - Revista Urbea Mea - Revista de Alba","description":"Cetatea din Alba Iulia a fost complet ref\u0103cut\u0103 anii trecu\u0163i, \u00een mare parte cu fonduri europene. Catedrala \u00cencoron\u0103rii, Catedrala Romano-Catolic\u0103,","robots":{"index":"index","follow":"follow","max-snippet":"max-snippet:-1","max-image-preview":"max-image-preview:large","max-video-preview":"max-video-preview:-1"},"canonical":"https:\/\/urbeamea.ro\/albaiulia\/filmare-aeriana-alba-iulia-superba-cetate-din-romania-in-peisaj-de-iarna-video\/","twitter_card":"summary_large_image","twitter_title":"Filmare aerian\u0103: Alba Iulia , superba cetate din Rom\u00e2nia, \u00een peisaj de iarn\u0103 - vezi video - Revista Urbea Mea - Revista de Alba","twitter_description":"Cetatea din Alba Iulia a fost complet ref\u0103cut\u0103 anii trecu\u0163i, \u00een mare parte cu fonduri europene. Catedrala \u00cencoron\u0103rii, Catedrala Romano-Catolic\u0103,","twitter_image":"https:\/\/urbeamea.ro\/albaiulia\/wp-content\/uploads\/2015\/01\/alba-iulia.jpg","twitter_creator":"@urbeameaweb","twitter_site":"@urbeameaweb","schema":{"@context":"https:\/\/schema.org","@graph":[{"@type":"Article","@id":"https:\/\/urbeamea.ro\/albaiulia\/filmare-aeriana-alba-iulia-superba-cetate-din-romania-in-peisaj-de-iarna-video\/#article","isPartOf":{"@id":"https:\/\/urbeamea.ro\/albaiulia\/filmare-aeriana-alba-iulia-superba-cetate-din-romania-in-peisaj-de-iarna-video\/"},"author":{"name":"Radu Ciobotea","@id":"https:\/\/urbeamea.ro\/albaiulia\/#\/schema\/person\/44a17e6dfdaa077c825152369345cb63"},"headline":"Filmare aerian\u0103: Alba Iulia , superba cetate din Rom\u00e2nia, \u00een peisaj de iarn\u0103 &#8211; vezi video","datePublished":"2015-01-19T07:24:18+00:00","dateModified":"2022-01-08T10:31:40+00:00","mainEntityOfPage":{"@id":"https:\/\/urbeamea.ro\/albaiulia\/filmare-aeriana-alba-iulia-superba-cetate-din-romania-in-peisaj-de-iarna-video\/"},"wordCount":118,"commentCount":0,"image":{"@id":"https:\/\/urbeamea.ro\/albaiulia\/filmare-aeriana-alba-iulia-superba-cetate-din-romania-in-peisaj-de-iarna-video\/#primaryimage"},"thumbnailUrl":"https:\/\/urbeamea.ro\/albaiulia\/wp-content\/uploads\/2015\/01\/alba-iulia.jpg","keywords":["Alba Iulia","Calin Magda","cetate","imagini"],"articleSection":["Turism \u0219i Ghidaj turistic"],"inLanguage":"ro-RO","potentialAction":[{"@type":"CommentAction","name":"Comment","target":["https:\/\/urbeamea.ro\/albaiulia\/filmare-aeriana-alba-iulia-superba-cetate-din-romania-in-peisaj-de-iarna-video\/#respond"]}]},{"@type":"WebPage","@id":"https:\/\/urbeamea.ro\/albaiulia\/filmare-aeriana-alba-iulia-superba-cetate-din-romania-in-peisaj-de-iarna-video\/","url":"https:\/\/urbeamea.ro\/albaiulia\/filmare-aeriana-alba-iulia-superba-cetate-din-romania-in-peisaj-de-iarna-video\/","name":"Filmare aerian\u0103: Alba Iulia , superba cetate din Rom\u00e2nia, \u00een peisaj de iarn\u0103 - vezi video - Revista Urbea Mea - Revista de Alba","isPartOf":{"@id":"https:\/\/urbeamea.ro\/albaiulia\/#website"},"primaryImageOfPage":{"@id":"https:\/\/urbeamea.ro\/albaiulia\/filmare-aeriana-alba-iulia-superba-cetate-din-romania-in-peisaj-de-iarna-video\/#primaryimage"},"image":{"@id":"https:\/\/urbeamea.ro\/albaiulia\/filmare-aeriana-alba-iulia-superba-cetate-din-romania-in-peisaj-de-iarna-video\/#primaryimage"},"thumbnailUrl":"https:\/\/urbeamea.ro\/albaiulia\/wp-content\/uploads\/2015\/01\/alba-iulia.jpg","datePublished":"2015-01-19T07:24:18+00:00","dateModified":"2022-01-08T10:31:40+00:00","author":{"@id":"https:\/\/urbeamea.ro\/albaiulia\/#\/schema\/person\/44a17e6dfdaa077c825152369345cb63"},"description":"Cetatea din Alba Iulia a fost complet ref\u0103cut\u0103 anii trecu\u0163i, \u00een mare parte cu fonduri europene. Catedrala \u00cencoron\u0103rii, Catedrala Romano-Catolic\u0103,","breadcrumb":{"@id":"https:\/\/urbeamea.ro\/albaiulia\/filmare-aeriana-alba-iulia-superba-cetate-din-romania-in-peisaj-de-iarna-video\/#breadcrumb"},"inLanguage":"ro-RO","potentialAction":[{"@type":"ReadAction","target":["https:\/\/urbeamea.ro\/albaiulia\/filmare-aeriana-alba-iulia-superba-cetate-din-romania-in-peisaj-de-iarna-video\/"]}]},{"@type":"ImageObject","inLanguage":"ro-RO","@id":"https:\/\/urbeamea.ro\/albaiulia\/filmare-aeriana-alba-iulia-superba-cetate-din-romania-in-peisaj-de-iarna-video\/#primaryimage","url":"https:\/\/urbeamea.ro\/albaiulia\/wp-content\/uploads\/2015\/01\/alba-iulia.jpg","contentUrl":"https:\/\/urbeamea.ro\/albaiulia\/wp-content\/uploads\/2015\/01\/alba-iulia.jpg","width":1000,"height":516},{"@type":"BreadcrumbList","@id":"https:\/\/urbeamea.ro\/albaiulia\/filmare-aeriana-alba-iulia-superba-cetate-din-romania-in-peisaj-de-iarna-video\/#breadcrumb","itemListElement":[{"@type":"ListItem","position":1,"name":"Prima pagin\u0103","item":"https:\/\/urbeamea.ro\/albaiulia\/"},{"@type":"ListItem","position":2,"name":"Filmare aerian\u0103: Alba Iulia , superba cetate din Rom\u00e2nia, \u00een peisaj de iarn\u0103 &#8211; vezi video"}]},{"@type":"WebSite","@id":"https:\/\/urbeamea.ro\/albaiulia\/#website","url":"https:\/\/urbeamea.ro\/albaiulia\/","name":"Revista Urbea Mea, Stiri urbane","description":"Evenimente \u0219i \u0219tiri din Alba Iulia, Sebe\u0219, Aiud, Blaj","potentialAction":[{"@type":"SearchAction","target":{"@type":"EntryPoint","urlTemplate":"https:\/\/urbeamea.ro\/albaiulia\/?s={search_term_string}"},"query-input":{"@type":"PropertyValueSpecification","valueRequired":true,"valueName":"search_term_string"}}],"inLanguage":"ro-RO"},{"@type":"Person","@id":"https:\/\/urbeamea.ro\/albaiulia\/#\/schema\/person\/44a17e6dfdaa077c825152369345cb63","name":"Radu Ciobotea","image":{"@type":"ImageObject","inLanguage":"ro-RO","@id":"https:\/\/secure.gravatar.com\/avatar\/23e1bc24fae8697caa8cedc0216fa41cec7392b2347081c097ddf708ce6678f6?s=96&d=mm&r=g","url":"https:\/\/secure.gravatar.com\/avatar\/23e1bc24fae8697caa8cedc0216fa41cec7392b2347081c097ddf708ce6678f6?s=96&d=mm&r=g","contentUrl":"https:\/\/secure.gravatar.com\/avatar\/23e1bc24fae8697caa8cedc0216fa41cec7392b2347081c097ddf708ce6678f6?s=96&d=mm&r=g","caption":"Radu Ciobotea"},"description":"Jurnalist","sameAs":["https:\/\/www.facebook.com\/ciobotea.radu?fref=ts"],"url":"https:\/\/urbeamea.ro\/albaiulia\/author\/radu-ciobotea\/"}]}},"_links":{"self":[{"href":"https:\/\/urbeamea.ro\/albaiulia\/wp-json\/wp\/v2\/posts\/567","targetHints":{"allow":["GET"]}}],"collection":[{"href":"https:\/\/urbeamea.ro\/albaiulia\/wp-json\/wp\/v2\/posts"}],"about":[{"href":"https:\/\/urbeamea.ro\/albaiulia\/wp-json\/wp\/v2\/types\/post"}],"author":[{"embeddable":true,"href":"https:\/\/urbeamea.ro\/albaiulia\/wp-json\/wp\/v2\/users\/3"}],"replies":[{"embeddable":true,"href":"https:\/\/urbeamea.ro\/albaiulia\/wp-json\/wp\/v2\/comments?post=567"}],"version-history":[{"count":1,"href":"https:\/\/urbeamea.ro\/albaiulia\/wp-json\/wp\/v2\/posts\/567\/revisions"}],"predecessor-version":[{"id":99701,"href":"https:\/\/urbeamea.ro\/albaiulia\/wp-json\/wp\/v2\/posts\/567\/revisions\/99701"}],"wp:featuredmedia":[{"embeddable":true,"href":"https:\/\/urbeamea.ro\/albaiulia\/wp-json\/wp\/v2\/media\/568"}],"wp:attachment":[{"href":"https:\/\/urbeamea.ro\/albaiulia\/wp-json\/wp\/v2\/media?parent=567"}],"wp:term":[{"taxonomy":"category","embeddable":true,"href":"https:\/\/urbeamea.ro\/albaiulia\/wp-json\/wp\/v2\/categories?post=567"},{"taxonomy":"post_tag","embeddable":true,"href":"https:\/\/urbeamea.ro\/albaiulia\/wp-json\/wp\/v2\/tags?post=567"}],"curies":[{"name":"wp","href":"https:\/\/api.w.org\/{rel}","templated":true}]}}