{"id":5670,"date":"2015-06-25T08:33:05","date_gmt":"2015-06-25T05:33:05","guid":{"rendered":"http:\/\/urbeamea.ro\/albaiulia\/?p=5670"},"modified":"2015-06-25T08:33:05","modified_gmt":"2015-06-25T05:33:05","slug":"25-28-iunie-in-alba-iulia-weekend-ul-incepe-de-joi","status":"publish","type":"post","link":"https:\/\/urbeamea.ro\/albaiulia\/25-28-iunie-in-alba-iulia-weekend-ul-incepe-de-joi\/","title":{"rendered":"25- 28 Iunie: \u00cen Alba Iulia weekend-ul \u00eencepe de joi!"},"content":{"rendered":"<p>\u00cen Alba Iulia weekend-ul \u00eencepe de joi. Afl\u0103 unde te po\u0163i distra \u00een ora\u015ful t\u0103u doar pe\u00a0<a href=\"http:\/\/www.urbeamea.ro\">www.urbeamea.ro<\/a>.<\/p>\n<h3 style=\"text-align: center;\">Joi<\/h3>\n<hr \/>\n<p>&nbsp;<\/p>\n\n\t\t<div class=\"tabs-shortcode tabs-wrapper container-wrapper tabs-horizontal flex-tabs is-flex-tabs-shortcodes\">\n[tabcontainer]\n[tabtext]<em>Joi @ Allegria<\/em>[\/tabtext]\n[tabtext]<em>Joi @ Irish Pub<\/em>[\/tabtext]\n[\/tabcontainer]\n[tabcontent]\n\n\t\t<div class=\"tab-content\" id=\"tab-content-1\">\n\t\t\t<div class=\"tab-content-wrap\">\n<p><a href=\"http:\/\/urbeamea.ro\/albaiulia\/wp-content\/uploads\/2015\/05\/joiLadiesNight.jpg\"><img loading=\"lazy\" decoding=\"async\" class=\"alignleft size-medium wp-image-3986\" src=\"http:\/\/urbeamea.ro\/albaiulia\/wp-content\/uploads\/2015\/05\/joiLadiesNight-200x300.jpg\" alt=\"joiLadiesNight\" width=\"200\" height=\"300\" \/><\/a>\u00ceN FIECARE JOI I LADIES NIGHT<\/p>\n<p>DJ RADU &amp; MC KOTTO<\/p>\n<p>ORA 22:00 | INTRARE LIBER\u0102<\/p>\n<p>RSVP: 0749 385 013<\/p>\n<p>&nbsp;<\/p>\n<p>&nbsp;<\/p>\n<p>&nbsp;<\/p>\n<p>&nbsp;<\/p>\n<p>&nbsp;<\/p>\n<p>&nbsp;<\/p>\n\n\t\t\t<\/div>\n\t\t<\/div>\n\t\n\n\t\t<div class=\"tab-content\" id=\"tab-content-2\">\n\t\t\t<div class=\"tab-content-wrap\">\n<p><em><a href=\"http:\/\/urbeamea.ro\/albaiulia\/wp-content\/uploads\/2015\/02\/erolkaraoke.jpg\"><img loading=\"lazy\" decoding=\"async\" class=\" size-medium wp-image-1557 alignright\" src=\"http:\/\/urbeamea.ro\/albaiulia\/wp-content\/uploads\/2015\/02\/erolkaraoke-300x212.jpg\" alt=\"erolkaraoke\" width=\"300\" height=\"212\" srcset=\"https:\/\/urbeamea.ro\/albaiulia\/wp-content\/uploads\/2015\/02\/erolkaraoke-300x212.jpg 300w, https:\/\/urbeamea.ro\/albaiulia\/wp-content\/uploads\/2015\/02\/erolkaraoke-142x100.jpg 142w, https:\/\/urbeamea.ro\/albaiulia\/wp-content\/uploads\/2015\/02\/erolkaraoke.jpg 720w\" sizes=\"auto, (max-width: 300px) 100vw, 300px\" \/><\/a><\/em><\/p>\n<p><em>Joi, <\/em>preg\u0103te\u015fte melodiile preferate \u015fi vino al\u0103turi de prietenii t\u0103i la Karaoke Party\u00a0\u00een\u00a0Irish Pub Erol.<\/p>\n<p>&nbsp;<\/p>\n<p>&nbsp;<\/p>\n<p>&nbsp;<\/p>\n<p>&nbsp;<\/p>\n<p>&nbsp;<\/p>\n\n\t\t\t<\/div>\n\t\t<\/div>\n\t\n<p>&nbsp;<\/p>\n[\/tabcontent]\n\n\t\t\t<div class=\"clearfix\"><\/div>\n\t\t<\/div>\n\t\n<h3 style=\"text-align: center;\">Vineri<\/h3>\n<hr \/>\n<p>&nbsp;<\/p>\n\n\t\t<div class=\"tabs-shortcode tabs-wrapper container-wrapper tabs-horizontal flex-tabs is-flex-tabs-shortcodes\">\n[tabcontainer]\n[tabtext]Vineri<em>\u00a0@ Mer Spa &amp; Wellness<\/em>[\/tabtext]\n[tabtext]Vineri<em>\u00a0@ Mira Summer<\/em>[\/tabtext]\n[tabtext]Vineri<em>\u00a0@ Irish Pub Erol<\/em>[\/tabtext]\n[tabtext]Vineri<em>\u00a0@\u00a0Tabu<\/em>[\/tabtext]\n[tabtext]Vineri<em>\u00a0@ Casa de Cultur\u0103 a Sindicatelor<\/em>[\/tabtext]\n[\/tabcontainer]\n[tabcontent]\n\n\t\t<div class=\"tab-content\" id=\"tab-content-3\">\n\t\t\t<div class=\"tab-content-wrap\">\n<p><a href=\"http:\/\/urbeamea.ro\/albaiulia\/wp-content\/uploads\/2015\/06\/merrig.jpg\"><img loading=\"lazy\" decoding=\"async\" class=\"alignleft size-medium wp-image-5197\" src=\"http:\/\/urbeamea.ro\/albaiulia\/wp-content\/uploads\/2015\/06\/merrig-204x300.jpg\" alt=\"merrig\" width=\"204\" height=\"300\" \/><\/a>Sezonul petrecerilor la piscina complexului Mer Spa &amp; Wellness continu\u0103 cu\u00a0Rosario Internullo \u0219i\u00a0Dj Gully, vineri, 26 iunie de la ora 22:00!\u00a0Intrarea cost\u0103 10 lei p\u00e2n\u0103 la ora 24, iar dup\u0103 ora 24 intrarea cost\u0103 20 lei.<\/p>\n<p>Pool party-urile periodice de la Mer Spa &amp; Wellness sunt o alternativ\u0103 la cluburi, iar publicul \u00eencepe s\u0103 devin\u0103 tot mai deschis spre noi posibilit\u0103\u0163i de evadare din stresul cotidian.\u00a0\u00cen cazul \u00een care vremea este nefavorabil\u0103, evenimentul se va muta \u00een club Allegria.\u00a0Informa\u0163ii la num\u0103rul de telefon: 0749385013!<\/p>\n\n\t\t\t<\/div>\n\t\t<\/div>\n\t\n\n\t\t<div class=\"tab-content\" id=\"tab-content-4\">\n\t\t\t<div class=\"tab-content-wrap\">\n<p><a href=\"http:\/\/urbeamea.ro\/albaiulia\/wp-content\/uploads\/2015\/05\/terasamirrasummer.jpg\"><img loading=\"lazy\" decoding=\"async\" class=\" size-medium wp-image-4212 alignright\" src=\"http:\/\/urbeamea.ro\/albaiulia\/wp-content\/uploads\/2015\/05\/terasamirrasummer-300x131.jpg\" alt=\"terasamirrasummer\" width=\"300\" height=\"131\" srcset=\"https:\/\/urbeamea.ro\/albaiulia\/wp-content\/uploads\/2015\/05\/terasamirrasummer-300x131.jpg 300w, https:\/\/urbeamea.ro\/albaiulia\/wp-content\/uploads\/2015\/05\/terasamirrasummer-150x66.jpg 150w, https:\/\/urbeamea.ro\/albaiulia\/wp-content\/uploads\/2015\/05\/terasamirrasummer.jpg 600w\" sizes=\"auto, (max-width: 300px) 100vw, 300px\" \/><\/a>Vineri, \u00eencep\u00e2nd cu orele 22:00 terasa Mira Summer v\u0103 a\u015fteapt\u0103 la o super petrecere de karaoke cu cele mai frumoase melodii \u015fi cele mai bune oferte.<\/p>\n<p>RSVP: 0749077069<\/p>\n\n\t\t\t<\/div>\n\t\t<\/div>\n\t\n\n\t\t<div class=\"tab-content\" id=\"tab-content-5\">\n\t\t\t<div class=\"tab-content-wrap\"><a href=\"http:\/\/urbeamea.ro\/albaiulia\/wp-content\/uploads\/2015\/04\/puzzles.jpg\"><img loading=\"lazy\" decoding=\"async\" class=\" size-medium wp-image-3377 alignleft\" src=\"http:\/\/urbeamea.ro\/albaiulia\/wp-content\/uploads\/2015\/04\/puzzles-212x300.jpg\" alt=\"puzzles\" width=\"212\" height=\"300\" \/><\/a>Forma\u0163ia The PuZzLeS a fost \u00eenfiin\u0163at\u0103 \u00een anul 2011 \u00een Alba Iulia, \u00een scopul declarat de a c\u00e2nta exclusiv cover-uri, \u00eens\u0103 chimia format\u0103 \u00eentre membrii trupei a dat na\u015ftere \u015fi unor piese proprii \u015fi unui stil propriu, inimitabil \u015fi u\u015for de recunoscut.<\/p>\n<p><em>Forma\u0163ia este format\u0103 din:<\/em><\/p>\n<p>\u2013 Robert Gavrila\u0219 \u2013 leaderul \u015fi solistul vocal al trupei, cel mai bun entertainer, cel care \u00eembina toate genurile muzicale cu succes, liantul intre personalit\u0103\u0163ile \u015fi stilurile diverse ale celorlal\u0163i membri ai trupei. Este o prezenta constant\u0103 pe scen\u0103 muzical\u0103 local\u0103 \u015fi nu numai, particip\u00e2nd de nenum\u0103rate ori ca artist solo sau ca invitat special\/colaborator al evenimentelor importante.<\/p>\n<p>\u2013 Ovidiu P\u00e2rjol \u2013 un pianist clasic de excep\u021bie, un profesor, un artist complet care \u00eentotdeauna \u00ee\u0219i las\u0103 propria amprent\u0103 \u00een interpretarea fiec\u0103rei piese din orice stil muzical. Activeaz\u0103 \u00een prezent \u015fi \u00een Duo Aurae.<\/p>\n<p>\u2013 Andrei P\u00e2rjol \u2013 bassistul trupei, omul pe care se poate baza fiecare membru al trupei, un instrumentist cu o interpretare exact\u0103, al c\u0103rui repertoriu variaz\u0103 \u00eentre muzica comercial\u0103 \u015fi muzica bun\u0103.<\/p>\n<p>\u2013 C\u0103lin Paraschiv \u2013 un chitarist de o virtuozitate ie\u015fit\u0103 din comun \u015fi dotat \u00een acela\u015fi timp cu o sensibilitate muzical\u0103 pe m\u0103sur\u0103, profesor de chitar\u0103, fiind membrul trupelor de renume interna\u0163ional Necrovile \u015fi Clitgore.<\/p>\n<p>\u2013 Laur F\u0103g\u0103dar \u2013 bateristul trupei, un adev\u0103rat metronom cu un extraordinar sim\u021b ritmic \u015fi o sensibilitate muzical\u0103 aparte, cu o vast\u0103 experien\u0163\u0103 muzical\u0103 pe scen\u0103 na\u0163ional\u0103 a muzicii rock, \u00een prezent este \u015fi membru al legendarului grup RIFF.<\/p>\n<p>Trupa The PuZzLeS are un portofoliu foarte bogat, format at\u00e2t din piese din repertoriul na\u0163ional \u015fi interna\u0163ional, c\u00e2t \u015fi c\u00e2teva piese din repertoriul propriu, din care una a fost deja \u00eenregistrat\u0103 \u00eentr-un studio profesional.\u00a0<a href=\"http:\/\/www.youtube.com\/user\/thepuzzles2011\" target=\"_blank\">http:\/\/www.youtube.com\/user\/thepuzzles2011<\/a><\/p>\n\n\t\t\t<\/div>\n\t\t<\/div>\n\t\n\n\t\t<div class=\"tab-content\" id=\"tab-content-6\">\n\t\t\t<div class=\"tab-content-wrap\">\n<p><a href=\"http:\/\/urbeamea.ro\/albaiulia\/wp-content\/uploads\/2015\/05\/tabu.jpg\"><img loading=\"lazy\" decoding=\"async\" class=\" size-medium wp-image-4447 alignright\" src=\"http:\/\/urbeamea.ro\/albaiulia\/wp-content\/uploads\/2015\/05\/tabu-300x300.jpg\" alt=\"tabu\" width=\"300\" height=\"300\" \/><\/a>Vinerea se petrece la Tabu!<\/p>\n<p>\u00cen fiecare vineri seara v\u0103 a\u015ftept\u0103m cu c\u00e2te un show diferit!!<\/p>\n\n\t\t\t<\/div>\n\t\t<\/div>\n\t\n\n\t\t<div class=\"tab-content\" id=\"tab-content-7\">\n\t\t\t<div class=\"tab-content-wrap\">\n<p><a href=\"http:\/\/urbeamea.ro\/albaiulia\/wp-content\/uploads\/2015\/06\/amanta.jpg\"><img loading=\"lazy\" decoding=\"async\" class=\"alignleft size-medium wp-image-5202\" src=\"http:\/\/urbeamea.ro\/albaiulia\/wp-content\/uploads\/2015\/06\/amanta-223x300.jpg\" alt=\"amanta\" width=\"223\" height=\"300\" \/><\/a>Teatrul Na\u0163ional Bucure\u015fti aduce la Alba Iulia o comedie de excep\u0163ie\u00a0\u201cAmanata\u201d pe scena Casei de Cultur\u0103 a Sindicatelor!<\/p>\n<p>Magda Catone, Ilinca Goia, Arm\u00e2nd Calot\u0103, Marius Rizea sunt alte nume care se adaug\u0103 galeriei cuprinse \u00een proiectul \u201cVinerea Vin Valorile\u201d.<\/p>\n<p>Vineri 26 iunie, albaiulienii sunt a\u0219tepta\u021bi s\u0103 vad\u0103 spectacolul \u201dAmanta\u201d , adaptare dup\u0103 \u201d\u00cencurca lume\u201d de A.D. Hertz, \u00een regia lui Arm\u00e2nd Calinovici (Arm\u00e2nd Calot\u0103).<\/p>\n<p>Este un proiect de suflet al actorului Teatrului Na\u021bional din Bucure\u0219ti, Arm\u00e2nd Calot\u0103 \u2013 care \u00eempline\u0219te astfel ultima dorin\u021b\u0103 a m\u0103tu\u0219ii sale, marea actri\u021b\u0103 a teatrului rom\u00e2nesc, Elvira Godeanu \u2013 punerea \u00een scen\u0103 a acestei comedii savuroase \u00een care actri\u021ba \u0219i-ar fi dorit s\u0103 joace rolul titular.<\/p>\n<p>Comedia \u201dAMANTA\u201d , o adaptare dup\u0103 celebra lucrare \u201d\u00cencurca lume\u201d de A.D. Hertz va fi pus\u0103 \u00een scen\u0103 de arti\u015fti de notorietate, iubi\u0163i de public pentru rolurile de excep\u0163ie interpretate \u00een numeroase filme \u015fi piese de teatru din aria comediei:<\/p>\n<p>Ilinca Goia ( Olga), Magda Catone (Didina Strambuleanu), Marius Rizea (Bungrazescu Traian), Dorin Andone ( Matei Pintenaru) \u015fi Arm\u00e2nd Calota (Emil Strambuleanu).<\/p>\n<p>O distribu\u0163ie excep\u0163ional\u0103 ce va readuce z\u00e2mbetul pe buzele tuturor spectatorilor.<\/p>\n<p>Piesa de Teatru AMANTA cu o distribu\u0163ie de prestigiu este accesibil\u0103 publicului \u00een dat\u0103 de 26 Iunie ora 19:30 la Casa de Cultur\u0103 a Sindicatelor Alba Iulia cu un pre\u0163 promo\u0163ional de 25 lei biletul !<\/p>\n<p><em>Programul agen\u0163iei<\/em><\/p>\n<p>Luni &#8211; Vineri: 08:00 -19:00<\/p>\n<p>S\u00e2mb\u0103t\u0103: 10:00 &#8211; 14:00<\/p>\n<p>Evenimentul este realizat \u00een parteneriat cu Apulum SA, Alba Iulia.<\/p>\n\n\t\t\t<\/div>\n\t\t<\/div>\n\t\n<p>&nbsp;<\/p>\n[\/tabcontent]\n\n\t\t\t<div class=\"clearfix\"><\/div>\n\t\t<\/div>\n\t\n<h3 style=\"text-align: center;\">S\u00e2mb\u0103t\u0103<\/h3>\n<hr \/>\n<p>&nbsp;<\/p>\n\n\t\t<div class=\"tabs-shortcode tabs-wrapper container-wrapper tabs-horizontal flex-tabs is-flex-tabs-shortcodes\">\n[tabcontainer]\n[tabtext]S\u00e2mb\u0103t\u0103<em>\u00a0@ Club Allegria<\/em>[\/tabtext]\n[tabtext]S\u00e2mb\u0103t\u0103\u00a0<em>@ Club Stage<\/em>[\/tabtext]\n[tabtext]S\u00e2mb\u0103t\u0103\u00a0<em>@\u00a0Irish Pub Erol<\/em>[\/tabtext]\n[tabtext]S\u00e2mb\u0103t\u0103\u00a0<em>@ Cetatea Alba Carolina<\/em>[\/tabtext]\n[tabtext]S\u00e2mb\u0103t\u0103\u00a0<em>@ Studio<\/em>[\/tabtext]\n[\/tabcontainer]\n[tabcontent]\n\n\t\t<div class=\"tab-content\" id=\"tab-content-8\">\n\t\t\t<div class=\"tab-content-wrap\">\n<p><span style=\"line-height: 1.5;\"><a href=\"http:\/\/urbeamea.ro\/albaiulia\/wp-content\/uploads\/2015\/06\/back2loveAllegria.jpg\"><img loading=\"lazy\" decoding=\"async\" class=\"alignleft size-medium wp-image-5441\" src=\"http:\/\/urbeamea.ro\/albaiulia\/wp-content\/uploads\/2015\/06\/back2loveAllegria-200x300.jpg\" alt=\"back2loveAllegria\" width=\"200\" height=\"300\" \/><\/a>BACK2LOVE | DEEP HOUSE<\/span><\/p>\n<p><span style=\"line-height: 1.5;\">DJ RADU &amp; MC KOTTO<\/span><\/p>\n<p><span style=\"line-height: 1.5;\">ORA 23:00 | INTRARE LIBER\u0102<\/span><\/p>\n<p><span style=\"line-height: 1.5;\">RSVP: 0749 385 013\n\t\t\t<\/div>\n\t\t<\/div>\n\t<\/span><\/p>\n\n\t\t<div class=\"tab-content\" id=\"tab-content-9\">\n\t\t\t<div class=\"tab-content-wrap\">\n<p><a href=\"http:\/\/urbeamea.ro\/albaiulia\/wp-content\/uploads\/2015\/06\/summereditionStage.jpg\"><img loading=\"lazy\" decoding=\"async\" class=\"aligncenter wp-image-5299 size-full\" src=\"http:\/\/urbeamea.ro\/albaiulia\/wp-content\/uploads\/2015\/06\/summereditionStage.jpg\" alt=\"summereditionStage\" width=\"679\" height=\"960\" srcset=\"https:\/\/urbeamea.ro\/albaiulia\/wp-content\/uploads\/2015\/06\/summereditionStage.jpg 679w, https:\/\/urbeamea.ro\/albaiulia\/wp-content\/uploads\/2015\/06\/summereditionStage-106x150.jpg 106w, https:\/\/urbeamea.ro\/albaiulia\/wp-content\/uploads\/2015\/06\/summereditionStage-212x300.jpg 212w\" sizes=\"auto, (max-width: 679px) 100vw, 679px\" \/><\/a><\/p>\n\n\t\t\t<\/div>\n\t\t<\/div>\n\t\n\n\t\t<div class=\"tab-content\" id=\"tab-content-10\">\n\t\t\t<div class=\"tab-content-wrap\">\n<a href=\"http:\/\/urbeamea.ro\/albaiulia\/wp-content\/uploads\/2015\/02\/erolkaraoke.jpg\"><img loading=\"lazy\" decoding=\"async\" class=\" size-medium wp-image-1557 alignleft\" src=\"http:\/\/urbeamea.ro\/albaiulia\/wp-content\/uploads\/2015\/02\/erolkaraoke-300x212.jpg\" alt=\"erolkaraoke\" width=\"300\" height=\"212\" srcset=\"https:\/\/urbeamea.ro\/albaiulia\/wp-content\/uploads\/2015\/02\/erolkaraoke-300x212.jpg 300w, https:\/\/urbeamea.ro\/albaiulia\/wp-content\/uploads\/2015\/02\/erolkaraoke-142x100.jpg 142w, https:\/\/urbeamea.ro\/albaiulia\/wp-content\/uploads\/2015\/02\/erolkaraoke.jpg 720w\" sizes=\"auto, (max-width: 300px) 100vw, 300px\" \/><\/a>S\u00e2mb\u0103t\u0103 seara\u00a0preg\u0103te\u015fte melodiile preferate \u015fi vino al\u0103turi de prietenii t\u0103i la Karaoke Party\u00a0\u00een\u00a0Irish Pub Erol.<\/p>\n\n\t\t\t<\/div>\n\t\t<\/div>\n\t\n\n\t\t<div class=\"tab-content\" id=\"tab-content-11\">\n\t\t\t<div class=\"tab-content-wrap\">\n<p><a href=\"http:\/\/urbeamea.ro\/albaiulia\/wp-content\/uploads\/2015\/06\/sbikeparadabicicletelor.jpg\"><img loading=\"lazy\" decoding=\"async\" class=\" size-medium wp-image-5200 alignright\" src=\"http:\/\/urbeamea.ro\/albaiulia\/wp-content\/uploads\/2015\/06\/sbikeparadabicicletelor-212x300.jpg\" alt=\"sbikeparadabicicletelor\" width=\"212\" height=\"300\" \/><\/a>Ne plac at\u00e2t de mult bicicletele, \u00eenc\u00e2t anul acesta le vom s\u0103rb\u0103tori un weekend \u00eentreg!\u00a0V\u0103 invit\u0103m la a III-a edi\u021bie a Skirt Bike Alba Iulia!<\/p>\n<p>S\u00e2mb\u0103t\u0103, 27 iunie 2015, de la ora 17:00, \u00een Pia\u021ba Cet\u0103\u021bii.<\/p>\n<p>S\u0103rb\u0103torim ciclismul ca un mod de deplasare \u00een ora\u0219: spre munc\u0103, spre evenimente sociale, sau ca mijloc de a descoperi un ora\u0219.<\/p>\n<p>Este cea mai chic parad\u0103 a bicicletelor, unde domni\u021be cochete \u0219i cavaleri elegan\u021bi vor pedala prin frumosul nostru ora\u0219.<\/p>\n<p>Dress code: c\u00e2t mai colorat!\u00a0Participarea la eveniment este GRATUIT\u0102.<\/p>\n<p>&nbsp;<\/p>\n\n\t\t\t<\/div>\n\t\t<\/div>\n\t\n\n\t\t<div class=\"tab-content\" id=\"tab-content-12\">\n\t\t\t<div class=\"tab-content-wrap\">\n<p><a href=\"http:\/\/urbeamea.ro\/albaiulia\/wp-content\/uploads\/2015\/06\/carteStudio.jpg\"><img loading=\"lazy\" decoding=\"async\" class=\"alignleft size-medium wp-image-5580\" src=\"http:\/\/urbeamea.ro\/albaiulia\/wp-content\/uploads\/2015\/06\/carteStudio-212x300.jpg\" alt=\"carteStudio\" width=\"212\" height=\"300\" \/><\/a>S\u00e2mb\u0103t\u0103, 27 iunie, ora 17:30 la Studio (Aleea Sf\u00e2ntul Eugeniue, <em>fostul Habitat<\/em>), dubl\u0103 lansare de carte &#8211; Corina Ozon: Zilele aman\u0163ilor \u015fi Nop\u0163ile aman\u0163ior.\u00a0Invitat Delia Oltea Rusu.\u00a0Intrarea este liber\u0103!<\/p>\n<p>Timi\u015foreanc\u0103 adoptat\u0103 cu dragoste de Bucure\u015fti. 10 ani de jurnalism de investiga\u0163ie \u00een presa scris\u0103 (ziarul \u201eOra\u201d) \u015fi televiziune (Antena 1), \u015fi un update de 2 ani \u00een produc\u0163ie tv (Intact Media Group). Convertit\u0103 de al\u0163i 10 ani la PR&amp;Comunicare, pe care le gestioneaz\u0103 \u00een prezent la CN Imprimeria Na\u0163ional\u0103 SA. Absolvent\u0103 a Programului MBA INDE-CNAM Paris, promo\u0163ia 2010, \u015fi mama de licean\u0103, Iulia, sunt cele dou\u0103 lucruri cu care se m\u00e2ndre\u015fte cel mai mult. Al treilea va fi cartea \u201eZilele aman\u0163ilor\u201d, probabil. \u00cenceput\u0103 pe un blog, \u00een stadiul de postare spre relaxarea cititorilor, care au cerut dup\u0103 fiecare episod continuarea. \u015ei dup\u0103 apari\u0163ia c\u0103r\u0163ii \u00eenc\u0103 o mai cer. Alex Mazilu (care mi-a f\u0103cut fotografia) s-a \u00eentrebat mirat \u201ecum cineva cu fa\u0163\u0103 \u00eengereasc\u0103 a putut scrie o carte ca \u201eZilele aman\u0163ilor\u201d \u201e. MBA-ul te \u00eenva\u0163\u0103 s\u0103-\u0163i provoci limitele \u015fi s\u0103 aplici inteligent. Chiar \u015fi cuvintele deocheate ( a se citi \u201edin via\u0163a de zi cu zi\u201d).<\/p>\n<p><a href=\"http:\/\/www.hergbenet.ro\/bookpreview\/Zilele-Amantilor-fragmente-din-carte-Corina-Ozon.pdf\" target=\"_blank\">Citi\u0163i aici fragmente din Zilele aman\u0163ilor!<\/a><\/p>\n<p><iframe loading=\"lazy\" src=\"https:\/\/www.youtube.com\/embed\/k5a-Xyf-M2s\" width=\"560\" height=\"315\" frameborder=\"0\" allowfullscreen=\"allowfullscreen\"><\/iframe><\/p>\n<p><a href=\"http:\/\/www.hergbenet.ro\/bookpreview\/Noptile_amantilor-Corina_Ozon-fragmente.pdf\" target=\"_blank\">Citi\u0163i aici fragmente din Nop\u0163ile Aman\u0163ilor!<\/a><\/p>\n<p><a href=\"http:\/\/urbeamea.ro\/albaiulia\/wp-content\/uploads\/2015\/06\/zilele-amantilor.jpg\"><img loading=\"lazy\" decoding=\"async\" class=\"alignleft size-medium wp-image-5586\" src=\"http:\/\/urbeamea.ro\/albaiulia\/wp-content\/uploads\/2015\/06\/zilele-amantilor-195x300.jpg\" alt=\"zilele-amantilor\" width=\"195\" height=\"300\" \/><\/a>\u201e<em>Aman\u021bii<\/em> Corinei Ozon, at\u00e2t <em>Zilele<\/em>, c\u00e2t \u0219i <em>Nop\u021bile<\/em> lor, sunt deja mai mult dec\u00e2t simple c\u0103r\u021bi, sunt un fenomen: peste tot se vorbe\u0219te despre ei, \u0219i sim\u021bi imediat c\u0103 trebuie s\u0103-i cuno\u0219ti \u0219i tu. \u0218i, dac\u0103 o faci, sigur nu regre\u021bi dup\u0103: Corina te conduce cu un stil inconfundabil \u00een lumea lui Mircea \u0219i Cati, unde vei r\u00e2de, vei a\u0219tepta cu sufletul la gur\u0103 urm\u0103toarea aventur\u0103, vei pica pe g\u00e2nduri, vei reflecta la propria ta poveste de dragoste. Cu o scriitur\u0103 bine \u0219lefuit\u0103, Corina Ozon din <em>Nop\u021bile aman\u021bilor<\/em> apas\u0103 \u0219i mai tare pedala fa\u021b\u0103 de romanul ei de debut. Se cite\u0219te repede, e savuroas\u0103, memorabil\u0103 \u0219i, inevitabil, te face s\u0103 vrei mai mult!\u201c <strong>(Cristina Nemerovschi)<\/strong><\/p>\n<p>\u201eScriitura Corinei Ozon reu\u0219e\u0219te un lucru cu adev\u0103rat dificil. S\u0103 abordeze \u00eentr-o manier\u0103 lejer\u0103 un subiect aparent frivol \u0219i s\u0103 dea \u00een acela\u0219i timp impresia de seriozitate \u0219i profunzime. De fapt, textele Corinei nu sunt frivole, dar relev\u0103, \u00een maniera unui Milan Kundera, de exemplu, superficialitatea ca structur\u0103 a lumii \u0219i, \u00een special, a lumii oamenilor moderni, care iubesc pe fug\u0103, colorat, zgomotos \u0219i la limita inconsisten\u0163ei. Literatura aceasta se cite\u0219te cu pl\u0103cere \u0219i cu anxietate pentru c\u0103 ne reg\u0103sim total \u00een ea, pentru c\u0103 pl\u00e2ngem \u0219i r\u00e2dem \u00een ea, pentru c\u0103 ne privim ca \u00eentr-o oglind\u0103. Iar r\u00e2sul, iar\u0103\u0219i \u00een cheia lui Kundera, survine eliberator din contemplarea zadarnicelor \u0219i ve\u0219nicelor chinuri ale dragostei, puse iar \u0219i iar \u00een acelea\u0219i \u00abridicole iubiri\u00bb.\u201c <strong>(Doru C\u0103st\u0103ian)<\/strong><\/p>\n<p>\u201eCu 100% mai mult\u0103 adrenalin\u0103 de budoar, Corina Ozon \u00eenv\u00e2rte m\u0103iastru cuvintele pe pagin\u0103, \u00eenc\u00e2t nu mai \u0219tii dac\u0103 cite\u0219ti cu adev\u0103rat o carte sau o ai chiar aici, l\u00e2ng\u0103 tine, \u00een pauza de cafea de la job, ascult\u00e2ndu-i personajele care nici m\u0103car nu sunt personaje, ci <em>ei<\/em> \u0219i <em>ele<\/em>dimprejurul t\u0103u. At\u00e2t de reale sunt.\u201c <strong>(Alexandru Voicescu)<\/strong><\/p>\n<p><a href=\"http:\/\/urbeamea.ro\/albaiulia\/wp-content\/uploads\/2015\/06\/Coperta-Noptile-amantilor.jpg\"><img loading=\"lazy\" decoding=\"async\" class=\" size-medium wp-image-5587 alignright\" src=\"http:\/\/urbeamea.ro\/albaiulia\/wp-content\/uploads\/2015\/06\/Coperta-Noptile-amantilor-195x300.jpg\" alt=\"Coperta-Noptile-amantilor\" width=\"195\" height=\"300\" \/><\/a>C\u00e2nd am primit invita\u0163ia de a citi manuscrisul c\u0103r\u0163ii Corinei, am acceptat tem\u0103tor. Sunt la o v\u00e2rst\u0103 c\u00e2nd \u00ee\u0163i spui arogant c\u0103 ai citit cam tot \u015fi te \u00eentrebi seniorial ce ar putea s\u0103 te mai surprind\u0103. Ei bine, cartea Corinei. Care te surprinde prin toate locurile pe care le credeai securizate, impenetrabile. Te surprinde \u00een primul r\u00e2nd pentru faptul c\u0103 refuz\u0103 f\u0103r\u0103 efort scriitura feminin\u0103, melancolic\u0103 \u015fi vag lamentabil\u0103. Frazele sunt scurte \u015fi nu intr\u0103 b\u0103t\u00e2nd la u\u015f\u0103, ci tr\u00e2ntind-o de perete. Apoi, te surprinde tema predilect\u0103 a c\u0103r\u0163ii: amantl\u00e2curile, iubirile frugale, rela\u0163iile interzise, tot tac\u00e2mul. Practic, Corina omoar\u0103 \u00een pove\u015ftile ei orice ipocrizie feminist\u0103 (chestie care mie mi-a mers la suflet), o \u00eengroap\u0103 ad\u00e2nc \u015fi \u00eei pune capac. N-o s\u0103 omit sub nicio form\u0103 limbajul, care surprinde de asemenea. Corina folose\u015fte limba rom\u00e2n\u0103 f\u0103r\u0103 s\u0103 se fereasc\u0103 de extremele ei. Are curaj, \u201eare ou\u0103\u201d, cum s-ar spune. Nu c\u0103 ar fi singura, nu c\u0103 ar fi o raritate, dar a manipula cuvinte interzise \u00eentr-un text literar, f\u0103r\u0103 a-i strica savoarea, nu e la \u00eendem\u00e2na oricui. R\u0103m\u00e2ne \u00eens\u0103 la final impresia general\u0103, cea care conteaz\u0103 cel mai mult. Care e bun\u0103, dac\u0103 nu foarte bun\u0103. Cartea se cite\u015fte u\u015for, e cinic\u0103, e vie, are tot ce \u00eei trebuie pentru a deveni un succes.\u00a0(<strong>\u015etefan Caraman)<\/strong><\/p>\n<p>Corina Ozon\u00a0vine dinspre jurnalism spre literatur\u0103, cunosc\u00e2nd oamenii, cu talent. Scrie captivant, folosind \u00een fraze c\u00e2te cuvinte chiar trebuie, f\u0103r\u0103 floricele stilistice \u015fi volute descriptive \u00een plus, care ar cre\u015fte statistic durata de somn a popula\u0163iei. \u201eZilele aman\u0163ilor\u201d e o carte pentru dezinhiba\u0163i. N-o recomand pro\u015ftilor si bigo\u0163ilor. <strong>(Alexandru Petria)<\/strong><\/p>\n<p>Aceasta este o carte de\u015fteapt\u0103. Iar vr\u0103jitoria nu-i deloc exclus\u0103. Te \u0163ine lipit de ea, nu te las\u0103 absolut deloc nici s\u0103 faci altceva \u015fi nici m\u0103car s\u0103 te g\u00e2nde\u015fti la altceva. Nu po\u0163i uza de niciun instrument fizic ori sufletesc pentru a i te sustrage. Iar dac\u0103 asta nu-i curat\u0103 fermec\u0103tur\u0103, atunci ce este? A, \u015ftiu. Literatur\u0103 de\u015fteapt\u0103. <strong>(Ana Barton)<\/strong><\/p>\n<p>O lectur\u0103 care curge u\u015for, cu un limbaj direct \u015fi frust, perfect adaptat subiectului. Corina vorbe\u015fte cu umor \u015fi amar, f\u0103r\u0103 ocoli\u015furi, despre situa\u0163ii de via\u0163\u0103 verosimile, desprinse din cotidian. Aman\u0163ii putem fi oricare dintre noi. <strong>(Petronela Rotar)<\/strong><\/p>\n\n\t\t\t<\/div>\n\t\t<\/div>\n\t\n[\/tabcontent]\n\n\t\t\t<div class=\"clearfix\"><\/div>\n\t\t<\/div>\n\t\n<h3 style=\"text-align: center;\">Duminic\u0103<\/h3>\n<hr \/>\n<p>&nbsp;<\/p>\n\n\t\t<div class=\"tabs-shortcode tabs-wrapper container-wrapper tabs-horizontal flex-tabs is-flex-tabs-shortcodes\">\n[tabcontainer]\n[tabtext]Duminic\u0103\u00a0<em>@ Parcul Dendrologic<\/em>[\/tabtext]\n[\/tabcontainer]\n[tabcontent]\n\n\t\t<div class=\"tab-content\" id=\"tab-content-13\">\n\t\t\t<div class=\"tab-content-wrap\">\n<a href=\"http:\/\/urbeamea.ro\/albaiulia\/wp-content\/uploads\/2015\/06\/sbikeparadabicicletelor.jpg\"><img loading=\"lazy\" decoding=\"async\" class=\"alignleft size-medium wp-image-5200\" src=\"http:\/\/urbeamea.ro\/albaiulia\/wp-content\/uploads\/2015\/06\/sbikeparadabicicletelor-212x300.jpg\" alt=\"sbikeparadabicicletelor\" width=\"212\" height=\"300\" \/><\/a>Ne plac at\u00e2t de mult bicicletele, \u00eenc\u00e2t anul acesta le vom s\u0103rb\u0103tori un weekend \u00eentreg!\u00a0V\u0103 invit\u0103m la a III-a edi\u021bie a Skirt Bike Alba Iulia!<\/p>\n<p>Duminic\u0103, 28 iunie 2015, de la ora 16:00, la intrarea \u00een Parcul Dendrologic.<\/p>\n<p>Dac\u0103 evenimentul de s\u00e2mb\u0103t\u0103 va fi despre culoare \u0219i elegan\u021b\u0103 pe 2 ro\u021bi, ziua de duminic\u0103 este dedicat\u0103 mi\u0219c\u0103rii \u0219i bicicletei ca sport.<\/p>\n<p>Vom pedala pe \u201eTransalpina de Mamut\u201d, fiecare \u00een ritmul s\u0103u.<\/p>\n<p>Pentru a v\u0103 r\u0103spl\u0103ti efortul depus, organizatorii v\u0103 vor cinsti cu un pr\u00e2nz vesel, unde vom avea ocazia s\u0103 ne cunoa\u0219tem mai bine.<\/p>\n<p>Recomand\u0103m s\u0103 aduce\u021bi cu voi o p\u0103turic\u0103. \ud83d\ude42<\/p>\n<p>Participarea la eveniment este GRATUIT\u0102.<\/p>\n\n\t\t\t<\/div>\n\t\t<\/div>\n\t\n[\/tabcontent]\n\n\t\t\t<div class=\"clearfix\"><\/div>\n\t\t<\/div>\n\t\n","protected":false},"excerpt":{"rendered":"<p>\u00cen Alba Iulia weekend-ul \u00eencepe de joi. Afl\u0103 unde te po\u0163i distra \u00een ora\u015ful t\u0103u doar pe\u00a0www.urbeamea.ro. Joi &nbsp; Vineri &nbsp; S\u00e2mb\u0103t\u0103 &nbsp; Duminic\u0103 &nbsp;<\/p>\n","protected":false},"author":16,"featured_media":5673,"comment_status":"open","ping_status":"open","sticky":false,"template":"","format":"standard","meta":{"inline_featured_image":false,"footnotes":""},"categories":[4],"tags":[],"class_list":["post-5670","post","type-post","status-publish","format-standard","has-post-thumbnail","hentry","category-eveniment"],"yoast_head":"<!-- This site is optimized with the Yoast SEO plugin v27.4 - https:\/\/yoast.com\/product\/yoast-seo-wordpress\/ -->\n<title>25- 28 Iunie: \u00cen Alba Iulia weekend-ul \u00eencepe de joi! - Revista Urbea Mea - Revista de Alba<\/title>\n<meta name=\"description\" content=\"\u00cen Alba Iulia weekend-ul \u00eencepe de joi. Afl\u0103 unde te po\u0163i distra \u00een ora\u015ful t\u0103u doar pe\u00a0www.urbeamea.ro. Joi &nbsp; Vineri &nbsp; S\u00e2mb\u0103t\u0103 &nbsp;\" \/>\n<meta name=\"robots\" content=\"index, follow, max-snippet:-1, max-image-preview:large, max-video-preview:-1\" \/>\n<link rel=\"canonical\" href=\"https:\/\/urbeamea.ro\/albaiulia\/25-28-iunie-in-alba-iulia-weekend-ul-incepe-de-joi\/\" \/>\n<meta name=\"twitter:card\" content=\"summary_large_image\" \/>\n<meta name=\"twitter:title\" content=\"25- 28 Iunie: \u00cen Alba Iulia weekend-ul \u00eencepe de joi! - Revista Urbea Mea - Revista de Alba\" \/>\n<meta name=\"twitter:description\" content=\"\u00cen Alba Iulia weekend-ul \u00eencepe de joi. Afl\u0103 unde te po\u0163i distra \u00een ora\u015ful t\u0103u doar pe\u00a0www.urbeamea.ro. Joi &nbsp; Vineri &nbsp; S\u00e2mb\u0103t\u0103 &nbsp;\" \/>\n<meta name=\"twitter:image\" content=\"https:\/\/urbeamea.ro\/albaiulia\/wp-content\/uploads\/2015\/06\/ppwj26-2.jpg\" \/>\n<meta name=\"twitter:creator\" content=\"@urbeameaweb\" \/>\n<meta name=\"twitter:site\" content=\"@urbeameaweb\" \/>\n<script type=\"application\/ld+json\" class=\"yoast-schema-graph\">{\"@context\":\"https:\\\/\\\/schema.org\",\"@graph\":[{\"@type\":\"Article\",\"@id\":\"https:\\\/\\\/urbeamea.ro\\\/albaiulia\\\/25-28-iunie-in-alba-iulia-weekend-ul-incepe-de-joi\\\/#article\",\"isPartOf\":{\"@id\":\"https:\\\/\\\/urbeamea.ro\\\/albaiulia\\\/25-28-iunie-in-alba-iulia-weekend-ul-incepe-de-joi\\\/\"},\"author\":{\"name\":\"Redac\u021bia UrbeaMea\",\"@id\":\"https:\\\/\\\/urbeamea.ro\\\/albaiulia\\\/#\\\/schema\\\/person\\\/272ae98052f8ee8980f59848df070247\"},\"headline\":\"25- 28 Iunie: \u00cen Alba Iulia weekend-ul \u00eencepe de joi!\",\"datePublished\":\"2015-06-25T05:33:05+00:00\",\"mainEntityOfPage\":{\"@id\":\"https:\\\/\\\/urbeamea.ro\\\/albaiulia\\\/25-28-iunie-in-alba-iulia-weekend-ul-incepe-de-joi\\\/\"},\"wordCount\":2166,\"commentCount\":0,\"image\":{\"@id\":\"https:\\\/\\\/urbeamea.ro\\\/albaiulia\\\/25-28-iunie-in-alba-iulia-weekend-ul-incepe-de-joi\\\/#primaryimage\"},\"thumbnailUrl\":\"https:\\\/\\\/urbeamea.ro\\\/albaiulia\\\/wp-content\\\/uploads\\\/2015\\\/06\\\/ppwj26-2.jpg\",\"articleSection\":[\"Evenimente\"],\"inLanguage\":\"ro-RO\",\"potentialAction\":[{\"@type\":\"CommentAction\",\"name\":\"Comment\",\"target\":[\"https:\\\/\\\/urbeamea.ro\\\/albaiulia\\\/25-28-iunie-in-alba-iulia-weekend-ul-incepe-de-joi\\\/#respond\"]}]},{\"@type\":\"WebPage\",\"@id\":\"https:\\\/\\\/urbeamea.ro\\\/albaiulia\\\/25-28-iunie-in-alba-iulia-weekend-ul-incepe-de-joi\\\/\",\"url\":\"https:\\\/\\\/urbeamea.ro\\\/albaiulia\\\/25-28-iunie-in-alba-iulia-weekend-ul-incepe-de-joi\\\/\",\"name\":\"25- 28 Iunie: \u00cen Alba Iulia weekend-ul \u00eencepe de joi! - Revista Urbea Mea - Revista de Alba\",\"isPartOf\":{\"@id\":\"https:\\\/\\\/urbeamea.ro\\\/albaiulia\\\/#website\"},\"primaryImageOfPage\":{\"@id\":\"https:\\\/\\\/urbeamea.ro\\\/albaiulia\\\/25-28-iunie-in-alba-iulia-weekend-ul-incepe-de-joi\\\/#primaryimage\"},\"image\":{\"@id\":\"https:\\\/\\\/urbeamea.ro\\\/albaiulia\\\/25-28-iunie-in-alba-iulia-weekend-ul-incepe-de-joi\\\/#primaryimage\"},\"thumbnailUrl\":\"https:\\\/\\\/urbeamea.ro\\\/albaiulia\\\/wp-content\\\/uploads\\\/2015\\\/06\\\/ppwj26-2.jpg\",\"datePublished\":\"2015-06-25T05:33:05+00:00\",\"author\":{\"@id\":\"https:\\\/\\\/urbeamea.ro\\\/albaiulia\\\/#\\\/schema\\\/person\\\/272ae98052f8ee8980f59848df070247\"},\"description\":\"\u00cen Alba Iulia weekend-ul \u00eencepe de joi. Afl\u0103 unde te po\u0163i distra \u00een ora\u015ful t\u0103u doar pe\u00a0www.urbeamea.ro. Joi &nbsp; Vineri &nbsp; S\u00e2mb\u0103t\u0103 &nbsp;\",\"breadcrumb\":{\"@id\":\"https:\\\/\\\/urbeamea.ro\\\/albaiulia\\\/25-28-iunie-in-alba-iulia-weekend-ul-incepe-de-joi\\\/#breadcrumb\"},\"inLanguage\":\"ro-RO\",\"potentialAction\":[{\"@type\":\"ReadAction\",\"target\":[\"https:\\\/\\\/urbeamea.ro\\\/albaiulia\\\/25-28-iunie-in-alba-iulia-weekend-ul-incepe-de-joi\\\/\"]}]},{\"@type\":\"ImageObject\",\"inLanguage\":\"ro-RO\",\"@id\":\"https:\\\/\\\/urbeamea.ro\\\/albaiulia\\\/25-28-iunie-in-alba-iulia-weekend-ul-incepe-de-joi\\\/#primaryimage\",\"url\":\"https:\\\/\\\/urbeamea.ro\\\/albaiulia\\\/wp-content\\\/uploads\\\/2015\\\/06\\\/ppwj26-2.jpg\",\"contentUrl\":\"https:\\\/\\\/urbeamea.ro\\\/albaiulia\\\/wp-content\\\/uploads\\\/2015\\\/06\\\/ppwj26-2.jpg\",\"width\":1024,\"height\":683},{\"@type\":\"BreadcrumbList\",\"@id\":\"https:\\\/\\\/urbeamea.ro\\\/albaiulia\\\/25-28-iunie-in-alba-iulia-weekend-ul-incepe-de-joi\\\/#breadcrumb\",\"itemListElement\":[{\"@type\":\"ListItem\",\"position\":1,\"name\":\"Prima pagin\u0103\",\"item\":\"https:\\\/\\\/urbeamea.ro\\\/albaiulia\\\/\"},{\"@type\":\"ListItem\",\"position\":2,\"name\":\"25- 28 Iunie: \u00cen Alba Iulia weekend-ul \u00eencepe de joi!\"}]},{\"@type\":\"WebSite\",\"@id\":\"https:\\\/\\\/urbeamea.ro\\\/albaiulia\\\/#website\",\"url\":\"https:\\\/\\\/urbeamea.ro\\\/albaiulia\\\/\",\"name\":\"Revista Urbea Mea, Stiri urbane\",\"description\":\"Evenimente \u0219i \u0219tiri din Alba Iulia, Sebe\u0219, Aiud, Blaj\",\"potentialAction\":[{\"@type\":\"SearchAction\",\"target\":{\"@type\":\"EntryPoint\",\"urlTemplate\":\"https:\\\/\\\/urbeamea.ro\\\/albaiulia\\\/?s={search_term_string}\"},\"query-input\":{\"@type\":\"PropertyValueSpecification\",\"valueRequired\":true,\"valueName\":\"search_term_string\"}}],\"inLanguage\":\"ro-RO\"},{\"@type\":\"Person\",\"@id\":\"https:\\\/\\\/urbeamea.ro\\\/albaiulia\\\/#\\\/schema\\\/person\\\/272ae98052f8ee8980f59848df070247\",\"name\":\"Redac\u021bia UrbeaMea\",\"image\":{\"@type\":\"ImageObject\",\"inLanguage\":\"ro-RO\",\"@id\":\"https:\\\/\\\/secure.gravatar.com\\\/avatar\\\/9ce5a9435071fa1037e8468053ead8e513dbbff59009d3069aadb85506d85a27?s=96&d=mm&r=g\",\"url\":\"https:\\\/\\\/secure.gravatar.com\\\/avatar\\\/9ce5a9435071fa1037e8468053ead8e513dbbff59009d3069aadb85506d85a27?s=96&d=mm&r=g\",\"contentUrl\":\"https:\\\/\\\/secure.gravatar.com\\\/avatar\\\/9ce5a9435071fa1037e8468053ead8e513dbbff59009d3069aadb85506d85a27?s=96&d=mm&r=g\",\"caption\":\"Redac\u021bia UrbeaMea\"},\"description\":\"contact@urbeamea.ro\",\"sameAs\":[\"https:\\\/\\\/www.urbeamea.ro\"],\"url\":\"https:\\\/\\\/urbeamea.ro\\\/albaiulia\\\/author\\\/redactia-urbeamea\\\/\"}]}<\/script>\n<!-- \/ Yoast SEO plugin. -->","yoast_head_json":{"title":"25- 28 Iunie: \u00cen Alba Iulia weekend-ul \u00eencepe de joi! - Revista Urbea Mea - Revista de Alba","description":"\u00cen Alba Iulia weekend-ul \u00eencepe de joi. Afl\u0103 unde te po\u0163i distra \u00een ora\u015ful t\u0103u doar pe\u00a0www.urbeamea.ro. Joi &nbsp; Vineri &nbsp; S\u00e2mb\u0103t\u0103 &nbsp;","robots":{"index":"index","follow":"follow","max-snippet":"max-snippet:-1","max-image-preview":"max-image-preview:large","max-video-preview":"max-video-preview:-1"},"canonical":"https:\/\/urbeamea.ro\/albaiulia\/25-28-iunie-in-alba-iulia-weekend-ul-incepe-de-joi\/","twitter_card":"summary_large_image","twitter_title":"25- 28 Iunie: \u00cen Alba Iulia weekend-ul \u00eencepe de joi! - Revista Urbea Mea - Revista de Alba","twitter_description":"\u00cen Alba Iulia weekend-ul \u00eencepe de joi. Afl\u0103 unde te po\u0163i distra \u00een ora\u015ful t\u0103u doar pe\u00a0www.urbeamea.ro. Joi &nbsp; Vineri &nbsp; S\u00e2mb\u0103t\u0103 &nbsp;","twitter_image":"https:\/\/urbeamea.ro\/albaiulia\/wp-content\/uploads\/2015\/06\/ppwj26-2.jpg","twitter_creator":"@urbeameaweb","twitter_site":"@urbeameaweb","schema":{"@context":"https:\/\/schema.org","@graph":[{"@type":"Article","@id":"https:\/\/urbeamea.ro\/albaiulia\/25-28-iunie-in-alba-iulia-weekend-ul-incepe-de-joi\/#article","isPartOf":{"@id":"https:\/\/urbeamea.ro\/albaiulia\/25-28-iunie-in-alba-iulia-weekend-ul-incepe-de-joi\/"},"author":{"name":"Redac\u021bia UrbeaMea","@id":"https:\/\/urbeamea.ro\/albaiulia\/#\/schema\/person\/272ae98052f8ee8980f59848df070247"},"headline":"25- 28 Iunie: \u00cen Alba Iulia weekend-ul \u00eencepe de joi!","datePublished":"2015-06-25T05:33:05+00:00","mainEntityOfPage":{"@id":"https:\/\/urbeamea.ro\/albaiulia\/25-28-iunie-in-alba-iulia-weekend-ul-incepe-de-joi\/"},"wordCount":2166,"commentCount":0,"image":{"@id":"https:\/\/urbeamea.ro\/albaiulia\/25-28-iunie-in-alba-iulia-weekend-ul-incepe-de-joi\/#primaryimage"},"thumbnailUrl":"https:\/\/urbeamea.ro\/albaiulia\/wp-content\/uploads\/2015\/06\/ppwj26-2.jpg","articleSection":["Evenimente"],"inLanguage":"ro-RO","potentialAction":[{"@type":"CommentAction","name":"Comment","target":["https:\/\/urbeamea.ro\/albaiulia\/25-28-iunie-in-alba-iulia-weekend-ul-incepe-de-joi\/#respond"]}]},{"@type":"WebPage","@id":"https:\/\/urbeamea.ro\/albaiulia\/25-28-iunie-in-alba-iulia-weekend-ul-incepe-de-joi\/","url":"https:\/\/urbeamea.ro\/albaiulia\/25-28-iunie-in-alba-iulia-weekend-ul-incepe-de-joi\/","name":"25- 28 Iunie: \u00cen Alba Iulia weekend-ul \u00eencepe de joi! - Revista Urbea Mea - Revista de Alba","isPartOf":{"@id":"https:\/\/urbeamea.ro\/albaiulia\/#website"},"primaryImageOfPage":{"@id":"https:\/\/urbeamea.ro\/albaiulia\/25-28-iunie-in-alba-iulia-weekend-ul-incepe-de-joi\/#primaryimage"},"image":{"@id":"https:\/\/urbeamea.ro\/albaiulia\/25-28-iunie-in-alba-iulia-weekend-ul-incepe-de-joi\/#primaryimage"},"thumbnailUrl":"https:\/\/urbeamea.ro\/albaiulia\/wp-content\/uploads\/2015\/06\/ppwj26-2.jpg","datePublished":"2015-06-25T05:33:05+00:00","author":{"@id":"https:\/\/urbeamea.ro\/albaiulia\/#\/schema\/person\/272ae98052f8ee8980f59848df070247"},"description":"\u00cen Alba Iulia weekend-ul \u00eencepe de joi. Afl\u0103 unde te po\u0163i distra \u00een ora\u015ful t\u0103u doar pe\u00a0www.urbeamea.ro. Joi &nbsp; Vineri &nbsp; S\u00e2mb\u0103t\u0103 &nbsp;","breadcrumb":{"@id":"https:\/\/urbeamea.ro\/albaiulia\/25-28-iunie-in-alba-iulia-weekend-ul-incepe-de-joi\/#breadcrumb"},"inLanguage":"ro-RO","potentialAction":[{"@type":"ReadAction","target":["https:\/\/urbeamea.ro\/albaiulia\/25-28-iunie-in-alba-iulia-weekend-ul-incepe-de-joi\/"]}]},{"@type":"ImageObject","inLanguage":"ro-RO","@id":"https:\/\/urbeamea.ro\/albaiulia\/25-28-iunie-in-alba-iulia-weekend-ul-incepe-de-joi\/#primaryimage","url":"https:\/\/urbeamea.ro\/albaiulia\/wp-content\/uploads\/2015\/06\/ppwj26-2.jpg","contentUrl":"https:\/\/urbeamea.ro\/albaiulia\/wp-content\/uploads\/2015\/06\/ppwj26-2.jpg","width":1024,"height":683},{"@type":"BreadcrumbList","@id":"https:\/\/urbeamea.ro\/albaiulia\/25-28-iunie-in-alba-iulia-weekend-ul-incepe-de-joi\/#breadcrumb","itemListElement":[{"@type":"ListItem","position":1,"name":"Prima pagin\u0103","item":"https:\/\/urbeamea.ro\/albaiulia\/"},{"@type":"ListItem","position":2,"name":"25- 28 Iunie: \u00cen Alba Iulia weekend-ul \u00eencepe de joi!"}]},{"@type":"WebSite","@id":"https:\/\/urbeamea.ro\/albaiulia\/#website","url":"https:\/\/urbeamea.ro\/albaiulia\/","name":"Revista Urbea Mea, Stiri urbane","description":"Evenimente \u0219i \u0219tiri din Alba Iulia, Sebe\u0219, Aiud, Blaj","potentialAction":[{"@type":"SearchAction","target":{"@type":"EntryPoint","urlTemplate":"https:\/\/urbeamea.ro\/albaiulia\/?s={search_term_string}"},"query-input":{"@type":"PropertyValueSpecification","valueRequired":true,"valueName":"search_term_string"}}],"inLanguage":"ro-RO"},{"@type":"Person","@id":"https:\/\/urbeamea.ro\/albaiulia\/#\/schema\/person\/272ae98052f8ee8980f59848df070247","name":"Redac\u021bia UrbeaMea","image":{"@type":"ImageObject","inLanguage":"ro-RO","@id":"https:\/\/secure.gravatar.com\/avatar\/9ce5a9435071fa1037e8468053ead8e513dbbff59009d3069aadb85506d85a27?s=96&d=mm&r=g","url":"https:\/\/secure.gravatar.com\/avatar\/9ce5a9435071fa1037e8468053ead8e513dbbff59009d3069aadb85506d85a27?s=96&d=mm&r=g","contentUrl":"https:\/\/secure.gravatar.com\/avatar\/9ce5a9435071fa1037e8468053ead8e513dbbff59009d3069aadb85506d85a27?s=96&d=mm&r=g","caption":"Redac\u021bia UrbeaMea"},"description":"contact@urbeamea.ro","sameAs":["https:\/\/www.urbeamea.ro"],"url":"https:\/\/urbeamea.ro\/albaiulia\/author\/redactia-urbeamea\/"}]}},"_links":{"self":[{"href":"https:\/\/urbeamea.ro\/albaiulia\/wp-json\/wp\/v2\/posts\/5670","targetHints":{"allow":["GET"]}}],"collection":[{"href":"https:\/\/urbeamea.ro\/albaiulia\/wp-json\/wp\/v2\/posts"}],"about":[{"href":"https:\/\/urbeamea.ro\/albaiulia\/wp-json\/wp\/v2\/types\/post"}],"author":[{"embeddable":true,"href":"https:\/\/urbeamea.ro\/albaiulia\/wp-json\/wp\/v2\/users\/16"}],"replies":[{"embeddable":true,"href":"https:\/\/urbeamea.ro\/albaiulia\/wp-json\/wp\/v2\/comments?post=5670"}],"version-history":[{"count":0,"href":"https:\/\/urbeamea.ro\/albaiulia\/wp-json\/wp\/v2\/posts\/5670\/revisions"}],"wp:featuredmedia":[{"embeddable":true,"href":"https:\/\/urbeamea.ro\/albaiulia\/wp-json\/wp\/v2\/media\/5673"}],"wp:attachment":[{"href":"https:\/\/urbeamea.ro\/albaiulia\/wp-json\/wp\/v2\/media?parent=5670"}],"wp:term":[{"taxonomy":"category","embeddable":true,"href":"https:\/\/urbeamea.ro\/albaiulia\/wp-json\/wp\/v2\/categories?post=5670"},{"taxonomy":"post_tag","embeddable":true,"href":"https:\/\/urbeamea.ro\/albaiulia\/wp-json\/wp\/v2\/tags?post=5670"}],"curies":[{"name":"wp","href":"https:\/\/api.w.org\/{rel}","templated":true}]}}