{"id":56711,"date":"2017-11-28T13:36:10","date_gmt":"2017-11-28T11:36:10","guid":{"rendered":"https:\/\/urbeamea.ro\/albaiulia\/?p=56711"},"modified":"2017-11-28T13:36:10","modified_gmt":"2017-11-28T11:36:10","slug":"miercuri-muzeul-national-al-unirii-din-alba-iulia-prezinta-vernisajul-salonului-international-de-machete-statice","status":"publish","type":"post","link":"https:\/\/urbeamea.ro\/albaiulia\/miercuri-muzeul-national-al-unirii-din-alba-iulia-prezinta-vernisajul-salonului-international-de-machete-statice\/","title":{"rendered":"MIERCURI: Muzeul Na\u0163ional al Unirii din Alba Iulia prezint\u0103 vernisajul Salonului interna\u021bional de machete statice"},"content":{"rendered":"<p><strong>La Muzeul Na\u021bional al Unirii din Alba Iulia va avea loc miercuri, 29 noiembrie, \u00eencep\u00e2nd cu ora 12.00, vernisajul Salonului interna\u021bional de machete statice. \u00cen cadrul salonului vor fi expuse peste 400 de machete inspirate din mai multe domenii, precum avia\u021bie, nave, vehicule sau science-fiction. Ele sunt realizate de macheti\u0219ti din Rom\u00e2nia, Italia \u0219i Anglia.<\/strong><\/p>\n<p>Muzeul albaiulian va g\u0103zdui aceast\u0103 expozi\u021bie p\u00e2n\u0103 \u00een data de 28 ianuarie 2018.<\/p>\n<p>Evenimentul este organizat de Consiliul Jude\u021bean Alba, Asocia\u021bia Modelism Alba \u0219i Muzeul Na\u021bional al Unirii din Alba Iulia.<\/p>\n","protected":false},"excerpt":{"rendered":"<p>La Muzeul Na\u021bional al Unirii din Alba Iulia va avea loc miercuri, 29 noiembrie, \u00eencep\u00e2nd cu ora 12.00, vernisajul Salonului interna\u021bional de machete statice. \u00cen cadrul salonului vor fi expuse peste 400 de machete inspirate din mai multe domenii, precum avia\u021bie, nave, vehicule sau science-fiction. Ele sunt realizate de macheti\u0219ti din Rom\u00e2nia, Italia \u0219i Anglia. &hellip;<\/p>\n","protected":false},"author":17,"featured_media":56712,"comment_status":"open","ping_status":"open","sticky":false,"template":"","format":"standard","meta":{"inline_featured_image":false,"footnotes":""},"categories":[8857],"tags":[31,1171,13237,421,1194,8820,13236,308,76,1172,1978],"class_list":["post-56711","post","type-post","status-publish","format-standard","has-post-thumbnail","hentry","category-istorie","tag-alba-iulia","tag-aviatie","tag-machetisti","tag-muzeul-national-al-unirii","tag-nave","tag-salonul-international-de-machete-statice","tag-science-fiction","tag-stiri","tag-urbea-mea","tag-vehicule","tag-vernisaj-expozitie"],"yoast_head":"<!-- This site is optimized with the Yoast SEO plugin v27.4 - https:\/\/yoast.com\/product\/yoast-seo-wordpress\/ -->\n<title>MIERCURI: Muzeul Na\u0163ional al Unirii din Alba Iulia prezint\u0103 vernisajul Salonului interna\u021bional de machete statice - Revista Urbea Mea - Revista de Alba<\/title>\n<meta name=\"description\" content=\"La Muzeul Na\u021bional al Unirii din Alba Iulia va avea loc miercuri, 29 noiembrie, \u00eencep\u00e2nd cu ora 12.00, vernisajul Salonului interna\u021bional de machete\" \/>\n<meta name=\"robots\" content=\"index, follow, max-snippet:-1, max-image-preview:large, max-video-preview:-1\" \/>\n<link rel=\"canonical\" href=\"https:\/\/urbeamea.ro\/albaiulia\/miercuri-muzeul-national-al-unirii-din-alba-iulia-prezinta-vernisajul-salonului-international-de-machete-statice\/\" \/>\n<meta name=\"twitter:card\" content=\"summary_large_image\" \/>\n<meta name=\"twitter:title\" content=\"MIERCURI: Muzeul Na\u0163ional al Unirii din Alba Iulia prezint\u0103 vernisajul Salonului interna\u021bional de machete statice - Revista Urbea Mea - Revista de Alba\" \/>\n<meta name=\"twitter:description\" content=\"La Muzeul Na\u021bional al Unirii din Alba Iulia va avea loc miercuri, 29 noiembrie, \u00eencep\u00e2nd cu ora 12.00, vernisajul Salonului interna\u021bional de machete\" \/>\n<meta name=\"twitter:image\" content=\"https:\/\/urbeamea.ro\/albaiulia\/wp-content\/uploads\/2017\/11\/Afis-.jpg\" \/>\n<meta name=\"twitter:creator\" content=\"@urbeameaweb\" \/>\n<meta name=\"twitter:site\" content=\"@urbeameaweb\" \/>\n<script type=\"application\/ld+json\" class=\"yoast-schema-graph\">{\"@context\":\"https:\\\/\\\/schema.org\",\"@graph\":[{\"@type\":\"Article\",\"@id\":\"https:\\\/\\\/urbeamea.ro\\\/albaiulia\\\/miercuri-muzeul-national-al-unirii-din-alba-iulia-prezinta-vernisajul-salonului-international-de-machete-statice\\\/#article\",\"isPartOf\":{\"@id\":\"https:\\\/\\\/urbeamea.ro\\\/albaiulia\\\/miercuri-muzeul-national-al-unirii-din-alba-iulia-prezinta-vernisajul-salonului-international-de-machete-statice\\\/\"},\"author\":{\"name\":\"Cristina Ganga\",\"@id\":\"https:\\\/\\\/urbeamea.ro\\\/albaiulia\\\/#\\\/schema\\\/person\\\/9700d21fae21c4f038b0b56f4506264a\"},\"headline\":\"MIERCURI: Muzeul Na\u0163ional al Unirii din Alba Iulia prezint\u0103 vernisajul Salonului interna\u021bional de machete statice\",\"datePublished\":\"2017-11-28T11:36:10+00:00\",\"mainEntityOfPage\":{\"@id\":\"https:\\\/\\\/urbeamea.ro\\\/albaiulia\\\/miercuri-muzeul-national-al-unirii-din-alba-iulia-prezinta-vernisajul-salonului-international-de-machete-statice\\\/\"},\"wordCount\":110,\"commentCount\":0,\"image\":{\"@id\":\"https:\\\/\\\/urbeamea.ro\\\/albaiulia\\\/miercuri-muzeul-national-al-unirii-din-alba-iulia-prezinta-vernisajul-salonului-international-de-machete-statice\\\/#primaryimage\"},\"thumbnailUrl\":\"https:\\\/\\\/urbeamea.ro\\\/albaiulia\\\/wp-content\\\/uploads\\\/2017\\\/11\\\/Afis-.jpg\",\"keywords\":[\"Alba Iulia\",\"aviatie\",\"machetisti\",\"muzeul national al unirii\",\"nave\",\"salonul international de machete statice\",\"science-fiction\",\"stiri\",\"Urbea Mea\",\"vehicule\",\"vernisaj expozitie\"],\"articleSection\":[\"Istorie\"],\"inLanguage\":\"ro-RO\",\"potentialAction\":[{\"@type\":\"CommentAction\",\"name\":\"Comment\",\"target\":[\"https:\\\/\\\/urbeamea.ro\\\/albaiulia\\\/miercuri-muzeul-national-al-unirii-din-alba-iulia-prezinta-vernisajul-salonului-international-de-machete-statice\\\/#respond\"]}]},{\"@type\":\"WebPage\",\"@id\":\"https:\\\/\\\/urbeamea.ro\\\/albaiulia\\\/miercuri-muzeul-national-al-unirii-din-alba-iulia-prezinta-vernisajul-salonului-international-de-machete-statice\\\/\",\"url\":\"https:\\\/\\\/urbeamea.ro\\\/albaiulia\\\/miercuri-muzeul-national-al-unirii-din-alba-iulia-prezinta-vernisajul-salonului-international-de-machete-statice\\\/\",\"name\":\"MIERCURI: Muzeul Na\u0163ional al Unirii din Alba Iulia prezint\u0103 vernisajul Salonului interna\u021bional de machete statice - Revista Urbea Mea - Revista de Alba\",\"isPartOf\":{\"@id\":\"https:\\\/\\\/urbeamea.ro\\\/albaiulia\\\/#website\"},\"primaryImageOfPage\":{\"@id\":\"https:\\\/\\\/urbeamea.ro\\\/albaiulia\\\/miercuri-muzeul-national-al-unirii-din-alba-iulia-prezinta-vernisajul-salonului-international-de-machete-statice\\\/#primaryimage\"},\"image\":{\"@id\":\"https:\\\/\\\/urbeamea.ro\\\/albaiulia\\\/miercuri-muzeul-national-al-unirii-din-alba-iulia-prezinta-vernisajul-salonului-international-de-machete-statice\\\/#primaryimage\"},\"thumbnailUrl\":\"https:\\\/\\\/urbeamea.ro\\\/albaiulia\\\/wp-content\\\/uploads\\\/2017\\\/11\\\/Afis-.jpg\",\"datePublished\":\"2017-11-28T11:36:10+00:00\",\"author\":{\"@id\":\"https:\\\/\\\/urbeamea.ro\\\/albaiulia\\\/#\\\/schema\\\/person\\\/9700d21fae21c4f038b0b56f4506264a\"},\"description\":\"La Muzeul Na\u021bional al Unirii din Alba Iulia va avea loc miercuri, 29 noiembrie, \u00eencep\u00e2nd cu ora 12.00, vernisajul Salonului interna\u021bional de machete\",\"breadcrumb\":{\"@id\":\"https:\\\/\\\/urbeamea.ro\\\/albaiulia\\\/miercuri-muzeul-national-al-unirii-din-alba-iulia-prezinta-vernisajul-salonului-international-de-machete-statice\\\/#breadcrumb\"},\"inLanguage\":\"ro-RO\",\"potentialAction\":[{\"@type\":\"ReadAction\",\"target\":[\"https:\\\/\\\/urbeamea.ro\\\/albaiulia\\\/miercuri-muzeul-national-al-unirii-din-alba-iulia-prezinta-vernisajul-salonului-international-de-machete-statice\\\/\"]}]},{\"@type\":\"ImageObject\",\"inLanguage\":\"ro-RO\",\"@id\":\"https:\\\/\\\/urbeamea.ro\\\/albaiulia\\\/miercuri-muzeul-national-al-unirii-din-alba-iulia-prezinta-vernisajul-salonului-international-de-machete-statice\\\/#primaryimage\",\"url\":\"https:\\\/\\\/urbeamea.ro\\\/albaiulia\\\/wp-content\\\/uploads\\\/2017\\\/11\\\/Afis-.jpg\",\"contentUrl\":\"https:\\\/\\\/urbeamea.ro\\\/albaiulia\\\/wp-content\\\/uploads\\\/2017\\\/11\\\/Afis-.jpg\",\"width\":597,\"height\":762},{\"@type\":\"BreadcrumbList\",\"@id\":\"https:\\\/\\\/urbeamea.ro\\\/albaiulia\\\/miercuri-muzeul-national-al-unirii-din-alba-iulia-prezinta-vernisajul-salonului-international-de-machete-statice\\\/#breadcrumb\",\"itemListElement\":[{\"@type\":\"ListItem\",\"position\":1,\"name\":\"Prima pagin\u0103\",\"item\":\"https:\\\/\\\/urbeamea.ro\\\/albaiulia\\\/\"},{\"@type\":\"ListItem\",\"position\":2,\"name\":\"MIERCURI: Muzeul Na\u0163ional al Unirii din Alba Iulia prezint\u0103 vernisajul Salonului interna\u021bional de machete statice\"}]},{\"@type\":\"WebSite\",\"@id\":\"https:\\\/\\\/urbeamea.ro\\\/albaiulia\\\/#website\",\"url\":\"https:\\\/\\\/urbeamea.ro\\\/albaiulia\\\/\",\"name\":\"Revista Urbea Mea, Stiri urbane\",\"description\":\"Evenimente \u0219i \u0219tiri din Alba Iulia, Sebe\u0219, Aiud, Blaj\",\"potentialAction\":[{\"@type\":\"SearchAction\",\"target\":{\"@type\":\"EntryPoint\",\"urlTemplate\":\"https:\\\/\\\/urbeamea.ro\\\/albaiulia\\\/?s={search_term_string}\"},\"query-input\":{\"@type\":\"PropertyValueSpecification\",\"valueRequired\":true,\"valueName\":\"search_term_string\"}}],\"inLanguage\":\"ro-RO\"},{\"@type\":\"Person\",\"@id\":\"https:\\\/\\\/urbeamea.ro\\\/albaiulia\\\/#\\\/schema\\\/person\\\/9700d21fae21c4f038b0b56f4506264a\",\"name\":\"Cristina Ganga\",\"image\":{\"@type\":\"ImageObject\",\"inLanguage\":\"ro-RO\",\"@id\":\"https:\\\/\\\/secure.gravatar.com\\\/avatar\\\/5a67661041f057b4a8ccaf26f5a8e86e2689372006d01faf3dd9eeb10b654bb4?s=96&d=mm&r=g\",\"url\":\"https:\\\/\\\/secure.gravatar.com\\\/avatar\\\/5a67661041f057b4a8ccaf26f5a8e86e2689372006d01faf3dd9eeb10b654bb4?s=96&d=mm&r=g\",\"contentUrl\":\"https:\\\/\\\/secure.gravatar.com\\\/avatar\\\/5a67661041f057b4a8ccaf26f5a8e86e2689372006d01faf3dd9eeb10b654bb4?s=96&d=mm&r=g\",\"caption\":\"Cristina Ganga\"},\"description\":\"Jurnalist\",\"sameAs\":[\"https:\\\/\\\/www.facebook.com\\\/cristina.nicola.587\"],\"url\":\"https:\\\/\\\/urbeamea.ro\\\/albaiulia\\\/author\\\/cristina-nicola\\\/\"}]}<\/script>\n<!-- \/ Yoast SEO plugin. -->","yoast_head_json":{"title":"MIERCURI: Muzeul Na\u0163ional al Unirii din Alba Iulia prezint\u0103 vernisajul Salonului interna\u021bional de machete statice - Revista Urbea Mea - Revista de Alba","description":"La Muzeul Na\u021bional al Unirii din Alba Iulia va avea loc miercuri, 29 noiembrie, \u00eencep\u00e2nd cu ora 12.00, vernisajul Salonului interna\u021bional de machete","robots":{"index":"index","follow":"follow","max-snippet":"max-snippet:-1","max-image-preview":"max-image-preview:large","max-video-preview":"max-video-preview:-1"},"canonical":"https:\/\/urbeamea.ro\/albaiulia\/miercuri-muzeul-national-al-unirii-din-alba-iulia-prezinta-vernisajul-salonului-international-de-machete-statice\/","twitter_card":"summary_large_image","twitter_title":"MIERCURI: Muzeul Na\u0163ional al Unirii din Alba Iulia prezint\u0103 vernisajul Salonului interna\u021bional de machete statice - Revista Urbea Mea - Revista de Alba","twitter_description":"La Muzeul Na\u021bional al Unirii din Alba Iulia va avea loc miercuri, 29 noiembrie, \u00eencep\u00e2nd cu ora 12.00, vernisajul Salonului interna\u021bional de machete","twitter_image":"https:\/\/urbeamea.ro\/albaiulia\/wp-content\/uploads\/2017\/11\/Afis-.jpg","twitter_creator":"@urbeameaweb","twitter_site":"@urbeameaweb","schema":{"@context":"https:\/\/schema.org","@graph":[{"@type":"Article","@id":"https:\/\/urbeamea.ro\/albaiulia\/miercuri-muzeul-national-al-unirii-din-alba-iulia-prezinta-vernisajul-salonului-international-de-machete-statice\/#article","isPartOf":{"@id":"https:\/\/urbeamea.ro\/albaiulia\/miercuri-muzeul-national-al-unirii-din-alba-iulia-prezinta-vernisajul-salonului-international-de-machete-statice\/"},"author":{"name":"Cristina Ganga","@id":"https:\/\/urbeamea.ro\/albaiulia\/#\/schema\/person\/9700d21fae21c4f038b0b56f4506264a"},"headline":"MIERCURI: Muzeul Na\u0163ional al Unirii din Alba Iulia prezint\u0103 vernisajul Salonului interna\u021bional de machete statice","datePublished":"2017-11-28T11:36:10+00:00","mainEntityOfPage":{"@id":"https:\/\/urbeamea.ro\/albaiulia\/miercuri-muzeul-national-al-unirii-din-alba-iulia-prezinta-vernisajul-salonului-international-de-machete-statice\/"},"wordCount":110,"commentCount":0,"image":{"@id":"https:\/\/urbeamea.ro\/albaiulia\/miercuri-muzeul-national-al-unirii-din-alba-iulia-prezinta-vernisajul-salonului-international-de-machete-statice\/#primaryimage"},"thumbnailUrl":"https:\/\/urbeamea.ro\/albaiulia\/wp-content\/uploads\/2017\/11\/Afis-.jpg","keywords":["Alba Iulia","aviatie","machetisti","muzeul national al unirii","nave","salonul international de machete statice","science-fiction","stiri","Urbea Mea","vehicule","vernisaj expozitie"],"articleSection":["Istorie"],"inLanguage":"ro-RO","potentialAction":[{"@type":"CommentAction","name":"Comment","target":["https:\/\/urbeamea.ro\/albaiulia\/miercuri-muzeul-national-al-unirii-din-alba-iulia-prezinta-vernisajul-salonului-international-de-machete-statice\/#respond"]}]},{"@type":"WebPage","@id":"https:\/\/urbeamea.ro\/albaiulia\/miercuri-muzeul-national-al-unirii-din-alba-iulia-prezinta-vernisajul-salonului-international-de-machete-statice\/","url":"https:\/\/urbeamea.ro\/albaiulia\/miercuri-muzeul-national-al-unirii-din-alba-iulia-prezinta-vernisajul-salonului-international-de-machete-statice\/","name":"MIERCURI: Muzeul Na\u0163ional al Unirii din Alba Iulia prezint\u0103 vernisajul Salonului interna\u021bional de machete statice - Revista Urbea Mea - Revista de Alba","isPartOf":{"@id":"https:\/\/urbeamea.ro\/albaiulia\/#website"},"primaryImageOfPage":{"@id":"https:\/\/urbeamea.ro\/albaiulia\/miercuri-muzeul-national-al-unirii-din-alba-iulia-prezinta-vernisajul-salonului-international-de-machete-statice\/#primaryimage"},"image":{"@id":"https:\/\/urbeamea.ro\/albaiulia\/miercuri-muzeul-national-al-unirii-din-alba-iulia-prezinta-vernisajul-salonului-international-de-machete-statice\/#primaryimage"},"thumbnailUrl":"https:\/\/urbeamea.ro\/albaiulia\/wp-content\/uploads\/2017\/11\/Afis-.jpg","datePublished":"2017-11-28T11:36:10+00:00","author":{"@id":"https:\/\/urbeamea.ro\/albaiulia\/#\/schema\/person\/9700d21fae21c4f038b0b56f4506264a"},"description":"La Muzeul Na\u021bional al Unirii din Alba Iulia va avea loc miercuri, 29 noiembrie, \u00eencep\u00e2nd cu ora 12.00, vernisajul Salonului interna\u021bional de machete","breadcrumb":{"@id":"https:\/\/urbeamea.ro\/albaiulia\/miercuri-muzeul-national-al-unirii-din-alba-iulia-prezinta-vernisajul-salonului-international-de-machete-statice\/#breadcrumb"},"inLanguage":"ro-RO","potentialAction":[{"@type":"ReadAction","target":["https:\/\/urbeamea.ro\/albaiulia\/miercuri-muzeul-national-al-unirii-din-alba-iulia-prezinta-vernisajul-salonului-international-de-machete-statice\/"]}]},{"@type":"ImageObject","inLanguage":"ro-RO","@id":"https:\/\/urbeamea.ro\/albaiulia\/miercuri-muzeul-national-al-unirii-din-alba-iulia-prezinta-vernisajul-salonului-international-de-machete-statice\/#primaryimage","url":"https:\/\/urbeamea.ro\/albaiulia\/wp-content\/uploads\/2017\/11\/Afis-.jpg","contentUrl":"https:\/\/urbeamea.ro\/albaiulia\/wp-content\/uploads\/2017\/11\/Afis-.jpg","width":597,"height":762},{"@type":"BreadcrumbList","@id":"https:\/\/urbeamea.ro\/albaiulia\/miercuri-muzeul-national-al-unirii-din-alba-iulia-prezinta-vernisajul-salonului-international-de-machete-statice\/#breadcrumb","itemListElement":[{"@type":"ListItem","position":1,"name":"Prima pagin\u0103","item":"https:\/\/urbeamea.ro\/albaiulia\/"},{"@type":"ListItem","position":2,"name":"MIERCURI: Muzeul Na\u0163ional al Unirii din Alba Iulia prezint\u0103 vernisajul Salonului interna\u021bional de machete statice"}]},{"@type":"WebSite","@id":"https:\/\/urbeamea.ro\/albaiulia\/#website","url":"https:\/\/urbeamea.ro\/albaiulia\/","name":"Revista Urbea Mea, Stiri urbane","description":"Evenimente \u0219i \u0219tiri din Alba Iulia, Sebe\u0219, Aiud, Blaj","potentialAction":[{"@type":"SearchAction","target":{"@type":"EntryPoint","urlTemplate":"https:\/\/urbeamea.ro\/albaiulia\/?s={search_term_string}"},"query-input":{"@type":"PropertyValueSpecification","valueRequired":true,"valueName":"search_term_string"}}],"inLanguage":"ro-RO"},{"@type":"Person","@id":"https:\/\/urbeamea.ro\/albaiulia\/#\/schema\/person\/9700d21fae21c4f038b0b56f4506264a","name":"Cristina Ganga","image":{"@type":"ImageObject","inLanguage":"ro-RO","@id":"https:\/\/secure.gravatar.com\/avatar\/5a67661041f057b4a8ccaf26f5a8e86e2689372006d01faf3dd9eeb10b654bb4?s=96&d=mm&r=g","url":"https:\/\/secure.gravatar.com\/avatar\/5a67661041f057b4a8ccaf26f5a8e86e2689372006d01faf3dd9eeb10b654bb4?s=96&d=mm&r=g","contentUrl":"https:\/\/secure.gravatar.com\/avatar\/5a67661041f057b4a8ccaf26f5a8e86e2689372006d01faf3dd9eeb10b654bb4?s=96&d=mm&r=g","caption":"Cristina Ganga"},"description":"Jurnalist","sameAs":["https:\/\/www.facebook.com\/cristina.nicola.587"],"url":"https:\/\/urbeamea.ro\/albaiulia\/author\/cristina-nicola\/"}]}},"_links":{"self":[{"href":"https:\/\/urbeamea.ro\/albaiulia\/wp-json\/wp\/v2\/posts\/56711","targetHints":{"allow":["GET"]}}],"collection":[{"href":"https:\/\/urbeamea.ro\/albaiulia\/wp-json\/wp\/v2\/posts"}],"about":[{"href":"https:\/\/urbeamea.ro\/albaiulia\/wp-json\/wp\/v2\/types\/post"}],"author":[{"embeddable":true,"href":"https:\/\/urbeamea.ro\/albaiulia\/wp-json\/wp\/v2\/users\/17"}],"replies":[{"embeddable":true,"href":"https:\/\/urbeamea.ro\/albaiulia\/wp-json\/wp\/v2\/comments?post=56711"}],"version-history":[{"count":0,"href":"https:\/\/urbeamea.ro\/albaiulia\/wp-json\/wp\/v2\/posts\/56711\/revisions"}],"wp:featuredmedia":[{"embeddable":true,"href":"https:\/\/urbeamea.ro\/albaiulia\/wp-json\/wp\/v2\/media\/56712"}],"wp:attachment":[{"href":"https:\/\/urbeamea.ro\/albaiulia\/wp-json\/wp\/v2\/media?parent=56711"}],"wp:term":[{"taxonomy":"category","embeddable":true,"href":"https:\/\/urbeamea.ro\/albaiulia\/wp-json\/wp\/v2\/categories?post=56711"},{"taxonomy":"post_tag","embeddable":true,"href":"https:\/\/urbeamea.ro\/albaiulia\/wp-json\/wp\/v2\/tags?post=56711"}],"curies":[{"name":"wp","href":"https:\/\/api.w.org\/{rel}","templated":true}]}}