{"id":5678,"date":"2015-06-25T10:24:37","date_gmt":"2015-06-25T07:24:37","guid":{"rendered":"http:\/\/urbeamea.ro\/albaiulia\/?p=5678"},"modified":"2016-01-18T22:54:12","modified_gmt":"2016-01-18T20:54:12","slug":"artrita-idiopatica-juvenila-afectiunea-care-poate-reduce-autonomia-copiilor","status":"publish","type":"post","link":"https:\/\/urbeamea.ro\/albaiulia\/artrita-idiopatica-juvenila-afectiunea-care-poate-reduce-autonomia-copiilor\/","title":{"rendered":"Artrita idiopatic\u0103 juvenil\u0103 &#8211; afec\u021biunea care poate reduce autonomia copiilor"},"content":{"rendered":"<p><a href=\"http:\/\/urbeamea.ro\/albaiulia\/wp-content\/uploads\/2015\/06\/02-Conceptual-D-human-man-anatom-60924071.jpg\"><img loading=\"lazy\" decoding=\"async\" class=\"alignleft wp-image-5679 size-medium\" src=\"http:\/\/urbeamea.ro\/albaiulia\/wp-content\/uploads\/2015\/06\/02-Conceptual-D-human-man-anatom-60924071-300x225.jpg\" alt=\"\" width=\"300\" height=\"225\" \/><\/a><\/p>\n<p class=\"intro\">\u00cen Rom\u00e2nia sunt \u00een prezent cca 2,000 de copii diagnostica\u021bi cu ARTRIT\u0102 IDIOPATIC\u0102 JUVENIL\u0102 (AIJ), o boal\u0103 autoimun\u0103, cronic\u0103, caracterizat\u0103 prin inflamarea persistent\u0103 a articula\u021biilor. P\u0103rin\u021bii sunt sf\u0103tui\u021bi de speciali\u0219ti s\u0103 urm\u0103reasc\u0103 la copiii lor cele 3 semne tipice ale inflama\u021biei articulare: durere, tumefiere \u0219i limitarea mi\u0219c\u0103rii. Aceste simptome pot fi u\u0219or confundate la copii, mai ales c\u0103 apar la o v\u00e2rst\u0103 la care ace\u0219tia sunt foarte activi. Termenul &#8216;idiopatic\u0103&#8217; \u00eenseamn\u0103 c\u0103 nu \u0219tim cauza bolii \u0219i &#8216;juvenil\u0103&#8217; \u00eenseamn\u0103 c\u0103 simptomele apar \u00eenainte de v\u00e2rsta de 16 ani.<\/p>\n<p>Diagnosticul de AIJ este pus de c\u0103tre medicul pediatru \u00een cazul \u00een care debutul bolii este \u00eenainte de v\u00e2rsta de 16 ani, artrita dureaz\u0103 mai mult de \u0219ase s\u0103pt\u0103m\u00e2ni, iar cauzele sunt necunoscute. Artrita trebuie s\u0103 fie prezent\u0103 mai mult de \u0219ase s\u0103pt\u0103m\u00e2ni, \u00een scopul de a exclude formele de artrit\u0103 temporar\u0103 care ar putea urma infec\u021biilor virale. Prin urmare, diagnosticul de AIJ este bazat pe prezen\u021ba \u0219i persisten\u021ba artritei \u0219i pe excluderea atent\u0103 a oric\u0103rei alte boli, prin anamnez\u0103, examen fizic \u0219i teste de laborator.<\/p>\n<p>Dr. Mariana \u0218tefan, medic primar \u2014 pediatrie \u0219i reumatologie pediatric\u0103 ne explic\u0103:<\/p>\n<p>&#8216; <strong>Pentru c\u0103 vorbim de o boal\u0103 cronic\u0103, tratamentul nu duce la o recuperare imediat\u0103, ci doar la o ameliorare a simptomelor. Scopul tratamentului este de a permite copiilor s\u0103 duc\u0103 o via\u021b\u0103 normal\u0103 \u0219i de a preveni afectarea articula\u021biilor \u0219i organelor, \u00een timp ce se a\u0219teapt\u0103 remiterea spontan\u0103 a bolii. <\/strong><\/p>\n<p><strong>Tratamentul se bazeaz\u0103 \u00een principal pe utilizarea de medicamente care inhib\u0103 inflama\u021bia \u0219i pe procedurile de reabilitare care p\u0103streaz\u0103 func\u021bia articula\u021biilor \u0219i ajut\u0103 la prevenirea deform\u0103rilor. <\/strong><\/p>\n<p><strong>Terapia este complex\u0103 \u0219i are nevoie de cooperarea mai multor speciali\u0219ti: reumatologi pediatri, chirurgi ortopezi, fiziokinetoterapeu\u021bi, oftalmologi. <\/strong><\/p>\n<p><strong>Sf\u0103tuim p\u0103rin\u021bii s\u0103 consulte ace\u0219ti speciali\u0219ti \u0219i s\u0103 manifeste r\u0103bdare \u00een rela\u021bia cu ei, pentru c\u0103 abordarea acestei afec\u021biuni necesit\u0103 timp \u0219i construirea unei rela\u021bii de durat\u0103<\/strong>&#8216;.<\/p>\n<p>Dr. Alexis Virgil Cochino, medic specialist \u00een alergologie \u0219i imunologie clinic\u0103 afirm\u0103:<\/p>\n<p>&#8216; <strong>AIJ nu este o boal\u0103 contagioas\u0103 \u0219i nu este o boal\u0103 ereditar\u0103 \u2014 deoarece nu poate fi transmis\u0103 de la p\u0103rin\u021bi direct la copiii lor. Cu toate acestea, exist\u0103 unii factori genetici, \u00een mare m\u0103sur\u0103 \u00eenc\u0103 necunoscu\u021bi, care cresc \u0219ansele unui individ de a dezvolta boala. Aceast\u0103 boal\u0103 este multifactorial\u0103, ceea ce \u00eenseamn\u0103 c\u0103 este rezultatul unei combina\u021bii \u00eentre factorii genetici \u0219i expunerea la factorii de mediu (probabil infec\u021bii). <\/strong><\/p>\n<p><strong>Le recomand\u0103m p\u0103rin\u021bilor s\u0103 mearg\u0103 la medic, pentru a identifica un diagnostic corect pentru copii \u0219i s\u0103 abordeze cu tact \u0219i calm aceast\u0103 situa\u021bie. Le \u00een\u021belegem \u00eengrijorarea, dar \u00eei sf\u0103tuim s\u0103 nu se \u00eenvinov\u0103\u021beasc\u0103, pentru c\u0103 aceast\u0103 boal\u0103 nu apare din vina lor. Este pur \u0219i simplu o combina\u021bie de factori, la care nu au contribuit cu absolut nimic<\/strong>.&#8217;<\/p>\n<p>Mai multe informa\u021bii despre afec\u021biune \u0219i manifest\u0103rile ei este oferit\u0103 de c\u0103tre Asocia\u021bia Pacien\u021bilor cu Afec\u021biuni Autoimune \u2014 APAA. Aceasta pune la dispozi\u021bia publicului Ghidul&#8217; Artrita idiopatic\u0103 juvenil\u0103 pe \u00een\u021belesul p\u0103rin\u021bilor&#8217; \u0219i c\u0103rticica ilustrat\u0103&#8217; O c\u0103l\u0103torie de neuitat&#8217;, care se distribuie gratis \u00een Libr\u0103riile Humanitas \u0219i care prezint\u0103 povestea b\u0103ie\u021belului pacient Alex \u0219i dorin\u021ba lui de autonomie \u00eentr-o excursie cu colegii lui.<\/p>\n<p>Asocia\u021bia Pacien\u021bilor cu Afec\u021biuni Autoimune \u2014 APAA s-a \u00eenfiin\u021bat pentru a oferi suport persoanelor \u0219i familiilor celor afecta\u021bi de aceste boli. Principalele obiective ale Asocia\u021biei sunt: reintegrarea social\u0103 \u0219i profesional\u0103 a pacien\u021bilor cu afec\u021biuni autoimune, consilierea de specialitate a pacien\u021bilor \u0219i familiilor lor, precum \u0219i impulsionarea responsabiliz\u0103rii structurilor guvernamentale \u00een problematica acestor boli.<\/p>\n<p>Pentru mai multe informa\u021bii despre APAA vizita\u021bi: www.apaa.ro, dar \u0219i pagina de Facebook a asocia\u021biei. https:\/\/www.facebook.com\/APAARO<\/p>\n","protected":false},"excerpt":{"rendered":"<p>\u00cen Rom\u00e2nia sunt \u00een prezent cca 2,000 de copii diagnostica\u021bi cu ARTRIT\u0102 IDIOPATIC\u0102 JUVENIL\u0102 (AIJ), o boal\u0103 autoimun\u0103, cronic\u0103, caracterizat\u0103 prin inflamarea persistent\u0103 a articula\u021biilor. P\u0103rin\u021bii sunt sf\u0103tui\u021bi de speciali\u0219ti s\u0103 urm\u0103reasc\u0103 la copiii lor cele 3 semne tipice ale inflama\u021biei articulare: durere, tumefiere \u0219i limitarea mi\u0219c\u0103rii. Aceste simptome pot fi u\u0219or confundate la copii, &hellip;<\/p>\n","protected":false},"author":16,"featured_media":5679,"comment_status":"open","ping_status":"open","sticky":false,"template":"","format":"standard","meta":{"inline_featured_image":false,"footnotes":""},"categories":[2039],"tags":[],"class_list":["post-5678","post","type-post","status-publish","format-standard","has-post-thumbnail","hentry","category-educatie"],"yoast_head":"<!-- This site is optimized with the Yoast SEO plugin v27.4 - https:\/\/yoast.com\/product\/yoast-seo-wordpress\/ -->\n<title>Artrita idiopatic\u0103 juvenil\u0103 - afec\u021biunea care poate reduce autonomia copiilor - Revista Urbea Mea - Revista de Alba<\/title>\n<meta name=\"description\" content=\"\u00cen Rom\u00e2nia sunt \u00een prezent cca 2,000 de copii diagnostica\u021bi cu ARTRIT\u0102 IDIOPATIC\u0102 JUVENIL\u0102 (AIJ), o boal\u0103 autoimun\u0103, cronic\u0103, caracterizat\u0103 prin\" \/>\n<meta name=\"robots\" content=\"index, follow, max-snippet:-1, max-image-preview:large, max-video-preview:-1\" \/>\n<link rel=\"canonical\" href=\"https:\/\/urbeamea.ro\/albaiulia\/artrita-idiopatica-juvenila-afectiunea-care-poate-reduce-autonomia-copiilor\/\" \/>\n<meta name=\"twitter:card\" content=\"summary_large_image\" \/>\n<meta name=\"twitter:title\" content=\"Artrita idiopatic\u0103 juvenil\u0103 - afec\u021biunea care poate reduce autonomia copiilor - Revista Urbea Mea - Revista de Alba\" \/>\n<meta name=\"twitter:description\" content=\"\u00cen Rom\u00e2nia sunt \u00een prezent cca 2,000 de copii diagnostica\u021bi cu ARTRIT\u0102 IDIOPATIC\u0102 JUVENIL\u0102 (AIJ), o boal\u0103 autoimun\u0103, cronic\u0103, caracterizat\u0103 prin\" \/>\n<meta name=\"twitter:image\" content=\"https:\/\/urbeamea.ro\/albaiulia\/wp-content\/uploads\/2015\/06\/02-Conceptual-D-human-man-anatom-60924071.jpg\" \/>\n<meta name=\"twitter:creator\" content=\"@urbeameaweb\" \/>\n<meta name=\"twitter:site\" content=\"@urbeameaweb\" \/>\n<script type=\"application\/ld+json\" class=\"yoast-schema-graph\">{\"@context\":\"https:\\\/\\\/schema.org\",\"@graph\":[{\"@type\":\"Article\",\"@id\":\"https:\\\/\\\/urbeamea.ro\\\/albaiulia\\\/artrita-idiopatica-juvenila-afectiunea-care-poate-reduce-autonomia-copiilor\\\/#article\",\"isPartOf\":{\"@id\":\"https:\\\/\\\/urbeamea.ro\\\/albaiulia\\\/artrita-idiopatica-juvenila-afectiunea-care-poate-reduce-autonomia-copiilor\\\/\"},\"author\":{\"name\":\"Redac\u021bia UrbeaMea\",\"@id\":\"https:\\\/\\\/urbeamea.ro\\\/albaiulia\\\/#\\\/schema\\\/person\\\/272ae98052f8ee8980f59848df070247\"},\"headline\":\"Artrita idiopatic\u0103 juvenil\u0103 &#8211; afec\u021biunea care poate reduce autonomia copiilor\",\"datePublished\":\"2015-06-25T07:24:37+00:00\",\"dateModified\":\"2016-01-18T20:54:12+00:00\",\"mainEntityOfPage\":{\"@id\":\"https:\\\/\\\/urbeamea.ro\\\/albaiulia\\\/artrita-idiopatica-juvenila-afectiunea-care-poate-reduce-autonomia-copiilor\\\/\"},\"wordCount\":677,\"commentCount\":0,\"image\":{\"@id\":\"https:\\\/\\\/urbeamea.ro\\\/albaiulia\\\/artrita-idiopatica-juvenila-afectiunea-care-poate-reduce-autonomia-copiilor\\\/#primaryimage\"},\"thumbnailUrl\":\"https:\\\/\\\/urbeamea.ro\\\/albaiulia\\\/wp-content\\\/uploads\\\/2015\\\/06\\\/02-Conceptual-D-human-man-anatom-60924071.jpg\",\"articleSection\":[\"Educa\u021bie\"],\"inLanguage\":\"ro-RO\",\"potentialAction\":[{\"@type\":\"CommentAction\",\"name\":\"Comment\",\"target\":[\"https:\\\/\\\/urbeamea.ro\\\/albaiulia\\\/artrita-idiopatica-juvenila-afectiunea-care-poate-reduce-autonomia-copiilor\\\/#respond\"]}]},{\"@type\":\"WebPage\",\"@id\":\"https:\\\/\\\/urbeamea.ro\\\/albaiulia\\\/artrita-idiopatica-juvenila-afectiunea-care-poate-reduce-autonomia-copiilor\\\/\",\"url\":\"https:\\\/\\\/urbeamea.ro\\\/albaiulia\\\/artrita-idiopatica-juvenila-afectiunea-care-poate-reduce-autonomia-copiilor\\\/\",\"name\":\"Artrita idiopatic\u0103 juvenil\u0103 - afec\u021biunea care poate reduce autonomia copiilor - Revista Urbea Mea - Revista de Alba\",\"isPartOf\":{\"@id\":\"https:\\\/\\\/urbeamea.ro\\\/albaiulia\\\/#website\"},\"primaryImageOfPage\":{\"@id\":\"https:\\\/\\\/urbeamea.ro\\\/albaiulia\\\/artrita-idiopatica-juvenila-afectiunea-care-poate-reduce-autonomia-copiilor\\\/#primaryimage\"},\"image\":{\"@id\":\"https:\\\/\\\/urbeamea.ro\\\/albaiulia\\\/artrita-idiopatica-juvenila-afectiunea-care-poate-reduce-autonomia-copiilor\\\/#primaryimage\"},\"thumbnailUrl\":\"https:\\\/\\\/urbeamea.ro\\\/albaiulia\\\/wp-content\\\/uploads\\\/2015\\\/06\\\/02-Conceptual-D-human-man-anatom-60924071.jpg\",\"datePublished\":\"2015-06-25T07:24:37+00:00\",\"dateModified\":\"2016-01-18T20:54:12+00:00\",\"author\":{\"@id\":\"https:\\\/\\\/urbeamea.ro\\\/albaiulia\\\/#\\\/schema\\\/person\\\/272ae98052f8ee8980f59848df070247\"},\"description\":\"\u00cen Rom\u00e2nia sunt \u00een prezent cca 2,000 de copii diagnostica\u021bi cu ARTRIT\u0102 IDIOPATIC\u0102 JUVENIL\u0102 (AIJ), o boal\u0103 autoimun\u0103, cronic\u0103, caracterizat\u0103 prin\",\"breadcrumb\":{\"@id\":\"https:\\\/\\\/urbeamea.ro\\\/albaiulia\\\/artrita-idiopatica-juvenila-afectiunea-care-poate-reduce-autonomia-copiilor\\\/#breadcrumb\"},\"inLanguage\":\"ro-RO\",\"potentialAction\":[{\"@type\":\"ReadAction\",\"target\":[\"https:\\\/\\\/urbeamea.ro\\\/albaiulia\\\/artrita-idiopatica-juvenila-afectiunea-care-poate-reduce-autonomia-copiilor\\\/\"]}]},{\"@type\":\"ImageObject\",\"inLanguage\":\"ro-RO\",\"@id\":\"https:\\\/\\\/urbeamea.ro\\\/albaiulia\\\/artrita-idiopatica-juvenila-afectiunea-care-poate-reduce-autonomia-copiilor\\\/#primaryimage\",\"url\":\"https:\\\/\\\/urbeamea.ro\\\/albaiulia\\\/wp-content\\\/uploads\\\/2015\\\/06\\\/02-Conceptual-D-human-man-anatom-60924071.jpg\",\"contentUrl\":\"https:\\\/\\\/urbeamea.ro\\\/albaiulia\\\/wp-content\\\/uploads\\\/2015\\\/06\\\/02-Conceptual-D-human-man-anatom-60924071.jpg\",\"width\":900,\"height\":675,\"caption\":\"Conceptual 3D human man anatomy or health design, joint or articular pain, ache injury isolated on white background, for medical, fitness, medicine, bone, care, hurt, osteoporosis, arthritis or body\"},{\"@type\":\"BreadcrumbList\",\"@id\":\"https:\\\/\\\/urbeamea.ro\\\/albaiulia\\\/artrita-idiopatica-juvenila-afectiunea-care-poate-reduce-autonomia-copiilor\\\/#breadcrumb\",\"itemListElement\":[{\"@type\":\"ListItem\",\"position\":1,\"name\":\"Prima pagin\u0103\",\"item\":\"https:\\\/\\\/urbeamea.ro\\\/albaiulia\\\/\"},{\"@type\":\"ListItem\",\"position\":2,\"name\":\"Artrita idiopatic\u0103 juvenil\u0103 &#8211; afec\u021biunea care poate reduce autonomia copiilor\"}]},{\"@type\":\"WebSite\",\"@id\":\"https:\\\/\\\/urbeamea.ro\\\/albaiulia\\\/#website\",\"url\":\"https:\\\/\\\/urbeamea.ro\\\/albaiulia\\\/\",\"name\":\"Revista Urbea Mea, Stiri urbane\",\"description\":\"Evenimente \u0219i \u0219tiri din Alba Iulia, Sebe\u0219, Aiud, Blaj\",\"potentialAction\":[{\"@type\":\"SearchAction\",\"target\":{\"@type\":\"EntryPoint\",\"urlTemplate\":\"https:\\\/\\\/urbeamea.ro\\\/albaiulia\\\/?s={search_term_string}\"},\"query-input\":{\"@type\":\"PropertyValueSpecification\",\"valueRequired\":true,\"valueName\":\"search_term_string\"}}],\"inLanguage\":\"ro-RO\"},{\"@type\":\"Person\",\"@id\":\"https:\\\/\\\/urbeamea.ro\\\/albaiulia\\\/#\\\/schema\\\/person\\\/272ae98052f8ee8980f59848df070247\",\"name\":\"Redac\u021bia UrbeaMea\",\"image\":{\"@type\":\"ImageObject\",\"inLanguage\":\"ro-RO\",\"@id\":\"https:\\\/\\\/secure.gravatar.com\\\/avatar\\\/9ce5a9435071fa1037e8468053ead8e513dbbff59009d3069aadb85506d85a27?s=96&d=mm&r=g\",\"url\":\"https:\\\/\\\/secure.gravatar.com\\\/avatar\\\/9ce5a9435071fa1037e8468053ead8e513dbbff59009d3069aadb85506d85a27?s=96&d=mm&r=g\",\"contentUrl\":\"https:\\\/\\\/secure.gravatar.com\\\/avatar\\\/9ce5a9435071fa1037e8468053ead8e513dbbff59009d3069aadb85506d85a27?s=96&d=mm&r=g\",\"caption\":\"Redac\u021bia UrbeaMea\"},\"description\":\"contact@urbeamea.ro\",\"sameAs\":[\"https:\\\/\\\/www.urbeamea.ro\"],\"url\":\"https:\\\/\\\/urbeamea.ro\\\/albaiulia\\\/author\\\/redactia-urbeamea\\\/\"}]}<\/script>\n<!-- \/ Yoast SEO plugin. -->","yoast_head_json":{"title":"Artrita idiopatic\u0103 juvenil\u0103 - afec\u021biunea care poate reduce autonomia copiilor - Revista Urbea Mea - Revista de Alba","description":"\u00cen Rom\u00e2nia sunt \u00een prezent cca 2,000 de copii diagnostica\u021bi cu ARTRIT\u0102 IDIOPATIC\u0102 JUVENIL\u0102 (AIJ), o boal\u0103 autoimun\u0103, cronic\u0103, caracterizat\u0103 prin","robots":{"index":"index","follow":"follow","max-snippet":"max-snippet:-1","max-image-preview":"max-image-preview:large","max-video-preview":"max-video-preview:-1"},"canonical":"https:\/\/urbeamea.ro\/albaiulia\/artrita-idiopatica-juvenila-afectiunea-care-poate-reduce-autonomia-copiilor\/","twitter_card":"summary_large_image","twitter_title":"Artrita idiopatic\u0103 juvenil\u0103 - afec\u021biunea care poate reduce autonomia copiilor - Revista Urbea Mea - Revista de Alba","twitter_description":"\u00cen Rom\u00e2nia sunt \u00een prezent cca 2,000 de copii diagnostica\u021bi cu ARTRIT\u0102 IDIOPATIC\u0102 JUVENIL\u0102 (AIJ), o boal\u0103 autoimun\u0103, cronic\u0103, caracterizat\u0103 prin","twitter_image":"https:\/\/urbeamea.ro\/albaiulia\/wp-content\/uploads\/2015\/06\/02-Conceptual-D-human-man-anatom-60924071.jpg","twitter_creator":"@urbeameaweb","twitter_site":"@urbeameaweb","schema":{"@context":"https:\/\/schema.org","@graph":[{"@type":"Article","@id":"https:\/\/urbeamea.ro\/albaiulia\/artrita-idiopatica-juvenila-afectiunea-care-poate-reduce-autonomia-copiilor\/#article","isPartOf":{"@id":"https:\/\/urbeamea.ro\/albaiulia\/artrita-idiopatica-juvenila-afectiunea-care-poate-reduce-autonomia-copiilor\/"},"author":{"name":"Redac\u021bia UrbeaMea","@id":"https:\/\/urbeamea.ro\/albaiulia\/#\/schema\/person\/272ae98052f8ee8980f59848df070247"},"headline":"Artrita idiopatic\u0103 juvenil\u0103 &#8211; afec\u021biunea care poate reduce autonomia copiilor","datePublished":"2015-06-25T07:24:37+00:00","dateModified":"2016-01-18T20:54:12+00:00","mainEntityOfPage":{"@id":"https:\/\/urbeamea.ro\/albaiulia\/artrita-idiopatica-juvenila-afectiunea-care-poate-reduce-autonomia-copiilor\/"},"wordCount":677,"commentCount":0,"image":{"@id":"https:\/\/urbeamea.ro\/albaiulia\/artrita-idiopatica-juvenila-afectiunea-care-poate-reduce-autonomia-copiilor\/#primaryimage"},"thumbnailUrl":"https:\/\/urbeamea.ro\/albaiulia\/wp-content\/uploads\/2015\/06\/02-Conceptual-D-human-man-anatom-60924071.jpg","articleSection":["Educa\u021bie"],"inLanguage":"ro-RO","potentialAction":[{"@type":"CommentAction","name":"Comment","target":["https:\/\/urbeamea.ro\/albaiulia\/artrita-idiopatica-juvenila-afectiunea-care-poate-reduce-autonomia-copiilor\/#respond"]}]},{"@type":"WebPage","@id":"https:\/\/urbeamea.ro\/albaiulia\/artrita-idiopatica-juvenila-afectiunea-care-poate-reduce-autonomia-copiilor\/","url":"https:\/\/urbeamea.ro\/albaiulia\/artrita-idiopatica-juvenila-afectiunea-care-poate-reduce-autonomia-copiilor\/","name":"Artrita idiopatic\u0103 juvenil\u0103 - afec\u021biunea care poate reduce autonomia copiilor - Revista Urbea Mea - Revista de Alba","isPartOf":{"@id":"https:\/\/urbeamea.ro\/albaiulia\/#website"},"primaryImageOfPage":{"@id":"https:\/\/urbeamea.ro\/albaiulia\/artrita-idiopatica-juvenila-afectiunea-care-poate-reduce-autonomia-copiilor\/#primaryimage"},"image":{"@id":"https:\/\/urbeamea.ro\/albaiulia\/artrita-idiopatica-juvenila-afectiunea-care-poate-reduce-autonomia-copiilor\/#primaryimage"},"thumbnailUrl":"https:\/\/urbeamea.ro\/albaiulia\/wp-content\/uploads\/2015\/06\/02-Conceptual-D-human-man-anatom-60924071.jpg","datePublished":"2015-06-25T07:24:37+00:00","dateModified":"2016-01-18T20:54:12+00:00","author":{"@id":"https:\/\/urbeamea.ro\/albaiulia\/#\/schema\/person\/272ae98052f8ee8980f59848df070247"},"description":"\u00cen Rom\u00e2nia sunt \u00een prezent cca 2,000 de copii diagnostica\u021bi cu ARTRIT\u0102 IDIOPATIC\u0102 JUVENIL\u0102 (AIJ), o boal\u0103 autoimun\u0103, cronic\u0103, caracterizat\u0103 prin","breadcrumb":{"@id":"https:\/\/urbeamea.ro\/albaiulia\/artrita-idiopatica-juvenila-afectiunea-care-poate-reduce-autonomia-copiilor\/#breadcrumb"},"inLanguage":"ro-RO","potentialAction":[{"@type":"ReadAction","target":["https:\/\/urbeamea.ro\/albaiulia\/artrita-idiopatica-juvenila-afectiunea-care-poate-reduce-autonomia-copiilor\/"]}]},{"@type":"ImageObject","inLanguage":"ro-RO","@id":"https:\/\/urbeamea.ro\/albaiulia\/artrita-idiopatica-juvenila-afectiunea-care-poate-reduce-autonomia-copiilor\/#primaryimage","url":"https:\/\/urbeamea.ro\/albaiulia\/wp-content\/uploads\/2015\/06\/02-Conceptual-D-human-man-anatom-60924071.jpg","contentUrl":"https:\/\/urbeamea.ro\/albaiulia\/wp-content\/uploads\/2015\/06\/02-Conceptual-D-human-man-anatom-60924071.jpg","width":900,"height":675,"caption":"Conceptual 3D human man anatomy or health design, joint or articular pain, ache injury isolated on white background, for medical, fitness, medicine, bone, care, hurt, osteoporosis, arthritis or body"},{"@type":"BreadcrumbList","@id":"https:\/\/urbeamea.ro\/albaiulia\/artrita-idiopatica-juvenila-afectiunea-care-poate-reduce-autonomia-copiilor\/#breadcrumb","itemListElement":[{"@type":"ListItem","position":1,"name":"Prima pagin\u0103","item":"https:\/\/urbeamea.ro\/albaiulia\/"},{"@type":"ListItem","position":2,"name":"Artrita idiopatic\u0103 juvenil\u0103 &#8211; afec\u021biunea care poate reduce autonomia copiilor"}]},{"@type":"WebSite","@id":"https:\/\/urbeamea.ro\/albaiulia\/#website","url":"https:\/\/urbeamea.ro\/albaiulia\/","name":"Revista Urbea Mea, Stiri urbane","description":"Evenimente \u0219i \u0219tiri din Alba Iulia, Sebe\u0219, Aiud, Blaj","potentialAction":[{"@type":"SearchAction","target":{"@type":"EntryPoint","urlTemplate":"https:\/\/urbeamea.ro\/albaiulia\/?s={search_term_string}"},"query-input":{"@type":"PropertyValueSpecification","valueRequired":true,"valueName":"search_term_string"}}],"inLanguage":"ro-RO"},{"@type":"Person","@id":"https:\/\/urbeamea.ro\/albaiulia\/#\/schema\/person\/272ae98052f8ee8980f59848df070247","name":"Redac\u021bia UrbeaMea","image":{"@type":"ImageObject","inLanguage":"ro-RO","@id":"https:\/\/secure.gravatar.com\/avatar\/9ce5a9435071fa1037e8468053ead8e513dbbff59009d3069aadb85506d85a27?s=96&d=mm&r=g","url":"https:\/\/secure.gravatar.com\/avatar\/9ce5a9435071fa1037e8468053ead8e513dbbff59009d3069aadb85506d85a27?s=96&d=mm&r=g","contentUrl":"https:\/\/secure.gravatar.com\/avatar\/9ce5a9435071fa1037e8468053ead8e513dbbff59009d3069aadb85506d85a27?s=96&d=mm&r=g","caption":"Redac\u021bia UrbeaMea"},"description":"contact@urbeamea.ro","sameAs":["https:\/\/www.urbeamea.ro"],"url":"https:\/\/urbeamea.ro\/albaiulia\/author\/redactia-urbeamea\/"}]}},"_links":{"self":[{"href":"https:\/\/urbeamea.ro\/albaiulia\/wp-json\/wp\/v2\/posts\/5678","targetHints":{"allow":["GET"]}}],"collection":[{"href":"https:\/\/urbeamea.ro\/albaiulia\/wp-json\/wp\/v2\/posts"}],"about":[{"href":"https:\/\/urbeamea.ro\/albaiulia\/wp-json\/wp\/v2\/types\/post"}],"author":[{"embeddable":true,"href":"https:\/\/urbeamea.ro\/albaiulia\/wp-json\/wp\/v2\/users\/16"}],"replies":[{"embeddable":true,"href":"https:\/\/urbeamea.ro\/albaiulia\/wp-json\/wp\/v2\/comments?post=5678"}],"version-history":[{"count":0,"href":"https:\/\/urbeamea.ro\/albaiulia\/wp-json\/wp\/v2\/posts\/5678\/revisions"}],"wp:featuredmedia":[{"embeddable":true,"href":"https:\/\/urbeamea.ro\/albaiulia\/wp-json\/wp\/v2\/media\/5679"}],"wp:attachment":[{"href":"https:\/\/urbeamea.ro\/albaiulia\/wp-json\/wp\/v2\/media?parent=5678"}],"wp:term":[{"taxonomy":"category","embeddable":true,"href":"https:\/\/urbeamea.ro\/albaiulia\/wp-json\/wp\/v2\/categories?post=5678"},{"taxonomy":"post_tag","embeddable":true,"href":"https:\/\/urbeamea.ro\/albaiulia\/wp-json\/wp\/v2\/tags?post=5678"}],"curies":[{"name":"wp","href":"https:\/\/api.w.org\/{rel}","templated":true}]}}