{"id":5681,"date":"2015-06-25T10:26:46","date_gmt":"2015-06-25T07:26:46","guid":{"rendered":"http:\/\/urbeamea.ro\/albaiulia\/?p=5681"},"modified":"2016-01-18T22:53:52","modified_gmt":"2016-01-18T20:53:52","slug":"in-perioada-29-06-10-07-se-modifica-programul-cabinetului-de-oftalmologie","status":"publish","type":"post","link":"https:\/\/urbeamea.ro\/albaiulia\/in-perioada-29-06-10-07-se-modifica-programul-cabinetului-de-oftalmologie\/","title":{"rendered":"\u00cen perioada 29.06 \u2013 10.07 se modific\u0103 programul cabinetului de oftalmologie"},"content":{"rendered":"<p><a href=\"http:\/\/urbeamea.ro\/albaiulia\/wp-content\/uploads\/2015\/05\/spitalAlba.jpg\"><img loading=\"lazy\" decoding=\"async\" class=\"alignleft size-medium wp-image-3713\" src=\"http:\/\/urbeamea.ro\/albaiulia\/wp-content\/uploads\/2015\/05\/spitalAlba-300x225.jpg\" alt=\"spitalAlba\" width=\"300\" height=\"225\" \/><\/a>Spitalul Jude\u021bean de Urgen\u021b\u0103 Alba Iulia anun\u021b\u0103 c\u0103 \u00een perioada 29.06.2015 \u2013 10.07.2015 se modific\u0103 programul cabinetului de oftalmologie din cadrul Ambulatoriului de specialitate al spitalului dup\u0103 cum urmeaz\u0103:<\/p>\n<p>\u00cen zilele de 29 iunie 2015, 30 iunie 2015, 1 iulie 2015, 2 iulie 2015, 09 iulie 2015 \u0219i 10 iulie 2015 suplimentat program de la ora 07,00 la ora 17,30.<\/p>\n<p>\u00cen zilele de 03.07.2015, 06.07.2015, 07.07.2015 \u0219i 08 iulie 2015 programul va fi de la ora 07,00 la ora 14,00.<\/p>\n","protected":false},"excerpt":{"rendered":"<p>Spitalul Jude\u021bean de Urgen\u021b\u0103 Alba Iulia anun\u021b\u0103 c\u0103 \u00een perioada 29.06.2015 \u2013 10.07.2015 se modific\u0103 programul cabinetului de oftalmologie din cadrul Ambulatoriului de specialitate al spitalului dup\u0103 cum urmeaz\u0103: \u00cen zilele de 29 iunie 2015, 30 iunie 2015, 1 iulie 2015, 2 iulie 2015, 09 iulie 2015 \u0219i 10 iulie 2015 suplimentat program de la &hellip;<\/p>\n","protected":false},"author":16,"featured_media":3713,"comment_status":"open","ping_status":"open","sticky":false,"template":"","format":"standard","meta":{"inline_featured_image":false,"footnotes":""},"categories":[2034,1],"tags":[],"class_list":["post-5681","post","type-post","status-publish","format-standard","has-post-thumbnail","hentry","category-social","category-stiri-urbane"],"yoast_head":"<!-- This site is optimized with the Yoast SEO plugin v27.4 - https:\/\/yoast.com\/product\/yoast-seo-wordpress\/ -->\n<title>\u00cen perioada 29.06 \u2013 10.07 se modific\u0103 programul cabinetului de oftalmologie - Revista Urbea Mea - Revista de Alba<\/title>\n<meta name=\"description\" content=\"Spitalul Jude\u021bean de Urgen\u021b\u0103 Alba Iulia anun\u021b\u0103 c\u0103 \u00een perioada 29.06.2015 \u2013 10.07.2015 se modific\u0103 programul cabinetului de oftalmologie din cadrul\" \/>\n<meta name=\"robots\" content=\"index, follow, max-snippet:-1, max-image-preview:large, max-video-preview:-1\" \/>\n<link rel=\"canonical\" href=\"https:\/\/urbeamea.ro\/albaiulia\/in-perioada-29-06-10-07-se-modifica-programul-cabinetului-de-oftalmologie\/\" \/>\n<meta name=\"twitter:card\" content=\"summary_large_image\" \/>\n<meta name=\"twitter:title\" content=\"\u00cen perioada 29.06 \u2013 10.07 se modific\u0103 programul cabinetului de oftalmologie - Revista Urbea Mea - Revista de Alba\" \/>\n<meta name=\"twitter:description\" content=\"Spitalul Jude\u021bean de Urgen\u021b\u0103 Alba Iulia anun\u021b\u0103 c\u0103 \u00een perioada 29.06.2015 \u2013 10.07.2015 se modific\u0103 programul cabinetului de oftalmologie din cadrul\" \/>\n<meta name=\"twitter:image\" content=\"https:\/\/urbeamea.ro\/albaiulia\/wp-content\/uploads\/2015\/05\/spitalAlba.jpg\" \/>\n<meta name=\"twitter:creator\" content=\"@urbeameaweb\" \/>\n<meta name=\"twitter:site\" content=\"@urbeameaweb\" \/>\n<script type=\"application\/ld+json\" class=\"yoast-schema-graph\">{\"@context\":\"https:\\\/\\\/schema.org\",\"@graph\":[{\"@type\":\"Article\",\"@id\":\"https:\\\/\\\/urbeamea.ro\\\/albaiulia\\\/in-perioada-29-06-10-07-se-modifica-programul-cabinetului-de-oftalmologie\\\/#article\",\"isPartOf\":{\"@id\":\"https:\\\/\\\/urbeamea.ro\\\/albaiulia\\\/in-perioada-29-06-10-07-se-modifica-programul-cabinetului-de-oftalmologie\\\/\"},\"author\":{\"name\":\"Redac\u021bia UrbeaMea\",\"@id\":\"https:\\\/\\\/urbeamea.ro\\\/albaiulia\\\/#\\\/schema\\\/person\\\/272ae98052f8ee8980f59848df070247\"},\"headline\":\"\u00cen perioada 29.06 \u2013 10.07 se modific\u0103 programul cabinetului de oftalmologie\",\"datePublished\":\"2015-06-25T07:26:46+00:00\",\"dateModified\":\"2016-01-18T20:53:52+00:00\",\"mainEntityOfPage\":{\"@id\":\"https:\\\/\\\/urbeamea.ro\\\/albaiulia\\\/in-perioada-29-06-10-07-se-modifica-programul-cabinetului-de-oftalmologie\\\/\"},\"wordCount\":65,\"commentCount\":0,\"image\":{\"@id\":\"https:\\\/\\\/urbeamea.ro\\\/albaiulia\\\/in-perioada-29-06-10-07-se-modifica-programul-cabinetului-de-oftalmologie\\\/#primaryimage\"},\"thumbnailUrl\":\"https:\\\/\\\/urbeamea.ro\\\/albaiulia\\\/wp-content\\\/uploads\\\/2015\\\/05\\\/spitalAlba.jpg\",\"articleSection\":[\"Social\",\"\u015etiri Urbane\"],\"inLanguage\":\"ro-RO\",\"potentialAction\":[{\"@type\":\"CommentAction\",\"name\":\"Comment\",\"target\":[\"https:\\\/\\\/urbeamea.ro\\\/albaiulia\\\/in-perioada-29-06-10-07-se-modifica-programul-cabinetului-de-oftalmologie\\\/#respond\"]}]},{\"@type\":\"WebPage\",\"@id\":\"https:\\\/\\\/urbeamea.ro\\\/albaiulia\\\/in-perioada-29-06-10-07-se-modifica-programul-cabinetului-de-oftalmologie\\\/\",\"url\":\"https:\\\/\\\/urbeamea.ro\\\/albaiulia\\\/in-perioada-29-06-10-07-se-modifica-programul-cabinetului-de-oftalmologie\\\/\",\"name\":\"\u00cen perioada 29.06 \u2013 10.07 se modific\u0103 programul cabinetului de oftalmologie - Revista Urbea Mea - Revista de Alba\",\"isPartOf\":{\"@id\":\"https:\\\/\\\/urbeamea.ro\\\/albaiulia\\\/#website\"},\"primaryImageOfPage\":{\"@id\":\"https:\\\/\\\/urbeamea.ro\\\/albaiulia\\\/in-perioada-29-06-10-07-se-modifica-programul-cabinetului-de-oftalmologie\\\/#primaryimage\"},\"image\":{\"@id\":\"https:\\\/\\\/urbeamea.ro\\\/albaiulia\\\/in-perioada-29-06-10-07-se-modifica-programul-cabinetului-de-oftalmologie\\\/#primaryimage\"},\"thumbnailUrl\":\"https:\\\/\\\/urbeamea.ro\\\/albaiulia\\\/wp-content\\\/uploads\\\/2015\\\/05\\\/spitalAlba.jpg\",\"datePublished\":\"2015-06-25T07:26:46+00:00\",\"dateModified\":\"2016-01-18T20:53:52+00:00\",\"author\":{\"@id\":\"https:\\\/\\\/urbeamea.ro\\\/albaiulia\\\/#\\\/schema\\\/person\\\/272ae98052f8ee8980f59848df070247\"},\"description\":\"Spitalul Jude\u021bean de Urgen\u021b\u0103 Alba Iulia anun\u021b\u0103 c\u0103 \u00een perioada 29.06.2015 \u2013 10.07.2015 se modific\u0103 programul cabinetului de oftalmologie din cadrul\",\"breadcrumb\":{\"@id\":\"https:\\\/\\\/urbeamea.ro\\\/albaiulia\\\/in-perioada-29-06-10-07-se-modifica-programul-cabinetului-de-oftalmologie\\\/#breadcrumb\"},\"inLanguage\":\"ro-RO\",\"potentialAction\":[{\"@type\":\"ReadAction\",\"target\":[\"https:\\\/\\\/urbeamea.ro\\\/albaiulia\\\/in-perioada-29-06-10-07-se-modifica-programul-cabinetului-de-oftalmologie\\\/\"]}]},{\"@type\":\"ImageObject\",\"inLanguage\":\"ro-RO\",\"@id\":\"https:\\\/\\\/urbeamea.ro\\\/albaiulia\\\/in-perioada-29-06-10-07-se-modifica-programul-cabinetului-de-oftalmologie\\\/#primaryimage\",\"url\":\"https:\\\/\\\/urbeamea.ro\\\/albaiulia\\\/wp-content\\\/uploads\\\/2015\\\/05\\\/spitalAlba.jpg\",\"contentUrl\":\"https:\\\/\\\/urbeamea.ro\\\/albaiulia\\\/wp-content\\\/uploads\\\/2015\\\/05\\\/spitalAlba.jpg\",\"width\":1280,\"height\":960},{\"@type\":\"BreadcrumbList\",\"@id\":\"https:\\\/\\\/urbeamea.ro\\\/albaiulia\\\/in-perioada-29-06-10-07-se-modifica-programul-cabinetului-de-oftalmologie\\\/#breadcrumb\",\"itemListElement\":[{\"@type\":\"ListItem\",\"position\":1,\"name\":\"Prima pagin\u0103\",\"item\":\"https:\\\/\\\/urbeamea.ro\\\/albaiulia\\\/\"},{\"@type\":\"ListItem\",\"position\":2,\"name\":\"\u00cen perioada 29.06 \u2013 10.07 se modific\u0103 programul cabinetului de oftalmologie\"}]},{\"@type\":\"WebSite\",\"@id\":\"https:\\\/\\\/urbeamea.ro\\\/albaiulia\\\/#website\",\"url\":\"https:\\\/\\\/urbeamea.ro\\\/albaiulia\\\/\",\"name\":\"Revista Urbea Mea, Stiri urbane\",\"description\":\"Evenimente \u0219i \u0219tiri din Alba Iulia, Sebe\u0219, Aiud, Blaj\",\"potentialAction\":[{\"@type\":\"SearchAction\",\"target\":{\"@type\":\"EntryPoint\",\"urlTemplate\":\"https:\\\/\\\/urbeamea.ro\\\/albaiulia\\\/?s={search_term_string}\"},\"query-input\":{\"@type\":\"PropertyValueSpecification\",\"valueRequired\":true,\"valueName\":\"search_term_string\"}}],\"inLanguage\":\"ro-RO\"},{\"@type\":\"Person\",\"@id\":\"https:\\\/\\\/urbeamea.ro\\\/albaiulia\\\/#\\\/schema\\\/person\\\/272ae98052f8ee8980f59848df070247\",\"name\":\"Redac\u021bia UrbeaMea\",\"image\":{\"@type\":\"ImageObject\",\"inLanguage\":\"ro-RO\",\"@id\":\"https:\\\/\\\/secure.gravatar.com\\\/avatar\\\/9ce5a9435071fa1037e8468053ead8e513dbbff59009d3069aadb85506d85a27?s=96&d=mm&r=g\",\"url\":\"https:\\\/\\\/secure.gravatar.com\\\/avatar\\\/9ce5a9435071fa1037e8468053ead8e513dbbff59009d3069aadb85506d85a27?s=96&d=mm&r=g\",\"contentUrl\":\"https:\\\/\\\/secure.gravatar.com\\\/avatar\\\/9ce5a9435071fa1037e8468053ead8e513dbbff59009d3069aadb85506d85a27?s=96&d=mm&r=g\",\"caption\":\"Redac\u021bia UrbeaMea\"},\"description\":\"contact@urbeamea.ro\",\"sameAs\":[\"https:\\\/\\\/www.urbeamea.ro\"],\"url\":\"https:\\\/\\\/urbeamea.ro\\\/albaiulia\\\/author\\\/redactia-urbeamea\\\/\"}]}<\/script>\n<!-- \/ Yoast SEO plugin. -->","yoast_head_json":{"title":"\u00cen perioada 29.06 \u2013 10.07 se modific\u0103 programul cabinetului de oftalmologie - Revista Urbea Mea - Revista de Alba","description":"Spitalul Jude\u021bean de Urgen\u021b\u0103 Alba Iulia anun\u021b\u0103 c\u0103 \u00een perioada 29.06.2015 \u2013 10.07.2015 se modific\u0103 programul cabinetului de oftalmologie din cadrul","robots":{"index":"index","follow":"follow","max-snippet":"max-snippet:-1","max-image-preview":"max-image-preview:large","max-video-preview":"max-video-preview:-1"},"canonical":"https:\/\/urbeamea.ro\/albaiulia\/in-perioada-29-06-10-07-se-modifica-programul-cabinetului-de-oftalmologie\/","twitter_card":"summary_large_image","twitter_title":"\u00cen perioada 29.06 \u2013 10.07 se modific\u0103 programul cabinetului de oftalmologie - Revista Urbea Mea - Revista de Alba","twitter_description":"Spitalul Jude\u021bean de Urgen\u021b\u0103 Alba Iulia anun\u021b\u0103 c\u0103 \u00een perioada 29.06.2015 \u2013 10.07.2015 se modific\u0103 programul cabinetului de oftalmologie din cadrul","twitter_image":"https:\/\/urbeamea.ro\/albaiulia\/wp-content\/uploads\/2015\/05\/spitalAlba.jpg","twitter_creator":"@urbeameaweb","twitter_site":"@urbeameaweb","schema":{"@context":"https:\/\/schema.org","@graph":[{"@type":"Article","@id":"https:\/\/urbeamea.ro\/albaiulia\/in-perioada-29-06-10-07-se-modifica-programul-cabinetului-de-oftalmologie\/#article","isPartOf":{"@id":"https:\/\/urbeamea.ro\/albaiulia\/in-perioada-29-06-10-07-se-modifica-programul-cabinetului-de-oftalmologie\/"},"author":{"name":"Redac\u021bia UrbeaMea","@id":"https:\/\/urbeamea.ro\/albaiulia\/#\/schema\/person\/272ae98052f8ee8980f59848df070247"},"headline":"\u00cen perioada 29.06 \u2013 10.07 se modific\u0103 programul cabinetului de oftalmologie","datePublished":"2015-06-25T07:26:46+00:00","dateModified":"2016-01-18T20:53:52+00:00","mainEntityOfPage":{"@id":"https:\/\/urbeamea.ro\/albaiulia\/in-perioada-29-06-10-07-se-modifica-programul-cabinetului-de-oftalmologie\/"},"wordCount":65,"commentCount":0,"image":{"@id":"https:\/\/urbeamea.ro\/albaiulia\/in-perioada-29-06-10-07-se-modifica-programul-cabinetului-de-oftalmologie\/#primaryimage"},"thumbnailUrl":"https:\/\/urbeamea.ro\/albaiulia\/wp-content\/uploads\/2015\/05\/spitalAlba.jpg","articleSection":["Social","\u015etiri Urbane"],"inLanguage":"ro-RO","potentialAction":[{"@type":"CommentAction","name":"Comment","target":["https:\/\/urbeamea.ro\/albaiulia\/in-perioada-29-06-10-07-se-modifica-programul-cabinetului-de-oftalmologie\/#respond"]}]},{"@type":"WebPage","@id":"https:\/\/urbeamea.ro\/albaiulia\/in-perioada-29-06-10-07-se-modifica-programul-cabinetului-de-oftalmologie\/","url":"https:\/\/urbeamea.ro\/albaiulia\/in-perioada-29-06-10-07-se-modifica-programul-cabinetului-de-oftalmologie\/","name":"\u00cen perioada 29.06 \u2013 10.07 se modific\u0103 programul cabinetului de oftalmologie - Revista Urbea Mea - Revista de Alba","isPartOf":{"@id":"https:\/\/urbeamea.ro\/albaiulia\/#website"},"primaryImageOfPage":{"@id":"https:\/\/urbeamea.ro\/albaiulia\/in-perioada-29-06-10-07-se-modifica-programul-cabinetului-de-oftalmologie\/#primaryimage"},"image":{"@id":"https:\/\/urbeamea.ro\/albaiulia\/in-perioada-29-06-10-07-se-modifica-programul-cabinetului-de-oftalmologie\/#primaryimage"},"thumbnailUrl":"https:\/\/urbeamea.ro\/albaiulia\/wp-content\/uploads\/2015\/05\/spitalAlba.jpg","datePublished":"2015-06-25T07:26:46+00:00","dateModified":"2016-01-18T20:53:52+00:00","author":{"@id":"https:\/\/urbeamea.ro\/albaiulia\/#\/schema\/person\/272ae98052f8ee8980f59848df070247"},"description":"Spitalul Jude\u021bean de Urgen\u021b\u0103 Alba Iulia anun\u021b\u0103 c\u0103 \u00een perioada 29.06.2015 \u2013 10.07.2015 se modific\u0103 programul cabinetului de oftalmologie din cadrul","breadcrumb":{"@id":"https:\/\/urbeamea.ro\/albaiulia\/in-perioada-29-06-10-07-se-modifica-programul-cabinetului-de-oftalmologie\/#breadcrumb"},"inLanguage":"ro-RO","potentialAction":[{"@type":"ReadAction","target":["https:\/\/urbeamea.ro\/albaiulia\/in-perioada-29-06-10-07-se-modifica-programul-cabinetului-de-oftalmologie\/"]}]},{"@type":"ImageObject","inLanguage":"ro-RO","@id":"https:\/\/urbeamea.ro\/albaiulia\/in-perioada-29-06-10-07-se-modifica-programul-cabinetului-de-oftalmologie\/#primaryimage","url":"https:\/\/urbeamea.ro\/albaiulia\/wp-content\/uploads\/2015\/05\/spitalAlba.jpg","contentUrl":"https:\/\/urbeamea.ro\/albaiulia\/wp-content\/uploads\/2015\/05\/spitalAlba.jpg","width":1280,"height":960},{"@type":"BreadcrumbList","@id":"https:\/\/urbeamea.ro\/albaiulia\/in-perioada-29-06-10-07-se-modifica-programul-cabinetului-de-oftalmologie\/#breadcrumb","itemListElement":[{"@type":"ListItem","position":1,"name":"Prima pagin\u0103","item":"https:\/\/urbeamea.ro\/albaiulia\/"},{"@type":"ListItem","position":2,"name":"\u00cen perioada 29.06 \u2013 10.07 se modific\u0103 programul cabinetului de oftalmologie"}]},{"@type":"WebSite","@id":"https:\/\/urbeamea.ro\/albaiulia\/#website","url":"https:\/\/urbeamea.ro\/albaiulia\/","name":"Revista Urbea Mea, Stiri urbane","description":"Evenimente \u0219i \u0219tiri din Alba Iulia, Sebe\u0219, Aiud, Blaj","potentialAction":[{"@type":"SearchAction","target":{"@type":"EntryPoint","urlTemplate":"https:\/\/urbeamea.ro\/albaiulia\/?s={search_term_string}"},"query-input":{"@type":"PropertyValueSpecification","valueRequired":true,"valueName":"search_term_string"}}],"inLanguage":"ro-RO"},{"@type":"Person","@id":"https:\/\/urbeamea.ro\/albaiulia\/#\/schema\/person\/272ae98052f8ee8980f59848df070247","name":"Redac\u021bia UrbeaMea","image":{"@type":"ImageObject","inLanguage":"ro-RO","@id":"https:\/\/secure.gravatar.com\/avatar\/9ce5a9435071fa1037e8468053ead8e513dbbff59009d3069aadb85506d85a27?s=96&d=mm&r=g","url":"https:\/\/secure.gravatar.com\/avatar\/9ce5a9435071fa1037e8468053ead8e513dbbff59009d3069aadb85506d85a27?s=96&d=mm&r=g","contentUrl":"https:\/\/secure.gravatar.com\/avatar\/9ce5a9435071fa1037e8468053ead8e513dbbff59009d3069aadb85506d85a27?s=96&d=mm&r=g","caption":"Redac\u021bia UrbeaMea"},"description":"contact@urbeamea.ro","sameAs":["https:\/\/www.urbeamea.ro"],"url":"https:\/\/urbeamea.ro\/albaiulia\/author\/redactia-urbeamea\/"}]}},"_links":{"self":[{"href":"https:\/\/urbeamea.ro\/albaiulia\/wp-json\/wp\/v2\/posts\/5681","targetHints":{"allow":["GET"]}}],"collection":[{"href":"https:\/\/urbeamea.ro\/albaiulia\/wp-json\/wp\/v2\/posts"}],"about":[{"href":"https:\/\/urbeamea.ro\/albaiulia\/wp-json\/wp\/v2\/types\/post"}],"author":[{"embeddable":true,"href":"https:\/\/urbeamea.ro\/albaiulia\/wp-json\/wp\/v2\/users\/16"}],"replies":[{"embeddable":true,"href":"https:\/\/urbeamea.ro\/albaiulia\/wp-json\/wp\/v2\/comments?post=5681"}],"version-history":[{"count":0,"href":"https:\/\/urbeamea.ro\/albaiulia\/wp-json\/wp\/v2\/posts\/5681\/revisions"}],"wp:featuredmedia":[{"embeddable":true,"href":"https:\/\/urbeamea.ro\/albaiulia\/wp-json\/wp\/v2\/media\/3713"}],"wp:attachment":[{"href":"https:\/\/urbeamea.ro\/albaiulia\/wp-json\/wp\/v2\/media?parent=5681"}],"wp:term":[{"taxonomy":"category","embeddable":true,"href":"https:\/\/urbeamea.ro\/albaiulia\/wp-json\/wp\/v2\/categories?post=5681"},{"taxonomy":"post_tag","embeddable":true,"href":"https:\/\/urbeamea.ro\/albaiulia\/wp-json\/wp\/v2\/tags?post=5681"}],"curies":[{"name":"wp","href":"https:\/\/api.w.org\/{rel}","templated":true}]}}