{"id":5696,"date":"2015-06-26T13:33:13","date_gmt":"2015-06-26T10:33:13","guid":{"rendered":"http:\/\/urbeamea.ro\/albaiulia\/?p=5696"},"modified":"2016-01-18T22:53:18","modified_gmt":"2016-01-18T20:53:18","slug":"inaltpreasfintitul-arhiepiscop-irineu-in-mijlocul-copiilor-de-la-centrul-educational-sfantul-nicolae-din-alba-iulia","status":"publish","type":"post","link":"https:\/\/urbeamea.ro\/albaiulia\/inaltpreasfintitul-arhiepiscop-irineu-in-mijlocul-copiilor-de-la-centrul-educational-sfantul-nicolae-din-alba-iulia\/","title":{"rendered":"\u00cenaltpreasfin\u0163itul Arhiepiscop Irineu \u00een mijlocul copiilor de la Centrul Educa\u0163ional \u201eSf\u00e2ntul Nicolae\u201d din Alba Iulia"},"content":{"rendered":"<p><a href=\"http:\/\/urbeamea.ro\/albaiulia\/wp-content\/uploads\/2015\/06\/tsam_0838.jpg\"><img loading=\"lazy\" decoding=\"async\" class=\"alignleft size-medium wp-image-5697\" src=\"http:\/\/urbeamea.ro\/albaiulia\/wp-content\/uploads\/2015\/06\/tsam_0838-300x225.jpg\" alt=\"tsam_0838\" width=\"300\" height=\"225\" srcset=\"https:\/\/urbeamea.ro\/albaiulia\/wp-content\/uploads\/2015\/06\/tsam_0838-300x225.jpg 300w, https:\/\/urbeamea.ro\/albaiulia\/wp-content\/uploads\/2015\/06\/tsam_0838-150x113.jpg 150w, https:\/\/urbeamea.ro\/albaiulia\/wp-content\/uploads\/2015\/06\/tsam_0838.jpg 600w\" sizes=\"auto, (max-width: 300px) 100vw, 300px\" \/><\/a>\u00cenaltpreasfin\u0163itul P\u0103rinte Arhiepiscop Irineu al Alba Iuliei s-a aflat, vineri, \u00een mijlocul copiilor ocroti\u0163i \u00een cadrul Centrului Educa\u0163ional \u201eSf\u00e2ntul Nicolae\u201d din Alba Iulia.<\/p>\n<p>Centrul este unul dintre cele 11 centre educa\u0163ionale care func\u0163ioneaz\u0103 \u00een Arhiepiscopia Ortodox\u0103 de Alba Iulia av\u00e2nd ca scop sprijinirea copiilor din familii s\u0103race \u015fi prevenirea abandonului \u015fcolar. La Alba Iulia centrul func\u0163ioneaz\u0103 sub coordonarea Asocia\u0163iei Filantropia Ortodox\u0103 \u015fi \u00een parteneriat cu Prim\u0103ria municipiului Alba Iulia, ambele asigur\u00e2nd finan\u0163area a\u015fez\u0103m\u00e2ntului social.<\/p>\n<p>\u00cen cadrul vizitei desf\u0103\u015furate la Centrul Educa\u0163ional \u201eSf\u00e2ntul Nicolae\u201d, \u00cenaltpreasfin\u0163itul P\u0103rinte Arhiepiscop Irineu a fost \u00eenso\u0163it de consilierul social misionar al Arhiepiscopiei Ortodoxe de Alba Iulia, p\u0103rintele Nicolae C\u0103lin Ignat.<\/p>\n<p>Ierarhul nostru a asistat la activit\u0103\u0163ile zilnice care se desf\u0103\u015foar\u0103 \u00een centru \u015fi le-a oferit copiilor cadouri \u015fi iconi\u0163e. \u00cen final, \u00cenaltpreasfin\u0163itul Irineu a apreciat munca depus\u0103 de angaja\u0163ii centrului \u015fi implicarea copiilor \u00een activit\u0103\u0163ile zilnice \u015fi le-a adresat acestora un cuv\u00e2nt de \u00eendemn duhovnicesc \u015fi sfaturi pentru a-\u015fi petrece \u00eentr-un mod frumos vacan\u0163a de var\u0103. Copiii i-au mul\u0163umit ierarhului printr-un mic program artistic interpret\u00e2nd c\u00e2ntece cu mesaj religios.<\/p>\n<p><em><a href=\"http:\/\/urbeamea.ro\/albaiulia\/wp-content\/uploads\/2015\/06\/t20150626_101153.jpg\"><img loading=\"lazy\" decoding=\"async\" class=\" size-medium wp-image-5698 alignright\" src=\"http:\/\/urbeamea.ro\/albaiulia\/wp-content\/uploads\/2015\/06\/t20150626_101153-300x169.jpg\" alt=\"t20150626_101153\" width=\"300\" height=\"169\" srcset=\"https:\/\/urbeamea.ro\/albaiulia\/wp-content\/uploads\/2015\/06\/t20150626_101153-300x169.jpg 300w, https:\/\/urbeamea.ro\/albaiulia\/wp-content\/uploads\/2015\/06\/t20150626_101153-150x84.jpg 150w, https:\/\/urbeamea.ro\/albaiulia\/wp-content\/uploads\/2015\/06\/t20150626_101153.jpg 600w\" sizes=\"auto, (max-width: 300px) 100vw, 300px\" \/><\/a>\u201e<\/em><strong>Noi venim la acest Centru de zi pentru copii ca, prin prezen\u0163a noastr\u0103 \u00eembietoare, s\u0103 le aducem o raz\u0103 de bucurie \u015fi s\u0103 le oferim daruri. <\/strong><\/p>\n<p><strong>\u00cens\u0103, de fiecare dat\u0103, \u00een fa\u0163a copiilor, ne amintim de cuvintele lui Hristos: \u201eDe nu ve\u0163i fi precum pruncii, nu ve\u0163i intra \u00een \u00cemp\u0103r\u0103\u0163ia cerurilor\u201d (Mt. 18, 3). <\/strong><\/p>\n<p><strong>Noi ne asem\u0103n\u0103m cu copiii atunci c\u00e2nd tr\u0103im \u00een cur\u0103\u0163enie sufleteasc\u0103 \u015fi r\u0103sp\u00e2ndim \u00eemprejurul nostru lumina sfin\u0163eniei. <\/strong><\/p>\n<p><strong>Metalul cur\u0103\u0163it de rugin\u0103 str\u0103luce\u015fte la soare \u015fi trimite \u00eemprejur raze \u015fi sc\u00e2nteieri. Tot a\u015fa, c\u00e2nd ne cur\u0103\u0163im de zgura poftelor rele, \u00een fiin\u0163a noastr\u0103 se oglinde\u015fte sfin\u0163enia \u015fi lumina Dumnezeirii<\/strong><em>\u201d<\/em> a spus \u00cenaltpreasfin\u0163itul P\u0103rinte Arhiepiscop Irineu al Alba Iuliei.<\/p>\n<p>Centrul Educa\u0163ional ,,Sf\u00e2ntul Nicolae\u201d din Alba Iulia a fost \u00eenfiin\u0163at \u00een cadrul proiectului \u201eRe\u0163ea interregional\u0103 de centre educa\u0163ionale\u201d, derulat de Asocia\u0163ia Filantropia Ortodox\u0103 Alba Iulia, proiect cofinan\u0163at din Fondul Social European prin Programul Opera\u0163ional Sectorial pentru Dezvoltarea Resurselor Umane 2007-2013.<\/p>\n<p>Centru func\u0163ioneaz\u0103 \u00een prezent, dup\u0103 \u00eencheierea proiectului, cu sprijinul Prim\u0103riei \u015fi Consiliului Local Alba Iulia.<\/p>\n<p>Centrul are ca scop prevenirea fenomenului de p\u0103r\u0103sire timpurie a \u015fcolii \u015fi men\u0163inerea \u00een sistemul de educa\u0163ie a unui num\u0103r de 25 de copii cu v\u00e2rste cuprinse \u00eentre 6 \u015fi 14 ani.<\/p>\n<p>Ace\u015ftia provin din familii s\u0103race sau se afl\u0103 \u00een risc de abandon \u015fcolar \u015fi beneficiaz\u0103 zilnic de o mas\u0103 cald\u0103 \u015fi o gustare rece, sprijin \u00een efectuarea temelor \u015fi medita\u0163iilor pentru sc\u0103derea riscului de e\u015fec \u015fcolar. De asemenea, copiii primesc rechizite \u015fi materiale didactice.<\/p>\n","protected":false},"excerpt":{"rendered":"<p>\u00cenaltpreasfin\u0163itul P\u0103rinte Arhiepiscop Irineu al Alba Iuliei s-a aflat, vineri, \u00een mijlocul copiilor ocroti\u0163i \u00een cadrul Centrului Educa\u0163ional \u201eSf\u00e2ntul Nicolae\u201d din Alba Iulia. Centrul este unul dintre cele 11 centre educa\u0163ionale care func\u0163ioneaz\u0103 \u00een Arhiepiscopia Ortodox\u0103 de Alba Iulia av\u00e2nd ca scop sprijinirea copiilor din familii s\u0103race \u015fi prevenirea abandonului \u015fcolar. La Alba Iulia centrul &hellip;<\/p>\n","protected":false},"author":16,"featured_media":5697,"comment_status":"open","ping_status":"open","sticky":false,"template":"","format":"standard","meta":{"inline_featured_image":false,"footnotes":""},"categories":[2034],"tags":[],"class_list":["post-5696","post","type-post","status-publish","format-standard","has-post-thumbnail","hentry","category-social"],"yoast_head":"<!-- This site is optimized with the Yoast SEO plugin v27.4 - https:\/\/yoast.com\/product\/yoast-seo-wordpress\/ -->\n<title>\u00cenaltpreasfin\u0163itul Arhiepiscop Irineu \u00een mijlocul copiilor de la Centrul Educa\u0163ional \u201eSf\u00e2ntul Nicolae\u201d din Alba Iulia - Revista Urbea Mea - Revista de Alba<\/title>\n<meta name=\"description\" content=\"\u00cenaltpreasfin\u0163itul P\u0103rinte Arhiepiscop Irineu al Alba Iuliei s-a aflat, vineri, \u00een mijlocul copiilor ocroti\u0163i \u00een cadrul Centrului Educa\u0163ional \u201eSf\u00e2ntul\" \/>\n<meta name=\"robots\" content=\"index, follow, max-snippet:-1, max-image-preview:large, max-video-preview:-1\" \/>\n<link rel=\"canonical\" href=\"https:\/\/urbeamea.ro\/albaiulia\/inaltpreasfintitul-arhiepiscop-irineu-in-mijlocul-copiilor-de-la-centrul-educational-sfantul-nicolae-din-alba-iulia\/\" \/>\n<meta name=\"twitter:card\" content=\"summary_large_image\" \/>\n<meta name=\"twitter:title\" content=\"\u00cenaltpreasfin\u0163itul Arhiepiscop Irineu \u00een mijlocul copiilor de la Centrul Educa\u0163ional \u201eSf\u00e2ntul Nicolae\u201d din Alba Iulia - Revista Urbea Mea - Revista de Alba\" \/>\n<meta name=\"twitter:description\" content=\"\u00cenaltpreasfin\u0163itul P\u0103rinte Arhiepiscop Irineu al Alba Iuliei s-a aflat, vineri, \u00een mijlocul copiilor ocroti\u0163i \u00een cadrul Centrului Educa\u0163ional \u201eSf\u00e2ntul\" \/>\n<meta name=\"twitter:image\" content=\"https:\/\/urbeamea.ro\/albaiulia\/wp-content\/uploads\/2015\/06\/tsam_0838.jpg\" \/>\n<meta name=\"twitter:creator\" content=\"@urbeameaweb\" \/>\n<meta name=\"twitter:site\" content=\"@urbeameaweb\" \/>\n<script type=\"application\/ld+json\" class=\"yoast-schema-graph\">{\"@context\":\"https:\\\/\\\/schema.org\",\"@graph\":[{\"@type\":\"Article\",\"@id\":\"https:\\\/\\\/urbeamea.ro\\\/albaiulia\\\/inaltpreasfintitul-arhiepiscop-irineu-in-mijlocul-copiilor-de-la-centrul-educational-sfantul-nicolae-din-alba-iulia\\\/#article\",\"isPartOf\":{\"@id\":\"https:\\\/\\\/urbeamea.ro\\\/albaiulia\\\/inaltpreasfintitul-arhiepiscop-irineu-in-mijlocul-copiilor-de-la-centrul-educational-sfantul-nicolae-din-alba-iulia\\\/\"},\"author\":{\"name\":\"Redac\u021bia UrbeaMea\",\"@id\":\"https:\\\/\\\/urbeamea.ro\\\/albaiulia\\\/#\\\/schema\\\/person\\\/272ae98052f8ee8980f59848df070247\"},\"headline\":\"\u00cenaltpreasfin\u0163itul Arhiepiscop Irineu \u00een mijlocul copiilor de la Centrul Educa\u0163ional \u201eSf\u00e2ntul Nicolae\u201d din Alba Iulia\",\"datePublished\":\"2015-06-26T10:33:13+00:00\",\"dateModified\":\"2016-01-18T20:53:18+00:00\",\"mainEntityOfPage\":{\"@id\":\"https:\\\/\\\/urbeamea.ro\\\/albaiulia\\\/inaltpreasfintitul-arhiepiscop-irineu-in-mijlocul-copiilor-de-la-centrul-educational-sfantul-nicolae-din-alba-iulia\\\/\"},\"wordCount\":511,\"commentCount\":0,\"image\":{\"@id\":\"https:\\\/\\\/urbeamea.ro\\\/albaiulia\\\/inaltpreasfintitul-arhiepiscop-irineu-in-mijlocul-copiilor-de-la-centrul-educational-sfantul-nicolae-din-alba-iulia\\\/#primaryimage\"},\"thumbnailUrl\":\"https:\\\/\\\/urbeamea.ro\\\/albaiulia\\\/wp-content\\\/uploads\\\/2015\\\/06\\\/tsam_0838.jpg\",\"articleSection\":[\"Social\"],\"inLanguage\":\"ro-RO\",\"potentialAction\":[{\"@type\":\"CommentAction\",\"name\":\"Comment\",\"target\":[\"https:\\\/\\\/urbeamea.ro\\\/albaiulia\\\/inaltpreasfintitul-arhiepiscop-irineu-in-mijlocul-copiilor-de-la-centrul-educational-sfantul-nicolae-din-alba-iulia\\\/#respond\"]}]},{\"@type\":\"WebPage\",\"@id\":\"https:\\\/\\\/urbeamea.ro\\\/albaiulia\\\/inaltpreasfintitul-arhiepiscop-irineu-in-mijlocul-copiilor-de-la-centrul-educational-sfantul-nicolae-din-alba-iulia\\\/\",\"url\":\"https:\\\/\\\/urbeamea.ro\\\/albaiulia\\\/inaltpreasfintitul-arhiepiscop-irineu-in-mijlocul-copiilor-de-la-centrul-educational-sfantul-nicolae-din-alba-iulia\\\/\",\"name\":\"\u00cenaltpreasfin\u0163itul Arhiepiscop Irineu \u00een mijlocul copiilor de la Centrul Educa\u0163ional \u201eSf\u00e2ntul Nicolae\u201d din Alba Iulia - Revista Urbea Mea - Revista de Alba\",\"isPartOf\":{\"@id\":\"https:\\\/\\\/urbeamea.ro\\\/albaiulia\\\/#website\"},\"primaryImageOfPage\":{\"@id\":\"https:\\\/\\\/urbeamea.ro\\\/albaiulia\\\/inaltpreasfintitul-arhiepiscop-irineu-in-mijlocul-copiilor-de-la-centrul-educational-sfantul-nicolae-din-alba-iulia\\\/#primaryimage\"},\"image\":{\"@id\":\"https:\\\/\\\/urbeamea.ro\\\/albaiulia\\\/inaltpreasfintitul-arhiepiscop-irineu-in-mijlocul-copiilor-de-la-centrul-educational-sfantul-nicolae-din-alba-iulia\\\/#primaryimage\"},\"thumbnailUrl\":\"https:\\\/\\\/urbeamea.ro\\\/albaiulia\\\/wp-content\\\/uploads\\\/2015\\\/06\\\/tsam_0838.jpg\",\"datePublished\":\"2015-06-26T10:33:13+00:00\",\"dateModified\":\"2016-01-18T20:53:18+00:00\",\"author\":{\"@id\":\"https:\\\/\\\/urbeamea.ro\\\/albaiulia\\\/#\\\/schema\\\/person\\\/272ae98052f8ee8980f59848df070247\"},\"description\":\"\u00cenaltpreasfin\u0163itul P\u0103rinte Arhiepiscop Irineu al Alba Iuliei s-a aflat, vineri, \u00een mijlocul copiilor ocroti\u0163i \u00een cadrul Centrului Educa\u0163ional \u201eSf\u00e2ntul\",\"breadcrumb\":{\"@id\":\"https:\\\/\\\/urbeamea.ro\\\/albaiulia\\\/inaltpreasfintitul-arhiepiscop-irineu-in-mijlocul-copiilor-de-la-centrul-educational-sfantul-nicolae-din-alba-iulia\\\/#breadcrumb\"},\"inLanguage\":\"ro-RO\",\"potentialAction\":[{\"@type\":\"ReadAction\",\"target\":[\"https:\\\/\\\/urbeamea.ro\\\/albaiulia\\\/inaltpreasfintitul-arhiepiscop-irineu-in-mijlocul-copiilor-de-la-centrul-educational-sfantul-nicolae-din-alba-iulia\\\/\"]}]},{\"@type\":\"ImageObject\",\"inLanguage\":\"ro-RO\",\"@id\":\"https:\\\/\\\/urbeamea.ro\\\/albaiulia\\\/inaltpreasfintitul-arhiepiscop-irineu-in-mijlocul-copiilor-de-la-centrul-educational-sfantul-nicolae-din-alba-iulia\\\/#primaryimage\",\"url\":\"https:\\\/\\\/urbeamea.ro\\\/albaiulia\\\/wp-content\\\/uploads\\\/2015\\\/06\\\/tsam_0838.jpg\",\"contentUrl\":\"https:\\\/\\\/urbeamea.ro\\\/albaiulia\\\/wp-content\\\/uploads\\\/2015\\\/06\\\/tsam_0838.jpg\",\"width\":600,\"height\":450},{\"@type\":\"BreadcrumbList\",\"@id\":\"https:\\\/\\\/urbeamea.ro\\\/albaiulia\\\/inaltpreasfintitul-arhiepiscop-irineu-in-mijlocul-copiilor-de-la-centrul-educational-sfantul-nicolae-din-alba-iulia\\\/#breadcrumb\",\"itemListElement\":[{\"@type\":\"ListItem\",\"position\":1,\"name\":\"Prima pagin\u0103\",\"item\":\"https:\\\/\\\/urbeamea.ro\\\/albaiulia\\\/\"},{\"@type\":\"ListItem\",\"position\":2,\"name\":\"\u00cenaltpreasfin\u0163itul Arhiepiscop Irineu \u00een mijlocul copiilor de la Centrul Educa\u0163ional \u201eSf\u00e2ntul Nicolae\u201d din Alba Iulia\"}]},{\"@type\":\"WebSite\",\"@id\":\"https:\\\/\\\/urbeamea.ro\\\/albaiulia\\\/#website\",\"url\":\"https:\\\/\\\/urbeamea.ro\\\/albaiulia\\\/\",\"name\":\"Revista Urbea Mea, Stiri urbane\",\"description\":\"Evenimente \u0219i \u0219tiri din Alba Iulia, Sebe\u0219, Aiud, Blaj\",\"potentialAction\":[{\"@type\":\"SearchAction\",\"target\":{\"@type\":\"EntryPoint\",\"urlTemplate\":\"https:\\\/\\\/urbeamea.ro\\\/albaiulia\\\/?s={search_term_string}\"},\"query-input\":{\"@type\":\"PropertyValueSpecification\",\"valueRequired\":true,\"valueName\":\"search_term_string\"}}],\"inLanguage\":\"ro-RO\"},{\"@type\":\"Person\",\"@id\":\"https:\\\/\\\/urbeamea.ro\\\/albaiulia\\\/#\\\/schema\\\/person\\\/272ae98052f8ee8980f59848df070247\",\"name\":\"Redac\u021bia UrbeaMea\",\"image\":{\"@type\":\"ImageObject\",\"inLanguage\":\"ro-RO\",\"@id\":\"https:\\\/\\\/secure.gravatar.com\\\/avatar\\\/9ce5a9435071fa1037e8468053ead8e513dbbff59009d3069aadb85506d85a27?s=96&d=mm&r=g\",\"url\":\"https:\\\/\\\/secure.gravatar.com\\\/avatar\\\/9ce5a9435071fa1037e8468053ead8e513dbbff59009d3069aadb85506d85a27?s=96&d=mm&r=g\",\"contentUrl\":\"https:\\\/\\\/secure.gravatar.com\\\/avatar\\\/9ce5a9435071fa1037e8468053ead8e513dbbff59009d3069aadb85506d85a27?s=96&d=mm&r=g\",\"caption\":\"Redac\u021bia UrbeaMea\"},\"description\":\"contact@urbeamea.ro\",\"sameAs\":[\"https:\\\/\\\/www.urbeamea.ro\"],\"url\":\"https:\\\/\\\/urbeamea.ro\\\/albaiulia\\\/author\\\/redactia-urbeamea\\\/\"}]}<\/script>\n<!-- \/ Yoast SEO plugin. -->","yoast_head_json":{"title":"\u00cenaltpreasfin\u0163itul Arhiepiscop Irineu \u00een mijlocul copiilor de la Centrul Educa\u0163ional \u201eSf\u00e2ntul Nicolae\u201d din Alba Iulia - Revista Urbea Mea - Revista de Alba","description":"\u00cenaltpreasfin\u0163itul P\u0103rinte Arhiepiscop Irineu al Alba Iuliei s-a aflat, vineri, \u00een mijlocul copiilor ocroti\u0163i \u00een cadrul Centrului Educa\u0163ional \u201eSf\u00e2ntul","robots":{"index":"index","follow":"follow","max-snippet":"max-snippet:-1","max-image-preview":"max-image-preview:large","max-video-preview":"max-video-preview:-1"},"canonical":"https:\/\/urbeamea.ro\/albaiulia\/inaltpreasfintitul-arhiepiscop-irineu-in-mijlocul-copiilor-de-la-centrul-educational-sfantul-nicolae-din-alba-iulia\/","twitter_card":"summary_large_image","twitter_title":"\u00cenaltpreasfin\u0163itul Arhiepiscop Irineu \u00een mijlocul copiilor de la Centrul Educa\u0163ional \u201eSf\u00e2ntul Nicolae\u201d din Alba Iulia - Revista Urbea Mea - Revista de Alba","twitter_description":"\u00cenaltpreasfin\u0163itul P\u0103rinte Arhiepiscop Irineu al Alba Iuliei s-a aflat, vineri, \u00een mijlocul copiilor ocroti\u0163i \u00een cadrul Centrului Educa\u0163ional \u201eSf\u00e2ntul","twitter_image":"https:\/\/urbeamea.ro\/albaiulia\/wp-content\/uploads\/2015\/06\/tsam_0838.jpg","twitter_creator":"@urbeameaweb","twitter_site":"@urbeameaweb","schema":{"@context":"https:\/\/schema.org","@graph":[{"@type":"Article","@id":"https:\/\/urbeamea.ro\/albaiulia\/inaltpreasfintitul-arhiepiscop-irineu-in-mijlocul-copiilor-de-la-centrul-educational-sfantul-nicolae-din-alba-iulia\/#article","isPartOf":{"@id":"https:\/\/urbeamea.ro\/albaiulia\/inaltpreasfintitul-arhiepiscop-irineu-in-mijlocul-copiilor-de-la-centrul-educational-sfantul-nicolae-din-alba-iulia\/"},"author":{"name":"Redac\u021bia UrbeaMea","@id":"https:\/\/urbeamea.ro\/albaiulia\/#\/schema\/person\/272ae98052f8ee8980f59848df070247"},"headline":"\u00cenaltpreasfin\u0163itul Arhiepiscop Irineu \u00een mijlocul copiilor de la Centrul Educa\u0163ional \u201eSf\u00e2ntul Nicolae\u201d din Alba Iulia","datePublished":"2015-06-26T10:33:13+00:00","dateModified":"2016-01-18T20:53:18+00:00","mainEntityOfPage":{"@id":"https:\/\/urbeamea.ro\/albaiulia\/inaltpreasfintitul-arhiepiscop-irineu-in-mijlocul-copiilor-de-la-centrul-educational-sfantul-nicolae-din-alba-iulia\/"},"wordCount":511,"commentCount":0,"image":{"@id":"https:\/\/urbeamea.ro\/albaiulia\/inaltpreasfintitul-arhiepiscop-irineu-in-mijlocul-copiilor-de-la-centrul-educational-sfantul-nicolae-din-alba-iulia\/#primaryimage"},"thumbnailUrl":"https:\/\/urbeamea.ro\/albaiulia\/wp-content\/uploads\/2015\/06\/tsam_0838.jpg","articleSection":["Social"],"inLanguage":"ro-RO","potentialAction":[{"@type":"CommentAction","name":"Comment","target":["https:\/\/urbeamea.ro\/albaiulia\/inaltpreasfintitul-arhiepiscop-irineu-in-mijlocul-copiilor-de-la-centrul-educational-sfantul-nicolae-din-alba-iulia\/#respond"]}]},{"@type":"WebPage","@id":"https:\/\/urbeamea.ro\/albaiulia\/inaltpreasfintitul-arhiepiscop-irineu-in-mijlocul-copiilor-de-la-centrul-educational-sfantul-nicolae-din-alba-iulia\/","url":"https:\/\/urbeamea.ro\/albaiulia\/inaltpreasfintitul-arhiepiscop-irineu-in-mijlocul-copiilor-de-la-centrul-educational-sfantul-nicolae-din-alba-iulia\/","name":"\u00cenaltpreasfin\u0163itul Arhiepiscop Irineu \u00een mijlocul copiilor de la Centrul Educa\u0163ional \u201eSf\u00e2ntul Nicolae\u201d din Alba Iulia - Revista Urbea Mea - Revista de Alba","isPartOf":{"@id":"https:\/\/urbeamea.ro\/albaiulia\/#website"},"primaryImageOfPage":{"@id":"https:\/\/urbeamea.ro\/albaiulia\/inaltpreasfintitul-arhiepiscop-irineu-in-mijlocul-copiilor-de-la-centrul-educational-sfantul-nicolae-din-alba-iulia\/#primaryimage"},"image":{"@id":"https:\/\/urbeamea.ro\/albaiulia\/inaltpreasfintitul-arhiepiscop-irineu-in-mijlocul-copiilor-de-la-centrul-educational-sfantul-nicolae-din-alba-iulia\/#primaryimage"},"thumbnailUrl":"https:\/\/urbeamea.ro\/albaiulia\/wp-content\/uploads\/2015\/06\/tsam_0838.jpg","datePublished":"2015-06-26T10:33:13+00:00","dateModified":"2016-01-18T20:53:18+00:00","author":{"@id":"https:\/\/urbeamea.ro\/albaiulia\/#\/schema\/person\/272ae98052f8ee8980f59848df070247"},"description":"\u00cenaltpreasfin\u0163itul P\u0103rinte Arhiepiscop Irineu al Alba Iuliei s-a aflat, vineri, \u00een mijlocul copiilor ocroti\u0163i \u00een cadrul Centrului Educa\u0163ional \u201eSf\u00e2ntul","breadcrumb":{"@id":"https:\/\/urbeamea.ro\/albaiulia\/inaltpreasfintitul-arhiepiscop-irineu-in-mijlocul-copiilor-de-la-centrul-educational-sfantul-nicolae-din-alba-iulia\/#breadcrumb"},"inLanguage":"ro-RO","potentialAction":[{"@type":"ReadAction","target":["https:\/\/urbeamea.ro\/albaiulia\/inaltpreasfintitul-arhiepiscop-irineu-in-mijlocul-copiilor-de-la-centrul-educational-sfantul-nicolae-din-alba-iulia\/"]}]},{"@type":"ImageObject","inLanguage":"ro-RO","@id":"https:\/\/urbeamea.ro\/albaiulia\/inaltpreasfintitul-arhiepiscop-irineu-in-mijlocul-copiilor-de-la-centrul-educational-sfantul-nicolae-din-alba-iulia\/#primaryimage","url":"https:\/\/urbeamea.ro\/albaiulia\/wp-content\/uploads\/2015\/06\/tsam_0838.jpg","contentUrl":"https:\/\/urbeamea.ro\/albaiulia\/wp-content\/uploads\/2015\/06\/tsam_0838.jpg","width":600,"height":450},{"@type":"BreadcrumbList","@id":"https:\/\/urbeamea.ro\/albaiulia\/inaltpreasfintitul-arhiepiscop-irineu-in-mijlocul-copiilor-de-la-centrul-educational-sfantul-nicolae-din-alba-iulia\/#breadcrumb","itemListElement":[{"@type":"ListItem","position":1,"name":"Prima pagin\u0103","item":"https:\/\/urbeamea.ro\/albaiulia\/"},{"@type":"ListItem","position":2,"name":"\u00cenaltpreasfin\u0163itul Arhiepiscop Irineu \u00een mijlocul copiilor de la Centrul Educa\u0163ional \u201eSf\u00e2ntul Nicolae\u201d din Alba Iulia"}]},{"@type":"WebSite","@id":"https:\/\/urbeamea.ro\/albaiulia\/#website","url":"https:\/\/urbeamea.ro\/albaiulia\/","name":"Revista Urbea Mea, Stiri urbane","description":"Evenimente \u0219i \u0219tiri din Alba Iulia, Sebe\u0219, Aiud, Blaj","potentialAction":[{"@type":"SearchAction","target":{"@type":"EntryPoint","urlTemplate":"https:\/\/urbeamea.ro\/albaiulia\/?s={search_term_string}"},"query-input":{"@type":"PropertyValueSpecification","valueRequired":true,"valueName":"search_term_string"}}],"inLanguage":"ro-RO"},{"@type":"Person","@id":"https:\/\/urbeamea.ro\/albaiulia\/#\/schema\/person\/272ae98052f8ee8980f59848df070247","name":"Redac\u021bia UrbeaMea","image":{"@type":"ImageObject","inLanguage":"ro-RO","@id":"https:\/\/secure.gravatar.com\/avatar\/9ce5a9435071fa1037e8468053ead8e513dbbff59009d3069aadb85506d85a27?s=96&d=mm&r=g","url":"https:\/\/secure.gravatar.com\/avatar\/9ce5a9435071fa1037e8468053ead8e513dbbff59009d3069aadb85506d85a27?s=96&d=mm&r=g","contentUrl":"https:\/\/secure.gravatar.com\/avatar\/9ce5a9435071fa1037e8468053ead8e513dbbff59009d3069aadb85506d85a27?s=96&d=mm&r=g","caption":"Redac\u021bia UrbeaMea"},"description":"contact@urbeamea.ro","sameAs":["https:\/\/www.urbeamea.ro"],"url":"https:\/\/urbeamea.ro\/albaiulia\/author\/redactia-urbeamea\/"}]}},"_links":{"self":[{"href":"https:\/\/urbeamea.ro\/albaiulia\/wp-json\/wp\/v2\/posts\/5696","targetHints":{"allow":["GET"]}}],"collection":[{"href":"https:\/\/urbeamea.ro\/albaiulia\/wp-json\/wp\/v2\/posts"}],"about":[{"href":"https:\/\/urbeamea.ro\/albaiulia\/wp-json\/wp\/v2\/types\/post"}],"author":[{"embeddable":true,"href":"https:\/\/urbeamea.ro\/albaiulia\/wp-json\/wp\/v2\/users\/16"}],"replies":[{"embeddable":true,"href":"https:\/\/urbeamea.ro\/albaiulia\/wp-json\/wp\/v2\/comments?post=5696"}],"version-history":[{"count":0,"href":"https:\/\/urbeamea.ro\/albaiulia\/wp-json\/wp\/v2\/posts\/5696\/revisions"}],"wp:featuredmedia":[{"embeddable":true,"href":"https:\/\/urbeamea.ro\/albaiulia\/wp-json\/wp\/v2\/media\/5697"}],"wp:attachment":[{"href":"https:\/\/urbeamea.ro\/albaiulia\/wp-json\/wp\/v2\/media?parent=5696"}],"wp:term":[{"taxonomy":"category","embeddable":true,"href":"https:\/\/urbeamea.ro\/albaiulia\/wp-json\/wp\/v2\/categories?post=5696"},{"taxonomy":"post_tag","embeddable":true,"href":"https:\/\/urbeamea.ro\/albaiulia\/wp-json\/wp\/v2\/tags?post=5696"}],"curies":[{"name":"wp","href":"https:\/\/api.w.org\/{rel}","templated":true}]}}