{"id":56961,"date":"2017-11-29T16:54:12","date_gmt":"2017-11-29T14:54:12","guid":{"rendered":"https:\/\/urbeamea.ro\/albaiulia\/?p=56961"},"modified":"2017-11-29T16:54:12","modified_gmt":"2017-11-29T14:54:12","slug":"foto-ipj-alba-10-politisti-avansati-in-grad-de-ziua-nationala-pentru-rezultate-deosebite","status":"publish","type":"post","link":"https:\/\/urbeamea.ro\/albaiulia\/foto-ipj-alba-10-politisti-avansati-in-grad-de-ziua-nationala-pentru-rezultate-deosebite\/","title":{"rendered":"FOTO IPJ Alba: 10 poli\u0163i\u015fti avansa\u0163i \u00een grad, de Ziua Na\u0163ional\u0103, pentru rezultate deosebite"},"content":{"rendered":"<p><strong>Cu ocazia Zilei Na\u0163ionale a Rom\u00e2niei, 10 poli\u0163i\u015fti din cadrul Inspectoratului de Poli\u0163ie Jude\u0163ean Alba au fost avansa\u0163i \u00een gradul profesional urm\u0103tor, \u00eenaintea \u00eendeplinirii stagiului minim.\u00a0 <\/strong><\/p>\n<p>\u00cen baza propunerilor formulate de Inspectoratul de Poli\u0163ie Jude\u0163ean Alba, pentru rezultatele profesionale deosebite ob\u0163inute \u00een anul 2017, prin ordinul Ministrului Afacerilor Interne au fost \u00eenainta\u0163i \u00een gradul de <strong>comisar de poli\u0163ie<\/strong>:<\/p>\n<p>\u2013 subcomisar de poli\u0163ie Sebastian Radu Andron, ofi\u0163er specialist \u00een cadrul Serviciului Arme, Explozivi Substan\u0163e Periculoase<\/p>\n<p>\u2013 subcomisar de poli\u0163ie Mihai Costan P\u0103curar, \u00eemputernicit \u015fef al Poli\u0163iei Municipiului Aiud<\/p>\n<p>\u2013 subcomisar de poli\u0163ie Adriana Georgeta Ciugudean, din cadrul Biroului Juridic.<\/p>\n<p>De asemenea, subinspector Maria Lumini\u0163a Balea, \u00eemputernicit\u0103 \u015fef\u0103 a Sec\u0163iei 9 de Poli\u0163ie Rural\u0103 C\u00eempeni \u015fi subinspector de poli\u0163ie Diana Maria T\u0103ma\u015f, din cadrul Serviciului Criminalistic, au fost \u00eenaintate \u00een gradul de <strong>inspector de poli\u0163ie<\/strong>.<\/p>\n<p>Prin Dispozi\u0163ia \u015fefului inspectoratului, pentru rezultatele profesionale deosebite ob\u0163inute \u00een anul 2017, au fost \u00eenainta\u0163i \u00een gradul profesional urm\u0103tor agent \u015fef adjunct de poli\u0163ie Mihai Bompa (Serviciul Cazier Judiciar Eviden\u0163\u0103 Operativ\u0103), agent \u015fef adjunct Daniel Nicolae Bora (\u015feful Postului de Poli\u0163ie Ciugud), agent \u015fef adjunct de poli\u0163ie Cosmin Romulus Furdui (Compartimentul de Investiga\u0163ii Criminale al Poli\u0163iei Ora\u015fului C\u00eempeni), agent \u015fef adjunct de poli\u0163ie Vasile Cristian Macarie (Serviciul Logistic) \u015fi agent principal de poli\u0163ie Sergiu Petru Vaida (Biroul de Investiga\u0163ii Criminale al Poli\u0163iei Municipiului Alba Iulia).<\/p>\n<p>Miercuri, la IPJ Alba, a fost o \u015fedin\u0163\u0103 festiv\u0103, prilejuit\u0103 de s\u0103rb\u0103torirea Zilei Na\u0163ionale. Conducerea inspectoratului le-a adresat felicit\u0103ri celor 10 poli\u0163i\u015fti, pentru rezultatele deosebite ob\u0163inute \u00een activitatea profesional\u0103 \u015fi le-a urat succes, \u00een continuare.<\/p>\n<div id='gallery-1' class='gallery galleryid-56961 gallery-columns-3 gallery-size-thumbnail'><figure class='gallery-item'>\n\t\t\t<div class='gallery-icon landscape'>\n\t\t\t\t<a href='https:\/\/urbeamea.ro\/albaiulia\/wp-content\/uploads\/2017\/11\/DSC_0138-2.jpg'><img decoding=\"async\" width=\"150\" height=\"100\" src=\"data:image\/png;base64,iVBORw0KGgoAAAANSUhEUgAAAYYAAADcAQMAAABOLJSDAAAAA1BMVEUAAACnej3aAAAAAXRSTlMAQObYZgAAACJJREFUaIHtwTEBAAAAwqD1T20ND6AAAAAAAAAAAAAA4N8AKvgAAUFIrrEAAAAASUVORK5CYII=\" class=\"attachment-thumbnail size-thumbnail lazy-img\" alt=\"\" srcset=\"https:\/\/urbeamea.ro\/albaiulia\/wp-content\/uploads\/2017\/11\/DSC_0138-2-150x100.jpg 150w, https:\/\/urbeamea.ro\/albaiulia\/wp-content\/uploads\/2017\/11\/DSC_0138-2-640x427.jpg 640w, https:\/\/urbeamea.ro\/albaiulia\/wp-content\/uploads\/2017\/11\/DSC_0138-2-768x512.jpg 768w, https:\/\/urbeamea.ro\/albaiulia\/wp-content\/uploads\/2017\/11\/DSC_0138-2.jpg 900w\" sizes=\"auto, (max-width: 150px) 100vw, 150px\" data-src=\"https:\/\/urbeamea.ro\/albaiulia\/wp-content\/uploads\/2017\/11\/DSC_0138-2-150x100.jpg\" loading=\"lazy\" \/><\/a>\n\t\t\t<\/div><\/figure><figure class='gallery-item'>\n\t\t\t<div class='gallery-icon landscape'>\n\t\t\t\t<a href='https:\/\/urbeamea.ro\/albaiulia\/wp-content\/uploads\/2017\/11\/DSC_0142-1.jpg'><img decoding=\"async\" width=\"150\" height=\"100\" src=\"data:image\/png;base64,iVBORw0KGgoAAAANSUhEUgAAAYYAAADcAQMAAABOLJSDAAAAA1BMVEUAAACnej3aAAAAAXRSTlMAQObYZgAAACJJREFUaIHtwTEBAAAAwqD1T20ND6AAAAAAAAAAAAAA4N8AKvgAAUFIrrEAAAAASUVORK5CYII=\" class=\"attachment-thumbnail size-thumbnail lazy-img\" alt=\"\" srcset=\"https:\/\/urbeamea.ro\/albaiulia\/wp-content\/uploads\/2017\/11\/DSC_0142-1-150x100.jpg 150w, https:\/\/urbeamea.ro\/albaiulia\/wp-content\/uploads\/2017\/11\/DSC_0142-1-640x427.jpg 640w, https:\/\/urbeamea.ro\/albaiulia\/wp-content\/uploads\/2017\/11\/DSC_0142-1-768x512.jpg 768w, https:\/\/urbeamea.ro\/albaiulia\/wp-content\/uploads\/2017\/11\/DSC_0142-1.jpg 900w\" sizes=\"auto, (max-width: 150px) 100vw, 150px\" data-src=\"https:\/\/urbeamea.ro\/albaiulia\/wp-content\/uploads\/2017\/11\/DSC_0142-1-150x100.jpg\" loading=\"lazy\" \/><\/a>\n\t\t\t<\/div><\/figure><figure class='gallery-item'>\n\t\t\t<div class='gallery-icon landscape'>\n\t\t\t\t<a href='https:\/\/urbeamea.ro\/albaiulia\/wp-content\/uploads\/2017\/11\/DSC_0145-1.jpg'><img decoding=\"async\" width=\"150\" height=\"100\" src=\"data:image\/png;base64,iVBORw0KGgoAAAANSUhEUgAAAYYAAADcAQMAAABOLJSDAAAAA1BMVEUAAACnej3aAAAAAXRSTlMAQObYZgAAACJJREFUaIHtwTEBAAAAwqD1T20ND6AAAAAAAAAAAAAA4N8AKvgAAUFIrrEAAAAASUVORK5CYII=\" class=\"attachment-thumbnail size-thumbnail lazy-img\" alt=\"\" srcset=\"https:\/\/urbeamea.ro\/albaiulia\/wp-content\/uploads\/2017\/11\/DSC_0145-1-150x100.jpg 150w, https:\/\/urbeamea.ro\/albaiulia\/wp-content\/uploads\/2017\/11\/DSC_0145-1-640x427.jpg 640w, https:\/\/urbeamea.ro\/albaiulia\/wp-content\/uploads\/2017\/11\/DSC_0145-1-768x512.jpg 768w, https:\/\/urbeamea.ro\/albaiulia\/wp-content\/uploads\/2017\/11\/DSC_0145-1.jpg 900w\" sizes=\"auto, (max-width: 150px) 100vw, 150px\" data-src=\"https:\/\/urbeamea.ro\/albaiulia\/wp-content\/uploads\/2017\/11\/DSC_0145-1-150x100.jpg\" loading=\"lazy\" \/><\/a>\n\t\t\t<\/div><\/figure><figure class='gallery-item'>\n\t\t\t<div class='gallery-icon landscape'>\n\t\t\t\t<a href='https:\/\/urbeamea.ro\/albaiulia\/wp-content\/uploads\/2017\/11\/DSC_0147-1.jpg'><img decoding=\"async\" width=\"150\" height=\"100\" src=\"data:image\/png;base64,iVBORw0KGgoAAAANSUhEUgAAAYYAAADcAQMAAABOLJSDAAAAA1BMVEUAAACnej3aAAAAAXRSTlMAQObYZgAAACJJREFUaIHtwTEBAAAAwqD1T20ND6AAAAAAAAAAAAAA4N8AKvgAAUFIrrEAAAAASUVORK5CYII=\" class=\"attachment-thumbnail size-thumbnail lazy-img\" alt=\"\" srcset=\"https:\/\/urbeamea.ro\/albaiulia\/wp-content\/uploads\/2017\/11\/DSC_0147-1-150x100.jpg 150w, https:\/\/urbeamea.ro\/albaiulia\/wp-content\/uploads\/2017\/11\/DSC_0147-1-640x427.jpg 640w, https:\/\/urbeamea.ro\/albaiulia\/wp-content\/uploads\/2017\/11\/DSC_0147-1-768x512.jpg 768w, https:\/\/urbeamea.ro\/albaiulia\/wp-content\/uploads\/2017\/11\/DSC_0147-1.jpg 900w\" sizes=\"auto, (max-width: 150px) 100vw, 150px\" data-src=\"https:\/\/urbeamea.ro\/albaiulia\/wp-content\/uploads\/2017\/11\/DSC_0147-1-150x100.jpg\" loading=\"lazy\" \/><\/a>\n\t\t\t<\/div><\/figure><figure class='gallery-item'>\n\t\t\t<div class='gallery-icon landscape'>\n\t\t\t\t<a href='https:\/\/urbeamea.ro\/albaiulia\/wp-content\/uploads\/2017\/11\/DSC_0150-1.jpg'><img decoding=\"async\" width=\"150\" height=\"100\" src=\"data:image\/png;base64,iVBORw0KGgoAAAANSUhEUgAAAYYAAADcAQMAAABOLJSDAAAAA1BMVEUAAACnej3aAAAAAXRSTlMAQObYZgAAACJJREFUaIHtwTEBAAAAwqD1T20ND6AAAAAAAAAAAAAA4N8AKvgAAUFIrrEAAAAASUVORK5CYII=\" class=\"attachment-thumbnail size-thumbnail lazy-img\" alt=\"\" srcset=\"https:\/\/urbeamea.ro\/albaiulia\/wp-content\/uploads\/2017\/11\/DSC_0150-1-150x100.jpg 150w, https:\/\/urbeamea.ro\/albaiulia\/wp-content\/uploads\/2017\/11\/DSC_0150-1-640x427.jpg 640w, https:\/\/urbeamea.ro\/albaiulia\/wp-content\/uploads\/2017\/11\/DSC_0150-1-768x512.jpg 768w, https:\/\/urbeamea.ro\/albaiulia\/wp-content\/uploads\/2017\/11\/DSC_0150-1.jpg 900w\" sizes=\"auto, (max-width: 150px) 100vw, 150px\" data-src=\"https:\/\/urbeamea.ro\/albaiulia\/wp-content\/uploads\/2017\/11\/DSC_0150-1-150x100.jpg\" loading=\"lazy\" \/><\/a>\n\t\t\t<\/div><\/figure><figure class='gallery-item'>\n\t\t\t<div class='gallery-icon landscape'>\n\t\t\t\t<a href='https:\/\/urbeamea.ro\/albaiulia\/wp-content\/uploads\/2017\/11\/DSC_0153-2.jpg'><img decoding=\"async\" width=\"150\" height=\"100\" src=\"data:image\/png;base64,iVBORw0KGgoAAAANSUhEUgAAAYYAAADcAQMAAABOLJSDAAAAA1BMVEUAAACnej3aAAAAAXRSTlMAQObYZgAAACJJREFUaIHtwTEBAAAAwqD1T20ND6AAAAAAAAAAAAAA4N8AKvgAAUFIrrEAAAAASUVORK5CYII=\" class=\"attachment-thumbnail size-thumbnail lazy-img\" alt=\"\" srcset=\"https:\/\/urbeamea.ro\/albaiulia\/wp-content\/uploads\/2017\/11\/DSC_0153-2-150x100.jpg 150w, https:\/\/urbeamea.ro\/albaiulia\/wp-content\/uploads\/2017\/11\/DSC_0153-2-640x427.jpg 640w, https:\/\/urbeamea.ro\/albaiulia\/wp-content\/uploads\/2017\/11\/DSC_0153-2-768x512.jpg 768w, https:\/\/urbeamea.ro\/albaiulia\/wp-content\/uploads\/2017\/11\/DSC_0153-2.jpg 900w\" sizes=\"auto, (max-width: 150px) 100vw, 150px\" data-src=\"https:\/\/urbeamea.ro\/albaiulia\/wp-content\/uploads\/2017\/11\/DSC_0153-2-150x100.jpg\" loading=\"lazy\" \/><\/a>\n\t\t\t<\/div><\/figure><figure class='gallery-item'>\n\t\t\t<div class='gallery-icon landscape'>\n\t\t\t\t<a href='https:\/\/urbeamea.ro\/albaiulia\/wp-content\/uploads\/2017\/11\/DSC_0154-2.jpg'><img decoding=\"async\" width=\"150\" height=\"100\" src=\"data:image\/png;base64,iVBORw0KGgoAAAANSUhEUgAAAYYAAADcAQMAAABOLJSDAAAAA1BMVEUAAACnej3aAAAAAXRSTlMAQObYZgAAACJJREFUaIHtwTEBAAAAwqD1T20ND6AAAAAAAAAAAAAA4N8AKvgAAUFIrrEAAAAASUVORK5CYII=\" class=\"attachment-thumbnail size-thumbnail lazy-img\" alt=\"\" srcset=\"https:\/\/urbeamea.ro\/albaiulia\/wp-content\/uploads\/2017\/11\/DSC_0154-2-150x100.jpg 150w, https:\/\/urbeamea.ro\/albaiulia\/wp-content\/uploads\/2017\/11\/DSC_0154-2-640x427.jpg 640w, https:\/\/urbeamea.ro\/albaiulia\/wp-content\/uploads\/2017\/11\/DSC_0154-2-768x512.jpg 768w, https:\/\/urbeamea.ro\/albaiulia\/wp-content\/uploads\/2017\/11\/DSC_0154-2.jpg 900w\" sizes=\"auto, (max-width: 150px) 100vw, 150px\" data-src=\"https:\/\/urbeamea.ro\/albaiulia\/wp-content\/uploads\/2017\/11\/DSC_0154-2-150x100.jpg\" loading=\"lazy\" \/><\/a>\n\t\t\t<\/div><\/figure><figure class='gallery-item'>\n\t\t\t<div class='gallery-icon landscape'>\n\t\t\t\t<a href='https:\/\/urbeamea.ro\/albaiulia\/wp-content\/uploads\/2017\/11\/DSC_0156-2.jpg'><img decoding=\"async\" width=\"150\" height=\"100\" src=\"data:image\/png;base64,iVBORw0KGgoAAAANSUhEUgAAAYYAAADcAQMAAABOLJSDAAAAA1BMVEUAAACnej3aAAAAAXRSTlMAQObYZgAAACJJREFUaIHtwTEBAAAAwqD1T20ND6AAAAAAAAAAAAAA4N8AKvgAAUFIrrEAAAAASUVORK5CYII=\" class=\"attachment-thumbnail size-thumbnail lazy-img\" alt=\"\" srcset=\"https:\/\/urbeamea.ro\/albaiulia\/wp-content\/uploads\/2017\/11\/DSC_0156-2-150x100.jpg 150w, https:\/\/urbeamea.ro\/albaiulia\/wp-content\/uploads\/2017\/11\/DSC_0156-2-640x427.jpg 640w, https:\/\/urbeamea.ro\/albaiulia\/wp-content\/uploads\/2017\/11\/DSC_0156-2-768x512.jpg 768w, https:\/\/urbeamea.ro\/albaiulia\/wp-content\/uploads\/2017\/11\/DSC_0156-2.jpg 900w\" sizes=\"auto, (max-width: 150px) 100vw, 150px\" data-src=\"https:\/\/urbeamea.ro\/albaiulia\/wp-content\/uploads\/2017\/11\/DSC_0156-2-150x100.jpg\" loading=\"lazy\" \/><\/a>\n\t\t\t<\/div><\/figure><figure class='gallery-item'>\n\t\t\t<div class='gallery-icon landscape'>\n\t\t\t\t<a href='https:\/\/urbeamea.ro\/albaiulia\/wp-content\/uploads\/2017\/11\/DSC_0158-2.jpg'><img decoding=\"async\" width=\"150\" height=\"100\" src=\"data:image\/png;base64,iVBORw0KGgoAAAANSUhEUgAAAYYAAADcAQMAAABOLJSDAAAAA1BMVEUAAACnej3aAAAAAXRSTlMAQObYZgAAACJJREFUaIHtwTEBAAAAwqD1T20ND6AAAAAAAAAAAAAA4N8AKvgAAUFIrrEAAAAASUVORK5CYII=\" class=\"attachment-thumbnail size-thumbnail lazy-img\" alt=\"\" srcset=\"https:\/\/urbeamea.ro\/albaiulia\/wp-content\/uploads\/2017\/11\/DSC_0158-2-150x100.jpg 150w, https:\/\/urbeamea.ro\/albaiulia\/wp-content\/uploads\/2017\/11\/DSC_0158-2-640x427.jpg 640w, https:\/\/urbeamea.ro\/albaiulia\/wp-content\/uploads\/2017\/11\/DSC_0158-2-768x512.jpg 768w, https:\/\/urbeamea.ro\/albaiulia\/wp-content\/uploads\/2017\/11\/DSC_0158-2.jpg 900w\" sizes=\"auto, (max-width: 150px) 100vw, 150px\" data-src=\"https:\/\/urbeamea.ro\/albaiulia\/wp-content\/uploads\/2017\/11\/DSC_0158-2-150x100.jpg\" loading=\"lazy\" \/><\/a>\n\t\t\t<\/div><\/figure><figure class='gallery-item'>\n\t\t\t<div class='gallery-icon landscape'>\n\t\t\t\t<a href='https:\/\/urbeamea.ro\/albaiulia\/wp-content\/uploads\/2017\/11\/DSC_0160-1.jpg'><img decoding=\"async\" width=\"150\" height=\"100\" src=\"data:image\/png;base64,iVBORw0KGgoAAAANSUhEUgAAAYYAAADcAQMAAABOLJSDAAAAA1BMVEUAAACnej3aAAAAAXRSTlMAQObYZgAAACJJREFUaIHtwTEBAAAAwqD1T20ND6AAAAAAAAAAAAAA4N8AKvgAAUFIrrEAAAAASUVORK5CYII=\" class=\"attachment-thumbnail size-thumbnail lazy-img\" alt=\"\" srcset=\"https:\/\/urbeamea.ro\/albaiulia\/wp-content\/uploads\/2017\/11\/DSC_0160-1-150x100.jpg 150w, https:\/\/urbeamea.ro\/albaiulia\/wp-content\/uploads\/2017\/11\/DSC_0160-1-640x427.jpg 640w, https:\/\/urbeamea.ro\/albaiulia\/wp-content\/uploads\/2017\/11\/DSC_0160-1-768x512.jpg 768w, https:\/\/urbeamea.ro\/albaiulia\/wp-content\/uploads\/2017\/11\/DSC_0160-1.jpg 900w\" sizes=\"auto, (max-width: 150px) 100vw, 150px\" data-src=\"https:\/\/urbeamea.ro\/albaiulia\/wp-content\/uploads\/2017\/11\/DSC_0160-1-150x100.jpg\" loading=\"lazy\" \/><\/a>\n\t\t\t<\/div><\/figure><figure class='gallery-item'>\n\t\t\t<div class='gallery-icon landscape'>\n\t\t\t\t<a href='https:\/\/urbeamea.ro\/albaiulia\/wp-content\/uploads\/2017\/11\/DSC_0164-2.jpg'><img decoding=\"async\" width=\"150\" height=\"100\" src=\"data:image\/png;base64,iVBORw0KGgoAAAANSUhEUgAAAYYAAADcAQMAAABOLJSDAAAAA1BMVEUAAACnej3aAAAAAXRSTlMAQObYZgAAACJJREFUaIHtwTEBAAAAwqD1T20ND6AAAAAAAAAAAAAA4N8AKvgAAUFIrrEAAAAASUVORK5CYII=\" class=\"attachment-thumbnail size-thumbnail lazy-img\" alt=\"\" srcset=\"https:\/\/urbeamea.ro\/albaiulia\/wp-content\/uploads\/2017\/11\/DSC_0164-2-150x100.jpg 150w, https:\/\/urbeamea.ro\/albaiulia\/wp-content\/uploads\/2017\/11\/DSC_0164-2-640x427.jpg 640w, https:\/\/urbeamea.ro\/albaiulia\/wp-content\/uploads\/2017\/11\/DSC_0164-2-768x512.jpg 768w, https:\/\/urbeamea.ro\/albaiulia\/wp-content\/uploads\/2017\/11\/DSC_0164-2.jpg 900w\" sizes=\"auto, (max-width: 150px) 100vw, 150px\" data-src=\"https:\/\/urbeamea.ro\/albaiulia\/wp-content\/uploads\/2017\/11\/DSC_0164-2-150x100.jpg\" loading=\"lazy\" \/><\/a>\n\t\t\t<\/div><\/figure>\n\t\t<\/div>\n\n","protected":false},"excerpt":{"rendered":"<p>Cu ocazia Zilei Na\u0163ionale a Rom\u00e2niei, 10 poli\u0163i\u015fti din cadrul Inspectoratului de Poli\u0163ie Jude\u0163ean Alba au fost avansa\u0163i \u00een gradul profesional urm\u0103tor, \u00eenaintea \u00eendeplinirii stagiului minim.\u00a0 \u00cen baza propunerilor formulate de Inspectoratul de Poli\u0163ie Jude\u0163ean Alba, pentru rezultatele profesionale deosebite ob\u0163inute \u00een anul 2017, prin ordinul Ministrului Afacerilor Interne au fost \u00eenainta\u0163i \u00een gradul de &hellip;<\/p>\n","protected":false},"author":17,"featured_media":56972,"comment_status":"open","ping_status":"open","sticky":false,"template":"","format":"standard","meta":{"inline_featured_image":false,"footnotes":""},"categories":[2034],"tags":[314,457,458,13013,308,76],"class_list":["post-56961","post","type-post","status-publish","format-standard","has-post-thumbnail","hentry","category-social","tag-avansari-in-grad","tag-ipj-alba","tag-politisti","tag-rezultate-deosebite","tag-stiri","tag-urbea-mea"],"yoast_head":"<!-- This site is optimized with the Yoast SEO plugin v28.3 - https:\/\/yoast.com\/product\/yoast-seo-wordpress\/ -->\n<title>FOTO IPJ Alba: 10 poli\u0163i\u015fti avansa\u0163i \u00een grad, de Ziua Na\u0163ional\u0103, pentru rezultate deosebite - Revista Urbea Mea - Revista de Alba<\/title>\n<meta name=\"description\" content=\"Cu ocazia Zilei Na\u0163ionale a Rom\u00e2niei, 10 poli\u0163i\u015fti din cadrul Inspectoratului de Poli\u0163ie Jude\u0163ean Alba au fost avansa\u0163i \u00een gradul profesional urm\u0103tor,\" \/>\n<meta name=\"robots\" content=\"index, follow, max-snippet:-1, max-image-preview:large, max-video-preview:-1\" \/>\n<link rel=\"canonical\" href=\"https:\/\/urbeamea.ro\/albaiulia\/foto-ipj-alba-10-politisti-avansati-in-grad-de-ziua-nationala-pentru-rezultate-deosebite\/\" \/>\n<meta name=\"twitter:card\" content=\"summary_large_image\" \/>\n<meta name=\"twitter:title\" content=\"FOTO IPJ Alba: 10 poli\u0163i\u015fti avansa\u0163i \u00een grad, de Ziua Na\u0163ional\u0103, pentru rezultate deosebite - Revista Urbea Mea - Revista de Alba\" \/>\n<meta name=\"twitter:description\" content=\"Cu ocazia Zilei Na\u0163ionale a Rom\u00e2niei, 10 poli\u0163i\u015fti din cadrul Inspectoratului de Poli\u0163ie Jude\u0163ean Alba au fost avansa\u0163i \u00een gradul profesional urm\u0103tor,\" \/>\n<meta name=\"twitter:image\" content=\"https:\/\/urbeamea.ro\/albaiulia\/wp-content\/uploads\/2017\/11\/DSC_0164-2.jpg\" \/>\n<meta name=\"twitter:creator\" content=\"@urbeameaweb\" \/>\n<meta name=\"twitter:site\" content=\"@urbeameaweb\" \/>\n<script type=\"application\/ld+json\" class=\"yoast-schema-graph\">{\"@context\":\"https:\\\/\\\/schema.org\",\"@graph\":[{\"@type\":\"Article\",\"@id\":\"https:\\\/\\\/urbeamea.ro\\\/albaiulia\\\/foto-ipj-alba-10-politisti-avansati-in-grad-de-ziua-nationala-pentru-rezultate-deosebite\\\/#article\",\"isPartOf\":{\"@id\":\"https:\\\/\\\/urbeamea.ro\\\/albaiulia\\\/foto-ipj-alba-10-politisti-avansati-in-grad-de-ziua-nationala-pentru-rezultate-deosebite\\\/\"},\"author\":{\"name\":\"Cristina Ganga\",\"@id\":\"https:\\\/\\\/urbeamea.ro\\\/albaiulia\\\/#\\\/schema\\\/person\\\/9700d21fae21c4f038b0b56f4506264a\"},\"headline\":\"FOTO IPJ Alba: 10 poli\u0163i\u015fti avansa\u0163i \u00een grad, de Ziua Na\u0163ional\u0103, pentru rezultate deosebite\",\"datePublished\":\"2017-11-29T14:54:12+00:00\",\"mainEntityOfPage\":{\"@id\":\"https:\\\/\\\/urbeamea.ro\\\/albaiulia\\\/foto-ipj-alba-10-politisti-avansati-in-grad-de-ziua-nationala-pentru-rezultate-deosebite\\\/\"},\"wordCount\":315,\"commentCount\":0,\"image\":{\"@id\":\"https:\\\/\\\/urbeamea.ro\\\/albaiulia\\\/foto-ipj-alba-10-politisti-avansati-in-grad-de-ziua-nationala-pentru-rezultate-deosebite\\\/#primaryimage\"},\"thumbnailUrl\":\"https:\\\/\\\/urbeamea.ro\\\/albaiulia\\\/wp-content\\\/uploads\\\/2017\\\/11\\\/DSC_0164-2.jpg\",\"keywords\":[\"avansari in grad\",\"IPJ Alba\",\"politisti\",\"rezultate deosebite\",\"stiri\",\"Urbea Mea\"],\"articleSection\":[\"Social\"],\"inLanguage\":\"ro-RO\",\"potentialAction\":[{\"@type\":\"CommentAction\",\"name\":\"Comment\",\"target\":[\"https:\\\/\\\/urbeamea.ro\\\/albaiulia\\\/foto-ipj-alba-10-politisti-avansati-in-grad-de-ziua-nationala-pentru-rezultate-deosebite\\\/#respond\"]}]},{\"@type\":\"WebPage\",\"@id\":\"https:\\\/\\\/urbeamea.ro\\\/albaiulia\\\/foto-ipj-alba-10-politisti-avansati-in-grad-de-ziua-nationala-pentru-rezultate-deosebite\\\/\",\"url\":\"https:\\\/\\\/urbeamea.ro\\\/albaiulia\\\/foto-ipj-alba-10-politisti-avansati-in-grad-de-ziua-nationala-pentru-rezultate-deosebite\\\/\",\"name\":\"FOTO IPJ Alba: 10 poli\u0163i\u015fti avansa\u0163i \u00een grad, de Ziua Na\u0163ional\u0103, pentru rezultate deosebite - Revista Urbea Mea - Revista de Alba\",\"isPartOf\":{\"@id\":\"https:\\\/\\\/urbeamea.ro\\\/albaiulia\\\/#website\"},\"primaryImageOfPage\":{\"@id\":\"https:\\\/\\\/urbeamea.ro\\\/albaiulia\\\/foto-ipj-alba-10-politisti-avansati-in-grad-de-ziua-nationala-pentru-rezultate-deosebite\\\/#primaryimage\"},\"image\":{\"@id\":\"https:\\\/\\\/urbeamea.ro\\\/albaiulia\\\/foto-ipj-alba-10-politisti-avansati-in-grad-de-ziua-nationala-pentru-rezultate-deosebite\\\/#primaryimage\"},\"thumbnailUrl\":\"https:\\\/\\\/urbeamea.ro\\\/albaiulia\\\/wp-content\\\/uploads\\\/2017\\\/11\\\/DSC_0164-2.jpg\",\"datePublished\":\"2017-11-29T14:54:12+00:00\",\"author\":{\"@id\":\"https:\\\/\\\/urbeamea.ro\\\/albaiulia\\\/#\\\/schema\\\/person\\\/9700d21fae21c4f038b0b56f4506264a\"},\"description\":\"Cu ocazia Zilei Na\u0163ionale a Rom\u00e2niei, 10 poli\u0163i\u015fti din cadrul Inspectoratului de Poli\u0163ie Jude\u0163ean Alba au fost avansa\u0163i \u00een gradul profesional urm\u0103tor,\",\"breadcrumb\":{\"@id\":\"https:\\\/\\\/urbeamea.ro\\\/albaiulia\\\/foto-ipj-alba-10-politisti-avansati-in-grad-de-ziua-nationala-pentru-rezultate-deosebite\\\/#breadcrumb\"},\"inLanguage\":\"ro-RO\",\"potentialAction\":[{\"@type\":\"ReadAction\",\"target\":[\"https:\\\/\\\/urbeamea.ro\\\/albaiulia\\\/foto-ipj-alba-10-politisti-avansati-in-grad-de-ziua-nationala-pentru-rezultate-deosebite\\\/\"]}]},{\"@type\":\"ImageObject\",\"inLanguage\":\"ro-RO\",\"@id\":\"https:\\\/\\\/urbeamea.ro\\\/albaiulia\\\/foto-ipj-alba-10-politisti-avansati-in-grad-de-ziua-nationala-pentru-rezultate-deosebite\\\/#primaryimage\",\"url\":\"https:\\\/\\\/urbeamea.ro\\\/albaiulia\\\/wp-content\\\/uploads\\\/2017\\\/11\\\/DSC_0164-2.jpg\",\"contentUrl\":\"https:\\\/\\\/urbeamea.ro\\\/albaiulia\\\/wp-content\\\/uploads\\\/2017\\\/11\\\/DSC_0164-2.jpg\",\"width\":900,\"height\":600},{\"@type\":\"BreadcrumbList\",\"@id\":\"https:\\\/\\\/urbeamea.ro\\\/albaiulia\\\/foto-ipj-alba-10-politisti-avansati-in-grad-de-ziua-nationala-pentru-rezultate-deosebite\\\/#breadcrumb\",\"itemListElement\":[{\"@type\":\"ListItem\",\"position\":1,\"name\":\"Prima pagin\u0103\",\"item\":\"https:\\\/\\\/urbeamea.ro\\\/albaiulia\\\/\"},{\"@type\":\"ListItem\",\"position\":2,\"name\":\"FOTO IPJ Alba: 10 poli\u0163i\u015fti avansa\u0163i \u00een grad, de Ziua Na\u0163ional\u0103, pentru rezultate deosebite\"}]},{\"@type\":\"WebSite\",\"@id\":\"https:\\\/\\\/urbeamea.ro\\\/albaiulia\\\/#website\",\"url\":\"https:\\\/\\\/urbeamea.ro\\\/albaiulia\\\/\",\"name\":\"Revista Urbea Mea, Stiri urbane\",\"description\":\"Evenimente \u0219i \u0219tiri din Alba Iulia, Sebe\u0219, Aiud, Blaj\",\"potentialAction\":[{\"@type\":\"SearchAction\",\"target\":{\"@type\":\"EntryPoint\",\"urlTemplate\":\"https:\\\/\\\/urbeamea.ro\\\/albaiulia\\\/?s={search_term_string}\"},\"query-input\":{\"@type\":\"PropertyValueSpecification\",\"valueRequired\":true,\"valueName\":\"search_term_string\"}}],\"inLanguage\":\"ro-RO\"},{\"@type\":\"Person\",\"@id\":\"https:\\\/\\\/urbeamea.ro\\\/albaiulia\\\/#\\\/schema\\\/person\\\/9700d21fae21c4f038b0b56f4506264a\",\"name\":\"Cristina Ganga\",\"image\":{\"@type\":\"ImageObject\",\"inLanguage\":\"ro-RO\",\"@id\":\"https:\\\/\\\/secure.gravatar.com\\\/avatar\\\/5a67661041f057b4a8ccaf26f5a8e86e2689372006d01faf3dd9eeb10b654bb4?s=96&d=mm&r=g\",\"url\":\"https:\\\/\\\/secure.gravatar.com\\\/avatar\\\/5a67661041f057b4a8ccaf26f5a8e86e2689372006d01faf3dd9eeb10b654bb4?s=96&d=mm&r=g\",\"contentUrl\":\"https:\\\/\\\/secure.gravatar.com\\\/avatar\\\/5a67661041f057b4a8ccaf26f5a8e86e2689372006d01faf3dd9eeb10b654bb4?s=96&d=mm&r=g\",\"caption\":\"Cristina Ganga\"},\"description\":\"Jurnalist\",\"sameAs\":[\"https:\\\/\\\/www.facebook.com\\\/cristina.nicola.587\"],\"url\":\"https:\\\/\\\/urbeamea.ro\\\/albaiulia\\\/author\\\/cristina-nicola\\\/\"}]}<\/script>\n<!-- \/ Yoast SEO plugin. -->","yoast_head_json":{"title":"FOTO IPJ Alba: 10 poli\u0163i\u015fti avansa\u0163i \u00een grad, de Ziua Na\u0163ional\u0103, pentru rezultate deosebite - Revista Urbea Mea - Revista de Alba","description":"Cu ocazia Zilei Na\u0163ionale a Rom\u00e2niei, 10 poli\u0163i\u015fti din cadrul Inspectoratului de Poli\u0163ie Jude\u0163ean Alba au fost avansa\u0163i \u00een gradul profesional urm\u0103tor,","robots":{"index":"index","follow":"follow","max-snippet":"max-snippet:-1","max-image-preview":"max-image-preview:large","max-video-preview":"max-video-preview:-1"},"canonical":"https:\/\/urbeamea.ro\/albaiulia\/foto-ipj-alba-10-politisti-avansati-in-grad-de-ziua-nationala-pentru-rezultate-deosebite\/","twitter_card":"summary_large_image","twitter_title":"FOTO IPJ Alba: 10 poli\u0163i\u015fti avansa\u0163i \u00een grad, de Ziua Na\u0163ional\u0103, pentru rezultate deosebite - Revista Urbea Mea - Revista de Alba","twitter_description":"Cu ocazia Zilei Na\u0163ionale a Rom\u00e2niei, 10 poli\u0163i\u015fti din cadrul Inspectoratului de Poli\u0163ie Jude\u0163ean Alba au fost avansa\u0163i \u00een gradul profesional urm\u0103tor,","twitter_image":"https:\/\/urbeamea.ro\/albaiulia\/wp-content\/uploads\/2017\/11\/DSC_0164-2.jpg","twitter_creator":"@urbeameaweb","twitter_site":"@urbeameaweb","schema":{"@context":"https:\/\/schema.org","@graph":[{"@type":"Article","@id":"https:\/\/urbeamea.ro\/albaiulia\/foto-ipj-alba-10-politisti-avansati-in-grad-de-ziua-nationala-pentru-rezultate-deosebite\/#article","isPartOf":{"@id":"https:\/\/urbeamea.ro\/albaiulia\/foto-ipj-alba-10-politisti-avansati-in-grad-de-ziua-nationala-pentru-rezultate-deosebite\/"},"author":{"name":"Cristina Ganga","@id":"https:\/\/urbeamea.ro\/albaiulia\/#\/schema\/person\/9700d21fae21c4f038b0b56f4506264a"},"headline":"FOTO IPJ Alba: 10 poli\u0163i\u015fti avansa\u0163i \u00een grad, de Ziua Na\u0163ional\u0103, pentru rezultate deosebite","datePublished":"2017-11-29T14:54:12+00:00","mainEntityOfPage":{"@id":"https:\/\/urbeamea.ro\/albaiulia\/foto-ipj-alba-10-politisti-avansati-in-grad-de-ziua-nationala-pentru-rezultate-deosebite\/"},"wordCount":315,"commentCount":0,"image":{"@id":"https:\/\/urbeamea.ro\/albaiulia\/foto-ipj-alba-10-politisti-avansati-in-grad-de-ziua-nationala-pentru-rezultate-deosebite\/#primaryimage"},"thumbnailUrl":"https:\/\/urbeamea.ro\/albaiulia\/wp-content\/uploads\/2017\/11\/DSC_0164-2.jpg","keywords":["avansari in grad","IPJ Alba","politisti","rezultate deosebite","stiri","Urbea Mea"],"articleSection":["Social"],"inLanguage":"ro-RO","potentialAction":[{"@type":"CommentAction","name":"Comment","target":["https:\/\/urbeamea.ro\/albaiulia\/foto-ipj-alba-10-politisti-avansati-in-grad-de-ziua-nationala-pentru-rezultate-deosebite\/#respond"]}]},{"@type":"WebPage","@id":"https:\/\/urbeamea.ro\/albaiulia\/foto-ipj-alba-10-politisti-avansati-in-grad-de-ziua-nationala-pentru-rezultate-deosebite\/","url":"https:\/\/urbeamea.ro\/albaiulia\/foto-ipj-alba-10-politisti-avansati-in-grad-de-ziua-nationala-pentru-rezultate-deosebite\/","name":"FOTO IPJ Alba: 10 poli\u0163i\u015fti avansa\u0163i \u00een grad, de Ziua Na\u0163ional\u0103, pentru rezultate deosebite - Revista Urbea Mea - Revista de Alba","isPartOf":{"@id":"https:\/\/urbeamea.ro\/albaiulia\/#website"},"primaryImageOfPage":{"@id":"https:\/\/urbeamea.ro\/albaiulia\/foto-ipj-alba-10-politisti-avansati-in-grad-de-ziua-nationala-pentru-rezultate-deosebite\/#primaryimage"},"image":{"@id":"https:\/\/urbeamea.ro\/albaiulia\/foto-ipj-alba-10-politisti-avansati-in-grad-de-ziua-nationala-pentru-rezultate-deosebite\/#primaryimage"},"thumbnailUrl":"https:\/\/urbeamea.ro\/albaiulia\/wp-content\/uploads\/2017\/11\/DSC_0164-2.jpg","datePublished":"2017-11-29T14:54:12+00:00","author":{"@id":"https:\/\/urbeamea.ro\/albaiulia\/#\/schema\/person\/9700d21fae21c4f038b0b56f4506264a"},"description":"Cu ocazia Zilei Na\u0163ionale a Rom\u00e2niei, 10 poli\u0163i\u015fti din cadrul Inspectoratului de Poli\u0163ie Jude\u0163ean Alba au fost avansa\u0163i \u00een gradul profesional urm\u0103tor,","breadcrumb":{"@id":"https:\/\/urbeamea.ro\/albaiulia\/foto-ipj-alba-10-politisti-avansati-in-grad-de-ziua-nationala-pentru-rezultate-deosebite\/#breadcrumb"},"inLanguage":"ro-RO","potentialAction":[{"@type":"ReadAction","target":["https:\/\/urbeamea.ro\/albaiulia\/foto-ipj-alba-10-politisti-avansati-in-grad-de-ziua-nationala-pentru-rezultate-deosebite\/"]}]},{"@type":"ImageObject","inLanguage":"ro-RO","@id":"https:\/\/urbeamea.ro\/albaiulia\/foto-ipj-alba-10-politisti-avansati-in-grad-de-ziua-nationala-pentru-rezultate-deosebite\/#primaryimage","url":"https:\/\/urbeamea.ro\/albaiulia\/wp-content\/uploads\/2017\/11\/DSC_0164-2.jpg","contentUrl":"https:\/\/urbeamea.ro\/albaiulia\/wp-content\/uploads\/2017\/11\/DSC_0164-2.jpg","width":900,"height":600},{"@type":"BreadcrumbList","@id":"https:\/\/urbeamea.ro\/albaiulia\/foto-ipj-alba-10-politisti-avansati-in-grad-de-ziua-nationala-pentru-rezultate-deosebite\/#breadcrumb","itemListElement":[{"@type":"ListItem","position":1,"name":"Prima pagin\u0103","item":"https:\/\/urbeamea.ro\/albaiulia\/"},{"@type":"ListItem","position":2,"name":"FOTO IPJ Alba: 10 poli\u0163i\u015fti avansa\u0163i \u00een grad, de Ziua Na\u0163ional\u0103, pentru rezultate deosebite"}]},{"@type":"WebSite","@id":"https:\/\/urbeamea.ro\/albaiulia\/#website","url":"https:\/\/urbeamea.ro\/albaiulia\/","name":"Revista Urbea Mea, Stiri urbane","description":"Evenimente \u0219i \u0219tiri din Alba Iulia, Sebe\u0219, Aiud, Blaj","potentialAction":[{"@type":"SearchAction","target":{"@type":"EntryPoint","urlTemplate":"https:\/\/urbeamea.ro\/albaiulia\/?s={search_term_string}"},"query-input":{"@type":"PropertyValueSpecification","valueRequired":true,"valueName":"search_term_string"}}],"inLanguage":"ro-RO"},{"@type":"Person","@id":"https:\/\/urbeamea.ro\/albaiulia\/#\/schema\/person\/9700d21fae21c4f038b0b56f4506264a","name":"Cristina Ganga","image":{"@type":"ImageObject","inLanguage":"ro-RO","@id":"https:\/\/secure.gravatar.com\/avatar\/5a67661041f057b4a8ccaf26f5a8e86e2689372006d01faf3dd9eeb10b654bb4?s=96&d=mm&r=g","url":"https:\/\/secure.gravatar.com\/avatar\/5a67661041f057b4a8ccaf26f5a8e86e2689372006d01faf3dd9eeb10b654bb4?s=96&d=mm&r=g","contentUrl":"https:\/\/secure.gravatar.com\/avatar\/5a67661041f057b4a8ccaf26f5a8e86e2689372006d01faf3dd9eeb10b654bb4?s=96&d=mm&r=g","caption":"Cristina Ganga"},"description":"Jurnalist","sameAs":["https:\/\/www.facebook.com\/cristina.nicola.587"],"url":"https:\/\/urbeamea.ro\/albaiulia\/author\/cristina-nicola\/"}]}},"_links":{"self":[{"href":"https:\/\/urbeamea.ro\/albaiulia\/wp-json\/wp\/v2\/posts\/56961","targetHints":{"allow":["GET"]}}],"collection":[{"href":"https:\/\/urbeamea.ro\/albaiulia\/wp-json\/wp\/v2\/posts"}],"about":[{"href":"https:\/\/urbeamea.ro\/albaiulia\/wp-json\/wp\/v2\/types\/post"}],"author":[{"embeddable":true,"href":"https:\/\/urbeamea.ro\/albaiulia\/wp-json\/wp\/v2\/users\/17"}],"replies":[{"embeddable":true,"href":"https:\/\/urbeamea.ro\/albaiulia\/wp-json\/wp\/v2\/comments?post=56961"}],"version-history":[{"count":0,"href":"https:\/\/urbeamea.ro\/albaiulia\/wp-json\/wp\/v2\/posts\/56961\/revisions"}],"wp:featuredmedia":[{"embeddable":true,"href":"https:\/\/urbeamea.ro\/albaiulia\/wp-json\/wp\/v2\/media\/56972"}],"wp:attachment":[{"href":"https:\/\/urbeamea.ro\/albaiulia\/wp-json\/wp\/v2\/media?parent=56961"}],"wp:term":[{"taxonomy":"category","embeddable":true,"href":"https:\/\/urbeamea.ro\/albaiulia\/wp-json\/wp\/v2\/categories?post=56961"},{"taxonomy":"post_tag","embeddable":true,"href":"https:\/\/urbeamea.ro\/albaiulia\/wp-json\/wp\/v2\/tags?post=56961"}],"curies":[{"name":"wp","href":"https:\/\/api.w.org\/{rel}","templated":true}]}}