{"id":5702,"date":"2015-06-26T15:08:27","date_gmt":"2015-06-26T12:08:27","guid":{"rendered":"http:\/\/urbeamea.ro\/albaiulia\/?p=5702"},"modified":"2016-01-18T22:50:50","modified_gmt":"2016-01-18T20:50:50","slug":"intreruperi-ale-furnizarii-energiei-electrice-in-13-17-iulie","status":"publish","type":"post","link":"https:\/\/urbeamea.ro\/albaiulia\/intreruperi-ale-furnizarii-energiei-electrice-in-13-17-iulie\/","title":{"rendered":"\u00centreruperi ale furniz\u0103rii energiei electrice \u00een 13 &#8211; 17 Iulie"},"content":{"rendered":"<p><a href=\"http:\/\/urbeamea.ro\/albaiulia\/wp-content\/uploads\/2015\/06\/intreruperi-curent-electric.jpg\"><img loading=\"lazy\" decoding=\"async\" class=\"alignleft size-medium wp-image-5703\" src=\"http:\/\/urbeamea.ro\/albaiulia\/wp-content\/uploads\/2015\/06\/intreruperi-curent-electric-300x185.jpg\" alt=\"intreruperi-curent-electric\" width=\"300\" height=\"185\" srcset=\"https:\/\/urbeamea.ro\/albaiulia\/wp-content\/uploads\/2015\/06\/intreruperi-curent-electric-300x185.jpg 300w, https:\/\/urbeamea.ro\/albaiulia\/wp-content\/uploads\/2015\/06\/intreruperi-curent-electric-150x92.jpg 150w, https:\/\/urbeamea.ro\/albaiulia\/wp-content\/uploads\/2015\/06\/intreruperi-curent-electric.jpg 455w\" sizes=\"auto, (max-width: 300px) 100vw, 300px\" \/><\/a>Sucursala de Distribu\u0163ie a Energiei Electrice Alba anun\u0163\u0103 \u00eentreruperile programate pentru perioada 13.07.2015 &#8211; 17.07.2015.\u00a0Motivul acestor \u00eentreruperi \u00eel constituie lucr\u0103rile de \u00eentre\u0163inere, revizii, repara\u0163ii efectuate \u00een instala\u0163iile electrice din zonele respective.\u00a0Lucr\u0103rile pot fi reprogramate \u00een situa\u0163ia \u00een care condi\u0163iile meteorologice sunt nefavorabile.\u00a0&#8222;Electrica&#8221; mul\u0163ume\u015fte clien\u0163ilor s\u0103i pentru \u00een\u0163elegere.\u00a0\u00centreruperile programate sunt afi\u015fate \u015fi pe site-ul www.electricats.ro<\/p>\n<p><strong>Luni, 13 iulie 2015<\/strong><\/p>\n<p>Localitatea: Ighiu, \u00eentre orele 8.00-17.00<\/p>\n<p>Localitatea: S\u0103li\u015ftea, str.Joseni, \u00eentre orele 8.00-15.00<\/p>\n<p>&nbsp;<\/p>\n<p><strong>Mar\u0163i, 14 iulie 2015<\/strong><\/p>\n<p>Localitatea: Ighiu, \u00eentre orele 8.00-17.00<\/p>\n<p>Localitatea: Ocna Mure\u015f, str.R\u00e2ului, Lacului, Gr\u0103dinii, Cuza Vod\u0103, M.Kog\u0103lniceanu, \u00eentre orele 9.00-15.00<\/p>\n<p>&nbsp;<\/p>\n<p><strong>Miercuri, 15 iulie 2015<\/strong><\/p>\n<p>Localitatea: Ighiu, \u00eentre orele 8.00-17.00<\/p>\n<p>&nbsp;<\/p>\n<p><strong>Joi, 16 iulie 2015<\/strong><\/p>\n<p>Localitatea: Ighiu, \u00eentre orele 8.00-17.00<\/p>\n<p>&nbsp;<\/p>\n<p><strong>Vineri, 17 iulie 2015<\/strong><\/p>\n<p>Localitatea: Ighiu, \u00eentre orele 8.00-17.00<\/p>\n","protected":false},"excerpt":{"rendered":"<p>Sucursala de Distribu\u0163ie a Energiei Electrice Alba anun\u0163\u0103 \u00eentreruperile programate pentru perioada 13.07.2015 &#8211; 17.07.2015.\u00a0Motivul acestor \u00eentreruperi \u00eel constituie lucr\u0103rile de \u00eentre\u0163inere, revizii, repara\u0163ii efectuate \u00een instala\u0163iile electrice din zonele respective.\u00a0Lucr\u0103rile pot fi reprogramate \u00een situa\u0163ia \u00een care condi\u0163iile meteorologice sunt nefavorabile.\u00a0&#8222;Electrica&#8221; mul\u0163ume\u015fte clien\u0163ilor s\u0103i pentru \u00een\u0163elegere.\u00a0\u00centreruperile programate sunt afi\u015fate \u015fi pe site-ul www.electricats.ro Luni, &hellip;<\/p>\n","protected":false},"author":16,"featured_media":5703,"comment_status":"open","ping_status":"open","sticky":false,"template":"","format":"standard","meta":{"inline_featured_image":false,"footnotes":""},"categories":[2034],"tags":[],"class_list":["post-5702","post","type-post","status-publish","format-standard","has-post-thumbnail","hentry","category-social"],"yoast_head":"<!-- This site is optimized with the Yoast SEO plugin v27.4 - https:\/\/yoast.com\/product\/yoast-seo-wordpress\/ -->\n<title>\u00centreruperi ale furniz\u0103rii energiei electrice \u00een 13 - 17 Iulie - Revista Urbea Mea - Revista de Alba<\/title>\n<meta name=\"description\" content=\"Sucursala de Distribu\u0163ie a Energiei Electrice Alba anun\u0163\u0103 \u00eentreruperile programate pentru perioada 13.07.2015 - 17.07.2015.\u00a0Motivul acestor \u00eentreruperi \u00eel\" \/>\n<meta name=\"robots\" content=\"index, follow, max-snippet:-1, max-image-preview:large, max-video-preview:-1\" \/>\n<link rel=\"canonical\" href=\"https:\/\/urbeamea.ro\/albaiulia\/intreruperi-ale-furnizarii-energiei-electrice-in-13-17-iulie\/\" \/>\n<meta name=\"twitter:card\" content=\"summary_large_image\" \/>\n<meta name=\"twitter:title\" content=\"\u00centreruperi ale furniz\u0103rii energiei electrice \u00een 13 - 17 Iulie - Revista Urbea Mea - Revista de Alba\" \/>\n<meta name=\"twitter:description\" content=\"Sucursala de Distribu\u0163ie a Energiei Electrice Alba anun\u0163\u0103 \u00eentreruperile programate pentru perioada 13.07.2015 - 17.07.2015.\u00a0Motivul acestor \u00eentreruperi \u00eel\" \/>\n<meta name=\"twitter:image\" content=\"https:\/\/urbeamea.ro\/albaiulia\/wp-content\/uploads\/2015\/06\/intreruperi-curent-electric.jpg\" \/>\n<meta name=\"twitter:creator\" content=\"@urbeameaweb\" \/>\n<meta name=\"twitter:site\" content=\"@urbeameaweb\" \/>\n<script type=\"application\/ld+json\" class=\"yoast-schema-graph\">{\"@context\":\"https:\\\/\\\/schema.org\",\"@graph\":[{\"@type\":\"Article\",\"@id\":\"https:\\\/\\\/urbeamea.ro\\\/albaiulia\\\/intreruperi-ale-furnizarii-energiei-electrice-in-13-17-iulie\\\/#article\",\"isPartOf\":{\"@id\":\"https:\\\/\\\/urbeamea.ro\\\/albaiulia\\\/intreruperi-ale-furnizarii-energiei-electrice-in-13-17-iulie\\\/\"},\"author\":{\"name\":\"Redac\u021bia UrbeaMea\",\"@id\":\"https:\\\/\\\/urbeamea.ro\\\/albaiulia\\\/#\\\/schema\\\/person\\\/272ae98052f8ee8980f59848df070247\"},\"headline\":\"\u00centreruperi ale furniz\u0103rii energiei electrice \u00een 13 &#8211; 17 Iulie\",\"datePublished\":\"2015-06-26T12:08:27+00:00\",\"dateModified\":\"2016-01-18T20:50:50+00:00\",\"mainEntityOfPage\":{\"@id\":\"https:\\\/\\\/urbeamea.ro\\\/albaiulia\\\/intreruperi-ale-furnizarii-energiei-electrice-in-13-17-iulie\\\/\"},\"wordCount\":147,\"commentCount\":0,\"image\":{\"@id\":\"https:\\\/\\\/urbeamea.ro\\\/albaiulia\\\/intreruperi-ale-furnizarii-energiei-electrice-in-13-17-iulie\\\/#primaryimage\"},\"thumbnailUrl\":\"https:\\\/\\\/urbeamea.ro\\\/albaiulia\\\/wp-content\\\/uploads\\\/2015\\\/06\\\/intreruperi-curent-electric.jpg\",\"articleSection\":[\"Social\"],\"inLanguage\":\"ro-RO\",\"potentialAction\":[{\"@type\":\"CommentAction\",\"name\":\"Comment\",\"target\":[\"https:\\\/\\\/urbeamea.ro\\\/albaiulia\\\/intreruperi-ale-furnizarii-energiei-electrice-in-13-17-iulie\\\/#respond\"]}]},{\"@type\":\"WebPage\",\"@id\":\"https:\\\/\\\/urbeamea.ro\\\/albaiulia\\\/intreruperi-ale-furnizarii-energiei-electrice-in-13-17-iulie\\\/\",\"url\":\"https:\\\/\\\/urbeamea.ro\\\/albaiulia\\\/intreruperi-ale-furnizarii-energiei-electrice-in-13-17-iulie\\\/\",\"name\":\"\u00centreruperi ale furniz\u0103rii energiei electrice \u00een 13 - 17 Iulie - Revista Urbea Mea - Revista de Alba\",\"isPartOf\":{\"@id\":\"https:\\\/\\\/urbeamea.ro\\\/albaiulia\\\/#website\"},\"primaryImageOfPage\":{\"@id\":\"https:\\\/\\\/urbeamea.ro\\\/albaiulia\\\/intreruperi-ale-furnizarii-energiei-electrice-in-13-17-iulie\\\/#primaryimage\"},\"image\":{\"@id\":\"https:\\\/\\\/urbeamea.ro\\\/albaiulia\\\/intreruperi-ale-furnizarii-energiei-electrice-in-13-17-iulie\\\/#primaryimage\"},\"thumbnailUrl\":\"https:\\\/\\\/urbeamea.ro\\\/albaiulia\\\/wp-content\\\/uploads\\\/2015\\\/06\\\/intreruperi-curent-electric.jpg\",\"datePublished\":\"2015-06-26T12:08:27+00:00\",\"dateModified\":\"2016-01-18T20:50:50+00:00\",\"author\":{\"@id\":\"https:\\\/\\\/urbeamea.ro\\\/albaiulia\\\/#\\\/schema\\\/person\\\/272ae98052f8ee8980f59848df070247\"},\"description\":\"Sucursala de Distribu\u0163ie a Energiei Electrice Alba anun\u0163\u0103 \u00eentreruperile programate pentru perioada 13.07.2015 - 17.07.2015.\u00a0Motivul acestor \u00eentreruperi \u00eel\",\"breadcrumb\":{\"@id\":\"https:\\\/\\\/urbeamea.ro\\\/albaiulia\\\/intreruperi-ale-furnizarii-energiei-electrice-in-13-17-iulie\\\/#breadcrumb\"},\"inLanguage\":\"ro-RO\",\"potentialAction\":[{\"@type\":\"ReadAction\",\"target\":[\"https:\\\/\\\/urbeamea.ro\\\/albaiulia\\\/intreruperi-ale-furnizarii-energiei-electrice-in-13-17-iulie\\\/\"]}]},{\"@type\":\"ImageObject\",\"inLanguage\":\"ro-RO\",\"@id\":\"https:\\\/\\\/urbeamea.ro\\\/albaiulia\\\/intreruperi-ale-furnizarii-energiei-electrice-in-13-17-iulie\\\/#primaryimage\",\"url\":\"https:\\\/\\\/urbeamea.ro\\\/albaiulia\\\/wp-content\\\/uploads\\\/2015\\\/06\\\/intreruperi-curent-electric.jpg\",\"contentUrl\":\"https:\\\/\\\/urbeamea.ro\\\/albaiulia\\\/wp-content\\\/uploads\\\/2015\\\/06\\\/intreruperi-curent-electric.jpg\",\"width\":455,\"height\":280},{\"@type\":\"BreadcrumbList\",\"@id\":\"https:\\\/\\\/urbeamea.ro\\\/albaiulia\\\/intreruperi-ale-furnizarii-energiei-electrice-in-13-17-iulie\\\/#breadcrumb\",\"itemListElement\":[{\"@type\":\"ListItem\",\"position\":1,\"name\":\"Prima pagin\u0103\",\"item\":\"https:\\\/\\\/urbeamea.ro\\\/albaiulia\\\/\"},{\"@type\":\"ListItem\",\"position\":2,\"name\":\"\u00centreruperi ale furniz\u0103rii energiei electrice \u00een 13 &#8211; 17 Iulie\"}]},{\"@type\":\"WebSite\",\"@id\":\"https:\\\/\\\/urbeamea.ro\\\/albaiulia\\\/#website\",\"url\":\"https:\\\/\\\/urbeamea.ro\\\/albaiulia\\\/\",\"name\":\"Revista Urbea Mea, Stiri urbane\",\"description\":\"Evenimente \u0219i \u0219tiri din Alba Iulia, Sebe\u0219, Aiud, Blaj\",\"potentialAction\":[{\"@type\":\"SearchAction\",\"target\":{\"@type\":\"EntryPoint\",\"urlTemplate\":\"https:\\\/\\\/urbeamea.ro\\\/albaiulia\\\/?s={search_term_string}\"},\"query-input\":{\"@type\":\"PropertyValueSpecification\",\"valueRequired\":true,\"valueName\":\"search_term_string\"}}],\"inLanguage\":\"ro-RO\"},{\"@type\":\"Person\",\"@id\":\"https:\\\/\\\/urbeamea.ro\\\/albaiulia\\\/#\\\/schema\\\/person\\\/272ae98052f8ee8980f59848df070247\",\"name\":\"Redac\u021bia UrbeaMea\",\"image\":{\"@type\":\"ImageObject\",\"inLanguage\":\"ro-RO\",\"@id\":\"https:\\\/\\\/secure.gravatar.com\\\/avatar\\\/9ce5a9435071fa1037e8468053ead8e513dbbff59009d3069aadb85506d85a27?s=96&d=mm&r=g\",\"url\":\"https:\\\/\\\/secure.gravatar.com\\\/avatar\\\/9ce5a9435071fa1037e8468053ead8e513dbbff59009d3069aadb85506d85a27?s=96&d=mm&r=g\",\"contentUrl\":\"https:\\\/\\\/secure.gravatar.com\\\/avatar\\\/9ce5a9435071fa1037e8468053ead8e513dbbff59009d3069aadb85506d85a27?s=96&d=mm&r=g\",\"caption\":\"Redac\u021bia UrbeaMea\"},\"description\":\"contact@urbeamea.ro\",\"sameAs\":[\"https:\\\/\\\/www.urbeamea.ro\"],\"url\":\"https:\\\/\\\/urbeamea.ro\\\/albaiulia\\\/author\\\/redactia-urbeamea\\\/\"}]}<\/script>\n<!-- \/ Yoast SEO plugin. -->","yoast_head_json":{"title":"\u00centreruperi ale furniz\u0103rii energiei electrice \u00een 13 - 17 Iulie - Revista Urbea Mea - Revista de Alba","description":"Sucursala de Distribu\u0163ie a Energiei Electrice Alba anun\u0163\u0103 \u00eentreruperile programate pentru perioada 13.07.2015 - 17.07.2015.\u00a0Motivul acestor \u00eentreruperi \u00eel","robots":{"index":"index","follow":"follow","max-snippet":"max-snippet:-1","max-image-preview":"max-image-preview:large","max-video-preview":"max-video-preview:-1"},"canonical":"https:\/\/urbeamea.ro\/albaiulia\/intreruperi-ale-furnizarii-energiei-electrice-in-13-17-iulie\/","twitter_card":"summary_large_image","twitter_title":"\u00centreruperi ale furniz\u0103rii energiei electrice \u00een 13 - 17 Iulie - Revista Urbea Mea - Revista de Alba","twitter_description":"Sucursala de Distribu\u0163ie a Energiei Electrice Alba anun\u0163\u0103 \u00eentreruperile programate pentru perioada 13.07.2015 - 17.07.2015.\u00a0Motivul acestor \u00eentreruperi \u00eel","twitter_image":"https:\/\/urbeamea.ro\/albaiulia\/wp-content\/uploads\/2015\/06\/intreruperi-curent-electric.jpg","twitter_creator":"@urbeameaweb","twitter_site":"@urbeameaweb","schema":{"@context":"https:\/\/schema.org","@graph":[{"@type":"Article","@id":"https:\/\/urbeamea.ro\/albaiulia\/intreruperi-ale-furnizarii-energiei-electrice-in-13-17-iulie\/#article","isPartOf":{"@id":"https:\/\/urbeamea.ro\/albaiulia\/intreruperi-ale-furnizarii-energiei-electrice-in-13-17-iulie\/"},"author":{"name":"Redac\u021bia UrbeaMea","@id":"https:\/\/urbeamea.ro\/albaiulia\/#\/schema\/person\/272ae98052f8ee8980f59848df070247"},"headline":"\u00centreruperi ale furniz\u0103rii energiei electrice \u00een 13 &#8211; 17 Iulie","datePublished":"2015-06-26T12:08:27+00:00","dateModified":"2016-01-18T20:50:50+00:00","mainEntityOfPage":{"@id":"https:\/\/urbeamea.ro\/albaiulia\/intreruperi-ale-furnizarii-energiei-electrice-in-13-17-iulie\/"},"wordCount":147,"commentCount":0,"image":{"@id":"https:\/\/urbeamea.ro\/albaiulia\/intreruperi-ale-furnizarii-energiei-electrice-in-13-17-iulie\/#primaryimage"},"thumbnailUrl":"https:\/\/urbeamea.ro\/albaiulia\/wp-content\/uploads\/2015\/06\/intreruperi-curent-electric.jpg","articleSection":["Social"],"inLanguage":"ro-RO","potentialAction":[{"@type":"CommentAction","name":"Comment","target":["https:\/\/urbeamea.ro\/albaiulia\/intreruperi-ale-furnizarii-energiei-electrice-in-13-17-iulie\/#respond"]}]},{"@type":"WebPage","@id":"https:\/\/urbeamea.ro\/albaiulia\/intreruperi-ale-furnizarii-energiei-electrice-in-13-17-iulie\/","url":"https:\/\/urbeamea.ro\/albaiulia\/intreruperi-ale-furnizarii-energiei-electrice-in-13-17-iulie\/","name":"\u00centreruperi ale furniz\u0103rii energiei electrice \u00een 13 - 17 Iulie - Revista Urbea Mea - Revista de Alba","isPartOf":{"@id":"https:\/\/urbeamea.ro\/albaiulia\/#website"},"primaryImageOfPage":{"@id":"https:\/\/urbeamea.ro\/albaiulia\/intreruperi-ale-furnizarii-energiei-electrice-in-13-17-iulie\/#primaryimage"},"image":{"@id":"https:\/\/urbeamea.ro\/albaiulia\/intreruperi-ale-furnizarii-energiei-electrice-in-13-17-iulie\/#primaryimage"},"thumbnailUrl":"https:\/\/urbeamea.ro\/albaiulia\/wp-content\/uploads\/2015\/06\/intreruperi-curent-electric.jpg","datePublished":"2015-06-26T12:08:27+00:00","dateModified":"2016-01-18T20:50:50+00:00","author":{"@id":"https:\/\/urbeamea.ro\/albaiulia\/#\/schema\/person\/272ae98052f8ee8980f59848df070247"},"description":"Sucursala de Distribu\u0163ie a Energiei Electrice Alba anun\u0163\u0103 \u00eentreruperile programate pentru perioada 13.07.2015 - 17.07.2015.\u00a0Motivul acestor \u00eentreruperi \u00eel","breadcrumb":{"@id":"https:\/\/urbeamea.ro\/albaiulia\/intreruperi-ale-furnizarii-energiei-electrice-in-13-17-iulie\/#breadcrumb"},"inLanguage":"ro-RO","potentialAction":[{"@type":"ReadAction","target":["https:\/\/urbeamea.ro\/albaiulia\/intreruperi-ale-furnizarii-energiei-electrice-in-13-17-iulie\/"]}]},{"@type":"ImageObject","inLanguage":"ro-RO","@id":"https:\/\/urbeamea.ro\/albaiulia\/intreruperi-ale-furnizarii-energiei-electrice-in-13-17-iulie\/#primaryimage","url":"https:\/\/urbeamea.ro\/albaiulia\/wp-content\/uploads\/2015\/06\/intreruperi-curent-electric.jpg","contentUrl":"https:\/\/urbeamea.ro\/albaiulia\/wp-content\/uploads\/2015\/06\/intreruperi-curent-electric.jpg","width":455,"height":280},{"@type":"BreadcrumbList","@id":"https:\/\/urbeamea.ro\/albaiulia\/intreruperi-ale-furnizarii-energiei-electrice-in-13-17-iulie\/#breadcrumb","itemListElement":[{"@type":"ListItem","position":1,"name":"Prima pagin\u0103","item":"https:\/\/urbeamea.ro\/albaiulia\/"},{"@type":"ListItem","position":2,"name":"\u00centreruperi ale furniz\u0103rii energiei electrice \u00een 13 &#8211; 17 Iulie"}]},{"@type":"WebSite","@id":"https:\/\/urbeamea.ro\/albaiulia\/#website","url":"https:\/\/urbeamea.ro\/albaiulia\/","name":"Revista Urbea Mea, Stiri urbane","description":"Evenimente \u0219i \u0219tiri din Alba Iulia, Sebe\u0219, Aiud, Blaj","potentialAction":[{"@type":"SearchAction","target":{"@type":"EntryPoint","urlTemplate":"https:\/\/urbeamea.ro\/albaiulia\/?s={search_term_string}"},"query-input":{"@type":"PropertyValueSpecification","valueRequired":true,"valueName":"search_term_string"}}],"inLanguage":"ro-RO"},{"@type":"Person","@id":"https:\/\/urbeamea.ro\/albaiulia\/#\/schema\/person\/272ae98052f8ee8980f59848df070247","name":"Redac\u021bia UrbeaMea","image":{"@type":"ImageObject","inLanguage":"ro-RO","@id":"https:\/\/secure.gravatar.com\/avatar\/9ce5a9435071fa1037e8468053ead8e513dbbff59009d3069aadb85506d85a27?s=96&d=mm&r=g","url":"https:\/\/secure.gravatar.com\/avatar\/9ce5a9435071fa1037e8468053ead8e513dbbff59009d3069aadb85506d85a27?s=96&d=mm&r=g","contentUrl":"https:\/\/secure.gravatar.com\/avatar\/9ce5a9435071fa1037e8468053ead8e513dbbff59009d3069aadb85506d85a27?s=96&d=mm&r=g","caption":"Redac\u021bia UrbeaMea"},"description":"contact@urbeamea.ro","sameAs":["https:\/\/www.urbeamea.ro"],"url":"https:\/\/urbeamea.ro\/albaiulia\/author\/redactia-urbeamea\/"}]}},"_links":{"self":[{"href":"https:\/\/urbeamea.ro\/albaiulia\/wp-json\/wp\/v2\/posts\/5702","targetHints":{"allow":["GET"]}}],"collection":[{"href":"https:\/\/urbeamea.ro\/albaiulia\/wp-json\/wp\/v2\/posts"}],"about":[{"href":"https:\/\/urbeamea.ro\/albaiulia\/wp-json\/wp\/v2\/types\/post"}],"author":[{"embeddable":true,"href":"https:\/\/urbeamea.ro\/albaiulia\/wp-json\/wp\/v2\/users\/16"}],"replies":[{"embeddable":true,"href":"https:\/\/urbeamea.ro\/albaiulia\/wp-json\/wp\/v2\/comments?post=5702"}],"version-history":[{"count":0,"href":"https:\/\/urbeamea.ro\/albaiulia\/wp-json\/wp\/v2\/posts\/5702\/revisions"}],"wp:featuredmedia":[{"embeddable":true,"href":"https:\/\/urbeamea.ro\/albaiulia\/wp-json\/wp\/v2\/media\/5703"}],"wp:attachment":[{"href":"https:\/\/urbeamea.ro\/albaiulia\/wp-json\/wp\/v2\/media?parent=5702"}],"wp:term":[{"taxonomy":"category","embeddable":true,"href":"https:\/\/urbeamea.ro\/albaiulia\/wp-json\/wp\/v2\/categories?post=5702"},{"taxonomy":"post_tag","embeddable":true,"href":"https:\/\/urbeamea.ro\/albaiulia\/wp-json\/wp\/v2\/tags?post=5702"}],"curies":[{"name":"wp","href":"https:\/\/api.w.org\/{rel}","templated":true}]}}