{"id":57077,"date":"2017-12-31T07:44:49","date_gmt":"2017-12-31T05:44:49","guid":{"rendered":"https:\/\/urbeamea.ro\/albaiulia\/?p=57077"},"modified":"2017-12-31T19:37:00","modified_gmt":"2017-12-31T17:37:00","slug":"the-disaster-artist-premiera-la-cinema-din-12-ianuarie","status":"publish","type":"post","link":"https:\/\/urbeamea.ro\/albaiulia\/the-disaster-artist-premiera-la-cinema-din-12-ianuarie\/","title":{"rendered":"The Disaster Artist [premier\u0103 la cinema din 12 Ianuarie]"},"content":{"rendered":"<p><img loading=\"lazy\" decoding=\"async\" class=\"size-medium wp-image-58721 alignleft\" src=\"https:\/\/urbeamea.ro\/albaiulia\/wp-content\/uploads\/2017\/12\/unartistnumitdezastru-452x640.jpg\" alt=\"\" width=\"452\" height=\"640\" srcset=\"https:\/\/urbeamea.ro\/albaiulia\/wp-content\/uploads\/2017\/12\/unartistnumitdezastru-452x640.jpg 452w, https:\/\/urbeamea.ro\/albaiulia\/wp-content\/uploads\/2017\/12\/unartistnumitdezastru-106x150.jpg 106w, https:\/\/urbeamea.ro\/albaiulia\/wp-content\/uploads\/2017\/12\/unartistnumitdezastru-768x1087.jpg 768w, https:\/\/urbeamea.ro\/albaiulia\/wp-content\/uploads\/2017\/12\/unartistnumitdezastru.jpg 848w\" sizes=\"auto, (max-width: 452px) 100vw, 452px\" \/>Filmul descrie \u00eent\u00e2lnirea \u0219i prietenia timpurie dintre actorul Greg Sestero \u0219i Tommy Wiseau, actorul, scriitorul \u0219i regizorul din spatele filmului &#8222;The Room&#8221; din 2003 &#8211; un film adesea salutat ca unul dintre cele mai proaste.\u00a0Un actor aspirant la Hollywood \u00eent\u00e2lne\u0219te un str\u0103in enigmatic pe nume Tommy Wiseau, iar \u00eent\u00e2lnirea lor \u00eei conduce pe un drum pe care nimeni nu l-ar fi putut prezice: crearea celui mai prost film realizat vreodat\u0103.\u00a0&#8222;The Disaster Artist&#8221; este un memento hilar \u0219i binevenit care demonstreaz\u0103 c\u0103 exist\u0103 mai multe modalit\u0103\u021bi de a deveni o legend\u0103, \u0219i c\u0103 nu exist\u0103 nicio limit\u0103 a ceea ce po\u021bi ob\u021bine c\u00e2nd nu ai absolut nicio idee despre ceea ce faci.<\/p>\n<p><iframe loading=\"lazy\" title=\"Trailer subtitrat The Disaster Artist, cu James Franco\" width=\"500\" height=\"281\" src=\"https:\/\/www.youtube.com\/embed\/QjnvG7iF728?feature=oembed\" frameborder=\"0\" allow=\"accelerometer; autoplay; clipboard-write; encrypted-media; gyroscope; picture-in-picture; web-share\" referrerpolicy=\"strict-origin-when-cross-origin\" allowfullscreen><\/iframe><\/p>\n","protected":false},"excerpt":{"rendered":"<p>Filmul descrie \u00eent\u00e2lnirea \u0219i prietenia timpurie dintre actorul Greg Sestero \u0219i Tommy Wiseau, actorul, scriitorul \u0219i regizorul din spatele filmului &#8222;The Room&#8221; din 2003 &#8211; un film adesea salutat ca unul dintre cele mai proaste.\u00a0Un actor aspirant la Hollywood \u00eent\u00e2lne\u0219te un str\u0103in enigmatic pe nume Tommy Wiseau, iar \u00eent\u00e2lnirea lor \u00eei conduce pe un drum &hellip;<\/p>\n","protected":false},"author":23,"featured_media":58721,"comment_status":"open","ping_status":"open","sticky":false,"template":"","format":"standard","meta":{"inline_featured_image":false,"footnotes":""},"categories":[28],"tags":[120,897,13839],"class_list":["post-57077","post","type-post","status-publish","format-standard","has-post-thumbnail","hentry","category-cinema","tag-cinema","tag-film","tag-the-disaster-artist"],"yoast_head":"<!-- This site is optimized with the Yoast SEO plugin v28.3 - https:\/\/yoast.com\/product\/yoast-seo-wordpress\/ -->\n<title>The Disaster Artist [premier\u0103 la cinema din 12 Ianuarie] - Revista Urbea Mea - Revista de Alba<\/title>\n<meta name=\"description\" content=\"Filmul descrie \u00eent\u00e2lnirea \u0219i prietenia timpurie dintre actorul Greg Sestero \u0219i Tommy Wiseau, actorul, scriitorul \u0219i regizorul din spatele filmului &quot;The\" \/>\n<meta name=\"robots\" content=\"index, follow, max-snippet:-1, max-image-preview:large, max-video-preview:-1\" \/>\n<link rel=\"canonical\" href=\"https:\/\/urbeamea.ro\/albaiulia\/the-disaster-artist-premiera-la-cinema-din-12-ianuarie\/\" \/>\n<meta name=\"twitter:card\" content=\"summary_large_image\" \/>\n<meta name=\"twitter:title\" content=\"The Disaster Artist [premier\u0103 la cinema din 12 Ianuarie] - Revista Urbea Mea - Revista de Alba\" \/>\n<meta name=\"twitter:description\" content=\"Filmul descrie \u00eent\u00e2lnirea \u0219i prietenia timpurie dintre actorul Greg Sestero \u0219i Tommy Wiseau, actorul, scriitorul \u0219i regizorul din spatele filmului &quot;The\" \/>\n<meta name=\"twitter:image\" content=\"https:\/\/urbeamea.ro\/albaiulia\/wp-content\/uploads\/2017\/12\/unartistnumitdezastru.jpg\" \/>\n<meta name=\"twitter:creator\" content=\"@urbeameaweb\" \/>\n<meta name=\"twitter:site\" content=\"@urbeameaweb\" \/>\n<script type=\"application\/ld+json\" class=\"yoast-schema-graph\">{\"@context\":\"https:\\\/\\\/schema.org\",\"@graph\":[{\"@type\":\"Article\",\"@id\":\"https:\\\/\\\/urbeamea.ro\\\/albaiulia\\\/the-disaster-artist-premiera-la-cinema-din-12-ianuarie\\\/#article\",\"isPartOf\":{\"@id\":\"https:\\\/\\\/urbeamea.ro\\\/albaiulia\\\/the-disaster-artist-premiera-la-cinema-din-12-ianuarie\\\/\"},\"author\":{\"name\":\"Marius Paul\",\"@id\":\"https:\\\/\\\/urbeamea.ro\\\/albaiulia\\\/#\\\/schema\\\/person\\\/ec9394980660920fa50ec4d870f87958\"},\"headline\":\"The Disaster Artist [premier\u0103 la cinema din 12 Ianuarie]\",\"datePublished\":\"2017-12-31T05:44:49+00:00\",\"dateModified\":\"2017-12-31T17:37:00+00:00\",\"mainEntityOfPage\":{\"@id\":\"https:\\\/\\\/urbeamea.ro\\\/albaiulia\\\/the-disaster-artist-premiera-la-cinema-din-12-ianuarie\\\/\"},\"wordCount\":139,\"commentCount\":0,\"image\":{\"@id\":\"https:\\\/\\\/urbeamea.ro\\\/albaiulia\\\/the-disaster-artist-premiera-la-cinema-din-12-ianuarie\\\/#primaryimage\"},\"thumbnailUrl\":\"https:\\\/\\\/urbeamea.ro\\\/albaiulia\\\/wp-content\\\/uploads\\\/2017\\\/12\\\/unartistnumitdezastru.jpg\",\"keywords\":[\"cinema\",\"film\",\"The Disaster Artist\"],\"articleSection\":[\"Cinema, Filme \u0219i seriale\"],\"inLanguage\":\"ro-RO\",\"potentialAction\":[{\"@type\":\"CommentAction\",\"name\":\"Comment\",\"target\":[\"https:\\\/\\\/urbeamea.ro\\\/albaiulia\\\/the-disaster-artist-premiera-la-cinema-din-12-ianuarie\\\/#respond\"]}]},{\"@type\":\"WebPage\",\"@id\":\"https:\\\/\\\/urbeamea.ro\\\/albaiulia\\\/the-disaster-artist-premiera-la-cinema-din-12-ianuarie\\\/\",\"url\":\"https:\\\/\\\/urbeamea.ro\\\/albaiulia\\\/the-disaster-artist-premiera-la-cinema-din-12-ianuarie\\\/\",\"name\":\"The Disaster Artist [premier\u0103 la cinema din 12 Ianuarie] - Revista Urbea Mea - Revista de Alba\",\"isPartOf\":{\"@id\":\"https:\\\/\\\/urbeamea.ro\\\/albaiulia\\\/#website\"},\"primaryImageOfPage\":{\"@id\":\"https:\\\/\\\/urbeamea.ro\\\/albaiulia\\\/the-disaster-artist-premiera-la-cinema-din-12-ianuarie\\\/#primaryimage\"},\"image\":{\"@id\":\"https:\\\/\\\/urbeamea.ro\\\/albaiulia\\\/the-disaster-artist-premiera-la-cinema-din-12-ianuarie\\\/#primaryimage\"},\"thumbnailUrl\":\"https:\\\/\\\/urbeamea.ro\\\/albaiulia\\\/wp-content\\\/uploads\\\/2017\\\/12\\\/unartistnumitdezastru.jpg\",\"datePublished\":\"2017-12-31T05:44:49+00:00\",\"dateModified\":\"2017-12-31T17:37:00+00:00\",\"author\":{\"@id\":\"https:\\\/\\\/urbeamea.ro\\\/albaiulia\\\/#\\\/schema\\\/person\\\/ec9394980660920fa50ec4d870f87958\"},\"description\":\"Filmul descrie \u00eent\u00e2lnirea \u0219i prietenia timpurie dintre actorul Greg Sestero \u0219i Tommy Wiseau, actorul, scriitorul \u0219i regizorul din spatele filmului \\\"The\",\"breadcrumb\":{\"@id\":\"https:\\\/\\\/urbeamea.ro\\\/albaiulia\\\/the-disaster-artist-premiera-la-cinema-din-12-ianuarie\\\/#breadcrumb\"},\"inLanguage\":\"ro-RO\",\"potentialAction\":[{\"@type\":\"ReadAction\",\"target\":[\"https:\\\/\\\/urbeamea.ro\\\/albaiulia\\\/the-disaster-artist-premiera-la-cinema-din-12-ianuarie\\\/\"]}]},{\"@type\":\"ImageObject\",\"inLanguage\":\"ro-RO\",\"@id\":\"https:\\\/\\\/urbeamea.ro\\\/albaiulia\\\/the-disaster-artist-premiera-la-cinema-din-12-ianuarie\\\/#primaryimage\",\"url\":\"https:\\\/\\\/urbeamea.ro\\\/albaiulia\\\/wp-content\\\/uploads\\\/2017\\\/12\\\/unartistnumitdezastru.jpg\",\"contentUrl\":\"https:\\\/\\\/urbeamea.ro\\\/albaiulia\\\/wp-content\\\/uploads\\\/2017\\\/12\\\/unartistnumitdezastru.jpg\",\"width\":848,\"height\":1200},{\"@type\":\"BreadcrumbList\",\"@id\":\"https:\\\/\\\/urbeamea.ro\\\/albaiulia\\\/the-disaster-artist-premiera-la-cinema-din-12-ianuarie\\\/#breadcrumb\",\"itemListElement\":[{\"@type\":\"ListItem\",\"position\":1,\"name\":\"Prima pagin\u0103\",\"item\":\"https:\\\/\\\/urbeamea.ro\\\/albaiulia\\\/\"},{\"@type\":\"ListItem\",\"position\":2,\"name\":\"The Disaster Artist [premier\u0103 la cinema din 12 Ianuarie]\"}]},{\"@type\":\"WebSite\",\"@id\":\"https:\\\/\\\/urbeamea.ro\\\/albaiulia\\\/#website\",\"url\":\"https:\\\/\\\/urbeamea.ro\\\/albaiulia\\\/\",\"name\":\"Revista Urbea Mea, Stiri urbane\",\"description\":\"Evenimente \u0219i \u0219tiri din Alba Iulia, Sebe\u0219, Aiud, Blaj\",\"potentialAction\":[{\"@type\":\"SearchAction\",\"target\":{\"@type\":\"EntryPoint\",\"urlTemplate\":\"https:\\\/\\\/urbeamea.ro\\\/albaiulia\\\/?s={search_term_string}\"},\"query-input\":{\"@type\":\"PropertyValueSpecification\",\"valueRequired\":true,\"valueName\":\"search_term_string\"}}],\"inLanguage\":\"ro-RO\"},{\"@type\":\"Person\",\"@id\":\"https:\\\/\\\/urbeamea.ro\\\/albaiulia\\\/#\\\/schema\\\/person\\\/ec9394980660920fa50ec4d870f87958\",\"name\":\"Marius Paul\",\"image\":{\"@type\":\"ImageObject\",\"inLanguage\":\"ro-RO\",\"@id\":\"https:\\\/\\\/secure.gravatar.com\\\/avatar\\\/0c0ce50b62e00a6dd3fbf00acf9ceafab452285a1fccb0ac294255e8c41499b0?s=96&d=mm&r=g\",\"url\":\"https:\\\/\\\/secure.gravatar.com\\\/avatar\\\/0c0ce50b62e00a6dd3fbf00acf9ceafab452285a1fccb0ac294255e8c41499b0?s=96&d=mm&r=g\",\"contentUrl\":\"https:\\\/\\\/secure.gravatar.com\\\/avatar\\\/0c0ce50b62e00a6dd3fbf00acf9ceafab452285a1fccb0ac294255e8c41499b0?s=96&d=mm&r=g\",\"caption\":\"Marius Paul\"},\"url\":\"https:\\\/\\\/urbeamea.ro\\\/albaiulia\\\/author\\\/marius-paul\\\/\"}]}<\/script>\n<!-- \/ Yoast SEO plugin. -->","yoast_head_json":{"title":"The Disaster Artist [premier\u0103 la cinema din 12 Ianuarie] - Revista Urbea Mea - Revista de Alba","description":"Filmul descrie \u00eent\u00e2lnirea \u0219i prietenia timpurie dintre actorul Greg Sestero \u0219i Tommy Wiseau, actorul, scriitorul \u0219i regizorul din spatele filmului \"The","robots":{"index":"index","follow":"follow","max-snippet":"max-snippet:-1","max-image-preview":"max-image-preview:large","max-video-preview":"max-video-preview:-1"},"canonical":"https:\/\/urbeamea.ro\/albaiulia\/the-disaster-artist-premiera-la-cinema-din-12-ianuarie\/","twitter_card":"summary_large_image","twitter_title":"The Disaster Artist [premier\u0103 la cinema din 12 Ianuarie] - Revista Urbea Mea - Revista de Alba","twitter_description":"Filmul descrie \u00eent\u00e2lnirea \u0219i prietenia timpurie dintre actorul Greg Sestero \u0219i Tommy Wiseau, actorul, scriitorul \u0219i regizorul din spatele filmului \"The","twitter_image":"https:\/\/urbeamea.ro\/albaiulia\/wp-content\/uploads\/2017\/12\/unartistnumitdezastru.jpg","twitter_creator":"@urbeameaweb","twitter_site":"@urbeameaweb","schema":{"@context":"https:\/\/schema.org","@graph":[{"@type":"Article","@id":"https:\/\/urbeamea.ro\/albaiulia\/the-disaster-artist-premiera-la-cinema-din-12-ianuarie\/#article","isPartOf":{"@id":"https:\/\/urbeamea.ro\/albaiulia\/the-disaster-artist-premiera-la-cinema-din-12-ianuarie\/"},"author":{"name":"Marius Paul","@id":"https:\/\/urbeamea.ro\/albaiulia\/#\/schema\/person\/ec9394980660920fa50ec4d870f87958"},"headline":"The Disaster Artist [premier\u0103 la cinema din 12 Ianuarie]","datePublished":"2017-12-31T05:44:49+00:00","dateModified":"2017-12-31T17:37:00+00:00","mainEntityOfPage":{"@id":"https:\/\/urbeamea.ro\/albaiulia\/the-disaster-artist-premiera-la-cinema-din-12-ianuarie\/"},"wordCount":139,"commentCount":0,"image":{"@id":"https:\/\/urbeamea.ro\/albaiulia\/the-disaster-artist-premiera-la-cinema-din-12-ianuarie\/#primaryimage"},"thumbnailUrl":"https:\/\/urbeamea.ro\/albaiulia\/wp-content\/uploads\/2017\/12\/unartistnumitdezastru.jpg","keywords":["cinema","film","The Disaster Artist"],"articleSection":["Cinema, Filme \u0219i seriale"],"inLanguage":"ro-RO","potentialAction":[{"@type":"CommentAction","name":"Comment","target":["https:\/\/urbeamea.ro\/albaiulia\/the-disaster-artist-premiera-la-cinema-din-12-ianuarie\/#respond"]}]},{"@type":"WebPage","@id":"https:\/\/urbeamea.ro\/albaiulia\/the-disaster-artist-premiera-la-cinema-din-12-ianuarie\/","url":"https:\/\/urbeamea.ro\/albaiulia\/the-disaster-artist-premiera-la-cinema-din-12-ianuarie\/","name":"The Disaster Artist [premier\u0103 la cinema din 12 Ianuarie] - Revista Urbea Mea - Revista de Alba","isPartOf":{"@id":"https:\/\/urbeamea.ro\/albaiulia\/#website"},"primaryImageOfPage":{"@id":"https:\/\/urbeamea.ro\/albaiulia\/the-disaster-artist-premiera-la-cinema-din-12-ianuarie\/#primaryimage"},"image":{"@id":"https:\/\/urbeamea.ro\/albaiulia\/the-disaster-artist-premiera-la-cinema-din-12-ianuarie\/#primaryimage"},"thumbnailUrl":"https:\/\/urbeamea.ro\/albaiulia\/wp-content\/uploads\/2017\/12\/unartistnumitdezastru.jpg","datePublished":"2017-12-31T05:44:49+00:00","dateModified":"2017-12-31T17:37:00+00:00","author":{"@id":"https:\/\/urbeamea.ro\/albaiulia\/#\/schema\/person\/ec9394980660920fa50ec4d870f87958"},"description":"Filmul descrie \u00eent\u00e2lnirea \u0219i prietenia timpurie dintre actorul Greg Sestero \u0219i Tommy Wiseau, actorul, scriitorul \u0219i regizorul din spatele filmului \"The","breadcrumb":{"@id":"https:\/\/urbeamea.ro\/albaiulia\/the-disaster-artist-premiera-la-cinema-din-12-ianuarie\/#breadcrumb"},"inLanguage":"ro-RO","potentialAction":[{"@type":"ReadAction","target":["https:\/\/urbeamea.ro\/albaiulia\/the-disaster-artist-premiera-la-cinema-din-12-ianuarie\/"]}]},{"@type":"ImageObject","inLanguage":"ro-RO","@id":"https:\/\/urbeamea.ro\/albaiulia\/the-disaster-artist-premiera-la-cinema-din-12-ianuarie\/#primaryimage","url":"https:\/\/urbeamea.ro\/albaiulia\/wp-content\/uploads\/2017\/12\/unartistnumitdezastru.jpg","contentUrl":"https:\/\/urbeamea.ro\/albaiulia\/wp-content\/uploads\/2017\/12\/unartistnumitdezastru.jpg","width":848,"height":1200},{"@type":"BreadcrumbList","@id":"https:\/\/urbeamea.ro\/albaiulia\/the-disaster-artist-premiera-la-cinema-din-12-ianuarie\/#breadcrumb","itemListElement":[{"@type":"ListItem","position":1,"name":"Prima pagin\u0103","item":"https:\/\/urbeamea.ro\/albaiulia\/"},{"@type":"ListItem","position":2,"name":"The Disaster Artist [premier\u0103 la cinema din 12 Ianuarie]"}]},{"@type":"WebSite","@id":"https:\/\/urbeamea.ro\/albaiulia\/#website","url":"https:\/\/urbeamea.ro\/albaiulia\/","name":"Revista Urbea Mea, Stiri urbane","description":"Evenimente \u0219i \u0219tiri din Alba Iulia, Sebe\u0219, Aiud, Blaj","potentialAction":[{"@type":"SearchAction","target":{"@type":"EntryPoint","urlTemplate":"https:\/\/urbeamea.ro\/albaiulia\/?s={search_term_string}"},"query-input":{"@type":"PropertyValueSpecification","valueRequired":true,"valueName":"search_term_string"}}],"inLanguage":"ro-RO"},{"@type":"Person","@id":"https:\/\/urbeamea.ro\/albaiulia\/#\/schema\/person\/ec9394980660920fa50ec4d870f87958","name":"Marius Paul","image":{"@type":"ImageObject","inLanguage":"ro-RO","@id":"https:\/\/secure.gravatar.com\/avatar\/0c0ce50b62e00a6dd3fbf00acf9ceafab452285a1fccb0ac294255e8c41499b0?s=96&d=mm&r=g","url":"https:\/\/secure.gravatar.com\/avatar\/0c0ce50b62e00a6dd3fbf00acf9ceafab452285a1fccb0ac294255e8c41499b0?s=96&d=mm&r=g","contentUrl":"https:\/\/secure.gravatar.com\/avatar\/0c0ce50b62e00a6dd3fbf00acf9ceafab452285a1fccb0ac294255e8c41499b0?s=96&d=mm&r=g","caption":"Marius Paul"},"url":"https:\/\/urbeamea.ro\/albaiulia\/author\/marius-paul\/"}]}},"_links":{"self":[{"href":"https:\/\/urbeamea.ro\/albaiulia\/wp-json\/wp\/v2\/posts\/57077","targetHints":{"allow":["GET"]}}],"collection":[{"href":"https:\/\/urbeamea.ro\/albaiulia\/wp-json\/wp\/v2\/posts"}],"about":[{"href":"https:\/\/urbeamea.ro\/albaiulia\/wp-json\/wp\/v2\/types\/post"}],"author":[{"embeddable":true,"href":"https:\/\/urbeamea.ro\/albaiulia\/wp-json\/wp\/v2\/users\/23"}],"replies":[{"embeddable":true,"href":"https:\/\/urbeamea.ro\/albaiulia\/wp-json\/wp\/v2\/comments?post=57077"}],"version-history":[{"count":0,"href":"https:\/\/urbeamea.ro\/albaiulia\/wp-json\/wp\/v2\/posts\/57077\/revisions"}],"wp:featuredmedia":[{"embeddable":true,"href":"https:\/\/urbeamea.ro\/albaiulia\/wp-json\/wp\/v2\/media\/58721"}],"wp:attachment":[{"href":"https:\/\/urbeamea.ro\/albaiulia\/wp-json\/wp\/v2\/media?parent=57077"}],"wp:term":[{"taxonomy":"category","embeddable":true,"href":"https:\/\/urbeamea.ro\/albaiulia\/wp-json\/wp\/v2\/categories?post=57077"},{"taxonomy":"post_tag","embeddable":true,"href":"https:\/\/urbeamea.ro\/albaiulia\/wp-json\/wp\/v2\/tags?post=57077"}],"curies":[{"name":"wp","href":"https:\/\/api.w.org\/{rel}","templated":true}]}}