{"id":5708,"date":"2015-06-26T16:59:37","date_gmt":"2015-06-26T13:59:37","guid":{"rendered":"http:\/\/urbeamea.ro\/albaiulia\/?p=5708"},"modified":"2016-01-18T22:50:38","modified_gmt":"2016-01-18T20:50:38","slug":"noul-comitet-executiv-regional-alba-al-asociatiei-internationale-a-politistilor","status":"publish","type":"post","link":"https:\/\/urbeamea.ro\/albaiulia\/noul-comitet-executiv-regional-alba-al-asociatiei-internationale-a-politistilor\/","title":{"rendered":"Noul Comitet Executiv Regional Alba al Asocia\u0163iei Interna\u0163ionale a Poli\u0163i\u015ftilor"},"content":{"rendered":"<p><a href=\"http:\/\/urbeamea.ro\/albaiulia\/wp-content\/uploads\/2015\/06\/DSC_0048.jpg\"><img loading=\"lazy\" decoding=\"async\" class=\"alignleft size-medium wp-image-5709\" src=\"http:\/\/urbeamea.ro\/albaiulia\/wp-content\/uploads\/2015\/06\/DSC_0048-300x199.jpg\" alt=\"DSC_0048\" width=\"300\" height=\"199\" \/><\/a>Azi, 26 iunie 2015, la sediul Inspectoratului de Poli\u0163ie Jude\u0163ean Alba s-a organizat \u0219edin\u021ba Adun\u0103rii Generale a Asocia\u0163iei Interna\u0163ionale a Poli\u0163i\u015ftilor (I.P.A.) Regiunea 1 Alba.<\/p>\n<p>\u0218edin\u021ba s-a realizat pentru efectuarea alegerilor \u00een vederea ocup\u0103rii func\u021biilor din cadrul noului Comitet Executiv Regional Alba.<\/p>\n<p>Aceasta a fost prezidat\u0103 de c\u0103tre Secretarul General al Asocia\u0163iei Interna\u0163ionale a Poli\u0163i\u015ftilor Sec\u021bia Rom\u00e2n\u0103, domnul chestor de poli\u021bie Gherghi\u021b\u0103 Ioan.<\/p>\n<p>La aceast\u0103 \u0219edin\u021b\u0103 a participat pre\u0219edintele de onoare al Asocia\u0163iei Interna\u0163ionale a Poli\u0163i\u015ftilor Regiunea 1 Alba, domnul chestor principal de poli\u021bie Ioan Nicolae C\u0103bulea, \u0219eful Inspectoratului de Poli\u021bie Jude\u021bean Alba.<\/p>\n<p><a href=\"http:\/\/urbeamea.ro\/albaiulia\/wp-content\/uploads\/2015\/06\/DSC_0058.jpg\"><img loading=\"lazy\" decoding=\"async\" class=\" size-medium wp-image-5710 alignright\" src=\"http:\/\/urbeamea.ro\/albaiulia\/wp-content\/uploads\/2015\/06\/DSC_0058-300x199.jpg\" alt=\"DSC_0058\" width=\"300\" height=\"199\" srcset=\"https:\/\/urbeamea.ro\/albaiulia\/wp-content\/uploads\/2015\/06\/DSC_0058-300x199.jpg 300w, https:\/\/urbeamea.ro\/albaiulia\/wp-content\/uploads\/2015\/06\/DSC_0058-150x100.jpg 150w, https:\/\/urbeamea.ro\/albaiulia\/wp-content\/uploads\/2015\/06\/DSC_0058-1024x681.jpg 1024w, https:\/\/urbeamea.ro\/albaiulia\/wp-content\/uploads\/2015\/06\/DSC_0058-321x214.jpg 321w, https:\/\/urbeamea.ro\/albaiulia\/wp-content\/uploads\/2015\/06\/DSC_0058-207x136.jpg 207w, https:\/\/urbeamea.ro\/albaiulia\/wp-content\/uploads\/2015\/06\/DSC_0058-140x94.jpg 140w, https:\/\/urbeamea.ro\/albaiulia\/wp-content\/uploads\/2015\/06\/DSC_0058.jpg 1280w\" sizes=\"auto, (max-width: 300px) 100vw, 300px\" \/><\/a>Cu aceast\u0103 ocazie, domnul comisar \u0219ef de poli\u021bie Finta Sorin, Pre\u0219edintele Asocia\u0163iei Interna\u0163ionale a Poli\u0163i\u015ftilor Regiunea 1 Alba a prezentat participan\u021bilor raportul de activitate al asocia\u021biei, aferent perioadei 2011-2015, adres\u00e2nd multumiri sponsorilor, conducerii \u0219i membrilor I.P.A. care au sprijit activit\u0103\u021bile desf\u0103\u0219urate \u00een perioada men\u021bionat\u0103.<\/p>\n<p>\u00cen urma exercit\u0103rii dreptului de vot, num\u0103rarea \u0219i centralizarea voturilor membrilor I.P.A. Regiunea 1 Alba, candida\u021bii care au ocupat func\u021biile noului Comitet Executiv Regional Alba sunt:<\/p>\n<p>&#8211; Pre\u0219edinte: comisar \u0219ef de poli\u021bie Finta Sorin,<br \/>\n&#8211; Vicepre\u0219edinte: comisar \u0219ef de poli\u021bie Dunca Ioan Cristian,<br \/>\n&#8211; Vicepre\u0219edinte: comisar de poli\u021bie \u0218erban Traian Paul,<br \/>\n&#8211; Trezorier: doamna Popa Maria Ileana,<br \/>\n&#8211; Secretar: Subcomisar de poli\u021bie Airini Mihai.<\/p>\n<p><a href=\"http:\/\/urbeamea.ro\/albaiulia\/wp-content\/uploads\/2015\/06\/DSC_0051.jpg\"><img loading=\"lazy\" decoding=\"async\" class=\"alignleft size-medium wp-image-5711\" src=\"http:\/\/urbeamea.ro\/albaiulia\/wp-content\/uploads\/2015\/06\/DSC_0051-300x199.jpg\" alt=\"DSC_0051\" width=\"300\" height=\"199\" srcset=\"https:\/\/urbeamea.ro\/albaiulia\/wp-content\/uploads\/2015\/06\/DSC_0051-300x199.jpg 300w, https:\/\/urbeamea.ro\/albaiulia\/wp-content\/uploads\/2015\/06\/DSC_0051-150x100.jpg 150w, https:\/\/urbeamea.ro\/albaiulia\/wp-content\/uploads\/2015\/06\/DSC_0051-1024x681.jpg 1024w, https:\/\/urbeamea.ro\/albaiulia\/wp-content\/uploads\/2015\/06\/DSC_0051-321x214.jpg 321w, https:\/\/urbeamea.ro\/albaiulia\/wp-content\/uploads\/2015\/06\/DSC_0051-207x136.jpg 207w, https:\/\/urbeamea.ro\/albaiulia\/wp-content\/uploads\/2015\/06\/DSC_0051-140x94.jpg 140w, https:\/\/urbeamea.ro\/albaiulia\/wp-content\/uploads\/2015\/06\/DSC_0051.jpg 1280w\" sizes=\"auto, (max-width: 300px) 100vw, 300px\" \/><\/a>Comisia de cenzori este format\u0103 din comisar \u0219ef de poli\u021bie Dogaru Florin, comisar \u0219ef de poli\u021bie Caius Mure\u0219an \u0219i doamna inspector principal de poli\u021bie B\u0103dil\u0103 Nicoleta \u2013 pre\u0219edinta comisiei.<\/p>\n<p>Domnul chestor principal de poli\u021bie Ioan Nicolae C\u0103bulea, \u0219eful Inspectoratului de Poli\u021bie Jude\u021bean Alba \u0219i domnul chestor de poli\u021bie Gherghi\u021b\u0103 Ioan, Secretarul General al Asocia\u0163iei Interna\u0163ionale a Poli\u0163i\u015ftilor Sec\u021bia Rom\u00e2n\u0103 au multumit precedentei conduceri a Asocia\u0163iei Interna\u0163ionale a Poli\u0163i\u015ftilor Regiunea 1 Alba \u0219i au felicitat noua conducere. De asemenea, au urat succes noilor membri ai Comitetului Executiv Regional Alba.<\/p>\n<p>Succes noii echipe manageriale a I.P.A. Regiunea 1 Alba!<\/p>\n","protected":false},"excerpt":{"rendered":"<p>Azi, 26 iunie 2015, la sediul Inspectoratului de Poli\u0163ie Jude\u0163ean Alba s-a organizat \u0219edin\u021ba Adun\u0103rii Generale a Asocia\u0163iei Interna\u0163ionale a Poli\u0163i\u015ftilor (I.P.A.) Regiunea 1 Alba. \u0218edin\u021ba s-a realizat pentru efectuarea alegerilor \u00een vederea ocup\u0103rii func\u021biilor din cadrul noului Comitet Executiv Regional Alba. Aceasta a fost prezidat\u0103 de c\u0103tre Secretarul General al Asocia\u0163iei Interna\u0163ionale a Poli\u0163i\u015ftilor &hellip;<\/p>\n","protected":false},"author":16,"featured_media":5709,"comment_status":"open","ping_status":"open","sticky":false,"template":"","format":"standard","meta":{"inline_featured_image":false,"footnotes":""},"categories":[2034],"tags":[],"class_list":["post-5708","post","type-post","status-publish","format-standard","has-post-thumbnail","hentry","category-social"],"yoast_head":"<!-- This site is optimized with the Yoast SEO plugin v27.4 - https:\/\/yoast.com\/product\/yoast-seo-wordpress\/ -->\n<title>Noul Comitet Executiv Regional Alba al Asocia\u0163iei Interna\u0163ionale a Poli\u0163i\u015ftilor - Revista Urbea Mea - Revista de Alba<\/title>\n<meta name=\"description\" content=\"Azi, 26 iunie 2015, la sediul Inspectoratului de Poli\u0163ie Jude\u0163ean Alba s-a organizat \u0219edin\u021ba Adun\u0103rii Generale a Asocia\u0163iei Interna\u0163ionale a Poli\u0163i\u015ftilor\" \/>\n<meta name=\"robots\" content=\"index, follow, max-snippet:-1, max-image-preview:large, max-video-preview:-1\" \/>\n<link rel=\"canonical\" href=\"https:\/\/urbeamea.ro\/albaiulia\/noul-comitet-executiv-regional-alba-al-asociatiei-internationale-a-politistilor\/\" \/>\n<meta name=\"twitter:card\" content=\"summary_large_image\" \/>\n<meta name=\"twitter:title\" content=\"Noul Comitet Executiv Regional Alba al Asocia\u0163iei Interna\u0163ionale a Poli\u0163i\u015ftilor - Revista Urbea Mea - Revista de Alba\" \/>\n<meta name=\"twitter:description\" content=\"Azi, 26 iunie 2015, la sediul Inspectoratului de Poli\u0163ie Jude\u0163ean Alba s-a organizat \u0219edin\u021ba Adun\u0103rii Generale a Asocia\u0163iei Interna\u0163ionale a Poli\u0163i\u015ftilor\" \/>\n<meta name=\"twitter:image\" content=\"https:\/\/urbeamea.ro\/albaiulia\/wp-content\/uploads\/2015\/06\/DSC_0048.jpg\" \/>\n<meta name=\"twitter:creator\" content=\"@urbeameaweb\" \/>\n<meta name=\"twitter:site\" content=\"@urbeameaweb\" \/>\n<script type=\"application\/ld+json\" class=\"yoast-schema-graph\">{\"@context\":\"https:\\\/\\\/schema.org\",\"@graph\":[{\"@type\":\"Article\",\"@id\":\"https:\\\/\\\/urbeamea.ro\\\/albaiulia\\\/noul-comitet-executiv-regional-alba-al-asociatiei-internationale-a-politistilor\\\/#article\",\"isPartOf\":{\"@id\":\"https:\\\/\\\/urbeamea.ro\\\/albaiulia\\\/noul-comitet-executiv-regional-alba-al-asociatiei-internationale-a-politistilor\\\/\"},\"author\":{\"name\":\"Redac\u021bia UrbeaMea\",\"@id\":\"https:\\\/\\\/urbeamea.ro\\\/albaiulia\\\/#\\\/schema\\\/person\\\/272ae98052f8ee8980f59848df070247\"},\"headline\":\"Noul Comitet Executiv Regional Alba al Asocia\u0163iei Interna\u0163ionale a Poli\u0163i\u015ftilor\",\"datePublished\":\"2015-06-26T13:59:37+00:00\",\"dateModified\":\"2016-01-18T20:50:38+00:00\",\"mainEntityOfPage\":{\"@id\":\"https:\\\/\\\/urbeamea.ro\\\/albaiulia\\\/noul-comitet-executiv-regional-alba-al-asociatiei-internationale-a-politistilor\\\/\"},\"wordCount\":383,\"commentCount\":0,\"image\":{\"@id\":\"https:\\\/\\\/urbeamea.ro\\\/albaiulia\\\/noul-comitet-executiv-regional-alba-al-asociatiei-internationale-a-politistilor\\\/#primaryimage\"},\"thumbnailUrl\":\"https:\\\/\\\/urbeamea.ro\\\/albaiulia\\\/wp-content\\\/uploads\\\/2015\\\/06\\\/DSC_0048.jpg\",\"articleSection\":[\"Social\"],\"inLanguage\":\"ro-RO\",\"potentialAction\":[{\"@type\":\"CommentAction\",\"name\":\"Comment\",\"target\":[\"https:\\\/\\\/urbeamea.ro\\\/albaiulia\\\/noul-comitet-executiv-regional-alba-al-asociatiei-internationale-a-politistilor\\\/#respond\"]}]},{\"@type\":\"WebPage\",\"@id\":\"https:\\\/\\\/urbeamea.ro\\\/albaiulia\\\/noul-comitet-executiv-regional-alba-al-asociatiei-internationale-a-politistilor\\\/\",\"url\":\"https:\\\/\\\/urbeamea.ro\\\/albaiulia\\\/noul-comitet-executiv-regional-alba-al-asociatiei-internationale-a-politistilor\\\/\",\"name\":\"Noul Comitet Executiv Regional Alba al Asocia\u0163iei Interna\u0163ionale a Poli\u0163i\u015ftilor - Revista Urbea Mea - Revista de Alba\",\"isPartOf\":{\"@id\":\"https:\\\/\\\/urbeamea.ro\\\/albaiulia\\\/#website\"},\"primaryImageOfPage\":{\"@id\":\"https:\\\/\\\/urbeamea.ro\\\/albaiulia\\\/noul-comitet-executiv-regional-alba-al-asociatiei-internationale-a-politistilor\\\/#primaryimage\"},\"image\":{\"@id\":\"https:\\\/\\\/urbeamea.ro\\\/albaiulia\\\/noul-comitet-executiv-regional-alba-al-asociatiei-internationale-a-politistilor\\\/#primaryimage\"},\"thumbnailUrl\":\"https:\\\/\\\/urbeamea.ro\\\/albaiulia\\\/wp-content\\\/uploads\\\/2015\\\/06\\\/DSC_0048.jpg\",\"datePublished\":\"2015-06-26T13:59:37+00:00\",\"dateModified\":\"2016-01-18T20:50:38+00:00\",\"author\":{\"@id\":\"https:\\\/\\\/urbeamea.ro\\\/albaiulia\\\/#\\\/schema\\\/person\\\/272ae98052f8ee8980f59848df070247\"},\"description\":\"Azi, 26 iunie 2015, la sediul Inspectoratului de Poli\u0163ie Jude\u0163ean Alba s-a organizat \u0219edin\u021ba Adun\u0103rii Generale a Asocia\u0163iei Interna\u0163ionale a Poli\u0163i\u015ftilor\",\"breadcrumb\":{\"@id\":\"https:\\\/\\\/urbeamea.ro\\\/albaiulia\\\/noul-comitet-executiv-regional-alba-al-asociatiei-internationale-a-politistilor\\\/#breadcrumb\"},\"inLanguage\":\"ro-RO\",\"potentialAction\":[{\"@type\":\"ReadAction\",\"target\":[\"https:\\\/\\\/urbeamea.ro\\\/albaiulia\\\/noul-comitet-executiv-regional-alba-al-asociatiei-internationale-a-politistilor\\\/\"]}]},{\"@type\":\"ImageObject\",\"inLanguage\":\"ro-RO\",\"@id\":\"https:\\\/\\\/urbeamea.ro\\\/albaiulia\\\/noul-comitet-executiv-regional-alba-al-asociatiei-internationale-a-politistilor\\\/#primaryimage\",\"url\":\"https:\\\/\\\/urbeamea.ro\\\/albaiulia\\\/wp-content\\\/uploads\\\/2015\\\/06\\\/DSC_0048.jpg\",\"contentUrl\":\"https:\\\/\\\/urbeamea.ro\\\/albaiulia\\\/wp-content\\\/uploads\\\/2015\\\/06\\\/DSC_0048.jpg\",\"width\":1280,\"height\":851},{\"@type\":\"BreadcrumbList\",\"@id\":\"https:\\\/\\\/urbeamea.ro\\\/albaiulia\\\/noul-comitet-executiv-regional-alba-al-asociatiei-internationale-a-politistilor\\\/#breadcrumb\",\"itemListElement\":[{\"@type\":\"ListItem\",\"position\":1,\"name\":\"Prima pagin\u0103\",\"item\":\"https:\\\/\\\/urbeamea.ro\\\/albaiulia\\\/\"},{\"@type\":\"ListItem\",\"position\":2,\"name\":\"Noul Comitet Executiv Regional Alba al Asocia\u0163iei Interna\u0163ionale a Poli\u0163i\u015ftilor\"}]},{\"@type\":\"WebSite\",\"@id\":\"https:\\\/\\\/urbeamea.ro\\\/albaiulia\\\/#website\",\"url\":\"https:\\\/\\\/urbeamea.ro\\\/albaiulia\\\/\",\"name\":\"Revista Urbea Mea, Stiri urbane\",\"description\":\"Evenimente \u0219i \u0219tiri din Alba Iulia, Sebe\u0219, Aiud, Blaj\",\"potentialAction\":[{\"@type\":\"SearchAction\",\"target\":{\"@type\":\"EntryPoint\",\"urlTemplate\":\"https:\\\/\\\/urbeamea.ro\\\/albaiulia\\\/?s={search_term_string}\"},\"query-input\":{\"@type\":\"PropertyValueSpecification\",\"valueRequired\":true,\"valueName\":\"search_term_string\"}}],\"inLanguage\":\"ro-RO\"},{\"@type\":\"Person\",\"@id\":\"https:\\\/\\\/urbeamea.ro\\\/albaiulia\\\/#\\\/schema\\\/person\\\/272ae98052f8ee8980f59848df070247\",\"name\":\"Redac\u021bia UrbeaMea\",\"image\":{\"@type\":\"ImageObject\",\"inLanguage\":\"ro-RO\",\"@id\":\"https:\\\/\\\/secure.gravatar.com\\\/avatar\\\/9ce5a9435071fa1037e8468053ead8e513dbbff59009d3069aadb85506d85a27?s=96&d=mm&r=g\",\"url\":\"https:\\\/\\\/secure.gravatar.com\\\/avatar\\\/9ce5a9435071fa1037e8468053ead8e513dbbff59009d3069aadb85506d85a27?s=96&d=mm&r=g\",\"contentUrl\":\"https:\\\/\\\/secure.gravatar.com\\\/avatar\\\/9ce5a9435071fa1037e8468053ead8e513dbbff59009d3069aadb85506d85a27?s=96&d=mm&r=g\",\"caption\":\"Redac\u021bia UrbeaMea\"},\"description\":\"contact@urbeamea.ro\",\"sameAs\":[\"https:\\\/\\\/www.urbeamea.ro\"],\"url\":\"https:\\\/\\\/urbeamea.ro\\\/albaiulia\\\/author\\\/redactia-urbeamea\\\/\"}]}<\/script>\n<!-- \/ Yoast SEO plugin. -->","yoast_head_json":{"title":"Noul Comitet Executiv Regional Alba al Asocia\u0163iei Interna\u0163ionale a Poli\u0163i\u015ftilor - Revista Urbea Mea - Revista de Alba","description":"Azi, 26 iunie 2015, la sediul Inspectoratului de Poli\u0163ie Jude\u0163ean Alba s-a organizat \u0219edin\u021ba Adun\u0103rii Generale a Asocia\u0163iei Interna\u0163ionale a Poli\u0163i\u015ftilor","robots":{"index":"index","follow":"follow","max-snippet":"max-snippet:-1","max-image-preview":"max-image-preview:large","max-video-preview":"max-video-preview:-1"},"canonical":"https:\/\/urbeamea.ro\/albaiulia\/noul-comitet-executiv-regional-alba-al-asociatiei-internationale-a-politistilor\/","twitter_card":"summary_large_image","twitter_title":"Noul Comitet Executiv Regional Alba al Asocia\u0163iei Interna\u0163ionale a Poli\u0163i\u015ftilor - Revista Urbea Mea - Revista de Alba","twitter_description":"Azi, 26 iunie 2015, la sediul Inspectoratului de Poli\u0163ie Jude\u0163ean Alba s-a organizat \u0219edin\u021ba Adun\u0103rii Generale a Asocia\u0163iei Interna\u0163ionale a Poli\u0163i\u015ftilor","twitter_image":"https:\/\/urbeamea.ro\/albaiulia\/wp-content\/uploads\/2015\/06\/DSC_0048.jpg","twitter_creator":"@urbeameaweb","twitter_site":"@urbeameaweb","schema":{"@context":"https:\/\/schema.org","@graph":[{"@type":"Article","@id":"https:\/\/urbeamea.ro\/albaiulia\/noul-comitet-executiv-regional-alba-al-asociatiei-internationale-a-politistilor\/#article","isPartOf":{"@id":"https:\/\/urbeamea.ro\/albaiulia\/noul-comitet-executiv-regional-alba-al-asociatiei-internationale-a-politistilor\/"},"author":{"name":"Redac\u021bia UrbeaMea","@id":"https:\/\/urbeamea.ro\/albaiulia\/#\/schema\/person\/272ae98052f8ee8980f59848df070247"},"headline":"Noul Comitet Executiv Regional Alba al Asocia\u0163iei Interna\u0163ionale a Poli\u0163i\u015ftilor","datePublished":"2015-06-26T13:59:37+00:00","dateModified":"2016-01-18T20:50:38+00:00","mainEntityOfPage":{"@id":"https:\/\/urbeamea.ro\/albaiulia\/noul-comitet-executiv-regional-alba-al-asociatiei-internationale-a-politistilor\/"},"wordCount":383,"commentCount":0,"image":{"@id":"https:\/\/urbeamea.ro\/albaiulia\/noul-comitet-executiv-regional-alba-al-asociatiei-internationale-a-politistilor\/#primaryimage"},"thumbnailUrl":"https:\/\/urbeamea.ro\/albaiulia\/wp-content\/uploads\/2015\/06\/DSC_0048.jpg","articleSection":["Social"],"inLanguage":"ro-RO","potentialAction":[{"@type":"CommentAction","name":"Comment","target":["https:\/\/urbeamea.ro\/albaiulia\/noul-comitet-executiv-regional-alba-al-asociatiei-internationale-a-politistilor\/#respond"]}]},{"@type":"WebPage","@id":"https:\/\/urbeamea.ro\/albaiulia\/noul-comitet-executiv-regional-alba-al-asociatiei-internationale-a-politistilor\/","url":"https:\/\/urbeamea.ro\/albaiulia\/noul-comitet-executiv-regional-alba-al-asociatiei-internationale-a-politistilor\/","name":"Noul Comitet Executiv Regional Alba al Asocia\u0163iei Interna\u0163ionale a Poli\u0163i\u015ftilor - Revista Urbea Mea - Revista de Alba","isPartOf":{"@id":"https:\/\/urbeamea.ro\/albaiulia\/#website"},"primaryImageOfPage":{"@id":"https:\/\/urbeamea.ro\/albaiulia\/noul-comitet-executiv-regional-alba-al-asociatiei-internationale-a-politistilor\/#primaryimage"},"image":{"@id":"https:\/\/urbeamea.ro\/albaiulia\/noul-comitet-executiv-regional-alba-al-asociatiei-internationale-a-politistilor\/#primaryimage"},"thumbnailUrl":"https:\/\/urbeamea.ro\/albaiulia\/wp-content\/uploads\/2015\/06\/DSC_0048.jpg","datePublished":"2015-06-26T13:59:37+00:00","dateModified":"2016-01-18T20:50:38+00:00","author":{"@id":"https:\/\/urbeamea.ro\/albaiulia\/#\/schema\/person\/272ae98052f8ee8980f59848df070247"},"description":"Azi, 26 iunie 2015, la sediul Inspectoratului de Poli\u0163ie Jude\u0163ean Alba s-a organizat \u0219edin\u021ba Adun\u0103rii Generale a Asocia\u0163iei Interna\u0163ionale a Poli\u0163i\u015ftilor","breadcrumb":{"@id":"https:\/\/urbeamea.ro\/albaiulia\/noul-comitet-executiv-regional-alba-al-asociatiei-internationale-a-politistilor\/#breadcrumb"},"inLanguage":"ro-RO","potentialAction":[{"@type":"ReadAction","target":["https:\/\/urbeamea.ro\/albaiulia\/noul-comitet-executiv-regional-alba-al-asociatiei-internationale-a-politistilor\/"]}]},{"@type":"ImageObject","inLanguage":"ro-RO","@id":"https:\/\/urbeamea.ro\/albaiulia\/noul-comitet-executiv-regional-alba-al-asociatiei-internationale-a-politistilor\/#primaryimage","url":"https:\/\/urbeamea.ro\/albaiulia\/wp-content\/uploads\/2015\/06\/DSC_0048.jpg","contentUrl":"https:\/\/urbeamea.ro\/albaiulia\/wp-content\/uploads\/2015\/06\/DSC_0048.jpg","width":1280,"height":851},{"@type":"BreadcrumbList","@id":"https:\/\/urbeamea.ro\/albaiulia\/noul-comitet-executiv-regional-alba-al-asociatiei-internationale-a-politistilor\/#breadcrumb","itemListElement":[{"@type":"ListItem","position":1,"name":"Prima pagin\u0103","item":"https:\/\/urbeamea.ro\/albaiulia\/"},{"@type":"ListItem","position":2,"name":"Noul Comitet Executiv Regional Alba al Asocia\u0163iei Interna\u0163ionale a Poli\u0163i\u015ftilor"}]},{"@type":"WebSite","@id":"https:\/\/urbeamea.ro\/albaiulia\/#website","url":"https:\/\/urbeamea.ro\/albaiulia\/","name":"Revista Urbea Mea, Stiri urbane","description":"Evenimente \u0219i \u0219tiri din Alba Iulia, Sebe\u0219, Aiud, Blaj","potentialAction":[{"@type":"SearchAction","target":{"@type":"EntryPoint","urlTemplate":"https:\/\/urbeamea.ro\/albaiulia\/?s={search_term_string}"},"query-input":{"@type":"PropertyValueSpecification","valueRequired":true,"valueName":"search_term_string"}}],"inLanguage":"ro-RO"},{"@type":"Person","@id":"https:\/\/urbeamea.ro\/albaiulia\/#\/schema\/person\/272ae98052f8ee8980f59848df070247","name":"Redac\u021bia UrbeaMea","image":{"@type":"ImageObject","inLanguage":"ro-RO","@id":"https:\/\/secure.gravatar.com\/avatar\/9ce5a9435071fa1037e8468053ead8e513dbbff59009d3069aadb85506d85a27?s=96&d=mm&r=g","url":"https:\/\/secure.gravatar.com\/avatar\/9ce5a9435071fa1037e8468053ead8e513dbbff59009d3069aadb85506d85a27?s=96&d=mm&r=g","contentUrl":"https:\/\/secure.gravatar.com\/avatar\/9ce5a9435071fa1037e8468053ead8e513dbbff59009d3069aadb85506d85a27?s=96&d=mm&r=g","caption":"Redac\u021bia UrbeaMea"},"description":"contact@urbeamea.ro","sameAs":["https:\/\/www.urbeamea.ro"],"url":"https:\/\/urbeamea.ro\/albaiulia\/author\/redactia-urbeamea\/"}]}},"_links":{"self":[{"href":"https:\/\/urbeamea.ro\/albaiulia\/wp-json\/wp\/v2\/posts\/5708","targetHints":{"allow":["GET"]}}],"collection":[{"href":"https:\/\/urbeamea.ro\/albaiulia\/wp-json\/wp\/v2\/posts"}],"about":[{"href":"https:\/\/urbeamea.ro\/albaiulia\/wp-json\/wp\/v2\/types\/post"}],"author":[{"embeddable":true,"href":"https:\/\/urbeamea.ro\/albaiulia\/wp-json\/wp\/v2\/users\/16"}],"replies":[{"embeddable":true,"href":"https:\/\/urbeamea.ro\/albaiulia\/wp-json\/wp\/v2\/comments?post=5708"}],"version-history":[{"count":0,"href":"https:\/\/urbeamea.ro\/albaiulia\/wp-json\/wp\/v2\/posts\/5708\/revisions"}],"wp:featuredmedia":[{"embeddable":true,"href":"https:\/\/urbeamea.ro\/albaiulia\/wp-json\/wp\/v2\/media\/5709"}],"wp:attachment":[{"href":"https:\/\/urbeamea.ro\/albaiulia\/wp-json\/wp\/v2\/media?parent=5708"}],"wp:term":[{"taxonomy":"category","embeddable":true,"href":"https:\/\/urbeamea.ro\/albaiulia\/wp-json\/wp\/v2\/categories?post=5708"},{"taxonomy":"post_tag","embeddable":true,"href":"https:\/\/urbeamea.ro\/albaiulia\/wp-json\/wp\/v2\/tags?post=5708"}],"curies":[{"name":"wp","href":"https:\/\/api.w.org\/{rel}","templated":true}]}}