{"id":5716,"date":"2015-06-27T08:00:19","date_gmt":"2015-06-27T05:00:19","guid":{"rendered":"http:\/\/urbeamea.ro\/albaiulia\/?p=5716"},"modified":"2015-06-26T20:00:19","modified_gmt":"2015-06-26T17:00:19","slug":"terminator-genisys-3d-la-colours-cinema-din-2-iulie","status":"publish","type":"post","link":"https:\/\/urbeamea.ro\/albaiulia\/terminator-genisys-3d-la-colours-cinema-din-2-iulie\/","title":{"rendered":"Terminator: Genisys &#8211; 3D la Colours Cinema din 2 Iulie"},"content":{"rendered":"<p><a href=\"http:\/\/urbeamea.ro\/albaiulia\/wp-content\/uploads\/2015\/06\/Terminator-Genisys.jpg\"><img loading=\"lazy\" decoding=\"async\" class=\"alignleft size-medium wp-image-5717\" src=\"http:\/\/urbeamea.ro\/albaiulia\/wp-content\/uploads\/2015\/06\/Terminator-Genisys-209x300.jpg\" alt=\"Terminator Genisys\" width=\"209\" height=\"300\" \/><\/a><a href=\"\" class=\"shortc-button small pink\">Avanpremier\u0103 &#8211; 2 Iulie<\/a><span class=\"imdbRatingPlugin\" data-user=\"ur57976275\" data-title=\"tt1340138\" data-style=\"p3\"><a href=\"http:\/\/www.imdb.com\/title\/tt1340138\/?ref_=plg_rt_1\"><img decoding=\"async\" src=\"http:\/\/g-ecx.images-amazon.com\/images\/G\/01\/imdb\/plugins\/rating\/images\/imdb_37x18.png\" alt=\"Terminator Genisys (2015) on IMDb\" \/><br \/>\n<\/a><\/span><script>\/\/ <![CDATA[\n(function(d,s,id){var js,stags=d.getElementsByTagName(s)[0];if(d.getElementById(id)){return;}js=d.createElement(s);js.id=id;js.src=\"http:\/\/g-ec2.images-amazon.com\/images\/G\/01\/imdb\/plugins\/rating\/js\/rating.min.js\";stags.parentNode.insertBefore(js,stags);})(document,'script','imdb-rating-api');\n\/\/ ]]><\/script><br \/>\nJohn Connor (Jason Clarke), liderul rezisten\u021bei oamenilor, \u00eel trimite pe sergentul Kyle Reese (Jai Courtney) \u00eenapoi \u00een 1984 ca s\u0103 o protejeze pe Sarah Connor (Emilia Clarke) \u0219i s\u0103 asigure c\u0103 omenirea va avea un viitor pa\u0219nic, lucrurile iau o \u00eentors\u0103tur\u0103 nea\u0219teptat\u0103 \u0219i se creaz\u0103 o fractur\u0103 \u00een linia temporal\u0103.<\/p>\n<p>Astfel, Reese se treze\u0219te \u00eentr-o versiune nou\u0103 a trecutului care \u00eei este necunoscut\u0103, unde are alia\u021bi surprinz\u0103tori, inclusiv pe Gardian (Arnold Schwarzenegger), inamici periculo\u0219i, dar \u0219i o nou\u0103 misiune: s\u0103 reseteze viitorul&#8230;<\/p>\n<p><span style=\"line-height: 1.5;\">\n\t\t<div class=\"tabs-shortcode tabs-wrapper container-wrapper tabs-horizontal flex-tabs is-flex-tabs-shortcodes\"><\/span><\/p>\n[tabcontainer]\n[tabtext]Trailer[\/tabtext]\n[tabtext]Cinemagia[\/tabtext]\n[tabtext]Pre\u0163uri[\/tabtext]\n[tabtext]Regulament cinematograf[\/tabtext]\n[\/tabcontainer]\n[tabcontent]\n\n\t\t<div class=\"tab-content\" id=\"tab-content-1\">\n\t\t\t<div class=\"tab-content-wrap\"><iframe loading=\"lazy\" src=\"https:\/\/www.youtube.com\/embed\/HfypIdAOlqs\" width=\"560\" height=\"315\" frameborder=\"0\" allowfullscreen=\"allowfullscreen\"><\/iframe>\n\t\t\t<\/div>\n\t\t<\/div>\n\t\n\n\t\t<div class=\"tab-content\" id=\"tab-content-2\">\n\t\t\t<div class=\"tab-content-wrap\"><script src=\"http:\/\/static.cinemagia.ro\/js-v.1435245498\/movie-widget.js\" type=\"text\/javascript\"><\/script><script type=\"text\/javascript\">\/\/ <!&#091;CDATA&#091;\ncm_movie_id=32424; cm_secure_key=\"45584394aa76b5ee7d27375a8ac037df\"; cm_background=\"ffffff\"; cm_color=\"000000\"; cm_link_color=\"2660b6\"; cm_width=400; cm_height=203; cm_border_color=\"d1d1d1\"; cm_show_toolbar = 1; cm_show();\n\/\/ &#093;&#093;><\/script>\n\t\t\t<\/div>\n\t\t<\/div>\n\t\n\n\t\t<div class=\"tab-content\" id=\"tab-content-3\">\n\t\t\t<div class=\"tab-content-wrap\"><a href=\"http:\/\/urbeamea.ro\/albaiulia\/wp-content\/uploads\/2015\/01\/preturi.jpg\"><img loading=\"lazy\" decoding=\"async\" class=\"aligncenter wp-image-352 size-full\" src=\"http:\/\/urbeamea.ro\/albaiulia\/wp-content\/uploads\/2015\/01\/preturi.jpg\" alt=\"preturi\" width=\"960\" height=\"724\" srcset=\"https:\/\/urbeamea.ro\/albaiulia\/wp-content\/uploads\/2015\/01\/preturi.jpg 960w, https:\/\/urbeamea.ro\/albaiulia\/wp-content\/uploads\/2015\/01\/preturi-640x483.jpg 640w, https:\/\/urbeamea.ro\/albaiulia\/wp-content\/uploads\/2015\/01\/preturi-133x100.jpg 133w\" sizes=\"auto, (max-width: 960px) 100vw, 960px\" \/><\/a>\n\t\t\t<\/div>\n\t\t<\/div>\n\t\n\n\t\t<div class=\"tab-content\" id=\"tab-content-4\">\n\t\t\t<div class=\"tab-content-wrap\">\n<p style=\"text-align: center;\"><a href=\"http:\/\/www.colourscinema.ro\/program\/alba-iulia\/\" target=\"_blank\">PROGRAM CINEMA \u015eI REZERV\u0102RI ONLINE<\/a><\/p>\n<p>Rezerv\u0103rile on line\/telefonice trebuie achitate cu cel pu\u0163in 30 de minute \u00eenainte de \u00eenceperea filmului, \u00een caz contrar ele se vor anula;<\/p>\n<hr \/>\n<p><br data-reactid=\".13v.$mid=11421519227056=2d0bd0172d71f7cdd58.2:0.0.0.0.0.0.$end:0:$11:0\" \/>Dup\u0103 rezervarea a 70% din locuri, rezerv\u0103rile online nu vor mai fi posibile, restul locurilor fiind disponibile la casa de bilete.<\/p>\n<hr \/>\n<p><br data-reactid=\".13v.$mid=11421519227056=2d0bd0172d71f7cdd58.2:0.0.0.0.0.0.$end:0:$15:0\" \/>Biletele pentru elevi, studen\u0163i, pensionari \u015fi copii sub 10 ani se elibereaz\u0103 \u00een baza unui document justificativ, c\u0103 de exemplu: carnet elev, carnet student, cupon de pensie, certificate de na\u015ftere, etc.<\/p>\n<hr \/>\n<p>&nbsp;<\/p>\n<p>Biletele promo\u0163ionale \u015fi voucher-ele(invita\u0163iile) nedatate se supun condi\u0163iilor de disponibilitate a locurilor;<\/p>\n<hr \/>\n<p><br data-reactid=\".13v.$mid=11421519227056=2d0bd0172d71f7cdd58.2:0.0.0.0.0.0.$end:0:$19:0\" \/>Dup\u0103 rezervarea a 70% din locuri, rezerv\u0103rile online nu vor mai fi posibile, restul locurilor fiind disponibile la casa de bilete. O rezervare poate fi f\u0103cut\u0103 pentru maxim 4 locuri. Dac\u0103 se doresc mai mult de 4 locuri, acestea vor trebui achizi\u0163ionate direct de la casierie.<\/p>\n<hr \/>\n<p><br data-reactid=\".13v.$mid=11421519227056=2d0bd0172d71f7cdd58.2:0.0.0.0.0.0.$end:0:$21:0\" \/>Rezervarea va fi valabil\u0103 p\u00e2n\u0103 cu maxim 30 minute \u00eenainte de \u00eenceperea filmului. Cu 30 minute \u00eenainte de \u00eenceperea filmului, sistemul electronic de gestionare al biletelor va anula automat toate rezerv\u0103rile pentru care nu s-au achizi\u0163ionat bilete iar locurile respective vor fi puse la v\u00e2nzare.<\/p>\n<hr \/>\n<p><br data-reactid=\".13v.$mid=11421519227056=2d0bd0172d71f7cdd58.2:0.0.0.0.0.0.$end:0:$23:0\" \/>V\u0103 rug\u0103m s\u0103 achizi\u0163iona\u0163i \u00een timp util biletele pentru a evita aglomera\u0163ia la casa de bilete.<\/p>\n\n\t\t\t<\/div>\n\t\t<\/div>\n\t\n[\/tabcontent]\n<p><span style=\"line-height: 1.5;\">\n\t\t\t<div class=\"clearfix\"><\/div>\n\t\t<\/div>\n\t<\/span><\/p>\n","protected":false},"excerpt":{"rendered":"<p>John Connor (Jason Clarke), liderul rezisten\u021bei oamenilor, \u00eel trimite pe sergentul Kyle Reese (Jai Courtney) \u00eenapoi \u00een 1984 ca s\u0103 o protejeze pe Sarah Connor (Emilia Clarke) \u0219i s\u0103 asigure c\u0103 omenirea va avea un viitor pa\u0219nic, lucrurile iau o \u00eentors\u0103tur\u0103 nea\u0219teptat\u0103 \u0219i se creaz\u0103 o fractur\u0103 \u00een linia temporal\u0103. Astfel, Reese se treze\u0219te \u00eentr-o &hellip;<\/p>\n","protected":false},"author":16,"featured_media":5717,"comment_status":"open","ping_status":"open","sticky":false,"template":"","format":"standard","meta":{"inline_featured_image":false,"footnotes":""},"categories":[28],"tags":[],"class_list":["post-5716","post","type-post","status-publish","format-standard","has-post-thumbnail","hentry","category-cinema"],"yoast_head":"<!-- This site is optimized with the Yoast SEO plugin v27.4 - https:\/\/yoast.com\/product\/yoast-seo-wordpress\/ -->\n<title>Terminator: Genisys - 3D la Colours Cinema din 2 Iulie - Revista Urbea Mea - Revista de Alba<\/title>\n<meta name=\"description\" content=\"John Connor (Jason Clarke), liderul rezisten\u021bei oamenilor, \u00eel trimite pe sergentul Kyle Reese (Jai Courtney) \u00eenapoi \u00een 1984 ca s\u0103 o protejeze pe Sarah\" \/>\n<meta name=\"robots\" content=\"index, follow, max-snippet:-1, max-image-preview:large, max-video-preview:-1\" \/>\n<link rel=\"canonical\" href=\"https:\/\/urbeamea.ro\/albaiulia\/terminator-genisys-3d-la-colours-cinema-din-2-iulie\/\" \/>\n<meta name=\"twitter:card\" content=\"summary_large_image\" \/>\n<meta name=\"twitter:title\" content=\"Terminator: Genisys - 3D la Colours Cinema din 2 Iulie - Revista Urbea Mea - Revista de Alba\" \/>\n<meta name=\"twitter:description\" content=\"John Connor (Jason Clarke), liderul rezisten\u021bei oamenilor, \u00eel trimite pe sergentul Kyle Reese (Jai Courtney) \u00eenapoi \u00een 1984 ca s\u0103 o protejeze pe Sarah\" \/>\n<meta name=\"twitter:image\" content=\"https:\/\/urbeamea.ro\/albaiulia\/wp-content\/uploads\/2015\/06\/Terminator-Genisys.jpg\" \/>\n<meta name=\"twitter:creator\" content=\"@urbeameaweb\" \/>\n<meta name=\"twitter:site\" content=\"@urbeameaweb\" \/>\n<script type=\"application\/ld+json\" class=\"yoast-schema-graph\">{\"@context\":\"https:\\\/\\\/schema.org\",\"@graph\":[{\"@type\":\"Article\",\"@id\":\"https:\\\/\\\/urbeamea.ro\\\/albaiulia\\\/terminator-genisys-3d-la-colours-cinema-din-2-iulie\\\/#article\",\"isPartOf\":{\"@id\":\"https:\\\/\\\/urbeamea.ro\\\/albaiulia\\\/terminator-genisys-3d-la-colours-cinema-din-2-iulie\\\/\"},\"author\":{\"name\":\"Redac\u021bia UrbeaMea\",\"@id\":\"https:\\\/\\\/urbeamea.ro\\\/albaiulia\\\/#\\\/schema\\\/person\\\/272ae98052f8ee8980f59848df070247\"},\"headline\":\"Terminator: Genisys &#8211; 3D la Colours Cinema din 2 Iulie\",\"datePublished\":\"2015-06-27T05:00:19+00:00\",\"mainEntityOfPage\":{\"@id\":\"https:\\\/\\\/urbeamea.ro\\\/albaiulia\\\/terminator-genisys-3d-la-colours-cinema-din-2-iulie\\\/\"},\"wordCount\":351,\"commentCount\":0,\"image\":{\"@id\":\"https:\\\/\\\/urbeamea.ro\\\/albaiulia\\\/terminator-genisys-3d-la-colours-cinema-din-2-iulie\\\/#primaryimage\"},\"thumbnailUrl\":\"https:\\\/\\\/urbeamea.ro\\\/albaiulia\\\/wp-content\\\/uploads\\\/2015\\\/06\\\/Terminator-Genisys.jpg\",\"articleSection\":[\"Cinema, Filme \u0219i seriale\"],\"inLanguage\":\"ro-RO\",\"potentialAction\":[{\"@type\":\"CommentAction\",\"name\":\"Comment\",\"target\":[\"https:\\\/\\\/urbeamea.ro\\\/albaiulia\\\/terminator-genisys-3d-la-colours-cinema-din-2-iulie\\\/#respond\"]}]},{\"@type\":\"WebPage\",\"@id\":\"https:\\\/\\\/urbeamea.ro\\\/albaiulia\\\/terminator-genisys-3d-la-colours-cinema-din-2-iulie\\\/\",\"url\":\"https:\\\/\\\/urbeamea.ro\\\/albaiulia\\\/terminator-genisys-3d-la-colours-cinema-din-2-iulie\\\/\",\"name\":\"Terminator: Genisys - 3D la Colours Cinema din 2 Iulie - Revista Urbea Mea - Revista de Alba\",\"isPartOf\":{\"@id\":\"https:\\\/\\\/urbeamea.ro\\\/albaiulia\\\/#website\"},\"primaryImageOfPage\":{\"@id\":\"https:\\\/\\\/urbeamea.ro\\\/albaiulia\\\/terminator-genisys-3d-la-colours-cinema-din-2-iulie\\\/#primaryimage\"},\"image\":{\"@id\":\"https:\\\/\\\/urbeamea.ro\\\/albaiulia\\\/terminator-genisys-3d-la-colours-cinema-din-2-iulie\\\/#primaryimage\"},\"thumbnailUrl\":\"https:\\\/\\\/urbeamea.ro\\\/albaiulia\\\/wp-content\\\/uploads\\\/2015\\\/06\\\/Terminator-Genisys.jpg\",\"datePublished\":\"2015-06-27T05:00:19+00:00\",\"author\":{\"@id\":\"https:\\\/\\\/urbeamea.ro\\\/albaiulia\\\/#\\\/schema\\\/person\\\/272ae98052f8ee8980f59848df070247\"},\"description\":\"John Connor (Jason Clarke), liderul rezisten\u021bei oamenilor, \u00eel trimite pe sergentul Kyle Reese (Jai Courtney) \u00eenapoi \u00een 1984 ca s\u0103 o protejeze pe Sarah\",\"breadcrumb\":{\"@id\":\"https:\\\/\\\/urbeamea.ro\\\/albaiulia\\\/terminator-genisys-3d-la-colours-cinema-din-2-iulie\\\/#breadcrumb\"},\"inLanguage\":\"ro-RO\",\"potentialAction\":[{\"@type\":\"ReadAction\",\"target\":[\"https:\\\/\\\/urbeamea.ro\\\/albaiulia\\\/terminator-genisys-3d-la-colours-cinema-din-2-iulie\\\/\"]}]},{\"@type\":\"ImageObject\",\"inLanguage\":\"ro-RO\",\"@id\":\"https:\\\/\\\/urbeamea.ro\\\/albaiulia\\\/terminator-genisys-3d-la-colours-cinema-din-2-iulie\\\/#primaryimage\",\"url\":\"https:\\\/\\\/urbeamea.ro\\\/albaiulia\\\/wp-content\\\/uploads\\\/2015\\\/06\\\/Terminator-Genisys.jpg\",\"contentUrl\":\"https:\\\/\\\/urbeamea.ro\\\/albaiulia\\\/wp-content\\\/uploads\\\/2015\\\/06\\\/Terminator-Genisys.jpg\",\"width\":892,\"height\":1280},{\"@type\":\"BreadcrumbList\",\"@id\":\"https:\\\/\\\/urbeamea.ro\\\/albaiulia\\\/terminator-genisys-3d-la-colours-cinema-din-2-iulie\\\/#breadcrumb\",\"itemListElement\":[{\"@type\":\"ListItem\",\"position\":1,\"name\":\"Prima pagin\u0103\",\"item\":\"https:\\\/\\\/urbeamea.ro\\\/albaiulia\\\/\"},{\"@type\":\"ListItem\",\"position\":2,\"name\":\"Terminator: Genisys &#8211; 3D la Colours Cinema din 2 Iulie\"}]},{\"@type\":\"WebSite\",\"@id\":\"https:\\\/\\\/urbeamea.ro\\\/albaiulia\\\/#website\",\"url\":\"https:\\\/\\\/urbeamea.ro\\\/albaiulia\\\/\",\"name\":\"Revista Urbea Mea, Stiri urbane\",\"description\":\"Evenimente \u0219i \u0219tiri din Alba Iulia, Sebe\u0219, Aiud, Blaj\",\"potentialAction\":[{\"@type\":\"SearchAction\",\"target\":{\"@type\":\"EntryPoint\",\"urlTemplate\":\"https:\\\/\\\/urbeamea.ro\\\/albaiulia\\\/?s={search_term_string}\"},\"query-input\":{\"@type\":\"PropertyValueSpecification\",\"valueRequired\":true,\"valueName\":\"search_term_string\"}}],\"inLanguage\":\"ro-RO\"},{\"@type\":\"Person\",\"@id\":\"https:\\\/\\\/urbeamea.ro\\\/albaiulia\\\/#\\\/schema\\\/person\\\/272ae98052f8ee8980f59848df070247\",\"name\":\"Redac\u021bia UrbeaMea\",\"image\":{\"@type\":\"ImageObject\",\"inLanguage\":\"ro-RO\",\"@id\":\"https:\\\/\\\/secure.gravatar.com\\\/avatar\\\/9ce5a9435071fa1037e8468053ead8e513dbbff59009d3069aadb85506d85a27?s=96&d=mm&r=g\",\"url\":\"https:\\\/\\\/secure.gravatar.com\\\/avatar\\\/9ce5a9435071fa1037e8468053ead8e513dbbff59009d3069aadb85506d85a27?s=96&d=mm&r=g\",\"contentUrl\":\"https:\\\/\\\/secure.gravatar.com\\\/avatar\\\/9ce5a9435071fa1037e8468053ead8e513dbbff59009d3069aadb85506d85a27?s=96&d=mm&r=g\",\"caption\":\"Redac\u021bia UrbeaMea\"},\"description\":\"contact@urbeamea.ro\",\"sameAs\":[\"https:\\\/\\\/www.urbeamea.ro\"],\"url\":\"https:\\\/\\\/urbeamea.ro\\\/albaiulia\\\/author\\\/redactia-urbeamea\\\/\"}]}<\/script>\n<!-- \/ Yoast SEO plugin. -->","yoast_head_json":{"title":"Terminator: Genisys - 3D la Colours Cinema din 2 Iulie - Revista Urbea Mea - Revista de Alba","description":"John Connor (Jason Clarke), liderul rezisten\u021bei oamenilor, \u00eel trimite pe sergentul Kyle Reese (Jai Courtney) \u00eenapoi \u00een 1984 ca s\u0103 o protejeze pe Sarah","robots":{"index":"index","follow":"follow","max-snippet":"max-snippet:-1","max-image-preview":"max-image-preview:large","max-video-preview":"max-video-preview:-1"},"canonical":"https:\/\/urbeamea.ro\/albaiulia\/terminator-genisys-3d-la-colours-cinema-din-2-iulie\/","twitter_card":"summary_large_image","twitter_title":"Terminator: Genisys - 3D la Colours Cinema din 2 Iulie - Revista Urbea Mea - Revista de Alba","twitter_description":"John Connor (Jason Clarke), liderul rezisten\u021bei oamenilor, \u00eel trimite pe sergentul Kyle Reese (Jai Courtney) \u00eenapoi \u00een 1984 ca s\u0103 o protejeze pe Sarah","twitter_image":"https:\/\/urbeamea.ro\/albaiulia\/wp-content\/uploads\/2015\/06\/Terminator-Genisys.jpg","twitter_creator":"@urbeameaweb","twitter_site":"@urbeameaweb","schema":{"@context":"https:\/\/schema.org","@graph":[{"@type":"Article","@id":"https:\/\/urbeamea.ro\/albaiulia\/terminator-genisys-3d-la-colours-cinema-din-2-iulie\/#article","isPartOf":{"@id":"https:\/\/urbeamea.ro\/albaiulia\/terminator-genisys-3d-la-colours-cinema-din-2-iulie\/"},"author":{"name":"Redac\u021bia UrbeaMea","@id":"https:\/\/urbeamea.ro\/albaiulia\/#\/schema\/person\/272ae98052f8ee8980f59848df070247"},"headline":"Terminator: Genisys &#8211; 3D la Colours Cinema din 2 Iulie","datePublished":"2015-06-27T05:00:19+00:00","mainEntityOfPage":{"@id":"https:\/\/urbeamea.ro\/albaiulia\/terminator-genisys-3d-la-colours-cinema-din-2-iulie\/"},"wordCount":351,"commentCount":0,"image":{"@id":"https:\/\/urbeamea.ro\/albaiulia\/terminator-genisys-3d-la-colours-cinema-din-2-iulie\/#primaryimage"},"thumbnailUrl":"https:\/\/urbeamea.ro\/albaiulia\/wp-content\/uploads\/2015\/06\/Terminator-Genisys.jpg","articleSection":["Cinema, Filme \u0219i seriale"],"inLanguage":"ro-RO","potentialAction":[{"@type":"CommentAction","name":"Comment","target":["https:\/\/urbeamea.ro\/albaiulia\/terminator-genisys-3d-la-colours-cinema-din-2-iulie\/#respond"]}]},{"@type":"WebPage","@id":"https:\/\/urbeamea.ro\/albaiulia\/terminator-genisys-3d-la-colours-cinema-din-2-iulie\/","url":"https:\/\/urbeamea.ro\/albaiulia\/terminator-genisys-3d-la-colours-cinema-din-2-iulie\/","name":"Terminator: Genisys - 3D la Colours Cinema din 2 Iulie - Revista Urbea Mea - Revista de Alba","isPartOf":{"@id":"https:\/\/urbeamea.ro\/albaiulia\/#website"},"primaryImageOfPage":{"@id":"https:\/\/urbeamea.ro\/albaiulia\/terminator-genisys-3d-la-colours-cinema-din-2-iulie\/#primaryimage"},"image":{"@id":"https:\/\/urbeamea.ro\/albaiulia\/terminator-genisys-3d-la-colours-cinema-din-2-iulie\/#primaryimage"},"thumbnailUrl":"https:\/\/urbeamea.ro\/albaiulia\/wp-content\/uploads\/2015\/06\/Terminator-Genisys.jpg","datePublished":"2015-06-27T05:00:19+00:00","author":{"@id":"https:\/\/urbeamea.ro\/albaiulia\/#\/schema\/person\/272ae98052f8ee8980f59848df070247"},"description":"John Connor (Jason Clarke), liderul rezisten\u021bei oamenilor, \u00eel trimite pe sergentul Kyle Reese (Jai Courtney) \u00eenapoi \u00een 1984 ca s\u0103 o protejeze pe Sarah","breadcrumb":{"@id":"https:\/\/urbeamea.ro\/albaiulia\/terminator-genisys-3d-la-colours-cinema-din-2-iulie\/#breadcrumb"},"inLanguage":"ro-RO","potentialAction":[{"@type":"ReadAction","target":["https:\/\/urbeamea.ro\/albaiulia\/terminator-genisys-3d-la-colours-cinema-din-2-iulie\/"]}]},{"@type":"ImageObject","inLanguage":"ro-RO","@id":"https:\/\/urbeamea.ro\/albaiulia\/terminator-genisys-3d-la-colours-cinema-din-2-iulie\/#primaryimage","url":"https:\/\/urbeamea.ro\/albaiulia\/wp-content\/uploads\/2015\/06\/Terminator-Genisys.jpg","contentUrl":"https:\/\/urbeamea.ro\/albaiulia\/wp-content\/uploads\/2015\/06\/Terminator-Genisys.jpg","width":892,"height":1280},{"@type":"BreadcrumbList","@id":"https:\/\/urbeamea.ro\/albaiulia\/terminator-genisys-3d-la-colours-cinema-din-2-iulie\/#breadcrumb","itemListElement":[{"@type":"ListItem","position":1,"name":"Prima pagin\u0103","item":"https:\/\/urbeamea.ro\/albaiulia\/"},{"@type":"ListItem","position":2,"name":"Terminator: Genisys &#8211; 3D la Colours Cinema din 2 Iulie"}]},{"@type":"WebSite","@id":"https:\/\/urbeamea.ro\/albaiulia\/#website","url":"https:\/\/urbeamea.ro\/albaiulia\/","name":"Revista Urbea Mea, Stiri urbane","description":"Evenimente \u0219i \u0219tiri din Alba Iulia, Sebe\u0219, Aiud, Blaj","potentialAction":[{"@type":"SearchAction","target":{"@type":"EntryPoint","urlTemplate":"https:\/\/urbeamea.ro\/albaiulia\/?s={search_term_string}"},"query-input":{"@type":"PropertyValueSpecification","valueRequired":true,"valueName":"search_term_string"}}],"inLanguage":"ro-RO"},{"@type":"Person","@id":"https:\/\/urbeamea.ro\/albaiulia\/#\/schema\/person\/272ae98052f8ee8980f59848df070247","name":"Redac\u021bia UrbeaMea","image":{"@type":"ImageObject","inLanguage":"ro-RO","@id":"https:\/\/secure.gravatar.com\/avatar\/9ce5a9435071fa1037e8468053ead8e513dbbff59009d3069aadb85506d85a27?s=96&d=mm&r=g","url":"https:\/\/secure.gravatar.com\/avatar\/9ce5a9435071fa1037e8468053ead8e513dbbff59009d3069aadb85506d85a27?s=96&d=mm&r=g","contentUrl":"https:\/\/secure.gravatar.com\/avatar\/9ce5a9435071fa1037e8468053ead8e513dbbff59009d3069aadb85506d85a27?s=96&d=mm&r=g","caption":"Redac\u021bia UrbeaMea"},"description":"contact@urbeamea.ro","sameAs":["https:\/\/www.urbeamea.ro"],"url":"https:\/\/urbeamea.ro\/albaiulia\/author\/redactia-urbeamea\/"}]}},"_links":{"self":[{"href":"https:\/\/urbeamea.ro\/albaiulia\/wp-json\/wp\/v2\/posts\/5716","targetHints":{"allow":["GET"]}}],"collection":[{"href":"https:\/\/urbeamea.ro\/albaiulia\/wp-json\/wp\/v2\/posts"}],"about":[{"href":"https:\/\/urbeamea.ro\/albaiulia\/wp-json\/wp\/v2\/types\/post"}],"author":[{"embeddable":true,"href":"https:\/\/urbeamea.ro\/albaiulia\/wp-json\/wp\/v2\/users\/16"}],"replies":[{"embeddable":true,"href":"https:\/\/urbeamea.ro\/albaiulia\/wp-json\/wp\/v2\/comments?post=5716"}],"version-history":[{"count":0,"href":"https:\/\/urbeamea.ro\/albaiulia\/wp-json\/wp\/v2\/posts\/5716\/revisions"}],"wp:featuredmedia":[{"embeddable":true,"href":"https:\/\/urbeamea.ro\/albaiulia\/wp-json\/wp\/v2\/media\/5717"}],"wp:attachment":[{"href":"https:\/\/urbeamea.ro\/albaiulia\/wp-json\/wp\/v2\/media?parent=5716"}],"wp:term":[{"taxonomy":"category","embeddable":true,"href":"https:\/\/urbeamea.ro\/albaiulia\/wp-json\/wp\/v2\/categories?post=5716"},{"taxonomy":"post_tag","embeddable":true,"href":"https:\/\/urbeamea.ro\/albaiulia\/wp-json\/wp\/v2\/tags?post=5716"}],"curies":[{"name":"wp","href":"https:\/\/api.w.org\/{rel}","templated":true}]}}