{"id":5724,"date":"2015-06-27T09:25:51","date_gmt":"2015-06-27T06:25:51","guid":{"rendered":"http:\/\/urbeamea.ro\/albaiulia\/?p=5724"},"modified":"2015-06-30T09:44:29","modified_gmt":"2015-06-30T06:44:29","slug":"4-5-iulie-feeric-fashion-days-in-cetatea-alba-carolina-vezi-programul-complet","status":"publish","type":"post","link":"https:\/\/urbeamea.ro\/albaiulia\/4-5-iulie-feeric-fashion-days-in-cetatea-alba-carolina-vezi-programul-complet\/","title":{"rendered":"4-5 Iulie: Feeric Fashion Days \u00een Cetatea Alba Carolina. Vezi programul complet!"},"content":{"rendered":"<p><a href=\"http:\/\/urbeamea.ro\/albaiulia\/wp-content\/uploads\/2015\/06\/feeric4.jpg\"><img loading=\"lazy\" decoding=\"async\" class=\"alignleft size-medium wp-image-5727\" src=\"http:\/\/urbeamea.ro\/albaiulia\/wp-content\/uploads\/2015\/06\/feeric4-300x300.jpg\" alt=\"feeric4\" width=\"300\" height=\"300\" \/><\/a>Alba Iulia \u0219i-a f\u0103cut intrarea triumfal\u0103 \u00een aceasta ni\u0219\u0103 important\u0103, prin prima edi\u021bie a Festivalului Feeric Fashion Days, desf\u0103\u0219urat\u0103 anul trecut \u00een Cetatea Alba Carolina \u0219i devenit\u0103 deja un reper \u00een zona fashion.\u00a0Prezent\u0103ri de mod\u0103, ateliere de fotografie, de machiaj \u0219i hairstyle \u0219i multe alte surprize \u00eei a\u0219teapt\u0103 pe to\u021bi cei care vor s\u0103 vad\u0103 cum un ora\u0219 se poate transforma \u0219i prin mod\u0103 timp de dou\u0103 zile \u00een magnifica Cetate Alba Carolina \u00een 4-5 Iulie.<\/p>\n<p>Dimensiunea interna\u021bional\u0103 a Feeric Fashion Days este dat\u0103, \u00een primul r\u00e2nd, de invita\u021bii ce vor poposi \u00een cele dou\u0103 ora\u0219e ale Transilvaniei pe durata acestei s\u0103pt\u0103m\u00e2ni a modei.\u00a0Designer, actri\u021b\u0103 \u0219i model de talie interna\u021bional\u0103, Catrinel Menghia a ales Sibiul pentru prima ei prezentare din postura de designer, cu noua ei colec\u021bie de gen\u021bi intitulat\u0103 Catherinelle.\u00a0Valeria Mangani, vicepre\u0219edintele Alta Roma \/ Alta Moda, Svetlana Horvat, pre\u0219edintele Serbia Fashion Week sau Radis Nikzad pre\u0219edintele Haute Future Fashion Academy din Milano se num\u0103r\u0103 printre invita\u021bii de marc\u0103 ai edi\u021biei din acest an.<\/p>\n<p><em>Programul evenimentului Feeric Fashion Days:<\/em><\/p>\n<p><strong>S\u00e2mb\u0103t\u0103, 4 iulie<\/strong><\/p>\n<p>12: 00 &#8211; Workshop de fotografie de mod\u0103 &gt; Quantumm Rom\u00e2nia<\/p>\n<p>19:00 &#8211; <strong>prezentare de mod\u0103 Ana Maria Galan \/ Gr\u0103dina Roman\u0103<\/strong><\/p>\n<p><strong>Ana revine la Feeric dup\u0103 o absen\u0163\u0103 motivat\u0103 anul trecut. Ea vine din Spania cu o colec\u0163ie plin\u0103 de via\u0163\u0103 pe care o va prezenta \u00eentr-un cadru adecvat \u00een Gr\u0103dina Roman\u0103, un loc plin \u00eenc\u0103rc\u0103tur\u0103 istoric\u0103 dar \u015fi de culoare.<\/strong><\/p>\n<p>21:00 &#8211; Gala Feeric \/ Poarta 3 a Cet\u0103\u0163ii Alba Carolina<\/p>\n<p><strong>\u00cen mod excep\u0163ional anul acesta Feeric Fashion Days aduce la Alba Iulia designeri interna\u0163ionali. Astfel, \u00een prima sear\u0103 a Galei vom vedea o colec\u0163ie a academiei de mod\u0103 din Milano &#8211; Haute Future Fashion Academy \u015fi a unor designeri rom\u00e2ni de prestigiu.<\/strong><\/p>\n<p>Duminic\u0103, 5 iulie<\/p>\n<p>12: 00 &#8211; Workshop de fotografie de mod\u0103 &gt; Quantumm Rom\u00e2nia<\/p>\n<p>19:00 &#8211; prezentare de mod\u0103 Sarah Jessy Jones \/ Muzeul Principia<\/p>\n<p><strong>Poate cea mai important\u0103 surpriz\u0103 a acestei edi\u0163ii o furnizeaz\u0103 Diego de Biase \u015fi Eduardo Perez, cei doi arti\u015fti ce dau brandului\u00a0Sarah Jessy Jones din Buenos Aires o imagine particular\u0103.\u00a0<\/strong><\/p>\n<p>21:00 &#8211;\u00a0Gala Feeric \/ Poarta 3 a Cet\u0103\u0163ii Alba Carolina<\/p>\n<p><strong>\u00cen cea de-a doua sear\u0103 a festivalului Feeric Fashion Days, Paola Balzano din Londra \u015fi Gianni Tolentino din Milano vor prezenta colec\u0163ii de excep\u0163ie.<\/strong><\/p>\n<p><a href=\"http:\/\/urbeamea.ro\/albaiulia\/wp-content\/uploads\/2015\/06\/feeric.jpg\"><img loading=\"lazy\" decoding=\"async\" class=\" size-medium wp-image-5729 alignright\" src=\"http:\/\/urbeamea.ro\/albaiulia\/wp-content\/uploads\/2015\/06\/feeric-300x300.jpg\" alt=\"feeric\" width=\"300\" height=\"300\" srcset=\"https:\/\/urbeamea.ro\/albaiulia\/wp-content\/uploads\/2015\/06\/feeric-300x300.jpg 300w, https:\/\/urbeamea.ro\/albaiulia\/wp-content\/uploads\/2015\/06\/feeric-150x150.jpg 150w, https:\/\/urbeamea.ro\/albaiulia\/wp-content\/uploads\/2015\/06\/feeric-160x160.jpg 160w, https:\/\/urbeamea.ro\/albaiulia\/wp-content\/uploads\/2015\/06\/feeric-240x240.jpg 240w, https:\/\/urbeamea.ro\/albaiulia\/wp-content\/uploads\/2015\/06\/feeric-60x60.jpg 60w, https:\/\/urbeamea.ro\/albaiulia\/wp-content\/uploads\/2015\/06\/feeric-184x184.jpg 184w, https:\/\/urbeamea.ro\/albaiulia\/wp-content\/uploads\/2015\/06\/feeric.jpg 640w\" sizes=\"auto, (max-width: 300px) 100vw, 300px\" \/><\/a>\u201e<em>Eforturile echipei de organizare a festivalului \u00ee\u0219i v\u0103d roadele.\u00a0De-a lungul anului am participat la numeroase evenimente de talie interna\u021bional\u0103, \u00een special la evenimente de marc\u0103 din Italia, Alta Roma sau Milan Fashion Week, de multe ori al\u0103turi de colegii mei, pentru a acumula \u0219i mai mult\u0103 experien\u021b\u0103 \u00een organizarea unor asemenea evenimente.<\/em><\/p>\n<p><em>Feeric Fashion Days se \u00eendreapt\u0103 spre a deveni un punct de referin\u021b\u0103 \u00een lumea interna\u021bional\u0103 a modei iar faptul c\u0103 at\u00e2t de multe personalit\u0103\u021bi marcante din Europa \u0219i Statele Unite au acceptat invita\u021bia de a participa la prezent\u0103rile de mod\u0103 din Alba Iulia \u0219i Sibiu este o recunoa\u0219tere a direc\u021biei bune \u00eenspre care ne \u00eendrept\u0103m<\/em>\u201d, spune Mitichi, pre\u0219edintele Feeric Fashion Days.<\/p>\n<p><a href=\"http:\/\/urbeamea.ro\/albaiulia\/wp-content\/uploads\/2015\/06\/feeric3.jpg\"><img loading=\"lazy\" decoding=\"async\" class=\"alignleft size-medium wp-image-5730\" src=\"http:\/\/urbeamea.ro\/albaiulia\/wp-content\/uploads\/2015\/06\/feeric3-300x300.jpg\" alt=\"feeric3\" width=\"300\" height=\"300\" \/><\/a>Prezentare individual\u0103 se deruleaz\u0103 \u00eentr-o loca\u021bie particular\u0103, \u00een care decorurile amplasamentul \u015fi tematica sunt \u00een accord cu tema colec\u0163iei. Spa\u0163iul va fi avizat de autorit\u0103\u021bile competente at\u00e2t \u00een Sibiu c\u00e2t \u0219i \u00een Alba Iulia \u0219i propus designerilor \u00een func\u021bie de ordinea \u00eenscrierii acestora in proiect.<\/p>\n<p>Pe pasarelele festivalului de anul acesta vor defila crea\u021bii ale unor designeri din Paris, Londra, Milano, New York, Olanda, Spania, Suedia, Serbia, Malta, Argentina, Turcia sau Rom\u00e2nia.<\/p>\n<p>Cea de-a opta edi\u021bie a Feeric Fashion Days transform\u0103 festivalul de mod\u0103 de la Sibiu \u00een cea mai important\u0103 s\u0103pt\u0103m\u00e2n\u0103 a modei din Europa de Est dup\u0103 crearea leg\u0103turii dintre festivalurile din Alba Iulia \u0219i Sibiu.\u00a0Feeric Fashion Days 2015 \u00eencepe \u00een 4-5 iulie \u00een Alba Iulia \u0219i continu\u0103 \u00eentre 7 \u0219i 12 iulie la Sibiu, cu peste 50 de prezent\u0103ri de mod\u0103 realizate de designeri recunoscu\u021bi \u00een \u00eentreaga lume.<\/p>\n<p><a href=\"http:\/\/urbeamea.ro\/albaiulia\/wp-content\/uploads\/2015\/06\/feericseara.jpg\"><img loading=\"lazy\" decoding=\"async\" class=\" size-medium wp-image-5731 alignright\" src=\"http:\/\/urbeamea.ro\/albaiulia\/wp-content\/uploads\/2015\/06\/feericseara-300x218.jpg\" alt=\"feericseara\" width=\"300\" height=\"218\" \/><\/a>Gala Feeric reprezint\u0103 cel mai amplu si mai spectaculos eveniment din cadrul festivalului. Loca\u021biile \u00een aer liber, \u00een cele mai importante spa\u021bii din ora\u0219ele Alba Iulia \u0219i Sibiu atrag un public de peste 5000 de spectatori. 5-6 prezent\u0103ri de mod\u0103 se vor derula succesiv \u00eentr-o gal\u0103 elaborat\u0103, ce implic\u0103 evenimente conexe, minirecitaluri, momente artistice \u015fi alte surprize.<\/p>\n<p>Feeric Fashion Days Alba Iulia este un eveniment organizat de Funda\u021bia Mitichi \u0219i sus\u021binut de Prim\u0103ria municipiului Alba Iulia, Consiliul Jude\u021bean Alba \u0219i Muzeul Na\u021bional al Unirii Alba Iulia.<\/p>\n","protected":false},"excerpt":{"rendered":"<p>Alba Iulia \u0219i-a f\u0103cut intrarea triumfal\u0103 \u00een aceasta ni\u0219\u0103 important\u0103, prin prima edi\u021bie a Festivalului Feeric Fashion Days, desf\u0103\u0219urat\u0103 anul trecut \u00een Cetatea Alba Carolina \u0219i devenit\u0103 deja un reper \u00een zona fashion.\u00a0Prezent\u0103ri de mod\u0103, ateliere de fotografie, de machiaj \u0219i hairstyle \u0219i multe alte surprize \u00eei a\u0219teapt\u0103 pe to\u021bi cei care vor s\u0103 vad\u0103 &hellip;<\/p>\n","protected":false},"author":16,"featured_media":5727,"comment_status":"open","ping_status":"open","sticky":false,"template":"","format":"standard","meta":{"inline_featured_image":false,"footnotes":""},"categories":[4],"tags":[],"class_list":["post-5724","post","type-post","status-publish","format-standard","has-post-thumbnail","hentry","category-eveniment"],"yoast_head":"<!-- This site is optimized with the Yoast SEO plugin v27.4 - https:\/\/yoast.com\/product\/yoast-seo-wordpress\/ -->\n<title>4-5 Iulie: Feeric Fashion Days \u00een Cetatea Alba Carolina. Vezi programul complet! - Revista Urbea Mea - Revista de Alba<\/title>\n<meta name=\"description\" content=\"Alba Iulia \u0219i-a f\u0103cut intrarea triumfal\u0103 \u00een aceasta ni\u0219\u0103 important\u0103, prin prima edi\u021bie a Festivalului Feeric Fashion Days, desf\u0103\u0219urat\u0103 anul trecut \u00een\" \/>\n<meta name=\"robots\" content=\"index, follow, max-snippet:-1, max-image-preview:large, max-video-preview:-1\" \/>\n<link rel=\"canonical\" href=\"https:\/\/urbeamea.ro\/albaiulia\/4-5-iulie-feeric-fashion-days-in-cetatea-alba-carolina-vezi-programul-complet\/\" \/>\n<meta name=\"twitter:card\" content=\"summary_large_image\" \/>\n<meta name=\"twitter:title\" content=\"4-5 Iulie: Feeric Fashion Days \u00een Cetatea Alba Carolina. Vezi programul complet! - Revista Urbea Mea - Revista de Alba\" \/>\n<meta name=\"twitter:description\" content=\"Alba Iulia \u0219i-a f\u0103cut intrarea triumfal\u0103 \u00een aceasta ni\u0219\u0103 important\u0103, prin prima edi\u021bie a Festivalului Feeric Fashion Days, desf\u0103\u0219urat\u0103 anul trecut \u00een\" \/>\n<meta name=\"twitter:image\" content=\"https:\/\/urbeamea.ro\/albaiulia\/wp-content\/uploads\/2015\/06\/feeric4.jpg\" \/>\n<meta name=\"twitter:creator\" content=\"@urbeameaweb\" \/>\n<meta name=\"twitter:site\" content=\"@urbeameaweb\" \/>\n<script type=\"application\/ld+json\" class=\"yoast-schema-graph\">{\"@context\":\"https:\\\/\\\/schema.org\",\"@graph\":[{\"@type\":\"Article\",\"@id\":\"https:\\\/\\\/urbeamea.ro\\\/albaiulia\\\/4-5-iulie-feeric-fashion-days-in-cetatea-alba-carolina-vezi-programul-complet\\\/#article\",\"isPartOf\":{\"@id\":\"https:\\\/\\\/urbeamea.ro\\\/albaiulia\\\/4-5-iulie-feeric-fashion-days-in-cetatea-alba-carolina-vezi-programul-complet\\\/\"},\"author\":{\"name\":\"Redac\u021bia UrbeaMea\",\"@id\":\"https:\\\/\\\/urbeamea.ro\\\/albaiulia\\\/#\\\/schema\\\/person\\\/272ae98052f8ee8980f59848df070247\"},\"headline\":\"4-5 Iulie: Feeric Fashion Days \u00een Cetatea Alba Carolina. Vezi programul complet!\",\"datePublished\":\"2015-06-27T06:25:51+00:00\",\"dateModified\":\"2015-06-30T06:44:29+00:00\",\"mainEntityOfPage\":{\"@id\":\"https:\\\/\\\/urbeamea.ro\\\/albaiulia\\\/4-5-iulie-feeric-fashion-days-in-cetatea-alba-carolina-vezi-programul-complet\\\/\"},\"wordCount\":792,\"commentCount\":0,\"image\":{\"@id\":\"https:\\\/\\\/urbeamea.ro\\\/albaiulia\\\/4-5-iulie-feeric-fashion-days-in-cetatea-alba-carolina-vezi-programul-complet\\\/#primaryimage\"},\"thumbnailUrl\":\"https:\\\/\\\/urbeamea.ro\\\/albaiulia\\\/wp-content\\\/uploads\\\/2015\\\/06\\\/feeric4.jpg\",\"articleSection\":[\"Evenimente\"],\"inLanguage\":\"ro-RO\",\"potentialAction\":[{\"@type\":\"CommentAction\",\"name\":\"Comment\",\"target\":[\"https:\\\/\\\/urbeamea.ro\\\/albaiulia\\\/4-5-iulie-feeric-fashion-days-in-cetatea-alba-carolina-vezi-programul-complet\\\/#respond\"]}]},{\"@type\":\"WebPage\",\"@id\":\"https:\\\/\\\/urbeamea.ro\\\/albaiulia\\\/4-5-iulie-feeric-fashion-days-in-cetatea-alba-carolina-vezi-programul-complet\\\/\",\"url\":\"https:\\\/\\\/urbeamea.ro\\\/albaiulia\\\/4-5-iulie-feeric-fashion-days-in-cetatea-alba-carolina-vezi-programul-complet\\\/\",\"name\":\"4-5 Iulie: Feeric Fashion Days \u00een Cetatea Alba Carolina. Vezi programul complet! - Revista Urbea Mea - Revista de Alba\",\"isPartOf\":{\"@id\":\"https:\\\/\\\/urbeamea.ro\\\/albaiulia\\\/#website\"},\"primaryImageOfPage\":{\"@id\":\"https:\\\/\\\/urbeamea.ro\\\/albaiulia\\\/4-5-iulie-feeric-fashion-days-in-cetatea-alba-carolina-vezi-programul-complet\\\/#primaryimage\"},\"image\":{\"@id\":\"https:\\\/\\\/urbeamea.ro\\\/albaiulia\\\/4-5-iulie-feeric-fashion-days-in-cetatea-alba-carolina-vezi-programul-complet\\\/#primaryimage\"},\"thumbnailUrl\":\"https:\\\/\\\/urbeamea.ro\\\/albaiulia\\\/wp-content\\\/uploads\\\/2015\\\/06\\\/feeric4.jpg\",\"datePublished\":\"2015-06-27T06:25:51+00:00\",\"dateModified\":\"2015-06-30T06:44:29+00:00\",\"author\":{\"@id\":\"https:\\\/\\\/urbeamea.ro\\\/albaiulia\\\/#\\\/schema\\\/person\\\/272ae98052f8ee8980f59848df070247\"},\"description\":\"Alba Iulia \u0219i-a f\u0103cut intrarea triumfal\u0103 \u00een aceasta ni\u0219\u0103 important\u0103, prin prima edi\u021bie a Festivalului Feeric Fashion Days, desf\u0103\u0219urat\u0103 anul trecut \u00een\",\"breadcrumb\":{\"@id\":\"https:\\\/\\\/urbeamea.ro\\\/albaiulia\\\/4-5-iulie-feeric-fashion-days-in-cetatea-alba-carolina-vezi-programul-complet\\\/#breadcrumb\"},\"inLanguage\":\"ro-RO\",\"potentialAction\":[{\"@type\":\"ReadAction\",\"target\":[\"https:\\\/\\\/urbeamea.ro\\\/albaiulia\\\/4-5-iulie-feeric-fashion-days-in-cetatea-alba-carolina-vezi-programul-complet\\\/\"]}]},{\"@type\":\"ImageObject\",\"inLanguage\":\"ro-RO\",\"@id\":\"https:\\\/\\\/urbeamea.ro\\\/albaiulia\\\/4-5-iulie-feeric-fashion-days-in-cetatea-alba-carolina-vezi-programul-complet\\\/#primaryimage\",\"url\":\"https:\\\/\\\/urbeamea.ro\\\/albaiulia\\\/wp-content\\\/uploads\\\/2015\\\/06\\\/feeric4.jpg\",\"contentUrl\":\"https:\\\/\\\/urbeamea.ro\\\/albaiulia\\\/wp-content\\\/uploads\\\/2015\\\/06\\\/feeric4.jpg\",\"width\":640,\"height\":640},{\"@type\":\"BreadcrumbList\",\"@id\":\"https:\\\/\\\/urbeamea.ro\\\/albaiulia\\\/4-5-iulie-feeric-fashion-days-in-cetatea-alba-carolina-vezi-programul-complet\\\/#breadcrumb\",\"itemListElement\":[{\"@type\":\"ListItem\",\"position\":1,\"name\":\"Prima pagin\u0103\",\"item\":\"https:\\\/\\\/urbeamea.ro\\\/albaiulia\\\/\"},{\"@type\":\"ListItem\",\"position\":2,\"name\":\"4-5 Iulie: Feeric Fashion Days \u00een Cetatea Alba Carolina. Vezi programul complet!\"}]},{\"@type\":\"WebSite\",\"@id\":\"https:\\\/\\\/urbeamea.ro\\\/albaiulia\\\/#website\",\"url\":\"https:\\\/\\\/urbeamea.ro\\\/albaiulia\\\/\",\"name\":\"Revista Urbea Mea, Stiri urbane\",\"description\":\"Evenimente \u0219i \u0219tiri din Alba Iulia, Sebe\u0219, Aiud, Blaj\",\"potentialAction\":[{\"@type\":\"SearchAction\",\"target\":{\"@type\":\"EntryPoint\",\"urlTemplate\":\"https:\\\/\\\/urbeamea.ro\\\/albaiulia\\\/?s={search_term_string}\"},\"query-input\":{\"@type\":\"PropertyValueSpecification\",\"valueRequired\":true,\"valueName\":\"search_term_string\"}}],\"inLanguage\":\"ro-RO\"},{\"@type\":\"Person\",\"@id\":\"https:\\\/\\\/urbeamea.ro\\\/albaiulia\\\/#\\\/schema\\\/person\\\/272ae98052f8ee8980f59848df070247\",\"name\":\"Redac\u021bia UrbeaMea\",\"image\":{\"@type\":\"ImageObject\",\"inLanguage\":\"ro-RO\",\"@id\":\"https:\\\/\\\/secure.gravatar.com\\\/avatar\\\/9ce5a9435071fa1037e8468053ead8e513dbbff59009d3069aadb85506d85a27?s=96&d=mm&r=g\",\"url\":\"https:\\\/\\\/secure.gravatar.com\\\/avatar\\\/9ce5a9435071fa1037e8468053ead8e513dbbff59009d3069aadb85506d85a27?s=96&d=mm&r=g\",\"contentUrl\":\"https:\\\/\\\/secure.gravatar.com\\\/avatar\\\/9ce5a9435071fa1037e8468053ead8e513dbbff59009d3069aadb85506d85a27?s=96&d=mm&r=g\",\"caption\":\"Redac\u021bia UrbeaMea\"},\"description\":\"contact@urbeamea.ro\",\"sameAs\":[\"https:\\\/\\\/www.urbeamea.ro\"],\"url\":\"https:\\\/\\\/urbeamea.ro\\\/albaiulia\\\/author\\\/redactia-urbeamea\\\/\"}]}<\/script>\n<!-- \/ Yoast SEO plugin. -->","yoast_head_json":{"title":"4-5 Iulie: Feeric Fashion Days \u00een Cetatea Alba Carolina. Vezi programul complet! - Revista Urbea Mea - Revista de Alba","description":"Alba Iulia \u0219i-a f\u0103cut intrarea triumfal\u0103 \u00een aceasta ni\u0219\u0103 important\u0103, prin prima edi\u021bie a Festivalului Feeric Fashion Days, desf\u0103\u0219urat\u0103 anul trecut \u00een","robots":{"index":"index","follow":"follow","max-snippet":"max-snippet:-1","max-image-preview":"max-image-preview:large","max-video-preview":"max-video-preview:-1"},"canonical":"https:\/\/urbeamea.ro\/albaiulia\/4-5-iulie-feeric-fashion-days-in-cetatea-alba-carolina-vezi-programul-complet\/","twitter_card":"summary_large_image","twitter_title":"4-5 Iulie: Feeric Fashion Days \u00een Cetatea Alba Carolina. Vezi programul complet! - Revista Urbea Mea - Revista de Alba","twitter_description":"Alba Iulia \u0219i-a f\u0103cut intrarea triumfal\u0103 \u00een aceasta ni\u0219\u0103 important\u0103, prin prima edi\u021bie a Festivalului Feeric Fashion Days, desf\u0103\u0219urat\u0103 anul trecut \u00een","twitter_image":"https:\/\/urbeamea.ro\/albaiulia\/wp-content\/uploads\/2015\/06\/feeric4.jpg","twitter_creator":"@urbeameaweb","twitter_site":"@urbeameaweb","schema":{"@context":"https:\/\/schema.org","@graph":[{"@type":"Article","@id":"https:\/\/urbeamea.ro\/albaiulia\/4-5-iulie-feeric-fashion-days-in-cetatea-alba-carolina-vezi-programul-complet\/#article","isPartOf":{"@id":"https:\/\/urbeamea.ro\/albaiulia\/4-5-iulie-feeric-fashion-days-in-cetatea-alba-carolina-vezi-programul-complet\/"},"author":{"name":"Redac\u021bia UrbeaMea","@id":"https:\/\/urbeamea.ro\/albaiulia\/#\/schema\/person\/272ae98052f8ee8980f59848df070247"},"headline":"4-5 Iulie: Feeric Fashion Days \u00een Cetatea Alba Carolina. Vezi programul complet!","datePublished":"2015-06-27T06:25:51+00:00","dateModified":"2015-06-30T06:44:29+00:00","mainEntityOfPage":{"@id":"https:\/\/urbeamea.ro\/albaiulia\/4-5-iulie-feeric-fashion-days-in-cetatea-alba-carolina-vezi-programul-complet\/"},"wordCount":792,"commentCount":0,"image":{"@id":"https:\/\/urbeamea.ro\/albaiulia\/4-5-iulie-feeric-fashion-days-in-cetatea-alba-carolina-vezi-programul-complet\/#primaryimage"},"thumbnailUrl":"https:\/\/urbeamea.ro\/albaiulia\/wp-content\/uploads\/2015\/06\/feeric4.jpg","articleSection":["Evenimente"],"inLanguage":"ro-RO","potentialAction":[{"@type":"CommentAction","name":"Comment","target":["https:\/\/urbeamea.ro\/albaiulia\/4-5-iulie-feeric-fashion-days-in-cetatea-alba-carolina-vezi-programul-complet\/#respond"]}]},{"@type":"WebPage","@id":"https:\/\/urbeamea.ro\/albaiulia\/4-5-iulie-feeric-fashion-days-in-cetatea-alba-carolina-vezi-programul-complet\/","url":"https:\/\/urbeamea.ro\/albaiulia\/4-5-iulie-feeric-fashion-days-in-cetatea-alba-carolina-vezi-programul-complet\/","name":"4-5 Iulie: Feeric Fashion Days \u00een Cetatea Alba Carolina. Vezi programul complet! - Revista Urbea Mea - Revista de Alba","isPartOf":{"@id":"https:\/\/urbeamea.ro\/albaiulia\/#website"},"primaryImageOfPage":{"@id":"https:\/\/urbeamea.ro\/albaiulia\/4-5-iulie-feeric-fashion-days-in-cetatea-alba-carolina-vezi-programul-complet\/#primaryimage"},"image":{"@id":"https:\/\/urbeamea.ro\/albaiulia\/4-5-iulie-feeric-fashion-days-in-cetatea-alba-carolina-vezi-programul-complet\/#primaryimage"},"thumbnailUrl":"https:\/\/urbeamea.ro\/albaiulia\/wp-content\/uploads\/2015\/06\/feeric4.jpg","datePublished":"2015-06-27T06:25:51+00:00","dateModified":"2015-06-30T06:44:29+00:00","author":{"@id":"https:\/\/urbeamea.ro\/albaiulia\/#\/schema\/person\/272ae98052f8ee8980f59848df070247"},"description":"Alba Iulia \u0219i-a f\u0103cut intrarea triumfal\u0103 \u00een aceasta ni\u0219\u0103 important\u0103, prin prima edi\u021bie a Festivalului Feeric Fashion Days, desf\u0103\u0219urat\u0103 anul trecut \u00een","breadcrumb":{"@id":"https:\/\/urbeamea.ro\/albaiulia\/4-5-iulie-feeric-fashion-days-in-cetatea-alba-carolina-vezi-programul-complet\/#breadcrumb"},"inLanguage":"ro-RO","potentialAction":[{"@type":"ReadAction","target":["https:\/\/urbeamea.ro\/albaiulia\/4-5-iulie-feeric-fashion-days-in-cetatea-alba-carolina-vezi-programul-complet\/"]}]},{"@type":"ImageObject","inLanguage":"ro-RO","@id":"https:\/\/urbeamea.ro\/albaiulia\/4-5-iulie-feeric-fashion-days-in-cetatea-alba-carolina-vezi-programul-complet\/#primaryimage","url":"https:\/\/urbeamea.ro\/albaiulia\/wp-content\/uploads\/2015\/06\/feeric4.jpg","contentUrl":"https:\/\/urbeamea.ro\/albaiulia\/wp-content\/uploads\/2015\/06\/feeric4.jpg","width":640,"height":640},{"@type":"BreadcrumbList","@id":"https:\/\/urbeamea.ro\/albaiulia\/4-5-iulie-feeric-fashion-days-in-cetatea-alba-carolina-vezi-programul-complet\/#breadcrumb","itemListElement":[{"@type":"ListItem","position":1,"name":"Prima pagin\u0103","item":"https:\/\/urbeamea.ro\/albaiulia\/"},{"@type":"ListItem","position":2,"name":"4-5 Iulie: Feeric Fashion Days \u00een Cetatea Alba Carolina. Vezi programul complet!"}]},{"@type":"WebSite","@id":"https:\/\/urbeamea.ro\/albaiulia\/#website","url":"https:\/\/urbeamea.ro\/albaiulia\/","name":"Revista Urbea Mea, Stiri urbane","description":"Evenimente \u0219i \u0219tiri din Alba Iulia, Sebe\u0219, Aiud, Blaj","potentialAction":[{"@type":"SearchAction","target":{"@type":"EntryPoint","urlTemplate":"https:\/\/urbeamea.ro\/albaiulia\/?s={search_term_string}"},"query-input":{"@type":"PropertyValueSpecification","valueRequired":true,"valueName":"search_term_string"}}],"inLanguage":"ro-RO"},{"@type":"Person","@id":"https:\/\/urbeamea.ro\/albaiulia\/#\/schema\/person\/272ae98052f8ee8980f59848df070247","name":"Redac\u021bia UrbeaMea","image":{"@type":"ImageObject","inLanguage":"ro-RO","@id":"https:\/\/secure.gravatar.com\/avatar\/9ce5a9435071fa1037e8468053ead8e513dbbff59009d3069aadb85506d85a27?s=96&d=mm&r=g","url":"https:\/\/secure.gravatar.com\/avatar\/9ce5a9435071fa1037e8468053ead8e513dbbff59009d3069aadb85506d85a27?s=96&d=mm&r=g","contentUrl":"https:\/\/secure.gravatar.com\/avatar\/9ce5a9435071fa1037e8468053ead8e513dbbff59009d3069aadb85506d85a27?s=96&d=mm&r=g","caption":"Redac\u021bia UrbeaMea"},"description":"contact@urbeamea.ro","sameAs":["https:\/\/www.urbeamea.ro"],"url":"https:\/\/urbeamea.ro\/albaiulia\/author\/redactia-urbeamea\/"}]}},"_links":{"self":[{"href":"https:\/\/urbeamea.ro\/albaiulia\/wp-json\/wp\/v2\/posts\/5724","targetHints":{"allow":["GET"]}}],"collection":[{"href":"https:\/\/urbeamea.ro\/albaiulia\/wp-json\/wp\/v2\/posts"}],"about":[{"href":"https:\/\/urbeamea.ro\/albaiulia\/wp-json\/wp\/v2\/types\/post"}],"author":[{"embeddable":true,"href":"https:\/\/urbeamea.ro\/albaiulia\/wp-json\/wp\/v2\/users\/16"}],"replies":[{"embeddable":true,"href":"https:\/\/urbeamea.ro\/albaiulia\/wp-json\/wp\/v2\/comments?post=5724"}],"version-history":[{"count":0,"href":"https:\/\/urbeamea.ro\/albaiulia\/wp-json\/wp\/v2\/posts\/5724\/revisions"}],"wp:featuredmedia":[{"embeddable":true,"href":"https:\/\/urbeamea.ro\/albaiulia\/wp-json\/wp\/v2\/media\/5727"}],"wp:attachment":[{"href":"https:\/\/urbeamea.ro\/albaiulia\/wp-json\/wp\/v2\/media?parent=5724"}],"wp:term":[{"taxonomy":"category","embeddable":true,"href":"https:\/\/urbeamea.ro\/albaiulia\/wp-json\/wp\/v2\/categories?post=5724"},{"taxonomy":"post_tag","embeddable":true,"href":"https:\/\/urbeamea.ro\/albaiulia\/wp-json\/wp\/v2\/tags?post=5724"}],"curies":[{"name":"wp","href":"https:\/\/api.w.org\/{rel}","templated":true}]}}