{"id":57252,"date":"2017-12-03T14:04:53","date_gmt":"2017-12-03T12:04:53","guid":{"rendered":"https:\/\/urbeamea.ro\/albaiulia\/?p=57252"},"modified":"2017-12-03T14:07:25","modified_gmt":"2017-12-03T12:07:25","slug":"video-municipiul-sebes-are-un-imn-gino-lanseaza-videoclipul-imnului","status":"publish","type":"post","link":"https:\/\/urbeamea.ro\/albaiulia\/video-municipiul-sebes-are-un-imn-gino-lanseaza-videoclipul-imnului\/","title":{"rendered":"VIDEO: Municipiul Sebe\u015f are un imn. Gino lanseaz\u0103 videoclipul imnului"},"content":{"rendered":"<p><strong>Gino, interpret \u015fi compozitor, licen\u0163iat \u00een muzic\u0103 \u015fi finalist de dou\u0103 ori la Festivalul Na\u0163ional de Muzic\u0103 U\u015foar\u0103 de la Mamaia \u00een 2008 \u015fi 2012, lanseaz\u0103 videoclipul &#8222;Imnului Municipiului Sebe\u015f&#8221;, \u00een cadrul proiectului &#8222;C\u00e2nt din Suflet pentru Sebe\u015f&#8221;.<\/strong><\/p>\n<p>Prin acest proiect se promoveaz\u0103 \u00a0patrimoniul cultural, prin valorificarea poten\u021bialului artistic al tinerilor din Municipiul Sebe\u0219 cu v\u00e2rste cuprinse \u00eentre 14 \u2013 35 ani, talenta\u0163i \u0219i cu voce. Ace\u015ftia au fost selecta\u0163i \u00een urma \u00a0unei juriz\u0103ri de specialitate coordonate de vicepre\u015fedintele \u201eAsocia\u0163iei pentru Drepturi de Autor a Compozitorilor&#8221;, Viorel Gavril\u0103, dirijor, orchestrator \u015fi compozitor pentru mari intepre\u0163i ai muzicii u\u015foare rom\u00e2ne\u015fti cum ar fi Laura Stoica, Aurelian Temi\u015fan, Nico, Andra etc.<\/p>\n<p>Tinerii sunt: Denisa Moga, Giulia Medrea, Iulia Oltean, Giorgiana Petrescu, Raluca Ghiorghioiu, Natalia Roncea, Matei Roncea \u015fi Alina Sec\u0103\u015fan.<\/p>\n<p><em>\u00cen cadrul proiectului, videoclipul piesei \u201eImnul Municipiului Sebe\u015f&#8221; compus\u0103 de Gino, este realizat de c\u0103tre Eduard Schneider, unul dintre cei mai cunoscu\u0163i produc\u0103tori foto-video din \u0163ar\u0103. El de\u0163ine la Sebe\u015f unul dintre cele mai performante studiouri de \u00eenregistrari video, \u015fi anume \u201eSchneider Productions&#8221;. <\/em><\/p>\n<p><em>\u201eM\u0103 bucur foarte mult c\u0103 am reu\u015fit s\u0103 lansez acest videoclip, mul\u0163umind pe aceast\u0103 cale echipei mele format\u0103 din Eduard Schneider \u015fi Viorel Gavril\u0103 \u015fi \u00een special Prim\u0103riei Municipiului Sebe\u015f \u015fi Consiliului Local Sebe\u015f pentru sprijinul acordat, <\/em><em>proiectul fiind finan\u0163at \u00een propor\u0163ie de 70% de c\u0103tre Prim\u0103ria Municipiului Sebe\u015f \u015fi Consiliul Local Sebe\u015f,\u00a0 \u015fi 30% de c\u0103tre subsemnatul.<\/em><\/p>\n<p><em>Videoclipul promoveaz\u0103 tinerii, valorile istorice, culturale \u0219i turistice ale Municipiului Sebe\u015f&#8221;, declar\u0103 Gino.<\/em><\/p>\n<p><iframe loading=\"lazy\" title=\"Gino - Imnul Municipiului Sebe\u015f (Official video)\" width=\"500\" height=\"281\" src=\"https:\/\/www.youtube.com\/embed\/UfK1LZp-J1k?start=56&#038;feature=oembed\" frameborder=\"0\" allow=\"accelerometer; autoplay; clipboard-write; encrypted-media; gyroscope; picture-in-picture; web-share\" referrerpolicy=\"strict-origin-when-cross-origin\" allowfullscreen><\/iframe><\/p>\n","protected":false},"excerpt":{"rendered":"<p>Gino, interpret \u015fi compozitor, licen\u0163iat \u00een muzic\u0103 \u015fi finalist de dou\u0103 ori la Festivalul Na\u0163ional de Muzic\u0103 U\u015foar\u0103 de la Mamaia \u00een 2008 \u015fi 2012, lanseaz\u0103 videoclipul &#8222;Imnului Municipiului Sebe\u015f&#8221;, \u00een cadrul proiectului &#8222;C\u00e2nt din Suflet pentru Sebe\u015f&#8221;. Prin acest proiect se promoveaz\u0103 \u00a0patrimoniul cultural, prin valorificarea poten\u021bialului artistic al tinerilor din Municipiul Sebe\u0219 cu &hellip;<\/p>\n","protected":false},"author":17,"featured_media":57253,"comment_status":"open","ping_status":"open","sticky":false,"template":"","format":"standard","meta":{"inline_featured_image":false,"footnotes":""},"categories":[2036],"tags":[307,1444,13296,13295,13297,4948,1223,308,76],"class_list":["post-57252","post","type-post","status-publish","format-standard","has-post-thumbnail","hentry","category-monden","tag-alba","tag-gino","tag-imnul-municipiului-sebes","tag-lansare-videoclip","tag-locuri-frumoase","tag-rapa-rosie","tag-sebes","tag-stiri","tag-urbea-mea"],"yoast_head":"<!-- This site is optimized with the Yoast SEO plugin v28.3 - https:\/\/yoast.com\/product\/yoast-seo-wordpress\/ -->\n<title>VIDEO: Municipiul Sebe\u015f are un imn. Gino lanseaz\u0103 videoclipul imnului - Revista Urbea Mea - Revista de Alba<\/title>\n<meta name=\"description\" content=\"Gino, interpret \u015fi compozitor, licen\u0163iat \u00een muzic\u0103 \u015fi finalist de dou\u0103 ori la Festivalul Na\u0163ional de Muzic\u0103 U\u015foar\u0103 de la Mamaia \u00een 2008 \u015fi 2012, lanseaz\u0103\" \/>\n<meta name=\"robots\" content=\"index, follow, max-snippet:-1, max-image-preview:large, max-video-preview:-1\" \/>\n<link rel=\"canonical\" href=\"https:\/\/urbeamea.ro\/albaiulia\/video-municipiul-sebes-are-un-imn-gino-lanseaza-videoclipul-imnului\/\" \/>\n<meta name=\"twitter:card\" content=\"summary_large_image\" \/>\n<meta name=\"twitter:title\" content=\"VIDEO: Municipiul Sebe\u015f are un imn. Gino lanseaz\u0103 videoclipul imnului - Revista Urbea Mea - Revista de Alba\" \/>\n<meta name=\"twitter:description\" content=\"Gino, interpret \u015fi compozitor, licen\u0163iat \u00een muzic\u0103 \u015fi finalist de dou\u0103 ori la Festivalul Na\u0163ional de Muzic\u0103 U\u015foar\u0103 de la Mamaia \u00een 2008 \u015fi 2012, lanseaz\u0103\" \/>\n<meta name=\"twitter:image\" content=\"https:\/\/urbeamea.ro\/albaiulia\/wp-content\/uploads\/2017\/12\/10544330_752284941476363_3761373376309703534_n.jpg\" \/>\n<meta name=\"twitter:creator\" content=\"@urbeameaweb\" \/>\n<meta name=\"twitter:site\" content=\"@urbeameaweb\" \/>\n<script type=\"application\/ld+json\" class=\"yoast-schema-graph\">{\"@context\":\"https:\\\/\\\/schema.org\",\"@graph\":[{\"@type\":\"Article\",\"@id\":\"https:\\\/\\\/urbeamea.ro\\\/albaiulia\\\/video-municipiul-sebes-are-un-imn-gino-lanseaza-videoclipul-imnului\\\/#article\",\"isPartOf\":{\"@id\":\"https:\\\/\\\/urbeamea.ro\\\/albaiulia\\\/video-municipiul-sebes-are-un-imn-gino-lanseaza-videoclipul-imnului\\\/\"},\"author\":{\"name\":\"Cristina Ganga\",\"@id\":\"https:\\\/\\\/urbeamea.ro\\\/albaiulia\\\/#\\\/schema\\\/person\\\/9700d21fae21c4f038b0b56f4506264a\"},\"headline\":\"VIDEO: Municipiul Sebe\u015f are un imn. Gino lanseaz\u0103 videoclipul imnului\",\"datePublished\":\"2017-12-03T12:04:53+00:00\",\"dateModified\":\"2017-12-03T12:07:25+00:00\",\"mainEntityOfPage\":{\"@id\":\"https:\\\/\\\/urbeamea.ro\\\/albaiulia\\\/video-municipiul-sebes-are-un-imn-gino-lanseaza-videoclipul-imnului\\\/\"},\"wordCount\":287,\"commentCount\":0,\"image\":{\"@id\":\"https:\\\/\\\/urbeamea.ro\\\/albaiulia\\\/video-municipiul-sebes-are-un-imn-gino-lanseaza-videoclipul-imnului\\\/#primaryimage\"},\"thumbnailUrl\":\"https:\\\/\\\/urbeamea.ro\\\/albaiulia\\\/wp-content\\\/uploads\\\/2017\\\/12\\\/10544330_752284941476363_3761373376309703534_n.jpg\",\"keywords\":[\"alba\",\"gino\",\"imnul municipiului sebes\",\"lansare videoclip\",\"locuri frumoase\",\"rapa rosie\",\"sebes\",\"stiri\",\"Urbea Mea\"],\"articleSection\":[\"Monden\"],\"inLanguage\":\"ro-RO\",\"potentialAction\":[{\"@type\":\"CommentAction\",\"name\":\"Comment\",\"target\":[\"https:\\\/\\\/urbeamea.ro\\\/albaiulia\\\/video-municipiul-sebes-are-un-imn-gino-lanseaza-videoclipul-imnului\\\/#respond\"]}]},{\"@type\":\"WebPage\",\"@id\":\"https:\\\/\\\/urbeamea.ro\\\/albaiulia\\\/video-municipiul-sebes-are-un-imn-gino-lanseaza-videoclipul-imnului\\\/\",\"url\":\"https:\\\/\\\/urbeamea.ro\\\/albaiulia\\\/video-municipiul-sebes-are-un-imn-gino-lanseaza-videoclipul-imnului\\\/\",\"name\":\"VIDEO: Municipiul Sebe\u015f are un imn. Gino lanseaz\u0103 videoclipul imnului - Revista Urbea Mea - Revista de Alba\",\"isPartOf\":{\"@id\":\"https:\\\/\\\/urbeamea.ro\\\/albaiulia\\\/#website\"},\"primaryImageOfPage\":{\"@id\":\"https:\\\/\\\/urbeamea.ro\\\/albaiulia\\\/video-municipiul-sebes-are-un-imn-gino-lanseaza-videoclipul-imnului\\\/#primaryimage\"},\"image\":{\"@id\":\"https:\\\/\\\/urbeamea.ro\\\/albaiulia\\\/video-municipiul-sebes-are-un-imn-gino-lanseaza-videoclipul-imnului\\\/#primaryimage\"},\"thumbnailUrl\":\"https:\\\/\\\/urbeamea.ro\\\/albaiulia\\\/wp-content\\\/uploads\\\/2017\\\/12\\\/10544330_752284941476363_3761373376309703534_n.jpg\",\"datePublished\":\"2017-12-03T12:04:53+00:00\",\"dateModified\":\"2017-12-03T12:07:25+00:00\",\"author\":{\"@id\":\"https:\\\/\\\/urbeamea.ro\\\/albaiulia\\\/#\\\/schema\\\/person\\\/9700d21fae21c4f038b0b56f4506264a\"},\"description\":\"Gino, interpret \u015fi compozitor, licen\u0163iat \u00een muzic\u0103 \u015fi finalist de dou\u0103 ori la Festivalul Na\u0163ional de Muzic\u0103 U\u015foar\u0103 de la Mamaia \u00een 2008 \u015fi 2012, lanseaz\u0103\",\"breadcrumb\":{\"@id\":\"https:\\\/\\\/urbeamea.ro\\\/albaiulia\\\/video-municipiul-sebes-are-un-imn-gino-lanseaza-videoclipul-imnului\\\/#breadcrumb\"},\"inLanguage\":\"ro-RO\",\"potentialAction\":[{\"@type\":\"ReadAction\",\"target\":[\"https:\\\/\\\/urbeamea.ro\\\/albaiulia\\\/video-municipiul-sebes-are-un-imn-gino-lanseaza-videoclipul-imnului\\\/\"]}]},{\"@type\":\"ImageObject\",\"inLanguage\":\"ro-RO\",\"@id\":\"https:\\\/\\\/urbeamea.ro\\\/albaiulia\\\/video-municipiul-sebes-are-un-imn-gino-lanseaza-videoclipul-imnului\\\/#primaryimage\",\"url\":\"https:\\\/\\\/urbeamea.ro\\\/albaiulia\\\/wp-content\\\/uploads\\\/2017\\\/12\\\/10544330_752284941476363_3761373376309703534_n.jpg\",\"contentUrl\":\"https:\\\/\\\/urbeamea.ro\\\/albaiulia\\\/wp-content\\\/uploads\\\/2017\\\/12\\\/10544330_752284941476363_3761373376309703534_n.jpg\",\"width\":960,\"height\":640},{\"@type\":\"BreadcrumbList\",\"@id\":\"https:\\\/\\\/urbeamea.ro\\\/albaiulia\\\/video-municipiul-sebes-are-un-imn-gino-lanseaza-videoclipul-imnului\\\/#breadcrumb\",\"itemListElement\":[{\"@type\":\"ListItem\",\"position\":1,\"name\":\"Prima pagin\u0103\",\"item\":\"https:\\\/\\\/urbeamea.ro\\\/albaiulia\\\/\"},{\"@type\":\"ListItem\",\"position\":2,\"name\":\"VIDEO: Municipiul Sebe\u015f are un imn. Gino lanseaz\u0103 videoclipul imnului\"}]},{\"@type\":\"WebSite\",\"@id\":\"https:\\\/\\\/urbeamea.ro\\\/albaiulia\\\/#website\",\"url\":\"https:\\\/\\\/urbeamea.ro\\\/albaiulia\\\/\",\"name\":\"Revista Urbea Mea, Stiri urbane\",\"description\":\"Evenimente \u0219i \u0219tiri din Alba Iulia, Sebe\u0219, Aiud, Blaj\",\"potentialAction\":[{\"@type\":\"SearchAction\",\"target\":{\"@type\":\"EntryPoint\",\"urlTemplate\":\"https:\\\/\\\/urbeamea.ro\\\/albaiulia\\\/?s={search_term_string}\"},\"query-input\":{\"@type\":\"PropertyValueSpecification\",\"valueRequired\":true,\"valueName\":\"search_term_string\"}}],\"inLanguage\":\"ro-RO\"},{\"@type\":\"Person\",\"@id\":\"https:\\\/\\\/urbeamea.ro\\\/albaiulia\\\/#\\\/schema\\\/person\\\/9700d21fae21c4f038b0b56f4506264a\",\"name\":\"Cristina Ganga\",\"image\":{\"@type\":\"ImageObject\",\"inLanguage\":\"ro-RO\",\"@id\":\"https:\\\/\\\/secure.gravatar.com\\\/avatar\\\/5a67661041f057b4a8ccaf26f5a8e86e2689372006d01faf3dd9eeb10b654bb4?s=96&d=mm&r=g\",\"url\":\"https:\\\/\\\/secure.gravatar.com\\\/avatar\\\/5a67661041f057b4a8ccaf26f5a8e86e2689372006d01faf3dd9eeb10b654bb4?s=96&d=mm&r=g\",\"contentUrl\":\"https:\\\/\\\/secure.gravatar.com\\\/avatar\\\/5a67661041f057b4a8ccaf26f5a8e86e2689372006d01faf3dd9eeb10b654bb4?s=96&d=mm&r=g\",\"caption\":\"Cristina Ganga\"},\"description\":\"Jurnalist\",\"sameAs\":[\"https:\\\/\\\/www.facebook.com\\\/cristina.nicola.587\"],\"url\":\"https:\\\/\\\/urbeamea.ro\\\/albaiulia\\\/author\\\/cristina-nicola\\\/\"}]}<\/script>\n<!-- \/ Yoast SEO plugin. -->","yoast_head_json":{"title":"VIDEO: Municipiul Sebe\u015f are un imn. Gino lanseaz\u0103 videoclipul imnului - Revista Urbea Mea - Revista de Alba","description":"Gino, interpret \u015fi compozitor, licen\u0163iat \u00een muzic\u0103 \u015fi finalist de dou\u0103 ori la Festivalul Na\u0163ional de Muzic\u0103 U\u015foar\u0103 de la Mamaia \u00een 2008 \u015fi 2012, lanseaz\u0103","robots":{"index":"index","follow":"follow","max-snippet":"max-snippet:-1","max-image-preview":"max-image-preview:large","max-video-preview":"max-video-preview:-1"},"canonical":"https:\/\/urbeamea.ro\/albaiulia\/video-municipiul-sebes-are-un-imn-gino-lanseaza-videoclipul-imnului\/","twitter_card":"summary_large_image","twitter_title":"VIDEO: Municipiul Sebe\u015f are un imn. Gino lanseaz\u0103 videoclipul imnului - Revista Urbea Mea - Revista de Alba","twitter_description":"Gino, interpret \u015fi compozitor, licen\u0163iat \u00een muzic\u0103 \u015fi finalist de dou\u0103 ori la Festivalul Na\u0163ional de Muzic\u0103 U\u015foar\u0103 de la Mamaia \u00een 2008 \u015fi 2012, lanseaz\u0103","twitter_image":"https:\/\/urbeamea.ro\/albaiulia\/wp-content\/uploads\/2017\/12\/10544330_752284941476363_3761373376309703534_n.jpg","twitter_creator":"@urbeameaweb","twitter_site":"@urbeameaweb","schema":{"@context":"https:\/\/schema.org","@graph":[{"@type":"Article","@id":"https:\/\/urbeamea.ro\/albaiulia\/video-municipiul-sebes-are-un-imn-gino-lanseaza-videoclipul-imnului\/#article","isPartOf":{"@id":"https:\/\/urbeamea.ro\/albaiulia\/video-municipiul-sebes-are-un-imn-gino-lanseaza-videoclipul-imnului\/"},"author":{"name":"Cristina Ganga","@id":"https:\/\/urbeamea.ro\/albaiulia\/#\/schema\/person\/9700d21fae21c4f038b0b56f4506264a"},"headline":"VIDEO: Municipiul Sebe\u015f are un imn. Gino lanseaz\u0103 videoclipul imnului","datePublished":"2017-12-03T12:04:53+00:00","dateModified":"2017-12-03T12:07:25+00:00","mainEntityOfPage":{"@id":"https:\/\/urbeamea.ro\/albaiulia\/video-municipiul-sebes-are-un-imn-gino-lanseaza-videoclipul-imnului\/"},"wordCount":287,"commentCount":0,"image":{"@id":"https:\/\/urbeamea.ro\/albaiulia\/video-municipiul-sebes-are-un-imn-gino-lanseaza-videoclipul-imnului\/#primaryimage"},"thumbnailUrl":"https:\/\/urbeamea.ro\/albaiulia\/wp-content\/uploads\/2017\/12\/10544330_752284941476363_3761373376309703534_n.jpg","keywords":["alba","gino","imnul municipiului sebes","lansare videoclip","locuri frumoase","rapa rosie","sebes","stiri","Urbea Mea"],"articleSection":["Monden"],"inLanguage":"ro-RO","potentialAction":[{"@type":"CommentAction","name":"Comment","target":["https:\/\/urbeamea.ro\/albaiulia\/video-municipiul-sebes-are-un-imn-gino-lanseaza-videoclipul-imnului\/#respond"]}]},{"@type":"WebPage","@id":"https:\/\/urbeamea.ro\/albaiulia\/video-municipiul-sebes-are-un-imn-gino-lanseaza-videoclipul-imnului\/","url":"https:\/\/urbeamea.ro\/albaiulia\/video-municipiul-sebes-are-un-imn-gino-lanseaza-videoclipul-imnului\/","name":"VIDEO: Municipiul Sebe\u015f are un imn. Gino lanseaz\u0103 videoclipul imnului - Revista Urbea Mea - Revista de Alba","isPartOf":{"@id":"https:\/\/urbeamea.ro\/albaiulia\/#website"},"primaryImageOfPage":{"@id":"https:\/\/urbeamea.ro\/albaiulia\/video-municipiul-sebes-are-un-imn-gino-lanseaza-videoclipul-imnului\/#primaryimage"},"image":{"@id":"https:\/\/urbeamea.ro\/albaiulia\/video-municipiul-sebes-are-un-imn-gino-lanseaza-videoclipul-imnului\/#primaryimage"},"thumbnailUrl":"https:\/\/urbeamea.ro\/albaiulia\/wp-content\/uploads\/2017\/12\/10544330_752284941476363_3761373376309703534_n.jpg","datePublished":"2017-12-03T12:04:53+00:00","dateModified":"2017-12-03T12:07:25+00:00","author":{"@id":"https:\/\/urbeamea.ro\/albaiulia\/#\/schema\/person\/9700d21fae21c4f038b0b56f4506264a"},"description":"Gino, interpret \u015fi compozitor, licen\u0163iat \u00een muzic\u0103 \u015fi finalist de dou\u0103 ori la Festivalul Na\u0163ional de Muzic\u0103 U\u015foar\u0103 de la Mamaia \u00een 2008 \u015fi 2012, lanseaz\u0103","breadcrumb":{"@id":"https:\/\/urbeamea.ro\/albaiulia\/video-municipiul-sebes-are-un-imn-gino-lanseaza-videoclipul-imnului\/#breadcrumb"},"inLanguage":"ro-RO","potentialAction":[{"@type":"ReadAction","target":["https:\/\/urbeamea.ro\/albaiulia\/video-municipiul-sebes-are-un-imn-gino-lanseaza-videoclipul-imnului\/"]}]},{"@type":"ImageObject","inLanguage":"ro-RO","@id":"https:\/\/urbeamea.ro\/albaiulia\/video-municipiul-sebes-are-un-imn-gino-lanseaza-videoclipul-imnului\/#primaryimage","url":"https:\/\/urbeamea.ro\/albaiulia\/wp-content\/uploads\/2017\/12\/10544330_752284941476363_3761373376309703534_n.jpg","contentUrl":"https:\/\/urbeamea.ro\/albaiulia\/wp-content\/uploads\/2017\/12\/10544330_752284941476363_3761373376309703534_n.jpg","width":960,"height":640},{"@type":"BreadcrumbList","@id":"https:\/\/urbeamea.ro\/albaiulia\/video-municipiul-sebes-are-un-imn-gino-lanseaza-videoclipul-imnului\/#breadcrumb","itemListElement":[{"@type":"ListItem","position":1,"name":"Prima pagin\u0103","item":"https:\/\/urbeamea.ro\/albaiulia\/"},{"@type":"ListItem","position":2,"name":"VIDEO: Municipiul Sebe\u015f are un imn. Gino lanseaz\u0103 videoclipul imnului"}]},{"@type":"WebSite","@id":"https:\/\/urbeamea.ro\/albaiulia\/#website","url":"https:\/\/urbeamea.ro\/albaiulia\/","name":"Revista Urbea Mea, Stiri urbane","description":"Evenimente \u0219i \u0219tiri din Alba Iulia, Sebe\u0219, Aiud, Blaj","potentialAction":[{"@type":"SearchAction","target":{"@type":"EntryPoint","urlTemplate":"https:\/\/urbeamea.ro\/albaiulia\/?s={search_term_string}"},"query-input":{"@type":"PropertyValueSpecification","valueRequired":true,"valueName":"search_term_string"}}],"inLanguage":"ro-RO"},{"@type":"Person","@id":"https:\/\/urbeamea.ro\/albaiulia\/#\/schema\/person\/9700d21fae21c4f038b0b56f4506264a","name":"Cristina Ganga","image":{"@type":"ImageObject","inLanguage":"ro-RO","@id":"https:\/\/secure.gravatar.com\/avatar\/5a67661041f057b4a8ccaf26f5a8e86e2689372006d01faf3dd9eeb10b654bb4?s=96&d=mm&r=g","url":"https:\/\/secure.gravatar.com\/avatar\/5a67661041f057b4a8ccaf26f5a8e86e2689372006d01faf3dd9eeb10b654bb4?s=96&d=mm&r=g","contentUrl":"https:\/\/secure.gravatar.com\/avatar\/5a67661041f057b4a8ccaf26f5a8e86e2689372006d01faf3dd9eeb10b654bb4?s=96&d=mm&r=g","caption":"Cristina Ganga"},"description":"Jurnalist","sameAs":["https:\/\/www.facebook.com\/cristina.nicola.587"],"url":"https:\/\/urbeamea.ro\/albaiulia\/author\/cristina-nicola\/"}]}},"_links":{"self":[{"href":"https:\/\/urbeamea.ro\/albaiulia\/wp-json\/wp\/v2\/posts\/57252","targetHints":{"allow":["GET"]}}],"collection":[{"href":"https:\/\/urbeamea.ro\/albaiulia\/wp-json\/wp\/v2\/posts"}],"about":[{"href":"https:\/\/urbeamea.ro\/albaiulia\/wp-json\/wp\/v2\/types\/post"}],"author":[{"embeddable":true,"href":"https:\/\/urbeamea.ro\/albaiulia\/wp-json\/wp\/v2\/users\/17"}],"replies":[{"embeddable":true,"href":"https:\/\/urbeamea.ro\/albaiulia\/wp-json\/wp\/v2\/comments?post=57252"}],"version-history":[{"count":0,"href":"https:\/\/urbeamea.ro\/albaiulia\/wp-json\/wp\/v2\/posts\/57252\/revisions"}],"wp:featuredmedia":[{"embeddable":true,"href":"https:\/\/urbeamea.ro\/albaiulia\/wp-json\/wp\/v2\/media\/57253"}],"wp:attachment":[{"href":"https:\/\/urbeamea.ro\/albaiulia\/wp-json\/wp\/v2\/media?parent=57252"}],"wp:term":[{"taxonomy":"category","embeddable":true,"href":"https:\/\/urbeamea.ro\/albaiulia\/wp-json\/wp\/v2\/categories?post=57252"},{"taxonomy":"post_tag","embeddable":true,"href":"https:\/\/urbeamea.ro\/albaiulia\/wp-json\/wp\/v2\/tags?post=57252"}],"curies":[{"name":"wp","href":"https:\/\/api.w.org\/{rel}","templated":true}]}}