{"id":5735,"date":"2015-06-28T08:30:34","date_gmt":"2015-06-28T05:30:34","guid":{"rendered":"http:\/\/urbeamea.ro\/albaiulia\/?p=5735"},"modified":"2015-06-30T09:45:09","modified_gmt":"2015-06-30T06:45:09","slug":"minionii-3d-la-colours-cinema-din-10-iulie","status":"publish","type":"post","link":"https:\/\/urbeamea.ro\/albaiulia\/minionii-3d-la-colours-cinema-din-10-iulie\/","title":{"rendered":"Minionii 3D la Colours Cinema din 10 Iulie"},"content":{"rendered":"<p><a href=\"http:\/\/urbeamea.ro\/albaiulia\/wp-content\/uploads\/2015\/06\/Minions.jpg\"><img loading=\"lazy\" decoding=\"async\" class=\"alignleft size-medium wp-image-5736\" src=\"http:\/\/urbeamea.ro\/albaiulia\/wp-content\/uploads\/2015\/06\/Minions-209x300.jpg\" alt=\"Minions\" width=\"209\" height=\"300\" \/><\/a><a href=\"\" class=\"shortc-button small pink\">10 Iulie<\/a> <span class=\"imdbRatingPlugin\" data-user=\"ur57976275\" data-title=\"tt2293640\" data-style=\"p3\"><a href=\"http:\/\/www.imdb.com\/title\/tt2293640\/?ref_=plg_rt_1\"><img decoding=\"async\" src=\"http:\/\/g-ecx.images-amazon.com\/images\/G\/01\/imdb\/plugins\/rating\/images\/imdb_37x18.png\" alt=\"Minions (2015) on IMDb\" \/><br \/>\n<\/a><\/span><script>\/\/ <![CDATA[\n(function(d,s,id){var js,stags=d.getElementsByTagName(s)[0];if(d.getElementById(id)){return;}js=d.createElement(s);js.id=id;js.src=\"http:\/\/g-ec2.images-amazon.com\/images\/G\/01\/imdb\/plugins\/rating\/js\/rating.min.js\";stags.parentNode.insertBefore(js,stags);})(document,'script','imdb-rating-api');\n\/\/ ]]><\/script><br \/>\nPovestea MINIONILOR, creat\u0103 de Universal Pictures \u0219i Illumination Entertainment, \u00ee\u0219i are originea la \u00eenceputul timpurilor. Minionii au \u00eenceput ca organisme unicelulare, pentru ca mai apoi s\u0103 evolueze de-a lungul vremii, mereu ca slujitori ai celor mai tic\u0103lo\u0219i st\u0103p\u00e2ni. Niciodat\u0103 n-au avut norocul s\u0103-\u0219i p\u0103streze \u00een via\u021b\u0103 acei st\u0103p\u00e2ni, de la T. Rex, la Napoleon, a\u0219a c\u0103 acum se trezesc c\u0103 nu au pe cine s\u0103 slujeasc\u0103, \u0219i sunt afecta\u021bi de o depresie profund\u0103.<\/p>\n<p>Dar un Minion pe nume Kevin are un plan! Kevin, \u00eempreun\u0103 cu rebelul adolescent Stuart \u0219i cu simpaticul Bob se vor aventura \u00een lumea larg\u0103 pentru a g\u0103si un nou \u0219ef pe care ei \u0219i fra\u021bii lor s\u0103-l urmeze supu\u0219i.<\/p>\n<p>Cei trei pornesc \u00eentr-o aventur\u0103 palpitant\u0103 care \u00eei va duce, p\u00e2n\u0103 la urm\u0103, la urm\u0103torul lor st\u0103p\u00e2n \u2013 Scarlet Overkill (voce: Sandra Bullock, laureat\u0103 cu Oscar), prima supertic\u0103loas\u0103 din toate vremurile. Minionii vor c\u0103l\u0103tori din \u00eenghe\u021bata Antarctic\u0103 p\u00e2n\u0103 \u00een New Yorkul anilor \u201960, ajung\u00e2nd \u00een final \u00een Londra zilelor noastre, unde au de \u00eendeplinit cea mai dificil\u0103 misiune din toat\u0103 existen\u021ba lor: aceea de a salva specia Minionilor de la\u2026 anihilare!<\/p>\n<p>Minionii vor fi \u00eenso\u021bi\u021bi \u00een aventura lor de cele mai mari hit-uri muzicale ale anilor \u201960, care ne \u00eenc\u00e2nt\u0103 \u0219i \u00een ziua de azi.<\/p>\n<p>MINIONII e produs de Chris Meledandri \u0219i Janet Healy de la Illumination, iar regia le apar\u021bine lui Pierre Coffin \u0219i Kyle Balda. Scenariul e scris de Brian Lynch, iar Chris Renaud e produc\u0103torul executiv al anima\u021biei.<\/p>\n\n\t\t<div class=\"tabs-shortcode tabs-wrapper container-wrapper tabs-horizontal flex-tabs is-flex-tabs-shortcodes\">\n[tabcontainer]\n[tabtext]Trailer[\/tabtext]\n[tabtext]Cinemagia[\/tabtext]\n[tabtext]Pre\u0163uri[\/tabtext]\n[tabtext]Regulament cinematograf[\/tabtext]\n[\/tabcontainer]\n[tabcontent]\n\n\t\t<div class=\"tab-content\" id=\"tab-content-1\">\n\t\t\t<div class=\"tab-content-wrap\"><iframe loading=\"lazy\" src=\"https:\/\/www.youtube.com\/embed\/onEQN3dXRfs\" width=\"560\" height=\"315\" frameborder=\"0\" allowfullscreen=\"allowfullscreen\"><\/iframe>\n\t\t\t<\/div>\n\t\t<\/div>\n\t\n\n\t\t<div class=\"tab-content\" id=\"tab-content-2\">\n\t\t\t<div class=\"tab-content-wrap\"><script src=\"http:\/\/static.cinemagia.ro\/js-v.1435245498\/movie-widget.js\" type=\"text\/javascript\"><\/script><script type=\"text\/javascript\">\/\/ <!&#091;CDATA&#091;\ncm_movie_id=589122; cm_secure_key=\"910a5ed72008c6889fd2b295423328d9\"; cm_background=\"ffffff\"; cm_color=\"000000\"; cm_link_color=\"2660b6\"; cm_width=400; cm_height=203; cm_border_color=\"d1d1d1\"; cm_show_toolbar = 1; cm_show();\n\/\/ &#093;&#093;><\/script>\n\t\t\t<\/div>\n\t\t<\/div>\n\t\n\n\t\t<div class=\"tab-content\" id=\"tab-content-3\">\n\t\t\t<div class=\"tab-content-wrap\"><a href=\"http:\/\/urbeamea.ro\/albaiulia\/wp-content\/uploads\/2015\/01\/preturi.jpg\"><img loading=\"lazy\" decoding=\"async\" class=\"aligncenter wp-image-352 size-full\" src=\"http:\/\/urbeamea.ro\/albaiulia\/wp-content\/uploads\/2015\/01\/preturi.jpg\" alt=\"preturi\" width=\"960\" height=\"724\" srcset=\"https:\/\/urbeamea.ro\/albaiulia\/wp-content\/uploads\/2015\/01\/preturi.jpg 960w, https:\/\/urbeamea.ro\/albaiulia\/wp-content\/uploads\/2015\/01\/preturi-640x483.jpg 640w, https:\/\/urbeamea.ro\/albaiulia\/wp-content\/uploads\/2015\/01\/preturi-133x100.jpg 133w\" sizes=\"auto, (max-width: 960px) 100vw, 960px\" \/><\/a>\n\t\t\t<\/div>\n\t\t<\/div>\n\t\n\n\t\t<div class=\"tab-content\" id=\"tab-content-4\">\n\t\t\t<div class=\"tab-content-wrap\">\n<p style=\"text-align: center;\"><a href=\"http:\/\/www.colourscinema.ro\/program\/alba-iulia\/\" target=\"_blank\">PROGRAM CINEMA \u015eI REZERV\u0102RI ONLINE<\/a><\/p>\n<p>Rezerv\u0103rile on line\/telefonice trebuie achitate cu cel pu\u0163in 30 de minute \u00eenainte de \u00eenceperea filmului, \u00een caz contrar ele se vor anula;<\/p>\n<hr \/>\n<p><br data-reactid=\".13v.$mid=11421519227056=2d0bd0172d71f7cdd58.2:0.0.0.0.0.0.$end:0:$11:0\" \/>Dup\u0103 rezervarea a 70% din locuri, rezerv\u0103rile online nu vor mai fi posibile, restul locurilor fiind disponibile la casa de bilete.<\/p>\n<hr \/>\n<p><br data-reactid=\".13v.$mid=11421519227056=2d0bd0172d71f7cdd58.2:0.0.0.0.0.0.$end:0:$15:0\" \/>Biletele pentru elevi, studen\u0163i, pensionari \u015fi copii sub 10 ani se elibereaz\u0103 \u00een baza unui document justificativ, c\u0103 de exemplu: carnet elev, carnet student, cupon de pensie, certificate de na\u015ftere, etc.<\/p>\n<hr \/>\n<p>&nbsp;<\/p>\n<p>Biletele promo\u0163ionale \u015fi voucher-ele(invita\u0163iile) nedatate se supun condi\u0163iilor de disponibilitate a locurilor;<\/p>\n<hr \/>\n<p><br data-reactid=\".13v.$mid=11421519227056=2d0bd0172d71f7cdd58.2:0.0.0.0.0.0.$end:0:$19:0\" \/>Dup\u0103 rezervarea a 70% din locuri, rezerv\u0103rile online nu vor mai fi posibile, restul locurilor fiind disponibile la casa de bilete. O rezervare poate fi f\u0103cut\u0103 pentru maxim 4 locuri. Dac\u0103 se doresc mai mult de 4 locuri, acestea vor trebui achizi\u0163ionate direct de la casierie.<\/p>\n<hr \/>\n<p><br data-reactid=\".13v.$mid=11421519227056=2d0bd0172d71f7cdd58.2:0.0.0.0.0.0.$end:0:$21:0\" \/>Rezervarea va fi valabil\u0103 p\u00e2n\u0103 cu maxim 30 minute \u00eenainte de \u00eenceperea filmului. Cu 30 minute \u00eenainte de \u00eenceperea filmului, sistemul electronic de gestionare al biletelor va anula automat toate rezerv\u0103rile pentru care nu s-au achizi\u0163ionat bilete iar locurile respective vor fi puse la v\u00e2nzare.<\/p>\n<hr \/>\n<p><br data-reactid=\".13v.$mid=11421519227056=2d0bd0172d71f7cdd58.2:0.0.0.0.0.0.$end:0:$23:0\" \/>V\u0103 rug\u0103m s\u0103 achizi\u0163iona\u0163i \u00een timp util biletele pentru a evita aglomera\u0163ia la casa de bilete.<\/p>\n\n\t\t\t<\/div>\n\t\t<\/div>\n\t\n[\/tabcontent]\n<p><span style=\"line-height: 1.5;\">\n\t\t\t<div class=\"clearfix\"><\/div>\n\t\t<\/div>\n\t<\/span><\/p>\n","protected":false},"excerpt":{"rendered":"<p>Povestea MINIONILOR, creat\u0103 de Universal Pictures \u0219i Illumination Entertainment, \u00ee\u0219i are originea la \u00eenceputul timpurilor. Minionii au \u00eenceput ca organisme unicelulare, pentru ca mai apoi s\u0103 evolueze de-a lungul vremii, mereu ca slujitori ai celor mai tic\u0103lo\u0219i st\u0103p\u00e2ni. Niciodat\u0103 n-au avut norocul s\u0103-\u0219i p\u0103streze \u00een via\u021b\u0103 acei st\u0103p\u00e2ni, de la T. Rex, la Napoleon, a\u0219a &hellip;<\/p>\n","protected":false},"author":16,"featured_media":5736,"comment_status":"open","ping_status":"open","sticky":false,"template":"","format":"standard","meta":{"inline_featured_image":false,"footnotes":""},"categories":[28],"tags":[],"class_list":["post-5735","post","type-post","status-publish","format-standard","has-post-thumbnail","hentry","category-cinema"],"yoast_head":"<!-- This site is optimized with the Yoast SEO plugin v27.4 - https:\/\/yoast.com\/product\/yoast-seo-wordpress\/ -->\n<title>Minionii 3D la Colours Cinema din 10 Iulie - Revista Urbea Mea - Revista de Alba<\/title>\n<meta name=\"description\" content=\"Povestea MINIONILOR, creat\u0103 de Universal Pictures \u0219i Illumination Entertainment, \u00ee\u0219i are originea la \u00eenceputul timpurilor. Minionii au \u00eenceput ca\" \/>\n<meta name=\"robots\" content=\"index, follow, max-snippet:-1, max-image-preview:large, max-video-preview:-1\" \/>\n<link rel=\"canonical\" href=\"https:\/\/urbeamea.ro\/albaiulia\/minionii-3d-la-colours-cinema-din-10-iulie\/\" \/>\n<meta name=\"twitter:card\" content=\"summary_large_image\" \/>\n<meta name=\"twitter:title\" content=\"Minionii 3D la Colours Cinema din 10 Iulie - Revista Urbea Mea - Revista de Alba\" \/>\n<meta name=\"twitter:description\" content=\"Povestea MINIONILOR, creat\u0103 de Universal Pictures \u0219i Illumination Entertainment, \u00ee\u0219i are originea la \u00eenceputul timpurilor. Minionii au \u00eenceput ca\" \/>\n<meta name=\"twitter:image\" content=\"https:\/\/urbeamea.ro\/albaiulia\/wp-content\/uploads\/2015\/06\/Minions.jpg\" \/>\n<meta name=\"twitter:creator\" content=\"@urbeameaweb\" \/>\n<meta name=\"twitter:site\" content=\"@urbeameaweb\" \/>\n<script type=\"application\/ld+json\" class=\"yoast-schema-graph\">{\"@context\":\"https:\\\/\\\/schema.org\",\"@graph\":[{\"@type\":\"Article\",\"@id\":\"https:\\\/\\\/urbeamea.ro\\\/albaiulia\\\/minionii-3d-la-colours-cinema-din-10-iulie\\\/#article\",\"isPartOf\":{\"@id\":\"https:\\\/\\\/urbeamea.ro\\\/albaiulia\\\/minionii-3d-la-colours-cinema-din-10-iulie\\\/\"},\"author\":{\"name\":\"Redac\u021bia UrbeaMea\",\"@id\":\"https:\\\/\\\/urbeamea.ro\\\/albaiulia\\\/#\\\/schema\\\/person\\\/272ae98052f8ee8980f59848df070247\"},\"headline\":\"Minionii 3D la Colours Cinema din 10 Iulie\",\"datePublished\":\"2015-06-28T05:30:34+00:00\",\"dateModified\":\"2015-06-30T06:45:09+00:00\",\"mainEntityOfPage\":{\"@id\":\"https:\\\/\\\/urbeamea.ro\\\/albaiulia\\\/minionii-3d-la-colours-cinema-din-10-iulie\\\/\"},\"wordCount\":531,\"commentCount\":0,\"image\":{\"@id\":\"https:\\\/\\\/urbeamea.ro\\\/albaiulia\\\/minionii-3d-la-colours-cinema-din-10-iulie\\\/#primaryimage\"},\"thumbnailUrl\":\"https:\\\/\\\/urbeamea.ro\\\/albaiulia\\\/wp-content\\\/uploads\\\/2015\\\/06\\\/Minions.jpg\",\"articleSection\":[\"Cinema, Filme \u0219i seriale\"],\"inLanguage\":\"ro-RO\",\"potentialAction\":[{\"@type\":\"CommentAction\",\"name\":\"Comment\",\"target\":[\"https:\\\/\\\/urbeamea.ro\\\/albaiulia\\\/minionii-3d-la-colours-cinema-din-10-iulie\\\/#respond\"]}]},{\"@type\":\"WebPage\",\"@id\":\"https:\\\/\\\/urbeamea.ro\\\/albaiulia\\\/minionii-3d-la-colours-cinema-din-10-iulie\\\/\",\"url\":\"https:\\\/\\\/urbeamea.ro\\\/albaiulia\\\/minionii-3d-la-colours-cinema-din-10-iulie\\\/\",\"name\":\"Minionii 3D la Colours Cinema din 10 Iulie - Revista Urbea Mea - Revista de Alba\",\"isPartOf\":{\"@id\":\"https:\\\/\\\/urbeamea.ro\\\/albaiulia\\\/#website\"},\"primaryImageOfPage\":{\"@id\":\"https:\\\/\\\/urbeamea.ro\\\/albaiulia\\\/minionii-3d-la-colours-cinema-din-10-iulie\\\/#primaryimage\"},\"image\":{\"@id\":\"https:\\\/\\\/urbeamea.ro\\\/albaiulia\\\/minionii-3d-la-colours-cinema-din-10-iulie\\\/#primaryimage\"},\"thumbnailUrl\":\"https:\\\/\\\/urbeamea.ro\\\/albaiulia\\\/wp-content\\\/uploads\\\/2015\\\/06\\\/Minions.jpg\",\"datePublished\":\"2015-06-28T05:30:34+00:00\",\"dateModified\":\"2015-06-30T06:45:09+00:00\",\"author\":{\"@id\":\"https:\\\/\\\/urbeamea.ro\\\/albaiulia\\\/#\\\/schema\\\/person\\\/272ae98052f8ee8980f59848df070247\"},\"description\":\"Povestea MINIONILOR, creat\u0103 de Universal Pictures \u0219i Illumination Entertainment, \u00ee\u0219i are originea la \u00eenceputul timpurilor. Minionii au \u00eenceput ca\",\"breadcrumb\":{\"@id\":\"https:\\\/\\\/urbeamea.ro\\\/albaiulia\\\/minionii-3d-la-colours-cinema-din-10-iulie\\\/#breadcrumb\"},\"inLanguage\":\"ro-RO\",\"potentialAction\":[{\"@type\":\"ReadAction\",\"target\":[\"https:\\\/\\\/urbeamea.ro\\\/albaiulia\\\/minionii-3d-la-colours-cinema-din-10-iulie\\\/\"]}]},{\"@type\":\"ImageObject\",\"inLanguage\":\"ro-RO\",\"@id\":\"https:\\\/\\\/urbeamea.ro\\\/albaiulia\\\/minionii-3d-la-colours-cinema-din-10-iulie\\\/#primaryimage\",\"url\":\"https:\\\/\\\/urbeamea.ro\\\/albaiulia\\\/wp-content\\\/uploads\\\/2015\\\/06\\\/Minions.jpg\",\"contentUrl\":\"https:\\\/\\\/urbeamea.ro\\\/albaiulia\\\/wp-content\\\/uploads\\\/2015\\\/06\\\/Minions.jpg\",\"width\":892,\"height\":1280},{\"@type\":\"BreadcrumbList\",\"@id\":\"https:\\\/\\\/urbeamea.ro\\\/albaiulia\\\/minionii-3d-la-colours-cinema-din-10-iulie\\\/#breadcrumb\",\"itemListElement\":[{\"@type\":\"ListItem\",\"position\":1,\"name\":\"Prima pagin\u0103\",\"item\":\"https:\\\/\\\/urbeamea.ro\\\/albaiulia\\\/\"},{\"@type\":\"ListItem\",\"position\":2,\"name\":\"Minionii 3D la Colours Cinema din 10 Iulie\"}]},{\"@type\":\"WebSite\",\"@id\":\"https:\\\/\\\/urbeamea.ro\\\/albaiulia\\\/#website\",\"url\":\"https:\\\/\\\/urbeamea.ro\\\/albaiulia\\\/\",\"name\":\"Revista Urbea Mea, Stiri urbane\",\"description\":\"Evenimente \u0219i \u0219tiri din Alba Iulia, Sebe\u0219, Aiud, Blaj\",\"potentialAction\":[{\"@type\":\"SearchAction\",\"target\":{\"@type\":\"EntryPoint\",\"urlTemplate\":\"https:\\\/\\\/urbeamea.ro\\\/albaiulia\\\/?s={search_term_string}\"},\"query-input\":{\"@type\":\"PropertyValueSpecification\",\"valueRequired\":true,\"valueName\":\"search_term_string\"}}],\"inLanguage\":\"ro-RO\"},{\"@type\":\"Person\",\"@id\":\"https:\\\/\\\/urbeamea.ro\\\/albaiulia\\\/#\\\/schema\\\/person\\\/272ae98052f8ee8980f59848df070247\",\"name\":\"Redac\u021bia UrbeaMea\",\"image\":{\"@type\":\"ImageObject\",\"inLanguage\":\"ro-RO\",\"@id\":\"https:\\\/\\\/secure.gravatar.com\\\/avatar\\\/9ce5a9435071fa1037e8468053ead8e513dbbff59009d3069aadb85506d85a27?s=96&d=mm&r=g\",\"url\":\"https:\\\/\\\/secure.gravatar.com\\\/avatar\\\/9ce5a9435071fa1037e8468053ead8e513dbbff59009d3069aadb85506d85a27?s=96&d=mm&r=g\",\"contentUrl\":\"https:\\\/\\\/secure.gravatar.com\\\/avatar\\\/9ce5a9435071fa1037e8468053ead8e513dbbff59009d3069aadb85506d85a27?s=96&d=mm&r=g\",\"caption\":\"Redac\u021bia UrbeaMea\"},\"description\":\"contact@urbeamea.ro\",\"sameAs\":[\"https:\\\/\\\/www.urbeamea.ro\"],\"url\":\"https:\\\/\\\/urbeamea.ro\\\/albaiulia\\\/author\\\/redactia-urbeamea\\\/\"}]}<\/script>\n<!-- \/ Yoast SEO plugin. -->","yoast_head_json":{"title":"Minionii 3D la Colours Cinema din 10 Iulie - Revista Urbea Mea - Revista de Alba","description":"Povestea MINIONILOR, creat\u0103 de Universal Pictures \u0219i Illumination Entertainment, \u00ee\u0219i are originea la \u00eenceputul timpurilor. Minionii au \u00eenceput ca","robots":{"index":"index","follow":"follow","max-snippet":"max-snippet:-1","max-image-preview":"max-image-preview:large","max-video-preview":"max-video-preview:-1"},"canonical":"https:\/\/urbeamea.ro\/albaiulia\/minionii-3d-la-colours-cinema-din-10-iulie\/","twitter_card":"summary_large_image","twitter_title":"Minionii 3D la Colours Cinema din 10 Iulie - Revista Urbea Mea - Revista de Alba","twitter_description":"Povestea MINIONILOR, creat\u0103 de Universal Pictures \u0219i Illumination Entertainment, \u00ee\u0219i are originea la \u00eenceputul timpurilor. Minionii au \u00eenceput ca","twitter_image":"https:\/\/urbeamea.ro\/albaiulia\/wp-content\/uploads\/2015\/06\/Minions.jpg","twitter_creator":"@urbeameaweb","twitter_site":"@urbeameaweb","schema":{"@context":"https:\/\/schema.org","@graph":[{"@type":"Article","@id":"https:\/\/urbeamea.ro\/albaiulia\/minionii-3d-la-colours-cinema-din-10-iulie\/#article","isPartOf":{"@id":"https:\/\/urbeamea.ro\/albaiulia\/minionii-3d-la-colours-cinema-din-10-iulie\/"},"author":{"name":"Redac\u021bia UrbeaMea","@id":"https:\/\/urbeamea.ro\/albaiulia\/#\/schema\/person\/272ae98052f8ee8980f59848df070247"},"headline":"Minionii 3D la Colours Cinema din 10 Iulie","datePublished":"2015-06-28T05:30:34+00:00","dateModified":"2015-06-30T06:45:09+00:00","mainEntityOfPage":{"@id":"https:\/\/urbeamea.ro\/albaiulia\/minionii-3d-la-colours-cinema-din-10-iulie\/"},"wordCount":531,"commentCount":0,"image":{"@id":"https:\/\/urbeamea.ro\/albaiulia\/minionii-3d-la-colours-cinema-din-10-iulie\/#primaryimage"},"thumbnailUrl":"https:\/\/urbeamea.ro\/albaiulia\/wp-content\/uploads\/2015\/06\/Minions.jpg","articleSection":["Cinema, Filme \u0219i seriale"],"inLanguage":"ro-RO","potentialAction":[{"@type":"CommentAction","name":"Comment","target":["https:\/\/urbeamea.ro\/albaiulia\/minionii-3d-la-colours-cinema-din-10-iulie\/#respond"]}]},{"@type":"WebPage","@id":"https:\/\/urbeamea.ro\/albaiulia\/minionii-3d-la-colours-cinema-din-10-iulie\/","url":"https:\/\/urbeamea.ro\/albaiulia\/minionii-3d-la-colours-cinema-din-10-iulie\/","name":"Minionii 3D la Colours Cinema din 10 Iulie - Revista Urbea Mea - Revista de Alba","isPartOf":{"@id":"https:\/\/urbeamea.ro\/albaiulia\/#website"},"primaryImageOfPage":{"@id":"https:\/\/urbeamea.ro\/albaiulia\/minionii-3d-la-colours-cinema-din-10-iulie\/#primaryimage"},"image":{"@id":"https:\/\/urbeamea.ro\/albaiulia\/minionii-3d-la-colours-cinema-din-10-iulie\/#primaryimage"},"thumbnailUrl":"https:\/\/urbeamea.ro\/albaiulia\/wp-content\/uploads\/2015\/06\/Minions.jpg","datePublished":"2015-06-28T05:30:34+00:00","dateModified":"2015-06-30T06:45:09+00:00","author":{"@id":"https:\/\/urbeamea.ro\/albaiulia\/#\/schema\/person\/272ae98052f8ee8980f59848df070247"},"description":"Povestea MINIONILOR, creat\u0103 de Universal Pictures \u0219i Illumination Entertainment, \u00ee\u0219i are originea la \u00eenceputul timpurilor. Minionii au \u00eenceput ca","breadcrumb":{"@id":"https:\/\/urbeamea.ro\/albaiulia\/minionii-3d-la-colours-cinema-din-10-iulie\/#breadcrumb"},"inLanguage":"ro-RO","potentialAction":[{"@type":"ReadAction","target":["https:\/\/urbeamea.ro\/albaiulia\/minionii-3d-la-colours-cinema-din-10-iulie\/"]}]},{"@type":"ImageObject","inLanguage":"ro-RO","@id":"https:\/\/urbeamea.ro\/albaiulia\/minionii-3d-la-colours-cinema-din-10-iulie\/#primaryimage","url":"https:\/\/urbeamea.ro\/albaiulia\/wp-content\/uploads\/2015\/06\/Minions.jpg","contentUrl":"https:\/\/urbeamea.ro\/albaiulia\/wp-content\/uploads\/2015\/06\/Minions.jpg","width":892,"height":1280},{"@type":"BreadcrumbList","@id":"https:\/\/urbeamea.ro\/albaiulia\/minionii-3d-la-colours-cinema-din-10-iulie\/#breadcrumb","itemListElement":[{"@type":"ListItem","position":1,"name":"Prima pagin\u0103","item":"https:\/\/urbeamea.ro\/albaiulia\/"},{"@type":"ListItem","position":2,"name":"Minionii 3D la Colours Cinema din 10 Iulie"}]},{"@type":"WebSite","@id":"https:\/\/urbeamea.ro\/albaiulia\/#website","url":"https:\/\/urbeamea.ro\/albaiulia\/","name":"Revista Urbea Mea, Stiri urbane","description":"Evenimente \u0219i \u0219tiri din Alba Iulia, Sebe\u0219, Aiud, Blaj","potentialAction":[{"@type":"SearchAction","target":{"@type":"EntryPoint","urlTemplate":"https:\/\/urbeamea.ro\/albaiulia\/?s={search_term_string}"},"query-input":{"@type":"PropertyValueSpecification","valueRequired":true,"valueName":"search_term_string"}}],"inLanguage":"ro-RO"},{"@type":"Person","@id":"https:\/\/urbeamea.ro\/albaiulia\/#\/schema\/person\/272ae98052f8ee8980f59848df070247","name":"Redac\u021bia UrbeaMea","image":{"@type":"ImageObject","inLanguage":"ro-RO","@id":"https:\/\/secure.gravatar.com\/avatar\/9ce5a9435071fa1037e8468053ead8e513dbbff59009d3069aadb85506d85a27?s=96&d=mm&r=g","url":"https:\/\/secure.gravatar.com\/avatar\/9ce5a9435071fa1037e8468053ead8e513dbbff59009d3069aadb85506d85a27?s=96&d=mm&r=g","contentUrl":"https:\/\/secure.gravatar.com\/avatar\/9ce5a9435071fa1037e8468053ead8e513dbbff59009d3069aadb85506d85a27?s=96&d=mm&r=g","caption":"Redac\u021bia UrbeaMea"},"description":"contact@urbeamea.ro","sameAs":["https:\/\/www.urbeamea.ro"],"url":"https:\/\/urbeamea.ro\/albaiulia\/author\/redactia-urbeamea\/"}]}},"_links":{"self":[{"href":"https:\/\/urbeamea.ro\/albaiulia\/wp-json\/wp\/v2\/posts\/5735","targetHints":{"allow":["GET"]}}],"collection":[{"href":"https:\/\/urbeamea.ro\/albaiulia\/wp-json\/wp\/v2\/posts"}],"about":[{"href":"https:\/\/urbeamea.ro\/albaiulia\/wp-json\/wp\/v2\/types\/post"}],"author":[{"embeddable":true,"href":"https:\/\/urbeamea.ro\/albaiulia\/wp-json\/wp\/v2\/users\/16"}],"replies":[{"embeddable":true,"href":"https:\/\/urbeamea.ro\/albaiulia\/wp-json\/wp\/v2\/comments?post=5735"}],"version-history":[{"count":0,"href":"https:\/\/urbeamea.ro\/albaiulia\/wp-json\/wp\/v2\/posts\/5735\/revisions"}],"wp:featuredmedia":[{"embeddable":true,"href":"https:\/\/urbeamea.ro\/albaiulia\/wp-json\/wp\/v2\/media\/5736"}],"wp:attachment":[{"href":"https:\/\/urbeamea.ro\/albaiulia\/wp-json\/wp\/v2\/media?parent=5735"}],"wp:term":[{"taxonomy":"category","embeddable":true,"href":"https:\/\/urbeamea.ro\/albaiulia\/wp-json\/wp\/v2\/categories?post=5735"},{"taxonomy":"post_tag","embeddable":true,"href":"https:\/\/urbeamea.ro\/albaiulia\/wp-json\/wp\/v2\/tags?post=5735"}],"curies":[{"name":"wp","href":"https:\/\/api.w.org\/{rel}","templated":true}]}}