{"id":57530,"date":"2017-12-07T13:28:17","date_gmt":"2017-12-07T11:28:17","guid":{"rendered":"https:\/\/urbeamea.ro\/albaiulia\/?p=57530"},"modified":"2017-12-07T13:28:17","modified_gmt":"2017-12-07T11:28:17","slug":"oficial-14-15-si-16-decembrie-2017-zile-de-doliu-national-romania-memoria-regelui-mihai","status":"publish","type":"post","link":"https:\/\/urbeamea.ro\/albaiulia\/oficial-14-15-si-16-decembrie-2017-zile-de-doliu-national-romania-memoria-regelui-mihai\/","title":{"rendered":"OFICIAL: 14, 15 \u0219i 16 decembrie 2017, zile de doliu na\u021bional \u00een Rom\u00e2nia, \u00een memoria Regelui Mihai"},"content":{"rendered":"<p><strong>Zilele de 14, 15 \u0219i 16 decembrie 2017 sunt declarate zile de doliu na\u021bional pe teritoriul Rom\u00e2niei \u00een memoria Majest\u0103\u021bii Sale Regele Mihai al Rom\u00e2niei, \u0219ef al statului rom\u00e2n \u00eentre anii 1927-1930 \u0219i 1940-1947. Executivul a adoptat, \u00een \u0219edin\u021ba de miercuri, o hot\u0103r\u00e2re \u00een acest sens.<\/strong><\/p>\n<p>\u00cen zilele de doliu na\u021bional, toate institu\u021biile \u0219i autorit\u0103\u021bile publice centrale \u0219i locale vor arbora drapelul Rom\u00e2niei \u00een bern\u0103. De asemenea, drapelul Rom\u00e2niei \u00een bern\u0103 va fi arborat la sediile partidelor politice, sindicatelor, patronatelor, institu\u021biilor de \u00eenv\u0103\u021b\u0103m\u00e2nt \u0219i de cultur\u0103, misiunilor diplomatice ale Rom\u00e2niei, la punctele pentru trecerea frontierei, \u00een aeroporturi, porturi, g\u0103ri \u0219i autog\u0103ri, precum \u0219i ca pavilion pe navele de orice fel \u0219i pe ambarca\u021biunile ce navigheaz\u0103 sub pavilion rom\u00e2nesc. Aceea\u0219i obliga\u021bie revine, potrivit legii, \u0219i persoanelor fizice dac\u0103 arboreaz\u0103 drapelul Rom\u00e2niei la domiciliu sau la re\u0219edin\u021b\u0103.<\/p>\n<p>Totodat\u0103, posturile de radio \u0219i televiziune, institu\u021biile de cultur\u0103 \u00ee\u0219i vor adapta programul \u00een mod corespunz\u0103tor.<\/p>\n<p>Decizia privind declararea celor trei zile de doliu na\u021bional pe teritoriul Rom\u00e2niei a fost luat\u0103 \u00een temeiul dispozi\u021biilor Legii nr. 75\/1994 privind arborarea drapelului Rom\u00e2niei de c\u0103tre autorit\u0103\u021bile \u0219i institu\u021biile publice.<\/p>\n<p>Slujba de \u00eenmorm\u00e2ntare a Majest\u0103\u021bii Sale Regele Mihai va avea loc s\u00e2mb\u0103t\u0103, 16 decembrie 2017, \u00een Noua Catedral\u0103 de la Curtea de Arge\u0219.\u00a0<strong>\u00a0<\/strong><\/p>\n<p><strong>Informa\u021bii suplimentare:<\/strong><\/p>\n<p>Guvernul, \u00eempreun\u0103 cu Casa Regal\u0103, organizeaz\u0103 funeraliile na\u021bionale care vor avea loc \u00een memoria Majest\u0103\u021bii Sale Regele Mihai. Reprezentan\u021bii institu\u021biilor guvernamentale implicate \u00een organizarea ceremoniilor funerare sunt \u00een leg\u0103tur\u0103 cu reprezentan\u021bii Casei Regale a Rom\u00e2niei pentru stabilirea detaliilor, calendarului funeraliilor na\u021bionale, precum \u0219i implicarea fiec\u0103rei institu\u021bii guvernamentale.<\/p>\n","protected":false},"excerpt":{"rendered":"<p>Zilele de 14, 15 \u0219i 16 decembrie 2017 sunt declarate zile de doliu na\u021bional pe teritoriul Rom\u00e2niei \u00een memoria Majest\u0103\u021bii Sale Regele Mihai al Rom\u00e2niei, \u0219ef al statului rom\u00e2n \u00eentre anii 1927-1930 \u0219i 1940-1947. Executivul a adoptat, \u00een \u0219edin\u021ba de miercuri, o hot\u0103r\u00e2re \u00een acest sens. \u00cen zilele de doliu na\u021bional, toate institu\u021biile \u0219i autorit\u0103\u021bile &hellip;<\/p>\n","protected":false},"author":17,"featured_media":57531,"comment_status":"open","ping_status":"open","sticky":false,"template":"","format":"standard","meta":{"inline_featured_image":false,"footnotes":""},"categories":[1],"tags":[13358,307,13359,3955,7049,6636,308,76,13357],"class_list":["post-57530","post","type-post","status-publish","format-standard","has-post-thumbnail","hentry","category-stiri-urbane","tag-14-15-si-16-decembrie","tag-alba","tag-arborarea-drapelului-romaniei","tag-executiv","tag-hotarare","tag-regele-mihai","tag-stiri","tag-urbea-mea","tag-zile-de-doliu-national"],"yoast_head":"<!-- This site is optimized with the Yoast SEO plugin v28.3 - https:\/\/yoast.com\/product\/yoast-seo-wordpress\/ -->\n<title>OFICIAL: 14, 15 \u0219i 16 decembrie 2017, zile de doliu na\u021bional \u00een Rom\u00e2nia, \u00een memoria Regelui Mihai - Revista Urbea Mea - Revista de Alba<\/title>\n<meta name=\"description\" content=\"Zilele de 14, 15 \u0219i 16 decembrie 2017 sunt declarate zile de doliu na\u021bional pe teritoriul Rom\u00e2niei \u00een memoria Majest\u0103\u021bii Sale Regele Mihai al Rom\u00e2niei,\" \/>\n<meta name=\"robots\" content=\"index, follow, max-snippet:-1, max-image-preview:large, max-video-preview:-1\" \/>\n<link rel=\"canonical\" href=\"https:\/\/urbeamea.ro\/albaiulia\/oficial-14-15-si-16-decembrie-2017-zile-de-doliu-national-romania-memoria-regelui-mihai\/\" \/>\n<meta name=\"twitter:card\" content=\"summary_large_image\" \/>\n<meta name=\"twitter:title\" content=\"OFICIAL: 14, 15 \u0219i 16 decembrie 2017, zile de doliu na\u021bional \u00een Rom\u00e2nia, \u00een memoria Regelui Mihai - Revista Urbea Mea - Revista de Alba\" \/>\n<meta name=\"twitter:description\" content=\"Zilele de 14, 15 \u0219i 16 decembrie 2017 sunt declarate zile de doliu na\u021bional pe teritoriul Rom\u00e2niei \u00een memoria Majest\u0103\u021bii Sale Regele Mihai al Rom\u00e2niei,\" \/>\n<meta name=\"twitter:image\" content=\"https:\/\/urbeamea.ro\/albaiulia\/wp-content\/uploads\/2017\/12\/regele-mihai-1.jpg\" \/>\n<meta name=\"twitter:creator\" content=\"@urbeameaweb\" \/>\n<meta name=\"twitter:site\" content=\"@urbeameaweb\" \/>\n<script type=\"application\/ld+json\" class=\"yoast-schema-graph\">{\"@context\":\"https:\\\/\\\/schema.org\",\"@graph\":[{\"@type\":\"Article\",\"@id\":\"https:\\\/\\\/urbeamea.ro\\\/albaiulia\\\/oficial-14-15-si-16-decembrie-2017-zile-de-doliu-national-romania-memoria-regelui-mihai\\\/#article\",\"isPartOf\":{\"@id\":\"https:\\\/\\\/urbeamea.ro\\\/albaiulia\\\/oficial-14-15-si-16-decembrie-2017-zile-de-doliu-national-romania-memoria-regelui-mihai\\\/\"},\"author\":{\"name\":\"Cristina Ganga\",\"@id\":\"https:\\\/\\\/urbeamea.ro\\\/albaiulia\\\/#\\\/schema\\\/person\\\/9700d21fae21c4f038b0b56f4506264a\"},\"headline\":\"OFICIAL: 14, 15 \u0219i 16 decembrie 2017, zile de doliu na\u021bional \u00een Rom\u00e2nia, \u00een memoria Regelui Mihai\",\"datePublished\":\"2017-12-07T11:28:17+00:00\",\"mainEntityOfPage\":{\"@id\":\"https:\\\/\\\/urbeamea.ro\\\/albaiulia\\\/oficial-14-15-si-16-decembrie-2017-zile-de-doliu-national-romania-memoria-regelui-mihai\\\/\"},\"wordCount\":311,\"commentCount\":1,\"image\":{\"@id\":\"https:\\\/\\\/urbeamea.ro\\\/albaiulia\\\/oficial-14-15-si-16-decembrie-2017-zile-de-doliu-national-romania-memoria-regelui-mihai\\\/#primaryimage\"},\"thumbnailUrl\":\"https:\\\/\\\/urbeamea.ro\\\/albaiulia\\\/wp-content\\\/uploads\\\/2017\\\/12\\\/regele-mihai-1.jpg\",\"keywords\":[\"14 15 si 16 decembrie\",\"alba\",\"arborarea drapelului romaniei\",\"executiv\",\"hotarare\",\"regele Mihai\",\"stiri\",\"Urbea Mea\",\"zile de doliu national\"],\"articleSection\":[\"\u015etiri Urbane\"],\"inLanguage\":\"ro-RO\",\"potentialAction\":[{\"@type\":\"CommentAction\",\"name\":\"Comment\",\"target\":[\"https:\\\/\\\/urbeamea.ro\\\/albaiulia\\\/oficial-14-15-si-16-decembrie-2017-zile-de-doliu-national-romania-memoria-regelui-mihai\\\/#respond\"]}]},{\"@type\":\"WebPage\",\"@id\":\"https:\\\/\\\/urbeamea.ro\\\/albaiulia\\\/oficial-14-15-si-16-decembrie-2017-zile-de-doliu-national-romania-memoria-regelui-mihai\\\/\",\"url\":\"https:\\\/\\\/urbeamea.ro\\\/albaiulia\\\/oficial-14-15-si-16-decembrie-2017-zile-de-doliu-national-romania-memoria-regelui-mihai\\\/\",\"name\":\"OFICIAL: 14, 15 \u0219i 16 decembrie 2017, zile de doliu na\u021bional \u00een Rom\u00e2nia, \u00een memoria Regelui Mihai - Revista Urbea Mea - Revista de Alba\",\"isPartOf\":{\"@id\":\"https:\\\/\\\/urbeamea.ro\\\/albaiulia\\\/#website\"},\"primaryImageOfPage\":{\"@id\":\"https:\\\/\\\/urbeamea.ro\\\/albaiulia\\\/oficial-14-15-si-16-decembrie-2017-zile-de-doliu-national-romania-memoria-regelui-mihai\\\/#primaryimage\"},\"image\":{\"@id\":\"https:\\\/\\\/urbeamea.ro\\\/albaiulia\\\/oficial-14-15-si-16-decembrie-2017-zile-de-doliu-national-romania-memoria-regelui-mihai\\\/#primaryimage\"},\"thumbnailUrl\":\"https:\\\/\\\/urbeamea.ro\\\/albaiulia\\\/wp-content\\\/uploads\\\/2017\\\/12\\\/regele-mihai-1.jpg\",\"datePublished\":\"2017-12-07T11:28:17+00:00\",\"author\":{\"@id\":\"https:\\\/\\\/urbeamea.ro\\\/albaiulia\\\/#\\\/schema\\\/person\\\/9700d21fae21c4f038b0b56f4506264a\"},\"description\":\"Zilele de 14, 15 \u0219i 16 decembrie 2017 sunt declarate zile de doliu na\u021bional pe teritoriul Rom\u00e2niei \u00een memoria Majest\u0103\u021bii Sale Regele Mihai al Rom\u00e2niei,\",\"breadcrumb\":{\"@id\":\"https:\\\/\\\/urbeamea.ro\\\/albaiulia\\\/oficial-14-15-si-16-decembrie-2017-zile-de-doliu-national-romania-memoria-regelui-mihai\\\/#breadcrumb\"},\"inLanguage\":\"ro-RO\",\"potentialAction\":[{\"@type\":\"ReadAction\",\"target\":[\"https:\\\/\\\/urbeamea.ro\\\/albaiulia\\\/oficial-14-15-si-16-decembrie-2017-zile-de-doliu-national-romania-memoria-regelui-mihai\\\/\"]}]},{\"@type\":\"ImageObject\",\"inLanguage\":\"ro-RO\",\"@id\":\"https:\\\/\\\/urbeamea.ro\\\/albaiulia\\\/oficial-14-15-si-16-decembrie-2017-zile-de-doliu-national-romania-memoria-regelui-mihai\\\/#primaryimage\",\"url\":\"https:\\\/\\\/urbeamea.ro\\\/albaiulia\\\/wp-content\\\/uploads\\\/2017\\\/12\\\/regele-mihai-1.jpg\",\"contentUrl\":\"https:\\\/\\\/urbeamea.ro\\\/albaiulia\\\/wp-content\\\/uploads\\\/2017\\\/12\\\/regele-mihai-1.jpg\",\"width\":700,\"height\":467},{\"@type\":\"BreadcrumbList\",\"@id\":\"https:\\\/\\\/urbeamea.ro\\\/albaiulia\\\/oficial-14-15-si-16-decembrie-2017-zile-de-doliu-national-romania-memoria-regelui-mihai\\\/#breadcrumb\",\"itemListElement\":[{\"@type\":\"ListItem\",\"position\":1,\"name\":\"Prima pagin\u0103\",\"item\":\"https:\\\/\\\/urbeamea.ro\\\/albaiulia\\\/\"},{\"@type\":\"ListItem\",\"position\":2,\"name\":\"OFICIAL: 14, 15 \u0219i 16 decembrie 2017, zile de doliu na\u021bional \u00een Rom\u00e2nia, \u00een memoria Regelui Mihai\"}]},{\"@type\":\"WebSite\",\"@id\":\"https:\\\/\\\/urbeamea.ro\\\/albaiulia\\\/#website\",\"url\":\"https:\\\/\\\/urbeamea.ro\\\/albaiulia\\\/\",\"name\":\"Revista Urbea Mea, Stiri urbane\",\"description\":\"Evenimente \u0219i \u0219tiri din Alba Iulia, Sebe\u0219, Aiud, Blaj\",\"potentialAction\":[{\"@type\":\"SearchAction\",\"target\":{\"@type\":\"EntryPoint\",\"urlTemplate\":\"https:\\\/\\\/urbeamea.ro\\\/albaiulia\\\/?s={search_term_string}\"},\"query-input\":{\"@type\":\"PropertyValueSpecification\",\"valueRequired\":true,\"valueName\":\"search_term_string\"}}],\"inLanguage\":\"ro-RO\"},{\"@type\":\"Person\",\"@id\":\"https:\\\/\\\/urbeamea.ro\\\/albaiulia\\\/#\\\/schema\\\/person\\\/9700d21fae21c4f038b0b56f4506264a\",\"name\":\"Cristina Ganga\",\"image\":{\"@type\":\"ImageObject\",\"inLanguage\":\"ro-RO\",\"@id\":\"https:\\\/\\\/secure.gravatar.com\\\/avatar\\\/5a67661041f057b4a8ccaf26f5a8e86e2689372006d01faf3dd9eeb10b654bb4?s=96&d=mm&r=g\",\"url\":\"https:\\\/\\\/secure.gravatar.com\\\/avatar\\\/5a67661041f057b4a8ccaf26f5a8e86e2689372006d01faf3dd9eeb10b654bb4?s=96&d=mm&r=g\",\"contentUrl\":\"https:\\\/\\\/secure.gravatar.com\\\/avatar\\\/5a67661041f057b4a8ccaf26f5a8e86e2689372006d01faf3dd9eeb10b654bb4?s=96&d=mm&r=g\",\"caption\":\"Cristina Ganga\"},\"description\":\"Jurnalist\",\"sameAs\":[\"https:\\\/\\\/www.facebook.com\\\/cristina.nicola.587\"],\"url\":\"https:\\\/\\\/urbeamea.ro\\\/albaiulia\\\/author\\\/cristina-nicola\\\/\"}]}<\/script>\n<!-- \/ Yoast SEO plugin. -->","yoast_head_json":{"title":"OFICIAL: 14, 15 \u0219i 16 decembrie 2017, zile de doliu na\u021bional \u00een Rom\u00e2nia, \u00een memoria Regelui Mihai - Revista Urbea Mea - Revista de Alba","description":"Zilele de 14, 15 \u0219i 16 decembrie 2017 sunt declarate zile de doliu na\u021bional pe teritoriul Rom\u00e2niei \u00een memoria Majest\u0103\u021bii Sale Regele Mihai al Rom\u00e2niei,","robots":{"index":"index","follow":"follow","max-snippet":"max-snippet:-1","max-image-preview":"max-image-preview:large","max-video-preview":"max-video-preview:-1"},"canonical":"https:\/\/urbeamea.ro\/albaiulia\/oficial-14-15-si-16-decembrie-2017-zile-de-doliu-national-romania-memoria-regelui-mihai\/","twitter_card":"summary_large_image","twitter_title":"OFICIAL: 14, 15 \u0219i 16 decembrie 2017, zile de doliu na\u021bional \u00een Rom\u00e2nia, \u00een memoria Regelui Mihai - Revista Urbea Mea - Revista de Alba","twitter_description":"Zilele de 14, 15 \u0219i 16 decembrie 2017 sunt declarate zile de doliu na\u021bional pe teritoriul Rom\u00e2niei \u00een memoria Majest\u0103\u021bii Sale Regele Mihai al Rom\u00e2niei,","twitter_image":"https:\/\/urbeamea.ro\/albaiulia\/wp-content\/uploads\/2017\/12\/regele-mihai-1.jpg","twitter_creator":"@urbeameaweb","twitter_site":"@urbeameaweb","schema":{"@context":"https:\/\/schema.org","@graph":[{"@type":"Article","@id":"https:\/\/urbeamea.ro\/albaiulia\/oficial-14-15-si-16-decembrie-2017-zile-de-doliu-national-romania-memoria-regelui-mihai\/#article","isPartOf":{"@id":"https:\/\/urbeamea.ro\/albaiulia\/oficial-14-15-si-16-decembrie-2017-zile-de-doliu-national-romania-memoria-regelui-mihai\/"},"author":{"name":"Cristina Ganga","@id":"https:\/\/urbeamea.ro\/albaiulia\/#\/schema\/person\/9700d21fae21c4f038b0b56f4506264a"},"headline":"OFICIAL: 14, 15 \u0219i 16 decembrie 2017, zile de doliu na\u021bional \u00een Rom\u00e2nia, \u00een memoria Regelui Mihai","datePublished":"2017-12-07T11:28:17+00:00","mainEntityOfPage":{"@id":"https:\/\/urbeamea.ro\/albaiulia\/oficial-14-15-si-16-decembrie-2017-zile-de-doliu-national-romania-memoria-regelui-mihai\/"},"wordCount":311,"commentCount":1,"image":{"@id":"https:\/\/urbeamea.ro\/albaiulia\/oficial-14-15-si-16-decembrie-2017-zile-de-doliu-national-romania-memoria-regelui-mihai\/#primaryimage"},"thumbnailUrl":"https:\/\/urbeamea.ro\/albaiulia\/wp-content\/uploads\/2017\/12\/regele-mihai-1.jpg","keywords":["14 15 si 16 decembrie","alba","arborarea drapelului romaniei","executiv","hotarare","regele Mihai","stiri","Urbea Mea","zile de doliu national"],"articleSection":["\u015etiri Urbane"],"inLanguage":"ro-RO","potentialAction":[{"@type":"CommentAction","name":"Comment","target":["https:\/\/urbeamea.ro\/albaiulia\/oficial-14-15-si-16-decembrie-2017-zile-de-doliu-national-romania-memoria-regelui-mihai\/#respond"]}]},{"@type":"WebPage","@id":"https:\/\/urbeamea.ro\/albaiulia\/oficial-14-15-si-16-decembrie-2017-zile-de-doliu-national-romania-memoria-regelui-mihai\/","url":"https:\/\/urbeamea.ro\/albaiulia\/oficial-14-15-si-16-decembrie-2017-zile-de-doliu-national-romania-memoria-regelui-mihai\/","name":"OFICIAL: 14, 15 \u0219i 16 decembrie 2017, zile de doliu na\u021bional \u00een Rom\u00e2nia, \u00een memoria Regelui Mihai - Revista Urbea Mea - Revista de Alba","isPartOf":{"@id":"https:\/\/urbeamea.ro\/albaiulia\/#website"},"primaryImageOfPage":{"@id":"https:\/\/urbeamea.ro\/albaiulia\/oficial-14-15-si-16-decembrie-2017-zile-de-doliu-national-romania-memoria-regelui-mihai\/#primaryimage"},"image":{"@id":"https:\/\/urbeamea.ro\/albaiulia\/oficial-14-15-si-16-decembrie-2017-zile-de-doliu-national-romania-memoria-regelui-mihai\/#primaryimage"},"thumbnailUrl":"https:\/\/urbeamea.ro\/albaiulia\/wp-content\/uploads\/2017\/12\/regele-mihai-1.jpg","datePublished":"2017-12-07T11:28:17+00:00","author":{"@id":"https:\/\/urbeamea.ro\/albaiulia\/#\/schema\/person\/9700d21fae21c4f038b0b56f4506264a"},"description":"Zilele de 14, 15 \u0219i 16 decembrie 2017 sunt declarate zile de doliu na\u021bional pe teritoriul Rom\u00e2niei \u00een memoria Majest\u0103\u021bii Sale Regele Mihai al Rom\u00e2niei,","breadcrumb":{"@id":"https:\/\/urbeamea.ro\/albaiulia\/oficial-14-15-si-16-decembrie-2017-zile-de-doliu-national-romania-memoria-regelui-mihai\/#breadcrumb"},"inLanguage":"ro-RO","potentialAction":[{"@type":"ReadAction","target":["https:\/\/urbeamea.ro\/albaiulia\/oficial-14-15-si-16-decembrie-2017-zile-de-doliu-national-romania-memoria-regelui-mihai\/"]}]},{"@type":"ImageObject","inLanguage":"ro-RO","@id":"https:\/\/urbeamea.ro\/albaiulia\/oficial-14-15-si-16-decembrie-2017-zile-de-doliu-national-romania-memoria-regelui-mihai\/#primaryimage","url":"https:\/\/urbeamea.ro\/albaiulia\/wp-content\/uploads\/2017\/12\/regele-mihai-1.jpg","contentUrl":"https:\/\/urbeamea.ro\/albaiulia\/wp-content\/uploads\/2017\/12\/regele-mihai-1.jpg","width":700,"height":467},{"@type":"BreadcrumbList","@id":"https:\/\/urbeamea.ro\/albaiulia\/oficial-14-15-si-16-decembrie-2017-zile-de-doliu-national-romania-memoria-regelui-mihai\/#breadcrumb","itemListElement":[{"@type":"ListItem","position":1,"name":"Prima pagin\u0103","item":"https:\/\/urbeamea.ro\/albaiulia\/"},{"@type":"ListItem","position":2,"name":"OFICIAL: 14, 15 \u0219i 16 decembrie 2017, zile de doliu na\u021bional \u00een Rom\u00e2nia, \u00een memoria Regelui Mihai"}]},{"@type":"WebSite","@id":"https:\/\/urbeamea.ro\/albaiulia\/#website","url":"https:\/\/urbeamea.ro\/albaiulia\/","name":"Revista Urbea Mea, Stiri urbane","description":"Evenimente \u0219i \u0219tiri din Alba Iulia, Sebe\u0219, Aiud, Blaj","potentialAction":[{"@type":"SearchAction","target":{"@type":"EntryPoint","urlTemplate":"https:\/\/urbeamea.ro\/albaiulia\/?s={search_term_string}"},"query-input":{"@type":"PropertyValueSpecification","valueRequired":true,"valueName":"search_term_string"}}],"inLanguage":"ro-RO"},{"@type":"Person","@id":"https:\/\/urbeamea.ro\/albaiulia\/#\/schema\/person\/9700d21fae21c4f038b0b56f4506264a","name":"Cristina Ganga","image":{"@type":"ImageObject","inLanguage":"ro-RO","@id":"https:\/\/secure.gravatar.com\/avatar\/5a67661041f057b4a8ccaf26f5a8e86e2689372006d01faf3dd9eeb10b654bb4?s=96&d=mm&r=g","url":"https:\/\/secure.gravatar.com\/avatar\/5a67661041f057b4a8ccaf26f5a8e86e2689372006d01faf3dd9eeb10b654bb4?s=96&d=mm&r=g","contentUrl":"https:\/\/secure.gravatar.com\/avatar\/5a67661041f057b4a8ccaf26f5a8e86e2689372006d01faf3dd9eeb10b654bb4?s=96&d=mm&r=g","caption":"Cristina Ganga"},"description":"Jurnalist","sameAs":["https:\/\/www.facebook.com\/cristina.nicola.587"],"url":"https:\/\/urbeamea.ro\/albaiulia\/author\/cristina-nicola\/"}]}},"_links":{"self":[{"href":"https:\/\/urbeamea.ro\/albaiulia\/wp-json\/wp\/v2\/posts\/57530","targetHints":{"allow":["GET"]}}],"collection":[{"href":"https:\/\/urbeamea.ro\/albaiulia\/wp-json\/wp\/v2\/posts"}],"about":[{"href":"https:\/\/urbeamea.ro\/albaiulia\/wp-json\/wp\/v2\/types\/post"}],"author":[{"embeddable":true,"href":"https:\/\/urbeamea.ro\/albaiulia\/wp-json\/wp\/v2\/users\/17"}],"replies":[{"embeddable":true,"href":"https:\/\/urbeamea.ro\/albaiulia\/wp-json\/wp\/v2\/comments?post=57530"}],"version-history":[{"count":0,"href":"https:\/\/urbeamea.ro\/albaiulia\/wp-json\/wp\/v2\/posts\/57530\/revisions"}],"wp:featuredmedia":[{"embeddable":true,"href":"https:\/\/urbeamea.ro\/albaiulia\/wp-json\/wp\/v2\/media\/57531"}],"wp:attachment":[{"href":"https:\/\/urbeamea.ro\/albaiulia\/wp-json\/wp\/v2\/media?parent=57530"}],"wp:term":[{"taxonomy":"category","embeddable":true,"href":"https:\/\/urbeamea.ro\/albaiulia\/wp-json\/wp\/v2\/categories?post=57530"},{"taxonomy":"post_tag","embeddable":true,"href":"https:\/\/urbeamea.ro\/albaiulia\/wp-json\/wp\/v2\/tags?post=57530"}],"curies":[{"name":"wp","href":"https:\/\/api.w.org\/{rel}","templated":true}]}}