{"id":57681,"date":"2018-02-04T18:33:11","date_gmt":"2018-02-04T16:33:11","guid":{"rendered":"https:\/\/urbeamea.ro\/albaiulia\/?p=57681"},"modified":"2018-02-04T19:00:45","modified_gmt":"2018-02-04T17:00:45","slug":"phantom-thread-premiera-la-cinema-din-16-februarie","status":"publish","type":"post","link":"https:\/\/urbeamea.ro\/albaiulia\/phantom-thread-premiera-la-cinema-din-16-februarie\/","title":{"rendered":"Phantom Thread [premier\u0103 la cinema din 16 Februarie]"},"content":{"rendered":"<p><img loading=\"lazy\" decoding=\"async\" class=\"size-full wp-image-57682 alignleft\" src=\"https:\/\/urbeamea.ro\/albaiulia\/wp-content\/uploads\/2017\/12\/phantomthread.jpg\" alt=\"\" width=\"387\" height=\"609\" srcset=\"https:\/\/urbeamea.ro\/albaiulia\/wp-content\/uploads\/2017\/12\/phantomthread.jpg 387w, https:\/\/urbeamea.ro\/albaiulia\/wp-content\/uploads\/2017\/12\/phantomthread-95x150.jpg 95w\" sizes=\"auto, (max-width: 387px) 100vw, 387px\" \/>Amplasat \u00een Londra elegant\u0103 a anilor \u201950, FIRUL FANTOM\u0102 este povestea celebrului designer Reynolds Woodcock (Daniel Day-Lewis), \u0219i a surorii sale, Cyril (Lesley Manville), care domin\u0103 lumea modei britanice, \u00eembr\u0103c\u00e2nd familia regal\u0103, staruri de cinema, mo\u0219tenitoare bogate, aristocrate, debutante \u0219i doamne din lumea bun\u0103 \u00een stilul distinct al casei de mod\u0103 Woodcock. Prin via\u021ba lui Reynolds Woodcock, burlac convins, se perind\u0103 femei care \u00eei confer\u0103 inspira\u021bie \u0219i companie, asta, p\u00e2n\u0103 \u00een ziua c\u00e2nd acesta o cunoa\u0219te pe Alma (Vicky Krieps), o femeie t\u00e2n\u0103r\u0103 \u0219i cu o voin\u021b\u0103 puternic\u0103. Alma devine rapid o prezen\u021b\u0103 constant\u0103 \u00een via\u021ba lui, ca iubit\u0103 \u0219i muz\u0103 artistic\u0103. Dar Reynolds \u00ee\u0219i d\u0103 seama c\u0103 existen\u021ba lui, p\u00e2n\u0103 atunci perfect planificat\u0103 \u0219i mereu \u021binut\u0103 sub control strict, va fi bulversat\u0103 de dragostea pe care i-o poart\u0103 acestei femei. Cu acest nou film, Paul Thomas Anderson d\u0103 via\u021b\u0103 unui portret dublu, at\u00e2t al artistului aflat la o experien\u021b\u0103 nou\u0103 \u0219i extrem de creativ\u0103, c\u00e2t \u0219i al femeii care face ca lumea acestuia s\u0103 mearg\u0103 \u00eenainte. FIRUL FANTOM\u0102 este cel de-al optulea film al lui Paul Thomas Anderson, \u0219i cea de-a doua colaborare cu Daniel Day-Lewis.<\/p>\n<p><iframe loading=\"lazy\" title=\"FIRUL FANTOM\u0102 | 16.02.18\" width=\"500\" height=\"281\" src=\"https:\/\/www.youtube.com\/embed\/KX9Q_YF-Eus?feature=oembed\" frameborder=\"0\" allow=\"accelerometer; autoplay; clipboard-write; encrypted-media; gyroscope; picture-in-picture; web-share\" referrerpolicy=\"strict-origin-when-cross-origin\" allowfullscreen><\/iframe><\/p>\n","protected":false},"excerpt":{"rendered":"<p>Amplasat \u00een Londra elegant\u0103 a anilor \u201950, FIRUL FANTOM\u0102 este povestea celebrului designer Reynolds Woodcock (Daniel Day-Lewis), \u0219i a surorii sale, Cyril (Lesley Manville), care domin\u0103 lumea modei britanice, \u00eembr\u0103c\u00e2nd familia regal\u0103, staruri de cinema, mo\u0219tenitoare bogate, aristocrate, debutante \u0219i doamne din lumea bun\u0103 \u00een stilul distinct al casei de mod\u0103 Woodcock. Prin via\u021ba lui &hellip;<\/p>\n","protected":false},"author":23,"featured_media":57682,"comment_status":"open","ping_status":"open","sticky":false,"template":"","format":"standard","meta":{"inline_featured_image":false,"footnotes":""},"categories":[28],"tags":[120,14096,897,14097,13867,14098],"class_list":["post-57681","post","type-post","status-publish","format-standard","has-post-thumbnail","hentry","category-cinema","tag-cinema","tag-daniel-day-lewis","tag-film","tag-lesley-manville","tag-phantom-thread","tag-vicky-krieps"],"yoast_head":"<!-- This site is optimized with the Yoast SEO plugin v28.3 - https:\/\/yoast.com\/product\/yoast-seo-wordpress\/ -->\n<title>Phantom Thread [premier\u0103 la cinema din 16 Februarie] - Revista Urbea Mea - Revista de Alba<\/title>\n<meta name=\"description\" content=\"Amplasat \u00een Londra elegant\u0103 a anilor \u201950, FIRUL FANTOM\u0102 este povestea celebrului designer Reynolds Woodcock (Daniel Day-Lewis), \u0219i a surorii sale, Cyril\" \/>\n<meta name=\"robots\" content=\"index, follow, max-snippet:-1, max-image-preview:large, max-video-preview:-1\" \/>\n<link rel=\"canonical\" href=\"https:\/\/urbeamea.ro\/albaiulia\/phantom-thread-premiera-la-cinema-din-16-februarie\/\" \/>\n<meta name=\"twitter:card\" content=\"summary_large_image\" \/>\n<meta name=\"twitter:title\" content=\"Phantom Thread [premier\u0103 la cinema din 16 Februarie] - Revista Urbea Mea - Revista de Alba\" \/>\n<meta name=\"twitter:description\" content=\"Amplasat \u00een Londra elegant\u0103 a anilor \u201950, FIRUL FANTOM\u0102 este povestea celebrului designer Reynolds Woodcock (Daniel Day-Lewis), \u0219i a surorii sale, Cyril\" \/>\n<meta name=\"twitter:image\" content=\"https:\/\/urbeamea.ro\/albaiulia\/wp-content\/uploads\/2017\/12\/phantomthread.jpg\" \/>\n<meta name=\"twitter:creator\" content=\"@urbeameaweb\" \/>\n<meta name=\"twitter:site\" content=\"@urbeameaweb\" \/>\n<script type=\"application\/ld+json\" class=\"yoast-schema-graph\">{\"@context\":\"https:\\\/\\\/schema.org\",\"@graph\":[{\"@type\":\"Article\",\"@id\":\"https:\\\/\\\/urbeamea.ro\\\/albaiulia\\\/phantom-thread-premiera-la-cinema-din-16-februarie\\\/#article\",\"isPartOf\":{\"@id\":\"https:\\\/\\\/urbeamea.ro\\\/albaiulia\\\/phantom-thread-premiera-la-cinema-din-16-februarie\\\/\"},\"author\":{\"name\":\"Marius Paul\",\"@id\":\"https:\\\/\\\/urbeamea.ro\\\/albaiulia\\\/#\\\/schema\\\/person\\\/ec9394980660920fa50ec4d870f87958\"},\"headline\":\"Phantom Thread [premier\u0103 la cinema din 16 Februarie]\",\"datePublished\":\"2018-02-04T16:33:11+00:00\",\"dateModified\":\"2018-02-04T17:00:45+00:00\",\"mainEntityOfPage\":{\"@id\":\"https:\\\/\\\/urbeamea.ro\\\/albaiulia\\\/phantom-thread-premiera-la-cinema-din-16-februarie\\\/\"},\"wordCount\":219,\"commentCount\":0,\"image\":{\"@id\":\"https:\\\/\\\/urbeamea.ro\\\/albaiulia\\\/phantom-thread-premiera-la-cinema-din-16-februarie\\\/#primaryimage\"},\"thumbnailUrl\":\"https:\\\/\\\/urbeamea.ro\\\/albaiulia\\\/wp-content\\\/uploads\\\/2017\\\/12\\\/phantomthread.jpg\",\"keywords\":[\"cinema\",\"Daniel Day-Lewis\",\"film\",\"Lesley Manville\",\"Phantom Thread\",\"Vicky Krieps\"],\"articleSection\":[\"Cinema, Filme \u0219i seriale\"],\"inLanguage\":\"ro-RO\",\"potentialAction\":[{\"@type\":\"CommentAction\",\"name\":\"Comment\",\"target\":[\"https:\\\/\\\/urbeamea.ro\\\/albaiulia\\\/phantom-thread-premiera-la-cinema-din-16-februarie\\\/#respond\"]}]},{\"@type\":\"WebPage\",\"@id\":\"https:\\\/\\\/urbeamea.ro\\\/albaiulia\\\/phantom-thread-premiera-la-cinema-din-16-februarie\\\/\",\"url\":\"https:\\\/\\\/urbeamea.ro\\\/albaiulia\\\/phantom-thread-premiera-la-cinema-din-16-februarie\\\/\",\"name\":\"Phantom Thread [premier\u0103 la cinema din 16 Februarie] - Revista Urbea Mea - Revista de Alba\",\"isPartOf\":{\"@id\":\"https:\\\/\\\/urbeamea.ro\\\/albaiulia\\\/#website\"},\"primaryImageOfPage\":{\"@id\":\"https:\\\/\\\/urbeamea.ro\\\/albaiulia\\\/phantom-thread-premiera-la-cinema-din-16-februarie\\\/#primaryimage\"},\"image\":{\"@id\":\"https:\\\/\\\/urbeamea.ro\\\/albaiulia\\\/phantom-thread-premiera-la-cinema-din-16-februarie\\\/#primaryimage\"},\"thumbnailUrl\":\"https:\\\/\\\/urbeamea.ro\\\/albaiulia\\\/wp-content\\\/uploads\\\/2017\\\/12\\\/phantomthread.jpg\",\"datePublished\":\"2018-02-04T16:33:11+00:00\",\"dateModified\":\"2018-02-04T17:00:45+00:00\",\"author\":{\"@id\":\"https:\\\/\\\/urbeamea.ro\\\/albaiulia\\\/#\\\/schema\\\/person\\\/ec9394980660920fa50ec4d870f87958\"},\"description\":\"Amplasat \u00een Londra elegant\u0103 a anilor \u201950, FIRUL FANTOM\u0102 este povestea celebrului designer Reynolds Woodcock (Daniel Day-Lewis), \u0219i a surorii sale, Cyril\",\"breadcrumb\":{\"@id\":\"https:\\\/\\\/urbeamea.ro\\\/albaiulia\\\/phantom-thread-premiera-la-cinema-din-16-februarie\\\/#breadcrumb\"},\"inLanguage\":\"ro-RO\",\"potentialAction\":[{\"@type\":\"ReadAction\",\"target\":[\"https:\\\/\\\/urbeamea.ro\\\/albaiulia\\\/phantom-thread-premiera-la-cinema-din-16-februarie\\\/\"]}]},{\"@type\":\"ImageObject\",\"inLanguage\":\"ro-RO\",\"@id\":\"https:\\\/\\\/urbeamea.ro\\\/albaiulia\\\/phantom-thread-premiera-la-cinema-din-16-februarie\\\/#primaryimage\",\"url\":\"https:\\\/\\\/urbeamea.ro\\\/albaiulia\\\/wp-content\\\/uploads\\\/2017\\\/12\\\/phantomthread.jpg\",\"contentUrl\":\"https:\\\/\\\/urbeamea.ro\\\/albaiulia\\\/wp-content\\\/uploads\\\/2017\\\/12\\\/phantomthread.jpg\",\"width\":387,\"height\":609},{\"@type\":\"BreadcrumbList\",\"@id\":\"https:\\\/\\\/urbeamea.ro\\\/albaiulia\\\/phantom-thread-premiera-la-cinema-din-16-februarie\\\/#breadcrumb\",\"itemListElement\":[{\"@type\":\"ListItem\",\"position\":1,\"name\":\"Prima pagin\u0103\",\"item\":\"https:\\\/\\\/urbeamea.ro\\\/albaiulia\\\/\"},{\"@type\":\"ListItem\",\"position\":2,\"name\":\"Phantom Thread [premier\u0103 la cinema din 16 Februarie]\"}]},{\"@type\":\"WebSite\",\"@id\":\"https:\\\/\\\/urbeamea.ro\\\/albaiulia\\\/#website\",\"url\":\"https:\\\/\\\/urbeamea.ro\\\/albaiulia\\\/\",\"name\":\"Revista Urbea Mea, Stiri urbane\",\"description\":\"Evenimente \u0219i \u0219tiri din Alba Iulia, Sebe\u0219, Aiud, Blaj\",\"potentialAction\":[{\"@type\":\"SearchAction\",\"target\":{\"@type\":\"EntryPoint\",\"urlTemplate\":\"https:\\\/\\\/urbeamea.ro\\\/albaiulia\\\/?s={search_term_string}\"},\"query-input\":{\"@type\":\"PropertyValueSpecification\",\"valueRequired\":true,\"valueName\":\"search_term_string\"}}],\"inLanguage\":\"ro-RO\"},{\"@type\":\"Person\",\"@id\":\"https:\\\/\\\/urbeamea.ro\\\/albaiulia\\\/#\\\/schema\\\/person\\\/ec9394980660920fa50ec4d870f87958\",\"name\":\"Marius Paul\",\"image\":{\"@type\":\"ImageObject\",\"inLanguage\":\"ro-RO\",\"@id\":\"https:\\\/\\\/secure.gravatar.com\\\/avatar\\\/0c0ce50b62e00a6dd3fbf00acf9ceafab452285a1fccb0ac294255e8c41499b0?s=96&d=mm&r=g\",\"url\":\"https:\\\/\\\/secure.gravatar.com\\\/avatar\\\/0c0ce50b62e00a6dd3fbf00acf9ceafab452285a1fccb0ac294255e8c41499b0?s=96&d=mm&r=g\",\"contentUrl\":\"https:\\\/\\\/secure.gravatar.com\\\/avatar\\\/0c0ce50b62e00a6dd3fbf00acf9ceafab452285a1fccb0ac294255e8c41499b0?s=96&d=mm&r=g\",\"caption\":\"Marius Paul\"},\"url\":\"https:\\\/\\\/urbeamea.ro\\\/albaiulia\\\/author\\\/marius-paul\\\/\"}]}<\/script>\n<!-- \/ Yoast SEO plugin. -->","yoast_head_json":{"title":"Phantom Thread [premier\u0103 la cinema din 16 Februarie] - Revista Urbea Mea - Revista de Alba","description":"Amplasat \u00een Londra elegant\u0103 a anilor \u201950, FIRUL FANTOM\u0102 este povestea celebrului designer Reynolds Woodcock (Daniel Day-Lewis), \u0219i a surorii sale, Cyril","robots":{"index":"index","follow":"follow","max-snippet":"max-snippet:-1","max-image-preview":"max-image-preview:large","max-video-preview":"max-video-preview:-1"},"canonical":"https:\/\/urbeamea.ro\/albaiulia\/phantom-thread-premiera-la-cinema-din-16-februarie\/","twitter_card":"summary_large_image","twitter_title":"Phantom Thread [premier\u0103 la cinema din 16 Februarie] - Revista Urbea Mea - Revista de Alba","twitter_description":"Amplasat \u00een Londra elegant\u0103 a anilor \u201950, FIRUL FANTOM\u0102 este povestea celebrului designer Reynolds Woodcock (Daniel Day-Lewis), \u0219i a surorii sale, Cyril","twitter_image":"https:\/\/urbeamea.ro\/albaiulia\/wp-content\/uploads\/2017\/12\/phantomthread.jpg","twitter_creator":"@urbeameaweb","twitter_site":"@urbeameaweb","schema":{"@context":"https:\/\/schema.org","@graph":[{"@type":"Article","@id":"https:\/\/urbeamea.ro\/albaiulia\/phantom-thread-premiera-la-cinema-din-16-februarie\/#article","isPartOf":{"@id":"https:\/\/urbeamea.ro\/albaiulia\/phantom-thread-premiera-la-cinema-din-16-februarie\/"},"author":{"name":"Marius Paul","@id":"https:\/\/urbeamea.ro\/albaiulia\/#\/schema\/person\/ec9394980660920fa50ec4d870f87958"},"headline":"Phantom Thread [premier\u0103 la cinema din 16 Februarie]","datePublished":"2018-02-04T16:33:11+00:00","dateModified":"2018-02-04T17:00:45+00:00","mainEntityOfPage":{"@id":"https:\/\/urbeamea.ro\/albaiulia\/phantom-thread-premiera-la-cinema-din-16-februarie\/"},"wordCount":219,"commentCount":0,"image":{"@id":"https:\/\/urbeamea.ro\/albaiulia\/phantom-thread-premiera-la-cinema-din-16-februarie\/#primaryimage"},"thumbnailUrl":"https:\/\/urbeamea.ro\/albaiulia\/wp-content\/uploads\/2017\/12\/phantomthread.jpg","keywords":["cinema","Daniel Day-Lewis","film","Lesley Manville","Phantom Thread","Vicky Krieps"],"articleSection":["Cinema, Filme \u0219i seriale"],"inLanguage":"ro-RO","potentialAction":[{"@type":"CommentAction","name":"Comment","target":["https:\/\/urbeamea.ro\/albaiulia\/phantom-thread-premiera-la-cinema-din-16-februarie\/#respond"]}]},{"@type":"WebPage","@id":"https:\/\/urbeamea.ro\/albaiulia\/phantom-thread-premiera-la-cinema-din-16-februarie\/","url":"https:\/\/urbeamea.ro\/albaiulia\/phantom-thread-premiera-la-cinema-din-16-februarie\/","name":"Phantom Thread [premier\u0103 la cinema din 16 Februarie] - Revista Urbea Mea - Revista de Alba","isPartOf":{"@id":"https:\/\/urbeamea.ro\/albaiulia\/#website"},"primaryImageOfPage":{"@id":"https:\/\/urbeamea.ro\/albaiulia\/phantom-thread-premiera-la-cinema-din-16-februarie\/#primaryimage"},"image":{"@id":"https:\/\/urbeamea.ro\/albaiulia\/phantom-thread-premiera-la-cinema-din-16-februarie\/#primaryimage"},"thumbnailUrl":"https:\/\/urbeamea.ro\/albaiulia\/wp-content\/uploads\/2017\/12\/phantomthread.jpg","datePublished":"2018-02-04T16:33:11+00:00","dateModified":"2018-02-04T17:00:45+00:00","author":{"@id":"https:\/\/urbeamea.ro\/albaiulia\/#\/schema\/person\/ec9394980660920fa50ec4d870f87958"},"description":"Amplasat \u00een Londra elegant\u0103 a anilor \u201950, FIRUL FANTOM\u0102 este povestea celebrului designer Reynolds Woodcock (Daniel Day-Lewis), \u0219i a surorii sale, Cyril","breadcrumb":{"@id":"https:\/\/urbeamea.ro\/albaiulia\/phantom-thread-premiera-la-cinema-din-16-februarie\/#breadcrumb"},"inLanguage":"ro-RO","potentialAction":[{"@type":"ReadAction","target":["https:\/\/urbeamea.ro\/albaiulia\/phantom-thread-premiera-la-cinema-din-16-februarie\/"]}]},{"@type":"ImageObject","inLanguage":"ro-RO","@id":"https:\/\/urbeamea.ro\/albaiulia\/phantom-thread-premiera-la-cinema-din-16-februarie\/#primaryimage","url":"https:\/\/urbeamea.ro\/albaiulia\/wp-content\/uploads\/2017\/12\/phantomthread.jpg","contentUrl":"https:\/\/urbeamea.ro\/albaiulia\/wp-content\/uploads\/2017\/12\/phantomthread.jpg","width":387,"height":609},{"@type":"BreadcrumbList","@id":"https:\/\/urbeamea.ro\/albaiulia\/phantom-thread-premiera-la-cinema-din-16-februarie\/#breadcrumb","itemListElement":[{"@type":"ListItem","position":1,"name":"Prima pagin\u0103","item":"https:\/\/urbeamea.ro\/albaiulia\/"},{"@type":"ListItem","position":2,"name":"Phantom Thread [premier\u0103 la cinema din 16 Februarie]"}]},{"@type":"WebSite","@id":"https:\/\/urbeamea.ro\/albaiulia\/#website","url":"https:\/\/urbeamea.ro\/albaiulia\/","name":"Revista Urbea Mea, Stiri urbane","description":"Evenimente \u0219i \u0219tiri din Alba Iulia, Sebe\u0219, Aiud, Blaj","potentialAction":[{"@type":"SearchAction","target":{"@type":"EntryPoint","urlTemplate":"https:\/\/urbeamea.ro\/albaiulia\/?s={search_term_string}"},"query-input":{"@type":"PropertyValueSpecification","valueRequired":true,"valueName":"search_term_string"}}],"inLanguage":"ro-RO"},{"@type":"Person","@id":"https:\/\/urbeamea.ro\/albaiulia\/#\/schema\/person\/ec9394980660920fa50ec4d870f87958","name":"Marius Paul","image":{"@type":"ImageObject","inLanguage":"ro-RO","@id":"https:\/\/secure.gravatar.com\/avatar\/0c0ce50b62e00a6dd3fbf00acf9ceafab452285a1fccb0ac294255e8c41499b0?s=96&d=mm&r=g","url":"https:\/\/secure.gravatar.com\/avatar\/0c0ce50b62e00a6dd3fbf00acf9ceafab452285a1fccb0ac294255e8c41499b0?s=96&d=mm&r=g","contentUrl":"https:\/\/secure.gravatar.com\/avatar\/0c0ce50b62e00a6dd3fbf00acf9ceafab452285a1fccb0ac294255e8c41499b0?s=96&d=mm&r=g","caption":"Marius Paul"},"url":"https:\/\/urbeamea.ro\/albaiulia\/author\/marius-paul\/"}]}},"_links":{"self":[{"href":"https:\/\/urbeamea.ro\/albaiulia\/wp-json\/wp\/v2\/posts\/57681","targetHints":{"allow":["GET"]}}],"collection":[{"href":"https:\/\/urbeamea.ro\/albaiulia\/wp-json\/wp\/v2\/posts"}],"about":[{"href":"https:\/\/urbeamea.ro\/albaiulia\/wp-json\/wp\/v2\/types\/post"}],"author":[{"embeddable":true,"href":"https:\/\/urbeamea.ro\/albaiulia\/wp-json\/wp\/v2\/users\/23"}],"replies":[{"embeddable":true,"href":"https:\/\/urbeamea.ro\/albaiulia\/wp-json\/wp\/v2\/comments?post=57681"}],"version-history":[{"count":0,"href":"https:\/\/urbeamea.ro\/albaiulia\/wp-json\/wp\/v2\/posts\/57681\/revisions"}],"wp:featuredmedia":[{"embeddable":true,"href":"https:\/\/urbeamea.ro\/albaiulia\/wp-json\/wp\/v2\/media\/57682"}],"wp:attachment":[{"href":"https:\/\/urbeamea.ro\/albaiulia\/wp-json\/wp\/v2\/media?parent=57681"}],"wp:term":[{"taxonomy":"category","embeddable":true,"href":"https:\/\/urbeamea.ro\/albaiulia\/wp-json\/wp\/v2\/categories?post=57681"},{"taxonomy":"post_tag","embeddable":true,"href":"https:\/\/urbeamea.ro\/albaiulia\/wp-json\/wp\/v2\/tags?post=57681"}],"curies":[{"name":"wp","href":"https:\/\/api.w.org\/{rel}","templated":true}]}}