{"id":57859,"date":"2017-12-13T15:00:28","date_gmt":"2017-12-13T13:00:28","guid":{"rendered":"https:\/\/urbeamea.ro\/albaiulia\/?p=57859"},"modified":"2017-12-13T15:00:28","modified_gmt":"2017-12-13T13:00:28","slug":"foto-trei-elevi-ai-colegiului-national-militar-mihai-viteazul-din-alba-iulia-premiati-la-concursul-zonal-de-matematica-mens-sana","status":"publish","type":"post","link":"https:\/\/urbeamea.ro\/albaiulia\/foto-trei-elevi-ai-colegiului-national-militar-mihai-viteazul-din-alba-iulia-premiati-la-concursul-zonal-de-matematica-mens-sana\/","title":{"rendered":"FOTO: Trei elevi ai Colegiului Na\u021bional Militar \u201eMihai Viteazul\u201d din Alba Iulia, premia\u021bi la concursul zonal de matematic\u0103 \u201eMens Sana\u201d"},"content":{"rendered":"<p><strong>Trei elevi ai Colegiului Na\u021bional Militar \u201eMihai Viteazul\u201d din Alba Iulia, pasiona\u021bi de universul matematicii, au fost premia\u021bi la concursul zonal de matematic\u0103 \u201eMens Sana\u201d, care a avut loc s\u00e2mb\u0103t\u0103, la C\u00e2mpeni.<\/strong><\/p>\n<p>La Concursul zonal de matematic\u0103 \u201eMens Sana\u201d desf\u0103\u0219urat s\u00e2mb\u0103t\u0103, 9 decembrie, la Colegiul Na\u021bional \u201eAvram Iancu\u201d din C\u00e2mpeni \u015fi organizat \u00een colaborare cu Universitatea Tehnic\u0103 Cluj \u015fi Inspectoratul \u015ecolar Jude\u0163ean Alba au participat opt elevi ai Colegiului Na\u021bional Militar \u201eMihai Viteazul\u201d, \u00eenso\u021bi\u021bi de prof. Anamaria Fuia.<\/p>\n<p>Elevii pasiona\u0163i de universul matematicii s-au remarcat \u0219i de aceast\u0103 dat\u0103, reu\u0219ind s\u0103 ob\u021bin\u0103 premiul I<span class=\"text_exposed_show\">II \u0219i dou\u0103 men\u021biuni.<\/span><\/p>\n<p><span class=\"text_exposed_show\">A fost a doua competi\u0163ie pe t\u0103r\u00e2mul \u015ftin\u0163ei \u015ftiin\u0163elor \u00een calitate de membrii ai Centrului de excelen\u0163\u0103, \u00eenfiin\u0163at anul trecut. La clasele a IX-a, elevul Vlad Degeu (profesor \u00eendrum\u0103tor Anamaria Fuia) a ob\u0163inut men\u0163iune, la clasele a X-a, eleva frunta\u015f Daria Cosmina Pop (profesor \u00eendrum\u0103tor Petru St\u0103nil\u0103), premiul III, iar la clasele a XI-a, elevul caporal Nicolae Bodea (profesor \u00eendrum\u0103tor Petru St\u0103nil\u0103) a ob\u021binut men\u0163iune.<\/span><\/p>\n<div class=\"text_exposed_show\">\n<p>La festivitatea de premiere, la care au participat marea majoritate a concuren\u0163ilor, profesorii \u00eenso\u021bitori \u0219i corectori, Natalia Nari\u021ba \u0219i Emilian Petrea \u2013 directorii colegiului din C\u00e2mpeni \u0219i nu \u00een ultimul r\u00e2nd conf. univ. dr. Vasile Pop de la Universitatea Tehnic\u0103 Cluj-Napoca, principala persoan\u0103 implicat\u0103 \u00een derularea acestui concurs de-a lungul celor 4 edi\u021bii, elevilor le-au fost oferite diplome de participare, iar premian\u021bii, cei cu men\u021biuni \u0219i men\u021biuni speciale au primit sume de bani cuprinse \u00eentre 50 \u0219i 200 lei.<\/p>\n<p><em>Sursa, foto: Facebook (Colegiul Na\u021bional Militar \u201eMihai Viteazul\u201d Alba Iulia)<\/em><\/p>\n<div id='gallery-1' class='gallery galleryid-57859 gallery-columns-3 gallery-size-thumbnail'><figure class='gallery-item'>\n\t\t\t<div class='gallery-icon landscape'>\n\t\t\t\t<a href='https:\/\/urbeamea.ro\/albaiulia\/wp-content\/uploads\/2017\/12\/25152094_866866393487685_6774379876573056177_n.jpg'><img decoding=\"async\" width=\"150\" height=\"113\" src=\"data:image\/png;base64,iVBORw0KGgoAAAANSUhEUgAAAYYAAADcAQMAAABOLJSDAAAAA1BMVEUAAACnej3aAAAAAXRSTlMAQObYZgAAACJJREFUaIHtwTEBAAAAwqD1T20ND6AAAAAAAAAAAAAA4N8AKvgAAUFIrrEAAAAASUVORK5CYII=\" class=\"attachment-thumbnail size-thumbnail lazy-img\" alt=\"\" srcset=\"https:\/\/urbeamea.ro\/albaiulia\/wp-content\/uploads\/2017\/12\/25152094_866866393487685_6774379876573056177_n-150x113.jpg 150w, https:\/\/urbeamea.ro\/albaiulia\/wp-content\/uploads\/2017\/12\/25152094_866866393487685_6774379876573056177_n-640x480.jpg 640w, https:\/\/urbeamea.ro\/albaiulia\/wp-content\/uploads\/2017\/12\/25152094_866866393487685_6774379876573056177_n-768x576.jpg 768w, https:\/\/urbeamea.ro\/albaiulia\/wp-content\/uploads\/2017\/12\/25152094_866866393487685_6774379876573056177_n.jpg 960w\" sizes=\"auto, (max-width: 150px) 100vw, 150px\" data-src=\"https:\/\/urbeamea.ro\/albaiulia\/wp-content\/uploads\/2017\/12\/25152094_866866393487685_6774379876573056177_n-150x113.jpg\" loading=\"lazy\" \/><\/a>\n\t\t\t<\/div><\/figure><figure class='gallery-item'>\n\t\t\t<div class='gallery-icon landscape'>\n\t\t\t\t<a href='https:\/\/urbeamea.ro\/albaiulia\/wp-content\/uploads\/2017\/12\/25289309_866866510154340_5840409963155920913_n.jpg'><img decoding=\"async\" width=\"150\" height=\"112\" src=\"data:image\/png;base64,iVBORw0KGgoAAAANSUhEUgAAAYYAAADcAQMAAABOLJSDAAAAA1BMVEUAAACnej3aAAAAAXRSTlMAQObYZgAAACJJREFUaIHtwTEBAAAAwqD1T20ND6AAAAAAAAAAAAAA4N8AKvgAAUFIrrEAAAAASUVORK5CYII=\" class=\"attachment-thumbnail size-thumbnail lazy-img\" alt=\"\" srcset=\"https:\/\/urbeamea.ro\/albaiulia\/wp-content\/uploads\/2017\/12\/25289309_866866510154340_5840409963155920913_n-150x112.jpg 150w, https:\/\/urbeamea.ro\/albaiulia\/wp-content\/uploads\/2017\/12\/25289309_866866510154340_5840409963155920913_n-640x479.jpg 640w, https:\/\/urbeamea.ro\/albaiulia\/wp-content\/uploads\/2017\/12\/25289309_866866510154340_5840409963155920913_n-768x575.jpg 768w, https:\/\/urbeamea.ro\/albaiulia\/wp-content\/uploads\/2017\/12\/25289309_866866510154340_5840409963155920913_n-190x140.jpg 190w, https:\/\/urbeamea.ro\/albaiulia\/wp-content\/uploads\/2017\/12\/25289309_866866510154340_5840409963155920913_n.jpg 960w\" sizes=\"auto, (max-width: 150px) 100vw, 150px\" data-src=\"https:\/\/urbeamea.ro\/albaiulia\/wp-content\/uploads\/2017\/12\/25289309_866866510154340_5840409963155920913_n-150x112.jpg\" loading=\"lazy\" \/><\/a>\n\t\t\t<\/div><\/figure><figure class='gallery-item'>\n\t\t\t<div class='gallery-icon landscape'>\n\t\t\t\t<a href='https:\/\/urbeamea.ro\/albaiulia\/wp-content\/uploads\/2017\/12\/25289384_866866473487677_5518418016770882265_n.jpg'><img decoding=\"async\" width=\"150\" height=\"113\" src=\"data:image\/png;base64,iVBORw0KGgoAAAANSUhEUgAAAYYAAADcAQMAAABOLJSDAAAAA1BMVEUAAACnej3aAAAAAXRSTlMAQObYZgAAACJJREFUaIHtwTEBAAAAwqD1T20ND6AAAAAAAAAAAAAA4N8AKvgAAUFIrrEAAAAASUVORK5CYII=\" class=\"attachment-thumbnail size-thumbnail lazy-img\" alt=\"\" srcset=\"https:\/\/urbeamea.ro\/albaiulia\/wp-content\/uploads\/2017\/12\/25289384_866866473487677_5518418016770882265_n-150x113.jpg 150w, https:\/\/urbeamea.ro\/albaiulia\/wp-content\/uploads\/2017\/12\/25289384_866866473487677_5518418016770882265_n-640x480.jpg 640w, https:\/\/urbeamea.ro\/albaiulia\/wp-content\/uploads\/2017\/12\/25289384_866866473487677_5518418016770882265_n-768x576.jpg 768w, https:\/\/urbeamea.ro\/albaiulia\/wp-content\/uploads\/2017\/12\/25289384_866866473487677_5518418016770882265_n.jpg 960w\" sizes=\"auto, (max-width: 150px) 100vw, 150px\" data-src=\"https:\/\/urbeamea.ro\/albaiulia\/wp-content\/uploads\/2017\/12\/25289384_866866473487677_5518418016770882265_n-150x113.jpg\" loading=\"lazy\" \/><\/a>\n\t\t\t<\/div><\/figure><figure class='gallery-item'>\n\t\t\t<div class='gallery-icon landscape'>\n\t\t\t\t<a href='https:\/\/urbeamea.ro\/albaiulia\/wp-content\/uploads\/2017\/12\/25289459_866866436821014_8138761257446897330_n.jpg'><img decoding=\"async\" width=\"150\" height=\"113\" src=\"data:image\/png;base64,iVBORw0KGgoAAAANSUhEUgAAAYYAAADcAQMAAABOLJSDAAAAA1BMVEUAAACnej3aAAAAAXRSTlMAQObYZgAAACJJREFUaIHtwTEBAAAAwqD1T20ND6AAAAAAAAAAAAAA4N8AKvgAAUFIrrEAAAAASUVORK5CYII=\" class=\"attachment-thumbnail size-thumbnail lazy-img\" alt=\"\" srcset=\"https:\/\/urbeamea.ro\/albaiulia\/wp-content\/uploads\/2017\/12\/25289459_866866436821014_8138761257446897330_n-150x113.jpg 150w, https:\/\/urbeamea.ro\/albaiulia\/wp-content\/uploads\/2017\/12\/25289459_866866436821014_8138761257446897330_n-640x480.jpg 640w, https:\/\/urbeamea.ro\/albaiulia\/wp-content\/uploads\/2017\/12\/25289459_866866436821014_8138761257446897330_n-768x576.jpg 768w, https:\/\/urbeamea.ro\/albaiulia\/wp-content\/uploads\/2017\/12\/25289459_866866436821014_8138761257446897330_n.jpg 960w\" sizes=\"auto, (max-width: 150px) 100vw, 150px\" data-src=\"https:\/\/urbeamea.ro\/albaiulia\/wp-content\/uploads\/2017\/12\/25289459_866866436821014_8138761257446897330_n-150x113.jpg\" loading=\"lazy\" \/><\/a>\n\t\t\t<\/div><\/figure>\n\t\t<\/div>\n\n<\/div>\n","protected":false},"excerpt":{"rendered":"<p>Trei elevi ai Colegiului Na\u021bional Militar \u201eMihai Viteazul\u201d din Alba Iulia, pasiona\u021bi de universul matematicii, au fost premia\u021bi la concursul zonal de matematic\u0103 \u201eMens Sana\u201d, care a avut loc s\u00e2mb\u0103t\u0103, la C\u00e2mpeni. La Concursul zonal de matematic\u0103 \u201eMens Sana\u201d desf\u0103\u0219urat s\u00e2mb\u0103t\u0103, 9 decembrie, la Colegiul Na\u021bional \u201eAvram Iancu\u201d din C\u00e2mpeni \u015fi organizat \u00een colaborare cu &hellip;<\/p>\n","protected":false},"author":17,"featured_media":57861,"comment_status":"open","ping_status":"open","sticky":false,"template":"","format":"standard","meta":{"inline_featured_image":false,"footnotes":""},"categories":[2039],"tags":[31,1931,937,5287,315,13434,1620,308,76],"class_list":["post-57859","post","type-post","status-publish","format-standard","has-post-thumbnail","hentry","category-educatie","tag-alba-iulia","tag-cimpeni","tag-colegiul-national-militar-mihai-viteazul","tag-concurs-de-matematica","tag-elevi","tag-mens-sana","tag-premiati","tag-stiri","tag-urbea-mea"],"yoast_head":"<!-- This site is optimized with the Yoast SEO plugin v28.3 - https:\/\/yoast.com\/product\/yoast-seo-wordpress\/ -->\n<title>FOTO: Trei elevi ai Colegiului Na\u021bional Militar \u201eMihai Viteazul\u201d din Alba Iulia, premia\u021bi la concursul zonal de matematic\u0103 \u201eMens Sana\u201d - Revista Urbea Mea - Revista de Alba<\/title>\n<meta name=\"description\" content=\"Trei elevi ai Colegiului Na\u021bional Militar \u201eMihai Viteazul\u201d din Alba Iulia, pasiona\u021bi de universul matematicii, au fost premia\u021bi la concursul zonal de\" \/>\n<meta name=\"robots\" content=\"index, follow, max-snippet:-1, max-image-preview:large, max-video-preview:-1\" \/>\n<link rel=\"canonical\" href=\"https:\/\/urbeamea.ro\/albaiulia\/foto-trei-elevi-ai-colegiului-national-militar-mihai-viteazul-din-alba-iulia-premiati-la-concursul-zonal-de-matematica-mens-sana\/\" \/>\n<meta name=\"twitter:card\" content=\"summary_large_image\" \/>\n<meta name=\"twitter:title\" content=\"FOTO: Trei elevi ai Colegiului Na\u021bional Militar \u201eMihai Viteazul\u201d din Alba Iulia, premia\u021bi la concursul zonal de matematic\u0103 \u201eMens Sana\u201d - Revista Urbea Mea - Revista de Alba\" \/>\n<meta name=\"twitter:description\" content=\"Trei elevi ai Colegiului Na\u021bional Militar \u201eMihai Viteazul\u201d din Alba Iulia, pasiona\u021bi de universul matematicii, au fost premia\u021bi la concursul zonal de\" \/>\n<meta name=\"twitter:image\" content=\"https:\/\/urbeamea.ro\/albaiulia\/wp-content\/uploads\/2017\/12\/25289309_866866510154340_5840409963155920913_n.jpg\" \/>\n<meta name=\"twitter:creator\" content=\"@urbeameaweb\" \/>\n<meta name=\"twitter:site\" content=\"@urbeameaweb\" \/>\n<script type=\"application\/ld+json\" class=\"yoast-schema-graph\">{\"@context\":\"https:\\\/\\\/schema.org\",\"@graph\":[{\"@type\":\"Article\",\"@id\":\"https:\\\/\\\/urbeamea.ro\\\/albaiulia\\\/foto-trei-elevi-ai-colegiului-national-militar-mihai-viteazul-din-alba-iulia-premiati-la-concursul-zonal-de-matematica-mens-sana\\\/#article\",\"isPartOf\":{\"@id\":\"https:\\\/\\\/urbeamea.ro\\\/albaiulia\\\/foto-trei-elevi-ai-colegiului-national-militar-mihai-viteazul-din-alba-iulia-premiati-la-concursul-zonal-de-matematica-mens-sana\\\/\"},\"author\":{\"name\":\"Cristina Ganga\",\"@id\":\"https:\\\/\\\/urbeamea.ro\\\/albaiulia\\\/#\\\/schema\\\/person\\\/9700d21fae21c4f038b0b56f4506264a\"},\"headline\":\"FOTO: Trei elevi ai Colegiului Na\u021bional Militar \u201eMihai Viteazul\u201d din Alba Iulia, premia\u021bi la concursul zonal de matematic\u0103 \u201eMens Sana\u201d\",\"datePublished\":\"2017-12-13T13:00:28+00:00\",\"mainEntityOfPage\":{\"@id\":\"https:\\\/\\\/urbeamea.ro\\\/albaiulia\\\/foto-trei-elevi-ai-colegiului-national-militar-mihai-viteazul-din-alba-iulia-premiati-la-concursul-zonal-de-matematica-mens-sana\\\/\"},\"wordCount\":316,\"commentCount\":0,\"image\":{\"@id\":\"https:\\\/\\\/urbeamea.ro\\\/albaiulia\\\/foto-trei-elevi-ai-colegiului-national-militar-mihai-viteazul-din-alba-iulia-premiati-la-concursul-zonal-de-matematica-mens-sana\\\/#primaryimage\"},\"thumbnailUrl\":\"https:\\\/\\\/urbeamea.ro\\\/albaiulia\\\/wp-content\\\/uploads\\\/2017\\\/12\\\/25289309_866866510154340_5840409963155920913_n.jpg\",\"keywords\":[\"Alba Iulia\",\"c\u00eempeni\",\"colegiul national militar mihai viteazul\",\"concurs de matematica\",\"elevi\",\"mens sana\",\"premiati\",\"stiri\",\"Urbea Mea\"],\"articleSection\":[\"Educa\u021bie\"],\"inLanguage\":\"ro-RO\",\"potentialAction\":[{\"@type\":\"CommentAction\",\"name\":\"Comment\",\"target\":[\"https:\\\/\\\/urbeamea.ro\\\/albaiulia\\\/foto-trei-elevi-ai-colegiului-national-militar-mihai-viteazul-din-alba-iulia-premiati-la-concursul-zonal-de-matematica-mens-sana\\\/#respond\"]}]},{\"@type\":\"WebPage\",\"@id\":\"https:\\\/\\\/urbeamea.ro\\\/albaiulia\\\/foto-trei-elevi-ai-colegiului-national-militar-mihai-viteazul-din-alba-iulia-premiati-la-concursul-zonal-de-matematica-mens-sana\\\/\",\"url\":\"https:\\\/\\\/urbeamea.ro\\\/albaiulia\\\/foto-trei-elevi-ai-colegiului-national-militar-mihai-viteazul-din-alba-iulia-premiati-la-concursul-zonal-de-matematica-mens-sana\\\/\",\"name\":\"FOTO: Trei elevi ai Colegiului Na\u021bional Militar \u201eMihai Viteazul\u201d din Alba Iulia, premia\u021bi la concursul zonal de matematic\u0103 \u201eMens Sana\u201d - Revista Urbea Mea - Revista de Alba\",\"isPartOf\":{\"@id\":\"https:\\\/\\\/urbeamea.ro\\\/albaiulia\\\/#website\"},\"primaryImageOfPage\":{\"@id\":\"https:\\\/\\\/urbeamea.ro\\\/albaiulia\\\/foto-trei-elevi-ai-colegiului-national-militar-mihai-viteazul-din-alba-iulia-premiati-la-concursul-zonal-de-matematica-mens-sana\\\/#primaryimage\"},\"image\":{\"@id\":\"https:\\\/\\\/urbeamea.ro\\\/albaiulia\\\/foto-trei-elevi-ai-colegiului-national-militar-mihai-viteazul-din-alba-iulia-premiati-la-concursul-zonal-de-matematica-mens-sana\\\/#primaryimage\"},\"thumbnailUrl\":\"https:\\\/\\\/urbeamea.ro\\\/albaiulia\\\/wp-content\\\/uploads\\\/2017\\\/12\\\/25289309_866866510154340_5840409963155920913_n.jpg\",\"datePublished\":\"2017-12-13T13:00:28+00:00\",\"author\":{\"@id\":\"https:\\\/\\\/urbeamea.ro\\\/albaiulia\\\/#\\\/schema\\\/person\\\/9700d21fae21c4f038b0b56f4506264a\"},\"description\":\"Trei elevi ai Colegiului Na\u021bional Militar \u201eMihai Viteazul\u201d din Alba Iulia, pasiona\u021bi de universul matematicii, au fost premia\u021bi la concursul zonal de\",\"breadcrumb\":{\"@id\":\"https:\\\/\\\/urbeamea.ro\\\/albaiulia\\\/foto-trei-elevi-ai-colegiului-national-militar-mihai-viteazul-din-alba-iulia-premiati-la-concursul-zonal-de-matematica-mens-sana\\\/#breadcrumb\"},\"inLanguage\":\"ro-RO\",\"potentialAction\":[{\"@type\":\"ReadAction\",\"target\":[\"https:\\\/\\\/urbeamea.ro\\\/albaiulia\\\/foto-trei-elevi-ai-colegiului-national-militar-mihai-viteazul-din-alba-iulia-premiati-la-concursul-zonal-de-matematica-mens-sana\\\/\"]}]},{\"@type\":\"ImageObject\",\"inLanguage\":\"ro-RO\",\"@id\":\"https:\\\/\\\/urbeamea.ro\\\/albaiulia\\\/foto-trei-elevi-ai-colegiului-national-militar-mihai-viteazul-din-alba-iulia-premiati-la-concursul-zonal-de-matematica-mens-sana\\\/#primaryimage\",\"url\":\"https:\\\/\\\/urbeamea.ro\\\/albaiulia\\\/wp-content\\\/uploads\\\/2017\\\/12\\\/25289309_866866510154340_5840409963155920913_n.jpg\",\"contentUrl\":\"https:\\\/\\\/urbeamea.ro\\\/albaiulia\\\/wp-content\\\/uploads\\\/2017\\\/12\\\/25289309_866866510154340_5840409963155920913_n.jpg\",\"width\":960,\"height\":719},{\"@type\":\"BreadcrumbList\",\"@id\":\"https:\\\/\\\/urbeamea.ro\\\/albaiulia\\\/foto-trei-elevi-ai-colegiului-national-militar-mihai-viteazul-din-alba-iulia-premiati-la-concursul-zonal-de-matematica-mens-sana\\\/#breadcrumb\",\"itemListElement\":[{\"@type\":\"ListItem\",\"position\":1,\"name\":\"Prima pagin\u0103\",\"item\":\"https:\\\/\\\/urbeamea.ro\\\/albaiulia\\\/\"},{\"@type\":\"ListItem\",\"position\":2,\"name\":\"FOTO: Trei elevi ai Colegiului Na\u021bional Militar \u201eMihai Viteazul\u201d din Alba Iulia, premia\u021bi la concursul zonal de matematic\u0103 \u201eMens Sana\u201d\"}]},{\"@type\":\"WebSite\",\"@id\":\"https:\\\/\\\/urbeamea.ro\\\/albaiulia\\\/#website\",\"url\":\"https:\\\/\\\/urbeamea.ro\\\/albaiulia\\\/\",\"name\":\"Revista Urbea Mea, Stiri urbane\",\"description\":\"Evenimente \u0219i \u0219tiri din Alba Iulia, Sebe\u0219, Aiud, Blaj\",\"potentialAction\":[{\"@type\":\"SearchAction\",\"target\":{\"@type\":\"EntryPoint\",\"urlTemplate\":\"https:\\\/\\\/urbeamea.ro\\\/albaiulia\\\/?s={search_term_string}\"},\"query-input\":{\"@type\":\"PropertyValueSpecification\",\"valueRequired\":true,\"valueName\":\"search_term_string\"}}],\"inLanguage\":\"ro-RO\"},{\"@type\":\"Person\",\"@id\":\"https:\\\/\\\/urbeamea.ro\\\/albaiulia\\\/#\\\/schema\\\/person\\\/9700d21fae21c4f038b0b56f4506264a\",\"name\":\"Cristina Ganga\",\"image\":{\"@type\":\"ImageObject\",\"inLanguage\":\"ro-RO\",\"@id\":\"https:\\\/\\\/secure.gravatar.com\\\/avatar\\\/5a67661041f057b4a8ccaf26f5a8e86e2689372006d01faf3dd9eeb10b654bb4?s=96&d=mm&r=g\",\"url\":\"https:\\\/\\\/secure.gravatar.com\\\/avatar\\\/5a67661041f057b4a8ccaf26f5a8e86e2689372006d01faf3dd9eeb10b654bb4?s=96&d=mm&r=g\",\"contentUrl\":\"https:\\\/\\\/secure.gravatar.com\\\/avatar\\\/5a67661041f057b4a8ccaf26f5a8e86e2689372006d01faf3dd9eeb10b654bb4?s=96&d=mm&r=g\",\"caption\":\"Cristina Ganga\"},\"description\":\"Jurnalist\",\"sameAs\":[\"https:\\\/\\\/www.facebook.com\\\/cristina.nicola.587\"],\"url\":\"https:\\\/\\\/urbeamea.ro\\\/albaiulia\\\/author\\\/cristina-nicola\\\/\"}]}<\/script>\n<!-- \/ Yoast SEO plugin. -->","yoast_head_json":{"title":"FOTO: Trei elevi ai Colegiului Na\u021bional Militar \u201eMihai Viteazul\u201d din Alba Iulia, premia\u021bi la concursul zonal de matematic\u0103 \u201eMens Sana\u201d - Revista Urbea Mea - Revista de Alba","description":"Trei elevi ai Colegiului Na\u021bional Militar \u201eMihai Viteazul\u201d din Alba Iulia, pasiona\u021bi de universul matematicii, au fost premia\u021bi la concursul zonal de","robots":{"index":"index","follow":"follow","max-snippet":"max-snippet:-1","max-image-preview":"max-image-preview:large","max-video-preview":"max-video-preview:-1"},"canonical":"https:\/\/urbeamea.ro\/albaiulia\/foto-trei-elevi-ai-colegiului-national-militar-mihai-viteazul-din-alba-iulia-premiati-la-concursul-zonal-de-matematica-mens-sana\/","twitter_card":"summary_large_image","twitter_title":"FOTO: Trei elevi ai Colegiului Na\u021bional Militar \u201eMihai Viteazul\u201d din Alba Iulia, premia\u021bi la concursul zonal de matematic\u0103 \u201eMens Sana\u201d - Revista Urbea Mea - Revista de Alba","twitter_description":"Trei elevi ai Colegiului Na\u021bional Militar \u201eMihai Viteazul\u201d din Alba Iulia, pasiona\u021bi de universul matematicii, au fost premia\u021bi la concursul zonal de","twitter_image":"https:\/\/urbeamea.ro\/albaiulia\/wp-content\/uploads\/2017\/12\/25289309_866866510154340_5840409963155920913_n.jpg","twitter_creator":"@urbeameaweb","twitter_site":"@urbeameaweb","schema":{"@context":"https:\/\/schema.org","@graph":[{"@type":"Article","@id":"https:\/\/urbeamea.ro\/albaiulia\/foto-trei-elevi-ai-colegiului-national-militar-mihai-viteazul-din-alba-iulia-premiati-la-concursul-zonal-de-matematica-mens-sana\/#article","isPartOf":{"@id":"https:\/\/urbeamea.ro\/albaiulia\/foto-trei-elevi-ai-colegiului-national-militar-mihai-viteazul-din-alba-iulia-premiati-la-concursul-zonal-de-matematica-mens-sana\/"},"author":{"name":"Cristina Ganga","@id":"https:\/\/urbeamea.ro\/albaiulia\/#\/schema\/person\/9700d21fae21c4f038b0b56f4506264a"},"headline":"FOTO: Trei elevi ai Colegiului Na\u021bional Militar \u201eMihai Viteazul\u201d din Alba Iulia, premia\u021bi la concursul zonal de matematic\u0103 \u201eMens Sana\u201d","datePublished":"2017-12-13T13:00:28+00:00","mainEntityOfPage":{"@id":"https:\/\/urbeamea.ro\/albaiulia\/foto-trei-elevi-ai-colegiului-national-militar-mihai-viteazul-din-alba-iulia-premiati-la-concursul-zonal-de-matematica-mens-sana\/"},"wordCount":316,"commentCount":0,"image":{"@id":"https:\/\/urbeamea.ro\/albaiulia\/foto-trei-elevi-ai-colegiului-national-militar-mihai-viteazul-din-alba-iulia-premiati-la-concursul-zonal-de-matematica-mens-sana\/#primaryimage"},"thumbnailUrl":"https:\/\/urbeamea.ro\/albaiulia\/wp-content\/uploads\/2017\/12\/25289309_866866510154340_5840409963155920913_n.jpg","keywords":["Alba Iulia","c\u00eempeni","colegiul national militar mihai viteazul","concurs de matematica","elevi","mens sana","premiati","stiri","Urbea Mea"],"articleSection":["Educa\u021bie"],"inLanguage":"ro-RO","potentialAction":[{"@type":"CommentAction","name":"Comment","target":["https:\/\/urbeamea.ro\/albaiulia\/foto-trei-elevi-ai-colegiului-national-militar-mihai-viteazul-din-alba-iulia-premiati-la-concursul-zonal-de-matematica-mens-sana\/#respond"]}]},{"@type":"WebPage","@id":"https:\/\/urbeamea.ro\/albaiulia\/foto-trei-elevi-ai-colegiului-national-militar-mihai-viteazul-din-alba-iulia-premiati-la-concursul-zonal-de-matematica-mens-sana\/","url":"https:\/\/urbeamea.ro\/albaiulia\/foto-trei-elevi-ai-colegiului-national-militar-mihai-viteazul-din-alba-iulia-premiati-la-concursul-zonal-de-matematica-mens-sana\/","name":"FOTO: Trei elevi ai Colegiului Na\u021bional Militar \u201eMihai Viteazul\u201d din Alba Iulia, premia\u021bi la concursul zonal de matematic\u0103 \u201eMens Sana\u201d - Revista Urbea Mea - Revista de Alba","isPartOf":{"@id":"https:\/\/urbeamea.ro\/albaiulia\/#website"},"primaryImageOfPage":{"@id":"https:\/\/urbeamea.ro\/albaiulia\/foto-trei-elevi-ai-colegiului-national-militar-mihai-viteazul-din-alba-iulia-premiati-la-concursul-zonal-de-matematica-mens-sana\/#primaryimage"},"image":{"@id":"https:\/\/urbeamea.ro\/albaiulia\/foto-trei-elevi-ai-colegiului-national-militar-mihai-viteazul-din-alba-iulia-premiati-la-concursul-zonal-de-matematica-mens-sana\/#primaryimage"},"thumbnailUrl":"https:\/\/urbeamea.ro\/albaiulia\/wp-content\/uploads\/2017\/12\/25289309_866866510154340_5840409963155920913_n.jpg","datePublished":"2017-12-13T13:00:28+00:00","author":{"@id":"https:\/\/urbeamea.ro\/albaiulia\/#\/schema\/person\/9700d21fae21c4f038b0b56f4506264a"},"description":"Trei elevi ai Colegiului Na\u021bional Militar \u201eMihai Viteazul\u201d din Alba Iulia, pasiona\u021bi de universul matematicii, au fost premia\u021bi la concursul zonal de","breadcrumb":{"@id":"https:\/\/urbeamea.ro\/albaiulia\/foto-trei-elevi-ai-colegiului-national-militar-mihai-viteazul-din-alba-iulia-premiati-la-concursul-zonal-de-matematica-mens-sana\/#breadcrumb"},"inLanguage":"ro-RO","potentialAction":[{"@type":"ReadAction","target":["https:\/\/urbeamea.ro\/albaiulia\/foto-trei-elevi-ai-colegiului-national-militar-mihai-viteazul-din-alba-iulia-premiati-la-concursul-zonal-de-matematica-mens-sana\/"]}]},{"@type":"ImageObject","inLanguage":"ro-RO","@id":"https:\/\/urbeamea.ro\/albaiulia\/foto-trei-elevi-ai-colegiului-national-militar-mihai-viteazul-din-alba-iulia-premiati-la-concursul-zonal-de-matematica-mens-sana\/#primaryimage","url":"https:\/\/urbeamea.ro\/albaiulia\/wp-content\/uploads\/2017\/12\/25289309_866866510154340_5840409963155920913_n.jpg","contentUrl":"https:\/\/urbeamea.ro\/albaiulia\/wp-content\/uploads\/2017\/12\/25289309_866866510154340_5840409963155920913_n.jpg","width":960,"height":719},{"@type":"BreadcrumbList","@id":"https:\/\/urbeamea.ro\/albaiulia\/foto-trei-elevi-ai-colegiului-national-militar-mihai-viteazul-din-alba-iulia-premiati-la-concursul-zonal-de-matematica-mens-sana\/#breadcrumb","itemListElement":[{"@type":"ListItem","position":1,"name":"Prima pagin\u0103","item":"https:\/\/urbeamea.ro\/albaiulia\/"},{"@type":"ListItem","position":2,"name":"FOTO: Trei elevi ai Colegiului Na\u021bional Militar \u201eMihai Viteazul\u201d din Alba Iulia, premia\u021bi la concursul zonal de matematic\u0103 \u201eMens Sana\u201d"}]},{"@type":"WebSite","@id":"https:\/\/urbeamea.ro\/albaiulia\/#website","url":"https:\/\/urbeamea.ro\/albaiulia\/","name":"Revista Urbea Mea, Stiri urbane","description":"Evenimente \u0219i \u0219tiri din Alba Iulia, Sebe\u0219, Aiud, Blaj","potentialAction":[{"@type":"SearchAction","target":{"@type":"EntryPoint","urlTemplate":"https:\/\/urbeamea.ro\/albaiulia\/?s={search_term_string}"},"query-input":{"@type":"PropertyValueSpecification","valueRequired":true,"valueName":"search_term_string"}}],"inLanguage":"ro-RO"},{"@type":"Person","@id":"https:\/\/urbeamea.ro\/albaiulia\/#\/schema\/person\/9700d21fae21c4f038b0b56f4506264a","name":"Cristina Ganga","image":{"@type":"ImageObject","inLanguage":"ro-RO","@id":"https:\/\/secure.gravatar.com\/avatar\/5a67661041f057b4a8ccaf26f5a8e86e2689372006d01faf3dd9eeb10b654bb4?s=96&d=mm&r=g","url":"https:\/\/secure.gravatar.com\/avatar\/5a67661041f057b4a8ccaf26f5a8e86e2689372006d01faf3dd9eeb10b654bb4?s=96&d=mm&r=g","contentUrl":"https:\/\/secure.gravatar.com\/avatar\/5a67661041f057b4a8ccaf26f5a8e86e2689372006d01faf3dd9eeb10b654bb4?s=96&d=mm&r=g","caption":"Cristina Ganga"},"description":"Jurnalist","sameAs":["https:\/\/www.facebook.com\/cristina.nicola.587"],"url":"https:\/\/urbeamea.ro\/albaiulia\/author\/cristina-nicola\/"}]}},"_links":{"self":[{"href":"https:\/\/urbeamea.ro\/albaiulia\/wp-json\/wp\/v2\/posts\/57859","targetHints":{"allow":["GET"]}}],"collection":[{"href":"https:\/\/urbeamea.ro\/albaiulia\/wp-json\/wp\/v2\/posts"}],"about":[{"href":"https:\/\/urbeamea.ro\/albaiulia\/wp-json\/wp\/v2\/types\/post"}],"author":[{"embeddable":true,"href":"https:\/\/urbeamea.ro\/albaiulia\/wp-json\/wp\/v2\/users\/17"}],"replies":[{"embeddable":true,"href":"https:\/\/urbeamea.ro\/albaiulia\/wp-json\/wp\/v2\/comments?post=57859"}],"version-history":[{"count":0,"href":"https:\/\/urbeamea.ro\/albaiulia\/wp-json\/wp\/v2\/posts\/57859\/revisions"}],"wp:featuredmedia":[{"embeddable":true,"href":"https:\/\/urbeamea.ro\/albaiulia\/wp-json\/wp\/v2\/media\/57861"}],"wp:attachment":[{"href":"https:\/\/urbeamea.ro\/albaiulia\/wp-json\/wp\/v2\/media?parent=57859"}],"wp:term":[{"taxonomy":"category","embeddable":true,"href":"https:\/\/urbeamea.ro\/albaiulia\/wp-json\/wp\/v2\/categories?post=57859"},{"taxonomy":"post_tag","embeddable":true,"href":"https:\/\/urbeamea.ro\/albaiulia\/wp-json\/wp\/v2\/tags?post=57859"}],"curies":[{"name":"wp","href":"https:\/\/api.w.org\/{rel}","templated":true}]}}