{"id":57935,"date":"2017-12-14T13:11:47","date_gmt":"2017-12-14T11:11:47","guid":{"rendered":"https:\/\/urbeamea.ro\/albaiulia\/?p=57935"},"modified":"2017-12-14T13:11:47","modified_gmt":"2017-12-14T11:11:47","slug":"joi-21-decembrie-vernisajul-expozitiei-cetatea-mea-sub-zapada-la-muzeul-principia-din-alba-iulia","status":"publish","type":"post","link":"https:\/\/urbeamea.ro\/albaiulia\/joi-21-decembrie-vernisajul-expozitiei-cetatea-mea-sub-zapada-la-muzeul-principia-din-alba-iulia\/","title":{"rendered":"JOI, 21 decembrie: Vernisajul expozi\u0163iei \u201eCetatea mea, sub z\u0103pad\u0103\u201d, la Muzeul Principia din Alba Iulia"},"content":{"rendered":"<p><strong>Clubul de Arte Plastice PICASSO Junior v\u0103 invit\u0103 la vernisajul expozi\u0163iei de pictur\u0103 \u201eCetatea mea, sub z\u0103pad\u0103\u201d. Evenimentul va avea loc joi, 21 decembrie 2017, \u00eencep\u00e2nd cu ora 17:00, la Muzeul Principia din Cetatea Alba Carolina.<\/strong><\/p>\n<p>Crea\u0163iile care urmeaz\u0103 s\u0103 fie expuse apar\u0163in elevilor atelierului cu v\u00e2rste cuprinse \u00eentre 4 \u015fi 10 ani. Picturile sunt realizate pe suport de carton cu vopsea acrilic\u0103 \u015fi redau atmosfera feeric\u0103 din Cetatea Alba Carolina din timpul anotimpului hibernal. Albul calm al z\u0103pezii, \u00een contrast cu nuan\u0163ele vibrante ale monumentelor \u015fi ale cl\u0103dirilor istorice precum \u015fi ging\u0103\u015fia personajelor pictate surprind inocen\u0163a \u015fi bucuria pentru anotimpul iernii, specific\u0103 v\u00e2rstelor expozan\u0163ilor.<\/p>\n<p>Vernisajul va debuta cu o scurt\u0103 prezentare a acestor lucr\u0103ri, pe parcusul c\u0103reia micii pictori \u00ee\u015fi vor expune motiva\u0163ia \u00een alegerea subiectului abordat. Partea a doua a evenimentului va continua cu un moment muzical, care va cuprinde un set de colinde \u015fi c\u00e2ntece de Cr\u0103ciun. Colind\u0103torii care vor aduce atmosfera de s\u0103rb\u0103toare \u00een incinta muzeului sunt elevii Clubului Picasso Junior precum \u015fi elevii clasei I B de la \u015ecoala Gimnazial\u0103 \u201eIon Ag\u00e2rbiceanu\u201d Alba Iulia.<\/p>\n<p>Clubul de Arte Plastice Picasso Junior organizeaz\u0103 activit\u0103\u0163i extra\u015fcolare, dedicate tuturor copiilor cu v\u00e2rste \u00eencep\u00e2nd de la 4 ani. Elevii atelierului \u00eenva\u0163\u0103 diferite tehnici de pictur\u0103 \u015fi de desen precum \u015fi modalit\u0103\u0163i diverse de confec\u0163ionare a obiectelor handmade. \u00cen cadrul \u015fedin\u0163elor de curs sunt puse la dispozi\u0163ia cursan\u0163ilor toate materialele necesare desf\u0103\u015fur\u0103rii activit\u0103\u0163ilor propuse.<\/p>\n","protected":false},"excerpt":{"rendered":"<p>Clubul de Arte Plastice PICASSO Junior v\u0103 invit\u0103 la vernisajul expozi\u0163iei de pictur\u0103 \u201eCetatea mea, sub z\u0103pad\u0103\u201d. Evenimentul va avea loc joi, 21 decembrie 2017, \u00eencep\u00e2nd cu ora 17:00, la Muzeul Principia din Cetatea Alba Carolina. Crea\u0163iile care urmeaz\u0103 s\u0103 fie expuse apar\u0163in elevilor atelierului cu v\u00e2rste cuprinse \u00eentre 4 \u015fi 10 ani. Picturile sunt &hellip;<\/p>\n","protected":false},"author":17,"featured_media":57936,"comment_status":"open","ping_status":"open","sticky":false,"template":"","format":"standard","meta":{"inline_featured_image":false,"footnotes":""},"categories":[4],"tags":[31,9980,13458,8746,2008,2100,308,76,1978],"class_list":["post-57935","post","type-post","status-publish","format-standard","has-post-thumbnail","hentry","category-eveniment","tag-alba-iulia","tag-atelier-de-creatie","tag-cetatea-mea-sub-zapada","tag-clubul-de-arte-plastice-picasso-junior","tag-expozanti","tag-muzeul-principia","tag-stiri","tag-urbea-mea","tag-vernisaj-expozitie"],"yoast_head":"<!-- This site is optimized with the Yoast SEO plugin v28.3 - https:\/\/yoast.com\/product\/yoast-seo-wordpress\/ -->\n<title>JOI, 21 decembrie: Vernisajul expozi\u0163iei \u201eCetatea mea, sub z\u0103pad\u0103\u201d, la Muzeul Principia din Alba Iulia - Revista Urbea Mea - Revista de Alba<\/title>\n<meta name=\"description\" content=\"Clubul de Arte Plastice PICASSO Junior v\u0103 invit\u0103 la vernisajul expozi\u0163iei de pictur\u0103 \u201eCetatea mea, sub z\u0103pad\u0103\u201d. Evenimentul va avea loc joi, 21 decembrie\" \/>\n<meta name=\"robots\" content=\"index, follow, max-snippet:-1, max-image-preview:large, max-video-preview:-1\" \/>\n<link rel=\"canonical\" href=\"https:\/\/urbeamea.ro\/albaiulia\/joi-21-decembrie-vernisajul-expozitiei-cetatea-mea-sub-zapada-la-muzeul-principia-din-alba-iulia\/\" \/>\n<meta name=\"twitter:card\" content=\"summary_large_image\" \/>\n<meta name=\"twitter:title\" content=\"JOI, 21 decembrie: Vernisajul expozi\u0163iei \u201eCetatea mea, sub z\u0103pad\u0103\u201d, la Muzeul Principia din Alba Iulia - Revista Urbea Mea - Revista de Alba\" \/>\n<meta name=\"twitter:description\" content=\"Clubul de Arte Plastice PICASSO Junior v\u0103 invit\u0103 la vernisajul expozi\u0163iei de pictur\u0103 \u201eCetatea mea, sub z\u0103pad\u0103\u201d. Evenimentul va avea loc joi, 21 decembrie\" \/>\n<meta name=\"twitter:image\" content=\"https:\/\/urbeamea.ro\/albaiulia\/wp-content\/uploads\/2017\/12\/de-printat-afis-picasso-iarna-2017-01.jpg\" \/>\n<meta name=\"twitter:creator\" content=\"@urbeameaweb\" \/>\n<meta name=\"twitter:site\" content=\"@urbeameaweb\" \/>\n<script type=\"application\/ld+json\" class=\"yoast-schema-graph\">{\"@context\":\"https:\\\/\\\/schema.org\",\"@graph\":[{\"@type\":\"Article\",\"@id\":\"https:\\\/\\\/urbeamea.ro\\\/albaiulia\\\/joi-21-decembrie-vernisajul-expozitiei-cetatea-mea-sub-zapada-la-muzeul-principia-din-alba-iulia\\\/#article\",\"isPartOf\":{\"@id\":\"https:\\\/\\\/urbeamea.ro\\\/albaiulia\\\/joi-21-decembrie-vernisajul-expozitiei-cetatea-mea-sub-zapada-la-muzeul-principia-din-alba-iulia\\\/\"},\"author\":{\"name\":\"Cristina Ganga\",\"@id\":\"https:\\\/\\\/urbeamea.ro\\\/albaiulia\\\/#\\\/schema\\\/person\\\/9700d21fae21c4f038b0b56f4506264a\"},\"headline\":\"JOI, 21 decembrie: Vernisajul expozi\u0163iei \u201eCetatea mea, sub z\u0103pad\u0103\u201d, la Muzeul Principia din Alba Iulia\",\"datePublished\":\"2017-12-14T11:11:47+00:00\",\"mainEntityOfPage\":{\"@id\":\"https:\\\/\\\/urbeamea.ro\\\/albaiulia\\\/joi-21-decembrie-vernisajul-expozitiei-cetatea-mea-sub-zapada-la-muzeul-principia-din-alba-iulia\\\/\"},\"wordCount\":277,\"commentCount\":0,\"image\":{\"@id\":\"https:\\\/\\\/urbeamea.ro\\\/albaiulia\\\/joi-21-decembrie-vernisajul-expozitiei-cetatea-mea-sub-zapada-la-muzeul-principia-din-alba-iulia\\\/#primaryimage\"},\"thumbnailUrl\":\"https:\\\/\\\/urbeamea.ro\\\/albaiulia\\\/wp-content\\\/uploads\\\/2017\\\/12\\\/de-printat-afis-picasso-iarna-2017-01.jpg\",\"keywords\":[\"Alba Iulia\",\"atelier de creatie\",\"cetatea mea sub zapada\",\"Clubul de Arte Plastice PICASSO Junior\",\"expozanti\",\"muzeul principia\",\"stiri\",\"Urbea Mea\",\"vernisaj expozitie\"],\"articleSection\":[\"Evenimente\"],\"inLanguage\":\"ro-RO\",\"potentialAction\":[{\"@type\":\"CommentAction\",\"name\":\"Comment\",\"target\":[\"https:\\\/\\\/urbeamea.ro\\\/albaiulia\\\/joi-21-decembrie-vernisajul-expozitiei-cetatea-mea-sub-zapada-la-muzeul-principia-din-alba-iulia\\\/#respond\"]}]},{\"@type\":\"WebPage\",\"@id\":\"https:\\\/\\\/urbeamea.ro\\\/albaiulia\\\/joi-21-decembrie-vernisajul-expozitiei-cetatea-mea-sub-zapada-la-muzeul-principia-din-alba-iulia\\\/\",\"url\":\"https:\\\/\\\/urbeamea.ro\\\/albaiulia\\\/joi-21-decembrie-vernisajul-expozitiei-cetatea-mea-sub-zapada-la-muzeul-principia-din-alba-iulia\\\/\",\"name\":\"JOI, 21 decembrie: Vernisajul expozi\u0163iei \u201eCetatea mea, sub z\u0103pad\u0103\u201d, la Muzeul Principia din Alba Iulia - Revista Urbea Mea - Revista de Alba\",\"isPartOf\":{\"@id\":\"https:\\\/\\\/urbeamea.ro\\\/albaiulia\\\/#website\"},\"primaryImageOfPage\":{\"@id\":\"https:\\\/\\\/urbeamea.ro\\\/albaiulia\\\/joi-21-decembrie-vernisajul-expozitiei-cetatea-mea-sub-zapada-la-muzeul-principia-din-alba-iulia\\\/#primaryimage\"},\"image\":{\"@id\":\"https:\\\/\\\/urbeamea.ro\\\/albaiulia\\\/joi-21-decembrie-vernisajul-expozitiei-cetatea-mea-sub-zapada-la-muzeul-principia-din-alba-iulia\\\/#primaryimage\"},\"thumbnailUrl\":\"https:\\\/\\\/urbeamea.ro\\\/albaiulia\\\/wp-content\\\/uploads\\\/2017\\\/12\\\/de-printat-afis-picasso-iarna-2017-01.jpg\",\"datePublished\":\"2017-12-14T11:11:47+00:00\",\"author\":{\"@id\":\"https:\\\/\\\/urbeamea.ro\\\/albaiulia\\\/#\\\/schema\\\/person\\\/9700d21fae21c4f038b0b56f4506264a\"},\"description\":\"Clubul de Arte Plastice PICASSO Junior v\u0103 invit\u0103 la vernisajul expozi\u0163iei de pictur\u0103 \u201eCetatea mea, sub z\u0103pad\u0103\u201d. Evenimentul va avea loc joi, 21 decembrie\",\"breadcrumb\":{\"@id\":\"https:\\\/\\\/urbeamea.ro\\\/albaiulia\\\/joi-21-decembrie-vernisajul-expozitiei-cetatea-mea-sub-zapada-la-muzeul-principia-din-alba-iulia\\\/#breadcrumb\"},\"inLanguage\":\"ro-RO\",\"potentialAction\":[{\"@type\":\"ReadAction\",\"target\":[\"https:\\\/\\\/urbeamea.ro\\\/albaiulia\\\/joi-21-decembrie-vernisajul-expozitiei-cetatea-mea-sub-zapada-la-muzeul-principia-din-alba-iulia\\\/\"]}]},{\"@type\":\"ImageObject\",\"inLanguage\":\"ro-RO\",\"@id\":\"https:\\\/\\\/urbeamea.ro\\\/albaiulia\\\/joi-21-decembrie-vernisajul-expozitiei-cetatea-mea-sub-zapada-la-muzeul-principia-din-alba-iulia\\\/#primaryimage\",\"url\":\"https:\\\/\\\/urbeamea.ro\\\/albaiulia\\\/wp-content\\\/uploads\\\/2017\\\/12\\\/de-printat-afis-picasso-iarna-2017-01.jpg\",\"contentUrl\":\"https:\\\/\\\/urbeamea.ro\\\/albaiulia\\\/wp-content\\\/uploads\\\/2017\\\/12\\\/de-printat-afis-picasso-iarna-2017-01.jpg\",\"width\":848,\"height\":1200},{\"@type\":\"BreadcrumbList\",\"@id\":\"https:\\\/\\\/urbeamea.ro\\\/albaiulia\\\/joi-21-decembrie-vernisajul-expozitiei-cetatea-mea-sub-zapada-la-muzeul-principia-din-alba-iulia\\\/#breadcrumb\",\"itemListElement\":[{\"@type\":\"ListItem\",\"position\":1,\"name\":\"Prima pagin\u0103\",\"item\":\"https:\\\/\\\/urbeamea.ro\\\/albaiulia\\\/\"},{\"@type\":\"ListItem\",\"position\":2,\"name\":\"JOI, 21 decembrie: Vernisajul expozi\u0163iei \u201eCetatea mea, sub z\u0103pad\u0103\u201d, la Muzeul Principia din Alba Iulia\"}]},{\"@type\":\"WebSite\",\"@id\":\"https:\\\/\\\/urbeamea.ro\\\/albaiulia\\\/#website\",\"url\":\"https:\\\/\\\/urbeamea.ro\\\/albaiulia\\\/\",\"name\":\"Revista Urbea Mea, Stiri urbane\",\"description\":\"Evenimente \u0219i \u0219tiri din Alba Iulia, Sebe\u0219, Aiud, Blaj\",\"potentialAction\":[{\"@type\":\"SearchAction\",\"target\":{\"@type\":\"EntryPoint\",\"urlTemplate\":\"https:\\\/\\\/urbeamea.ro\\\/albaiulia\\\/?s={search_term_string}\"},\"query-input\":{\"@type\":\"PropertyValueSpecification\",\"valueRequired\":true,\"valueName\":\"search_term_string\"}}],\"inLanguage\":\"ro-RO\"},{\"@type\":\"Person\",\"@id\":\"https:\\\/\\\/urbeamea.ro\\\/albaiulia\\\/#\\\/schema\\\/person\\\/9700d21fae21c4f038b0b56f4506264a\",\"name\":\"Cristina Ganga\",\"image\":{\"@type\":\"ImageObject\",\"inLanguage\":\"ro-RO\",\"@id\":\"https:\\\/\\\/secure.gravatar.com\\\/avatar\\\/5a67661041f057b4a8ccaf26f5a8e86e2689372006d01faf3dd9eeb10b654bb4?s=96&d=mm&r=g\",\"url\":\"https:\\\/\\\/secure.gravatar.com\\\/avatar\\\/5a67661041f057b4a8ccaf26f5a8e86e2689372006d01faf3dd9eeb10b654bb4?s=96&d=mm&r=g\",\"contentUrl\":\"https:\\\/\\\/secure.gravatar.com\\\/avatar\\\/5a67661041f057b4a8ccaf26f5a8e86e2689372006d01faf3dd9eeb10b654bb4?s=96&d=mm&r=g\",\"caption\":\"Cristina Ganga\"},\"description\":\"Jurnalist\",\"sameAs\":[\"https:\\\/\\\/www.facebook.com\\\/cristina.nicola.587\"],\"url\":\"https:\\\/\\\/urbeamea.ro\\\/albaiulia\\\/author\\\/cristina-nicola\\\/\"}]}<\/script>\n<!-- \/ Yoast SEO plugin. -->","yoast_head_json":{"title":"JOI, 21 decembrie: Vernisajul expozi\u0163iei \u201eCetatea mea, sub z\u0103pad\u0103\u201d, la Muzeul Principia din Alba Iulia - Revista Urbea Mea - Revista de Alba","description":"Clubul de Arte Plastice PICASSO Junior v\u0103 invit\u0103 la vernisajul expozi\u0163iei de pictur\u0103 \u201eCetatea mea, sub z\u0103pad\u0103\u201d. Evenimentul va avea loc joi, 21 decembrie","robots":{"index":"index","follow":"follow","max-snippet":"max-snippet:-1","max-image-preview":"max-image-preview:large","max-video-preview":"max-video-preview:-1"},"canonical":"https:\/\/urbeamea.ro\/albaiulia\/joi-21-decembrie-vernisajul-expozitiei-cetatea-mea-sub-zapada-la-muzeul-principia-din-alba-iulia\/","twitter_card":"summary_large_image","twitter_title":"JOI, 21 decembrie: Vernisajul expozi\u0163iei \u201eCetatea mea, sub z\u0103pad\u0103\u201d, la Muzeul Principia din Alba Iulia - Revista Urbea Mea - Revista de Alba","twitter_description":"Clubul de Arte Plastice PICASSO Junior v\u0103 invit\u0103 la vernisajul expozi\u0163iei de pictur\u0103 \u201eCetatea mea, sub z\u0103pad\u0103\u201d. Evenimentul va avea loc joi, 21 decembrie","twitter_image":"https:\/\/urbeamea.ro\/albaiulia\/wp-content\/uploads\/2017\/12\/de-printat-afis-picasso-iarna-2017-01.jpg","twitter_creator":"@urbeameaweb","twitter_site":"@urbeameaweb","schema":{"@context":"https:\/\/schema.org","@graph":[{"@type":"Article","@id":"https:\/\/urbeamea.ro\/albaiulia\/joi-21-decembrie-vernisajul-expozitiei-cetatea-mea-sub-zapada-la-muzeul-principia-din-alba-iulia\/#article","isPartOf":{"@id":"https:\/\/urbeamea.ro\/albaiulia\/joi-21-decembrie-vernisajul-expozitiei-cetatea-mea-sub-zapada-la-muzeul-principia-din-alba-iulia\/"},"author":{"name":"Cristina Ganga","@id":"https:\/\/urbeamea.ro\/albaiulia\/#\/schema\/person\/9700d21fae21c4f038b0b56f4506264a"},"headline":"JOI, 21 decembrie: Vernisajul expozi\u0163iei \u201eCetatea mea, sub z\u0103pad\u0103\u201d, la Muzeul Principia din Alba Iulia","datePublished":"2017-12-14T11:11:47+00:00","mainEntityOfPage":{"@id":"https:\/\/urbeamea.ro\/albaiulia\/joi-21-decembrie-vernisajul-expozitiei-cetatea-mea-sub-zapada-la-muzeul-principia-din-alba-iulia\/"},"wordCount":277,"commentCount":0,"image":{"@id":"https:\/\/urbeamea.ro\/albaiulia\/joi-21-decembrie-vernisajul-expozitiei-cetatea-mea-sub-zapada-la-muzeul-principia-din-alba-iulia\/#primaryimage"},"thumbnailUrl":"https:\/\/urbeamea.ro\/albaiulia\/wp-content\/uploads\/2017\/12\/de-printat-afis-picasso-iarna-2017-01.jpg","keywords":["Alba Iulia","atelier de creatie","cetatea mea sub zapada","Clubul de Arte Plastice PICASSO Junior","expozanti","muzeul principia","stiri","Urbea Mea","vernisaj expozitie"],"articleSection":["Evenimente"],"inLanguage":"ro-RO","potentialAction":[{"@type":"CommentAction","name":"Comment","target":["https:\/\/urbeamea.ro\/albaiulia\/joi-21-decembrie-vernisajul-expozitiei-cetatea-mea-sub-zapada-la-muzeul-principia-din-alba-iulia\/#respond"]}]},{"@type":"WebPage","@id":"https:\/\/urbeamea.ro\/albaiulia\/joi-21-decembrie-vernisajul-expozitiei-cetatea-mea-sub-zapada-la-muzeul-principia-din-alba-iulia\/","url":"https:\/\/urbeamea.ro\/albaiulia\/joi-21-decembrie-vernisajul-expozitiei-cetatea-mea-sub-zapada-la-muzeul-principia-din-alba-iulia\/","name":"JOI, 21 decembrie: Vernisajul expozi\u0163iei \u201eCetatea mea, sub z\u0103pad\u0103\u201d, la Muzeul Principia din Alba Iulia - Revista Urbea Mea - Revista de Alba","isPartOf":{"@id":"https:\/\/urbeamea.ro\/albaiulia\/#website"},"primaryImageOfPage":{"@id":"https:\/\/urbeamea.ro\/albaiulia\/joi-21-decembrie-vernisajul-expozitiei-cetatea-mea-sub-zapada-la-muzeul-principia-din-alba-iulia\/#primaryimage"},"image":{"@id":"https:\/\/urbeamea.ro\/albaiulia\/joi-21-decembrie-vernisajul-expozitiei-cetatea-mea-sub-zapada-la-muzeul-principia-din-alba-iulia\/#primaryimage"},"thumbnailUrl":"https:\/\/urbeamea.ro\/albaiulia\/wp-content\/uploads\/2017\/12\/de-printat-afis-picasso-iarna-2017-01.jpg","datePublished":"2017-12-14T11:11:47+00:00","author":{"@id":"https:\/\/urbeamea.ro\/albaiulia\/#\/schema\/person\/9700d21fae21c4f038b0b56f4506264a"},"description":"Clubul de Arte Plastice PICASSO Junior v\u0103 invit\u0103 la vernisajul expozi\u0163iei de pictur\u0103 \u201eCetatea mea, sub z\u0103pad\u0103\u201d. Evenimentul va avea loc joi, 21 decembrie","breadcrumb":{"@id":"https:\/\/urbeamea.ro\/albaiulia\/joi-21-decembrie-vernisajul-expozitiei-cetatea-mea-sub-zapada-la-muzeul-principia-din-alba-iulia\/#breadcrumb"},"inLanguage":"ro-RO","potentialAction":[{"@type":"ReadAction","target":["https:\/\/urbeamea.ro\/albaiulia\/joi-21-decembrie-vernisajul-expozitiei-cetatea-mea-sub-zapada-la-muzeul-principia-din-alba-iulia\/"]}]},{"@type":"ImageObject","inLanguage":"ro-RO","@id":"https:\/\/urbeamea.ro\/albaiulia\/joi-21-decembrie-vernisajul-expozitiei-cetatea-mea-sub-zapada-la-muzeul-principia-din-alba-iulia\/#primaryimage","url":"https:\/\/urbeamea.ro\/albaiulia\/wp-content\/uploads\/2017\/12\/de-printat-afis-picasso-iarna-2017-01.jpg","contentUrl":"https:\/\/urbeamea.ro\/albaiulia\/wp-content\/uploads\/2017\/12\/de-printat-afis-picasso-iarna-2017-01.jpg","width":848,"height":1200},{"@type":"BreadcrumbList","@id":"https:\/\/urbeamea.ro\/albaiulia\/joi-21-decembrie-vernisajul-expozitiei-cetatea-mea-sub-zapada-la-muzeul-principia-din-alba-iulia\/#breadcrumb","itemListElement":[{"@type":"ListItem","position":1,"name":"Prima pagin\u0103","item":"https:\/\/urbeamea.ro\/albaiulia\/"},{"@type":"ListItem","position":2,"name":"JOI, 21 decembrie: Vernisajul expozi\u0163iei \u201eCetatea mea, sub z\u0103pad\u0103\u201d, la Muzeul Principia din Alba Iulia"}]},{"@type":"WebSite","@id":"https:\/\/urbeamea.ro\/albaiulia\/#website","url":"https:\/\/urbeamea.ro\/albaiulia\/","name":"Revista Urbea Mea, Stiri urbane","description":"Evenimente \u0219i \u0219tiri din Alba Iulia, Sebe\u0219, Aiud, Blaj","potentialAction":[{"@type":"SearchAction","target":{"@type":"EntryPoint","urlTemplate":"https:\/\/urbeamea.ro\/albaiulia\/?s={search_term_string}"},"query-input":{"@type":"PropertyValueSpecification","valueRequired":true,"valueName":"search_term_string"}}],"inLanguage":"ro-RO"},{"@type":"Person","@id":"https:\/\/urbeamea.ro\/albaiulia\/#\/schema\/person\/9700d21fae21c4f038b0b56f4506264a","name":"Cristina Ganga","image":{"@type":"ImageObject","inLanguage":"ro-RO","@id":"https:\/\/secure.gravatar.com\/avatar\/5a67661041f057b4a8ccaf26f5a8e86e2689372006d01faf3dd9eeb10b654bb4?s=96&d=mm&r=g","url":"https:\/\/secure.gravatar.com\/avatar\/5a67661041f057b4a8ccaf26f5a8e86e2689372006d01faf3dd9eeb10b654bb4?s=96&d=mm&r=g","contentUrl":"https:\/\/secure.gravatar.com\/avatar\/5a67661041f057b4a8ccaf26f5a8e86e2689372006d01faf3dd9eeb10b654bb4?s=96&d=mm&r=g","caption":"Cristina Ganga"},"description":"Jurnalist","sameAs":["https:\/\/www.facebook.com\/cristina.nicola.587"],"url":"https:\/\/urbeamea.ro\/albaiulia\/author\/cristina-nicola\/"}]}},"_links":{"self":[{"href":"https:\/\/urbeamea.ro\/albaiulia\/wp-json\/wp\/v2\/posts\/57935","targetHints":{"allow":["GET"]}}],"collection":[{"href":"https:\/\/urbeamea.ro\/albaiulia\/wp-json\/wp\/v2\/posts"}],"about":[{"href":"https:\/\/urbeamea.ro\/albaiulia\/wp-json\/wp\/v2\/types\/post"}],"author":[{"embeddable":true,"href":"https:\/\/urbeamea.ro\/albaiulia\/wp-json\/wp\/v2\/users\/17"}],"replies":[{"embeddable":true,"href":"https:\/\/urbeamea.ro\/albaiulia\/wp-json\/wp\/v2\/comments?post=57935"}],"version-history":[{"count":0,"href":"https:\/\/urbeamea.ro\/albaiulia\/wp-json\/wp\/v2\/posts\/57935\/revisions"}],"wp:featuredmedia":[{"embeddable":true,"href":"https:\/\/urbeamea.ro\/albaiulia\/wp-json\/wp\/v2\/media\/57936"}],"wp:attachment":[{"href":"https:\/\/urbeamea.ro\/albaiulia\/wp-json\/wp\/v2\/media?parent=57935"}],"wp:term":[{"taxonomy":"category","embeddable":true,"href":"https:\/\/urbeamea.ro\/albaiulia\/wp-json\/wp\/v2\/categories?post=57935"},{"taxonomy":"post_tag","embeddable":true,"href":"https:\/\/urbeamea.ro\/albaiulia\/wp-json\/wp\/v2\/tags?post=57935"}],"curies":[{"name":"wp","href":"https:\/\/api.w.org\/{rel}","templated":true}]}}