{"id":58023,"date":"2017-12-15T11:58:23","date_gmt":"2017-12-15T09:58:23","guid":{"rendered":"https:\/\/urbeamea.ro\/albaiulia\/?p=58023"},"modified":"2017-12-15T11:58:23","modified_gmt":"2017-12-15T09:58:23","slug":"17-18-decembrie-cafeneaua-culturala-aniversara-si-caravana-literara-scriitorilor-scoala-ultimele-editii-la-hotel-cetate-din-alba-iulia-si-colegiul-national-m","status":"publish","type":"post","link":"https:\/\/urbeamea.ro\/albaiulia\/17-18-decembrie-cafeneaua-culturala-aniversara-si-caravana-literara-scriitorilor-scoala-ultimele-editii-la-hotel-cetate-din-alba-iulia-si-colegiul-national-m\/","title":{"rendered":"17-18 decembrie: \u201eCafeneaua cultural\u0103 aniversar\u0103\u201d \u0219i \u201eCaravana literar\u0103 a scriitorilor \u00een \u0219coal\u0103\u201d, ultimele edi\u0163ii la Hotel Cetate din Alba Iulia \u015fi Colegiul Na\u0163ional Militar ,,Mihai Viteazul\u201d"},"content":{"rendered":"<p><strong>\u00cen luna decembrie Biblioteca Jude\u021bean\u0103 ,,Lucian Blaga\u201d Alba vine cu un cadou inedit pentru cititori: ultimele edi\u021bii din acest an ale proiectelor ,,Cafeneaua cultural\u0103 aniversar\u0103\u201d \u0219i ,,Caravana literar\u0103 a scriitorilor \u00een \u0219coli\u201d av\u00e2ndu-l ca invitat special pe scriitorul \u0219i cantautorul Adrian S\u0103rm\u0103\u0219an. <\/strong><\/p>\n<p>Rolul unei biblioteci publice \u00eentr-o comunitate este \u0219i acela de a p\u0103stra vie \u00een r\u00e2ndul membrilor comunit\u0103\u021bii opera unor personalit\u0103\u021bi culturale contemporane care au ajuns la v\u00e2rsta la care se poate spune pe bun\u0103 dreptate c\u0103 au contribuit \u00een mod esen\u021bial la \u00eembog\u0103\u021birea patrimoniului cultural na\u021bional.<\/p>\n<p>Pornind de la acest obiectiv, luni 18 decembrie 2017, \u00eencep\u00e2nd cu orele 18,00, va avea loc la sala de festivit\u0103\u021bi a Hotelului Cetate din Alba Iulia, ultima edi\u021bie din acest an a Cafenelei Culturale Aniversare. \u00cen cadrul evenimentului vor fi \u00eenm\u00e2nate Diplome Aniversare pentru \u00eentreaga activitate desf\u0103\u0219urat\u0103 pe t\u0103r\u00e2m cultural \u0219i pentru importanta contribu\u021bie avut\u0103 la \u00eembog\u0103\u021birea patrimoniului cultural al jude\u021bului Alba, personalit\u0103\u021bilor culturale n\u0103scute \u00een luna decembrie. Ace\u0219tia sunt: Ioan Boc\u0219a, Iosif Fi\u021b, Vasile Remete \u0219i Angela T\u00e2rziu. Diplomele vor fi \u00eenm\u00e2nate de reprezentan\u021bi ai organizatorilor \u0219i reprezentan\u021bi ai administra\u021biei locale.<\/p>\n<p>Momentele artistice din cadrul evenimentului vor fi sus\u021binute de pianista Diana Dava Barb \u0219i de cantautorul Adrian S\u0103rm\u0103\u0219an, care va fi prezent la Alba Iulia \u0219i la ultima edi\u021bie a proiectului ,,Caravana literar\u0103 a scriitorilor \u00een \u0219coala\u201d. Caravan\u0103 va poposi \u00een data de 17 decembrie 2017 \u00een mijlocul elevilor de la Colegiul Na\u021bional Militar ,,Mihai Viteazul\u201d din Alba Iulia. Al\u0103turi de Adrian S\u0103rm\u0103\u0219an vor mai fi prezen\u021bi la colegiul militar scriitorii Cornel Nistea, Lucian Drago\u0219 Bogdan, Petre Paul \u0219i Daniela Floroian.<\/p>\n<p>Proiectele fac parte din <strong><em>Programul minimal 2017<\/em><\/strong> al institu\u021biei 8 IDENTITATE \u0218I VALORI CULTURALE\/8.3 <em>Cafenea cultural\u0103-Anivers\u0103ri culturale,<\/em> \u0219i 4.ANIMA\u021aIE CULTURAL\u0102\/4.10 Carvana literar\u0103 a scriitorilor \u00een \u0219coal\u0103.<\/p>\n<p>Organizatorii evenimentului sunt Consiliul Jude\u021bean Alba \u0219i Biblioteca Jude\u021bean\u0103 ,,Lucian Blaga\u201d Alba. Vor oferi cadouri simbolice fiec\u0103rui s\u0103rb\u0103torit, Compania Jidvei \u0219i magazinul Selgros, c\u0103rora le mul\u021bumim pe aceast\u0103 cale pentru sprijinul acordat.<\/p>\n<p>&nbsp;<\/p>\n","protected":false},"excerpt":{"rendered":"<p>\u00cen luna decembrie Biblioteca Jude\u021bean\u0103 ,,Lucian Blaga\u201d Alba vine cu un cadou inedit pentru cititori: ultimele edi\u021bii din acest an ale proiectelor ,,Cafeneaua cultural\u0103 aniversar\u0103\u201d \u0219i ,,Caravana literar\u0103 a scriitorilor \u00een \u0219coli\u201d av\u00e2ndu-l ca invitat special pe scriitorul \u0219i cantautorul Adrian S\u0103rm\u0103\u0219an. Rolul unei biblioteci publice \u00eentr-o comunitate este \u0219i acela de a p\u0103stra vie &hellip;<\/p>\n","protected":false},"author":17,"featured_media":58024,"comment_status":"open","ping_status":"open","sticky":false,"template":"","format":"standard","meta":{"inline_featured_image":false,"footnotes":""},"categories":[2038],"tags":[1062,31,12246,12859,11032,539,315,1418,5178,308,76],"class_list":["post-58023","post","type-post","status-publish","format-standard","has-post-thumbnail","hentry","category-cultura","tag-adrian-sarmasan","tag-alba-iulia","tag-cafenea-culturala-aniversara","tag-caravana-literara-a-scriitorilor-in-scoala","tag-colegiul-national-militar-mihai-viteazul-alba-iulia","tag-diana-dava-barb","tag-elevi","tag-hotel-cetate","tag-momente-artistice","tag-stiri","tag-urbea-mea"],"yoast_head":"<!-- This site is optimized with the Yoast SEO plugin v28.3 - https:\/\/yoast.com\/product\/yoast-seo-wordpress\/ -->\n<title>17-18 decembrie: \u201eCafeneaua cultural\u0103 aniversar\u0103\u201d \u0219i \u201eCaravana literar\u0103 a scriitorilor \u00een \u0219coal\u0103\u201d, ultimele edi\u0163ii la Hotel Cetate din Alba Iulia \u015fi Colegiul Na\u0163ional Militar ,,Mihai Viteazul\u201d - Revista Urbea Mea - Revista de Alba<\/title>\n<meta name=\"description\" content=\"\u00cen luna decembrie Biblioteca Jude\u021bean\u0103 ,,Lucian Blaga\u201d Alba vine cu un cadou inedit pentru cititori: ultimele edi\u021bii din acest an ale proiectelor\" \/>\n<meta name=\"robots\" content=\"index, follow, max-snippet:-1, max-image-preview:large, max-video-preview:-1\" \/>\n<link rel=\"canonical\" href=\"https:\/\/urbeamea.ro\/albaiulia\/17-18-decembrie-cafeneaua-culturala-aniversara-si-caravana-literara-scriitorilor-scoala-ultimele-editii-la-hotel-cetate-din-alba-iulia-si-colegiul-national-m\/\" \/>\n<meta name=\"twitter:card\" content=\"summary_large_image\" \/>\n<meta name=\"twitter:title\" content=\"17-18 decembrie: \u201eCafeneaua cultural\u0103 aniversar\u0103\u201d \u0219i \u201eCaravana literar\u0103 a scriitorilor \u00een \u0219coal\u0103\u201d, ultimele edi\u0163ii la Hotel Cetate din Alba Iulia \u015fi Colegiul Na\u0163ional Militar ,,Mihai Viteazul\u201d - Revista Urbea Mea - Revista de Alba\" \/>\n<meta name=\"twitter:description\" content=\"\u00cen luna decembrie Biblioteca Jude\u021bean\u0103 ,,Lucian Blaga\u201d Alba vine cu un cadou inedit pentru cititori: ultimele edi\u021bii din acest an ale proiectelor\" \/>\n<meta name=\"twitter:image\" content=\"https:\/\/urbeamea.ro\/albaiulia\/wp-content\/uploads\/2017\/12\/24900038_10214546648798227_7871813689964750235_n.jpg\" \/>\n<meta name=\"twitter:creator\" content=\"@urbeameaweb\" \/>\n<meta name=\"twitter:site\" content=\"@urbeameaweb\" \/>\n<script type=\"application\/ld+json\" class=\"yoast-schema-graph\">{\"@context\":\"https:\\\/\\\/schema.org\",\"@graph\":[{\"@type\":\"Article\",\"@id\":\"https:\\\/\\\/urbeamea.ro\\\/albaiulia\\\/17-18-decembrie-cafeneaua-culturala-aniversara-si-caravana-literara-scriitorilor-scoala-ultimele-editii-la-hotel-cetate-din-alba-iulia-si-colegiul-national-m\\\/#article\",\"isPartOf\":{\"@id\":\"https:\\\/\\\/urbeamea.ro\\\/albaiulia\\\/17-18-decembrie-cafeneaua-culturala-aniversara-si-caravana-literara-scriitorilor-scoala-ultimele-editii-la-hotel-cetate-din-alba-iulia-si-colegiul-national-m\\\/\"},\"author\":{\"name\":\"Cristina Ganga\",\"@id\":\"https:\\\/\\\/urbeamea.ro\\\/albaiulia\\\/#\\\/schema\\\/person\\\/9700d21fae21c4f038b0b56f4506264a\"},\"headline\":\"17-18 decembrie: \u201eCafeneaua cultural\u0103 aniversar\u0103\u201d \u0219i \u201eCaravana literar\u0103 a scriitorilor \u00een \u0219coal\u0103\u201d, ultimele edi\u0163ii la Hotel Cetate din Alba Iulia \u015fi Colegiul Na\u0163ional Militar ,,Mihai Viteazul\u201d\",\"datePublished\":\"2017-12-15T09:58:23+00:00\",\"mainEntityOfPage\":{\"@id\":\"https:\\\/\\\/urbeamea.ro\\\/albaiulia\\\/17-18-decembrie-cafeneaua-culturala-aniversara-si-caravana-literara-scriitorilor-scoala-ultimele-editii-la-hotel-cetate-din-alba-iulia-si-colegiul-national-m\\\/\"},\"wordCount\":393,\"commentCount\":0,\"image\":{\"@id\":\"https:\\\/\\\/urbeamea.ro\\\/albaiulia\\\/17-18-decembrie-cafeneaua-culturala-aniversara-si-caravana-literara-scriitorilor-scoala-ultimele-editii-la-hotel-cetate-din-alba-iulia-si-colegiul-national-m\\\/#primaryimage\"},\"thumbnailUrl\":\"https:\\\/\\\/urbeamea.ro\\\/albaiulia\\\/wp-content\\\/uploads\\\/2017\\\/12\\\/24900038_10214546648798227_7871813689964750235_n.jpg\",\"keywords\":[\"Adrian Sarmasan\",\"Alba Iulia\",\"cafenea culturala aniversara\",\"caravana literara a scriitorilor in scoala\",\"colegiul national militar mihai viteazul alba iulia\",\"Diana Dava Barb\",\"elevi\",\"hotel cetate\",\"momente artistice\",\"stiri\",\"Urbea Mea\"],\"articleSection\":[\"Cultur\u0103\"],\"inLanguage\":\"ro-RO\",\"potentialAction\":[{\"@type\":\"CommentAction\",\"name\":\"Comment\",\"target\":[\"https:\\\/\\\/urbeamea.ro\\\/albaiulia\\\/17-18-decembrie-cafeneaua-culturala-aniversara-si-caravana-literara-scriitorilor-scoala-ultimele-editii-la-hotel-cetate-din-alba-iulia-si-colegiul-national-m\\\/#respond\"]}]},{\"@type\":\"WebPage\",\"@id\":\"https:\\\/\\\/urbeamea.ro\\\/albaiulia\\\/17-18-decembrie-cafeneaua-culturala-aniversara-si-caravana-literara-scriitorilor-scoala-ultimele-editii-la-hotel-cetate-din-alba-iulia-si-colegiul-national-m\\\/\",\"url\":\"https:\\\/\\\/urbeamea.ro\\\/albaiulia\\\/17-18-decembrie-cafeneaua-culturala-aniversara-si-caravana-literara-scriitorilor-scoala-ultimele-editii-la-hotel-cetate-din-alba-iulia-si-colegiul-national-m\\\/\",\"name\":\"17-18 decembrie: \u201eCafeneaua cultural\u0103 aniversar\u0103\u201d \u0219i \u201eCaravana literar\u0103 a scriitorilor \u00een \u0219coal\u0103\u201d, ultimele edi\u0163ii la Hotel Cetate din Alba Iulia \u015fi Colegiul Na\u0163ional Militar ,,Mihai Viteazul\u201d - Revista Urbea Mea - Revista de Alba\",\"isPartOf\":{\"@id\":\"https:\\\/\\\/urbeamea.ro\\\/albaiulia\\\/#website\"},\"primaryImageOfPage\":{\"@id\":\"https:\\\/\\\/urbeamea.ro\\\/albaiulia\\\/17-18-decembrie-cafeneaua-culturala-aniversara-si-caravana-literara-scriitorilor-scoala-ultimele-editii-la-hotel-cetate-din-alba-iulia-si-colegiul-national-m\\\/#primaryimage\"},\"image\":{\"@id\":\"https:\\\/\\\/urbeamea.ro\\\/albaiulia\\\/17-18-decembrie-cafeneaua-culturala-aniversara-si-caravana-literara-scriitorilor-scoala-ultimele-editii-la-hotel-cetate-din-alba-iulia-si-colegiul-national-m\\\/#primaryimage\"},\"thumbnailUrl\":\"https:\\\/\\\/urbeamea.ro\\\/albaiulia\\\/wp-content\\\/uploads\\\/2017\\\/12\\\/24900038_10214546648798227_7871813689964750235_n.jpg\",\"datePublished\":\"2017-12-15T09:58:23+00:00\",\"author\":{\"@id\":\"https:\\\/\\\/urbeamea.ro\\\/albaiulia\\\/#\\\/schema\\\/person\\\/9700d21fae21c4f038b0b56f4506264a\"},\"description\":\"\u00cen luna decembrie Biblioteca Jude\u021bean\u0103 ,,Lucian Blaga\u201d Alba vine cu un cadou inedit pentru cititori: ultimele edi\u021bii din acest an ale proiectelor\",\"breadcrumb\":{\"@id\":\"https:\\\/\\\/urbeamea.ro\\\/albaiulia\\\/17-18-decembrie-cafeneaua-culturala-aniversara-si-caravana-literara-scriitorilor-scoala-ultimele-editii-la-hotel-cetate-din-alba-iulia-si-colegiul-national-m\\\/#breadcrumb\"},\"inLanguage\":\"ro-RO\",\"potentialAction\":[{\"@type\":\"ReadAction\",\"target\":[\"https:\\\/\\\/urbeamea.ro\\\/albaiulia\\\/17-18-decembrie-cafeneaua-culturala-aniversara-si-caravana-literara-scriitorilor-scoala-ultimele-editii-la-hotel-cetate-din-alba-iulia-si-colegiul-national-m\\\/\"]}]},{\"@type\":\"ImageObject\",\"inLanguage\":\"ro-RO\",\"@id\":\"https:\\\/\\\/urbeamea.ro\\\/albaiulia\\\/17-18-decembrie-cafeneaua-culturala-aniversara-si-caravana-literara-scriitorilor-scoala-ultimele-editii-la-hotel-cetate-din-alba-iulia-si-colegiul-national-m\\\/#primaryimage\",\"url\":\"https:\\\/\\\/urbeamea.ro\\\/albaiulia\\\/wp-content\\\/uploads\\\/2017\\\/12\\\/24900038_10214546648798227_7871813689964750235_n.jpg\",\"contentUrl\":\"https:\\\/\\\/urbeamea.ro\\\/albaiulia\\\/wp-content\\\/uploads\\\/2017\\\/12\\\/24900038_10214546648798227_7871813689964750235_n.jpg\",\"width\":280,\"height\":400},{\"@type\":\"BreadcrumbList\",\"@id\":\"https:\\\/\\\/urbeamea.ro\\\/albaiulia\\\/17-18-decembrie-cafeneaua-culturala-aniversara-si-caravana-literara-scriitorilor-scoala-ultimele-editii-la-hotel-cetate-din-alba-iulia-si-colegiul-national-m\\\/#breadcrumb\",\"itemListElement\":[{\"@type\":\"ListItem\",\"position\":1,\"name\":\"Prima pagin\u0103\",\"item\":\"https:\\\/\\\/urbeamea.ro\\\/albaiulia\\\/\"},{\"@type\":\"ListItem\",\"position\":2,\"name\":\"17-18 decembrie: \u201eCafeneaua cultural\u0103 aniversar\u0103\u201d \u0219i \u201eCaravana literar\u0103 a scriitorilor \u00een \u0219coal\u0103\u201d, ultimele edi\u0163ii la Hotel Cetate din Alba Iulia \u015fi Colegiul Na\u0163ional Militar ,,Mihai Viteazul\u201d\"}]},{\"@type\":\"WebSite\",\"@id\":\"https:\\\/\\\/urbeamea.ro\\\/albaiulia\\\/#website\",\"url\":\"https:\\\/\\\/urbeamea.ro\\\/albaiulia\\\/\",\"name\":\"Revista Urbea Mea, Stiri urbane\",\"description\":\"Evenimente \u0219i \u0219tiri din Alba Iulia, Sebe\u0219, Aiud, Blaj\",\"potentialAction\":[{\"@type\":\"SearchAction\",\"target\":{\"@type\":\"EntryPoint\",\"urlTemplate\":\"https:\\\/\\\/urbeamea.ro\\\/albaiulia\\\/?s={search_term_string}\"},\"query-input\":{\"@type\":\"PropertyValueSpecification\",\"valueRequired\":true,\"valueName\":\"search_term_string\"}}],\"inLanguage\":\"ro-RO\"},{\"@type\":\"Person\",\"@id\":\"https:\\\/\\\/urbeamea.ro\\\/albaiulia\\\/#\\\/schema\\\/person\\\/9700d21fae21c4f038b0b56f4506264a\",\"name\":\"Cristina Ganga\",\"image\":{\"@type\":\"ImageObject\",\"inLanguage\":\"ro-RO\",\"@id\":\"https:\\\/\\\/secure.gravatar.com\\\/avatar\\\/5a67661041f057b4a8ccaf26f5a8e86e2689372006d01faf3dd9eeb10b654bb4?s=96&d=mm&r=g\",\"url\":\"https:\\\/\\\/secure.gravatar.com\\\/avatar\\\/5a67661041f057b4a8ccaf26f5a8e86e2689372006d01faf3dd9eeb10b654bb4?s=96&d=mm&r=g\",\"contentUrl\":\"https:\\\/\\\/secure.gravatar.com\\\/avatar\\\/5a67661041f057b4a8ccaf26f5a8e86e2689372006d01faf3dd9eeb10b654bb4?s=96&d=mm&r=g\",\"caption\":\"Cristina Ganga\"},\"description\":\"Jurnalist\",\"sameAs\":[\"https:\\\/\\\/www.facebook.com\\\/cristina.nicola.587\"],\"url\":\"https:\\\/\\\/urbeamea.ro\\\/albaiulia\\\/author\\\/cristina-nicola\\\/\"}]}<\/script>\n<!-- \/ Yoast SEO plugin. -->","yoast_head_json":{"title":"17-18 decembrie: \u201eCafeneaua cultural\u0103 aniversar\u0103\u201d \u0219i \u201eCaravana literar\u0103 a scriitorilor \u00een \u0219coal\u0103\u201d, ultimele edi\u0163ii la Hotel Cetate din Alba Iulia \u015fi Colegiul Na\u0163ional Militar ,,Mihai Viteazul\u201d - Revista Urbea Mea - Revista de Alba","description":"\u00cen luna decembrie Biblioteca Jude\u021bean\u0103 ,,Lucian Blaga\u201d Alba vine cu un cadou inedit pentru cititori: ultimele edi\u021bii din acest an ale proiectelor","robots":{"index":"index","follow":"follow","max-snippet":"max-snippet:-1","max-image-preview":"max-image-preview:large","max-video-preview":"max-video-preview:-1"},"canonical":"https:\/\/urbeamea.ro\/albaiulia\/17-18-decembrie-cafeneaua-culturala-aniversara-si-caravana-literara-scriitorilor-scoala-ultimele-editii-la-hotel-cetate-din-alba-iulia-si-colegiul-national-m\/","twitter_card":"summary_large_image","twitter_title":"17-18 decembrie: \u201eCafeneaua cultural\u0103 aniversar\u0103\u201d \u0219i \u201eCaravana literar\u0103 a scriitorilor \u00een \u0219coal\u0103\u201d, ultimele edi\u0163ii la Hotel Cetate din Alba Iulia \u015fi Colegiul Na\u0163ional Militar ,,Mihai Viteazul\u201d - Revista Urbea Mea - Revista de Alba","twitter_description":"\u00cen luna decembrie Biblioteca Jude\u021bean\u0103 ,,Lucian Blaga\u201d Alba vine cu un cadou inedit pentru cititori: ultimele edi\u021bii din acest an ale proiectelor","twitter_image":"https:\/\/urbeamea.ro\/albaiulia\/wp-content\/uploads\/2017\/12\/24900038_10214546648798227_7871813689964750235_n.jpg","twitter_creator":"@urbeameaweb","twitter_site":"@urbeameaweb","schema":{"@context":"https:\/\/schema.org","@graph":[{"@type":"Article","@id":"https:\/\/urbeamea.ro\/albaiulia\/17-18-decembrie-cafeneaua-culturala-aniversara-si-caravana-literara-scriitorilor-scoala-ultimele-editii-la-hotel-cetate-din-alba-iulia-si-colegiul-national-m\/#article","isPartOf":{"@id":"https:\/\/urbeamea.ro\/albaiulia\/17-18-decembrie-cafeneaua-culturala-aniversara-si-caravana-literara-scriitorilor-scoala-ultimele-editii-la-hotel-cetate-din-alba-iulia-si-colegiul-national-m\/"},"author":{"name":"Cristina Ganga","@id":"https:\/\/urbeamea.ro\/albaiulia\/#\/schema\/person\/9700d21fae21c4f038b0b56f4506264a"},"headline":"17-18 decembrie: \u201eCafeneaua cultural\u0103 aniversar\u0103\u201d \u0219i \u201eCaravana literar\u0103 a scriitorilor \u00een \u0219coal\u0103\u201d, ultimele edi\u0163ii la Hotel Cetate din Alba Iulia \u015fi Colegiul Na\u0163ional Militar ,,Mihai Viteazul\u201d","datePublished":"2017-12-15T09:58:23+00:00","mainEntityOfPage":{"@id":"https:\/\/urbeamea.ro\/albaiulia\/17-18-decembrie-cafeneaua-culturala-aniversara-si-caravana-literara-scriitorilor-scoala-ultimele-editii-la-hotel-cetate-din-alba-iulia-si-colegiul-national-m\/"},"wordCount":393,"commentCount":0,"image":{"@id":"https:\/\/urbeamea.ro\/albaiulia\/17-18-decembrie-cafeneaua-culturala-aniversara-si-caravana-literara-scriitorilor-scoala-ultimele-editii-la-hotel-cetate-din-alba-iulia-si-colegiul-national-m\/#primaryimage"},"thumbnailUrl":"https:\/\/urbeamea.ro\/albaiulia\/wp-content\/uploads\/2017\/12\/24900038_10214546648798227_7871813689964750235_n.jpg","keywords":["Adrian Sarmasan","Alba Iulia","cafenea culturala aniversara","caravana literara a scriitorilor in scoala","colegiul national militar mihai viteazul alba iulia","Diana Dava Barb","elevi","hotel cetate","momente artistice","stiri","Urbea Mea"],"articleSection":["Cultur\u0103"],"inLanguage":"ro-RO","potentialAction":[{"@type":"CommentAction","name":"Comment","target":["https:\/\/urbeamea.ro\/albaiulia\/17-18-decembrie-cafeneaua-culturala-aniversara-si-caravana-literara-scriitorilor-scoala-ultimele-editii-la-hotel-cetate-din-alba-iulia-si-colegiul-national-m\/#respond"]}]},{"@type":"WebPage","@id":"https:\/\/urbeamea.ro\/albaiulia\/17-18-decembrie-cafeneaua-culturala-aniversara-si-caravana-literara-scriitorilor-scoala-ultimele-editii-la-hotel-cetate-din-alba-iulia-si-colegiul-national-m\/","url":"https:\/\/urbeamea.ro\/albaiulia\/17-18-decembrie-cafeneaua-culturala-aniversara-si-caravana-literara-scriitorilor-scoala-ultimele-editii-la-hotel-cetate-din-alba-iulia-si-colegiul-national-m\/","name":"17-18 decembrie: \u201eCafeneaua cultural\u0103 aniversar\u0103\u201d \u0219i \u201eCaravana literar\u0103 a scriitorilor \u00een \u0219coal\u0103\u201d, ultimele edi\u0163ii la Hotel Cetate din Alba Iulia \u015fi Colegiul Na\u0163ional Militar ,,Mihai Viteazul\u201d - Revista Urbea Mea - Revista de Alba","isPartOf":{"@id":"https:\/\/urbeamea.ro\/albaiulia\/#website"},"primaryImageOfPage":{"@id":"https:\/\/urbeamea.ro\/albaiulia\/17-18-decembrie-cafeneaua-culturala-aniversara-si-caravana-literara-scriitorilor-scoala-ultimele-editii-la-hotel-cetate-din-alba-iulia-si-colegiul-national-m\/#primaryimage"},"image":{"@id":"https:\/\/urbeamea.ro\/albaiulia\/17-18-decembrie-cafeneaua-culturala-aniversara-si-caravana-literara-scriitorilor-scoala-ultimele-editii-la-hotel-cetate-din-alba-iulia-si-colegiul-national-m\/#primaryimage"},"thumbnailUrl":"https:\/\/urbeamea.ro\/albaiulia\/wp-content\/uploads\/2017\/12\/24900038_10214546648798227_7871813689964750235_n.jpg","datePublished":"2017-12-15T09:58:23+00:00","author":{"@id":"https:\/\/urbeamea.ro\/albaiulia\/#\/schema\/person\/9700d21fae21c4f038b0b56f4506264a"},"description":"\u00cen luna decembrie Biblioteca Jude\u021bean\u0103 ,,Lucian Blaga\u201d Alba vine cu un cadou inedit pentru cititori: ultimele edi\u021bii din acest an ale proiectelor","breadcrumb":{"@id":"https:\/\/urbeamea.ro\/albaiulia\/17-18-decembrie-cafeneaua-culturala-aniversara-si-caravana-literara-scriitorilor-scoala-ultimele-editii-la-hotel-cetate-din-alba-iulia-si-colegiul-national-m\/#breadcrumb"},"inLanguage":"ro-RO","potentialAction":[{"@type":"ReadAction","target":["https:\/\/urbeamea.ro\/albaiulia\/17-18-decembrie-cafeneaua-culturala-aniversara-si-caravana-literara-scriitorilor-scoala-ultimele-editii-la-hotel-cetate-din-alba-iulia-si-colegiul-national-m\/"]}]},{"@type":"ImageObject","inLanguage":"ro-RO","@id":"https:\/\/urbeamea.ro\/albaiulia\/17-18-decembrie-cafeneaua-culturala-aniversara-si-caravana-literara-scriitorilor-scoala-ultimele-editii-la-hotel-cetate-din-alba-iulia-si-colegiul-national-m\/#primaryimage","url":"https:\/\/urbeamea.ro\/albaiulia\/wp-content\/uploads\/2017\/12\/24900038_10214546648798227_7871813689964750235_n.jpg","contentUrl":"https:\/\/urbeamea.ro\/albaiulia\/wp-content\/uploads\/2017\/12\/24900038_10214546648798227_7871813689964750235_n.jpg","width":280,"height":400},{"@type":"BreadcrumbList","@id":"https:\/\/urbeamea.ro\/albaiulia\/17-18-decembrie-cafeneaua-culturala-aniversara-si-caravana-literara-scriitorilor-scoala-ultimele-editii-la-hotel-cetate-din-alba-iulia-si-colegiul-national-m\/#breadcrumb","itemListElement":[{"@type":"ListItem","position":1,"name":"Prima pagin\u0103","item":"https:\/\/urbeamea.ro\/albaiulia\/"},{"@type":"ListItem","position":2,"name":"17-18 decembrie: \u201eCafeneaua cultural\u0103 aniversar\u0103\u201d \u0219i \u201eCaravana literar\u0103 a scriitorilor \u00een \u0219coal\u0103\u201d, ultimele edi\u0163ii la Hotel Cetate din Alba Iulia \u015fi Colegiul Na\u0163ional Militar ,,Mihai Viteazul\u201d"}]},{"@type":"WebSite","@id":"https:\/\/urbeamea.ro\/albaiulia\/#website","url":"https:\/\/urbeamea.ro\/albaiulia\/","name":"Revista Urbea Mea, Stiri urbane","description":"Evenimente \u0219i \u0219tiri din Alba Iulia, Sebe\u0219, Aiud, Blaj","potentialAction":[{"@type":"SearchAction","target":{"@type":"EntryPoint","urlTemplate":"https:\/\/urbeamea.ro\/albaiulia\/?s={search_term_string}"},"query-input":{"@type":"PropertyValueSpecification","valueRequired":true,"valueName":"search_term_string"}}],"inLanguage":"ro-RO"},{"@type":"Person","@id":"https:\/\/urbeamea.ro\/albaiulia\/#\/schema\/person\/9700d21fae21c4f038b0b56f4506264a","name":"Cristina Ganga","image":{"@type":"ImageObject","inLanguage":"ro-RO","@id":"https:\/\/secure.gravatar.com\/avatar\/5a67661041f057b4a8ccaf26f5a8e86e2689372006d01faf3dd9eeb10b654bb4?s=96&d=mm&r=g","url":"https:\/\/secure.gravatar.com\/avatar\/5a67661041f057b4a8ccaf26f5a8e86e2689372006d01faf3dd9eeb10b654bb4?s=96&d=mm&r=g","contentUrl":"https:\/\/secure.gravatar.com\/avatar\/5a67661041f057b4a8ccaf26f5a8e86e2689372006d01faf3dd9eeb10b654bb4?s=96&d=mm&r=g","caption":"Cristina Ganga"},"description":"Jurnalist","sameAs":["https:\/\/www.facebook.com\/cristina.nicola.587"],"url":"https:\/\/urbeamea.ro\/albaiulia\/author\/cristina-nicola\/"}]}},"_links":{"self":[{"href":"https:\/\/urbeamea.ro\/albaiulia\/wp-json\/wp\/v2\/posts\/58023","targetHints":{"allow":["GET"]}}],"collection":[{"href":"https:\/\/urbeamea.ro\/albaiulia\/wp-json\/wp\/v2\/posts"}],"about":[{"href":"https:\/\/urbeamea.ro\/albaiulia\/wp-json\/wp\/v2\/types\/post"}],"author":[{"embeddable":true,"href":"https:\/\/urbeamea.ro\/albaiulia\/wp-json\/wp\/v2\/users\/17"}],"replies":[{"embeddable":true,"href":"https:\/\/urbeamea.ro\/albaiulia\/wp-json\/wp\/v2\/comments?post=58023"}],"version-history":[{"count":0,"href":"https:\/\/urbeamea.ro\/albaiulia\/wp-json\/wp\/v2\/posts\/58023\/revisions"}],"wp:featuredmedia":[{"embeddable":true,"href":"https:\/\/urbeamea.ro\/albaiulia\/wp-json\/wp\/v2\/media\/58024"}],"wp:attachment":[{"href":"https:\/\/urbeamea.ro\/albaiulia\/wp-json\/wp\/v2\/media?parent=58023"}],"wp:term":[{"taxonomy":"category","embeddable":true,"href":"https:\/\/urbeamea.ro\/albaiulia\/wp-json\/wp\/v2\/categories?post=58023"},{"taxonomy":"post_tag","embeddable":true,"href":"https:\/\/urbeamea.ro\/albaiulia\/wp-json\/wp\/v2\/tags?post=58023"}],"curies":[{"name":"wp","href":"https:\/\/api.w.org\/{rel}","templated":true}]}}