{"id":58473,"date":"2017-12-20T14:13:06","date_gmt":"2017-12-20T12:13:06","guid":{"rendered":"https:\/\/urbeamea.ro\/albaiulia\/?p=58473"},"modified":"2017-12-20T14:13:06","modified_gmt":"2017-12-20T12:13:06","slug":"video-craciunul-din-21-joi-piata-cetatii-din-alba-iulia-spectacol-de-colinde-si-intalnire-cu-mis-craciun","status":"publish","type":"post","link":"https:\/\/urbeamea.ro\/albaiulia\/video-craciunul-din-21-joi-piata-cetatii-din-alba-iulia-spectacol-de-colinde-si-intalnire-cu-mis-craciun\/","title":{"rendered":"(VIDEO) \u201eCr\u0103ciunul din 21\u201d, joi, \u00een Pia\u0163a Cet\u0103\u0163ii din Alba Iulia. Spectacol de colinde \u015fi \u00eent\u00e2lnire cu Mi\u015f Cr\u0103ciun"},"content":{"rendered":"<p><strong>Mai este pu\u0163in p\u00e2n\u0103 la venirea lui Mo\u015f Cr\u0103ciun, dar cei care nu mai au r\u0103bdare p\u00e2n\u0103 atunci \u00eel vor putea vedea la\u00a0\u201eCr\u0103ciunul din 21\u201d, un eveniment organizat de\u00a0Prim\u0103ria Alba Iulia, cu patru zile \u00eenaintea celei mai a\u0219teptate s\u0103rb\u0103tori\u00a0din\u00a0an, va aduce o explozie de veselie \u00een Cetatea Alba Carolina, cea mai mare cetate din Rom\u00e2nia.<\/strong><\/p>\n<p>La \u00eenceput, \u00een urm\u0103 cu \u0219ase ani, a fost o pur\u0103 \u00eent\u00e2mplare, iar mai apoi a devenit o adevarat\u0103 s\u0103rb\u0103toare. \u201cCraciunu\u2019 din 21\u201d este momentul \u00een care ne preg\u0103tim s\u0103-l primim pe Mo\u0219 \u0219i spiridu\u0219ii s\u0103i \u00eenc\u0103rca\u021bi de cadouri.<\/p>\n<p>Patinoarul, c\u0103su\u021bele \u0219i tarabele vor fi \u0219i ele preg\u0103tite pentru a-i primi pe albaiulienii care vor s\u0103 s\u0103rb\u0103toreasc\u0103 cea mai a\u015fteptat\u0103 s\u0103rb\u0103toare a\u015fa cum se cuvine.<\/p>\n<p>Miercuri, \u00eencep\u00e2nd cu ora 18.00, la \u201cCr\u0103ciunu\u2019 din 21\u201d, ve\u0163i avea \u00eent\u00e2lnire cu Mo\u015f Cr\u0103ciun, Doamna Cr\u0103ciun, sold\u0103\u0163ei, fulgi, clopo\u0163ei \u015fi alte personaje. Mo\u015ful va ajunge cu s\u0103niile pline cu mii de daruri pentru tot at\u00e2\u021bia copii.<\/p>\n<p><strong>Cei care vor colinda, \u00eencep\u00e2nd cu ora 18.00 sunt Ionu\u021b Fulea, The Puzzles \u0219i Denisa Moga &amp; Band.<\/strong><\/p>\n<p><em>credit foto: Ionu\u0163 V\u0103idean<\/em><br \/>\n<iframe loading=\"lazy\" style=\"border: none; overflow: hidden;\" src=\"https:\/\/www.facebook.com\/plugins\/video.php?href=https%3A%2F%2Fwww.facebook.com%2Fprimariaalbaiulia%2Fvideos%2F1925408624155504%2F&amp;show_text=0&amp;width=560\" width=\"560\" height=\"315\" frameborder=\"0\" scrolling=\"no\" allowfullscreen=\"allowfullscreen\"><\/iframe><\/p>\n","protected":false},"excerpt":{"rendered":"<p>Mai este pu\u0163in p\u00e2n\u0103 la venirea lui Mo\u015f Cr\u0103ciun, dar cei care nu mai au r\u0103bdare p\u00e2n\u0103 atunci \u00eel vor putea vedea la\u00a0\u201eCr\u0103ciunul din 21\u201d, un eveniment organizat de\u00a0Prim\u0103ria Alba Iulia, cu patru zile \u00eenaintea celei mai a\u0219teptate s\u0103rb\u0103tori\u00a0din\u00a0an, va aduce o explozie de veselie \u00een Cetatea Alba Carolina, cea mai mare cetate din Rom\u00e2nia. &hellip;<\/p>\n","protected":false},"author":17,"featured_media":57458,"comment_status":"open","ping_status":"open","sticky":false,"template":"","format":"standard","meta":{"inline_featured_image":false,"footnotes":""},"categories":[4],"tags":[31,1242,1613,13522,4294,1399,1496,308,1587,76],"class_list":["post-58473","post","type-post","status-publish","format-standard","has-post-thumbnail","hentry","category-eveniment","tag-alba-iulia","tag-cadouri","tag-craciunu-din-21","tag-denisa-moga-band","tag-ionut-fulea","tag-mos-craciun","tag-spectacol-de-colinde","tag-stiri","tag-the-puzzles","tag-urbea-mea"],"yoast_head":"<!-- This site is optimized with the Yoast SEO plugin v28.3 - https:\/\/yoast.com\/product\/yoast-seo-wordpress\/ -->\n<title>(VIDEO) \u201eCr\u0103ciunul din 21\u201d, joi, \u00een Pia\u0163a Cet\u0103\u0163ii din Alba Iulia. Spectacol de colinde \u015fi \u00eent\u00e2lnire cu Mi\u015f Cr\u0103ciun - Revista Urbea Mea - Revista de Alba<\/title>\n<meta name=\"description\" content=\"Mai este pu\u0163in p\u00e2n\u0103 la venirea lui Mo\u015f Cr\u0103ciun, dar cei care nu mai au r\u0103bdare p\u00e2n\u0103 atunci \u00eel vor putea vedea la\u00a0\u201eCr\u0103ciunul din 21\u201d, un eveniment\" \/>\n<meta name=\"robots\" content=\"index, follow, max-snippet:-1, max-image-preview:large, max-video-preview:-1\" \/>\n<link rel=\"canonical\" href=\"https:\/\/urbeamea.ro\/albaiulia\/video-craciunul-din-21-joi-piata-cetatii-din-alba-iulia-spectacol-de-colinde-si-intalnire-cu-mis-craciun\/\" \/>\n<meta name=\"twitter:card\" content=\"summary_large_image\" \/>\n<meta name=\"twitter:title\" content=\"(VIDEO) \u201eCr\u0103ciunul din 21\u201d, joi, \u00een Pia\u0163a Cet\u0103\u0163ii din Alba Iulia. Spectacol de colinde \u015fi \u00eent\u00e2lnire cu Mi\u015f Cr\u0103ciun - Revista Urbea Mea - Revista de Alba\" \/>\n<meta name=\"twitter:description\" content=\"Mai este pu\u0163in p\u00e2n\u0103 la venirea lui Mo\u015f Cr\u0103ciun, dar cei care nu mai au r\u0103bdare p\u00e2n\u0103 atunci \u00eel vor putea vedea la\u00a0\u201eCr\u0103ciunul din 21\u201d, un eveniment\" \/>\n<meta name=\"twitter:image\" content=\"https:\/\/urbeamea.ro\/albaiulia\/wp-content\/uploads\/2017\/12\/24312694_1612210352205083_6099238387946013726_n.jpg\" \/>\n<meta name=\"twitter:creator\" content=\"@urbeameaweb\" \/>\n<meta name=\"twitter:site\" content=\"@urbeameaweb\" \/>\n<script type=\"application\/ld+json\" class=\"yoast-schema-graph\">{\"@context\":\"https:\\\/\\\/schema.org\",\"@graph\":[{\"@type\":\"Article\",\"@id\":\"https:\\\/\\\/urbeamea.ro\\\/albaiulia\\\/video-craciunul-din-21-joi-piata-cetatii-din-alba-iulia-spectacol-de-colinde-si-intalnire-cu-mis-craciun\\\/#article\",\"isPartOf\":{\"@id\":\"https:\\\/\\\/urbeamea.ro\\\/albaiulia\\\/video-craciunul-din-21-joi-piata-cetatii-din-alba-iulia-spectacol-de-colinde-si-intalnire-cu-mis-craciun\\\/\"},\"author\":{\"name\":\"Cristina Ganga\",\"@id\":\"https:\\\/\\\/urbeamea.ro\\\/albaiulia\\\/#\\\/schema\\\/person\\\/9700d21fae21c4f038b0b56f4506264a\"},\"headline\":\"(VIDEO) \u201eCr\u0103ciunul din 21\u201d, joi, \u00een Pia\u0163a Cet\u0103\u0163ii din Alba Iulia. Spectacol de colinde \u015fi \u00eent\u00e2lnire cu Mi\u015f Cr\u0103ciun\",\"datePublished\":\"2017-12-20T12:13:06+00:00\",\"mainEntityOfPage\":{\"@id\":\"https:\\\/\\\/urbeamea.ro\\\/albaiulia\\\/video-craciunul-din-21-joi-piata-cetatii-din-alba-iulia-spectacol-de-colinde-si-intalnire-cu-mis-craciun\\\/\"},\"wordCount\":243,\"commentCount\":0,\"image\":{\"@id\":\"https:\\\/\\\/urbeamea.ro\\\/albaiulia\\\/video-craciunul-din-21-joi-piata-cetatii-din-alba-iulia-spectacol-de-colinde-si-intalnire-cu-mis-craciun\\\/#primaryimage\"},\"thumbnailUrl\":\"https:\\\/\\\/urbeamea.ro\\\/albaiulia\\\/wp-content\\\/uploads\\\/2017\\\/12\\\/24312694_1612210352205083_6099238387946013726_n.jpg\",\"keywords\":[\"Alba Iulia\",\"cadouri\",\"craciunu din 21\",\"Denisa Moga &amp; Band\",\"ionut fulea\",\"mos craciun\",\"spectacol de colinde\",\"stiri\",\"the puzzles\",\"Urbea Mea\"],\"articleSection\":[\"Evenimente\"],\"inLanguage\":\"ro-RO\",\"potentialAction\":[{\"@type\":\"CommentAction\",\"name\":\"Comment\",\"target\":[\"https:\\\/\\\/urbeamea.ro\\\/albaiulia\\\/video-craciunul-din-21-joi-piata-cetatii-din-alba-iulia-spectacol-de-colinde-si-intalnire-cu-mis-craciun\\\/#respond\"]}]},{\"@type\":\"WebPage\",\"@id\":\"https:\\\/\\\/urbeamea.ro\\\/albaiulia\\\/video-craciunul-din-21-joi-piata-cetatii-din-alba-iulia-spectacol-de-colinde-si-intalnire-cu-mis-craciun\\\/\",\"url\":\"https:\\\/\\\/urbeamea.ro\\\/albaiulia\\\/video-craciunul-din-21-joi-piata-cetatii-din-alba-iulia-spectacol-de-colinde-si-intalnire-cu-mis-craciun\\\/\",\"name\":\"(VIDEO) \u201eCr\u0103ciunul din 21\u201d, joi, \u00een Pia\u0163a Cet\u0103\u0163ii din Alba Iulia. Spectacol de colinde \u015fi \u00eent\u00e2lnire cu Mi\u015f Cr\u0103ciun - Revista Urbea Mea - Revista de Alba\",\"isPartOf\":{\"@id\":\"https:\\\/\\\/urbeamea.ro\\\/albaiulia\\\/#website\"},\"primaryImageOfPage\":{\"@id\":\"https:\\\/\\\/urbeamea.ro\\\/albaiulia\\\/video-craciunul-din-21-joi-piata-cetatii-din-alba-iulia-spectacol-de-colinde-si-intalnire-cu-mis-craciun\\\/#primaryimage\"},\"image\":{\"@id\":\"https:\\\/\\\/urbeamea.ro\\\/albaiulia\\\/video-craciunul-din-21-joi-piata-cetatii-din-alba-iulia-spectacol-de-colinde-si-intalnire-cu-mis-craciun\\\/#primaryimage\"},\"thumbnailUrl\":\"https:\\\/\\\/urbeamea.ro\\\/albaiulia\\\/wp-content\\\/uploads\\\/2017\\\/12\\\/24312694_1612210352205083_6099238387946013726_n.jpg\",\"datePublished\":\"2017-12-20T12:13:06+00:00\",\"author\":{\"@id\":\"https:\\\/\\\/urbeamea.ro\\\/albaiulia\\\/#\\\/schema\\\/person\\\/9700d21fae21c4f038b0b56f4506264a\"},\"description\":\"Mai este pu\u0163in p\u00e2n\u0103 la venirea lui Mo\u015f Cr\u0103ciun, dar cei care nu mai au r\u0103bdare p\u00e2n\u0103 atunci \u00eel vor putea vedea la\u00a0\u201eCr\u0103ciunul din 21\u201d, un eveniment\",\"breadcrumb\":{\"@id\":\"https:\\\/\\\/urbeamea.ro\\\/albaiulia\\\/video-craciunul-din-21-joi-piata-cetatii-din-alba-iulia-spectacol-de-colinde-si-intalnire-cu-mis-craciun\\\/#breadcrumb\"},\"inLanguage\":\"ro-RO\",\"potentialAction\":[{\"@type\":\"ReadAction\",\"target\":[\"https:\\\/\\\/urbeamea.ro\\\/albaiulia\\\/video-craciunul-din-21-joi-piata-cetatii-din-alba-iulia-spectacol-de-colinde-si-intalnire-cu-mis-craciun\\\/\"]}]},{\"@type\":\"ImageObject\",\"inLanguage\":\"ro-RO\",\"@id\":\"https:\\\/\\\/urbeamea.ro\\\/albaiulia\\\/video-craciunul-din-21-joi-piata-cetatii-din-alba-iulia-spectacol-de-colinde-si-intalnire-cu-mis-craciun\\\/#primaryimage\",\"url\":\"https:\\\/\\\/urbeamea.ro\\\/albaiulia\\\/wp-content\\\/uploads\\\/2017\\\/12\\\/24312694_1612210352205083_6099238387946013726_n.jpg\",\"contentUrl\":\"https:\\\/\\\/urbeamea.ro\\\/albaiulia\\\/wp-content\\\/uploads\\\/2017\\\/12\\\/24312694_1612210352205083_6099238387946013726_n.jpg\",\"width\":960,\"height\":640},{\"@type\":\"BreadcrumbList\",\"@id\":\"https:\\\/\\\/urbeamea.ro\\\/albaiulia\\\/video-craciunul-din-21-joi-piata-cetatii-din-alba-iulia-spectacol-de-colinde-si-intalnire-cu-mis-craciun\\\/#breadcrumb\",\"itemListElement\":[{\"@type\":\"ListItem\",\"position\":1,\"name\":\"Prima pagin\u0103\",\"item\":\"https:\\\/\\\/urbeamea.ro\\\/albaiulia\\\/\"},{\"@type\":\"ListItem\",\"position\":2,\"name\":\"(VIDEO) \u201eCr\u0103ciunul din 21\u201d, joi, \u00een Pia\u0163a Cet\u0103\u0163ii din Alba Iulia. Spectacol de colinde \u015fi \u00eent\u00e2lnire cu Mi\u015f Cr\u0103ciun\"}]},{\"@type\":\"WebSite\",\"@id\":\"https:\\\/\\\/urbeamea.ro\\\/albaiulia\\\/#website\",\"url\":\"https:\\\/\\\/urbeamea.ro\\\/albaiulia\\\/\",\"name\":\"Revista Urbea Mea, Stiri urbane\",\"description\":\"Evenimente \u0219i \u0219tiri din Alba Iulia, Sebe\u0219, Aiud, Blaj\",\"potentialAction\":[{\"@type\":\"SearchAction\",\"target\":{\"@type\":\"EntryPoint\",\"urlTemplate\":\"https:\\\/\\\/urbeamea.ro\\\/albaiulia\\\/?s={search_term_string}\"},\"query-input\":{\"@type\":\"PropertyValueSpecification\",\"valueRequired\":true,\"valueName\":\"search_term_string\"}}],\"inLanguage\":\"ro-RO\"},{\"@type\":\"Person\",\"@id\":\"https:\\\/\\\/urbeamea.ro\\\/albaiulia\\\/#\\\/schema\\\/person\\\/9700d21fae21c4f038b0b56f4506264a\",\"name\":\"Cristina Ganga\",\"image\":{\"@type\":\"ImageObject\",\"inLanguage\":\"ro-RO\",\"@id\":\"https:\\\/\\\/secure.gravatar.com\\\/avatar\\\/5a67661041f057b4a8ccaf26f5a8e86e2689372006d01faf3dd9eeb10b654bb4?s=96&d=mm&r=g\",\"url\":\"https:\\\/\\\/secure.gravatar.com\\\/avatar\\\/5a67661041f057b4a8ccaf26f5a8e86e2689372006d01faf3dd9eeb10b654bb4?s=96&d=mm&r=g\",\"contentUrl\":\"https:\\\/\\\/secure.gravatar.com\\\/avatar\\\/5a67661041f057b4a8ccaf26f5a8e86e2689372006d01faf3dd9eeb10b654bb4?s=96&d=mm&r=g\",\"caption\":\"Cristina Ganga\"},\"description\":\"Jurnalist\",\"sameAs\":[\"https:\\\/\\\/www.facebook.com\\\/cristina.nicola.587\"],\"url\":\"https:\\\/\\\/urbeamea.ro\\\/albaiulia\\\/author\\\/cristina-nicola\\\/\"}]}<\/script>\n<!-- \/ Yoast SEO plugin. -->","yoast_head_json":{"title":"(VIDEO) \u201eCr\u0103ciunul din 21\u201d, joi, \u00een Pia\u0163a Cet\u0103\u0163ii din Alba Iulia. Spectacol de colinde \u015fi \u00eent\u00e2lnire cu Mi\u015f Cr\u0103ciun - Revista Urbea Mea - Revista de Alba","description":"Mai este pu\u0163in p\u00e2n\u0103 la venirea lui Mo\u015f Cr\u0103ciun, dar cei care nu mai au r\u0103bdare p\u00e2n\u0103 atunci \u00eel vor putea vedea la\u00a0\u201eCr\u0103ciunul din 21\u201d, un eveniment","robots":{"index":"index","follow":"follow","max-snippet":"max-snippet:-1","max-image-preview":"max-image-preview:large","max-video-preview":"max-video-preview:-1"},"canonical":"https:\/\/urbeamea.ro\/albaiulia\/video-craciunul-din-21-joi-piata-cetatii-din-alba-iulia-spectacol-de-colinde-si-intalnire-cu-mis-craciun\/","twitter_card":"summary_large_image","twitter_title":"(VIDEO) \u201eCr\u0103ciunul din 21\u201d, joi, \u00een Pia\u0163a Cet\u0103\u0163ii din Alba Iulia. Spectacol de colinde \u015fi \u00eent\u00e2lnire cu Mi\u015f Cr\u0103ciun - Revista Urbea Mea - Revista de Alba","twitter_description":"Mai este pu\u0163in p\u00e2n\u0103 la venirea lui Mo\u015f Cr\u0103ciun, dar cei care nu mai au r\u0103bdare p\u00e2n\u0103 atunci \u00eel vor putea vedea la\u00a0\u201eCr\u0103ciunul din 21\u201d, un eveniment","twitter_image":"https:\/\/urbeamea.ro\/albaiulia\/wp-content\/uploads\/2017\/12\/24312694_1612210352205083_6099238387946013726_n.jpg","twitter_creator":"@urbeameaweb","twitter_site":"@urbeameaweb","schema":{"@context":"https:\/\/schema.org","@graph":[{"@type":"Article","@id":"https:\/\/urbeamea.ro\/albaiulia\/video-craciunul-din-21-joi-piata-cetatii-din-alba-iulia-spectacol-de-colinde-si-intalnire-cu-mis-craciun\/#article","isPartOf":{"@id":"https:\/\/urbeamea.ro\/albaiulia\/video-craciunul-din-21-joi-piata-cetatii-din-alba-iulia-spectacol-de-colinde-si-intalnire-cu-mis-craciun\/"},"author":{"name":"Cristina Ganga","@id":"https:\/\/urbeamea.ro\/albaiulia\/#\/schema\/person\/9700d21fae21c4f038b0b56f4506264a"},"headline":"(VIDEO) \u201eCr\u0103ciunul din 21\u201d, joi, \u00een Pia\u0163a Cet\u0103\u0163ii din Alba Iulia. Spectacol de colinde \u015fi \u00eent\u00e2lnire cu Mi\u015f Cr\u0103ciun","datePublished":"2017-12-20T12:13:06+00:00","mainEntityOfPage":{"@id":"https:\/\/urbeamea.ro\/albaiulia\/video-craciunul-din-21-joi-piata-cetatii-din-alba-iulia-spectacol-de-colinde-si-intalnire-cu-mis-craciun\/"},"wordCount":243,"commentCount":0,"image":{"@id":"https:\/\/urbeamea.ro\/albaiulia\/video-craciunul-din-21-joi-piata-cetatii-din-alba-iulia-spectacol-de-colinde-si-intalnire-cu-mis-craciun\/#primaryimage"},"thumbnailUrl":"https:\/\/urbeamea.ro\/albaiulia\/wp-content\/uploads\/2017\/12\/24312694_1612210352205083_6099238387946013726_n.jpg","keywords":["Alba Iulia","cadouri","craciunu din 21","Denisa Moga &amp; Band","ionut fulea","mos craciun","spectacol de colinde","stiri","the puzzles","Urbea Mea"],"articleSection":["Evenimente"],"inLanguage":"ro-RO","potentialAction":[{"@type":"CommentAction","name":"Comment","target":["https:\/\/urbeamea.ro\/albaiulia\/video-craciunul-din-21-joi-piata-cetatii-din-alba-iulia-spectacol-de-colinde-si-intalnire-cu-mis-craciun\/#respond"]}]},{"@type":"WebPage","@id":"https:\/\/urbeamea.ro\/albaiulia\/video-craciunul-din-21-joi-piata-cetatii-din-alba-iulia-spectacol-de-colinde-si-intalnire-cu-mis-craciun\/","url":"https:\/\/urbeamea.ro\/albaiulia\/video-craciunul-din-21-joi-piata-cetatii-din-alba-iulia-spectacol-de-colinde-si-intalnire-cu-mis-craciun\/","name":"(VIDEO) \u201eCr\u0103ciunul din 21\u201d, joi, \u00een Pia\u0163a Cet\u0103\u0163ii din Alba Iulia. Spectacol de colinde \u015fi \u00eent\u00e2lnire cu Mi\u015f Cr\u0103ciun - Revista Urbea Mea - Revista de Alba","isPartOf":{"@id":"https:\/\/urbeamea.ro\/albaiulia\/#website"},"primaryImageOfPage":{"@id":"https:\/\/urbeamea.ro\/albaiulia\/video-craciunul-din-21-joi-piata-cetatii-din-alba-iulia-spectacol-de-colinde-si-intalnire-cu-mis-craciun\/#primaryimage"},"image":{"@id":"https:\/\/urbeamea.ro\/albaiulia\/video-craciunul-din-21-joi-piata-cetatii-din-alba-iulia-spectacol-de-colinde-si-intalnire-cu-mis-craciun\/#primaryimage"},"thumbnailUrl":"https:\/\/urbeamea.ro\/albaiulia\/wp-content\/uploads\/2017\/12\/24312694_1612210352205083_6099238387946013726_n.jpg","datePublished":"2017-12-20T12:13:06+00:00","author":{"@id":"https:\/\/urbeamea.ro\/albaiulia\/#\/schema\/person\/9700d21fae21c4f038b0b56f4506264a"},"description":"Mai este pu\u0163in p\u00e2n\u0103 la venirea lui Mo\u015f Cr\u0103ciun, dar cei care nu mai au r\u0103bdare p\u00e2n\u0103 atunci \u00eel vor putea vedea la\u00a0\u201eCr\u0103ciunul din 21\u201d, un eveniment","breadcrumb":{"@id":"https:\/\/urbeamea.ro\/albaiulia\/video-craciunul-din-21-joi-piata-cetatii-din-alba-iulia-spectacol-de-colinde-si-intalnire-cu-mis-craciun\/#breadcrumb"},"inLanguage":"ro-RO","potentialAction":[{"@type":"ReadAction","target":["https:\/\/urbeamea.ro\/albaiulia\/video-craciunul-din-21-joi-piata-cetatii-din-alba-iulia-spectacol-de-colinde-si-intalnire-cu-mis-craciun\/"]}]},{"@type":"ImageObject","inLanguage":"ro-RO","@id":"https:\/\/urbeamea.ro\/albaiulia\/video-craciunul-din-21-joi-piata-cetatii-din-alba-iulia-spectacol-de-colinde-si-intalnire-cu-mis-craciun\/#primaryimage","url":"https:\/\/urbeamea.ro\/albaiulia\/wp-content\/uploads\/2017\/12\/24312694_1612210352205083_6099238387946013726_n.jpg","contentUrl":"https:\/\/urbeamea.ro\/albaiulia\/wp-content\/uploads\/2017\/12\/24312694_1612210352205083_6099238387946013726_n.jpg","width":960,"height":640},{"@type":"BreadcrumbList","@id":"https:\/\/urbeamea.ro\/albaiulia\/video-craciunul-din-21-joi-piata-cetatii-din-alba-iulia-spectacol-de-colinde-si-intalnire-cu-mis-craciun\/#breadcrumb","itemListElement":[{"@type":"ListItem","position":1,"name":"Prima pagin\u0103","item":"https:\/\/urbeamea.ro\/albaiulia\/"},{"@type":"ListItem","position":2,"name":"(VIDEO) \u201eCr\u0103ciunul din 21\u201d, joi, \u00een Pia\u0163a Cet\u0103\u0163ii din Alba Iulia. Spectacol de colinde \u015fi \u00eent\u00e2lnire cu Mi\u015f Cr\u0103ciun"}]},{"@type":"WebSite","@id":"https:\/\/urbeamea.ro\/albaiulia\/#website","url":"https:\/\/urbeamea.ro\/albaiulia\/","name":"Revista Urbea Mea, Stiri urbane","description":"Evenimente \u0219i \u0219tiri din Alba Iulia, Sebe\u0219, Aiud, Blaj","potentialAction":[{"@type":"SearchAction","target":{"@type":"EntryPoint","urlTemplate":"https:\/\/urbeamea.ro\/albaiulia\/?s={search_term_string}"},"query-input":{"@type":"PropertyValueSpecification","valueRequired":true,"valueName":"search_term_string"}}],"inLanguage":"ro-RO"},{"@type":"Person","@id":"https:\/\/urbeamea.ro\/albaiulia\/#\/schema\/person\/9700d21fae21c4f038b0b56f4506264a","name":"Cristina Ganga","image":{"@type":"ImageObject","inLanguage":"ro-RO","@id":"https:\/\/secure.gravatar.com\/avatar\/5a67661041f057b4a8ccaf26f5a8e86e2689372006d01faf3dd9eeb10b654bb4?s=96&d=mm&r=g","url":"https:\/\/secure.gravatar.com\/avatar\/5a67661041f057b4a8ccaf26f5a8e86e2689372006d01faf3dd9eeb10b654bb4?s=96&d=mm&r=g","contentUrl":"https:\/\/secure.gravatar.com\/avatar\/5a67661041f057b4a8ccaf26f5a8e86e2689372006d01faf3dd9eeb10b654bb4?s=96&d=mm&r=g","caption":"Cristina Ganga"},"description":"Jurnalist","sameAs":["https:\/\/www.facebook.com\/cristina.nicola.587"],"url":"https:\/\/urbeamea.ro\/albaiulia\/author\/cristina-nicola\/"}]}},"_links":{"self":[{"href":"https:\/\/urbeamea.ro\/albaiulia\/wp-json\/wp\/v2\/posts\/58473","targetHints":{"allow":["GET"]}}],"collection":[{"href":"https:\/\/urbeamea.ro\/albaiulia\/wp-json\/wp\/v2\/posts"}],"about":[{"href":"https:\/\/urbeamea.ro\/albaiulia\/wp-json\/wp\/v2\/types\/post"}],"author":[{"embeddable":true,"href":"https:\/\/urbeamea.ro\/albaiulia\/wp-json\/wp\/v2\/users\/17"}],"replies":[{"embeddable":true,"href":"https:\/\/urbeamea.ro\/albaiulia\/wp-json\/wp\/v2\/comments?post=58473"}],"version-history":[{"count":0,"href":"https:\/\/urbeamea.ro\/albaiulia\/wp-json\/wp\/v2\/posts\/58473\/revisions"}],"wp:featuredmedia":[{"embeddable":true,"href":"https:\/\/urbeamea.ro\/albaiulia\/wp-json\/wp\/v2\/media\/57458"}],"wp:attachment":[{"href":"https:\/\/urbeamea.ro\/albaiulia\/wp-json\/wp\/v2\/media?parent=58473"}],"wp:term":[{"taxonomy":"category","embeddable":true,"href":"https:\/\/urbeamea.ro\/albaiulia\/wp-json\/wp\/v2\/categories?post=58473"},{"taxonomy":"post_tag","embeddable":true,"href":"https:\/\/urbeamea.ro\/albaiulia\/wp-json\/wp\/v2\/tags?post=58473"}],"curies":[{"name":"wp","href":"https:\/\/api.w.org\/{rel}","templated":true}]}}