{"id":58475,"date":"2017-12-20T14:34:16","date_gmt":"2017-12-20T12:34:16","guid":{"rendered":"https:\/\/urbeamea.ro\/albaiulia\/?p=58475"},"modified":"2017-12-20T20:56:13","modified_gmt":"2017-12-20T18:56:13","slug":"foto-video-andreea-bogdan-o-talentata-jurnalista-din-alba-denumita-eroinazilei-la-o-rubrica-dintr-o-emisiune-a-unei-televiziuni-nationale","status":"publish","type":"post","link":"https:\/\/urbeamea.ro\/albaiulia\/foto-video-andreea-bogdan-o-talentata-jurnalista-din-alba-denumita-eroinazilei-la-o-rubrica-dintr-o-emisiune-a-unei-televiziuni-nationale\/","title":{"rendered":"FOTO-VIDEO: Andreea Bogdan, o talentat\u0103 jurnalist\u0103 din Alba, denumit\u0103 \u201d#EROINAZILEI\u201d la o rubric\u0103 dintr-o emisiune a unei televiziuni na\u021bionale"},"content":{"rendered":"<p><strong>Andreea Bogdan, o frumoas\u0103 \u015fi talentat\u0103 jurnalist\u0103 din Alba a fost denumit\u0103, \u201d#EROINAZILEI\u201d la o rubric\u0103 a unei emisiunei a postului de televiziune Antena 3. Asta, datorit\u0103 faptului c\u0103 albaiulianca promoveaz\u0103 obiective \u0219i lucruri frumoase din jude\u021b. <\/strong><\/p>\n<p><strong>\u00cen prezent, Andreea Bogdan lucreaz\u0103 pentru site-ul jude\u021bean ab.ro \u0219i la Radio Rom\u00e2nia Actualit\u0103\u021bi. Ea a colaborat la posturile locale de televiziune, Alba TV \u0219i Kapital TV \u015fi a putut fi v\u0103zut\u0103 prezent\u00e2nd evenimente publice \u0219i private.<\/strong><\/p>\n<p>Dup\u0103 difuzarea emisiunii, Andreea a postat pe pagina sa de Facebook un mesaj de mul\u0163umire \u015fi despre ceea ce simte:<\/p>\n<p><em>\u201dNu m\u0103 a\u015fteptam s\u0103 v\u0103d poze cu mine pe ecran \u015fi mai ales s\u0103 primesc o asemenea titulatur\u0103, nu \u015ftiam exact despre ce o s\u0103 vorbim, dar sper c\u0103 m-am descurcat. Nu sunt o eroin\u0103, dar sunt un om fericit pentru c\u0103 mi-am ales o meserie prin prisma c\u0103reia am norocul s\u0103 cunosc oameni at\u00e2t de minuna\u021bi \u015fi s\u0103 vorbesc despre lucrurile frumoase care m\u0103 \u00eenconjoar\u0103. Mul\u0163umesc!\u201d,<\/em> a scris Andreea.<\/p>\n<p>Mar\u0163i sear\u0103, aceasta a postat un mesaj prin care a vorbit despre apari\u0163ia sa \u00een cadrul emisiunii:<\/p>\n<p><em>\u201dM\u00e2ine \u00een jurul orei 11:15 voi fi \u00een direct la Antena3. Cei de acolo spun c\u0103 le place felul \u00een care \u00eencerc s\u0103 promovez lucrurile frumoase din jude\u0163ul Alba, astfel c\u0103 mi-au propus s\u0103 apar \u00een cadrul emisiunii \u201cPreviziuni\u201d la rubrica \u201cEroul zilei\u201d. Sunt deosebit de onorat\u0103, flatat\u0103 \u015fi am emo\u021bii de la cer p\u00e2n\u0103 la p\u0103m\u00e2nt. Norocul meu este \u00eens\u0103 faptul ca av\u00e2nd un program at\u00e2t de aglomerat, nu voi avea timp s\u0103 m\u0103 g\u00e2ndesc la emo\u021bii. :)) Dar am sigur nevoie de sus\u021binerea voastr\u0103, s\u0103-mi \u021bine\u021bi pumnii \u015fi s\u0103 urm\u0103ri\u021bi! Abia a\u015ftept s\u0103 vorbesc despre lucrurile minunate pe care le avem aici \u015fi mai ales despre oamenii minuna\u021bi din jude\u0163ul nostru! Mul\u0163umesc pentru \u0219ans\u0103 Antena3, Mul\u0163umesc Oana Portase\u201d,<\/em> a mai scris Andreea Bogdan.<br \/>\n<iframe loading=\"lazy\" style=\"border: none; overflow: hidden;\" src=\"https:\/\/www.facebook.com\/plugins\/video.php?href=https%3A%2F%2Fwww.facebook.com%2Feroulzilei%2Fvideos%2F10155322815972775%2F&amp;show_text=0&amp;width=560\" width=\"560\" height=\"315\" frameborder=\"0\" scrolling=\"no\" allowfullscreen=\"allowfullscreen\"><\/iframe><\/p>\n<p><img loading=\"lazy\" decoding=\"async\" class=\"alignnone size-medium wp-image-58477\" src=\"https:\/\/urbeamea.ro\/albaiulia\/wp-content\/uploads\/2017\/12\/andreea-640x480.jpg\" alt=\"\" width=\"640\" height=\"480\" srcset=\"https:\/\/urbeamea.ro\/albaiulia\/wp-content\/uploads\/2017\/12\/andreea-640x480.jpg 640w, https:\/\/urbeamea.ro\/albaiulia\/wp-content\/uploads\/2017\/12\/andreea-150x113.jpg 150w, https:\/\/urbeamea.ro\/albaiulia\/wp-content\/uploads\/2017\/12\/andreea-768x576.jpg 768w, https:\/\/urbeamea.ro\/albaiulia\/wp-content\/uploads\/2017\/12\/andreea.jpg 960w\" sizes=\"auto, (max-width: 640px) 100vw, 640px\" \/><\/p>\n","protected":false},"excerpt":{"rendered":"<p>Andreea Bogdan, o frumoas\u0103 \u015fi talentat\u0103 jurnalist\u0103 din Alba a fost denumit\u0103, \u201d#EROINAZILEI\u201d la o rubric\u0103 a unei emisiunei a postului de televiziune Antena 3. Asta, datorit\u0103 faptului c\u0103 albaiulianca promoveaz\u0103 obiective \u0219i lucruri frumoase din jude\u021b. \u00cen prezent, Andreea Bogdan lucreaz\u0103 pentru site-ul jude\u021bean ab.ro \u0219i la Radio Rom\u00e2nia Actualit\u0103\u021bi. Ea a colaborat la &hellip;<\/p>\n","protected":false},"author":17,"featured_media":58476,"comment_status":"open","ping_status":"open","sticky":false,"template":"","format":"standard","meta":{"inline_featured_image":false,"footnotes":""},"categories":[2036],"tags":[31,4665,6552,13525,13524,308,13526,76],"class_list":["post-58475","post","type-post","status-publish","format-standard","has-post-thumbnail","hentry","category-monden","tag-alba-iulia","tag-andreea-bogdan","tag-emisiune","tag-eroina-zilei","tag-jurnalista","tag-stiri","tag-televiziune-nationala","tag-urbea-mea"],"yoast_head":"<!-- This site is optimized with the Yoast SEO plugin v27.4 - https:\/\/yoast.com\/product\/yoast-seo-wordpress\/ -->\n<title>FOTO-VIDEO: Andreea Bogdan, o talentat\u0103 jurnalist\u0103 din Alba, denumit\u0103 \u201d#EROINAZILEI\u201d la o rubric\u0103 dintr-o emisiune a unei televiziuni na\u021bionale - Revista Urbea Mea - Revista de Alba<\/title>\n<meta name=\"description\" content=\"Andreea Bogdan, o frumoas\u0103 \u015fi talentat\u0103 jurnalist\u0103 din Alba a fost denumit\u0103, \u201d#EROINAZILEI\u201d la o rubric\u0103 a unei emisiunei a postului de televiziune Antena\" \/>\n<meta name=\"robots\" content=\"index, follow, max-snippet:-1, max-image-preview:large, max-video-preview:-1\" \/>\n<link rel=\"canonical\" href=\"https:\/\/urbeamea.ro\/albaiulia\/foto-video-andreea-bogdan-o-talentata-jurnalista-din-alba-denumita-eroinazilei-la-o-rubrica-dintr-o-emisiune-a-unei-televiziuni-nationale\/\" \/>\n<meta name=\"twitter:card\" content=\"summary_large_image\" \/>\n<meta name=\"twitter:title\" content=\"FOTO-VIDEO: Andreea Bogdan, o talentat\u0103 jurnalist\u0103 din Alba, denumit\u0103 \u201d#EROINAZILEI\u201d la o rubric\u0103 dintr-o emisiune a unei televiziuni na\u021bionale - Revista Urbea Mea - Revista de Alba\" \/>\n<meta name=\"twitter:description\" content=\"Andreea Bogdan, o frumoas\u0103 \u015fi talentat\u0103 jurnalist\u0103 din Alba a fost denumit\u0103, \u201d#EROINAZILEI\u201d la o rubric\u0103 a unei emisiunei a postului de televiziune Antena\" \/>\n<meta name=\"twitter:image\" content=\"https:\/\/urbeamea.ro\/albaiulia\/wp-content\/uploads\/2017\/12\/andreea-bogdan.jpg\" \/>\n<meta name=\"twitter:creator\" content=\"@urbeameaweb\" \/>\n<meta name=\"twitter:site\" content=\"@urbeameaweb\" \/>\n<script type=\"application\/ld+json\" class=\"yoast-schema-graph\">{\"@context\":\"https:\\\/\\\/schema.org\",\"@graph\":[{\"@type\":\"Article\",\"@id\":\"https:\\\/\\\/urbeamea.ro\\\/albaiulia\\\/foto-video-andreea-bogdan-o-talentata-jurnalista-din-alba-denumita-eroinazilei-la-o-rubrica-dintr-o-emisiune-a-unei-televiziuni-nationale\\\/#article\",\"isPartOf\":{\"@id\":\"https:\\\/\\\/urbeamea.ro\\\/albaiulia\\\/foto-video-andreea-bogdan-o-talentata-jurnalista-din-alba-denumita-eroinazilei-la-o-rubrica-dintr-o-emisiune-a-unei-televiziuni-nationale\\\/\"},\"author\":{\"name\":\"Cristina Ganga\",\"@id\":\"https:\\\/\\\/urbeamea.ro\\\/albaiulia\\\/#\\\/schema\\\/person\\\/9700d21fae21c4f038b0b56f4506264a\"},\"headline\":\"FOTO-VIDEO: Andreea Bogdan, o talentat\u0103 jurnalist\u0103 din Alba, denumit\u0103 \u201d#EROINAZILEI\u201d la o rubric\u0103 dintr-o emisiune a unei televiziuni na\u021bionale\",\"datePublished\":\"2017-12-20T12:34:16+00:00\",\"dateModified\":\"2017-12-20T18:56:13+00:00\",\"mainEntityOfPage\":{\"@id\":\"https:\\\/\\\/urbeamea.ro\\\/albaiulia\\\/foto-video-andreea-bogdan-o-talentata-jurnalista-din-alba-denumita-eroinazilei-la-o-rubrica-dintr-o-emisiune-a-unei-televiziuni-nationale\\\/\"},\"wordCount\":358,\"commentCount\":0,\"image\":{\"@id\":\"https:\\\/\\\/urbeamea.ro\\\/albaiulia\\\/foto-video-andreea-bogdan-o-talentata-jurnalista-din-alba-denumita-eroinazilei-la-o-rubrica-dintr-o-emisiune-a-unei-televiziuni-nationale\\\/#primaryimage\"},\"thumbnailUrl\":\"https:\\\/\\\/urbeamea.ro\\\/albaiulia\\\/wp-content\\\/uploads\\\/2017\\\/12\\\/andreea-bogdan.jpg\",\"keywords\":[\"Alba Iulia\",\"andreea bogdan\",\"emisiune\",\"eroina zilei\",\"jurnalista\",\"stiri\",\"televiziune nationala\",\"Urbea Mea\"],\"articleSection\":[\"Monden\"],\"inLanguage\":\"ro-RO\",\"potentialAction\":[{\"@type\":\"CommentAction\",\"name\":\"Comment\",\"target\":[\"https:\\\/\\\/urbeamea.ro\\\/albaiulia\\\/foto-video-andreea-bogdan-o-talentata-jurnalista-din-alba-denumita-eroinazilei-la-o-rubrica-dintr-o-emisiune-a-unei-televiziuni-nationale\\\/#respond\"]}]},{\"@type\":\"WebPage\",\"@id\":\"https:\\\/\\\/urbeamea.ro\\\/albaiulia\\\/foto-video-andreea-bogdan-o-talentata-jurnalista-din-alba-denumita-eroinazilei-la-o-rubrica-dintr-o-emisiune-a-unei-televiziuni-nationale\\\/\",\"url\":\"https:\\\/\\\/urbeamea.ro\\\/albaiulia\\\/foto-video-andreea-bogdan-o-talentata-jurnalista-din-alba-denumita-eroinazilei-la-o-rubrica-dintr-o-emisiune-a-unei-televiziuni-nationale\\\/\",\"name\":\"FOTO-VIDEO: Andreea Bogdan, o talentat\u0103 jurnalist\u0103 din Alba, denumit\u0103 \u201d#EROINAZILEI\u201d la o rubric\u0103 dintr-o emisiune a unei televiziuni na\u021bionale - Revista Urbea Mea - Revista de Alba\",\"isPartOf\":{\"@id\":\"https:\\\/\\\/urbeamea.ro\\\/albaiulia\\\/#website\"},\"primaryImageOfPage\":{\"@id\":\"https:\\\/\\\/urbeamea.ro\\\/albaiulia\\\/foto-video-andreea-bogdan-o-talentata-jurnalista-din-alba-denumita-eroinazilei-la-o-rubrica-dintr-o-emisiune-a-unei-televiziuni-nationale\\\/#primaryimage\"},\"image\":{\"@id\":\"https:\\\/\\\/urbeamea.ro\\\/albaiulia\\\/foto-video-andreea-bogdan-o-talentata-jurnalista-din-alba-denumita-eroinazilei-la-o-rubrica-dintr-o-emisiune-a-unei-televiziuni-nationale\\\/#primaryimage\"},\"thumbnailUrl\":\"https:\\\/\\\/urbeamea.ro\\\/albaiulia\\\/wp-content\\\/uploads\\\/2017\\\/12\\\/andreea-bogdan.jpg\",\"datePublished\":\"2017-12-20T12:34:16+00:00\",\"dateModified\":\"2017-12-20T18:56:13+00:00\",\"author\":{\"@id\":\"https:\\\/\\\/urbeamea.ro\\\/albaiulia\\\/#\\\/schema\\\/person\\\/9700d21fae21c4f038b0b56f4506264a\"},\"description\":\"Andreea Bogdan, o frumoas\u0103 \u015fi talentat\u0103 jurnalist\u0103 din Alba a fost denumit\u0103, \u201d#EROINAZILEI\u201d la o rubric\u0103 a unei emisiunei a postului de televiziune Antena\",\"breadcrumb\":{\"@id\":\"https:\\\/\\\/urbeamea.ro\\\/albaiulia\\\/foto-video-andreea-bogdan-o-talentata-jurnalista-din-alba-denumita-eroinazilei-la-o-rubrica-dintr-o-emisiune-a-unei-televiziuni-nationale\\\/#breadcrumb\"},\"inLanguage\":\"ro-RO\",\"potentialAction\":[{\"@type\":\"ReadAction\",\"target\":[\"https:\\\/\\\/urbeamea.ro\\\/albaiulia\\\/foto-video-andreea-bogdan-o-talentata-jurnalista-din-alba-denumita-eroinazilei-la-o-rubrica-dintr-o-emisiune-a-unei-televiziuni-nationale\\\/\"]}]},{\"@type\":\"ImageObject\",\"inLanguage\":\"ro-RO\",\"@id\":\"https:\\\/\\\/urbeamea.ro\\\/albaiulia\\\/foto-video-andreea-bogdan-o-talentata-jurnalista-din-alba-denumita-eroinazilei-la-o-rubrica-dintr-o-emisiune-a-unei-televiziuni-nationale\\\/#primaryimage\",\"url\":\"https:\\\/\\\/urbeamea.ro\\\/albaiulia\\\/wp-content\\\/uploads\\\/2017\\\/12\\\/andreea-bogdan.jpg\",\"contentUrl\":\"https:\\\/\\\/urbeamea.ro\\\/albaiulia\\\/wp-content\\\/uploads\\\/2017\\\/12\\\/andreea-bogdan.jpg\",\"width\":960,\"height\":720},{\"@type\":\"BreadcrumbList\",\"@id\":\"https:\\\/\\\/urbeamea.ro\\\/albaiulia\\\/foto-video-andreea-bogdan-o-talentata-jurnalista-din-alba-denumita-eroinazilei-la-o-rubrica-dintr-o-emisiune-a-unei-televiziuni-nationale\\\/#breadcrumb\",\"itemListElement\":[{\"@type\":\"ListItem\",\"position\":1,\"name\":\"Prima pagin\u0103\",\"item\":\"https:\\\/\\\/urbeamea.ro\\\/albaiulia\\\/\"},{\"@type\":\"ListItem\",\"position\":2,\"name\":\"FOTO-VIDEO: Andreea Bogdan, o talentat\u0103 jurnalist\u0103 din Alba, denumit\u0103 \u201d#EROINAZILEI\u201d la o rubric\u0103 dintr-o emisiune a unei televiziuni na\u021bionale\"}]},{\"@type\":\"WebSite\",\"@id\":\"https:\\\/\\\/urbeamea.ro\\\/albaiulia\\\/#website\",\"url\":\"https:\\\/\\\/urbeamea.ro\\\/albaiulia\\\/\",\"name\":\"Revista Urbea Mea, Stiri urbane\",\"description\":\"Evenimente \u0219i \u0219tiri din Alba Iulia, Sebe\u0219, Aiud, Blaj\",\"potentialAction\":[{\"@type\":\"SearchAction\",\"target\":{\"@type\":\"EntryPoint\",\"urlTemplate\":\"https:\\\/\\\/urbeamea.ro\\\/albaiulia\\\/?s={search_term_string}\"},\"query-input\":{\"@type\":\"PropertyValueSpecification\",\"valueRequired\":true,\"valueName\":\"search_term_string\"}}],\"inLanguage\":\"ro-RO\"},{\"@type\":\"Person\",\"@id\":\"https:\\\/\\\/urbeamea.ro\\\/albaiulia\\\/#\\\/schema\\\/person\\\/9700d21fae21c4f038b0b56f4506264a\",\"name\":\"Cristina Ganga\",\"image\":{\"@type\":\"ImageObject\",\"inLanguage\":\"ro-RO\",\"@id\":\"https:\\\/\\\/secure.gravatar.com\\\/avatar\\\/5a67661041f057b4a8ccaf26f5a8e86e2689372006d01faf3dd9eeb10b654bb4?s=96&d=mm&r=g\",\"url\":\"https:\\\/\\\/secure.gravatar.com\\\/avatar\\\/5a67661041f057b4a8ccaf26f5a8e86e2689372006d01faf3dd9eeb10b654bb4?s=96&d=mm&r=g\",\"contentUrl\":\"https:\\\/\\\/secure.gravatar.com\\\/avatar\\\/5a67661041f057b4a8ccaf26f5a8e86e2689372006d01faf3dd9eeb10b654bb4?s=96&d=mm&r=g\",\"caption\":\"Cristina Ganga\"},\"description\":\"Jurnalist\",\"sameAs\":[\"https:\\\/\\\/www.facebook.com\\\/cristina.nicola.587\"],\"url\":\"https:\\\/\\\/urbeamea.ro\\\/albaiulia\\\/author\\\/cristina-nicola\\\/\"}]}<\/script>\n<!-- \/ Yoast SEO plugin. -->","yoast_head_json":{"title":"FOTO-VIDEO: Andreea Bogdan, o talentat\u0103 jurnalist\u0103 din Alba, denumit\u0103 \u201d#EROINAZILEI\u201d la o rubric\u0103 dintr-o emisiune a unei televiziuni na\u021bionale - Revista Urbea Mea - Revista de Alba","description":"Andreea Bogdan, o frumoas\u0103 \u015fi talentat\u0103 jurnalist\u0103 din Alba a fost denumit\u0103, \u201d#EROINAZILEI\u201d la o rubric\u0103 a unei emisiunei a postului de televiziune Antena","robots":{"index":"index","follow":"follow","max-snippet":"max-snippet:-1","max-image-preview":"max-image-preview:large","max-video-preview":"max-video-preview:-1"},"canonical":"https:\/\/urbeamea.ro\/albaiulia\/foto-video-andreea-bogdan-o-talentata-jurnalista-din-alba-denumita-eroinazilei-la-o-rubrica-dintr-o-emisiune-a-unei-televiziuni-nationale\/","twitter_card":"summary_large_image","twitter_title":"FOTO-VIDEO: Andreea Bogdan, o talentat\u0103 jurnalist\u0103 din Alba, denumit\u0103 \u201d#EROINAZILEI\u201d la o rubric\u0103 dintr-o emisiune a unei televiziuni na\u021bionale - Revista Urbea Mea - Revista de Alba","twitter_description":"Andreea Bogdan, o frumoas\u0103 \u015fi talentat\u0103 jurnalist\u0103 din Alba a fost denumit\u0103, \u201d#EROINAZILEI\u201d la o rubric\u0103 a unei emisiunei a postului de televiziune Antena","twitter_image":"https:\/\/urbeamea.ro\/albaiulia\/wp-content\/uploads\/2017\/12\/andreea-bogdan.jpg","twitter_creator":"@urbeameaweb","twitter_site":"@urbeameaweb","schema":{"@context":"https:\/\/schema.org","@graph":[{"@type":"Article","@id":"https:\/\/urbeamea.ro\/albaiulia\/foto-video-andreea-bogdan-o-talentata-jurnalista-din-alba-denumita-eroinazilei-la-o-rubrica-dintr-o-emisiune-a-unei-televiziuni-nationale\/#article","isPartOf":{"@id":"https:\/\/urbeamea.ro\/albaiulia\/foto-video-andreea-bogdan-o-talentata-jurnalista-din-alba-denumita-eroinazilei-la-o-rubrica-dintr-o-emisiune-a-unei-televiziuni-nationale\/"},"author":{"name":"Cristina Ganga","@id":"https:\/\/urbeamea.ro\/albaiulia\/#\/schema\/person\/9700d21fae21c4f038b0b56f4506264a"},"headline":"FOTO-VIDEO: Andreea Bogdan, o talentat\u0103 jurnalist\u0103 din Alba, denumit\u0103 \u201d#EROINAZILEI\u201d la o rubric\u0103 dintr-o emisiune a unei televiziuni na\u021bionale","datePublished":"2017-12-20T12:34:16+00:00","dateModified":"2017-12-20T18:56:13+00:00","mainEntityOfPage":{"@id":"https:\/\/urbeamea.ro\/albaiulia\/foto-video-andreea-bogdan-o-talentata-jurnalista-din-alba-denumita-eroinazilei-la-o-rubrica-dintr-o-emisiune-a-unei-televiziuni-nationale\/"},"wordCount":358,"commentCount":0,"image":{"@id":"https:\/\/urbeamea.ro\/albaiulia\/foto-video-andreea-bogdan-o-talentata-jurnalista-din-alba-denumita-eroinazilei-la-o-rubrica-dintr-o-emisiune-a-unei-televiziuni-nationale\/#primaryimage"},"thumbnailUrl":"https:\/\/urbeamea.ro\/albaiulia\/wp-content\/uploads\/2017\/12\/andreea-bogdan.jpg","keywords":["Alba Iulia","andreea bogdan","emisiune","eroina zilei","jurnalista","stiri","televiziune nationala","Urbea Mea"],"articleSection":["Monden"],"inLanguage":"ro-RO","potentialAction":[{"@type":"CommentAction","name":"Comment","target":["https:\/\/urbeamea.ro\/albaiulia\/foto-video-andreea-bogdan-o-talentata-jurnalista-din-alba-denumita-eroinazilei-la-o-rubrica-dintr-o-emisiune-a-unei-televiziuni-nationale\/#respond"]}]},{"@type":"WebPage","@id":"https:\/\/urbeamea.ro\/albaiulia\/foto-video-andreea-bogdan-o-talentata-jurnalista-din-alba-denumita-eroinazilei-la-o-rubrica-dintr-o-emisiune-a-unei-televiziuni-nationale\/","url":"https:\/\/urbeamea.ro\/albaiulia\/foto-video-andreea-bogdan-o-talentata-jurnalista-din-alba-denumita-eroinazilei-la-o-rubrica-dintr-o-emisiune-a-unei-televiziuni-nationale\/","name":"FOTO-VIDEO: Andreea Bogdan, o talentat\u0103 jurnalist\u0103 din Alba, denumit\u0103 \u201d#EROINAZILEI\u201d la o rubric\u0103 dintr-o emisiune a unei televiziuni na\u021bionale - Revista Urbea Mea - Revista de Alba","isPartOf":{"@id":"https:\/\/urbeamea.ro\/albaiulia\/#website"},"primaryImageOfPage":{"@id":"https:\/\/urbeamea.ro\/albaiulia\/foto-video-andreea-bogdan-o-talentata-jurnalista-din-alba-denumita-eroinazilei-la-o-rubrica-dintr-o-emisiune-a-unei-televiziuni-nationale\/#primaryimage"},"image":{"@id":"https:\/\/urbeamea.ro\/albaiulia\/foto-video-andreea-bogdan-o-talentata-jurnalista-din-alba-denumita-eroinazilei-la-o-rubrica-dintr-o-emisiune-a-unei-televiziuni-nationale\/#primaryimage"},"thumbnailUrl":"https:\/\/urbeamea.ro\/albaiulia\/wp-content\/uploads\/2017\/12\/andreea-bogdan.jpg","datePublished":"2017-12-20T12:34:16+00:00","dateModified":"2017-12-20T18:56:13+00:00","author":{"@id":"https:\/\/urbeamea.ro\/albaiulia\/#\/schema\/person\/9700d21fae21c4f038b0b56f4506264a"},"description":"Andreea Bogdan, o frumoas\u0103 \u015fi talentat\u0103 jurnalist\u0103 din Alba a fost denumit\u0103, \u201d#EROINAZILEI\u201d la o rubric\u0103 a unei emisiunei a postului de televiziune Antena","breadcrumb":{"@id":"https:\/\/urbeamea.ro\/albaiulia\/foto-video-andreea-bogdan-o-talentata-jurnalista-din-alba-denumita-eroinazilei-la-o-rubrica-dintr-o-emisiune-a-unei-televiziuni-nationale\/#breadcrumb"},"inLanguage":"ro-RO","potentialAction":[{"@type":"ReadAction","target":["https:\/\/urbeamea.ro\/albaiulia\/foto-video-andreea-bogdan-o-talentata-jurnalista-din-alba-denumita-eroinazilei-la-o-rubrica-dintr-o-emisiune-a-unei-televiziuni-nationale\/"]}]},{"@type":"ImageObject","inLanguage":"ro-RO","@id":"https:\/\/urbeamea.ro\/albaiulia\/foto-video-andreea-bogdan-o-talentata-jurnalista-din-alba-denumita-eroinazilei-la-o-rubrica-dintr-o-emisiune-a-unei-televiziuni-nationale\/#primaryimage","url":"https:\/\/urbeamea.ro\/albaiulia\/wp-content\/uploads\/2017\/12\/andreea-bogdan.jpg","contentUrl":"https:\/\/urbeamea.ro\/albaiulia\/wp-content\/uploads\/2017\/12\/andreea-bogdan.jpg","width":960,"height":720},{"@type":"BreadcrumbList","@id":"https:\/\/urbeamea.ro\/albaiulia\/foto-video-andreea-bogdan-o-talentata-jurnalista-din-alba-denumita-eroinazilei-la-o-rubrica-dintr-o-emisiune-a-unei-televiziuni-nationale\/#breadcrumb","itemListElement":[{"@type":"ListItem","position":1,"name":"Prima pagin\u0103","item":"https:\/\/urbeamea.ro\/albaiulia\/"},{"@type":"ListItem","position":2,"name":"FOTO-VIDEO: Andreea Bogdan, o talentat\u0103 jurnalist\u0103 din Alba, denumit\u0103 \u201d#EROINAZILEI\u201d la o rubric\u0103 dintr-o emisiune a unei televiziuni na\u021bionale"}]},{"@type":"WebSite","@id":"https:\/\/urbeamea.ro\/albaiulia\/#website","url":"https:\/\/urbeamea.ro\/albaiulia\/","name":"Revista Urbea Mea, Stiri urbane","description":"Evenimente \u0219i \u0219tiri din Alba Iulia, Sebe\u0219, Aiud, Blaj","potentialAction":[{"@type":"SearchAction","target":{"@type":"EntryPoint","urlTemplate":"https:\/\/urbeamea.ro\/albaiulia\/?s={search_term_string}"},"query-input":{"@type":"PropertyValueSpecification","valueRequired":true,"valueName":"search_term_string"}}],"inLanguage":"ro-RO"},{"@type":"Person","@id":"https:\/\/urbeamea.ro\/albaiulia\/#\/schema\/person\/9700d21fae21c4f038b0b56f4506264a","name":"Cristina Ganga","image":{"@type":"ImageObject","inLanguage":"ro-RO","@id":"https:\/\/secure.gravatar.com\/avatar\/5a67661041f057b4a8ccaf26f5a8e86e2689372006d01faf3dd9eeb10b654bb4?s=96&d=mm&r=g","url":"https:\/\/secure.gravatar.com\/avatar\/5a67661041f057b4a8ccaf26f5a8e86e2689372006d01faf3dd9eeb10b654bb4?s=96&d=mm&r=g","contentUrl":"https:\/\/secure.gravatar.com\/avatar\/5a67661041f057b4a8ccaf26f5a8e86e2689372006d01faf3dd9eeb10b654bb4?s=96&d=mm&r=g","caption":"Cristina Ganga"},"description":"Jurnalist","sameAs":["https:\/\/www.facebook.com\/cristina.nicola.587"],"url":"https:\/\/urbeamea.ro\/albaiulia\/author\/cristina-nicola\/"}]}},"_links":{"self":[{"href":"https:\/\/urbeamea.ro\/albaiulia\/wp-json\/wp\/v2\/posts\/58475","targetHints":{"allow":["GET"]}}],"collection":[{"href":"https:\/\/urbeamea.ro\/albaiulia\/wp-json\/wp\/v2\/posts"}],"about":[{"href":"https:\/\/urbeamea.ro\/albaiulia\/wp-json\/wp\/v2\/types\/post"}],"author":[{"embeddable":true,"href":"https:\/\/urbeamea.ro\/albaiulia\/wp-json\/wp\/v2\/users\/17"}],"replies":[{"embeddable":true,"href":"https:\/\/urbeamea.ro\/albaiulia\/wp-json\/wp\/v2\/comments?post=58475"}],"version-history":[{"count":0,"href":"https:\/\/urbeamea.ro\/albaiulia\/wp-json\/wp\/v2\/posts\/58475\/revisions"}],"wp:featuredmedia":[{"embeddable":true,"href":"https:\/\/urbeamea.ro\/albaiulia\/wp-json\/wp\/v2\/media\/58476"}],"wp:attachment":[{"href":"https:\/\/urbeamea.ro\/albaiulia\/wp-json\/wp\/v2\/media?parent=58475"}],"wp:term":[{"taxonomy":"category","embeddable":true,"href":"https:\/\/urbeamea.ro\/albaiulia\/wp-json\/wp\/v2\/categories?post=58475"},{"taxonomy":"post_tag","embeddable":true,"href":"https:\/\/urbeamea.ro\/albaiulia\/wp-json\/wp\/v2\/tags?post=58475"}],"curies":[{"name":"wp","href":"https:\/\/api.w.org\/{rel}","templated":true}]}}