{"id":58783,"date":"2017-12-27T11:23:29","date_gmt":"2017-12-27T09:23:29","guid":{"rendered":"https:\/\/urbeamea.ro\/albaiulia\/?p=58783"},"modified":"2017-12-27T11:23:29","modified_gmt":"2017-12-27T09:23:29","slug":"foto-video-mersul-cu-craii-obicei-de-craciun-posaga-de-jos-judetul-alba","status":"publish","type":"post","link":"https:\/\/urbeamea.ro\/albaiulia\/foto-video-mersul-cu-craii-obicei-de-craciun-posaga-de-jos-judetul-alba\/","title":{"rendered":"FOTO-VIDEO: &#8222;Mersul cu Craii&#8221;, obicei de Cr\u0103ciun \u00een Po\u015faga de Jos, jude\u0163ul Alba"},"content":{"rendered":"<p><strong>\u00cen satele din zona Mun\u0163ilor Apuseni a jude\u0163ului Alba unul dintre cele mai frumoase obiceiuri din ajunul Cr\u0103ciunului este \u201emersul cu Craii\u201c. \u00cen Po\u015faga de Jos, aceast\u0103 scenet\u0103 de teatru are \u015fase personaje: Irod, Preotul, \u00cengerul \u015fi cei trei crai &#8211; Ga\u015fpar, Melchior \u015fi Valtazar.<\/strong><\/p>\n<p>Personajele sunt \u00eentruchipate de tineri costuma\u0163i special. Ace\u015ftia lucreaz\u0103 la costume \u00een perioada postului astfel \u00eenc\u00e2t s\u0103 arate c\u00e2t mai bine pentru ajunul Cr\u0103ciunului. Irod este \u00eembr\u0103cat \u00eentr-un costum popular cu o coroan\u0103 pe cap \u015fi sabie, preotul \u00een haine specifice \u015fi poart\u0103 o cruce, \u00eengerul poart\u0103 costum popular \u015fi o cruce mare cu clopot, iar craii \u00een costume populare \u015fi ei cu coifuri pe cap \u015fi \u00eenarma\u0163i cu s\u0103bii. Sceneta judecat\u0103 de colind\u0103tori red\u0103 momentul \u00een care cei trei Crai de la R\u0103s\u0103rit ajung \u00een Palestina pentru a-l cinsti pe pruncul Iisus cu aur, smirn\u0103 \u015fi t\u0103m\u00e2ie. Craii sunt adu\u015fi la curtea regelui Irod care \u00eei \u00eent\u00e2mpin\u0103 cu r\u0103ceal\u0103.<\/p>\n<p>La \u00eentreb\u0103rile lui Irod, ace\u015ftia r\u0103spund c\u0103 au plecat, c\u0103l\u0103uzi\u0163i de o stea, s\u0103 \u00eel caute pe \u00eemp\u0103ratul care tocmai s-a n\u0103scut. Irod r\u0103spunde c\u0103 el este singurul \u00eemp\u0103rat.Colindul are \u015fi o parte \u00een care Irod \u015fi cei trei Crai se dueleaz\u0103 cu s\u0103biile, fiecare sus\u0163in\u00e2ndu-\u015fi pozi\u0163ia \u00een leg\u0103tur\u0103 cu adev\u0103ratul \u00eemp\u0103rat.<\/p>\n<p>\u00cen final, colind\u0103torii c\u00e2nt\u0103 \u00eempreun\u0103 \u015fi ureaz\u0103 s\u0103rb\u0103tori fericite gazdei. Sunt recompensa\u0163i, de obicei, cu o sum\u0103 de bani. Tinerii merg cu Craii toat\u0103 noaptea dintre Ajun \u015fi Cr\u0103ciun \u015fi parcurg distan\u0163e destul de mari pentru a colinda c\u00e2t mai multe case.<\/p>\n<p><iframe loading=\"lazy\" title=\"Mersul cu Craii, la Po\u015faga de Jos\" width=\"500\" height=\"281\" src=\"https:\/\/www.youtube.com\/embed\/7a04zfCM-fU?feature=oembed\" frameborder=\"0\" allow=\"accelerometer; autoplay; clipboard-write; encrypted-media; gyroscope; picture-in-picture; web-share\" referrerpolicy=\"strict-origin-when-cross-origin\" allowfullscreen><\/iframe><\/p>\n<div id='gallery-1' class='gallery galleryid-58783 gallery-columns-3 gallery-size-thumbnail'><figure class='gallery-item'>\n\t\t\t<div class='gallery-icon landscape'>\n\t\t\t\t<a href='https:\/\/urbeamea.ro\/albaiulia\/wp-content\/uploads\/2017\/12\/26103161_1578682215540688_1791290500_n.jpg'><img decoding=\"async\" width=\"150\" height=\"113\" src=\"data:image\/png;base64,iVBORw0KGgoAAAANSUhEUgAAAYYAAADcAQMAAABOLJSDAAAAA1BMVEUAAACnej3aAAAAAXRSTlMAQObYZgAAACJJREFUaIHtwTEBAAAAwqD1T20ND6AAAAAAAAAAAAAA4N8AKvgAAUFIrrEAAAAASUVORK5CYII=\" class=\"attachment-thumbnail size-thumbnail lazy-img\" alt=\"\" srcset=\"https:\/\/urbeamea.ro\/albaiulia\/wp-content\/uploads\/2017\/12\/26103161_1578682215540688_1791290500_n-150x113.jpg 150w, https:\/\/urbeamea.ro\/albaiulia\/wp-content\/uploads\/2017\/12\/26103161_1578682215540688_1791290500_n.jpg 480w\" sizes=\"auto, (max-width: 150px) 100vw, 150px\" data-src=\"https:\/\/urbeamea.ro\/albaiulia\/wp-content\/uploads\/2017\/12\/26103161_1578682215540688_1791290500_n-150x113.jpg\" loading=\"lazy\" \/><\/a>\n\t\t\t<\/div><\/figure><figure class='gallery-item'>\n\t\t\t<div class='gallery-icon landscape'>\n\t\t\t\t<a href='https:\/\/urbeamea.ro\/albaiulia\/wp-content\/uploads\/2017\/12\/26174918_1578682198874023_339108379_n.jpg'><img decoding=\"async\" width=\"150\" height=\"113\" src=\"data:image\/png;base64,iVBORw0KGgoAAAANSUhEUgAAAYYAAADcAQMAAABOLJSDAAAAA1BMVEUAAACnej3aAAAAAXRSTlMAQObYZgAAACJJREFUaIHtwTEBAAAAwqD1T20ND6AAAAAAAAAAAAAA4N8AKvgAAUFIrrEAAAAASUVORK5CYII=\" class=\"attachment-thumbnail size-thumbnail lazy-img\" alt=\"\" srcset=\"https:\/\/urbeamea.ro\/albaiulia\/wp-content\/uploads\/2017\/12\/26174918_1578682198874023_339108379_n-150x113.jpg 150w, https:\/\/urbeamea.ro\/albaiulia\/wp-content\/uploads\/2017\/12\/26174918_1578682198874023_339108379_n.jpg 480w\" sizes=\"auto, (max-width: 150px) 100vw, 150px\" data-src=\"https:\/\/urbeamea.ro\/albaiulia\/wp-content\/uploads\/2017\/12\/26174918_1578682198874023_339108379_n-150x113.jpg\" loading=\"lazy\" \/><\/a>\n\t\t\t<\/div><\/figure><figure class='gallery-item'>\n\t\t\t<div class='gallery-icon landscape'>\n\t\t\t\t<a href='https:\/\/urbeamea.ro\/albaiulia\/wp-content\/uploads\/2017\/12\/26175862_1578682225540687_160155327_n.jpg'><img decoding=\"async\" width=\"150\" height=\"113\" src=\"data:image\/png;base64,iVBORw0KGgoAAAANSUhEUgAAAYYAAADcAQMAAABOLJSDAAAAA1BMVEUAAACnej3aAAAAAXRSTlMAQObYZgAAACJJREFUaIHtwTEBAAAAwqD1T20ND6AAAAAAAAAAAAAA4N8AKvgAAUFIrrEAAAAASUVORK5CYII=\" class=\"attachment-thumbnail size-thumbnail lazy-img\" alt=\"\" srcset=\"https:\/\/urbeamea.ro\/albaiulia\/wp-content\/uploads\/2017\/12\/26175862_1578682225540687_160155327_n-150x113.jpg 150w, https:\/\/urbeamea.ro\/albaiulia\/wp-content\/uploads\/2017\/12\/26175862_1578682225540687_160155327_n.jpg 480w\" sizes=\"auto, (max-width: 150px) 100vw, 150px\" data-src=\"https:\/\/urbeamea.ro\/albaiulia\/wp-content\/uploads\/2017\/12\/26175862_1578682225540687_160155327_n-150x113.jpg\" loading=\"lazy\" \/><\/a>\n\t\t\t<\/div><\/figure><figure class='gallery-item'>\n\t\t\t<div class='gallery-icon landscape'>\n\t\t\t\t<a href='https:\/\/urbeamea.ro\/albaiulia\/wp-content\/uploads\/2017\/12\/26176069_1578682188874024_1729773567_n.jpg'><img decoding=\"async\" width=\"150\" height=\"113\" src=\"data:image\/png;base64,iVBORw0KGgoAAAANSUhEUgAAAYYAAADcAQMAAABOLJSDAAAAA1BMVEUAAACnej3aAAAAAXRSTlMAQObYZgAAACJJREFUaIHtwTEBAAAAwqD1T20ND6AAAAAAAAAAAAAA4N8AKvgAAUFIrrEAAAAASUVORK5CYII=\" class=\"attachment-thumbnail size-thumbnail lazy-img\" alt=\"\" srcset=\"https:\/\/urbeamea.ro\/albaiulia\/wp-content\/uploads\/2017\/12\/26176069_1578682188874024_1729773567_n-150x113.jpg 150w, https:\/\/urbeamea.ro\/albaiulia\/wp-content\/uploads\/2017\/12\/26176069_1578682188874024_1729773567_n.jpg 480w\" sizes=\"auto, (max-width: 150px) 100vw, 150px\" data-src=\"https:\/\/urbeamea.ro\/albaiulia\/wp-content\/uploads\/2017\/12\/26176069_1578682188874024_1729773567_n-150x113.jpg\" loading=\"lazy\" \/><\/a>\n\t\t\t<\/div><\/figure>\n\t\t<\/div>\n\n","protected":false},"excerpt":{"rendered":"<p>\u00cen satele din zona Mun\u0163ilor Apuseni a jude\u0163ului Alba unul dintre cele mai frumoase obiceiuri din ajunul Cr\u0103ciunului este \u201emersul cu Craii\u201c. \u00cen Po\u015faga de Jos, aceast\u0103 scenet\u0103 de teatru are \u015fase personaje: Irod, Preotul, \u00cengerul \u015fi cei trei crai &#8211; Ga\u015fpar, Melchior \u015fi Valtazar. Personajele sunt \u00eentruchipate de tineri costuma\u0163i special. Ace\u015ftia lucreaz\u0103 la &hellip;<\/p>\n","protected":false},"author":17,"featured_media":58784,"comment_status":"open","ping_status":"open","sticky":false,"template":"","format":"standard","meta":{"inline_featured_image":false,"footnotes":""},"categories":[1],"tags":[307,1581,13926,4987,1733,11761,13927,308,76],"class_list":["post-58783","post","type-post","status-publish","format-standard","has-post-thumbnail","hentry","category-stiri-urbane","tag-alba","tag-craciun","tag-mersul-cu-craii","tag-muntii-apuseni","tag-obiceiuri","tag-posaga-de-jos","tag-sceneta-de-teatru","tag-stiri","tag-urbea-mea"],"yoast_head":"<!-- This site is optimized with the Yoast SEO plugin v28.3 - https:\/\/yoast.com\/product\/yoast-seo-wordpress\/ -->\n<title>FOTO-VIDEO: &quot;Mersul cu Craii&quot;, obicei de Cr\u0103ciun \u00een Po\u015faga de Jos, jude\u0163ul Alba - Revista Urbea Mea - Revista de Alba<\/title>\n<meta name=\"description\" content=\"\u00cen satele din zona Mun\u0163ilor Apuseni a jude\u0163ului Alba unul dintre cele mai frumoase obiceiuri din ajunul Cr\u0103ciunului este \u201emersul cu Craii\u201c. \u00cen Po\u015faga de\" \/>\n<meta name=\"robots\" content=\"index, follow, max-snippet:-1, max-image-preview:large, max-video-preview:-1\" \/>\n<link rel=\"canonical\" href=\"https:\/\/urbeamea.ro\/albaiulia\/foto-video-mersul-cu-craii-obicei-de-craciun-posaga-de-jos-judetul-alba\/\" \/>\n<meta name=\"twitter:card\" content=\"summary_large_image\" \/>\n<meta name=\"twitter:title\" content=\"FOTO-VIDEO: &quot;Mersul cu Craii&quot;, obicei de Cr\u0103ciun \u00een Po\u015faga de Jos, jude\u0163ul Alba - Revista Urbea Mea - Revista de Alba\" \/>\n<meta name=\"twitter:description\" content=\"\u00cen satele din zona Mun\u0163ilor Apuseni a jude\u0163ului Alba unul dintre cele mai frumoase obiceiuri din ajunul Cr\u0103ciunului este \u201emersul cu Craii\u201c. \u00cen Po\u015faga de\" \/>\n<meta name=\"twitter:image\" content=\"https:\/\/urbeamea.ro\/albaiulia\/wp-content\/uploads\/2017\/12\/26103161_1578682215540688_1791290500_n.jpg\" \/>\n<meta name=\"twitter:creator\" content=\"@urbeameaweb\" \/>\n<meta name=\"twitter:site\" content=\"@urbeameaweb\" \/>\n<script type=\"application\/ld+json\" class=\"yoast-schema-graph\">{\"@context\":\"https:\\\/\\\/schema.org\",\"@graph\":[{\"@type\":\"Article\",\"@id\":\"https:\\\/\\\/urbeamea.ro\\\/albaiulia\\\/foto-video-mersul-cu-craii-obicei-de-craciun-posaga-de-jos-judetul-alba\\\/#article\",\"isPartOf\":{\"@id\":\"https:\\\/\\\/urbeamea.ro\\\/albaiulia\\\/foto-video-mersul-cu-craii-obicei-de-craciun-posaga-de-jos-judetul-alba\\\/\"},\"author\":{\"name\":\"Cristina Ganga\",\"@id\":\"https:\\\/\\\/urbeamea.ro\\\/albaiulia\\\/#\\\/schema\\\/person\\\/9700d21fae21c4f038b0b56f4506264a\"},\"headline\":\"FOTO-VIDEO: &#8222;Mersul cu Craii&#8221;, obicei de Cr\u0103ciun \u00een Po\u015faga de Jos, jude\u0163ul Alba\",\"datePublished\":\"2017-12-27T09:23:29+00:00\",\"mainEntityOfPage\":{\"@id\":\"https:\\\/\\\/urbeamea.ro\\\/albaiulia\\\/foto-video-mersul-cu-craii-obicei-de-craciun-posaga-de-jos-judetul-alba\\\/\"},\"wordCount\":322,\"commentCount\":0,\"image\":{\"@id\":\"https:\\\/\\\/urbeamea.ro\\\/albaiulia\\\/foto-video-mersul-cu-craii-obicei-de-craciun-posaga-de-jos-judetul-alba\\\/#primaryimage\"},\"thumbnailUrl\":\"https:\\\/\\\/urbeamea.ro\\\/albaiulia\\\/wp-content\\\/uploads\\\/2017\\\/12\\\/26103161_1578682215540688_1791290500_n.jpg\",\"keywords\":[\"alba\",\"craciun\",\"mersul cu craii\",\"muntii apuseni\",\"obiceiuri\",\"posaga de jos\",\"sceneta de teatru\",\"stiri\",\"Urbea Mea\"],\"articleSection\":[\"\u015etiri Urbane\"],\"inLanguage\":\"ro-RO\",\"potentialAction\":[{\"@type\":\"CommentAction\",\"name\":\"Comment\",\"target\":[\"https:\\\/\\\/urbeamea.ro\\\/albaiulia\\\/foto-video-mersul-cu-craii-obicei-de-craciun-posaga-de-jos-judetul-alba\\\/#respond\"]}]},{\"@type\":\"WebPage\",\"@id\":\"https:\\\/\\\/urbeamea.ro\\\/albaiulia\\\/foto-video-mersul-cu-craii-obicei-de-craciun-posaga-de-jos-judetul-alba\\\/\",\"url\":\"https:\\\/\\\/urbeamea.ro\\\/albaiulia\\\/foto-video-mersul-cu-craii-obicei-de-craciun-posaga-de-jos-judetul-alba\\\/\",\"name\":\"FOTO-VIDEO: \\\"Mersul cu Craii\\\", obicei de Cr\u0103ciun \u00een Po\u015faga de Jos, jude\u0163ul Alba - Revista Urbea Mea - Revista de Alba\",\"isPartOf\":{\"@id\":\"https:\\\/\\\/urbeamea.ro\\\/albaiulia\\\/#website\"},\"primaryImageOfPage\":{\"@id\":\"https:\\\/\\\/urbeamea.ro\\\/albaiulia\\\/foto-video-mersul-cu-craii-obicei-de-craciun-posaga-de-jos-judetul-alba\\\/#primaryimage\"},\"image\":{\"@id\":\"https:\\\/\\\/urbeamea.ro\\\/albaiulia\\\/foto-video-mersul-cu-craii-obicei-de-craciun-posaga-de-jos-judetul-alba\\\/#primaryimage\"},\"thumbnailUrl\":\"https:\\\/\\\/urbeamea.ro\\\/albaiulia\\\/wp-content\\\/uploads\\\/2017\\\/12\\\/26103161_1578682215540688_1791290500_n.jpg\",\"datePublished\":\"2017-12-27T09:23:29+00:00\",\"author\":{\"@id\":\"https:\\\/\\\/urbeamea.ro\\\/albaiulia\\\/#\\\/schema\\\/person\\\/9700d21fae21c4f038b0b56f4506264a\"},\"description\":\"\u00cen satele din zona Mun\u0163ilor Apuseni a jude\u0163ului Alba unul dintre cele mai frumoase obiceiuri din ajunul Cr\u0103ciunului este \u201emersul cu Craii\u201c. \u00cen Po\u015faga de\",\"breadcrumb\":{\"@id\":\"https:\\\/\\\/urbeamea.ro\\\/albaiulia\\\/foto-video-mersul-cu-craii-obicei-de-craciun-posaga-de-jos-judetul-alba\\\/#breadcrumb\"},\"inLanguage\":\"ro-RO\",\"potentialAction\":[{\"@type\":\"ReadAction\",\"target\":[\"https:\\\/\\\/urbeamea.ro\\\/albaiulia\\\/foto-video-mersul-cu-craii-obicei-de-craciun-posaga-de-jos-judetul-alba\\\/\"]}]},{\"@type\":\"ImageObject\",\"inLanguage\":\"ro-RO\",\"@id\":\"https:\\\/\\\/urbeamea.ro\\\/albaiulia\\\/foto-video-mersul-cu-craii-obicei-de-craciun-posaga-de-jos-judetul-alba\\\/#primaryimage\",\"url\":\"https:\\\/\\\/urbeamea.ro\\\/albaiulia\\\/wp-content\\\/uploads\\\/2017\\\/12\\\/26103161_1578682215540688_1791290500_n.jpg\",\"contentUrl\":\"https:\\\/\\\/urbeamea.ro\\\/albaiulia\\\/wp-content\\\/uploads\\\/2017\\\/12\\\/26103161_1578682215540688_1791290500_n.jpg\",\"width\":480,\"height\":360},{\"@type\":\"BreadcrumbList\",\"@id\":\"https:\\\/\\\/urbeamea.ro\\\/albaiulia\\\/foto-video-mersul-cu-craii-obicei-de-craciun-posaga-de-jos-judetul-alba\\\/#breadcrumb\",\"itemListElement\":[{\"@type\":\"ListItem\",\"position\":1,\"name\":\"Prima pagin\u0103\",\"item\":\"https:\\\/\\\/urbeamea.ro\\\/albaiulia\\\/\"},{\"@type\":\"ListItem\",\"position\":2,\"name\":\"FOTO-VIDEO: &#8222;Mersul cu Craii&#8221;, obicei de Cr\u0103ciun \u00een Po\u015faga de Jos, jude\u0163ul Alba\"}]},{\"@type\":\"WebSite\",\"@id\":\"https:\\\/\\\/urbeamea.ro\\\/albaiulia\\\/#website\",\"url\":\"https:\\\/\\\/urbeamea.ro\\\/albaiulia\\\/\",\"name\":\"Revista Urbea Mea, Stiri urbane\",\"description\":\"Evenimente \u0219i \u0219tiri din Alba Iulia, Sebe\u0219, Aiud, Blaj\",\"potentialAction\":[{\"@type\":\"SearchAction\",\"target\":{\"@type\":\"EntryPoint\",\"urlTemplate\":\"https:\\\/\\\/urbeamea.ro\\\/albaiulia\\\/?s={search_term_string}\"},\"query-input\":{\"@type\":\"PropertyValueSpecification\",\"valueRequired\":true,\"valueName\":\"search_term_string\"}}],\"inLanguage\":\"ro-RO\"},{\"@type\":\"Person\",\"@id\":\"https:\\\/\\\/urbeamea.ro\\\/albaiulia\\\/#\\\/schema\\\/person\\\/9700d21fae21c4f038b0b56f4506264a\",\"name\":\"Cristina Ganga\",\"image\":{\"@type\":\"ImageObject\",\"inLanguage\":\"ro-RO\",\"@id\":\"https:\\\/\\\/secure.gravatar.com\\\/avatar\\\/5a67661041f057b4a8ccaf26f5a8e86e2689372006d01faf3dd9eeb10b654bb4?s=96&d=mm&r=g\",\"url\":\"https:\\\/\\\/secure.gravatar.com\\\/avatar\\\/5a67661041f057b4a8ccaf26f5a8e86e2689372006d01faf3dd9eeb10b654bb4?s=96&d=mm&r=g\",\"contentUrl\":\"https:\\\/\\\/secure.gravatar.com\\\/avatar\\\/5a67661041f057b4a8ccaf26f5a8e86e2689372006d01faf3dd9eeb10b654bb4?s=96&d=mm&r=g\",\"caption\":\"Cristina Ganga\"},\"description\":\"Jurnalist\",\"sameAs\":[\"https:\\\/\\\/www.facebook.com\\\/cristina.nicola.587\"],\"url\":\"https:\\\/\\\/urbeamea.ro\\\/albaiulia\\\/author\\\/cristina-nicola\\\/\"}]}<\/script>\n<!-- \/ Yoast SEO plugin. -->","yoast_head_json":{"title":"FOTO-VIDEO: \"Mersul cu Craii\", obicei de Cr\u0103ciun \u00een Po\u015faga de Jos, jude\u0163ul Alba - Revista Urbea Mea - Revista de Alba","description":"\u00cen satele din zona Mun\u0163ilor Apuseni a jude\u0163ului Alba unul dintre cele mai frumoase obiceiuri din ajunul Cr\u0103ciunului este \u201emersul cu Craii\u201c. \u00cen Po\u015faga de","robots":{"index":"index","follow":"follow","max-snippet":"max-snippet:-1","max-image-preview":"max-image-preview:large","max-video-preview":"max-video-preview:-1"},"canonical":"https:\/\/urbeamea.ro\/albaiulia\/foto-video-mersul-cu-craii-obicei-de-craciun-posaga-de-jos-judetul-alba\/","twitter_card":"summary_large_image","twitter_title":"FOTO-VIDEO: \"Mersul cu Craii\", obicei de Cr\u0103ciun \u00een Po\u015faga de Jos, jude\u0163ul Alba - Revista Urbea Mea - Revista de Alba","twitter_description":"\u00cen satele din zona Mun\u0163ilor Apuseni a jude\u0163ului Alba unul dintre cele mai frumoase obiceiuri din ajunul Cr\u0103ciunului este \u201emersul cu Craii\u201c. \u00cen Po\u015faga de","twitter_image":"https:\/\/urbeamea.ro\/albaiulia\/wp-content\/uploads\/2017\/12\/26103161_1578682215540688_1791290500_n.jpg","twitter_creator":"@urbeameaweb","twitter_site":"@urbeameaweb","schema":{"@context":"https:\/\/schema.org","@graph":[{"@type":"Article","@id":"https:\/\/urbeamea.ro\/albaiulia\/foto-video-mersul-cu-craii-obicei-de-craciun-posaga-de-jos-judetul-alba\/#article","isPartOf":{"@id":"https:\/\/urbeamea.ro\/albaiulia\/foto-video-mersul-cu-craii-obicei-de-craciun-posaga-de-jos-judetul-alba\/"},"author":{"name":"Cristina Ganga","@id":"https:\/\/urbeamea.ro\/albaiulia\/#\/schema\/person\/9700d21fae21c4f038b0b56f4506264a"},"headline":"FOTO-VIDEO: &#8222;Mersul cu Craii&#8221;, obicei de Cr\u0103ciun \u00een Po\u015faga de Jos, jude\u0163ul Alba","datePublished":"2017-12-27T09:23:29+00:00","mainEntityOfPage":{"@id":"https:\/\/urbeamea.ro\/albaiulia\/foto-video-mersul-cu-craii-obicei-de-craciun-posaga-de-jos-judetul-alba\/"},"wordCount":322,"commentCount":0,"image":{"@id":"https:\/\/urbeamea.ro\/albaiulia\/foto-video-mersul-cu-craii-obicei-de-craciun-posaga-de-jos-judetul-alba\/#primaryimage"},"thumbnailUrl":"https:\/\/urbeamea.ro\/albaiulia\/wp-content\/uploads\/2017\/12\/26103161_1578682215540688_1791290500_n.jpg","keywords":["alba","craciun","mersul cu craii","muntii apuseni","obiceiuri","posaga de jos","sceneta de teatru","stiri","Urbea Mea"],"articleSection":["\u015etiri Urbane"],"inLanguage":"ro-RO","potentialAction":[{"@type":"CommentAction","name":"Comment","target":["https:\/\/urbeamea.ro\/albaiulia\/foto-video-mersul-cu-craii-obicei-de-craciun-posaga-de-jos-judetul-alba\/#respond"]}]},{"@type":"WebPage","@id":"https:\/\/urbeamea.ro\/albaiulia\/foto-video-mersul-cu-craii-obicei-de-craciun-posaga-de-jos-judetul-alba\/","url":"https:\/\/urbeamea.ro\/albaiulia\/foto-video-mersul-cu-craii-obicei-de-craciun-posaga-de-jos-judetul-alba\/","name":"FOTO-VIDEO: \"Mersul cu Craii\", obicei de Cr\u0103ciun \u00een Po\u015faga de Jos, jude\u0163ul Alba - Revista Urbea Mea - Revista de Alba","isPartOf":{"@id":"https:\/\/urbeamea.ro\/albaiulia\/#website"},"primaryImageOfPage":{"@id":"https:\/\/urbeamea.ro\/albaiulia\/foto-video-mersul-cu-craii-obicei-de-craciun-posaga-de-jos-judetul-alba\/#primaryimage"},"image":{"@id":"https:\/\/urbeamea.ro\/albaiulia\/foto-video-mersul-cu-craii-obicei-de-craciun-posaga-de-jos-judetul-alba\/#primaryimage"},"thumbnailUrl":"https:\/\/urbeamea.ro\/albaiulia\/wp-content\/uploads\/2017\/12\/26103161_1578682215540688_1791290500_n.jpg","datePublished":"2017-12-27T09:23:29+00:00","author":{"@id":"https:\/\/urbeamea.ro\/albaiulia\/#\/schema\/person\/9700d21fae21c4f038b0b56f4506264a"},"description":"\u00cen satele din zona Mun\u0163ilor Apuseni a jude\u0163ului Alba unul dintre cele mai frumoase obiceiuri din ajunul Cr\u0103ciunului este \u201emersul cu Craii\u201c. \u00cen Po\u015faga de","breadcrumb":{"@id":"https:\/\/urbeamea.ro\/albaiulia\/foto-video-mersul-cu-craii-obicei-de-craciun-posaga-de-jos-judetul-alba\/#breadcrumb"},"inLanguage":"ro-RO","potentialAction":[{"@type":"ReadAction","target":["https:\/\/urbeamea.ro\/albaiulia\/foto-video-mersul-cu-craii-obicei-de-craciun-posaga-de-jos-judetul-alba\/"]}]},{"@type":"ImageObject","inLanguage":"ro-RO","@id":"https:\/\/urbeamea.ro\/albaiulia\/foto-video-mersul-cu-craii-obicei-de-craciun-posaga-de-jos-judetul-alba\/#primaryimage","url":"https:\/\/urbeamea.ro\/albaiulia\/wp-content\/uploads\/2017\/12\/26103161_1578682215540688_1791290500_n.jpg","contentUrl":"https:\/\/urbeamea.ro\/albaiulia\/wp-content\/uploads\/2017\/12\/26103161_1578682215540688_1791290500_n.jpg","width":480,"height":360},{"@type":"BreadcrumbList","@id":"https:\/\/urbeamea.ro\/albaiulia\/foto-video-mersul-cu-craii-obicei-de-craciun-posaga-de-jos-judetul-alba\/#breadcrumb","itemListElement":[{"@type":"ListItem","position":1,"name":"Prima pagin\u0103","item":"https:\/\/urbeamea.ro\/albaiulia\/"},{"@type":"ListItem","position":2,"name":"FOTO-VIDEO: &#8222;Mersul cu Craii&#8221;, obicei de Cr\u0103ciun \u00een Po\u015faga de Jos, jude\u0163ul Alba"}]},{"@type":"WebSite","@id":"https:\/\/urbeamea.ro\/albaiulia\/#website","url":"https:\/\/urbeamea.ro\/albaiulia\/","name":"Revista Urbea Mea, Stiri urbane","description":"Evenimente \u0219i \u0219tiri din Alba Iulia, Sebe\u0219, Aiud, Blaj","potentialAction":[{"@type":"SearchAction","target":{"@type":"EntryPoint","urlTemplate":"https:\/\/urbeamea.ro\/albaiulia\/?s={search_term_string}"},"query-input":{"@type":"PropertyValueSpecification","valueRequired":true,"valueName":"search_term_string"}}],"inLanguage":"ro-RO"},{"@type":"Person","@id":"https:\/\/urbeamea.ro\/albaiulia\/#\/schema\/person\/9700d21fae21c4f038b0b56f4506264a","name":"Cristina Ganga","image":{"@type":"ImageObject","inLanguage":"ro-RO","@id":"https:\/\/secure.gravatar.com\/avatar\/5a67661041f057b4a8ccaf26f5a8e86e2689372006d01faf3dd9eeb10b654bb4?s=96&d=mm&r=g","url":"https:\/\/secure.gravatar.com\/avatar\/5a67661041f057b4a8ccaf26f5a8e86e2689372006d01faf3dd9eeb10b654bb4?s=96&d=mm&r=g","contentUrl":"https:\/\/secure.gravatar.com\/avatar\/5a67661041f057b4a8ccaf26f5a8e86e2689372006d01faf3dd9eeb10b654bb4?s=96&d=mm&r=g","caption":"Cristina Ganga"},"description":"Jurnalist","sameAs":["https:\/\/www.facebook.com\/cristina.nicola.587"],"url":"https:\/\/urbeamea.ro\/albaiulia\/author\/cristina-nicola\/"}]}},"_links":{"self":[{"href":"https:\/\/urbeamea.ro\/albaiulia\/wp-json\/wp\/v2\/posts\/58783","targetHints":{"allow":["GET"]}}],"collection":[{"href":"https:\/\/urbeamea.ro\/albaiulia\/wp-json\/wp\/v2\/posts"}],"about":[{"href":"https:\/\/urbeamea.ro\/albaiulia\/wp-json\/wp\/v2\/types\/post"}],"author":[{"embeddable":true,"href":"https:\/\/urbeamea.ro\/albaiulia\/wp-json\/wp\/v2\/users\/17"}],"replies":[{"embeddable":true,"href":"https:\/\/urbeamea.ro\/albaiulia\/wp-json\/wp\/v2\/comments?post=58783"}],"version-history":[{"count":0,"href":"https:\/\/urbeamea.ro\/albaiulia\/wp-json\/wp\/v2\/posts\/58783\/revisions"}],"wp:featuredmedia":[{"embeddable":true,"href":"https:\/\/urbeamea.ro\/albaiulia\/wp-json\/wp\/v2\/media\/58784"}],"wp:attachment":[{"href":"https:\/\/urbeamea.ro\/albaiulia\/wp-json\/wp\/v2\/media?parent=58783"}],"wp:term":[{"taxonomy":"category","embeddable":true,"href":"https:\/\/urbeamea.ro\/albaiulia\/wp-json\/wp\/v2\/categories?post=58783"},{"taxonomy":"post_tag","embeddable":true,"href":"https:\/\/urbeamea.ro\/albaiulia\/wp-json\/wp\/v2\/tags?post=58783"}],"curies":[{"name":"wp","href":"https:\/\/api.w.org\/{rel}","templated":true}]}}