{"id":58816,"date":"2017-12-29T11:28:17","date_gmt":"2017-12-29T09:28:17","guid":{"rendered":"https:\/\/urbeamea.ro\/albaiulia\/?p=58816"},"modified":"2017-12-29T11:28:17","modified_gmt":"2017-12-29T09:28:17","slug":"isu-alba-concurs-pentru-ocuparea-patru-posturi-de-ofiteri-si-subofiteri-conditii-de-participare","status":"publish","type":"post","link":"https:\/\/urbeamea.ro\/albaiulia\/isu-alba-concurs-pentru-ocuparea-patru-posturi-de-ofiteri-si-subofiteri-conditii-de-participare\/","title":{"rendered":"ISU Alba: Concurs pentru ocuparea a patru posturi de ofi\u021beri \u0219i subofi\u021beri. Condi\u0163ii de participare"},"content":{"rendered":"<p align=\"JUSTIFY\"><strong>Inspectoratul pentru Situa\u0163ii de Urgen\u0163\u0103 \u201eUNIREA\u201d al Jude\u0163ului Alba organizeaz\u0103 concurs pentru ocuparea a patru posturi vacante de ofi\u021beri \u0219i subofi\u021beri. \u00ce<\/strong><strong>nscrierea candida\u0163ilor se va face \u00een perioada 3 ianuarie \u2013 10 ianuarie 2018.<\/strong><\/p>\n<p lang=\"ro-RO\" align=\"JUSTIFY\"><strong>Concursul va consta \u00een sus\u0163inerea unui test scris pentru verificarea cuno\u015ftin\u0163elor necesare \u00eendeplinirii atribu\u0163iilor postului. Testul scris va fi precedat de sus\u0163inerea probei de evaluare a performan\u021bei fizice, ca prob\u0103 eliminatorie, respectiv traseu practic-aplicativ.<\/strong><\/p>\n<p align=\"JUSTIFY\">\u00cen conformitate cu prevederile Legii nr.80\/1995 privind Statutul cadrelor militare, ale Ordinului Ministrului Afacerilor Interne nr.177\/2016 privind activitatea de management resurse umane \u00een unit\u0103\u0163ile militare ale MAI, ambele cu modific\u0103rile \u015fi complet\u0103rile ulterioare, ale Dispozi\u0163iei Secretarului General al Ministerului Afacerilor Interne nr.22189 din 22.11.2017 \u0219i Ordinului Inspectoratului General pentru Situa\u021bii de Urgen\u021b\u0103 nr.201260 din 06.12.2017, Inspectoratul pentru Situa\u0163ii de Urgen\u0163\u0103 \u201eUnirea\u201d al Jude\u0163ului Alba cu sediul \u00een municipiul Alba Iulia, strada Alexandru Ioan Cuza, nr.10, jude\u021bul Alba, organizeaz\u0103 concurs \u00een vederea ocup\u0103rii urm\u0103toarelor\u00a0<strong>posturi vacante:<\/strong><\/p>\n<ol>\n<li>\n<p lang=\"ro-RO\" align=\"JUSTIFY\"><strong>Ofi\u021ber specialist II la Inspec\u021bia de Prevenire \u2013 compartimentul Avizare \u2013 autorizare<\/strong><\/p>\n<\/li>\n<li>\n<p lang=\"ro-RO\" align=\"JUSTIFY\"><strong>Ofi\u021ber specialist I la compartimentul Achizi\u021bii publice<\/strong><\/p>\n<\/li>\n<li>\n<p lang=\"ro-RO\" align=\"JUSTIFY\"><strong>Subofi\u021ber tehnic principal \u00een cadrul structurii Financiar<\/strong><\/p>\n<\/li>\n<li>\n<p lang=\"ro-RO\" align=\"JUSTIFY\"><strong>Subofi\u021ber tehnic principal \u00een cadrul Serviciului Resurse Umane \u2013 \u00cencadrare \u2013gestiune personal<\/strong><\/p>\n<\/li>\n<\/ol>\n<p align=\"JUSTIFY\">Pentru a participa la concurs, candida\u0163ii trebuie s\u0103 \u00eendeplineasc\u0103 \u00een mod\u00a0<span lang=\"ro-RO\">cumulativ\u00a0<\/span>urm\u0103toarele\u00a0<strong>condi\u0163ii:<\/strong><\/p>\n<ol>\n<li>\n<p lang=\"ro-RO\" align=\"JUSTIFY\">s\u0103 aib\u0103 preg\u0103tirea necesar\u0103 ocupantului postului, conform cerin\u021belor din fi\u0219a postului;<\/p>\n<\/li>\n<li>\n<p lang=\"ro-RO\" align=\"JUSTIFY\">s\u0103 aib\u0103 cet\u0103\u0163enia rom\u00e2n\u0103 \u015fi domiciliul \u00een Rom\u00e2nia;<\/p>\n<\/li>\n<li>\n<p lang=\"ro-RO\" align=\"JUSTIFY\">s\u0103 cunoasc\u0103 limba rom\u00e2n\u0103, scris \u015fi vorbit;<\/p>\n<\/li>\n<li>\n<p lang=\"ro-RO\" align=\"JUSTIFY\">s\u0103 aib\u0103 capacitate deplin\u0103 de exerci\u0163iu;<\/p>\n<\/li>\n<li>\n<p lang=\"ro-RO\" align=\"JUSTIFY\">s\u0103 fie ap\u0163i din punct de vedere medical, fizic \u015fi psihologic. Aptitudinea\/inaptitudinea se constat\u0103 de structurile de specialitate ale Ministerului Afacerilor Interne, printr-o examinare medical\u0103 \u015fi evaluare psihologic\u0103, potrivit reglement\u0103rilor specifice \u00een domeniu. \u00cen situa\u0163ia \u00een care se constat\u0103 inaptitudinea pentru oricare dintre situa\u0163ii, procedura de recrutare \u00eenceteaz\u0103 pentru candidatul respectiv. Evaluarea psihologic\u0103 se sus\u021bine \u00eenaintea examin\u0103rii medicale;<\/p>\n<\/li>\n<li>\n<p lang=\"ro-RO\" align=\"JUSTIFY\">s\u0103 aib\u0103 v\u00e2rsta de minimum 18 ani \u00eemplini\u0163i;<\/p>\n<\/li>\n<li>\n<p lang=\"ro-RO\" align=\"JUSTIFY\">s\u0103 aib\u0103 un comportament corespunz\u0103tor cerin\u0163elor de conduit\u0103 admise \u015fi practicate \u00een societate;<\/p>\n<\/li>\n<li>\n<p lang=\"ro-RO\" align=\"JUSTIFY\">s\u0103 nu aib\u0103 antecedente penale, cu excep\u0163ia situa\u0163iei c\u00e2nd a intervenit reabilitarea;<\/p>\n<\/li>\n<li>\n<p lang=\"ro-RO\" align=\"JUSTIFY\">s\u0103 nu fie \u00een curs de urm\u0103rire penal\u0103 ori de judecat\u0103 pentru s\u0103v\u00e2r\u015firea de infrac\u0163iuni;<\/p>\n<\/li>\n<li>\n<p lang=\"ro-RO\" align=\"JUSTIFY\">s\u0103 nu fi fost destitui\u0163i dintr-o func\u0163ie public\u0103 sau s\u0103 nu le fi \u00eencetat contractul individual de munc\u0103 pentru motive disciplinare \u00een ultimii 7 ani;<\/p>\n<\/li>\n<li>\n<p lang=\"ro-RO\" align=\"JUSTIFY\">s\u0103 nu fi desf\u0103\u015furat activit\u0103\u0163i de poli\u0163ie politic\u0103, astfel cum sunt definite prin lege;<\/p>\n<\/li>\n<li>\n<p lang=\"ro-RO\" align=\"JUSTIFY\">prin \u00eencadrare, potrivit vechimii \u00een specialitatea dob\u00e2ndit\u0103 pe timpul studiilor, raportat la atribu\u021biile din fi\u0219a postului \u0219i la stagiile minime \u00een grad, nu dob\u00e2ndesc grade militare mai mari dec\u00e2t gradul militar maxim al postului pentru care s-a organizat concurs, respectiv locotenent-colonel;<\/p>\n<\/li>\n<li>\n<p lang=\"ro-RO\" align=\"JUSTIFY\">s\u0103 \u00eendeplineasc\u0103 condi\u0163iile de ocupare prev\u0103zute \u00een fi\u015fa postului;<\/p>\n<\/li>\n<li>\n<p lang=\"ro-RO\" align=\"JUSTIFY\">s\u0103 ob\u0163in\u0103 autoriza\u0163ie de acces pentru lucrul cu informa\u0163ii \u0219i documente clasificate (dup\u0103 \u00eencadrare, cu \u00eendeplinirea procedurilor specifice);<\/p>\n<\/li>\n<li>\n<p lang=\"ro-RO\" align=\"JUSTIFY\">s\u0103 nu fi \u00eemplinit, la data desf\u0103\u015fur\u0103rii concursului, v\u00e2rsta standard de pensionare, a\u015fa cum este prev\u0103zut\u0103 \u00een Legea nr.223\/ din 24 iulie 2015 privind pensiile militare de stat, cu modific\u0103rile \u015fi complet\u0103rile ulterioare.<\/p>\n<\/li>\n<\/ol>\n<p lang=\"ro-RO\" align=\"JUSTIFY\">Cadrele militare \u00een rezerv\u0103 pot fi recrutate \u00een vederea rechem\u0103rii \u00een activitate dac\u0103 \u00eendeplinesc suplimentar \u0219i urm\u0103toarele criterii specifice:<\/p>\n<p align=\"JUSTIFY\">\u2013 nu au fost trecute \u00een rezerv\u0103 \u00een condi\u0163iile art. 85 lit. a), d), i), j), k) sau ale art.87 din Legea nr. 80\/1995 privind Statutul cadrelor militare, cu modific\u0103rile \u015fi complet\u0103rile ulterioare;<\/p>\n<p align=\"JUSTIFY\">\u2013 sunt confirmate \u00een arma \u015fi specialitatea militar\u0103 corespunz\u0103toare func\u0163iei pentru care se organizeaz\u0103 concurs.<\/p>\n<p align=\"JUSTIFY\">Persoanele care au dob\u00e2ndit grade militare \u00een rezerv\u0103 ca urmare a \u00eendeplinirii serviciului militar, particip\u0103rii la convoc\u0103ri de preg\u0103tire sau \u00een urma concentr\u0103rii, \u015fi nu au avut calitatea de cadru militar \u00een activitate \u00een unit\u0103\u0163i ale MAI, nu fac obiectul recrut\u0103rii \u00een vederea rechem\u0103rii \u00een activitate pe timp de pace.<\/p>\n<p align=\"JUSTIFY\">Mai\u015ftrii militari \u0219i subofi\u0163erii \u00een activitate din Ministerul Afacerilor Interne pot participa la concurs dac\u0103 \u00eendeplinesc suplimentar \u0219i urm\u0103toarele condi\u0163ii:<\/p>\n<p lang=\"ro-RO\" align=\"JUSTIFY\">a) sunt declara\u0163i \u201eapt\u201d la evaluarea psihologic\u0103 organizat\u0103 \u00een acest scop;<\/p>\n<p lang=\"ro-RO\" align=\"JUSTIFY\">b) nu sunt cerceta\u0163i disciplinar sau nu se afl\u0103 sub efectul unei sanc\u0163iuni disciplinare;<\/p>\n<p lang=\"ro-RO\" align=\"JUSTIFY\">c) nu sunt pu\u015fi la dispozi\u0163ie ori suspenda\u0163i din func\u0163ie \u00een condi\u0163iile art. 17 alin. (2) \u015fi art. 21 lit. a)<\/p>\n<p lang=\"ro-RO\" align=\"JUSTIFY\">\u015fi b) din anexa nr.7 la Ordinul Ministrului Afacerilor Interne nr.177\/2016 privind activitatea de management resurse umane \u00een unit\u0103\u0163ile militare ale MAI, cu modific\u0103rile \u015fi complet\u0103rile ulterioare<\/p>\n<p lang=\"ro-RO\" align=\"JUSTIFY\">d) au ob\u0163inut calificativul de cel pu\u0163in \u201efoarte bun\u201d la ultimele dou\u0103 aprecieri anuale de serviciu.<\/p>\n<p lang=\"ro-RO\" align=\"JUSTIFY\">Candidatul care a fost declarat \u201eadmis\u201d nu trebuie s\u0103 aib\u0103, la \u00eencadrare, calitatea de membru al vreunui partid politic sau organiza\u0163ii cu caracter politic.<\/p>\n<p lang=\"ro-RO\" align=\"JUSTIFY\"><strong>Pentru constituirea dosarului de recrutare \u00een vederea particip\u0103rii la concurs, candidatul trebuie s\u0103 depun\u0103 personal la Serviciul Resurse Umane al Inspectoratului pentru Situa\u0163ii de Urgen\u0163\u0103 \u201eUnirea\u201d al jude\u021bului Alba, \u00een perioada 3 \u2013 26 ianuarie, \u00een intervalul orar 09.00-15.00, \u00een zilele lucr\u0103toare, urm\u0103toarele documente, \u00eentr-un dosar plic:<\/strong><\/p>\n<ol>\n<li>\n<p lang=\"ro-RO\" align=\"JUSTIFY\">cererea de \u00eenscriere (conform modelului din Anexa 3 la prezentul Anun\u021b);<\/p>\n<\/li>\n<li>\n<p lang=\"ro-RO\" align=\"JUSTIFY\">curriculum vitae \u2013 CV, (\u00een format Europass, conform modelului din Anexa 4 la prezentul Anun\u021b);<\/p>\n<\/li>\n<li>\n<p lang=\"ro-RO\" align=\"JUSTIFY\">copii ale documentelor care atest\u0103 nivelul \u015fi specializarea studiilor impuse de cerin\u0163ele postului, men\u021bionate la punctul III.1. din Anun\u021b. Documentele de studii solicitate vor avea ata\u0219ate\/anexate foile matricole\/suplimentele eliberate, dup\u0103 caz (vor fi prezentate \u015fi \u00een original).<\/p>\n<\/li>\n<li>\n<p lang=\"ro-RO\" align=\"JUSTIFY\">copii ale actului de identitate, carnetului de munc\u0103\/certificatului stagiu de cotizare \u015fi\/sau ale altor documente doveditoare care s\u0103 ateste vechimea \u00een munc\u0103 \u015fi, dac\u0103 este cazul, ale livretului militar (vor fi prezentate \u015fi \u00een original);<\/p>\n<\/li>\n<li>\n<p lang=\"ro-RO\" align=\"JUSTIFY\">copii ale certificatului de na\u015ftere al candidatului, so\u0163ului\/so\u0163iei \u015fi fiec\u0103rui copil, certificatul de c\u0103s\u0103torie, precum \u015fi, dup\u0103 caz, ale hot\u0103r\u00e2rilor judec\u0103tore\u015fti privind starea civil\u0103 (vor fi prezentate \u015fi \u00een original);<\/p>\n<\/li>\n<li>\n<p lang=\"ro-RO\" align=\"JUSTIFY\">autobiografia (redactat\u0103 olograf) \u015fi tabelul nominal cu rudele candidatului \u015fi ale so\u0163ului\/so\u0163iei candidatului (conform modelelor din Anexele 5 \u0219i 6 la prezentul Anun\u021b);<\/p>\n<\/li>\n<li>\n<p lang=\"ro-RO\" align=\"JUSTIFY\">cazierul judiciar (poate fi depus de candidat sau solicitat de unitatea organizatoare de la unitatea de poli\u021bie, pe baza consim\u0163\u0103m\u00e2ntului scris al candidatului. Documentul depus de candidat trebuie s\u0103 fie \u00een termenul de valabilitate);<\/p>\n<\/li>\n<li>\n<p lang=\"ro-RO\" align=\"JUSTIFY\">o fotografie color 9 x 12 cm;<\/p>\n<\/li>\n<li>\n<p lang=\"ro-RO\" align=\"JUSTIFY\">fi\u015fa medical\u0103-tip de \u00eencadrare \u00een M.A.I. (examinarea medical\u0103 se va realiza de c\u0103tre institu\u0163iile medicale specializate ale M.A.I., conform adresei de trimitere eliberat\u0103 la \u00eenscrierea la concurs de unitatea organizatoare, iar fi\u015fa medical\u0103, va fi depus\u0103 la dosarul de recrutare, p\u00e2n\u0103 la data limit\u0103 de completare a dosarelor, respectiv 26.01.2018);<\/p>\n<div id=\"videoad\"><\/div>\n<\/li>\n<li>\n<p lang=\"ro-RO\" align=\"JUSTIFY\">declara\u0163ia de confirmare a cunoa\u015fterii \u015fi accept\u0103rii condi\u0163iilor de recrutare (conform modelului din Anexa 7 la prezentul Anun\u021b). \u00cen modelul de declara\u0163ie este inclus \u015fi consim\u0163\u0103m\u00e2ntul scris al candidatului privind prelucrarea datelor de cazier judiciar, acestea urm\u00e2nd a fi solicitate structurilor abilitate \u00een conformitate cu prevederile O.U.G. nr. 41\/2016;<\/p>\n<\/li>\n<li>\n<p lang=\"ro-RO\" align=\"JUSTIFY\">declara\u0163ie pe propria r\u0103spundere (conform modelului din Anexa 8 la prezentul Anun\u021b) din care s\u0103 rezulte c\u0103:<\/p>\n<\/li>\n<\/ol>\n<p lang=\"ro-RO\" align=\"JUSTIFY\">\u2013 nu are antecedente penale \u0219i nu se afl\u0103 \u00een curs de urm\u0103rire penal\u0103 ori de judecat\u0103 pentru s\u0103v\u00e2r\u015firea de infrac\u0163iuni;<\/p>\n<p lang=\"ro-RO\" align=\"JUSTIFY\">\u2013 nu a fost destituit dintr-o func\u0163ie public\u0103 \u0219i nu i-a \u00eencetat contractul individual de munc\u0103 pentru motive disciplinare \u00een ultimii 7 ani;<\/p>\n<p lang=\"ro-RO\" align=\"JUSTIFY\">\u2013 nu a desf\u0103\u015furat activit\u0103\u0163i de poli\u0163ie politic\u0103, astfel cum sunt definite prin lege;<\/p>\n<ol start=\"12\">\n<li>\n<p lang=\"ro-RO\" align=\"JUSTIFY\">declara\u0163ie pe propria r\u0103spundere din care s\u0103 reias\u0103 dac\u0103, \u00een ultimele 6 luni, au fost evalua\u021bi psihologic \u00een acela\u0219i scop, precum \u0219i rezultatul evalu\u0103rii psihologice (aviz psihologic Apt\/Inapt), conform anexei nr.9 la Anun\u021b.<\/p>\n<\/li>\n<li>\n<p lang=\"ro-RO\" align=\"JUSTIFY\">doar pentru cadrele militare \u00een rezerv\u0103: vor depune la dosarul de recrutare o adeverin\u0163\u0103 eliberat\u0103 de unitatea la care a fost trecut \u00een rezerv\u0103\/care are \u00een gestiune dosarul personal din care s\u0103 rezulte:<\/p>\n<\/li>\n<\/ol>\n<p lang=\"ro-RO\" align=\"JUSTIFY\">\u2013 gradul militar \u00een rezerv\u0103 de\u0163inut;<\/p>\n<p lang=\"ro-RO\" align=\"JUSTIFY\">\u2013 perioadele de activitate \u0219i func\u021biile \u00eendeplinite;<\/p>\n<p lang=\"ro-RO\" align=\"JUSTIFY\">\u2013 motivul \u0219i temeiul legal al trecerii \u00een rezerv\u0103;<\/p>\n<p lang=\"ro-RO\" align=\"JUSTIFY\">\u2013 arma \u0219i specialitatea militar\u0103 pe care le-a dob\u00e2ndit;<\/p>\n<ol start=\"14\">\n<li>\n<p lang=\"ro-RO\" align=\"JUSTIFY\">doar pentru mai\u0219trii militari \u0219i subofi\u021berii \u00een activitate: vor depune o adeverin\u0163\u0103, eliberat\u0103 de unitatea de provenien\u0163\u0103, din care s\u0103 rezulte:<\/p>\n<\/li>\n<\/ol>\n<ul>\n<li>\n<p lang=\"ro-RO\" align=\"JUSTIFY\">gradul militar al candidatului;<\/p>\n<\/li>\n<li>\n<p lang=\"ro-RO\" align=\"JUSTIFY\">dac\u0103 este sau nu este cercetat disciplinar<\/p>\n<\/li>\n<li>\n<p lang=\"ro-RO\" align=\"JUSTIFY\">dac\u0103 este sau nu este sub efectul unei sanc\u0163iuni disciplinare care s\u0103 nu fi fost radiat\u0103, \u00een condi\u021biile legisla\u021biei \u00een vigoare;<\/p>\n<\/li>\n<li>\n<p lang=\"ro-RO\" align=\"JUSTIFY\">dac\u0103 este sau nu este pus la dispozi\u0163ie ori suspenda\u0163i din func\u0163ie \u00een condi\u0163iile art. 17 alin. (2) \u015fi art. 21 lit. a) \u015fi b) din anexa nr.7 la Ordinul Ministrului Afacerilor Interne nr.177\/2016 privind activitatea de management resurse umane \u00een unit\u0103\u0163ile militare ale MAI, cu modific\u0103rile \u015fi complet\u0103rile ulterioare;<\/p>\n<\/li>\n<li>\n<p lang=\"ro-RO\" align=\"JUSTIFY\">calificativele ob\u021binute la ultimele dou\u0103 aprecieri anuale de serviciu.<\/p>\n<\/li>\n<\/ul>\n<p lang=\"ro-RO\" align=\"JUSTIFY\"><strong>\u00censcrierea candida\u0163ilor se va face prin depunerea, \u00een zilele lucr\u0103toare, \u00eentre orele 09.00\u201315.00, \u00een perioada 3 ianuarie \u2013 10 ianuarie 2018, la Serviciul Resurse Umane din cadrul Inspectoratului pentru Situa\u0163ii de Urgen\u0163\u0103 \u201eUnirea\u201d al jude\u021bului Alba, \u00een municipiul Alba Iulia, strada A.I .Cuza, nr.10, jude\u021bul Alba, a urm\u0103toarelor documente:<\/strong><\/p>\n<ol>\n<li value=\"1\">\n<p lang=\"ro-RO\" align=\"JUSTIFY\">Cererea de \u00eenscriere, se depune personal de c\u0103tre candidat \u0219i este adresat\u0103 inspectorului \u0219ef al Inspectoratului pentru Situa\u0163ii de Urgen\u0163\u0103 \u201eUnirea\u201d al jude\u021bului Alba;<\/p>\n<\/li>\n<li>\n<p lang=\"ro-RO\" align=\"JUSTIFY\">Declara\u0163ia de confirmare a cunoa\u015fterii \u015fi accept\u0103rii condi\u0163iilor de recrutare;<\/p>\n<\/li>\n<li>\n<p lang=\"ro-RO\" align=\"JUSTIFY\">Curriculum-vitae model Europass;<\/p>\n<\/li>\n<li>\n<p lang=\"ro-RO\" align=\"JUSTIFY\">Copia c\u0103r\u0163ii de identitate;<\/p>\n<\/li>\n<li>\n<p lang=\"ro-RO\" align=\"JUSTIFY\">Declara\u0163ie pe propria r\u0103spundere din care s\u0103 reias\u0103 dac\u0103, \u00een ultimele 6 luni, au fost evalua\u021bi psihologic \u00een acela\u0219i scop, precum \u0219i rezultatul evalu\u0103rii psihologice (aviz psihologic Apt\/Inapt)<\/p>\n<\/li>\n<li>\n<p lang=\"ro-RO\" align=\"JUSTIFY\">Consim\u021b\u0103m\u00e2ntul privind solicitare extras de pe cazierul judiciar;<\/p>\n<\/li>\n<li>\n<p lang=\"ro-RO\" align=\"JUSTIFY\">Un dosar cartonat tip plic.<\/p>\n<\/li>\n<\/ol>\n<p lang=\"ro-RO\" align=\"JUSTIFY\">Nu vor fi acceptate cererile de \u00eenscriere depuse prin fax, e-mail, po\u015ft\u0103, ter\u0163e persoane sau \u00een orice alt\u0103 form\u0103 dec\u00e2t cea mai sus prezentat\u0103.<\/p>\n<p align=\"JUSTIFY\">Fi\u015fa postului scos la concurs poate fi consultat\u0103 de c\u0103tre candida\u0163i, cu respectarea prevederilor legale referitoare la protec\u0163ia informa\u0163iilor clasificate, la sediul unit\u0103\u0163ii organizatoare \u2013 Serviciul Resurse Umane, \u00een fiecare zi lucr\u0103toare \u00een intervalul orar 09.00-15.00.<\/p>\n<p lang=\"ro-RO\" align=\"JUSTIFY\">Concursul pentru ocuparea postului vacant va consta \u00een sus\u0163inerea unui test scris pentru verificarea cuno\u015ftin\u0163elor necesare \u00eendeplinirii atribu\u0163iilor postului, \u00een acord cu tematica \u0219i bibliografia anexate prezentului anun\u021b.<\/p>\n<p lang=\"ro-RO\" align=\"JUSTIFY\">Testul scris va fi precedat de sus\u0163inerea probei de evaluare a performan\u021bei fizice, ca prob\u0103 eliminatorie, respectiv traseu practic-aplicativ (conform prevederilor Anexei nr. 32 la Ordinul MAI nr.177\/2016 modificat \u0219i completat cu OMAI nr.144\/2017).<\/p>\n<p align=\"JUSTIFY\">Este declarat \u201ePROMOVAT\u201c candidatul care \u00eendepline\u015fte baremul minim de 1\u201905\u201c (un minut \u015fi cinci secunde) la proba \u201etraseu practic-aplicativ\u201c.<\/p>\n<p align=\"JUSTIFY\">Pe timpul sus\u0163inerii probei, indiferent de cauze\/motive, nu se admit reexamin\u0103ri sau repet\u0103ri.<\/p>\n<p align=\"JUSTIFY\">Abandonul, accidentarea sau ne\u00eendeplinirea baremului minim duce la eliminarea candidatului din concurs \u015fi declararea acestuia \u201eNEPROMOVAT\u201c.<\/p>\n<p align=\"JUSTIFY\">Candida\u021bii care au promovat proba evaluarea performan\u021belor fizice sunt declara\u021bi \u201eadmis\u201d iar cei care nu au promovat proba sunt declara\u021bi \u201drespins\u201d.<\/p>\n<p align=\"JUSTIFY\">La testul scris se prezint\u0103 numai candida\u021bii declara\u021bi \u201eadmis\u201d la evaluarea performan\u021belor fizice.<\/p>\n<p lang=\"ro-RO\" align=\"JUSTIFY\">Nota de promovare a probei de concurs testul scris este minimum 7,00.<\/p>\n<p lang=\"ro-RO\" align=\"JUSTIFY\">Este declarat \u201eadmis\u201d la concurs candidatul care a fost declarat \u201eadmis\u201d la toate probele concursului \u015fi a ob\u0163inut nota cea mai mare la testul scris.<\/p>\n<p lang=\"ro-RO\" align=\"JUSTIFY\">Rezultatele probei test scris se afi\u0219eaz\u0103 pe pagina de internet a Inspectoratului pentru Situa\u0163ii de Urgen\u0163\u0103 \u201eUnirea\u201d al jude\u021bului Alba, respectiv www.isualba.ro, precum \u015fi la avizierul Inspectoratului pentru Situa\u0163ii de Urgen\u0163\u0103 \u201eUnirea\u201d al jude\u021bului Alba, din Alba Iulia, strada A.I. Cuza nr.10, jude\u021bul Alba.<\/p>\n<p lang=\"ro-RO\" align=\"JUSTIFY\">\u00cen situa\u0163ia \u00een care, mai mul\u0163i candida\u0163i au ob\u0163inut aceea\u015fi not\u0103 la proba test scris, departajarea candida\u0163ilor se realizeaz\u0103 pe baza rezultatelor ob\u0163inute \u00een urma sus\u0163inerii unui interviu structurat pe subiecte profesionale, pe baza tematicii \u0219i bibliografiei stabilit\u0103 la proba scris\u0103, cu subiecte elaborate la nivelul comisiei centrale de concurs.<\/p>\n<p lang=\"ro-RO\" align=\"JUSTIFY\">Ambele probe ale concursului \u0219i interviul structurat pe subiecte profesionale (dac\u0103 este cazul) vor fi \u00eenregistrate audio \u0219i video.<\/p>\n<p lang=\"ro-RO\" align=\"JUSTIFY\">Candidatul nemul\u0163umit de rezultatul ob\u0163inut la testul scris poate formula contesta\u0163ie, o singur\u0103 dat\u0103 pentru fiecare prob\u0103, \u00een termen de 24 de ore de la afi\u015fare.<\/p>\n<p lang=\"ro-RO\" align=\"JUSTIFY\">Candida\u0163ii pot contesta numai notele la propriile lucr\u0103ri.<\/p>\n<p lang=\"ro-RO\" align=\"JUSTIFY\">Comisia de solu\u0163ionare a contesta\u0163iilor are obliga\u0163ia de a solu\u0163iona contesta\u0163iile \u00een termen de 2 zile lucr\u0103toare de la expirarea termenului de depunere.<\/p>\n<p lang=\"ro-RO\" align=\"JUSTIFY\">Proba de concurs evaluarea performan\u021belor fizice nu poate fi contestat\u0103.<\/p>\n<p align=\"JUSTIFY\">Informa\u021bii suplimentare despre organizarea concursului \u015fi depunerea documentelor se pot ob\u0163ine din pagina oficial\u0103 de internet a unit\u0103\u0163ii www.isualba.ro (link: http:\/\/www.isualba.ro\/men-anunturi) \u015fi la structura de resurse umane a Inspectoratului pentru Situa\u0163ii de Urgen\u0163\u0103 \u201eUNIREA\u201d al Jude\u0163ului Alba, tel. 0258.810.411, interior 27007 sau 27119, \u00een zilele lucr\u0103toare \u00eentre orele 09.00-15.00.<\/p>\n","protected":false},"excerpt":{"rendered":"<p>Inspectoratul pentru Situa\u0163ii de Urgen\u0163\u0103 \u201eUNIREA\u201d al Jude\u0163ului Alba organizeaz\u0103 concurs pentru ocuparea a patru posturi vacante de ofi\u021beri \u0219i subofi\u021beri. \u00censcrierea candida\u0163ilor se va face \u00een perioada 3 ianuarie \u2013 10 ianuarie 2018. Concursul va consta \u00een sus\u0163inerea unui test scris pentru verificarea cuno\u015ftin\u0163elor necesare \u00eendeplinirii atribu\u0163iilor postului. Testul scris va fi precedat de &hellip;<\/p>\n","protected":false},"author":17,"featured_media":36873,"comment_status":"open","ping_status":"open","sticky":false,"template":"","format":"standard","meta":{"inline_featured_image":false,"footnotes":""},"categories":[2034],"tags":[2354,492,2304,2560,3170,6858,308,3171,76],"class_list":["post-58816","post","type-post","status-publish","format-standard","has-post-thumbnail","hentry","category-social","tag-candidati","tag-concurs","tag-inscrieri","tag-isu-alba","tag-ofiteri","tag-posturi-vacante","tag-stiri","tag-subofiteri","tag-urbea-mea"],"yoast_head":"<!-- This site is optimized with the Yoast SEO plugin v28.3 - https:\/\/yoast.com\/product\/yoast-seo-wordpress\/ -->\n<title>ISU Alba: Concurs pentru ocuparea a patru posturi de ofi\u021beri \u0219i subofi\u021beri. Condi\u0163ii de participare - Revista Urbea Mea - Revista de Alba<\/title>\n<meta name=\"description\" content=\"Inspectoratul pentru Situa\u0163ii de Urgen\u0163\u0103 \u201eUNIREA\u201d al Jude\u0163ului Alba organizeaz\u0103 concurs pentru ocuparea a patru posturi vacante de ofi\u021beri \u0219i subofi\u021beri.\" \/>\n<meta name=\"robots\" content=\"index, follow, max-snippet:-1, max-image-preview:large, max-video-preview:-1\" \/>\n<link rel=\"canonical\" href=\"https:\/\/urbeamea.ro\/albaiulia\/isu-alba-concurs-pentru-ocuparea-patru-posturi-de-ofiteri-si-subofiteri-conditii-de-participare\/\" \/>\n<meta name=\"twitter:card\" content=\"summary_large_image\" \/>\n<meta name=\"twitter:title\" content=\"ISU Alba: Concurs pentru ocuparea a patru posturi de ofi\u021beri \u0219i subofi\u021beri. Condi\u0163ii de participare - Revista Urbea Mea - Revista de Alba\" \/>\n<meta name=\"twitter:description\" content=\"Inspectoratul pentru Situa\u0163ii de Urgen\u0163\u0103 \u201eUNIREA\u201d al Jude\u0163ului Alba organizeaz\u0103 concurs pentru ocuparea a patru posturi vacante de ofi\u021beri \u0219i subofi\u021beri.\" \/>\n<meta name=\"twitter:image\" content=\"https:\/\/urbeamea.ro\/albaiulia\/wp-content\/uploads\/2016\/12\/ISU.jpg\" \/>\n<meta name=\"twitter:creator\" content=\"@urbeameaweb\" \/>\n<meta name=\"twitter:site\" content=\"@urbeameaweb\" \/>\n<script type=\"application\/ld+json\" class=\"yoast-schema-graph\">{\"@context\":\"https:\\\/\\\/schema.org\",\"@graph\":[{\"@type\":\"Article\",\"@id\":\"https:\\\/\\\/urbeamea.ro\\\/albaiulia\\\/isu-alba-concurs-pentru-ocuparea-patru-posturi-de-ofiteri-si-subofiteri-conditii-de-participare\\\/#article\",\"isPartOf\":{\"@id\":\"https:\\\/\\\/urbeamea.ro\\\/albaiulia\\\/isu-alba-concurs-pentru-ocuparea-patru-posturi-de-ofiteri-si-subofiteri-conditii-de-participare\\\/\"},\"author\":{\"name\":\"Cristina Ganga\",\"@id\":\"https:\\\/\\\/urbeamea.ro\\\/albaiulia\\\/#\\\/schema\\\/person\\\/9700d21fae21c4f038b0b56f4506264a\"},\"headline\":\"ISU Alba: Concurs pentru ocuparea a patru posturi de ofi\u021beri \u0219i subofi\u021beri. Condi\u0163ii de participare\",\"datePublished\":\"2017-12-29T09:28:17+00:00\",\"mainEntityOfPage\":{\"@id\":\"https:\\\/\\\/urbeamea.ro\\\/albaiulia\\\/isu-alba-concurs-pentru-ocuparea-patru-posturi-de-ofiteri-si-subofiteri-conditii-de-participare\\\/\"},\"wordCount\":2205,\"commentCount\":0,\"image\":{\"@id\":\"https:\\\/\\\/urbeamea.ro\\\/albaiulia\\\/isu-alba-concurs-pentru-ocuparea-patru-posturi-de-ofiteri-si-subofiteri-conditii-de-participare\\\/#primaryimage\"},\"thumbnailUrl\":\"https:\\\/\\\/urbeamea.ro\\\/albaiulia\\\/wp-content\\\/uploads\\\/2016\\\/12\\\/ISU.jpg\",\"keywords\":[\"candidati\",\"concurs\",\"inscrieri\",\"ISU Alba\",\"ofiteri\",\"posturi vacante\",\"stiri\",\"subofiteri\",\"Urbea Mea\"],\"articleSection\":[\"Social\"],\"inLanguage\":\"ro-RO\",\"potentialAction\":[{\"@type\":\"CommentAction\",\"name\":\"Comment\",\"target\":[\"https:\\\/\\\/urbeamea.ro\\\/albaiulia\\\/isu-alba-concurs-pentru-ocuparea-patru-posturi-de-ofiteri-si-subofiteri-conditii-de-participare\\\/#respond\"]}]},{\"@type\":\"WebPage\",\"@id\":\"https:\\\/\\\/urbeamea.ro\\\/albaiulia\\\/isu-alba-concurs-pentru-ocuparea-patru-posturi-de-ofiteri-si-subofiteri-conditii-de-participare\\\/\",\"url\":\"https:\\\/\\\/urbeamea.ro\\\/albaiulia\\\/isu-alba-concurs-pentru-ocuparea-patru-posturi-de-ofiteri-si-subofiteri-conditii-de-participare\\\/\",\"name\":\"ISU Alba: Concurs pentru ocuparea a patru posturi de ofi\u021beri \u0219i subofi\u021beri. Condi\u0163ii de participare - Revista Urbea Mea - Revista de Alba\",\"isPartOf\":{\"@id\":\"https:\\\/\\\/urbeamea.ro\\\/albaiulia\\\/#website\"},\"primaryImageOfPage\":{\"@id\":\"https:\\\/\\\/urbeamea.ro\\\/albaiulia\\\/isu-alba-concurs-pentru-ocuparea-patru-posturi-de-ofiteri-si-subofiteri-conditii-de-participare\\\/#primaryimage\"},\"image\":{\"@id\":\"https:\\\/\\\/urbeamea.ro\\\/albaiulia\\\/isu-alba-concurs-pentru-ocuparea-patru-posturi-de-ofiteri-si-subofiteri-conditii-de-participare\\\/#primaryimage\"},\"thumbnailUrl\":\"https:\\\/\\\/urbeamea.ro\\\/albaiulia\\\/wp-content\\\/uploads\\\/2016\\\/12\\\/ISU.jpg\",\"datePublished\":\"2017-12-29T09:28:17+00:00\",\"author\":{\"@id\":\"https:\\\/\\\/urbeamea.ro\\\/albaiulia\\\/#\\\/schema\\\/person\\\/9700d21fae21c4f038b0b56f4506264a\"},\"description\":\"Inspectoratul pentru Situa\u0163ii de Urgen\u0163\u0103 \u201eUNIREA\u201d al Jude\u0163ului Alba organizeaz\u0103 concurs pentru ocuparea a patru posturi vacante de ofi\u021beri \u0219i subofi\u021beri.\",\"breadcrumb\":{\"@id\":\"https:\\\/\\\/urbeamea.ro\\\/albaiulia\\\/isu-alba-concurs-pentru-ocuparea-patru-posturi-de-ofiteri-si-subofiteri-conditii-de-participare\\\/#breadcrumb\"},\"inLanguage\":\"ro-RO\",\"potentialAction\":[{\"@type\":\"ReadAction\",\"target\":[\"https:\\\/\\\/urbeamea.ro\\\/albaiulia\\\/isu-alba-concurs-pentru-ocuparea-patru-posturi-de-ofiteri-si-subofiteri-conditii-de-participare\\\/\"]}]},{\"@type\":\"ImageObject\",\"inLanguage\":\"ro-RO\",\"@id\":\"https:\\\/\\\/urbeamea.ro\\\/albaiulia\\\/isu-alba-concurs-pentru-ocuparea-patru-posturi-de-ofiteri-si-subofiteri-conditii-de-participare\\\/#primaryimage\",\"url\":\"https:\\\/\\\/urbeamea.ro\\\/albaiulia\\\/wp-content\\\/uploads\\\/2016\\\/12\\\/ISU.jpg\",\"contentUrl\":\"https:\\\/\\\/urbeamea.ro\\\/albaiulia\\\/wp-content\\\/uploads\\\/2016\\\/12\\\/ISU.jpg\",\"width\":1280,\"height\":951},{\"@type\":\"BreadcrumbList\",\"@id\":\"https:\\\/\\\/urbeamea.ro\\\/albaiulia\\\/isu-alba-concurs-pentru-ocuparea-patru-posturi-de-ofiteri-si-subofiteri-conditii-de-participare\\\/#breadcrumb\",\"itemListElement\":[{\"@type\":\"ListItem\",\"position\":1,\"name\":\"Prima pagin\u0103\",\"item\":\"https:\\\/\\\/urbeamea.ro\\\/albaiulia\\\/\"},{\"@type\":\"ListItem\",\"position\":2,\"name\":\"ISU Alba: Concurs pentru ocuparea a patru posturi de ofi\u021beri \u0219i subofi\u021beri. Condi\u0163ii de participare\"}]},{\"@type\":\"WebSite\",\"@id\":\"https:\\\/\\\/urbeamea.ro\\\/albaiulia\\\/#website\",\"url\":\"https:\\\/\\\/urbeamea.ro\\\/albaiulia\\\/\",\"name\":\"Revista Urbea Mea, Stiri urbane\",\"description\":\"Evenimente \u0219i \u0219tiri din Alba Iulia, Sebe\u0219, Aiud, Blaj\",\"potentialAction\":[{\"@type\":\"SearchAction\",\"target\":{\"@type\":\"EntryPoint\",\"urlTemplate\":\"https:\\\/\\\/urbeamea.ro\\\/albaiulia\\\/?s={search_term_string}\"},\"query-input\":{\"@type\":\"PropertyValueSpecification\",\"valueRequired\":true,\"valueName\":\"search_term_string\"}}],\"inLanguage\":\"ro-RO\"},{\"@type\":\"Person\",\"@id\":\"https:\\\/\\\/urbeamea.ro\\\/albaiulia\\\/#\\\/schema\\\/person\\\/9700d21fae21c4f038b0b56f4506264a\",\"name\":\"Cristina Ganga\",\"image\":{\"@type\":\"ImageObject\",\"inLanguage\":\"ro-RO\",\"@id\":\"https:\\\/\\\/secure.gravatar.com\\\/avatar\\\/5a67661041f057b4a8ccaf26f5a8e86e2689372006d01faf3dd9eeb10b654bb4?s=96&d=mm&r=g\",\"url\":\"https:\\\/\\\/secure.gravatar.com\\\/avatar\\\/5a67661041f057b4a8ccaf26f5a8e86e2689372006d01faf3dd9eeb10b654bb4?s=96&d=mm&r=g\",\"contentUrl\":\"https:\\\/\\\/secure.gravatar.com\\\/avatar\\\/5a67661041f057b4a8ccaf26f5a8e86e2689372006d01faf3dd9eeb10b654bb4?s=96&d=mm&r=g\",\"caption\":\"Cristina Ganga\"},\"description\":\"Jurnalist\",\"sameAs\":[\"https:\\\/\\\/www.facebook.com\\\/cristina.nicola.587\"],\"url\":\"https:\\\/\\\/urbeamea.ro\\\/albaiulia\\\/author\\\/cristina-nicola\\\/\"}]}<\/script>\n<!-- \/ Yoast SEO plugin. -->","yoast_head_json":{"title":"ISU Alba: Concurs pentru ocuparea a patru posturi de ofi\u021beri \u0219i subofi\u021beri. Condi\u0163ii de participare - Revista Urbea Mea - Revista de Alba","description":"Inspectoratul pentru Situa\u0163ii de Urgen\u0163\u0103 \u201eUNIREA\u201d al Jude\u0163ului Alba organizeaz\u0103 concurs pentru ocuparea a patru posturi vacante de ofi\u021beri \u0219i subofi\u021beri.","robots":{"index":"index","follow":"follow","max-snippet":"max-snippet:-1","max-image-preview":"max-image-preview:large","max-video-preview":"max-video-preview:-1"},"canonical":"https:\/\/urbeamea.ro\/albaiulia\/isu-alba-concurs-pentru-ocuparea-patru-posturi-de-ofiteri-si-subofiteri-conditii-de-participare\/","twitter_card":"summary_large_image","twitter_title":"ISU Alba: Concurs pentru ocuparea a patru posturi de ofi\u021beri \u0219i subofi\u021beri. Condi\u0163ii de participare - Revista Urbea Mea - Revista de Alba","twitter_description":"Inspectoratul pentru Situa\u0163ii de Urgen\u0163\u0103 \u201eUNIREA\u201d al Jude\u0163ului Alba organizeaz\u0103 concurs pentru ocuparea a patru posturi vacante de ofi\u021beri \u0219i subofi\u021beri.","twitter_image":"https:\/\/urbeamea.ro\/albaiulia\/wp-content\/uploads\/2016\/12\/ISU.jpg","twitter_creator":"@urbeameaweb","twitter_site":"@urbeameaweb","schema":{"@context":"https:\/\/schema.org","@graph":[{"@type":"Article","@id":"https:\/\/urbeamea.ro\/albaiulia\/isu-alba-concurs-pentru-ocuparea-patru-posturi-de-ofiteri-si-subofiteri-conditii-de-participare\/#article","isPartOf":{"@id":"https:\/\/urbeamea.ro\/albaiulia\/isu-alba-concurs-pentru-ocuparea-patru-posturi-de-ofiteri-si-subofiteri-conditii-de-participare\/"},"author":{"name":"Cristina Ganga","@id":"https:\/\/urbeamea.ro\/albaiulia\/#\/schema\/person\/9700d21fae21c4f038b0b56f4506264a"},"headline":"ISU Alba: Concurs pentru ocuparea a patru posturi de ofi\u021beri \u0219i subofi\u021beri. Condi\u0163ii de participare","datePublished":"2017-12-29T09:28:17+00:00","mainEntityOfPage":{"@id":"https:\/\/urbeamea.ro\/albaiulia\/isu-alba-concurs-pentru-ocuparea-patru-posturi-de-ofiteri-si-subofiteri-conditii-de-participare\/"},"wordCount":2205,"commentCount":0,"image":{"@id":"https:\/\/urbeamea.ro\/albaiulia\/isu-alba-concurs-pentru-ocuparea-patru-posturi-de-ofiteri-si-subofiteri-conditii-de-participare\/#primaryimage"},"thumbnailUrl":"https:\/\/urbeamea.ro\/albaiulia\/wp-content\/uploads\/2016\/12\/ISU.jpg","keywords":["candidati","concurs","inscrieri","ISU Alba","ofiteri","posturi vacante","stiri","subofiteri","Urbea Mea"],"articleSection":["Social"],"inLanguage":"ro-RO","potentialAction":[{"@type":"CommentAction","name":"Comment","target":["https:\/\/urbeamea.ro\/albaiulia\/isu-alba-concurs-pentru-ocuparea-patru-posturi-de-ofiteri-si-subofiteri-conditii-de-participare\/#respond"]}]},{"@type":"WebPage","@id":"https:\/\/urbeamea.ro\/albaiulia\/isu-alba-concurs-pentru-ocuparea-patru-posturi-de-ofiteri-si-subofiteri-conditii-de-participare\/","url":"https:\/\/urbeamea.ro\/albaiulia\/isu-alba-concurs-pentru-ocuparea-patru-posturi-de-ofiteri-si-subofiteri-conditii-de-participare\/","name":"ISU Alba: Concurs pentru ocuparea a patru posturi de ofi\u021beri \u0219i subofi\u021beri. Condi\u0163ii de participare - Revista Urbea Mea - Revista de Alba","isPartOf":{"@id":"https:\/\/urbeamea.ro\/albaiulia\/#website"},"primaryImageOfPage":{"@id":"https:\/\/urbeamea.ro\/albaiulia\/isu-alba-concurs-pentru-ocuparea-patru-posturi-de-ofiteri-si-subofiteri-conditii-de-participare\/#primaryimage"},"image":{"@id":"https:\/\/urbeamea.ro\/albaiulia\/isu-alba-concurs-pentru-ocuparea-patru-posturi-de-ofiteri-si-subofiteri-conditii-de-participare\/#primaryimage"},"thumbnailUrl":"https:\/\/urbeamea.ro\/albaiulia\/wp-content\/uploads\/2016\/12\/ISU.jpg","datePublished":"2017-12-29T09:28:17+00:00","author":{"@id":"https:\/\/urbeamea.ro\/albaiulia\/#\/schema\/person\/9700d21fae21c4f038b0b56f4506264a"},"description":"Inspectoratul pentru Situa\u0163ii de Urgen\u0163\u0103 \u201eUNIREA\u201d al Jude\u0163ului Alba organizeaz\u0103 concurs pentru ocuparea a patru posturi vacante de ofi\u021beri \u0219i subofi\u021beri.","breadcrumb":{"@id":"https:\/\/urbeamea.ro\/albaiulia\/isu-alba-concurs-pentru-ocuparea-patru-posturi-de-ofiteri-si-subofiteri-conditii-de-participare\/#breadcrumb"},"inLanguage":"ro-RO","potentialAction":[{"@type":"ReadAction","target":["https:\/\/urbeamea.ro\/albaiulia\/isu-alba-concurs-pentru-ocuparea-patru-posturi-de-ofiteri-si-subofiteri-conditii-de-participare\/"]}]},{"@type":"ImageObject","inLanguage":"ro-RO","@id":"https:\/\/urbeamea.ro\/albaiulia\/isu-alba-concurs-pentru-ocuparea-patru-posturi-de-ofiteri-si-subofiteri-conditii-de-participare\/#primaryimage","url":"https:\/\/urbeamea.ro\/albaiulia\/wp-content\/uploads\/2016\/12\/ISU.jpg","contentUrl":"https:\/\/urbeamea.ro\/albaiulia\/wp-content\/uploads\/2016\/12\/ISU.jpg","width":1280,"height":951},{"@type":"BreadcrumbList","@id":"https:\/\/urbeamea.ro\/albaiulia\/isu-alba-concurs-pentru-ocuparea-patru-posturi-de-ofiteri-si-subofiteri-conditii-de-participare\/#breadcrumb","itemListElement":[{"@type":"ListItem","position":1,"name":"Prima pagin\u0103","item":"https:\/\/urbeamea.ro\/albaiulia\/"},{"@type":"ListItem","position":2,"name":"ISU Alba: Concurs pentru ocuparea a patru posturi de ofi\u021beri \u0219i subofi\u021beri. Condi\u0163ii de participare"}]},{"@type":"WebSite","@id":"https:\/\/urbeamea.ro\/albaiulia\/#website","url":"https:\/\/urbeamea.ro\/albaiulia\/","name":"Revista Urbea Mea, Stiri urbane","description":"Evenimente \u0219i \u0219tiri din Alba Iulia, Sebe\u0219, Aiud, Blaj","potentialAction":[{"@type":"SearchAction","target":{"@type":"EntryPoint","urlTemplate":"https:\/\/urbeamea.ro\/albaiulia\/?s={search_term_string}"},"query-input":{"@type":"PropertyValueSpecification","valueRequired":true,"valueName":"search_term_string"}}],"inLanguage":"ro-RO"},{"@type":"Person","@id":"https:\/\/urbeamea.ro\/albaiulia\/#\/schema\/person\/9700d21fae21c4f038b0b56f4506264a","name":"Cristina Ganga","image":{"@type":"ImageObject","inLanguage":"ro-RO","@id":"https:\/\/secure.gravatar.com\/avatar\/5a67661041f057b4a8ccaf26f5a8e86e2689372006d01faf3dd9eeb10b654bb4?s=96&d=mm&r=g","url":"https:\/\/secure.gravatar.com\/avatar\/5a67661041f057b4a8ccaf26f5a8e86e2689372006d01faf3dd9eeb10b654bb4?s=96&d=mm&r=g","contentUrl":"https:\/\/secure.gravatar.com\/avatar\/5a67661041f057b4a8ccaf26f5a8e86e2689372006d01faf3dd9eeb10b654bb4?s=96&d=mm&r=g","caption":"Cristina Ganga"},"description":"Jurnalist","sameAs":["https:\/\/www.facebook.com\/cristina.nicola.587"],"url":"https:\/\/urbeamea.ro\/albaiulia\/author\/cristina-nicola\/"}]}},"_links":{"self":[{"href":"https:\/\/urbeamea.ro\/albaiulia\/wp-json\/wp\/v2\/posts\/58816","targetHints":{"allow":["GET"]}}],"collection":[{"href":"https:\/\/urbeamea.ro\/albaiulia\/wp-json\/wp\/v2\/posts"}],"about":[{"href":"https:\/\/urbeamea.ro\/albaiulia\/wp-json\/wp\/v2\/types\/post"}],"author":[{"embeddable":true,"href":"https:\/\/urbeamea.ro\/albaiulia\/wp-json\/wp\/v2\/users\/17"}],"replies":[{"embeddable":true,"href":"https:\/\/urbeamea.ro\/albaiulia\/wp-json\/wp\/v2\/comments?post=58816"}],"version-history":[{"count":0,"href":"https:\/\/urbeamea.ro\/albaiulia\/wp-json\/wp\/v2\/posts\/58816\/revisions"}],"wp:featuredmedia":[{"embeddable":true,"href":"https:\/\/urbeamea.ro\/albaiulia\/wp-json\/wp\/v2\/media\/36873"}],"wp:attachment":[{"href":"https:\/\/urbeamea.ro\/albaiulia\/wp-json\/wp\/v2\/media?parent=58816"}],"wp:term":[{"taxonomy":"category","embeddable":true,"href":"https:\/\/urbeamea.ro\/albaiulia\/wp-json\/wp\/v2\/categories?post=58816"},{"taxonomy":"post_tag","embeddable":true,"href":"https:\/\/urbeamea.ro\/albaiulia\/wp-json\/wp\/v2\/tags?post=58816"}],"curies":[{"name":"wp","href":"https:\/\/api.w.org\/{rel}","templated":true}]}}