{"id":58853,"date":"2017-12-29T18:44:25","date_gmt":"2017-12-29T16:44:25","guid":{"rendered":"https:\/\/urbeamea.ro\/albaiulia\/?p=58853"},"modified":"2017-12-29T18:44:25","modified_gmt":"2017-12-29T16:44:25","slug":"foto-sase-tineri-din-alba-iulia-cu-dosare-penale-pentru-ca-vindeau-ilegal-artificii-piata","status":"publish","type":"post","link":"https:\/\/urbeamea.ro\/albaiulia\/foto-sase-tineri-din-alba-iulia-cu-dosare-penale-pentru-ca-vindeau-ilegal-artificii-piata\/","title":{"rendered":"FOTO: \u015ease tineri din Alba Iulia, cu dosare penale, pentru c\u0103 vindeau ilegal artificii, \u00een pia\u0163\u0103"},"content":{"rendered":"<p><strong>\u015ease tineri din Alba Iulia s-au ales cu dosare penale, pentru c\u0103 au v\u00e2ndut ilegal artificii \u015fi petarde, \u00een zona unei pie\u0163e din ora\u015f. Poli\u0163i\u015ftii au confiscate aproape 3000 de articole pirotehnice.<\/strong><\/p>\n<p>\u00cen zilele de 27 \u0219i 28 decembrie, poli\u0163i\u015ftii \u00a0Serviciului Arme, Explozivi, Substan\u0163e Periculoase din IPJ Alba au desf\u0103\u015furat mai multe controale \u00een zona uni pie\u0163e din municipiul Alba Iulia, pentru prevenirea \u015fi combaterea ilegalit\u0103\u0163ilor legate de comercializarea articolelor cu con\u021binut pirotehnic.<\/p>\n<p>Cu ocazia acestor controale, au fot depista\u0163i \u015fase tineri, cu v\u00e2rste cuprinse \u00eentre 18 \u015fi 33 de ani, to\u0163i din Alba Iulia, care ofereau spre v\u00e2nzare articole pirotehnice din categoria F2 (artificii \u015fi petarde). Fa\u0163\u0103 de ace\u015ftia, au fost \u00eentocmite dosare de cercetare penal\u0103 sub aspectul comiterii infrac\u021biunilor de \u201eopera\u021biuni cu articole pirotehnice efectuate f\u0103r\u0103 drept\u201d.<\/p>\n<p>Poli\u0163i\u015ftii au g\u0103sit \u015fi confiscat 2.972 de astfel de articole, ce erau depozitate, temporar, de c\u0103tre cei \u015fase tineri, \u00een diferite locuri greu accesibile: pe acoperi\u0219ul postului de transformare a curentului electric, \u00een tomberoane, sub aparatele exterioare de aer condi\u021bionat, ale unor societ\u0103\u0163i comerciale din pia\u0163\u0103.<\/p>\n","protected":false},"excerpt":{"rendered":"<p>\u015ease tineri din Alba Iulia s-au ales cu dosare penale, pentru c\u0103 au v\u00e2ndut ilegal artificii \u015fi petarde, \u00een zona unei pie\u0163e din ora\u015f. Poli\u0163i\u015ftii au confiscate aproape 3000 de articole pirotehnice. \u00cen zilele de 27 \u0219i 28 decembrie, poli\u0163i\u015ftii \u00a0Serviciului Arme, Explozivi, Substan\u0163e Periculoase din IPJ Alba au desf\u0103\u015furat mai multe controale \u00een zona &hellip;<\/p>\n","protected":false},"author":17,"featured_media":58854,"comment_status":"open","ping_status":"open","sticky":false,"template":"","format":"standard","meta":{"inline_featured_image":false,"footnotes":""},"categories":[2034],"tags":[307,9256,1031,8670,2670,8610,458,308,336,13945],"class_list":["post-58853","post","type-post","status-publish","format-standard","has-post-thumbnail","hentry","category-social","tag-alba","tag-articole-pirotehnice","tag-artificii","tag-confiscate","tag-dosare-penale","tag-petarde","tag-politisti","tag-stiri","tag-tineri","tag-uebea-mea"],"yoast_head":"<!-- This site is optimized with the Yoast SEO plugin v28.3 - https:\/\/yoast.com\/product\/yoast-seo-wordpress\/ -->\n<title>FOTO: \u015ease tineri din Alba Iulia, cu dosare penale, pentru c\u0103 vindeau ilegal artificii, \u00een pia\u0163\u0103 - Revista Urbea Mea - Revista de Alba<\/title>\n<meta name=\"description\" content=\"\u015ease tineri din Alba Iulia s-au ales cu dosare penale, pentru c\u0103 au v\u00e2ndut ilegal artificii \u015fi petarde, \u00een zona unei pie\u0163e din ora\u015f. Poli\u0163i\u015ftii au\" \/>\n<meta name=\"robots\" content=\"index, follow, max-snippet:-1, max-image-preview:large, max-video-preview:-1\" \/>\n<link rel=\"canonical\" href=\"https:\/\/urbeamea.ro\/albaiulia\/foto-sase-tineri-din-alba-iulia-cu-dosare-penale-pentru-ca-vindeau-ilegal-artificii-piata\/\" \/>\n<meta name=\"twitter:card\" content=\"summary_large_image\" \/>\n<meta name=\"twitter:title\" content=\"FOTO: \u015ease tineri din Alba Iulia, cu dosare penale, pentru c\u0103 vindeau ilegal artificii, \u00een pia\u0163\u0103 - Revista Urbea Mea - Revista de Alba\" \/>\n<meta name=\"twitter:description\" content=\"\u015ease tineri din Alba Iulia s-au ales cu dosare penale, pentru c\u0103 au v\u00e2ndut ilegal artificii \u015fi petarde, \u00een zona unei pie\u0163e din ora\u015f. Poli\u0163i\u015ftii au\" \/>\n<meta name=\"twitter:image\" content=\"https:\/\/urbeamea.ro\/albaiulia\/wp-content\/uploads\/2017\/12\/alba-iulia.jpg\" \/>\n<meta name=\"twitter:creator\" content=\"@urbeameaweb\" \/>\n<meta name=\"twitter:site\" content=\"@urbeameaweb\" \/>\n<script type=\"application\/ld+json\" class=\"yoast-schema-graph\">{\"@context\":\"https:\\\/\\\/schema.org\",\"@graph\":[{\"@type\":\"Article\",\"@id\":\"https:\\\/\\\/urbeamea.ro\\\/albaiulia\\\/foto-sase-tineri-din-alba-iulia-cu-dosare-penale-pentru-ca-vindeau-ilegal-artificii-piata\\\/#article\",\"isPartOf\":{\"@id\":\"https:\\\/\\\/urbeamea.ro\\\/albaiulia\\\/foto-sase-tineri-din-alba-iulia-cu-dosare-penale-pentru-ca-vindeau-ilegal-artificii-piata\\\/\"},\"author\":{\"name\":\"Cristina Ganga\",\"@id\":\"https:\\\/\\\/urbeamea.ro\\\/albaiulia\\\/#\\\/schema\\\/person\\\/9700d21fae21c4f038b0b56f4506264a\"},\"headline\":\"FOTO: \u015ease tineri din Alba Iulia, cu dosare penale, pentru c\u0103 vindeau ilegal artificii, \u00een pia\u0163\u0103\",\"datePublished\":\"2017-12-29T16:44:25+00:00\",\"mainEntityOfPage\":{\"@id\":\"https:\\\/\\\/urbeamea.ro\\\/albaiulia\\\/foto-sase-tineri-din-alba-iulia-cu-dosare-penale-pentru-ca-vindeau-ilegal-artificii-piata\\\/\"},\"wordCount\":211,\"commentCount\":0,\"image\":{\"@id\":\"https:\\\/\\\/urbeamea.ro\\\/albaiulia\\\/foto-sase-tineri-din-alba-iulia-cu-dosare-penale-pentru-ca-vindeau-ilegal-artificii-piata\\\/#primaryimage\"},\"thumbnailUrl\":\"https:\\\/\\\/urbeamea.ro\\\/albaiulia\\\/wp-content\\\/uploads\\\/2017\\\/12\\\/alba-iulia.jpg\",\"keywords\":[\"alba\",\"articole pirotehnice\",\"artificii\",\"confiscate\",\"dosare penale\",\"petarde\",\"politisti\",\"stiri\",\"tineri\",\"uebea mea\"],\"articleSection\":[\"Social\"],\"inLanguage\":\"ro-RO\",\"potentialAction\":[{\"@type\":\"CommentAction\",\"name\":\"Comment\",\"target\":[\"https:\\\/\\\/urbeamea.ro\\\/albaiulia\\\/foto-sase-tineri-din-alba-iulia-cu-dosare-penale-pentru-ca-vindeau-ilegal-artificii-piata\\\/#respond\"]}]},{\"@type\":\"WebPage\",\"@id\":\"https:\\\/\\\/urbeamea.ro\\\/albaiulia\\\/foto-sase-tineri-din-alba-iulia-cu-dosare-penale-pentru-ca-vindeau-ilegal-artificii-piata\\\/\",\"url\":\"https:\\\/\\\/urbeamea.ro\\\/albaiulia\\\/foto-sase-tineri-din-alba-iulia-cu-dosare-penale-pentru-ca-vindeau-ilegal-artificii-piata\\\/\",\"name\":\"FOTO: \u015ease tineri din Alba Iulia, cu dosare penale, pentru c\u0103 vindeau ilegal artificii, \u00een pia\u0163\u0103 - Revista Urbea Mea - Revista de Alba\",\"isPartOf\":{\"@id\":\"https:\\\/\\\/urbeamea.ro\\\/albaiulia\\\/#website\"},\"primaryImageOfPage\":{\"@id\":\"https:\\\/\\\/urbeamea.ro\\\/albaiulia\\\/foto-sase-tineri-din-alba-iulia-cu-dosare-penale-pentru-ca-vindeau-ilegal-artificii-piata\\\/#primaryimage\"},\"image\":{\"@id\":\"https:\\\/\\\/urbeamea.ro\\\/albaiulia\\\/foto-sase-tineri-din-alba-iulia-cu-dosare-penale-pentru-ca-vindeau-ilegal-artificii-piata\\\/#primaryimage\"},\"thumbnailUrl\":\"https:\\\/\\\/urbeamea.ro\\\/albaiulia\\\/wp-content\\\/uploads\\\/2017\\\/12\\\/alba-iulia.jpg\",\"datePublished\":\"2017-12-29T16:44:25+00:00\",\"author\":{\"@id\":\"https:\\\/\\\/urbeamea.ro\\\/albaiulia\\\/#\\\/schema\\\/person\\\/9700d21fae21c4f038b0b56f4506264a\"},\"description\":\"\u015ease tineri din Alba Iulia s-au ales cu dosare penale, pentru c\u0103 au v\u00e2ndut ilegal artificii \u015fi petarde, \u00een zona unei pie\u0163e din ora\u015f. Poli\u0163i\u015ftii au\",\"breadcrumb\":{\"@id\":\"https:\\\/\\\/urbeamea.ro\\\/albaiulia\\\/foto-sase-tineri-din-alba-iulia-cu-dosare-penale-pentru-ca-vindeau-ilegal-artificii-piata\\\/#breadcrumb\"},\"inLanguage\":\"ro-RO\",\"potentialAction\":[{\"@type\":\"ReadAction\",\"target\":[\"https:\\\/\\\/urbeamea.ro\\\/albaiulia\\\/foto-sase-tineri-din-alba-iulia-cu-dosare-penale-pentru-ca-vindeau-ilegal-artificii-piata\\\/\"]}]},{\"@type\":\"ImageObject\",\"inLanguage\":\"ro-RO\",\"@id\":\"https:\\\/\\\/urbeamea.ro\\\/albaiulia\\\/foto-sase-tineri-din-alba-iulia-cu-dosare-penale-pentru-ca-vindeau-ilegal-artificii-piata\\\/#primaryimage\",\"url\":\"https:\\\/\\\/urbeamea.ro\\\/albaiulia\\\/wp-content\\\/uploads\\\/2017\\\/12\\\/alba-iulia.jpg\",\"contentUrl\":\"https:\\\/\\\/urbeamea.ro\\\/albaiulia\\\/wp-content\\\/uploads\\\/2017\\\/12\\\/alba-iulia.jpg\",\"width\":1200,\"height\":800},{\"@type\":\"BreadcrumbList\",\"@id\":\"https:\\\/\\\/urbeamea.ro\\\/albaiulia\\\/foto-sase-tineri-din-alba-iulia-cu-dosare-penale-pentru-ca-vindeau-ilegal-artificii-piata\\\/#breadcrumb\",\"itemListElement\":[{\"@type\":\"ListItem\",\"position\":1,\"name\":\"Prima pagin\u0103\",\"item\":\"https:\\\/\\\/urbeamea.ro\\\/albaiulia\\\/\"},{\"@type\":\"ListItem\",\"position\":2,\"name\":\"FOTO: \u015ease tineri din Alba Iulia, cu dosare penale, pentru c\u0103 vindeau ilegal artificii, \u00een pia\u0163\u0103\"}]},{\"@type\":\"WebSite\",\"@id\":\"https:\\\/\\\/urbeamea.ro\\\/albaiulia\\\/#website\",\"url\":\"https:\\\/\\\/urbeamea.ro\\\/albaiulia\\\/\",\"name\":\"Revista Urbea Mea, Stiri urbane\",\"description\":\"Evenimente \u0219i \u0219tiri din Alba Iulia, Sebe\u0219, Aiud, Blaj\",\"potentialAction\":[{\"@type\":\"SearchAction\",\"target\":{\"@type\":\"EntryPoint\",\"urlTemplate\":\"https:\\\/\\\/urbeamea.ro\\\/albaiulia\\\/?s={search_term_string}\"},\"query-input\":{\"@type\":\"PropertyValueSpecification\",\"valueRequired\":true,\"valueName\":\"search_term_string\"}}],\"inLanguage\":\"ro-RO\"},{\"@type\":\"Person\",\"@id\":\"https:\\\/\\\/urbeamea.ro\\\/albaiulia\\\/#\\\/schema\\\/person\\\/9700d21fae21c4f038b0b56f4506264a\",\"name\":\"Cristina Ganga\",\"image\":{\"@type\":\"ImageObject\",\"inLanguage\":\"ro-RO\",\"@id\":\"https:\\\/\\\/secure.gravatar.com\\\/avatar\\\/5a67661041f057b4a8ccaf26f5a8e86e2689372006d01faf3dd9eeb10b654bb4?s=96&d=mm&r=g\",\"url\":\"https:\\\/\\\/secure.gravatar.com\\\/avatar\\\/5a67661041f057b4a8ccaf26f5a8e86e2689372006d01faf3dd9eeb10b654bb4?s=96&d=mm&r=g\",\"contentUrl\":\"https:\\\/\\\/secure.gravatar.com\\\/avatar\\\/5a67661041f057b4a8ccaf26f5a8e86e2689372006d01faf3dd9eeb10b654bb4?s=96&d=mm&r=g\",\"caption\":\"Cristina Ganga\"},\"description\":\"Jurnalist\",\"sameAs\":[\"https:\\\/\\\/www.facebook.com\\\/cristina.nicola.587\"],\"url\":\"https:\\\/\\\/urbeamea.ro\\\/albaiulia\\\/author\\\/cristina-nicola\\\/\"}]}<\/script>\n<!-- \/ Yoast SEO plugin. -->","yoast_head_json":{"title":"FOTO: \u015ease tineri din Alba Iulia, cu dosare penale, pentru c\u0103 vindeau ilegal artificii, \u00een pia\u0163\u0103 - Revista Urbea Mea - Revista de Alba","description":"\u015ease tineri din Alba Iulia s-au ales cu dosare penale, pentru c\u0103 au v\u00e2ndut ilegal artificii \u015fi petarde, \u00een zona unei pie\u0163e din ora\u015f. Poli\u0163i\u015ftii au","robots":{"index":"index","follow":"follow","max-snippet":"max-snippet:-1","max-image-preview":"max-image-preview:large","max-video-preview":"max-video-preview:-1"},"canonical":"https:\/\/urbeamea.ro\/albaiulia\/foto-sase-tineri-din-alba-iulia-cu-dosare-penale-pentru-ca-vindeau-ilegal-artificii-piata\/","twitter_card":"summary_large_image","twitter_title":"FOTO: \u015ease tineri din Alba Iulia, cu dosare penale, pentru c\u0103 vindeau ilegal artificii, \u00een pia\u0163\u0103 - Revista Urbea Mea - Revista de Alba","twitter_description":"\u015ease tineri din Alba Iulia s-au ales cu dosare penale, pentru c\u0103 au v\u00e2ndut ilegal artificii \u015fi petarde, \u00een zona unei pie\u0163e din ora\u015f. Poli\u0163i\u015ftii au","twitter_image":"https:\/\/urbeamea.ro\/albaiulia\/wp-content\/uploads\/2017\/12\/alba-iulia.jpg","twitter_creator":"@urbeameaweb","twitter_site":"@urbeameaweb","schema":{"@context":"https:\/\/schema.org","@graph":[{"@type":"Article","@id":"https:\/\/urbeamea.ro\/albaiulia\/foto-sase-tineri-din-alba-iulia-cu-dosare-penale-pentru-ca-vindeau-ilegal-artificii-piata\/#article","isPartOf":{"@id":"https:\/\/urbeamea.ro\/albaiulia\/foto-sase-tineri-din-alba-iulia-cu-dosare-penale-pentru-ca-vindeau-ilegal-artificii-piata\/"},"author":{"name":"Cristina Ganga","@id":"https:\/\/urbeamea.ro\/albaiulia\/#\/schema\/person\/9700d21fae21c4f038b0b56f4506264a"},"headline":"FOTO: \u015ease tineri din Alba Iulia, cu dosare penale, pentru c\u0103 vindeau ilegal artificii, \u00een pia\u0163\u0103","datePublished":"2017-12-29T16:44:25+00:00","mainEntityOfPage":{"@id":"https:\/\/urbeamea.ro\/albaiulia\/foto-sase-tineri-din-alba-iulia-cu-dosare-penale-pentru-ca-vindeau-ilegal-artificii-piata\/"},"wordCount":211,"commentCount":0,"image":{"@id":"https:\/\/urbeamea.ro\/albaiulia\/foto-sase-tineri-din-alba-iulia-cu-dosare-penale-pentru-ca-vindeau-ilegal-artificii-piata\/#primaryimage"},"thumbnailUrl":"https:\/\/urbeamea.ro\/albaiulia\/wp-content\/uploads\/2017\/12\/alba-iulia.jpg","keywords":["alba","articole pirotehnice","artificii","confiscate","dosare penale","petarde","politisti","stiri","tineri","uebea mea"],"articleSection":["Social"],"inLanguage":"ro-RO","potentialAction":[{"@type":"CommentAction","name":"Comment","target":["https:\/\/urbeamea.ro\/albaiulia\/foto-sase-tineri-din-alba-iulia-cu-dosare-penale-pentru-ca-vindeau-ilegal-artificii-piata\/#respond"]}]},{"@type":"WebPage","@id":"https:\/\/urbeamea.ro\/albaiulia\/foto-sase-tineri-din-alba-iulia-cu-dosare-penale-pentru-ca-vindeau-ilegal-artificii-piata\/","url":"https:\/\/urbeamea.ro\/albaiulia\/foto-sase-tineri-din-alba-iulia-cu-dosare-penale-pentru-ca-vindeau-ilegal-artificii-piata\/","name":"FOTO: \u015ease tineri din Alba Iulia, cu dosare penale, pentru c\u0103 vindeau ilegal artificii, \u00een pia\u0163\u0103 - Revista Urbea Mea - Revista de Alba","isPartOf":{"@id":"https:\/\/urbeamea.ro\/albaiulia\/#website"},"primaryImageOfPage":{"@id":"https:\/\/urbeamea.ro\/albaiulia\/foto-sase-tineri-din-alba-iulia-cu-dosare-penale-pentru-ca-vindeau-ilegal-artificii-piata\/#primaryimage"},"image":{"@id":"https:\/\/urbeamea.ro\/albaiulia\/foto-sase-tineri-din-alba-iulia-cu-dosare-penale-pentru-ca-vindeau-ilegal-artificii-piata\/#primaryimage"},"thumbnailUrl":"https:\/\/urbeamea.ro\/albaiulia\/wp-content\/uploads\/2017\/12\/alba-iulia.jpg","datePublished":"2017-12-29T16:44:25+00:00","author":{"@id":"https:\/\/urbeamea.ro\/albaiulia\/#\/schema\/person\/9700d21fae21c4f038b0b56f4506264a"},"description":"\u015ease tineri din Alba Iulia s-au ales cu dosare penale, pentru c\u0103 au v\u00e2ndut ilegal artificii \u015fi petarde, \u00een zona unei pie\u0163e din ora\u015f. Poli\u0163i\u015ftii au","breadcrumb":{"@id":"https:\/\/urbeamea.ro\/albaiulia\/foto-sase-tineri-din-alba-iulia-cu-dosare-penale-pentru-ca-vindeau-ilegal-artificii-piata\/#breadcrumb"},"inLanguage":"ro-RO","potentialAction":[{"@type":"ReadAction","target":["https:\/\/urbeamea.ro\/albaiulia\/foto-sase-tineri-din-alba-iulia-cu-dosare-penale-pentru-ca-vindeau-ilegal-artificii-piata\/"]}]},{"@type":"ImageObject","inLanguage":"ro-RO","@id":"https:\/\/urbeamea.ro\/albaiulia\/foto-sase-tineri-din-alba-iulia-cu-dosare-penale-pentru-ca-vindeau-ilegal-artificii-piata\/#primaryimage","url":"https:\/\/urbeamea.ro\/albaiulia\/wp-content\/uploads\/2017\/12\/alba-iulia.jpg","contentUrl":"https:\/\/urbeamea.ro\/albaiulia\/wp-content\/uploads\/2017\/12\/alba-iulia.jpg","width":1200,"height":800},{"@type":"BreadcrumbList","@id":"https:\/\/urbeamea.ro\/albaiulia\/foto-sase-tineri-din-alba-iulia-cu-dosare-penale-pentru-ca-vindeau-ilegal-artificii-piata\/#breadcrumb","itemListElement":[{"@type":"ListItem","position":1,"name":"Prima pagin\u0103","item":"https:\/\/urbeamea.ro\/albaiulia\/"},{"@type":"ListItem","position":2,"name":"FOTO: \u015ease tineri din Alba Iulia, cu dosare penale, pentru c\u0103 vindeau ilegal artificii, \u00een pia\u0163\u0103"}]},{"@type":"WebSite","@id":"https:\/\/urbeamea.ro\/albaiulia\/#website","url":"https:\/\/urbeamea.ro\/albaiulia\/","name":"Revista Urbea Mea, Stiri urbane","description":"Evenimente \u0219i \u0219tiri din Alba Iulia, Sebe\u0219, Aiud, Blaj","potentialAction":[{"@type":"SearchAction","target":{"@type":"EntryPoint","urlTemplate":"https:\/\/urbeamea.ro\/albaiulia\/?s={search_term_string}"},"query-input":{"@type":"PropertyValueSpecification","valueRequired":true,"valueName":"search_term_string"}}],"inLanguage":"ro-RO"},{"@type":"Person","@id":"https:\/\/urbeamea.ro\/albaiulia\/#\/schema\/person\/9700d21fae21c4f038b0b56f4506264a","name":"Cristina Ganga","image":{"@type":"ImageObject","inLanguage":"ro-RO","@id":"https:\/\/secure.gravatar.com\/avatar\/5a67661041f057b4a8ccaf26f5a8e86e2689372006d01faf3dd9eeb10b654bb4?s=96&d=mm&r=g","url":"https:\/\/secure.gravatar.com\/avatar\/5a67661041f057b4a8ccaf26f5a8e86e2689372006d01faf3dd9eeb10b654bb4?s=96&d=mm&r=g","contentUrl":"https:\/\/secure.gravatar.com\/avatar\/5a67661041f057b4a8ccaf26f5a8e86e2689372006d01faf3dd9eeb10b654bb4?s=96&d=mm&r=g","caption":"Cristina Ganga"},"description":"Jurnalist","sameAs":["https:\/\/www.facebook.com\/cristina.nicola.587"],"url":"https:\/\/urbeamea.ro\/albaiulia\/author\/cristina-nicola\/"}]}},"_links":{"self":[{"href":"https:\/\/urbeamea.ro\/albaiulia\/wp-json\/wp\/v2\/posts\/58853","targetHints":{"allow":["GET"]}}],"collection":[{"href":"https:\/\/urbeamea.ro\/albaiulia\/wp-json\/wp\/v2\/posts"}],"about":[{"href":"https:\/\/urbeamea.ro\/albaiulia\/wp-json\/wp\/v2\/types\/post"}],"author":[{"embeddable":true,"href":"https:\/\/urbeamea.ro\/albaiulia\/wp-json\/wp\/v2\/users\/17"}],"replies":[{"embeddable":true,"href":"https:\/\/urbeamea.ro\/albaiulia\/wp-json\/wp\/v2\/comments?post=58853"}],"version-history":[{"count":0,"href":"https:\/\/urbeamea.ro\/albaiulia\/wp-json\/wp\/v2\/posts\/58853\/revisions"}],"wp:featuredmedia":[{"embeddable":true,"href":"https:\/\/urbeamea.ro\/albaiulia\/wp-json\/wp\/v2\/media\/58854"}],"wp:attachment":[{"href":"https:\/\/urbeamea.ro\/albaiulia\/wp-json\/wp\/v2\/media?parent=58853"}],"wp:term":[{"taxonomy":"category","embeddable":true,"href":"https:\/\/urbeamea.ro\/albaiulia\/wp-json\/wp\/v2\/categories?post=58853"},{"taxonomy":"post_tag","embeddable":true,"href":"https:\/\/urbeamea.ro\/albaiulia\/wp-json\/wp\/v2\/tags?post=58853"}],"curies":[{"name":"wp","href":"https:\/\/api.w.org\/{rel}","templated":true}]}}