{"id":58919,"date":"2018-01-04T16:03:30","date_gmt":"2018-01-04T14:03:30","guid":{"rendered":"https:\/\/urbeamea.ro\/albaiulia\/?p=58919"},"modified":"2018-01-04T16:03:30","modified_gmt":"2018-01-04T14:03:30","slug":"foto-cetatenii-din-galda-de-jos-sfatuiti-de-politisti-cu-privire-la-prevenirea-infractiunilor-de-furt-din-locuinte-si-inselaciuni","status":"publish","type":"post","link":"https:\/\/urbeamea.ro\/albaiulia\/foto-cetatenii-din-galda-de-jos-sfatuiti-de-politisti-cu-privire-la-prevenirea-infractiunilor-de-furt-din-locuinte-si-inselaciuni\/","title":{"rendered":"FOTO: Cet\u0103\u0163enii din Galda de Jos, sf\u0103tui\u0163i de poli\u0163i\u015fti cu privire la prevenirea infrac\u0163iunilor de furt din locuin\u0163e \u015fi \u00een\u015fel\u0103ciuni"},"content":{"rendered":"<p><strong>Ac\u0163iunile ce vizeaz\u0103 cre\u015fterea siguran\u0163ei \u015fi prevenirea infrac\u0163iunilor de furt din locuin\u0163e \u015fi \u00een\u015fel\u0103ciunile sunt continuate de poli\u0163i\u015ftii din Alba \u015fi \u00een anul 2018. Cet\u0103\u0163eni din comuna Galda de Jos au primit sfaturi de la poli\u0163i\u015fti, pentru a nu deveni victime ale furturilor \u015fi \u00een\u015fel\u0103ciunilor, comise prin diverse moduri de operare. <\/strong><\/p>\n<p>Azi, 4 ianuarie 2018, poli\u0163i\u015ftii Compartimentului de Analiz\u0103 \u015fi Prevenire a Criminalit\u0103\u0163ii din cadrul Inspectoratului de Poli\u0163ie Jude\u0163ean Alba, sprijini\u0163i de poli\u0163i\u015ftii Sec\u0163iei 1 Poli\u0163ie Rural\u0103 Galde de Jos, au desf\u0103\u015furat o ac\u0163iune de informare a cet\u0103\u0163enilor din comuna Galda de Jos, cu privire la modalit\u0103\u0163ile concrete de prevenire a furturilor din locuin\u0163e \u015fi a \u00een\u015fel\u0103ciunilor comise prin diverse moduri de operare.<\/p>\n<p>Astfel, peste 150 de persoane\u00a0 au primit recomand\u0103ri pentru a-\u015fi proteja locuin\u0163a, bunurile personale \u015fi pentru a nu da curs solicit\u0103rilor primite prin telefon din partea unor necunoscu\u0163i, care fie mint \u00een leg\u0103tur\u0103 cu identitatea lor \u015fi \u00ee\u015fi atribuie calit\u0103\u0163i false, fie fac diverse solicit\u0103ri pentru servicii false.<\/p>\n<p>Cet\u0103\u0163enilor le-au fost puse la dispozi\u0163ie materialele informativ &#8211; preventive \u015fi li s-a recomandat s\u0103 transmit\u0103 \u015fi apropia\u0163ilor mesajele de preven\u0163ie ale poli\u0163i\u015ftilor.<\/p>\n<p>Prevenirea infrac\u0163iunilor contra patrimoniului r\u0103m\u00e2ne prioritatea Inspectoratului de Poli\u0163ie Jude\u0163ean Alba \u015fi anul 2018, iar activit\u0103\u0163ile de informare a popula\u0163ie \u00een leg\u0103tur\u0103 cu mijloacele de autoprotec\u0163ie recomandate, vor continua, at\u00e2t \u00een mediul urban c\u00e2t \u015fi \u00een mediul rural.<\/p>\n<p>Stima\u0163i cet\u0103\u0163eni, Inspectoratul de Poli\u0163ie Jude\u0163ean Alba <strong>v\u0103 recomand\u0103: <\/strong><\/p>\n<p>&nbsp;<\/p>\n<ul>\n<li><em>Monta\u0163i o \u00eencuietoare de \u00eenalt\u0103 siguran\u0163\u0103 la intrarea \u00een locuin\u0163\u0103!<\/em><\/li>\n<li><em>Nu l\u0103sa\u0163i u\u015fa descuiat\u0103 nici pe timpul zilei, nici pe timpul nop\u0163ii, chiar dac\u0103 v\u0103 afla\u0163i la domiciliu!<\/em><\/li>\n<li><em>Nu primi\u0163i \u00een cas\u0103 persoane necunoscute care ofer\u0103 spre v\u00e2nzare diverse bunuri sau servicii!<\/em><\/li>\n<li><em>Dac\u0103 primi\u0163i un telefon de la un necunoscut care v\u0103 pretinde bani, pentru facilitarea unei interven\u0163ii c\u0103tre autorit\u0103\u0163i sau sub orice alte motive, nu da\u0163i curs solicit\u0103rii, deoarece exist\u0103 riscul major s\u0103 fi\u0163i victima unei \u00een\u015fel\u0103ciuni!<\/em><\/li>\n<li><em>Dac\u0103 observa\u0163i persoane suspecte sau sunte\u0163i victim\u0103 a unei infrac\u0163iuni, sesiza\u0163i Poli\u0163ia!<\/em><\/li>\n<\/ul>\n<div id='gallery-1' class='gallery galleryid-58919 gallery-columns-3 gallery-size-thumbnail'><figure class='gallery-item'>\n\t\t\t<div class='gallery-icon landscape'>\n\t\t\t\t<a href='https:\/\/urbeamea.ro\/albaiulia\/wp-content\/uploads\/2018\/01\/DSC1460.jpg'><img decoding=\"async\" width=\"150\" height=\"100\" src=\"data:image\/png;base64,iVBORw0KGgoAAAANSUhEUgAAAYYAAADcAQMAAABOLJSDAAAAA1BMVEUAAACnej3aAAAAAXRSTlMAQObYZgAAACJJREFUaIHtwTEBAAAAwqD1T20ND6AAAAAAAAAAAAAA4N8AKvgAAUFIrrEAAAAASUVORK5CYII=\" class=\"attachment-thumbnail size-thumbnail lazy-img\" alt=\"\" srcset=\"https:\/\/urbeamea.ro\/albaiulia\/wp-content\/uploads\/2018\/01\/DSC1460-150x100.jpg 150w, https:\/\/urbeamea.ro\/albaiulia\/wp-content\/uploads\/2018\/01\/DSC1460-640x427.jpg 640w, https:\/\/urbeamea.ro\/albaiulia\/wp-content\/uploads\/2018\/01\/DSC1460-768x512.jpg 768w, https:\/\/urbeamea.ro\/albaiulia\/wp-content\/uploads\/2018\/01\/DSC1460.jpg 1200w\" sizes=\"auto, (max-width: 150px) 100vw, 150px\" data-src=\"https:\/\/urbeamea.ro\/albaiulia\/wp-content\/uploads\/2018\/01\/DSC1460-150x100.jpg\" loading=\"lazy\" \/><\/a>\n\t\t\t<\/div><\/figure><figure class='gallery-item'>\n\t\t\t<div class='gallery-icon landscape'>\n\t\t\t\t<a href='https:\/\/urbeamea.ro\/albaiulia\/wp-content\/uploads\/2018\/01\/DSC1465.jpg'><img decoding=\"async\" width=\"150\" height=\"100\" src=\"data:image\/png;base64,iVBORw0KGgoAAAANSUhEUgAAAYYAAADcAQMAAABOLJSDAAAAA1BMVEUAAACnej3aAAAAAXRSTlMAQObYZgAAACJJREFUaIHtwTEBAAAAwqD1T20ND6AAAAAAAAAAAAAA4N8AKvgAAUFIrrEAAAAASUVORK5CYII=\" class=\"attachment-thumbnail size-thumbnail lazy-img\" alt=\"\" srcset=\"https:\/\/urbeamea.ro\/albaiulia\/wp-content\/uploads\/2018\/01\/DSC1465-150x100.jpg 150w, https:\/\/urbeamea.ro\/albaiulia\/wp-content\/uploads\/2018\/01\/DSC1465-640x427.jpg 640w, https:\/\/urbeamea.ro\/albaiulia\/wp-content\/uploads\/2018\/01\/DSC1465-768x512.jpg 768w, https:\/\/urbeamea.ro\/albaiulia\/wp-content\/uploads\/2018\/01\/DSC1465.jpg 1200w\" sizes=\"auto, (max-width: 150px) 100vw, 150px\" data-src=\"https:\/\/urbeamea.ro\/albaiulia\/wp-content\/uploads\/2018\/01\/DSC1465-150x100.jpg\" loading=\"lazy\" \/><\/a>\n\t\t\t<\/div><\/figure><figure class='gallery-item'>\n\t\t\t<div class='gallery-icon landscape'>\n\t\t\t\t<a href='https:\/\/urbeamea.ro\/albaiulia\/wp-content\/uploads\/2018\/01\/DSC1468.jpg'><img decoding=\"async\" width=\"150\" height=\"100\" src=\"data:image\/png;base64,iVBORw0KGgoAAAANSUhEUgAAAYYAAADcAQMAAABOLJSDAAAAA1BMVEUAAACnej3aAAAAAXRSTlMAQObYZgAAACJJREFUaIHtwTEBAAAAwqD1T20ND6AAAAAAAAAAAAAA4N8AKvgAAUFIrrEAAAAASUVORK5CYII=\" class=\"attachment-thumbnail size-thumbnail lazy-img\" alt=\"\" srcset=\"https:\/\/urbeamea.ro\/albaiulia\/wp-content\/uploads\/2018\/01\/DSC1468-150x100.jpg 150w, https:\/\/urbeamea.ro\/albaiulia\/wp-content\/uploads\/2018\/01\/DSC1468-640x427.jpg 640w, https:\/\/urbeamea.ro\/albaiulia\/wp-content\/uploads\/2018\/01\/DSC1468-768x512.jpg 768w, https:\/\/urbeamea.ro\/albaiulia\/wp-content\/uploads\/2018\/01\/DSC1468.jpg 1200w\" sizes=\"auto, (max-width: 150px) 100vw, 150px\" data-src=\"https:\/\/urbeamea.ro\/albaiulia\/wp-content\/uploads\/2018\/01\/DSC1468-150x100.jpg\" loading=\"lazy\" \/><\/a>\n\t\t\t<\/div><\/figure><figure class='gallery-item'>\n\t\t\t<div class='gallery-icon landscape'>\n\t\t\t\t<a href='https:\/\/urbeamea.ro\/albaiulia\/wp-content\/uploads\/2018\/01\/DSC1472.jpg'><img decoding=\"async\" width=\"150\" height=\"100\" src=\"data:image\/png;base64,iVBORw0KGgoAAAANSUhEUgAAAYYAAADcAQMAAABOLJSDAAAAA1BMVEUAAACnej3aAAAAAXRSTlMAQObYZgAAACJJREFUaIHtwTEBAAAAwqD1T20ND6AAAAAAAAAAAAAA4N8AKvgAAUFIrrEAAAAASUVORK5CYII=\" class=\"attachment-thumbnail size-thumbnail lazy-img\" alt=\"\" srcset=\"https:\/\/urbeamea.ro\/albaiulia\/wp-content\/uploads\/2018\/01\/DSC1472-150x100.jpg 150w, https:\/\/urbeamea.ro\/albaiulia\/wp-content\/uploads\/2018\/01\/DSC1472-640x427.jpg 640w, https:\/\/urbeamea.ro\/albaiulia\/wp-content\/uploads\/2018\/01\/DSC1472-768x512.jpg 768w, https:\/\/urbeamea.ro\/albaiulia\/wp-content\/uploads\/2018\/01\/DSC1472.jpg 1200w\" sizes=\"auto, (max-width: 150px) 100vw, 150px\" data-src=\"https:\/\/urbeamea.ro\/albaiulia\/wp-content\/uploads\/2018\/01\/DSC1472-150x100.jpg\" loading=\"lazy\" \/><\/a>\n\t\t\t<\/div><\/figure><figure class='gallery-item'>\n\t\t\t<div class='gallery-icon landscape'>\n\t\t\t\t<a href='https:\/\/urbeamea.ro\/albaiulia\/wp-content\/uploads\/2018\/01\/DSC1476.jpg'><img decoding=\"async\" width=\"150\" height=\"100\" src=\"data:image\/png;base64,iVBORw0KGgoAAAANSUhEUgAAAYYAAADcAQMAAABOLJSDAAAAA1BMVEUAAACnej3aAAAAAXRSTlMAQObYZgAAACJJREFUaIHtwTEBAAAAwqD1T20ND6AAAAAAAAAAAAAA4N8AKvgAAUFIrrEAAAAASUVORK5CYII=\" class=\"attachment-thumbnail size-thumbnail lazy-img\" alt=\"\" srcset=\"https:\/\/urbeamea.ro\/albaiulia\/wp-content\/uploads\/2018\/01\/DSC1476-150x100.jpg 150w, https:\/\/urbeamea.ro\/albaiulia\/wp-content\/uploads\/2018\/01\/DSC1476-640x427.jpg 640w, https:\/\/urbeamea.ro\/albaiulia\/wp-content\/uploads\/2018\/01\/DSC1476-768x512.jpg 768w, https:\/\/urbeamea.ro\/albaiulia\/wp-content\/uploads\/2018\/01\/DSC1476.jpg 1200w\" sizes=\"auto, (max-width: 150px) 100vw, 150px\" data-src=\"https:\/\/urbeamea.ro\/albaiulia\/wp-content\/uploads\/2018\/01\/DSC1476-150x100.jpg\" loading=\"lazy\" \/><\/a>\n\t\t\t<\/div><\/figure><figure class='gallery-item'>\n\t\t\t<div class='gallery-icon landscape'>\n\t\t\t\t<a href='https:\/\/urbeamea.ro\/albaiulia\/wp-content\/uploads\/2018\/01\/DSC1485.jpg'><img decoding=\"async\" width=\"150\" height=\"100\" src=\"data:image\/png;base64,iVBORw0KGgoAAAANSUhEUgAAAYYAAADcAQMAAABOLJSDAAAAA1BMVEUAAACnej3aAAAAAXRSTlMAQObYZgAAACJJREFUaIHtwTEBAAAAwqD1T20ND6AAAAAAAAAAAAAA4N8AKvgAAUFIrrEAAAAASUVORK5CYII=\" class=\"attachment-thumbnail size-thumbnail lazy-img\" alt=\"\" srcset=\"https:\/\/urbeamea.ro\/albaiulia\/wp-content\/uploads\/2018\/01\/DSC1485-150x100.jpg 150w, https:\/\/urbeamea.ro\/albaiulia\/wp-content\/uploads\/2018\/01\/DSC1485-640x427.jpg 640w, https:\/\/urbeamea.ro\/albaiulia\/wp-content\/uploads\/2018\/01\/DSC1485-768x512.jpg 768w, https:\/\/urbeamea.ro\/albaiulia\/wp-content\/uploads\/2018\/01\/DSC1485.jpg 1200w\" sizes=\"auto, (max-width: 150px) 100vw, 150px\" data-src=\"https:\/\/urbeamea.ro\/albaiulia\/wp-content\/uploads\/2018\/01\/DSC1485-150x100.jpg\" loading=\"lazy\" \/><\/a>\n\t\t\t<\/div><\/figure>\n\t\t<\/div>\n\n","protected":false},"excerpt":{"rendered":"<p>Ac\u0163iunile ce vizeaz\u0103 cre\u015fterea siguran\u0163ei \u015fi prevenirea infrac\u0163iunilor de furt din locuin\u0163e \u015fi \u00een\u015fel\u0103ciunile sunt continuate de poli\u0163i\u015ftii din Alba \u015fi \u00een anul 2018. Cet\u0103\u0163eni din comuna Galda de Jos au primit sfaturi de la poli\u0163i\u015fti, pentru a nu deveni victime ale furturilor \u015fi \u00een\u015fel\u0103ciunilor, comise prin diverse moduri de operare. Azi, 4 ianuarie 2018, &hellip;<\/p>\n","protected":false},"author":17,"featured_media":58920,"comment_status":"open","ping_status":"open","sticky":false,"template":"","format":"standard","meta":{"inline_featured_image":false,"footnotes":""},"categories":[2034],"tags":[1357,307,14009,5589,2417,458,3162,308,76],"class_list":["post-58919","post","type-post","status-publish","format-standard","has-post-thumbnail","hentry","category-social","tag-actiuni","tag-alba","tag-furt-din-locuinte","tag-galda","tag-infractiuni","tag-politisti","tag-prevenire","tag-stiri","tag-urbea-mea"],"yoast_head":"<!-- This site is optimized with the Yoast SEO plugin v28.3 - https:\/\/yoast.com\/product\/yoast-seo-wordpress\/ -->\n<title>FOTO: Cet\u0103\u0163enii din Galda de Jos, sf\u0103tui\u0163i de poli\u0163i\u015fti cu privire la prevenirea infrac\u0163iunilor de furt din locuin\u0163e \u015fi \u00een\u015fel\u0103ciuni - Revista Urbea Mea - Revista de Alba<\/title>\n<meta name=\"description\" content=\"Ac\u0163iunile ce vizeaz\u0103 cre\u015fterea siguran\u0163ei \u015fi prevenirea infrac\u0163iunilor de furt din locuin\u0163e \u015fi \u00een\u015fel\u0103ciunile sunt continuate de poli\u0163i\u015ftii din Alba \u015fi \u00een\" \/>\n<meta name=\"robots\" content=\"index, follow, max-snippet:-1, max-image-preview:large, max-video-preview:-1\" \/>\n<link rel=\"canonical\" href=\"https:\/\/urbeamea.ro\/albaiulia\/foto-cetatenii-din-galda-de-jos-sfatuiti-de-politisti-cu-privire-la-prevenirea-infractiunilor-de-furt-din-locuinte-si-inselaciuni\/\" \/>\n<meta name=\"twitter:card\" content=\"summary_large_image\" \/>\n<meta name=\"twitter:title\" content=\"FOTO: Cet\u0103\u0163enii din Galda de Jos, sf\u0103tui\u0163i de poli\u0163i\u015fti cu privire la prevenirea infrac\u0163iunilor de furt din locuin\u0163e \u015fi \u00een\u015fel\u0103ciuni - Revista Urbea Mea - Revista de Alba\" \/>\n<meta name=\"twitter:description\" content=\"Ac\u0163iunile ce vizeaz\u0103 cre\u015fterea siguran\u0163ei \u015fi prevenirea infrac\u0163iunilor de furt din locuin\u0163e \u015fi \u00een\u015fel\u0103ciunile sunt continuate de poli\u0163i\u015ftii din Alba \u015fi \u00een\" \/>\n<meta name=\"twitter:image\" content=\"https:\/\/urbeamea.ro\/albaiulia\/wp-content\/uploads\/2018\/01\/DSC1460.jpg\" \/>\n<meta name=\"twitter:creator\" content=\"@urbeameaweb\" \/>\n<meta name=\"twitter:site\" content=\"@urbeameaweb\" \/>\n<script type=\"application\/ld+json\" class=\"yoast-schema-graph\">{\"@context\":\"https:\\\/\\\/schema.org\",\"@graph\":[{\"@type\":\"Article\",\"@id\":\"https:\\\/\\\/urbeamea.ro\\\/albaiulia\\\/foto-cetatenii-din-galda-de-jos-sfatuiti-de-politisti-cu-privire-la-prevenirea-infractiunilor-de-furt-din-locuinte-si-inselaciuni\\\/#article\",\"isPartOf\":{\"@id\":\"https:\\\/\\\/urbeamea.ro\\\/albaiulia\\\/foto-cetatenii-din-galda-de-jos-sfatuiti-de-politisti-cu-privire-la-prevenirea-infractiunilor-de-furt-din-locuinte-si-inselaciuni\\\/\"},\"author\":{\"name\":\"Cristina Ganga\",\"@id\":\"https:\\\/\\\/urbeamea.ro\\\/albaiulia\\\/#\\\/schema\\\/person\\\/9700d21fae21c4f038b0b56f4506264a\"},\"headline\":\"FOTO: Cet\u0103\u0163enii din Galda de Jos, sf\u0103tui\u0163i de poli\u0163i\u015fti cu privire la prevenirea infrac\u0163iunilor de furt din locuin\u0163e \u015fi \u00een\u015fel\u0103ciuni\",\"datePublished\":\"2018-01-04T14:03:30+00:00\",\"mainEntityOfPage\":{\"@id\":\"https:\\\/\\\/urbeamea.ro\\\/albaiulia\\\/foto-cetatenii-din-galda-de-jos-sfatuiti-de-politisti-cu-privire-la-prevenirea-infractiunilor-de-furt-din-locuinte-si-inselaciuni\\\/\"},\"wordCount\":431,\"commentCount\":0,\"image\":{\"@id\":\"https:\\\/\\\/urbeamea.ro\\\/albaiulia\\\/foto-cetatenii-din-galda-de-jos-sfatuiti-de-politisti-cu-privire-la-prevenirea-infractiunilor-de-furt-din-locuinte-si-inselaciuni\\\/#primaryimage\"},\"thumbnailUrl\":\"https:\\\/\\\/urbeamea.ro\\\/albaiulia\\\/wp-content\\\/uploads\\\/2018\\\/01\\\/DSC1460.jpg\",\"keywords\":[\"actiuni\",\"alba\",\"furt din locuinte\",\"galda\",\"infractiuni\",\"politisti\",\"prevenire\",\"stiri\",\"Urbea Mea\"],\"articleSection\":[\"Social\"],\"inLanguage\":\"ro-RO\",\"potentialAction\":[{\"@type\":\"CommentAction\",\"name\":\"Comment\",\"target\":[\"https:\\\/\\\/urbeamea.ro\\\/albaiulia\\\/foto-cetatenii-din-galda-de-jos-sfatuiti-de-politisti-cu-privire-la-prevenirea-infractiunilor-de-furt-din-locuinte-si-inselaciuni\\\/#respond\"]}]},{\"@type\":\"WebPage\",\"@id\":\"https:\\\/\\\/urbeamea.ro\\\/albaiulia\\\/foto-cetatenii-din-galda-de-jos-sfatuiti-de-politisti-cu-privire-la-prevenirea-infractiunilor-de-furt-din-locuinte-si-inselaciuni\\\/\",\"url\":\"https:\\\/\\\/urbeamea.ro\\\/albaiulia\\\/foto-cetatenii-din-galda-de-jos-sfatuiti-de-politisti-cu-privire-la-prevenirea-infractiunilor-de-furt-din-locuinte-si-inselaciuni\\\/\",\"name\":\"FOTO: Cet\u0103\u0163enii din Galda de Jos, sf\u0103tui\u0163i de poli\u0163i\u015fti cu privire la prevenirea infrac\u0163iunilor de furt din locuin\u0163e \u015fi \u00een\u015fel\u0103ciuni - Revista Urbea Mea - Revista de Alba\",\"isPartOf\":{\"@id\":\"https:\\\/\\\/urbeamea.ro\\\/albaiulia\\\/#website\"},\"primaryImageOfPage\":{\"@id\":\"https:\\\/\\\/urbeamea.ro\\\/albaiulia\\\/foto-cetatenii-din-galda-de-jos-sfatuiti-de-politisti-cu-privire-la-prevenirea-infractiunilor-de-furt-din-locuinte-si-inselaciuni\\\/#primaryimage\"},\"image\":{\"@id\":\"https:\\\/\\\/urbeamea.ro\\\/albaiulia\\\/foto-cetatenii-din-galda-de-jos-sfatuiti-de-politisti-cu-privire-la-prevenirea-infractiunilor-de-furt-din-locuinte-si-inselaciuni\\\/#primaryimage\"},\"thumbnailUrl\":\"https:\\\/\\\/urbeamea.ro\\\/albaiulia\\\/wp-content\\\/uploads\\\/2018\\\/01\\\/DSC1460.jpg\",\"datePublished\":\"2018-01-04T14:03:30+00:00\",\"author\":{\"@id\":\"https:\\\/\\\/urbeamea.ro\\\/albaiulia\\\/#\\\/schema\\\/person\\\/9700d21fae21c4f038b0b56f4506264a\"},\"description\":\"Ac\u0163iunile ce vizeaz\u0103 cre\u015fterea siguran\u0163ei \u015fi prevenirea infrac\u0163iunilor de furt din locuin\u0163e \u015fi \u00een\u015fel\u0103ciunile sunt continuate de poli\u0163i\u015ftii din Alba \u015fi \u00een\",\"breadcrumb\":{\"@id\":\"https:\\\/\\\/urbeamea.ro\\\/albaiulia\\\/foto-cetatenii-din-galda-de-jos-sfatuiti-de-politisti-cu-privire-la-prevenirea-infractiunilor-de-furt-din-locuinte-si-inselaciuni\\\/#breadcrumb\"},\"inLanguage\":\"ro-RO\",\"potentialAction\":[{\"@type\":\"ReadAction\",\"target\":[\"https:\\\/\\\/urbeamea.ro\\\/albaiulia\\\/foto-cetatenii-din-galda-de-jos-sfatuiti-de-politisti-cu-privire-la-prevenirea-infractiunilor-de-furt-din-locuinte-si-inselaciuni\\\/\"]}]},{\"@type\":\"ImageObject\",\"inLanguage\":\"ro-RO\",\"@id\":\"https:\\\/\\\/urbeamea.ro\\\/albaiulia\\\/foto-cetatenii-din-galda-de-jos-sfatuiti-de-politisti-cu-privire-la-prevenirea-infractiunilor-de-furt-din-locuinte-si-inselaciuni\\\/#primaryimage\",\"url\":\"https:\\\/\\\/urbeamea.ro\\\/albaiulia\\\/wp-content\\\/uploads\\\/2018\\\/01\\\/DSC1460.jpg\",\"contentUrl\":\"https:\\\/\\\/urbeamea.ro\\\/albaiulia\\\/wp-content\\\/uploads\\\/2018\\\/01\\\/DSC1460.jpg\",\"width\":1200,\"height\":800},{\"@type\":\"BreadcrumbList\",\"@id\":\"https:\\\/\\\/urbeamea.ro\\\/albaiulia\\\/foto-cetatenii-din-galda-de-jos-sfatuiti-de-politisti-cu-privire-la-prevenirea-infractiunilor-de-furt-din-locuinte-si-inselaciuni\\\/#breadcrumb\",\"itemListElement\":[{\"@type\":\"ListItem\",\"position\":1,\"name\":\"Prima pagin\u0103\",\"item\":\"https:\\\/\\\/urbeamea.ro\\\/albaiulia\\\/\"},{\"@type\":\"ListItem\",\"position\":2,\"name\":\"FOTO: Cet\u0103\u0163enii din Galda de Jos, sf\u0103tui\u0163i de poli\u0163i\u015fti cu privire la prevenirea infrac\u0163iunilor de furt din locuin\u0163e \u015fi \u00een\u015fel\u0103ciuni\"}]},{\"@type\":\"WebSite\",\"@id\":\"https:\\\/\\\/urbeamea.ro\\\/albaiulia\\\/#website\",\"url\":\"https:\\\/\\\/urbeamea.ro\\\/albaiulia\\\/\",\"name\":\"Revista Urbea Mea, Stiri urbane\",\"description\":\"Evenimente \u0219i \u0219tiri din Alba Iulia, Sebe\u0219, Aiud, Blaj\",\"potentialAction\":[{\"@type\":\"SearchAction\",\"target\":{\"@type\":\"EntryPoint\",\"urlTemplate\":\"https:\\\/\\\/urbeamea.ro\\\/albaiulia\\\/?s={search_term_string}\"},\"query-input\":{\"@type\":\"PropertyValueSpecification\",\"valueRequired\":true,\"valueName\":\"search_term_string\"}}],\"inLanguage\":\"ro-RO\"},{\"@type\":\"Person\",\"@id\":\"https:\\\/\\\/urbeamea.ro\\\/albaiulia\\\/#\\\/schema\\\/person\\\/9700d21fae21c4f038b0b56f4506264a\",\"name\":\"Cristina Ganga\",\"image\":{\"@type\":\"ImageObject\",\"inLanguage\":\"ro-RO\",\"@id\":\"https:\\\/\\\/secure.gravatar.com\\\/avatar\\\/5a67661041f057b4a8ccaf26f5a8e86e2689372006d01faf3dd9eeb10b654bb4?s=96&d=mm&r=g\",\"url\":\"https:\\\/\\\/secure.gravatar.com\\\/avatar\\\/5a67661041f057b4a8ccaf26f5a8e86e2689372006d01faf3dd9eeb10b654bb4?s=96&d=mm&r=g\",\"contentUrl\":\"https:\\\/\\\/secure.gravatar.com\\\/avatar\\\/5a67661041f057b4a8ccaf26f5a8e86e2689372006d01faf3dd9eeb10b654bb4?s=96&d=mm&r=g\",\"caption\":\"Cristina Ganga\"},\"description\":\"Jurnalist\",\"sameAs\":[\"https:\\\/\\\/www.facebook.com\\\/cristina.nicola.587\"],\"url\":\"https:\\\/\\\/urbeamea.ro\\\/albaiulia\\\/author\\\/cristina-nicola\\\/\"}]}<\/script>\n<!-- \/ Yoast SEO plugin. -->","yoast_head_json":{"title":"FOTO: Cet\u0103\u0163enii din Galda de Jos, sf\u0103tui\u0163i de poli\u0163i\u015fti cu privire la prevenirea infrac\u0163iunilor de furt din locuin\u0163e \u015fi \u00een\u015fel\u0103ciuni - Revista Urbea Mea - Revista de Alba","description":"Ac\u0163iunile ce vizeaz\u0103 cre\u015fterea siguran\u0163ei \u015fi prevenirea infrac\u0163iunilor de furt din locuin\u0163e \u015fi \u00een\u015fel\u0103ciunile sunt continuate de poli\u0163i\u015ftii din Alba \u015fi \u00een","robots":{"index":"index","follow":"follow","max-snippet":"max-snippet:-1","max-image-preview":"max-image-preview:large","max-video-preview":"max-video-preview:-1"},"canonical":"https:\/\/urbeamea.ro\/albaiulia\/foto-cetatenii-din-galda-de-jos-sfatuiti-de-politisti-cu-privire-la-prevenirea-infractiunilor-de-furt-din-locuinte-si-inselaciuni\/","twitter_card":"summary_large_image","twitter_title":"FOTO: Cet\u0103\u0163enii din Galda de Jos, sf\u0103tui\u0163i de poli\u0163i\u015fti cu privire la prevenirea infrac\u0163iunilor de furt din locuin\u0163e \u015fi \u00een\u015fel\u0103ciuni - Revista Urbea Mea - Revista de Alba","twitter_description":"Ac\u0163iunile ce vizeaz\u0103 cre\u015fterea siguran\u0163ei \u015fi prevenirea infrac\u0163iunilor de furt din locuin\u0163e \u015fi \u00een\u015fel\u0103ciunile sunt continuate de poli\u0163i\u015ftii din Alba \u015fi \u00een","twitter_image":"https:\/\/urbeamea.ro\/albaiulia\/wp-content\/uploads\/2018\/01\/DSC1460.jpg","twitter_creator":"@urbeameaweb","twitter_site":"@urbeameaweb","schema":{"@context":"https:\/\/schema.org","@graph":[{"@type":"Article","@id":"https:\/\/urbeamea.ro\/albaiulia\/foto-cetatenii-din-galda-de-jos-sfatuiti-de-politisti-cu-privire-la-prevenirea-infractiunilor-de-furt-din-locuinte-si-inselaciuni\/#article","isPartOf":{"@id":"https:\/\/urbeamea.ro\/albaiulia\/foto-cetatenii-din-galda-de-jos-sfatuiti-de-politisti-cu-privire-la-prevenirea-infractiunilor-de-furt-din-locuinte-si-inselaciuni\/"},"author":{"name":"Cristina Ganga","@id":"https:\/\/urbeamea.ro\/albaiulia\/#\/schema\/person\/9700d21fae21c4f038b0b56f4506264a"},"headline":"FOTO: Cet\u0103\u0163enii din Galda de Jos, sf\u0103tui\u0163i de poli\u0163i\u015fti cu privire la prevenirea infrac\u0163iunilor de furt din locuin\u0163e \u015fi \u00een\u015fel\u0103ciuni","datePublished":"2018-01-04T14:03:30+00:00","mainEntityOfPage":{"@id":"https:\/\/urbeamea.ro\/albaiulia\/foto-cetatenii-din-galda-de-jos-sfatuiti-de-politisti-cu-privire-la-prevenirea-infractiunilor-de-furt-din-locuinte-si-inselaciuni\/"},"wordCount":431,"commentCount":0,"image":{"@id":"https:\/\/urbeamea.ro\/albaiulia\/foto-cetatenii-din-galda-de-jos-sfatuiti-de-politisti-cu-privire-la-prevenirea-infractiunilor-de-furt-din-locuinte-si-inselaciuni\/#primaryimage"},"thumbnailUrl":"https:\/\/urbeamea.ro\/albaiulia\/wp-content\/uploads\/2018\/01\/DSC1460.jpg","keywords":["actiuni","alba","furt din locuinte","galda","infractiuni","politisti","prevenire","stiri","Urbea Mea"],"articleSection":["Social"],"inLanguage":"ro-RO","potentialAction":[{"@type":"CommentAction","name":"Comment","target":["https:\/\/urbeamea.ro\/albaiulia\/foto-cetatenii-din-galda-de-jos-sfatuiti-de-politisti-cu-privire-la-prevenirea-infractiunilor-de-furt-din-locuinte-si-inselaciuni\/#respond"]}]},{"@type":"WebPage","@id":"https:\/\/urbeamea.ro\/albaiulia\/foto-cetatenii-din-galda-de-jos-sfatuiti-de-politisti-cu-privire-la-prevenirea-infractiunilor-de-furt-din-locuinte-si-inselaciuni\/","url":"https:\/\/urbeamea.ro\/albaiulia\/foto-cetatenii-din-galda-de-jos-sfatuiti-de-politisti-cu-privire-la-prevenirea-infractiunilor-de-furt-din-locuinte-si-inselaciuni\/","name":"FOTO: Cet\u0103\u0163enii din Galda de Jos, sf\u0103tui\u0163i de poli\u0163i\u015fti cu privire la prevenirea infrac\u0163iunilor de furt din locuin\u0163e \u015fi \u00een\u015fel\u0103ciuni - Revista Urbea Mea - Revista de Alba","isPartOf":{"@id":"https:\/\/urbeamea.ro\/albaiulia\/#website"},"primaryImageOfPage":{"@id":"https:\/\/urbeamea.ro\/albaiulia\/foto-cetatenii-din-galda-de-jos-sfatuiti-de-politisti-cu-privire-la-prevenirea-infractiunilor-de-furt-din-locuinte-si-inselaciuni\/#primaryimage"},"image":{"@id":"https:\/\/urbeamea.ro\/albaiulia\/foto-cetatenii-din-galda-de-jos-sfatuiti-de-politisti-cu-privire-la-prevenirea-infractiunilor-de-furt-din-locuinte-si-inselaciuni\/#primaryimage"},"thumbnailUrl":"https:\/\/urbeamea.ro\/albaiulia\/wp-content\/uploads\/2018\/01\/DSC1460.jpg","datePublished":"2018-01-04T14:03:30+00:00","author":{"@id":"https:\/\/urbeamea.ro\/albaiulia\/#\/schema\/person\/9700d21fae21c4f038b0b56f4506264a"},"description":"Ac\u0163iunile ce vizeaz\u0103 cre\u015fterea siguran\u0163ei \u015fi prevenirea infrac\u0163iunilor de furt din locuin\u0163e \u015fi \u00een\u015fel\u0103ciunile sunt continuate de poli\u0163i\u015ftii din Alba \u015fi \u00een","breadcrumb":{"@id":"https:\/\/urbeamea.ro\/albaiulia\/foto-cetatenii-din-galda-de-jos-sfatuiti-de-politisti-cu-privire-la-prevenirea-infractiunilor-de-furt-din-locuinte-si-inselaciuni\/#breadcrumb"},"inLanguage":"ro-RO","potentialAction":[{"@type":"ReadAction","target":["https:\/\/urbeamea.ro\/albaiulia\/foto-cetatenii-din-galda-de-jos-sfatuiti-de-politisti-cu-privire-la-prevenirea-infractiunilor-de-furt-din-locuinte-si-inselaciuni\/"]}]},{"@type":"ImageObject","inLanguage":"ro-RO","@id":"https:\/\/urbeamea.ro\/albaiulia\/foto-cetatenii-din-galda-de-jos-sfatuiti-de-politisti-cu-privire-la-prevenirea-infractiunilor-de-furt-din-locuinte-si-inselaciuni\/#primaryimage","url":"https:\/\/urbeamea.ro\/albaiulia\/wp-content\/uploads\/2018\/01\/DSC1460.jpg","contentUrl":"https:\/\/urbeamea.ro\/albaiulia\/wp-content\/uploads\/2018\/01\/DSC1460.jpg","width":1200,"height":800},{"@type":"BreadcrumbList","@id":"https:\/\/urbeamea.ro\/albaiulia\/foto-cetatenii-din-galda-de-jos-sfatuiti-de-politisti-cu-privire-la-prevenirea-infractiunilor-de-furt-din-locuinte-si-inselaciuni\/#breadcrumb","itemListElement":[{"@type":"ListItem","position":1,"name":"Prima pagin\u0103","item":"https:\/\/urbeamea.ro\/albaiulia\/"},{"@type":"ListItem","position":2,"name":"FOTO: Cet\u0103\u0163enii din Galda de Jos, sf\u0103tui\u0163i de poli\u0163i\u015fti cu privire la prevenirea infrac\u0163iunilor de furt din locuin\u0163e \u015fi \u00een\u015fel\u0103ciuni"}]},{"@type":"WebSite","@id":"https:\/\/urbeamea.ro\/albaiulia\/#website","url":"https:\/\/urbeamea.ro\/albaiulia\/","name":"Revista Urbea Mea, Stiri urbane","description":"Evenimente \u0219i \u0219tiri din Alba Iulia, Sebe\u0219, Aiud, Blaj","potentialAction":[{"@type":"SearchAction","target":{"@type":"EntryPoint","urlTemplate":"https:\/\/urbeamea.ro\/albaiulia\/?s={search_term_string}"},"query-input":{"@type":"PropertyValueSpecification","valueRequired":true,"valueName":"search_term_string"}}],"inLanguage":"ro-RO"},{"@type":"Person","@id":"https:\/\/urbeamea.ro\/albaiulia\/#\/schema\/person\/9700d21fae21c4f038b0b56f4506264a","name":"Cristina Ganga","image":{"@type":"ImageObject","inLanguage":"ro-RO","@id":"https:\/\/secure.gravatar.com\/avatar\/5a67661041f057b4a8ccaf26f5a8e86e2689372006d01faf3dd9eeb10b654bb4?s=96&d=mm&r=g","url":"https:\/\/secure.gravatar.com\/avatar\/5a67661041f057b4a8ccaf26f5a8e86e2689372006d01faf3dd9eeb10b654bb4?s=96&d=mm&r=g","contentUrl":"https:\/\/secure.gravatar.com\/avatar\/5a67661041f057b4a8ccaf26f5a8e86e2689372006d01faf3dd9eeb10b654bb4?s=96&d=mm&r=g","caption":"Cristina Ganga"},"description":"Jurnalist","sameAs":["https:\/\/www.facebook.com\/cristina.nicola.587"],"url":"https:\/\/urbeamea.ro\/albaiulia\/author\/cristina-nicola\/"}]}},"_links":{"self":[{"href":"https:\/\/urbeamea.ro\/albaiulia\/wp-json\/wp\/v2\/posts\/58919","targetHints":{"allow":["GET"]}}],"collection":[{"href":"https:\/\/urbeamea.ro\/albaiulia\/wp-json\/wp\/v2\/posts"}],"about":[{"href":"https:\/\/urbeamea.ro\/albaiulia\/wp-json\/wp\/v2\/types\/post"}],"author":[{"embeddable":true,"href":"https:\/\/urbeamea.ro\/albaiulia\/wp-json\/wp\/v2\/users\/17"}],"replies":[{"embeddable":true,"href":"https:\/\/urbeamea.ro\/albaiulia\/wp-json\/wp\/v2\/comments?post=58919"}],"version-history":[{"count":0,"href":"https:\/\/urbeamea.ro\/albaiulia\/wp-json\/wp\/v2\/posts\/58919\/revisions"}],"wp:featuredmedia":[{"embeddable":true,"href":"https:\/\/urbeamea.ro\/albaiulia\/wp-json\/wp\/v2\/media\/58920"}],"wp:attachment":[{"href":"https:\/\/urbeamea.ro\/albaiulia\/wp-json\/wp\/v2\/media?parent=58919"}],"wp:term":[{"taxonomy":"category","embeddable":true,"href":"https:\/\/urbeamea.ro\/albaiulia\/wp-json\/wp\/v2\/categories?post=58919"},{"taxonomy":"post_tag","embeddable":true,"href":"https:\/\/urbeamea.ro\/albaiulia\/wp-json\/wp\/v2\/tags?post=58919"}],"curies":[{"name":"wp","href":"https:\/\/api.w.org\/{rel}","templated":true}]}}