{"id":58995,"date":"2018-01-09T10:29:43","date_gmt":"2018-01-09T08:29:43","guid":{"rendered":"https:\/\/urbeamea.ro\/albaiulia\/?p=58995"},"modified":"2018-01-09T10:30:59","modified_gmt":"2018-01-09T08:30:59","slug":"asociatia-pensionarilor-speranta-de-alba-asociatia-sm-speromax-alba-si-asociatia-pacientilor-alba-a-p-a-sustin-medicii-de-familie-din-judet-cu-pr","status":"publish","type":"post","link":"https:\/\/urbeamea.ro\/albaiulia\/asociatia-pensionarilor-speranta-de-alba-asociatia-sm-speromax-alba-si-asociatia-pacientilor-alba-a-p-a-sustin-medicii-de-familie-din-judet-cu-pr\/","title":{"rendered":"Asocia\u021bia Pensionarilor \u201eSPERAN\u021aA DE ALBA&#8221;, Asocia\u021bia SM \u201eSPEROMAX\u201d Alba \u0219i Asocia\u021bia Pacien\u021bilor Alba \u00a0\u201eA.P.A.\u201d sus\u0163in medicii de familie din jude\u021b cu privire la refuzul de a continua \u00a0rela\u021bia contractual\u0103 cu CAS-Alba"},"content":{"rendered":"<p><strong>Asocia\u021bia Pensionarilor \u201eSPERAN\u021aA DE ALBA \u201e \u00a0\u00a0Asocia\u021bia \u00a0SM \u201eSPEROMAX\u201d Alba \u0219i Asocia\u021bia Pacien\u021bilor Alba \u00a0\u201eA.P.A.\u201d, \u00ee\u0219i exprim\u0103 \u00a0con\u0219tient \u0219i responsabil, solidaritatea cu demersul ini\u021biat\u00a0 de\u00a0 medicii de familie din jude\u021bul nostru cu privire la refuzul de a continua \u00a0rela\u021bia contractual\u0103 cu CAS-Alba. Totodat\u0103, cele trei organiza\u021bii sus\u021bin solicit\u0103rile\u00a0 Asocia\u021biei Medicilor de Familie \u201eASCLEPIOS\u201d Alba\u00a0 referitoare la m\u0103surile urgente\u00a0 ce trebuie adoptate pentru a elimina subfinan\u021barea \u0219i birocratizarea\u00a0 medicinei primare.<\/strong><\/p>\n<p>Atragem aten\u021bia, at\u00e2t opiniei publice c\u00e2t \u0219i institu\u021biilor statului de la nivel local \u0219i central, c\u0103 \u00een fapt\u00a0 ne afl\u0103m \u00een fa\u021ba unei noi dovezi evidente c\u0103 resursele \u00een s\u0103n\u0103tate sunt \u00a0astfel alocate \u00eenc\u00e2t s\u0103 genereze discriminare pe diferite domenii de activitate (vezi medicina primar\u0103 \u00een compara\u021bie cu serviciile spitalice\u0219ti ) sau pentru diferite categorii profesionale din sistemul de s\u0103n\u0103tate rom\u00e2nesc, respectiv \u00eentre diferite zone ale \u021b\u0103rii (vezi provincie raportat la fondurile alocate capitalei \u021b\u0103rii ). \u00cen repetatele lu\u0103ri de pozi\u021bie ale reprezentan\u021bilor Casei Na\u021bionale de Asigur\u0103ri de S\u0103n\u0103tate sau ale Casei Jude\u021bene de S\u0103n\u0103tate Alba, se invoc\u0103 \u00een mod demagogic faptul c\u0103 \u201eINTERESUL PACIEN\u021aILOR ESTE PRIMORDIAL\u201a pentru c\u0103 realitatea este cu totul alta.\u00a0 \u00cen to\u021bi cei peste dou\u0103zeci de ani de administrare a fondurilor publice din s\u0103n\u0103tate de casele de asigur\u0103ri, at\u00e2t CNAS c\u00e2t \u0219i Ministerul S\u0103n\u0103t\u0103\u021bii nu au facut dec\u00e2t s\u0103 ac\u021bioneze pompieristic \u0219i \u00een virtutea interesului\u00a0 partinic \u0219i electoral, indiferent ce culoare politic\u0103 a\u00a0 gestionat pupitrul de comand\u0103 din s\u0103n\u0103tate.<\/p>\n<p>\u00cen ultimii zece ani medicina primar\u0103 a devenit \u201dCenu\u0219\u0103reasa\u201d sistemului medical rom\u00e2nesc \u00een total\u0103 contradic\u021bie cu strategiile din s\u0103n\u0103tate lansate at\u00e2t la nivelul jude\u021bului Alba, c\u00e2t \u0219i la nivel na\u021bional, ce sus\u021bin \u0219i \u00a0declar\u0103 teoretic \u00a0c\u0103 \u201eMEDICINA PRIMAR\u0102 VA FI BAZA PIRAMIDEI\u00a0 SERVICIILOR MEDICALE\u201d, f\u0103r\u0103 ca \u00een practic\u0103 legisla\u021bia \u0219i m\u0103surile adoptate s\u0103 subscrie acestui slogan. Pentru a beneficia de servicii medicale de calitate din partea Medicului de Familie la care sunt aronda\u021bi, pacien\u021bii (asigura\u021bi) sunt con\u0219tien\u021bi c\u0103 ace\u0219tia trebuie s\u0103 fie pl\u0103ti\u021bi decent, \u00een contextul socio-economic actual. Faptul c\u0103 ast\u0103zi, \u00a0pentru o consulta\u021bie medicul de familie prime\u0219te echivalentul de regul\u0103 5,5 puncte, care la nivelul anului 2017, la valoarea punctului de 2,2 lei, este pl\u0103tit\u0103 medicului de familie de c\u0103tre casa jude\u021bean\u0103 cu 12.10 lei, la care se adaug\u0103 plata lunar\u0103 \/capita care este total insuficient\u0103, putem afirma f\u0103r\u0103 re\u021binere c\u0103 este \u201eaprecierea \u0219i respectul \u00a0pe care\u00a0 \u00a0politicieni zilelor noastre o acord\u0103 at\u00e2t nou\u0103 ca pacien\u021bi c\u00e2t \u0219i medicilor no\u0219tri de familie.<\/p>\n<p>\u00cen\u021belegem \u0219i\u00a0 atitudinea medicilor de familie care au considerat de cuviin\u021b\u0103 s\u0103 nu \u00eentrerup\u0103 rela\u021bia contractual\u0103 cu CAS-Alba , \u00a0\u00eens\u0103 ne exprim\u0103m \u00een final totala disponibilitate de a sus\u021bine ac\u021biunile asocia\u021biei ASCLEPIOS \u00een ceea ce prive\u0219te\u00a0 modific\u0103rile legislative ce se impun\u00a0 pentru a schimba \u00een bine starea medicinei primare rom\u00e2ne\u0219ti. Iar ca un mic, dar sugestiv am\u0103nunt, cum \u0219i cui au crescut veniturile \u00een s\u0103n\u0103tate, din informa\u021biile existente pe site-ul CAS-Alba, am constatat c\u0103 \u00een luna noiembrie 2017, din totalul de 202 cabinete de Medicin\u0103 de Familie aflate \u00een rela\u021bie contractual\u0103 cu casa jude\u021bean\u0103, doar \u0219aisprezece medici de familie (cca 7,92% din total cabinetelor) au realizat venituri mai mari dec\u00e2t\u00a0 salariul de \u00eencadrare al Pre\u0219edintelui \u2013Director general al unei Case Jude\u021bene de Asigur\u0103ri care, ca\u00a0\u00a0 urmarea\u00a0 cre\u0219terilor salariale din septembrie 2017 (<a href=\"http:\/\/www.cnas.ro\/casalba\/media\/pageFiles\/Lista%20functii%20la%20data%20de%2029.09.2017,%20cf.%20Legea%20cadru%20nr.%20153-2017.pdf\">Lista functii la data de 29.09.2017, cf. Legea cadru nr. 153-2017<\/a>)\u00a0 este de 17.516 lei\/luna.<\/p>\n","protected":false},"excerpt":{"rendered":"<p>Asocia\u021bia Pensionarilor \u201eSPERAN\u021aA DE ALBA \u201e \u00a0\u00a0Asocia\u021bia \u00a0SM \u201eSPEROMAX\u201d Alba \u0219i Asocia\u021bia Pacien\u021bilor Alba \u00a0\u201eA.P.A.\u201d, \u00ee\u0219i exprim\u0103 \u00a0con\u0219tient \u0219i responsabil, solidaritatea cu demersul ini\u021biat\u00a0 de\u00a0 medicii de familie din jude\u021bul nostru cu privire la refuzul de a continua \u00a0rela\u021bia contractual\u0103 cu CAS-Alba. Totodat\u0103, cele trei organiza\u021bii sus\u021bin solicit\u0103rile\u00a0 Asocia\u021biei Medicilor de Familie \u201eASCLEPIOS\u201d Alba\u00a0 referitoare &hellip;<\/p>\n","protected":false},"author":17,"featured_media":7060,"comment_status":"open","ping_status":"open","sticky":false,"template":"","format":"standard","meta":{"inline_featured_image":false,"footnotes":""},"categories":[255],"tags":[14026,14025,13132,14024,7239,14027,14028,308,76],"class_list":["post-58995","post","type-post","status-publish","format-standard","has-post-thumbnail","hentry","category-sanatate","tag-asociatia-pecientilor-alba","tag-asociatia-pensionarilor-speranta-de-alba","tag-asociatia-sm-speromax-alba","tag-cas-alba","tag-medici-de-familie","tag-refuz","tag-relatia-congtractuala","tag-stiri","tag-urbea-mea"],"yoast_head":"<!-- This site is optimized with the Yoast SEO plugin v27.4 - https:\/\/yoast.com\/product\/yoast-seo-wordpress\/ -->\n<title>Asocia\u021bia Pensionarilor \u201eSPERAN\u021aA DE ALBA&quot;, Asocia\u021bia SM \u201eSPEROMAX\u201d Alba \u0219i Asocia\u021bia Pacien\u021bilor Alba \u00a0\u201eA.P.A.\u201d sus\u0163in medicii de familie din jude\u021b cu privire la refuzul de a continua \u00a0rela\u021bia contractual\u0103 cu CAS-Alba - Revista Urbea Mea - Revista de Alba<\/title>\n<meta name=\"description\" content=\"Asocia\u021bia Pensionarilor \u201eSPERAN\u021aA DE ALBA \u201e \u00a0\u00a0Asocia\u021bia \u00a0SM \u201eSPEROMAX\u201d Alba \u0219i Asocia\u021bia Pacien\u021bilor Alba \u00a0\u201eA.P.A.\u201d, \u00ee\u0219i exprim\u0103 \u00a0con\u0219tient \u0219i\" \/>\n<meta name=\"robots\" content=\"index, follow, max-snippet:-1, max-image-preview:large, max-video-preview:-1\" \/>\n<link rel=\"canonical\" href=\"https:\/\/urbeamea.ro\/albaiulia\/asociatia-pensionarilor-speranta-de-alba-asociatia-sm-speromax-alba-si-asociatia-pacientilor-alba-a-p-a-sustin-medicii-de-familie-din-judet-cu-pr\/\" \/>\n<meta name=\"twitter:card\" content=\"summary_large_image\" \/>\n<meta name=\"twitter:title\" content=\"Asocia\u021bia Pensionarilor \u201eSPERAN\u021aA DE ALBA&quot;, Asocia\u021bia SM \u201eSPEROMAX\u201d Alba \u0219i Asocia\u021bia Pacien\u021bilor Alba \u00a0\u201eA.P.A.\u201d sus\u0163in medicii de familie din jude\u021b cu privire la refuzul de a continua \u00a0rela\u021bia contractual\u0103 cu CAS-Alba - Revista Urbea Mea - Revista de Alba\" \/>\n<meta name=\"twitter:description\" content=\"Asocia\u021bia Pensionarilor \u201eSPERAN\u021aA DE ALBA \u201e \u00a0\u00a0Asocia\u021bia \u00a0SM \u201eSPEROMAX\u201d Alba \u0219i Asocia\u021bia Pacien\u021bilor Alba \u00a0\u201eA.P.A.\u201d, \u00ee\u0219i exprim\u0103 \u00a0con\u0219tient \u0219i\" \/>\n<meta name=\"twitter:image\" content=\"https:\/\/urbeamea.ro\/albaiulia\/wp-content\/uploads\/2015\/08\/medic.jpg\" \/>\n<meta name=\"twitter:creator\" content=\"@urbeameaweb\" \/>\n<meta name=\"twitter:site\" content=\"@urbeameaweb\" \/>\n<script type=\"application\/ld+json\" class=\"yoast-schema-graph\">{\"@context\":\"https:\\\/\\\/schema.org\",\"@graph\":[{\"@type\":\"Article\",\"@id\":\"https:\\\/\\\/urbeamea.ro\\\/albaiulia\\\/asociatia-pensionarilor-speranta-de-alba-asociatia-sm-speromax-alba-si-asociatia-pacientilor-alba-a-p-a-sustin-medicii-de-familie-din-judet-cu-pr\\\/#article\",\"isPartOf\":{\"@id\":\"https:\\\/\\\/urbeamea.ro\\\/albaiulia\\\/asociatia-pensionarilor-speranta-de-alba-asociatia-sm-speromax-alba-si-asociatia-pacientilor-alba-a-p-a-sustin-medicii-de-familie-din-judet-cu-pr\\\/\"},\"author\":{\"name\":\"Cristina Ganga\",\"@id\":\"https:\\\/\\\/urbeamea.ro\\\/albaiulia\\\/#\\\/schema\\\/person\\\/9700d21fae21c4f038b0b56f4506264a\"},\"headline\":\"Asocia\u021bia Pensionarilor \u201eSPERAN\u021aA DE ALBA&#8221;, Asocia\u021bia SM \u201eSPEROMAX\u201d Alba \u0219i Asocia\u021bia Pacien\u021bilor Alba \u00a0\u201eA.P.A.\u201d sus\u0163in medicii de familie din jude\u021b cu privire la refuzul de a continua \u00a0rela\u021bia contractual\u0103 cu CAS-Alba\",\"datePublished\":\"2018-01-09T08:29:43+00:00\",\"dateModified\":\"2018-01-09T08:30:59+00:00\",\"mainEntityOfPage\":{\"@id\":\"https:\\\/\\\/urbeamea.ro\\\/albaiulia\\\/asociatia-pensionarilor-speranta-de-alba-asociatia-sm-speromax-alba-si-asociatia-pacientilor-alba-a-p-a-sustin-medicii-de-familie-din-judet-cu-pr\\\/\"},\"wordCount\":678,\"commentCount\":1,\"image\":{\"@id\":\"https:\\\/\\\/urbeamea.ro\\\/albaiulia\\\/asociatia-pensionarilor-speranta-de-alba-asociatia-sm-speromax-alba-si-asociatia-pacientilor-alba-a-p-a-sustin-medicii-de-familie-din-judet-cu-pr\\\/#primaryimage\"},\"thumbnailUrl\":\"https:\\\/\\\/urbeamea.ro\\\/albaiulia\\\/wp-content\\\/uploads\\\/2015\\\/08\\\/medic.jpg\",\"keywords\":[\"asociatia pecientilor alba\",\"asociatia pensionarilor speranta de alba\",\"asociatia sm speromax alba\",\"cas alba\",\"medici de familie\",\"refuz\",\"relatia congtractuala\",\"stiri\",\"Urbea Mea\"],\"articleSection\":[\"S\u0103n\u0103tate\"],\"inLanguage\":\"ro-RO\",\"potentialAction\":[{\"@type\":\"CommentAction\",\"name\":\"Comment\",\"target\":[\"https:\\\/\\\/urbeamea.ro\\\/albaiulia\\\/asociatia-pensionarilor-speranta-de-alba-asociatia-sm-speromax-alba-si-asociatia-pacientilor-alba-a-p-a-sustin-medicii-de-familie-din-judet-cu-pr\\\/#respond\"]}]},{\"@type\":\"WebPage\",\"@id\":\"https:\\\/\\\/urbeamea.ro\\\/albaiulia\\\/asociatia-pensionarilor-speranta-de-alba-asociatia-sm-speromax-alba-si-asociatia-pacientilor-alba-a-p-a-sustin-medicii-de-familie-din-judet-cu-pr\\\/\",\"url\":\"https:\\\/\\\/urbeamea.ro\\\/albaiulia\\\/asociatia-pensionarilor-speranta-de-alba-asociatia-sm-speromax-alba-si-asociatia-pacientilor-alba-a-p-a-sustin-medicii-de-familie-din-judet-cu-pr\\\/\",\"name\":\"Asocia\u021bia Pensionarilor \u201eSPERAN\u021aA DE ALBA\\\", Asocia\u021bia SM \u201eSPEROMAX\u201d Alba \u0219i Asocia\u021bia Pacien\u021bilor Alba \u00a0\u201eA.P.A.\u201d sus\u0163in medicii de familie din jude\u021b cu privire la refuzul de a continua \u00a0rela\u021bia contractual\u0103 cu CAS-Alba - Revista Urbea Mea - Revista de Alba\",\"isPartOf\":{\"@id\":\"https:\\\/\\\/urbeamea.ro\\\/albaiulia\\\/#website\"},\"primaryImageOfPage\":{\"@id\":\"https:\\\/\\\/urbeamea.ro\\\/albaiulia\\\/asociatia-pensionarilor-speranta-de-alba-asociatia-sm-speromax-alba-si-asociatia-pacientilor-alba-a-p-a-sustin-medicii-de-familie-din-judet-cu-pr\\\/#primaryimage\"},\"image\":{\"@id\":\"https:\\\/\\\/urbeamea.ro\\\/albaiulia\\\/asociatia-pensionarilor-speranta-de-alba-asociatia-sm-speromax-alba-si-asociatia-pacientilor-alba-a-p-a-sustin-medicii-de-familie-din-judet-cu-pr\\\/#primaryimage\"},\"thumbnailUrl\":\"https:\\\/\\\/urbeamea.ro\\\/albaiulia\\\/wp-content\\\/uploads\\\/2015\\\/08\\\/medic.jpg\",\"datePublished\":\"2018-01-09T08:29:43+00:00\",\"dateModified\":\"2018-01-09T08:30:59+00:00\",\"author\":{\"@id\":\"https:\\\/\\\/urbeamea.ro\\\/albaiulia\\\/#\\\/schema\\\/person\\\/9700d21fae21c4f038b0b56f4506264a\"},\"description\":\"Asocia\u021bia Pensionarilor \u201eSPERAN\u021aA DE ALBA \u201e \u00a0\u00a0Asocia\u021bia \u00a0SM \u201eSPEROMAX\u201d Alba \u0219i Asocia\u021bia Pacien\u021bilor Alba \u00a0\u201eA.P.A.\u201d, \u00ee\u0219i exprim\u0103 \u00a0con\u0219tient \u0219i\",\"breadcrumb\":{\"@id\":\"https:\\\/\\\/urbeamea.ro\\\/albaiulia\\\/asociatia-pensionarilor-speranta-de-alba-asociatia-sm-speromax-alba-si-asociatia-pacientilor-alba-a-p-a-sustin-medicii-de-familie-din-judet-cu-pr\\\/#breadcrumb\"},\"inLanguage\":\"ro-RO\",\"potentialAction\":[{\"@type\":\"ReadAction\",\"target\":[\"https:\\\/\\\/urbeamea.ro\\\/albaiulia\\\/asociatia-pensionarilor-speranta-de-alba-asociatia-sm-speromax-alba-si-asociatia-pacientilor-alba-a-p-a-sustin-medicii-de-familie-din-judet-cu-pr\\\/\"]}]},{\"@type\":\"ImageObject\",\"inLanguage\":\"ro-RO\",\"@id\":\"https:\\\/\\\/urbeamea.ro\\\/albaiulia\\\/asociatia-pensionarilor-speranta-de-alba-asociatia-sm-speromax-alba-si-asociatia-pacientilor-alba-a-p-a-sustin-medicii-de-familie-din-judet-cu-pr\\\/#primaryimage\",\"url\":\"https:\\\/\\\/urbeamea.ro\\\/albaiulia\\\/wp-content\\\/uploads\\\/2015\\\/08\\\/medic.jpg\",\"contentUrl\":\"https:\\\/\\\/urbeamea.ro\\\/albaiulia\\\/wp-content\\\/uploads\\\/2015\\\/08\\\/medic.jpg\",\"width\":1280,\"height\":853},{\"@type\":\"BreadcrumbList\",\"@id\":\"https:\\\/\\\/urbeamea.ro\\\/albaiulia\\\/asociatia-pensionarilor-speranta-de-alba-asociatia-sm-speromax-alba-si-asociatia-pacientilor-alba-a-p-a-sustin-medicii-de-familie-din-judet-cu-pr\\\/#breadcrumb\",\"itemListElement\":[{\"@type\":\"ListItem\",\"position\":1,\"name\":\"Prima pagin\u0103\",\"item\":\"https:\\\/\\\/urbeamea.ro\\\/albaiulia\\\/\"},{\"@type\":\"ListItem\",\"position\":2,\"name\":\"Asocia\u021bia Pensionarilor \u201eSPERAN\u021aA DE ALBA&#8221;, Asocia\u021bia SM \u201eSPEROMAX\u201d Alba \u0219i Asocia\u021bia Pacien\u021bilor Alba \u00a0\u201eA.P.A.\u201d sus\u0163in medicii de familie din jude\u021b cu privire la refuzul de a continua \u00a0rela\u021bia contractual\u0103 cu CAS-Alba\"}]},{\"@type\":\"WebSite\",\"@id\":\"https:\\\/\\\/urbeamea.ro\\\/albaiulia\\\/#website\",\"url\":\"https:\\\/\\\/urbeamea.ro\\\/albaiulia\\\/\",\"name\":\"Revista Urbea Mea, Stiri urbane\",\"description\":\"Evenimente \u0219i \u0219tiri din Alba Iulia, Sebe\u0219, Aiud, Blaj\",\"potentialAction\":[{\"@type\":\"SearchAction\",\"target\":{\"@type\":\"EntryPoint\",\"urlTemplate\":\"https:\\\/\\\/urbeamea.ro\\\/albaiulia\\\/?s={search_term_string}\"},\"query-input\":{\"@type\":\"PropertyValueSpecification\",\"valueRequired\":true,\"valueName\":\"search_term_string\"}}],\"inLanguage\":\"ro-RO\"},{\"@type\":\"Person\",\"@id\":\"https:\\\/\\\/urbeamea.ro\\\/albaiulia\\\/#\\\/schema\\\/person\\\/9700d21fae21c4f038b0b56f4506264a\",\"name\":\"Cristina Ganga\",\"image\":{\"@type\":\"ImageObject\",\"inLanguage\":\"ro-RO\",\"@id\":\"https:\\\/\\\/secure.gravatar.com\\\/avatar\\\/5a67661041f057b4a8ccaf26f5a8e86e2689372006d01faf3dd9eeb10b654bb4?s=96&d=mm&r=g\",\"url\":\"https:\\\/\\\/secure.gravatar.com\\\/avatar\\\/5a67661041f057b4a8ccaf26f5a8e86e2689372006d01faf3dd9eeb10b654bb4?s=96&d=mm&r=g\",\"contentUrl\":\"https:\\\/\\\/secure.gravatar.com\\\/avatar\\\/5a67661041f057b4a8ccaf26f5a8e86e2689372006d01faf3dd9eeb10b654bb4?s=96&d=mm&r=g\",\"caption\":\"Cristina Ganga\"},\"description\":\"Jurnalist\",\"sameAs\":[\"https:\\\/\\\/www.facebook.com\\\/cristina.nicola.587\"],\"url\":\"https:\\\/\\\/urbeamea.ro\\\/albaiulia\\\/author\\\/cristina-nicola\\\/\"}]}<\/script>\n<!-- \/ Yoast SEO plugin. -->","yoast_head_json":{"title":"Asocia\u021bia Pensionarilor \u201eSPERAN\u021aA DE ALBA\", Asocia\u021bia SM \u201eSPEROMAX\u201d Alba \u0219i Asocia\u021bia Pacien\u021bilor Alba \u00a0\u201eA.P.A.\u201d sus\u0163in medicii de familie din jude\u021b cu privire la refuzul de a continua \u00a0rela\u021bia contractual\u0103 cu CAS-Alba - Revista Urbea Mea - Revista de Alba","description":"Asocia\u021bia Pensionarilor \u201eSPERAN\u021aA DE ALBA \u201e \u00a0\u00a0Asocia\u021bia \u00a0SM \u201eSPEROMAX\u201d Alba \u0219i Asocia\u021bia Pacien\u021bilor Alba \u00a0\u201eA.P.A.\u201d, \u00ee\u0219i exprim\u0103 \u00a0con\u0219tient \u0219i","robots":{"index":"index","follow":"follow","max-snippet":"max-snippet:-1","max-image-preview":"max-image-preview:large","max-video-preview":"max-video-preview:-1"},"canonical":"https:\/\/urbeamea.ro\/albaiulia\/asociatia-pensionarilor-speranta-de-alba-asociatia-sm-speromax-alba-si-asociatia-pacientilor-alba-a-p-a-sustin-medicii-de-familie-din-judet-cu-pr\/","twitter_card":"summary_large_image","twitter_title":"Asocia\u021bia Pensionarilor \u201eSPERAN\u021aA DE ALBA\", Asocia\u021bia SM \u201eSPEROMAX\u201d Alba \u0219i Asocia\u021bia Pacien\u021bilor Alba \u00a0\u201eA.P.A.\u201d sus\u0163in medicii de familie din jude\u021b cu privire la refuzul de a continua \u00a0rela\u021bia contractual\u0103 cu CAS-Alba - Revista Urbea Mea - Revista de Alba","twitter_description":"Asocia\u021bia Pensionarilor \u201eSPERAN\u021aA DE ALBA \u201e \u00a0\u00a0Asocia\u021bia \u00a0SM \u201eSPEROMAX\u201d Alba \u0219i Asocia\u021bia Pacien\u021bilor Alba \u00a0\u201eA.P.A.\u201d, \u00ee\u0219i exprim\u0103 \u00a0con\u0219tient \u0219i","twitter_image":"https:\/\/urbeamea.ro\/albaiulia\/wp-content\/uploads\/2015\/08\/medic.jpg","twitter_creator":"@urbeameaweb","twitter_site":"@urbeameaweb","schema":{"@context":"https:\/\/schema.org","@graph":[{"@type":"Article","@id":"https:\/\/urbeamea.ro\/albaiulia\/asociatia-pensionarilor-speranta-de-alba-asociatia-sm-speromax-alba-si-asociatia-pacientilor-alba-a-p-a-sustin-medicii-de-familie-din-judet-cu-pr\/#article","isPartOf":{"@id":"https:\/\/urbeamea.ro\/albaiulia\/asociatia-pensionarilor-speranta-de-alba-asociatia-sm-speromax-alba-si-asociatia-pacientilor-alba-a-p-a-sustin-medicii-de-familie-din-judet-cu-pr\/"},"author":{"name":"Cristina Ganga","@id":"https:\/\/urbeamea.ro\/albaiulia\/#\/schema\/person\/9700d21fae21c4f038b0b56f4506264a"},"headline":"Asocia\u021bia Pensionarilor \u201eSPERAN\u021aA DE ALBA&#8221;, Asocia\u021bia SM \u201eSPEROMAX\u201d Alba \u0219i Asocia\u021bia Pacien\u021bilor Alba \u00a0\u201eA.P.A.\u201d sus\u0163in medicii de familie din jude\u021b cu privire la refuzul de a continua \u00a0rela\u021bia contractual\u0103 cu CAS-Alba","datePublished":"2018-01-09T08:29:43+00:00","dateModified":"2018-01-09T08:30:59+00:00","mainEntityOfPage":{"@id":"https:\/\/urbeamea.ro\/albaiulia\/asociatia-pensionarilor-speranta-de-alba-asociatia-sm-speromax-alba-si-asociatia-pacientilor-alba-a-p-a-sustin-medicii-de-familie-din-judet-cu-pr\/"},"wordCount":678,"commentCount":1,"image":{"@id":"https:\/\/urbeamea.ro\/albaiulia\/asociatia-pensionarilor-speranta-de-alba-asociatia-sm-speromax-alba-si-asociatia-pacientilor-alba-a-p-a-sustin-medicii-de-familie-din-judet-cu-pr\/#primaryimage"},"thumbnailUrl":"https:\/\/urbeamea.ro\/albaiulia\/wp-content\/uploads\/2015\/08\/medic.jpg","keywords":["asociatia pecientilor alba","asociatia pensionarilor speranta de alba","asociatia sm speromax alba","cas alba","medici de familie","refuz","relatia congtractuala","stiri","Urbea Mea"],"articleSection":["S\u0103n\u0103tate"],"inLanguage":"ro-RO","potentialAction":[{"@type":"CommentAction","name":"Comment","target":["https:\/\/urbeamea.ro\/albaiulia\/asociatia-pensionarilor-speranta-de-alba-asociatia-sm-speromax-alba-si-asociatia-pacientilor-alba-a-p-a-sustin-medicii-de-familie-din-judet-cu-pr\/#respond"]}]},{"@type":"WebPage","@id":"https:\/\/urbeamea.ro\/albaiulia\/asociatia-pensionarilor-speranta-de-alba-asociatia-sm-speromax-alba-si-asociatia-pacientilor-alba-a-p-a-sustin-medicii-de-familie-din-judet-cu-pr\/","url":"https:\/\/urbeamea.ro\/albaiulia\/asociatia-pensionarilor-speranta-de-alba-asociatia-sm-speromax-alba-si-asociatia-pacientilor-alba-a-p-a-sustin-medicii-de-familie-din-judet-cu-pr\/","name":"Asocia\u021bia Pensionarilor \u201eSPERAN\u021aA DE ALBA\", Asocia\u021bia SM \u201eSPEROMAX\u201d Alba \u0219i Asocia\u021bia Pacien\u021bilor Alba \u00a0\u201eA.P.A.\u201d sus\u0163in medicii de familie din jude\u021b cu privire la refuzul de a continua \u00a0rela\u021bia contractual\u0103 cu CAS-Alba - Revista Urbea Mea - Revista de Alba","isPartOf":{"@id":"https:\/\/urbeamea.ro\/albaiulia\/#website"},"primaryImageOfPage":{"@id":"https:\/\/urbeamea.ro\/albaiulia\/asociatia-pensionarilor-speranta-de-alba-asociatia-sm-speromax-alba-si-asociatia-pacientilor-alba-a-p-a-sustin-medicii-de-familie-din-judet-cu-pr\/#primaryimage"},"image":{"@id":"https:\/\/urbeamea.ro\/albaiulia\/asociatia-pensionarilor-speranta-de-alba-asociatia-sm-speromax-alba-si-asociatia-pacientilor-alba-a-p-a-sustin-medicii-de-familie-din-judet-cu-pr\/#primaryimage"},"thumbnailUrl":"https:\/\/urbeamea.ro\/albaiulia\/wp-content\/uploads\/2015\/08\/medic.jpg","datePublished":"2018-01-09T08:29:43+00:00","dateModified":"2018-01-09T08:30:59+00:00","author":{"@id":"https:\/\/urbeamea.ro\/albaiulia\/#\/schema\/person\/9700d21fae21c4f038b0b56f4506264a"},"description":"Asocia\u021bia Pensionarilor \u201eSPERAN\u021aA DE ALBA \u201e \u00a0\u00a0Asocia\u021bia \u00a0SM \u201eSPEROMAX\u201d Alba \u0219i Asocia\u021bia Pacien\u021bilor Alba \u00a0\u201eA.P.A.\u201d, \u00ee\u0219i exprim\u0103 \u00a0con\u0219tient \u0219i","breadcrumb":{"@id":"https:\/\/urbeamea.ro\/albaiulia\/asociatia-pensionarilor-speranta-de-alba-asociatia-sm-speromax-alba-si-asociatia-pacientilor-alba-a-p-a-sustin-medicii-de-familie-din-judet-cu-pr\/#breadcrumb"},"inLanguage":"ro-RO","potentialAction":[{"@type":"ReadAction","target":["https:\/\/urbeamea.ro\/albaiulia\/asociatia-pensionarilor-speranta-de-alba-asociatia-sm-speromax-alba-si-asociatia-pacientilor-alba-a-p-a-sustin-medicii-de-familie-din-judet-cu-pr\/"]}]},{"@type":"ImageObject","inLanguage":"ro-RO","@id":"https:\/\/urbeamea.ro\/albaiulia\/asociatia-pensionarilor-speranta-de-alba-asociatia-sm-speromax-alba-si-asociatia-pacientilor-alba-a-p-a-sustin-medicii-de-familie-din-judet-cu-pr\/#primaryimage","url":"https:\/\/urbeamea.ro\/albaiulia\/wp-content\/uploads\/2015\/08\/medic.jpg","contentUrl":"https:\/\/urbeamea.ro\/albaiulia\/wp-content\/uploads\/2015\/08\/medic.jpg","width":1280,"height":853},{"@type":"BreadcrumbList","@id":"https:\/\/urbeamea.ro\/albaiulia\/asociatia-pensionarilor-speranta-de-alba-asociatia-sm-speromax-alba-si-asociatia-pacientilor-alba-a-p-a-sustin-medicii-de-familie-din-judet-cu-pr\/#breadcrumb","itemListElement":[{"@type":"ListItem","position":1,"name":"Prima pagin\u0103","item":"https:\/\/urbeamea.ro\/albaiulia\/"},{"@type":"ListItem","position":2,"name":"Asocia\u021bia Pensionarilor \u201eSPERAN\u021aA DE ALBA&#8221;, Asocia\u021bia SM \u201eSPEROMAX\u201d Alba \u0219i Asocia\u021bia Pacien\u021bilor Alba \u00a0\u201eA.P.A.\u201d sus\u0163in medicii de familie din jude\u021b cu privire la refuzul de a continua \u00a0rela\u021bia contractual\u0103 cu CAS-Alba"}]},{"@type":"WebSite","@id":"https:\/\/urbeamea.ro\/albaiulia\/#website","url":"https:\/\/urbeamea.ro\/albaiulia\/","name":"Revista Urbea Mea, Stiri urbane","description":"Evenimente \u0219i \u0219tiri din Alba Iulia, Sebe\u0219, Aiud, Blaj","potentialAction":[{"@type":"SearchAction","target":{"@type":"EntryPoint","urlTemplate":"https:\/\/urbeamea.ro\/albaiulia\/?s={search_term_string}"},"query-input":{"@type":"PropertyValueSpecification","valueRequired":true,"valueName":"search_term_string"}}],"inLanguage":"ro-RO"},{"@type":"Person","@id":"https:\/\/urbeamea.ro\/albaiulia\/#\/schema\/person\/9700d21fae21c4f038b0b56f4506264a","name":"Cristina Ganga","image":{"@type":"ImageObject","inLanguage":"ro-RO","@id":"https:\/\/secure.gravatar.com\/avatar\/5a67661041f057b4a8ccaf26f5a8e86e2689372006d01faf3dd9eeb10b654bb4?s=96&d=mm&r=g","url":"https:\/\/secure.gravatar.com\/avatar\/5a67661041f057b4a8ccaf26f5a8e86e2689372006d01faf3dd9eeb10b654bb4?s=96&d=mm&r=g","contentUrl":"https:\/\/secure.gravatar.com\/avatar\/5a67661041f057b4a8ccaf26f5a8e86e2689372006d01faf3dd9eeb10b654bb4?s=96&d=mm&r=g","caption":"Cristina Ganga"},"description":"Jurnalist","sameAs":["https:\/\/www.facebook.com\/cristina.nicola.587"],"url":"https:\/\/urbeamea.ro\/albaiulia\/author\/cristina-nicola\/"}]}},"_links":{"self":[{"href":"https:\/\/urbeamea.ro\/albaiulia\/wp-json\/wp\/v2\/posts\/58995","targetHints":{"allow":["GET"]}}],"collection":[{"href":"https:\/\/urbeamea.ro\/albaiulia\/wp-json\/wp\/v2\/posts"}],"about":[{"href":"https:\/\/urbeamea.ro\/albaiulia\/wp-json\/wp\/v2\/types\/post"}],"author":[{"embeddable":true,"href":"https:\/\/urbeamea.ro\/albaiulia\/wp-json\/wp\/v2\/users\/17"}],"replies":[{"embeddable":true,"href":"https:\/\/urbeamea.ro\/albaiulia\/wp-json\/wp\/v2\/comments?post=58995"}],"version-history":[{"count":0,"href":"https:\/\/urbeamea.ro\/albaiulia\/wp-json\/wp\/v2\/posts\/58995\/revisions"}],"wp:featuredmedia":[{"embeddable":true,"href":"https:\/\/urbeamea.ro\/albaiulia\/wp-json\/wp\/v2\/media\/7060"}],"wp:attachment":[{"href":"https:\/\/urbeamea.ro\/albaiulia\/wp-json\/wp\/v2\/media?parent=58995"}],"wp:term":[{"taxonomy":"category","embeddable":true,"href":"https:\/\/urbeamea.ro\/albaiulia\/wp-json\/wp\/v2\/categories?post=58995"},{"taxonomy":"post_tag","embeddable":true,"href":"https:\/\/urbeamea.ro\/albaiulia\/wp-json\/wp\/v2\/tags?post=58995"}],"curies":[{"name":"wp","href":"https:\/\/api.w.org\/{rel}","templated":true}]}}