{"id":59115,"date":"2018-01-15T14:15:19","date_gmt":"2018-01-15T12:15:19","guid":{"rendered":"https:\/\/urbeamea.ro\/albaiulia\/?p=59115"},"modified":"2018-01-15T14:15:19","modified_gmt":"2018-01-15T12:15:19","slug":"foto-zeci-de-pietoni-amendati-permise-retinute-si-amenzi-pentru-viteza-cadrul-actiunii-alege-viata-desfasurata-de-ipj-alba","status":"publish","type":"post","link":"https:\/\/urbeamea.ro\/albaiulia\/foto-zeci-de-pietoni-amendati-permise-retinute-si-amenzi-pentru-viteza-cadrul-actiunii-alege-viata-desfasurata-de-ipj-alba\/","title":{"rendered":"FOTO: Zeci de pietoni amenda\u021bi, permise re\u021binute \u0219i amenzi pentru vitez\u0103, \u00een cadrul ac\u0163iunii ALEGE VIA\u021aA, desf\u0103\u015furat\u0103 de IPJ Alba"},"content":{"rendered":"<p><strong>Siguran\u0163a traficului rutier din Alba Iulia, \u00een aten\u0163ia poli\u0163i\u015ftilor. La sf\u00e2r\u0219itul s\u0103pt\u0103m\u00e2nii trecute poli\u0163i\u015ftii au aplicat 145 de amenzi \u015fi au re\u0163inut 4 permise de conducere \u00een cadrul unei ac\u0163iuni cu efective suplimentare.<\/strong><\/p>\n<p>La data de 12 ianuarie, poli\u0163i\u015ftii Serviciului Rutier Alba, cu sprijinul poli\u0163i\u015ftilor rutieri din Alba Iulia, Sebe\u015f, Aiud \u015fi ai poli\u0163i\u015ftilor de ordine public\u0103 din Alba Iulia, Aiud \u015fi de la Sec\u0163iile de Poli\u0163ie Rural\u0103 Vin\u0163u de Jos \u015fi Galda de Jos, au desf\u0103\u015furat o ac\u0163iune, pe raza municipiului Alba Iulia, ce a vizat prevenirea accidentelor datorate neacord\u0103rii de prioritate vehiculelor \u015fi pietonilor c\u00e2t \u015fi a celor datorate indisciplinei pietonilor.<\/p>\n<p>\u00cen cadrul ac\u0163iunii au fost aplicate 145 de sanc\u0163iuni contraven\u0163ionale, \u00een valoare de 23.990 lei, din care 64 pietonilor ce s-au angajat \u00een traversarea str\u0103zii prin loc nepermis.<\/p>\n<p>Dintre sanc\u0163iunile aplicate conduc\u0103torilor auto, 12 au fost pentru vitez\u0103 excesiv\u0103, 14 pentru neportul centurii de siguran\u0163\u0103, 10 pentru oprire\/sta\u0163ionare neregulamentar\u0103, dou\u0103 pentru neacordare de prioritate pietonilor, una pentru neacordarea de prioritate vehiculelor, una pentru nerespectarea culorii ro\u015fii a semaforului, iar restul pentru alte abateri.<\/p>\n<p>Au fost re\u0163inute 4 permise de conducere \u015fi au fost retrase 4 certificate de \u00eenmatriculare.<\/p>\n<div id='gallery-1' class='gallery galleryid-59115 gallery-columns-3 gallery-size-thumbnail'><figure class='gallery-item'>\n\t\t\t<div class='gallery-icon landscape'>\n\t\t\t\t<a href='https:\/\/urbeamea.ro\/albaiulia\/wp-content\/uploads\/2018\/01\/26906135_1785162348221048_1968888976_o.jpg'><img decoding=\"async\" width=\"150\" height=\"113\" src=\"data:image\/png;base64,iVBORw0KGgoAAAANSUhEUgAAAYYAAADcAQMAAABOLJSDAAAAA1BMVEUAAACnej3aAAAAAXRSTlMAQObYZgAAACJJREFUaIHtwTEBAAAAwqD1T20ND6AAAAAAAAAAAAAA4N8AKvgAAUFIrrEAAAAASUVORK5CYII=\" class=\"attachment-thumbnail size-thumbnail lazy-img\" alt=\"\" srcset=\"https:\/\/urbeamea.ro\/albaiulia\/wp-content\/uploads\/2018\/01\/26906135_1785162348221048_1968888976_o-150x113.jpg 150w, https:\/\/urbeamea.ro\/albaiulia\/wp-content\/uploads\/2018\/01\/26906135_1785162348221048_1968888976_o-640x480.jpg 640w, https:\/\/urbeamea.ro\/albaiulia\/wp-content\/uploads\/2018\/01\/26906135_1785162348221048_1968888976_o-768x576.jpg 768w, https:\/\/urbeamea.ro\/albaiulia\/wp-content\/uploads\/2018\/01\/26906135_1785162348221048_1968888976_o.jpg 1200w\" sizes=\"auto, (max-width: 150px) 100vw, 150px\" data-src=\"https:\/\/urbeamea.ro\/albaiulia\/wp-content\/uploads\/2018\/01\/26906135_1785162348221048_1968888976_o-150x113.jpg\" loading=\"lazy\" \/><\/a>\n\t\t\t<\/div><\/figure><figure class='gallery-item'>\n\t\t\t<div class='gallery-icon landscape'>\n\t\t\t\t<a href='https:\/\/urbeamea.ro\/albaiulia\/wp-content\/uploads\/2018\/01\/26906697_1785162704887679_227543063_o.jpg'><img decoding=\"async\" width=\"150\" height=\"113\" src=\"data:image\/png;base64,iVBORw0KGgoAAAANSUhEUgAAAYYAAADcAQMAAABOLJSDAAAAA1BMVEUAAACnej3aAAAAAXRSTlMAQObYZgAAACJJREFUaIHtwTEBAAAAwqD1T20ND6AAAAAAAAAAAAAA4N8AKvgAAUFIrrEAAAAASUVORK5CYII=\" class=\"attachment-thumbnail size-thumbnail lazy-img\" alt=\"\" srcset=\"https:\/\/urbeamea.ro\/albaiulia\/wp-content\/uploads\/2018\/01\/26906697_1785162704887679_227543063_o-150x113.jpg 150w, https:\/\/urbeamea.ro\/albaiulia\/wp-content\/uploads\/2018\/01\/26906697_1785162704887679_227543063_o-640x480.jpg 640w, https:\/\/urbeamea.ro\/albaiulia\/wp-content\/uploads\/2018\/01\/26906697_1785162704887679_227543063_o-768x576.jpg 768w, https:\/\/urbeamea.ro\/albaiulia\/wp-content\/uploads\/2018\/01\/26906697_1785162704887679_227543063_o.jpg 1200w\" sizes=\"auto, (max-width: 150px) 100vw, 150px\" data-src=\"https:\/\/urbeamea.ro\/albaiulia\/wp-content\/uploads\/2018\/01\/26906697_1785162704887679_227543063_o-150x113.jpg\" loading=\"lazy\" \/><\/a>\n\t\t\t<\/div><\/figure><figure class='gallery-item'>\n\t\t\t<div class='gallery-icon landscape'>\n\t\t\t\t<a href='https:\/\/urbeamea.ro\/albaiulia\/wp-content\/uploads\/2018\/01\/26937748_1785162554887694_1175812164_o.jpg'><img decoding=\"async\" width=\"150\" height=\"113\" src=\"data:image\/png;base64,iVBORw0KGgoAAAANSUhEUgAAAYYAAADcAQMAAABOLJSDAAAAA1BMVEUAAACnej3aAAAAAXRSTlMAQObYZgAAACJJREFUaIHtwTEBAAAAwqD1T20ND6AAAAAAAAAAAAAA4N8AKvgAAUFIrrEAAAAASUVORK5CYII=\" class=\"attachment-thumbnail size-thumbnail lazy-img\" alt=\"\" srcset=\"https:\/\/urbeamea.ro\/albaiulia\/wp-content\/uploads\/2018\/01\/26937748_1785162554887694_1175812164_o-150x113.jpg 150w, https:\/\/urbeamea.ro\/albaiulia\/wp-content\/uploads\/2018\/01\/26937748_1785162554887694_1175812164_o-640x480.jpg 640w, https:\/\/urbeamea.ro\/albaiulia\/wp-content\/uploads\/2018\/01\/26937748_1785162554887694_1175812164_o-768x576.jpg 768w, https:\/\/urbeamea.ro\/albaiulia\/wp-content\/uploads\/2018\/01\/26937748_1785162554887694_1175812164_o.jpg 1200w\" sizes=\"auto, (max-width: 150px) 100vw, 150px\" data-src=\"https:\/\/urbeamea.ro\/albaiulia\/wp-content\/uploads\/2018\/01\/26937748_1785162554887694_1175812164_o-150x113.jpg\" loading=\"lazy\" \/><\/a>\n\t\t\t<\/div><\/figure><figure class='gallery-item'>\n\t\t\t<div class='gallery-icon landscape'>\n\t\t\t\t<a href='https:\/\/urbeamea.ro\/albaiulia\/wp-content\/uploads\/2018\/01\/26938109_1785162794887670_1649990900_o.jpg'><img decoding=\"async\" width=\"150\" height=\"113\" src=\"data:image\/png;base64,iVBORw0KGgoAAAANSUhEUgAAAYYAAADcAQMAAABOLJSDAAAAA1BMVEUAAACnej3aAAAAAXRSTlMAQObYZgAAACJJREFUaIHtwTEBAAAAwqD1T20ND6AAAAAAAAAAAAAA4N8AKvgAAUFIrrEAAAAASUVORK5CYII=\" class=\"attachment-thumbnail size-thumbnail lazy-img\" alt=\"\" srcset=\"https:\/\/urbeamea.ro\/albaiulia\/wp-content\/uploads\/2018\/01\/26938109_1785162794887670_1649990900_o-150x113.jpg 150w, https:\/\/urbeamea.ro\/albaiulia\/wp-content\/uploads\/2018\/01\/26938109_1785162794887670_1649990900_o-640x480.jpg 640w, https:\/\/urbeamea.ro\/albaiulia\/wp-content\/uploads\/2018\/01\/26938109_1785162794887670_1649990900_o-768x576.jpg 768w, https:\/\/urbeamea.ro\/albaiulia\/wp-content\/uploads\/2018\/01\/26938109_1785162794887670_1649990900_o.jpg 1200w\" sizes=\"auto, (max-width: 150px) 100vw, 150px\" data-src=\"https:\/\/urbeamea.ro\/albaiulia\/wp-content\/uploads\/2018\/01\/26938109_1785162794887670_1649990900_o-150x113.jpg\" loading=\"lazy\" \/><\/a>\n\t\t\t<\/div><\/figure><figure class='gallery-item'>\n\t\t\t<div class='gallery-icon landscape'>\n\t\t\t\t<a href='https:\/\/urbeamea.ro\/albaiulia\/wp-content\/uploads\/2018\/01\/26971824_1785162841554332_158123994_o.jpg'><img decoding=\"async\" width=\"150\" height=\"113\" src=\"data:image\/png;base64,iVBORw0KGgoAAAANSUhEUgAAAYYAAADcAQMAAABOLJSDAAAAA1BMVEUAAACnej3aAAAAAXRSTlMAQObYZgAAACJJREFUaIHtwTEBAAAAwqD1T20ND6AAAAAAAAAAAAAA4N8AKvgAAUFIrrEAAAAASUVORK5CYII=\" class=\"attachment-thumbnail size-thumbnail lazy-img\" alt=\"\" srcset=\"https:\/\/urbeamea.ro\/albaiulia\/wp-content\/uploads\/2018\/01\/26971824_1785162841554332_158123994_o-150x113.jpg 150w, https:\/\/urbeamea.ro\/albaiulia\/wp-content\/uploads\/2018\/01\/26971824_1785162841554332_158123994_o-640x480.jpg 640w, https:\/\/urbeamea.ro\/albaiulia\/wp-content\/uploads\/2018\/01\/26971824_1785162841554332_158123994_o-768x576.jpg 768w, https:\/\/urbeamea.ro\/albaiulia\/wp-content\/uploads\/2018\/01\/26971824_1785162841554332_158123994_o.jpg 1200w\" sizes=\"auto, (max-width: 150px) 100vw, 150px\" data-src=\"https:\/\/urbeamea.ro\/albaiulia\/wp-content\/uploads\/2018\/01\/26971824_1785162841554332_158123994_o-150x113.jpg\" loading=\"lazy\" \/><\/a>\n\t\t\t<\/div><\/figure>\n\t\t<\/div>\n\n","protected":false},"excerpt":{"rendered":"<p>Siguran\u0163a traficului rutier din Alba Iulia, \u00een aten\u0163ia poli\u0163i\u015ftilor. La sf\u00e2r\u0219itul s\u0103pt\u0103m\u00e2nii trecute poli\u0163i\u015ftii au aplicat 145 de amenzi \u015fi au re\u0163inut 4 permise de conducere \u00een cadrul unei ac\u0163iuni cu efective suplimentare. La data de 12 ianuarie, poli\u0163i\u015ftii Serviciului Rutier Alba, cu sprijinul poli\u0163i\u015ftilor rutieri din Alba Iulia, Sebe\u015f, Aiud \u015fi ai poli\u0163i\u015ftilor de &hellip;<\/p>\n","protected":false},"author":17,"featured_media":59116,"comment_status":"open","ping_status":"open","sticky":false,"template":"","format":"standard","meta":{"inline_featured_image":false,"footnotes":""},"categories":[2034],"tags":[666,14123,2292,457,12951,1176,308,76],"class_list":["post-59115","post","type-post","status-publish","format-standard","has-post-thumbnail","hentry","category-social","tag-actiune","tag-alege-viata","tag-amenzi","tag-ipj-alba","tag-permise-retinute","tag-pietoni","tag-stiri","tag-urbea-mea"],"yoast_head":"<!-- This site is optimized with the Yoast SEO plugin v28.3 - https:\/\/yoast.com\/product\/yoast-seo-wordpress\/ -->\n<title>FOTO: Zeci de pietoni amenda\u021bi, permise re\u021binute \u0219i amenzi pentru vitez\u0103, \u00een cadrul ac\u0163iunii ALEGE VIA\u021aA, desf\u0103\u015furat\u0103 de IPJ Alba - Revista Urbea Mea - Revista de Alba<\/title>\n<meta name=\"description\" content=\"Siguran\u0163a traficului rutier din Alba Iulia, \u00een aten\u0163ia poli\u0163i\u015ftilor. La sf\u00e2r\u0219itul s\u0103pt\u0103m\u00e2nii trecute poli\u0163i\u015ftii au aplicat 145 de amenzi \u015fi au re\u0163inut 4\" \/>\n<meta name=\"robots\" content=\"index, follow, max-snippet:-1, max-image-preview:large, max-video-preview:-1\" \/>\n<link rel=\"canonical\" href=\"https:\/\/urbeamea.ro\/albaiulia\/foto-zeci-de-pietoni-amendati-permise-retinute-si-amenzi-pentru-viteza-cadrul-actiunii-alege-viata-desfasurata-de-ipj-alba\/\" \/>\n<meta name=\"twitter:card\" content=\"summary_large_image\" \/>\n<meta name=\"twitter:title\" content=\"FOTO: Zeci de pietoni amenda\u021bi, permise re\u021binute \u0219i amenzi pentru vitez\u0103, \u00een cadrul ac\u0163iunii ALEGE VIA\u021aA, desf\u0103\u015furat\u0103 de IPJ Alba - Revista Urbea Mea - Revista de Alba\" \/>\n<meta name=\"twitter:description\" content=\"Siguran\u0163a traficului rutier din Alba Iulia, \u00een aten\u0163ia poli\u0163i\u015ftilor. La sf\u00e2r\u0219itul s\u0103pt\u0103m\u00e2nii trecute poli\u0163i\u015ftii au aplicat 145 de amenzi \u015fi au re\u0163inut 4\" \/>\n<meta name=\"twitter:image\" content=\"https:\/\/urbeamea.ro\/albaiulia\/wp-content\/uploads\/2018\/01\/26906135_1785162348221048_1968888976_o.jpg\" \/>\n<meta name=\"twitter:creator\" content=\"@urbeameaweb\" \/>\n<meta name=\"twitter:site\" content=\"@urbeameaweb\" \/>\n<script type=\"application\/ld+json\" class=\"yoast-schema-graph\">{\"@context\":\"https:\\\/\\\/schema.org\",\"@graph\":[{\"@type\":\"Article\",\"@id\":\"https:\\\/\\\/urbeamea.ro\\\/albaiulia\\\/foto-zeci-de-pietoni-amendati-permise-retinute-si-amenzi-pentru-viteza-cadrul-actiunii-alege-viata-desfasurata-de-ipj-alba\\\/#article\",\"isPartOf\":{\"@id\":\"https:\\\/\\\/urbeamea.ro\\\/albaiulia\\\/foto-zeci-de-pietoni-amendati-permise-retinute-si-amenzi-pentru-viteza-cadrul-actiunii-alege-viata-desfasurata-de-ipj-alba\\\/\"},\"author\":{\"name\":\"Cristina Ganga\",\"@id\":\"https:\\\/\\\/urbeamea.ro\\\/albaiulia\\\/#\\\/schema\\\/person\\\/9700d21fae21c4f038b0b56f4506264a\"},\"headline\":\"FOTO: Zeci de pietoni amenda\u021bi, permise re\u021binute \u0219i amenzi pentru vitez\u0103, \u00een cadrul ac\u0163iunii ALEGE VIA\u021aA, desf\u0103\u015furat\u0103 de IPJ Alba\",\"datePublished\":\"2018-01-15T12:15:19+00:00\",\"mainEntityOfPage\":{\"@id\":\"https:\\\/\\\/urbeamea.ro\\\/albaiulia\\\/foto-zeci-de-pietoni-amendati-permise-retinute-si-amenzi-pentru-viteza-cadrul-actiunii-alege-viata-desfasurata-de-ipj-alba\\\/\"},\"wordCount\":245,\"commentCount\":0,\"image\":{\"@id\":\"https:\\\/\\\/urbeamea.ro\\\/albaiulia\\\/foto-zeci-de-pietoni-amendati-permise-retinute-si-amenzi-pentru-viteza-cadrul-actiunii-alege-viata-desfasurata-de-ipj-alba\\\/#primaryimage\"},\"thumbnailUrl\":\"https:\\\/\\\/urbeamea.ro\\\/albaiulia\\\/wp-content\\\/uploads\\\/2018\\\/01\\\/26906135_1785162348221048_1968888976_o.jpg\",\"keywords\":[\"actiune\",\"alege viata\",\"amenzi\",\"IPJ Alba\",\"permise retinute\",\"pietoni\",\"stiri\",\"Urbea Mea\"],\"articleSection\":[\"Social\"],\"inLanguage\":\"ro-RO\",\"potentialAction\":[{\"@type\":\"CommentAction\",\"name\":\"Comment\",\"target\":[\"https:\\\/\\\/urbeamea.ro\\\/albaiulia\\\/foto-zeci-de-pietoni-amendati-permise-retinute-si-amenzi-pentru-viteza-cadrul-actiunii-alege-viata-desfasurata-de-ipj-alba\\\/#respond\"]}]},{\"@type\":\"WebPage\",\"@id\":\"https:\\\/\\\/urbeamea.ro\\\/albaiulia\\\/foto-zeci-de-pietoni-amendati-permise-retinute-si-amenzi-pentru-viteza-cadrul-actiunii-alege-viata-desfasurata-de-ipj-alba\\\/\",\"url\":\"https:\\\/\\\/urbeamea.ro\\\/albaiulia\\\/foto-zeci-de-pietoni-amendati-permise-retinute-si-amenzi-pentru-viteza-cadrul-actiunii-alege-viata-desfasurata-de-ipj-alba\\\/\",\"name\":\"FOTO: Zeci de pietoni amenda\u021bi, permise re\u021binute \u0219i amenzi pentru vitez\u0103, \u00een cadrul ac\u0163iunii ALEGE VIA\u021aA, desf\u0103\u015furat\u0103 de IPJ Alba - Revista Urbea Mea - Revista de Alba\",\"isPartOf\":{\"@id\":\"https:\\\/\\\/urbeamea.ro\\\/albaiulia\\\/#website\"},\"primaryImageOfPage\":{\"@id\":\"https:\\\/\\\/urbeamea.ro\\\/albaiulia\\\/foto-zeci-de-pietoni-amendati-permise-retinute-si-amenzi-pentru-viteza-cadrul-actiunii-alege-viata-desfasurata-de-ipj-alba\\\/#primaryimage\"},\"image\":{\"@id\":\"https:\\\/\\\/urbeamea.ro\\\/albaiulia\\\/foto-zeci-de-pietoni-amendati-permise-retinute-si-amenzi-pentru-viteza-cadrul-actiunii-alege-viata-desfasurata-de-ipj-alba\\\/#primaryimage\"},\"thumbnailUrl\":\"https:\\\/\\\/urbeamea.ro\\\/albaiulia\\\/wp-content\\\/uploads\\\/2018\\\/01\\\/26906135_1785162348221048_1968888976_o.jpg\",\"datePublished\":\"2018-01-15T12:15:19+00:00\",\"author\":{\"@id\":\"https:\\\/\\\/urbeamea.ro\\\/albaiulia\\\/#\\\/schema\\\/person\\\/9700d21fae21c4f038b0b56f4506264a\"},\"description\":\"Siguran\u0163a traficului rutier din Alba Iulia, \u00een aten\u0163ia poli\u0163i\u015ftilor. La sf\u00e2r\u0219itul s\u0103pt\u0103m\u00e2nii trecute poli\u0163i\u015ftii au aplicat 145 de amenzi \u015fi au re\u0163inut 4\",\"breadcrumb\":{\"@id\":\"https:\\\/\\\/urbeamea.ro\\\/albaiulia\\\/foto-zeci-de-pietoni-amendati-permise-retinute-si-amenzi-pentru-viteza-cadrul-actiunii-alege-viata-desfasurata-de-ipj-alba\\\/#breadcrumb\"},\"inLanguage\":\"ro-RO\",\"potentialAction\":[{\"@type\":\"ReadAction\",\"target\":[\"https:\\\/\\\/urbeamea.ro\\\/albaiulia\\\/foto-zeci-de-pietoni-amendati-permise-retinute-si-amenzi-pentru-viteza-cadrul-actiunii-alege-viata-desfasurata-de-ipj-alba\\\/\"]}]},{\"@type\":\"ImageObject\",\"inLanguage\":\"ro-RO\",\"@id\":\"https:\\\/\\\/urbeamea.ro\\\/albaiulia\\\/foto-zeci-de-pietoni-amendati-permise-retinute-si-amenzi-pentru-viteza-cadrul-actiunii-alege-viata-desfasurata-de-ipj-alba\\\/#primaryimage\",\"url\":\"https:\\\/\\\/urbeamea.ro\\\/albaiulia\\\/wp-content\\\/uploads\\\/2018\\\/01\\\/26906135_1785162348221048_1968888976_o.jpg\",\"contentUrl\":\"https:\\\/\\\/urbeamea.ro\\\/albaiulia\\\/wp-content\\\/uploads\\\/2018\\\/01\\\/26906135_1785162348221048_1968888976_o.jpg\",\"width\":1200,\"height\":900},{\"@type\":\"BreadcrumbList\",\"@id\":\"https:\\\/\\\/urbeamea.ro\\\/albaiulia\\\/foto-zeci-de-pietoni-amendati-permise-retinute-si-amenzi-pentru-viteza-cadrul-actiunii-alege-viata-desfasurata-de-ipj-alba\\\/#breadcrumb\",\"itemListElement\":[{\"@type\":\"ListItem\",\"position\":1,\"name\":\"Prima pagin\u0103\",\"item\":\"https:\\\/\\\/urbeamea.ro\\\/albaiulia\\\/\"},{\"@type\":\"ListItem\",\"position\":2,\"name\":\"FOTO: Zeci de pietoni amenda\u021bi, permise re\u021binute \u0219i amenzi pentru vitez\u0103, \u00een cadrul ac\u0163iunii ALEGE VIA\u021aA, desf\u0103\u015furat\u0103 de IPJ Alba\"}]},{\"@type\":\"WebSite\",\"@id\":\"https:\\\/\\\/urbeamea.ro\\\/albaiulia\\\/#website\",\"url\":\"https:\\\/\\\/urbeamea.ro\\\/albaiulia\\\/\",\"name\":\"Revista Urbea Mea, Stiri urbane\",\"description\":\"Evenimente \u0219i \u0219tiri din Alba Iulia, Sebe\u0219, Aiud, Blaj\",\"potentialAction\":[{\"@type\":\"SearchAction\",\"target\":{\"@type\":\"EntryPoint\",\"urlTemplate\":\"https:\\\/\\\/urbeamea.ro\\\/albaiulia\\\/?s={search_term_string}\"},\"query-input\":{\"@type\":\"PropertyValueSpecification\",\"valueRequired\":true,\"valueName\":\"search_term_string\"}}],\"inLanguage\":\"ro-RO\"},{\"@type\":\"Person\",\"@id\":\"https:\\\/\\\/urbeamea.ro\\\/albaiulia\\\/#\\\/schema\\\/person\\\/9700d21fae21c4f038b0b56f4506264a\",\"name\":\"Cristina Ganga\",\"image\":{\"@type\":\"ImageObject\",\"inLanguage\":\"ro-RO\",\"@id\":\"https:\\\/\\\/secure.gravatar.com\\\/avatar\\\/5a67661041f057b4a8ccaf26f5a8e86e2689372006d01faf3dd9eeb10b654bb4?s=96&d=mm&r=g\",\"url\":\"https:\\\/\\\/secure.gravatar.com\\\/avatar\\\/5a67661041f057b4a8ccaf26f5a8e86e2689372006d01faf3dd9eeb10b654bb4?s=96&d=mm&r=g\",\"contentUrl\":\"https:\\\/\\\/secure.gravatar.com\\\/avatar\\\/5a67661041f057b4a8ccaf26f5a8e86e2689372006d01faf3dd9eeb10b654bb4?s=96&d=mm&r=g\",\"caption\":\"Cristina Ganga\"},\"description\":\"Jurnalist\",\"sameAs\":[\"https:\\\/\\\/www.facebook.com\\\/cristina.nicola.587\"],\"url\":\"https:\\\/\\\/urbeamea.ro\\\/albaiulia\\\/author\\\/cristina-nicola\\\/\"}]}<\/script>\n<!-- \/ Yoast SEO plugin. -->","yoast_head_json":{"title":"FOTO: Zeci de pietoni amenda\u021bi, permise re\u021binute \u0219i amenzi pentru vitez\u0103, \u00een cadrul ac\u0163iunii ALEGE VIA\u021aA, desf\u0103\u015furat\u0103 de IPJ Alba - Revista Urbea Mea - Revista de Alba","description":"Siguran\u0163a traficului rutier din Alba Iulia, \u00een aten\u0163ia poli\u0163i\u015ftilor. La sf\u00e2r\u0219itul s\u0103pt\u0103m\u00e2nii trecute poli\u0163i\u015ftii au aplicat 145 de amenzi \u015fi au re\u0163inut 4","robots":{"index":"index","follow":"follow","max-snippet":"max-snippet:-1","max-image-preview":"max-image-preview:large","max-video-preview":"max-video-preview:-1"},"canonical":"https:\/\/urbeamea.ro\/albaiulia\/foto-zeci-de-pietoni-amendati-permise-retinute-si-amenzi-pentru-viteza-cadrul-actiunii-alege-viata-desfasurata-de-ipj-alba\/","twitter_card":"summary_large_image","twitter_title":"FOTO: Zeci de pietoni amenda\u021bi, permise re\u021binute \u0219i amenzi pentru vitez\u0103, \u00een cadrul ac\u0163iunii ALEGE VIA\u021aA, desf\u0103\u015furat\u0103 de IPJ Alba - Revista Urbea Mea - Revista de Alba","twitter_description":"Siguran\u0163a traficului rutier din Alba Iulia, \u00een aten\u0163ia poli\u0163i\u015ftilor. La sf\u00e2r\u0219itul s\u0103pt\u0103m\u00e2nii trecute poli\u0163i\u015ftii au aplicat 145 de amenzi \u015fi au re\u0163inut 4","twitter_image":"https:\/\/urbeamea.ro\/albaiulia\/wp-content\/uploads\/2018\/01\/26906135_1785162348221048_1968888976_o.jpg","twitter_creator":"@urbeameaweb","twitter_site":"@urbeameaweb","schema":{"@context":"https:\/\/schema.org","@graph":[{"@type":"Article","@id":"https:\/\/urbeamea.ro\/albaiulia\/foto-zeci-de-pietoni-amendati-permise-retinute-si-amenzi-pentru-viteza-cadrul-actiunii-alege-viata-desfasurata-de-ipj-alba\/#article","isPartOf":{"@id":"https:\/\/urbeamea.ro\/albaiulia\/foto-zeci-de-pietoni-amendati-permise-retinute-si-amenzi-pentru-viteza-cadrul-actiunii-alege-viata-desfasurata-de-ipj-alba\/"},"author":{"name":"Cristina Ganga","@id":"https:\/\/urbeamea.ro\/albaiulia\/#\/schema\/person\/9700d21fae21c4f038b0b56f4506264a"},"headline":"FOTO: Zeci de pietoni amenda\u021bi, permise re\u021binute \u0219i amenzi pentru vitez\u0103, \u00een cadrul ac\u0163iunii ALEGE VIA\u021aA, desf\u0103\u015furat\u0103 de IPJ Alba","datePublished":"2018-01-15T12:15:19+00:00","mainEntityOfPage":{"@id":"https:\/\/urbeamea.ro\/albaiulia\/foto-zeci-de-pietoni-amendati-permise-retinute-si-amenzi-pentru-viteza-cadrul-actiunii-alege-viata-desfasurata-de-ipj-alba\/"},"wordCount":245,"commentCount":0,"image":{"@id":"https:\/\/urbeamea.ro\/albaiulia\/foto-zeci-de-pietoni-amendati-permise-retinute-si-amenzi-pentru-viteza-cadrul-actiunii-alege-viata-desfasurata-de-ipj-alba\/#primaryimage"},"thumbnailUrl":"https:\/\/urbeamea.ro\/albaiulia\/wp-content\/uploads\/2018\/01\/26906135_1785162348221048_1968888976_o.jpg","keywords":["actiune","alege viata","amenzi","IPJ Alba","permise retinute","pietoni","stiri","Urbea Mea"],"articleSection":["Social"],"inLanguage":"ro-RO","potentialAction":[{"@type":"CommentAction","name":"Comment","target":["https:\/\/urbeamea.ro\/albaiulia\/foto-zeci-de-pietoni-amendati-permise-retinute-si-amenzi-pentru-viteza-cadrul-actiunii-alege-viata-desfasurata-de-ipj-alba\/#respond"]}]},{"@type":"WebPage","@id":"https:\/\/urbeamea.ro\/albaiulia\/foto-zeci-de-pietoni-amendati-permise-retinute-si-amenzi-pentru-viteza-cadrul-actiunii-alege-viata-desfasurata-de-ipj-alba\/","url":"https:\/\/urbeamea.ro\/albaiulia\/foto-zeci-de-pietoni-amendati-permise-retinute-si-amenzi-pentru-viteza-cadrul-actiunii-alege-viata-desfasurata-de-ipj-alba\/","name":"FOTO: Zeci de pietoni amenda\u021bi, permise re\u021binute \u0219i amenzi pentru vitez\u0103, \u00een cadrul ac\u0163iunii ALEGE VIA\u021aA, desf\u0103\u015furat\u0103 de IPJ Alba - Revista Urbea Mea - Revista de Alba","isPartOf":{"@id":"https:\/\/urbeamea.ro\/albaiulia\/#website"},"primaryImageOfPage":{"@id":"https:\/\/urbeamea.ro\/albaiulia\/foto-zeci-de-pietoni-amendati-permise-retinute-si-amenzi-pentru-viteza-cadrul-actiunii-alege-viata-desfasurata-de-ipj-alba\/#primaryimage"},"image":{"@id":"https:\/\/urbeamea.ro\/albaiulia\/foto-zeci-de-pietoni-amendati-permise-retinute-si-amenzi-pentru-viteza-cadrul-actiunii-alege-viata-desfasurata-de-ipj-alba\/#primaryimage"},"thumbnailUrl":"https:\/\/urbeamea.ro\/albaiulia\/wp-content\/uploads\/2018\/01\/26906135_1785162348221048_1968888976_o.jpg","datePublished":"2018-01-15T12:15:19+00:00","author":{"@id":"https:\/\/urbeamea.ro\/albaiulia\/#\/schema\/person\/9700d21fae21c4f038b0b56f4506264a"},"description":"Siguran\u0163a traficului rutier din Alba Iulia, \u00een aten\u0163ia poli\u0163i\u015ftilor. La sf\u00e2r\u0219itul s\u0103pt\u0103m\u00e2nii trecute poli\u0163i\u015ftii au aplicat 145 de amenzi \u015fi au re\u0163inut 4","breadcrumb":{"@id":"https:\/\/urbeamea.ro\/albaiulia\/foto-zeci-de-pietoni-amendati-permise-retinute-si-amenzi-pentru-viteza-cadrul-actiunii-alege-viata-desfasurata-de-ipj-alba\/#breadcrumb"},"inLanguage":"ro-RO","potentialAction":[{"@type":"ReadAction","target":["https:\/\/urbeamea.ro\/albaiulia\/foto-zeci-de-pietoni-amendati-permise-retinute-si-amenzi-pentru-viteza-cadrul-actiunii-alege-viata-desfasurata-de-ipj-alba\/"]}]},{"@type":"ImageObject","inLanguage":"ro-RO","@id":"https:\/\/urbeamea.ro\/albaiulia\/foto-zeci-de-pietoni-amendati-permise-retinute-si-amenzi-pentru-viteza-cadrul-actiunii-alege-viata-desfasurata-de-ipj-alba\/#primaryimage","url":"https:\/\/urbeamea.ro\/albaiulia\/wp-content\/uploads\/2018\/01\/26906135_1785162348221048_1968888976_o.jpg","contentUrl":"https:\/\/urbeamea.ro\/albaiulia\/wp-content\/uploads\/2018\/01\/26906135_1785162348221048_1968888976_o.jpg","width":1200,"height":900},{"@type":"BreadcrumbList","@id":"https:\/\/urbeamea.ro\/albaiulia\/foto-zeci-de-pietoni-amendati-permise-retinute-si-amenzi-pentru-viteza-cadrul-actiunii-alege-viata-desfasurata-de-ipj-alba\/#breadcrumb","itemListElement":[{"@type":"ListItem","position":1,"name":"Prima pagin\u0103","item":"https:\/\/urbeamea.ro\/albaiulia\/"},{"@type":"ListItem","position":2,"name":"FOTO: Zeci de pietoni amenda\u021bi, permise re\u021binute \u0219i amenzi pentru vitez\u0103, \u00een cadrul ac\u0163iunii ALEGE VIA\u021aA, desf\u0103\u015furat\u0103 de IPJ Alba"}]},{"@type":"WebSite","@id":"https:\/\/urbeamea.ro\/albaiulia\/#website","url":"https:\/\/urbeamea.ro\/albaiulia\/","name":"Revista Urbea Mea, Stiri urbane","description":"Evenimente \u0219i \u0219tiri din Alba Iulia, Sebe\u0219, Aiud, Blaj","potentialAction":[{"@type":"SearchAction","target":{"@type":"EntryPoint","urlTemplate":"https:\/\/urbeamea.ro\/albaiulia\/?s={search_term_string}"},"query-input":{"@type":"PropertyValueSpecification","valueRequired":true,"valueName":"search_term_string"}}],"inLanguage":"ro-RO"},{"@type":"Person","@id":"https:\/\/urbeamea.ro\/albaiulia\/#\/schema\/person\/9700d21fae21c4f038b0b56f4506264a","name":"Cristina Ganga","image":{"@type":"ImageObject","inLanguage":"ro-RO","@id":"https:\/\/secure.gravatar.com\/avatar\/5a67661041f057b4a8ccaf26f5a8e86e2689372006d01faf3dd9eeb10b654bb4?s=96&d=mm&r=g","url":"https:\/\/secure.gravatar.com\/avatar\/5a67661041f057b4a8ccaf26f5a8e86e2689372006d01faf3dd9eeb10b654bb4?s=96&d=mm&r=g","contentUrl":"https:\/\/secure.gravatar.com\/avatar\/5a67661041f057b4a8ccaf26f5a8e86e2689372006d01faf3dd9eeb10b654bb4?s=96&d=mm&r=g","caption":"Cristina Ganga"},"description":"Jurnalist","sameAs":["https:\/\/www.facebook.com\/cristina.nicola.587"],"url":"https:\/\/urbeamea.ro\/albaiulia\/author\/cristina-nicola\/"}]}},"_links":{"self":[{"href":"https:\/\/urbeamea.ro\/albaiulia\/wp-json\/wp\/v2\/posts\/59115","targetHints":{"allow":["GET"]}}],"collection":[{"href":"https:\/\/urbeamea.ro\/albaiulia\/wp-json\/wp\/v2\/posts"}],"about":[{"href":"https:\/\/urbeamea.ro\/albaiulia\/wp-json\/wp\/v2\/types\/post"}],"author":[{"embeddable":true,"href":"https:\/\/urbeamea.ro\/albaiulia\/wp-json\/wp\/v2\/users\/17"}],"replies":[{"embeddable":true,"href":"https:\/\/urbeamea.ro\/albaiulia\/wp-json\/wp\/v2\/comments?post=59115"}],"version-history":[{"count":0,"href":"https:\/\/urbeamea.ro\/albaiulia\/wp-json\/wp\/v2\/posts\/59115\/revisions"}],"wp:featuredmedia":[{"embeddable":true,"href":"https:\/\/urbeamea.ro\/albaiulia\/wp-json\/wp\/v2\/media\/59116"}],"wp:attachment":[{"href":"https:\/\/urbeamea.ro\/albaiulia\/wp-json\/wp\/v2\/media?parent=59115"}],"wp:term":[{"taxonomy":"category","embeddable":true,"href":"https:\/\/urbeamea.ro\/albaiulia\/wp-json\/wp\/v2\/categories?post=59115"},{"taxonomy":"post_tag","embeddable":true,"href":"https:\/\/urbeamea.ro\/albaiulia\/wp-json\/wp\/v2\/tags?post=59115"}],"curies":[{"name":"wp","href":"https:\/\/api.w.org\/{rel}","templated":true}]}}