{"id":59463,"date":"2018-01-23T09:12:25","date_gmt":"2018-01-23T07:12:25","guid":{"rendered":"https:\/\/urbeamea.ro\/albaiulia\/?p=59463"},"modified":"2018-01-23T09:12:25","modified_gmt":"2018-01-23T07:12:25","slug":"astazi-conferinta-publica-100-ani-romania-partea-unirea-principatelor-romane-1859-la-muzeul-principia-din-alba-iulia-program","status":"publish","type":"post","link":"https:\/\/urbeamea.ro\/albaiulia\/astazi-conferinta-publica-100-ani-romania-partea-unirea-principatelor-romane-1859-la-muzeul-principia-din-alba-iulia-program\/","title":{"rendered":"AST\u0102ZI: Conferin\u021ba public\u0103 \u201e100 ani Rom\u00e2nia, Partea I, Unirea Principatelor Rom\u00e2ne 1859\u201d, la Muzeul Principia din Alba Iulia. PROGRAM"},"content":{"rendered":"<p><strong>Mar\u021bi, 23 ianuarie 2018, \u00eencep\u00e2nd cu ora 18.00, la Muzeul Principia din Alba Iulia, se va desf\u0103\u015fura conferin\u021ba public\u0103\u00a0<em>\u201e100 ani Rom\u00e2nia, Partea I, Unirea Principatelor Rom\u00e2ne\u201d.<\/em><\/strong><\/p>\n<p>Dezbaterea va fi sus\u021binut\u0103 de Conf. Univ. dr. Valer Moga \u0219i Conf. Univ. dr. Laura Stanciu de la Universitatea \u201e1 Decembrie 1918\u201d din Alba Iulia \u0219i va fi urmat\u0103 de o scenet\u0103 realizat\u0103 de copiii Centrului \u0219colar de educa\u021bie incluziv\u0103 \u0219i de avanpremiera expozi\u021biei \u201d100 de chipuri rom\u00e2ne\u0219ti\u201d realizat\u0103 de c\u0103tre Radu Chindri\u0219 \u0219i Fuga\u0219in&amp;Partenerii.<\/p>\n<p>Manifestarea este prima dintr-o serie de patru conferin\u021be legate de fenomenele politice care au dus la formarea Rom\u00e2niei Mari: Unirea Principatelor Rom\u00e2ne din 24 ianuarie 1859 (23 ianuarie 2018), Unirea Basarabiei \u0219i Bucovinei din 27 martie 1918, respectiv 28 noiembrie 1918 (27 martie 2018), R\u0103zboiul de independen\u021b\u0103. Dobrogea \u0219i Rom\u00e2nia (9-10 mai 2018) \u0219i Unirea Transilvaniei cu Rom\u00e2nia (18 septembrie 2018). \u00cen continuarea acestora, \u00een luna octombrie sau noiembrie va avea loc o a alt\u0103 conferin\u021b\u0103 care, ca o concluzie a celor precedente, va avea ca \u0219i subiect viitorul Rom\u00e2niei.<\/p>\n<p>Evenimentul este organizat de Lions Club Alba Iulia, Cluburile Rotary din judetul Alba, Universitatea \u201e1 Decembrie 1918\u201d din Alba Iulia, Prim\u0103ria Municipiului Alba Iulia \u0219i Muzeul Na\u021bional al Unirii Alba Iulia.<\/p>\n<p>Intrarea este gratuit\u0103.<\/p>\n<p><strong>Programul evenimentului:<\/strong><\/p>\n<p>17:45 Primirea participan\u021bilor<br \/>\n18:00 Deschiderea evenimentului<br \/>\n18:05-18:20 Prezentarea organizatorilor: Lions Alba Iulia, Rotary Club Alba Iulia, Rotary Club Alba Iulia Civitas Solis<br \/>\n18:20-19:20 Dialog \u00eentre domnul conf. univ dr. Valer MOGA \u0219i doamna conf. univ dr. Laura STANCIU pe tema \u201dTRANSILVANIA \u00ceN TIMPUL UNIRII PRINCIPATELOR ROM\u00c2NE. Dezbatere \u0219i discu\u021bii.<br \/>\n19:20-19:30 \u201dMo\u0219 Ion Roat\u0103 \u0219i Unirea\u201d scenet\u0103 realizat\u0103 de c\u0103tre copii de la Centrul \u0218colar pentru Educa\u021bie Incluziv\u0103 Alba Iulia<br \/>\n19:30 Avanpremiera expozi\u021biei \u201d100 de chipuri rom\u00e2ne\u0219ti\u201d realizat\u0103 de c\u0103tre Radu Chindri\u0219 \u0219i Fuga\u0219in&amp;Partenerii<br \/>\n19:40 Cuv\u00e2nt de \u00eencheiere<br \/>\n19:45 Cocktail<\/p>\n<p>&nbsp;<\/p>\n","protected":false},"excerpt":{"rendered":"<p>Mar\u021bi, 23 ianuarie 2018, \u00eencep\u00e2nd cu ora 18.00, la Muzeul Principia din Alba Iulia, se va desf\u0103\u015fura conferin\u021ba public\u0103\u00a0\u201e100 ani Rom\u00e2nia, Partea I, Unirea Principatelor Rom\u00e2ne\u201d. Dezbaterea va fi sus\u021binut\u0103 de Conf. Univ. dr. Valer Moga \u0219i Conf. Univ. dr. Laura Stanciu de la Universitatea \u201e1 Decembrie 1918\u201d din Alba Iulia \u0219i va fi urmat\u0103 &hellip;<\/p>\n","protected":false},"author":17,"featured_media":59464,"comment_status":"open","ping_status":"open","sticky":false,"template":"","format":"standard","meta":{"inline_featured_image":false,"footnotes":""},"categories":[8857],"tags":[14178,31,14177,12621,2100,14179,10237,8581,308,14180,76],"class_list":["post-59463","post","type-post","status-publish","format-standard","has-post-thumbnail","hentry","category-istorie","tag-100-ani-romania","tag-alba-iulia","tag-conferinta-publica","tag-lions-alba-iulia","tag-muzeul-principia","tag-partea-i","tag-rotary-club-alba-iulia","tag-rotary-club-alba-iulia-civitas-solis","tag-stiri","tag-unirea-principatelor-romane-1859","tag-urbea-mea"],"yoast_head":"<!-- This site is optimized with the Yoast SEO plugin v27.4 - https:\/\/yoast.com\/product\/yoast-seo-wordpress\/ -->\n<title>AST\u0102ZI: Conferin\u021ba public\u0103 \u201e100 ani Rom\u00e2nia, Partea I, Unirea Principatelor Rom\u00e2ne 1859\u201d, la Muzeul Principia din Alba Iulia. PROGRAM - Revista Urbea Mea - Revista de Alba<\/title>\n<meta name=\"description\" content=\"Mar\u021bi, 23 ianuarie 2018, \u00eencep\u00e2nd cu ora 18.00, la Muzeul Principia din Alba Iulia, se va desf\u0103\u015fura conferin\u021ba public\u0103\u00a0\u201e100 ani Rom\u00e2nia, Partea I, Unirea\" \/>\n<meta name=\"robots\" content=\"index, follow, max-snippet:-1, max-image-preview:large, max-video-preview:-1\" \/>\n<link rel=\"canonical\" href=\"https:\/\/urbeamea.ro\/albaiulia\/astazi-conferinta-publica-100-ani-romania-partea-unirea-principatelor-romane-1859-la-muzeul-principia-din-alba-iulia-program\/\" \/>\n<meta name=\"twitter:card\" content=\"summary_large_image\" \/>\n<meta name=\"twitter:title\" content=\"AST\u0102ZI: Conferin\u021ba public\u0103 \u201e100 ani Rom\u00e2nia, Partea I, Unirea Principatelor Rom\u00e2ne 1859\u201d, la Muzeul Principia din Alba Iulia. PROGRAM - Revista Urbea Mea - Revista de Alba\" \/>\n<meta name=\"twitter:description\" content=\"Mar\u021bi, 23 ianuarie 2018, \u00eencep\u00e2nd cu ora 18.00, la Muzeul Principia din Alba Iulia, se va desf\u0103\u015fura conferin\u021ba public\u0103\u00a0\u201e100 ani Rom\u00e2nia, Partea I, Unirea\" \/>\n<meta name=\"twitter:image\" content=\"https:\/\/urbeamea.ro\/albaiulia\/wp-content\/uploads\/2018\/01\/conferinta-principia.jpg\" \/>\n<meta name=\"twitter:creator\" content=\"@urbeameaweb\" \/>\n<meta name=\"twitter:site\" content=\"@urbeameaweb\" \/>\n<script type=\"application\/ld+json\" class=\"yoast-schema-graph\">{\"@context\":\"https:\\\/\\\/schema.org\",\"@graph\":[{\"@type\":\"Article\",\"@id\":\"https:\\\/\\\/urbeamea.ro\\\/albaiulia\\\/astazi-conferinta-publica-100-ani-romania-partea-unirea-principatelor-romane-1859-la-muzeul-principia-din-alba-iulia-program\\\/#article\",\"isPartOf\":{\"@id\":\"https:\\\/\\\/urbeamea.ro\\\/albaiulia\\\/astazi-conferinta-publica-100-ani-romania-partea-unirea-principatelor-romane-1859-la-muzeul-principia-din-alba-iulia-program\\\/\"},\"author\":{\"name\":\"Cristina Ganga\",\"@id\":\"https:\\\/\\\/urbeamea.ro\\\/albaiulia\\\/#\\\/schema\\\/person\\\/9700d21fae21c4f038b0b56f4506264a\"},\"headline\":\"AST\u0102ZI: Conferin\u021ba public\u0103 \u201e100 ani Rom\u00e2nia, Partea I, Unirea Principatelor Rom\u00e2ne 1859\u201d, la Muzeul Principia din Alba Iulia. PROGRAM\",\"datePublished\":\"2018-01-23T07:12:25+00:00\",\"mainEntityOfPage\":{\"@id\":\"https:\\\/\\\/urbeamea.ro\\\/albaiulia\\\/astazi-conferinta-publica-100-ani-romania-partea-unirea-principatelor-romane-1859-la-muzeul-principia-din-alba-iulia-program\\\/\"},\"wordCount\":328,\"commentCount\":0,\"image\":{\"@id\":\"https:\\\/\\\/urbeamea.ro\\\/albaiulia\\\/astazi-conferinta-publica-100-ani-romania-partea-unirea-principatelor-romane-1859-la-muzeul-principia-din-alba-iulia-program\\\/#primaryimage\"},\"thumbnailUrl\":\"https:\\\/\\\/urbeamea.ro\\\/albaiulia\\\/wp-content\\\/uploads\\\/2018\\\/01\\\/conferinta-principia.jpg\",\"keywords\":[\"\u201e100 ani Rom\u00e2nia\",\"Alba Iulia\",\"conferinta publica\",\"Lions Alba Iulia\",\"muzeul principia\",\"Partea I\",\"Rotary Club Alba Iulia\",\"Rotary Club Alba Iulia Civitas Solis\",\"stiri\",\"Unirea Principatelor Rom\u00e2ne 1859\u201d\",\"Urbea Mea\"],\"articleSection\":[\"Istorie\"],\"inLanguage\":\"ro-RO\",\"potentialAction\":[{\"@type\":\"CommentAction\",\"name\":\"Comment\",\"target\":[\"https:\\\/\\\/urbeamea.ro\\\/albaiulia\\\/astazi-conferinta-publica-100-ani-romania-partea-unirea-principatelor-romane-1859-la-muzeul-principia-din-alba-iulia-program\\\/#respond\"]}]},{\"@type\":\"WebPage\",\"@id\":\"https:\\\/\\\/urbeamea.ro\\\/albaiulia\\\/astazi-conferinta-publica-100-ani-romania-partea-unirea-principatelor-romane-1859-la-muzeul-principia-din-alba-iulia-program\\\/\",\"url\":\"https:\\\/\\\/urbeamea.ro\\\/albaiulia\\\/astazi-conferinta-publica-100-ani-romania-partea-unirea-principatelor-romane-1859-la-muzeul-principia-din-alba-iulia-program\\\/\",\"name\":\"AST\u0102ZI: Conferin\u021ba public\u0103 \u201e100 ani Rom\u00e2nia, Partea I, Unirea Principatelor Rom\u00e2ne 1859\u201d, la Muzeul Principia din Alba Iulia. PROGRAM - Revista Urbea Mea - Revista de Alba\",\"isPartOf\":{\"@id\":\"https:\\\/\\\/urbeamea.ro\\\/albaiulia\\\/#website\"},\"primaryImageOfPage\":{\"@id\":\"https:\\\/\\\/urbeamea.ro\\\/albaiulia\\\/astazi-conferinta-publica-100-ani-romania-partea-unirea-principatelor-romane-1859-la-muzeul-principia-din-alba-iulia-program\\\/#primaryimage\"},\"image\":{\"@id\":\"https:\\\/\\\/urbeamea.ro\\\/albaiulia\\\/astazi-conferinta-publica-100-ani-romania-partea-unirea-principatelor-romane-1859-la-muzeul-principia-din-alba-iulia-program\\\/#primaryimage\"},\"thumbnailUrl\":\"https:\\\/\\\/urbeamea.ro\\\/albaiulia\\\/wp-content\\\/uploads\\\/2018\\\/01\\\/conferinta-principia.jpg\",\"datePublished\":\"2018-01-23T07:12:25+00:00\",\"author\":{\"@id\":\"https:\\\/\\\/urbeamea.ro\\\/albaiulia\\\/#\\\/schema\\\/person\\\/9700d21fae21c4f038b0b56f4506264a\"},\"description\":\"Mar\u021bi, 23 ianuarie 2018, \u00eencep\u00e2nd cu ora 18.00, la Muzeul Principia din Alba Iulia, se va desf\u0103\u015fura conferin\u021ba public\u0103\u00a0\u201e100 ani Rom\u00e2nia, Partea I, Unirea\",\"breadcrumb\":{\"@id\":\"https:\\\/\\\/urbeamea.ro\\\/albaiulia\\\/astazi-conferinta-publica-100-ani-romania-partea-unirea-principatelor-romane-1859-la-muzeul-principia-din-alba-iulia-program\\\/#breadcrumb\"},\"inLanguage\":\"ro-RO\",\"potentialAction\":[{\"@type\":\"ReadAction\",\"target\":[\"https:\\\/\\\/urbeamea.ro\\\/albaiulia\\\/astazi-conferinta-publica-100-ani-romania-partea-unirea-principatelor-romane-1859-la-muzeul-principia-din-alba-iulia-program\\\/\"]}]},{\"@type\":\"ImageObject\",\"inLanguage\":\"ro-RO\",\"@id\":\"https:\\\/\\\/urbeamea.ro\\\/albaiulia\\\/astazi-conferinta-publica-100-ani-romania-partea-unirea-principatelor-romane-1859-la-muzeul-principia-din-alba-iulia-program\\\/#primaryimage\",\"url\":\"https:\\\/\\\/urbeamea.ro\\\/albaiulia\\\/wp-content\\\/uploads\\\/2018\\\/01\\\/conferinta-principia.jpg\",\"contentUrl\":\"https:\\\/\\\/urbeamea.ro\\\/albaiulia\\\/wp-content\\\/uploads\\\/2018\\\/01\\\/conferinta-principia.jpg\",\"width\":800,\"height\":1047},{\"@type\":\"BreadcrumbList\",\"@id\":\"https:\\\/\\\/urbeamea.ro\\\/albaiulia\\\/astazi-conferinta-publica-100-ani-romania-partea-unirea-principatelor-romane-1859-la-muzeul-principia-din-alba-iulia-program\\\/#breadcrumb\",\"itemListElement\":[{\"@type\":\"ListItem\",\"position\":1,\"name\":\"Prima pagin\u0103\",\"item\":\"https:\\\/\\\/urbeamea.ro\\\/albaiulia\\\/\"},{\"@type\":\"ListItem\",\"position\":2,\"name\":\"AST\u0102ZI: Conferin\u021ba public\u0103 \u201e100 ani Rom\u00e2nia, Partea I, Unirea Principatelor Rom\u00e2ne 1859\u201d, la Muzeul Principia din Alba Iulia. PROGRAM\"}]},{\"@type\":\"WebSite\",\"@id\":\"https:\\\/\\\/urbeamea.ro\\\/albaiulia\\\/#website\",\"url\":\"https:\\\/\\\/urbeamea.ro\\\/albaiulia\\\/\",\"name\":\"Revista Urbea Mea, Stiri urbane\",\"description\":\"Evenimente \u0219i \u0219tiri din Alba Iulia, Sebe\u0219, Aiud, Blaj\",\"potentialAction\":[{\"@type\":\"SearchAction\",\"target\":{\"@type\":\"EntryPoint\",\"urlTemplate\":\"https:\\\/\\\/urbeamea.ro\\\/albaiulia\\\/?s={search_term_string}\"},\"query-input\":{\"@type\":\"PropertyValueSpecification\",\"valueRequired\":true,\"valueName\":\"search_term_string\"}}],\"inLanguage\":\"ro-RO\"},{\"@type\":\"Person\",\"@id\":\"https:\\\/\\\/urbeamea.ro\\\/albaiulia\\\/#\\\/schema\\\/person\\\/9700d21fae21c4f038b0b56f4506264a\",\"name\":\"Cristina Ganga\",\"image\":{\"@type\":\"ImageObject\",\"inLanguage\":\"ro-RO\",\"@id\":\"https:\\\/\\\/secure.gravatar.com\\\/avatar\\\/5a67661041f057b4a8ccaf26f5a8e86e2689372006d01faf3dd9eeb10b654bb4?s=96&d=mm&r=g\",\"url\":\"https:\\\/\\\/secure.gravatar.com\\\/avatar\\\/5a67661041f057b4a8ccaf26f5a8e86e2689372006d01faf3dd9eeb10b654bb4?s=96&d=mm&r=g\",\"contentUrl\":\"https:\\\/\\\/secure.gravatar.com\\\/avatar\\\/5a67661041f057b4a8ccaf26f5a8e86e2689372006d01faf3dd9eeb10b654bb4?s=96&d=mm&r=g\",\"caption\":\"Cristina Ganga\"},\"description\":\"Jurnalist\",\"sameAs\":[\"https:\\\/\\\/www.facebook.com\\\/cristina.nicola.587\"],\"url\":\"https:\\\/\\\/urbeamea.ro\\\/albaiulia\\\/author\\\/cristina-nicola\\\/\"}]}<\/script>\n<!-- \/ Yoast SEO plugin. -->","yoast_head_json":{"title":"AST\u0102ZI: Conferin\u021ba public\u0103 \u201e100 ani Rom\u00e2nia, Partea I, Unirea Principatelor Rom\u00e2ne 1859\u201d, la Muzeul Principia din Alba Iulia. PROGRAM - Revista Urbea Mea - Revista de Alba","description":"Mar\u021bi, 23 ianuarie 2018, \u00eencep\u00e2nd cu ora 18.00, la Muzeul Principia din Alba Iulia, se va desf\u0103\u015fura conferin\u021ba public\u0103\u00a0\u201e100 ani Rom\u00e2nia, Partea I, Unirea","robots":{"index":"index","follow":"follow","max-snippet":"max-snippet:-1","max-image-preview":"max-image-preview:large","max-video-preview":"max-video-preview:-1"},"canonical":"https:\/\/urbeamea.ro\/albaiulia\/astazi-conferinta-publica-100-ani-romania-partea-unirea-principatelor-romane-1859-la-muzeul-principia-din-alba-iulia-program\/","twitter_card":"summary_large_image","twitter_title":"AST\u0102ZI: Conferin\u021ba public\u0103 \u201e100 ani Rom\u00e2nia, Partea I, Unirea Principatelor Rom\u00e2ne 1859\u201d, la Muzeul Principia din Alba Iulia. PROGRAM - Revista Urbea Mea - Revista de Alba","twitter_description":"Mar\u021bi, 23 ianuarie 2018, \u00eencep\u00e2nd cu ora 18.00, la Muzeul Principia din Alba Iulia, se va desf\u0103\u015fura conferin\u021ba public\u0103\u00a0\u201e100 ani Rom\u00e2nia, Partea I, Unirea","twitter_image":"https:\/\/urbeamea.ro\/albaiulia\/wp-content\/uploads\/2018\/01\/conferinta-principia.jpg","twitter_creator":"@urbeameaweb","twitter_site":"@urbeameaweb","schema":{"@context":"https:\/\/schema.org","@graph":[{"@type":"Article","@id":"https:\/\/urbeamea.ro\/albaiulia\/astazi-conferinta-publica-100-ani-romania-partea-unirea-principatelor-romane-1859-la-muzeul-principia-din-alba-iulia-program\/#article","isPartOf":{"@id":"https:\/\/urbeamea.ro\/albaiulia\/astazi-conferinta-publica-100-ani-romania-partea-unirea-principatelor-romane-1859-la-muzeul-principia-din-alba-iulia-program\/"},"author":{"name":"Cristina Ganga","@id":"https:\/\/urbeamea.ro\/albaiulia\/#\/schema\/person\/9700d21fae21c4f038b0b56f4506264a"},"headline":"AST\u0102ZI: Conferin\u021ba public\u0103 \u201e100 ani Rom\u00e2nia, Partea I, Unirea Principatelor Rom\u00e2ne 1859\u201d, la Muzeul Principia din Alba Iulia. PROGRAM","datePublished":"2018-01-23T07:12:25+00:00","mainEntityOfPage":{"@id":"https:\/\/urbeamea.ro\/albaiulia\/astazi-conferinta-publica-100-ani-romania-partea-unirea-principatelor-romane-1859-la-muzeul-principia-din-alba-iulia-program\/"},"wordCount":328,"commentCount":0,"image":{"@id":"https:\/\/urbeamea.ro\/albaiulia\/astazi-conferinta-publica-100-ani-romania-partea-unirea-principatelor-romane-1859-la-muzeul-principia-din-alba-iulia-program\/#primaryimage"},"thumbnailUrl":"https:\/\/urbeamea.ro\/albaiulia\/wp-content\/uploads\/2018\/01\/conferinta-principia.jpg","keywords":["\u201e100 ani Rom\u00e2nia","Alba Iulia","conferinta publica","Lions Alba Iulia","muzeul principia","Partea I","Rotary Club Alba Iulia","Rotary Club Alba Iulia Civitas Solis","stiri","Unirea Principatelor Rom\u00e2ne 1859\u201d","Urbea Mea"],"articleSection":["Istorie"],"inLanguage":"ro-RO","potentialAction":[{"@type":"CommentAction","name":"Comment","target":["https:\/\/urbeamea.ro\/albaiulia\/astazi-conferinta-publica-100-ani-romania-partea-unirea-principatelor-romane-1859-la-muzeul-principia-din-alba-iulia-program\/#respond"]}]},{"@type":"WebPage","@id":"https:\/\/urbeamea.ro\/albaiulia\/astazi-conferinta-publica-100-ani-romania-partea-unirea-principatelor-romane-1859-la-muzeul-principia-din-alba-iulia-program\/","url":"https:\/\/urbeamea.ro\/albaiulia\/astazi-conferinta-publica-100-ani-romania-partea-unirea-principatelor-romane-1859-la-muzeul-principia-din-alba-iulia-program\/","name":"AST\u0102ZI: Conferin\u021ba public\u0103 \u201e100 ani Rom\u00e2nia, Partea I, Unirea Principatelor Rom\u00e2ne 1859\u201d, la Muzeul Principia din Alba Iulia. PROGRAM - Revista Urbea Mea - Revista de Alba","isPartOf":{"@id":"https:\/\/urbeamea.ro\/albaiulia\/#website"},"primaryImageOfPage":{"@id":"https:\/\/urbeamea.ro\/albaiulia\/astazi-conferinta-publica-100-ani-romania-partea-unirea-principatelor-romane-1859-la-muzeul-principia-din-alba-iulia-program\/#primaryimage"},"image":{"@id":"https:\/\/urbeamea.ro\/albaiulia\/astazi-conferinta-publica-100-ani-romania-partea-unirea-principatelor-romane-1859-la-muzeul-principia-din-alba-iulia-program\/#primaryimage"},"thumbnailUrl":"https:\/\/urbeamea.ro\/albaiulia\/wp-content\/uploads\/2018\/01\/conferinta-principia.jpg","datePublished":"2018-01-23T07:12:25+00:00","author":{"@id":"https:\/\/urbeamea.ro\/albaiulia\/#\/schema\/person\/9700d21fae21c4f038b0b56f4506264a"},"description":"Mar\u021bi, 23 ianuarie 2018, \u00eencep\u00e2nd cu ora 18.00, la Muzeul Principia din Alba Iulia, se va desf\u0103\u015fura conferin\u021ba public\u0103\u00a0\u201e100 ani Rom\u00e2nia, Partea I, Unirea","breadcrumb":{"@id":"https:\/\/urbeamea.ro\/albaiulia\/astazi-conferinta-publica-100-ani-romania-partea-unirea-principatelor-romane-1859-la-muzeul-principia-din-alba-iulia-program\/#breadcrumb"},"inLanguage":"ro-RO","potentialAction":[{"@type":"ReadAction","target":["https:\/\/urbeamea.ro\/albaiulia\/astazi-conferinta-publica-100-ani-romania-partea-unirea-principatelor-romane-1859-la-muzeul-principia-din-alba-iulia-program\/"]}]},{"@type":"ImageObject","inLanguage":"ro-RO","@id":"https:\/\/urbeamea.ro\/albaiulia\/astazi-conferinta-publica-100-ani-romania-partea-unirea-principatelor-romane-1859-la-muzeul-principia-din-alba-iulia-program\/#primaryimage","url":"https:\/\/urbeamea.ro\/albaiulia\/wp-content\/uploads\/2018\/01\/conferinta-principia.jpg","contentUrl":"https:\/\/urbeamea.ro\/albaiulia\/wp-content\/uploads\/2018\/01\/conferinta-principia.jpg","width":800,"height":1047},{"@type":"BreadcrumbList","@id":"https:\/\/urbeamea.ro\/albaiulia\/astazi-conferinta-publica-100-ani-romania-partea-unirea-principatelor-romane-1859-la-muzeul-principia-din-alba-iulia-program\/#breadcrumb","itemListElement":[{"@type":"ListItem","position":1,"name":"Prima pagin\u0103","item":"https:\/\/urbeamea.ro\/albaiulia\/"},{"@type":"ListItem","position":2,"name":"AST\u0102ZI: Conferin\u021ba public\u0103 \u201e100 ani Rom\u00e2nia, Partea I, Unirea Principatelor Rom\u00e2ne 1859\u201d, la Muzeul Principia din Alba Iulia. PROGRAM"}]},{"@type":"WebSite","@id":"https:\/\/urbeamea.ro\/albaiulia\/#website","url":"https:\/\/urbeamea.ro\/albaiulia\/","name":"Revista Urbea Mea, Stiri urbane","description":"Evenimente \u0219i \u0219tiri din Alba Iulia, Sebe\u0219, Aiud, Blaj","potentialAction":[{"@type":"SearchAction","target":{"@type":"EntryPoint","urlTemplate":"https:\/\/urbeamea.ro\/albaiulia\/?s={search_term_string}"},"query-input":{"@type":"PropertyValueSpecification","valueRequired":true,"valueName":"search_term_string"}}],"inLanguage":"ro-RO"},{"@type":"Person","@id":"https:\/\/urbeamea.ro\/albaiulia\/#\/schema\/person\/9700d21fae21c4f038b0b56f4506264a","name":"Cristina Ganga","image":{"@type":"ImageObject","inLanguage":"ro-RO","@id":"https:\/\/secure.gravatar.com\/avatar\/5a67661041f057b4a8ccaf26f5a8e86e2689372006d01faf3dd9eeb10b654bb4?s=96&d=mm&r=g","url":"https:\/\/secure.gravatar.com\/avatar\/5a67661041f057b4a8ccaf26f5a8e86e2689372006d01faf3dd9eeb10b654bb4?s=96&d=mm&r=g","contentUrl":"https:\/\/secure.gravatar.com\/avatar\/5a67661041f057b4a8ccaf26f5a8e86e2689372006d01faf3dd9eeb10b654bb4?s=96&d=mm&r=g","caption":"Cristina Ganga"},"description":"Jurnalist","sameAs":["https:\/\/www.facebook.com\/cristina.nicola.587"],"url":"https:\/\/urbeamea.ro\/albaiulia\/author\/cristina-nicola\/"}]}},"_links":{"self":[{"href":"https:\/\/urbeamea.ro\/albaiulia\/wp-json\/wp\/v2\/posts\/59463","targetHints":{"allow":["GET"]}}],"collection":[{"href":"https:\/\/urbeamea.ro\/albaiulia\/wp-json\/wp\/v2\/posts"}],"about":[{"href":"https:\/\/urbeamea.ro\/albaiulia\/wp-json\/wp\/v2\/types\/post"}],"author":[{"embeddable":true,"href":"https:\/\/urbeamea.ro\/albaiulia\/wp-json\/wp\/v2\/users\/17"}],"replies":[{"embeddable":true,"href":"https:\/\/urbeamea.ro\/albaiulia\/wp-json\/wp\/v2\/comments?post=59463"}],"version-history":[{"count":0,"href":"https:\/\/urbeamea.ro\/albaiulia\/wp-json\/wp\/v2\/posts\/59463\/revisions"}],"wp:featuredmedia":[{"embeddable":true,"href":"https:\/\/urbeamea.ro\/albaiulia\/wp-json\/wp\/v2\/media\/59464"}],"wp:attachment":[{"href":"https:\/\/urbeamea.ro\/albaiulia\/wp-json\/wp\/v2\/media?parent=59463"}],"wp:term":[{"taxonomy":"category","embeddable":true,"href":"https:\/\/urbeamea.ro\/albaiulia\/wp-json\/wp\/v2\/categories?post=59463"},{"taxonomy":"post_tag","embeddable":true,"href":"https:\/\/urbeamea.ro\/albaiulia\/wp-json\/wp\/v2\/tags?post=59463"}],"curies":[{"name":"wp","href":"https:\/\/api.w.org\/{rel}","templated":true}]}}